{"id":9992,"date":"2026-03-12T20:10:04","date_gmt":"2026-03-12T19:10:04","guid":{"rendered":"https:\/\/www.fanprojekt-muenster.de\/wordpress\/?p=9992"},"modified":"2026-03-12T21:27:14","modified_gmt":"2026-03-12T20:27:14","slug":"auf-einen-blick-alle-infos-zum-sonderzug-nach-dresden","status":"publish","type":"post","link":"https:\/\/www.fanprojekt-muenster.de\/wordpress\/auf-einen-blick-alle-infos-zum-sonderzug-nach-dresden\/","title":{"rendered":"+++ Auf einen Blick: Alle Infos zum Sonderzug nach Dresden +++"},"content":{"rendered":"\n<p>Preu\u00dfenfans! Am Sonntag, 15. M\u00e4rz rollt endlich wieder ein Sonderzug. Mit einem Blick auf die Tabelle braucht es sicherlich keine weitere Motivation, die Mannschaft beim Abstiegskracher in Dresden nach vorne zu peitschen.<br>Nachdem ihr eure Tickets abgeholt habt, steht der Fahrt mit einer Maximalkapazit\u00e4t von knapp 800 Fans nichts mehr im Weg.<\/p>\n\n\n\n<p><strong>Abfahrtszeit am Sonntag<\/strong><\/p>\n\n\n\n<p>Die Abfahrt ab M\u00fcnster ist um 04:34 Uhr. Der Sonderzug startet von Gleis 12. Bei Ticketabholung habt ihr neben eurer Platzkarte auch ein B\u00e4ndchen erhalten. Beides dient als Fahrkarte. Achtet beim Einsteigen auf die Wagennummer auf eurer Fahrkarte und w\u00e4hlt eure Sitzpl\u00e4tze entsprechend.<\/p>\n\n\n\n<p><strong>Catering<\/strong><\/p>\n\n\n\n<p>Der gute B\u00e4cker Krimphove \u00f6ffnet am Sonntagmorgen seine Filiale im Hauptbahnhof bereits extra f\u00fcr uns um 03:45 Uhr. Im Angebot gibt es f\u00fcr alle Sonderzugfahrer die Preu\u00dfent\u00fcte: Eine Knusperstange und eine K\u00e4se-Laugenstange f\u00fcr den Sonderpreis von 4 Euro. Also nutzt die Chance auf ein Fr\u00fchst\u00fcck.<\/p>\n\n\n<div class=\"wp-block-image is-style-default\">\n<figure class=\"aligncenter size-full is-resized\"><img loading=\"lazy\" decoding=\"async\" width=\"400\" height=\"365\" src=\"https:\/\/www.fanprojekt-muenster.de\/wordpress\/wp-content\/uploads\/2026\/03\/sdzg_dd-krimp.jpg\" alt=\"\" class=\"wp-image-9999\" style=\"aspect-ratio:1.0966306846363796;width:371px;height:auto\" srcset=\"https:\/\/www.fanprojekt-muenster.de\/wordpress\/wp-content\/uploads\/2026\/03\/sdzg_dd-krimp.jpg 400w, https:\/\/www.fanprojekt-muenster.de\/wordpress\/wp-content\/uploads\/2026\/03\/sdzg_dd-krimp-300x274.jpg 300w\" sizes=\"auto, (max-width: 400px) 100vw, 400px\" \/><\/figure>\n<\/div>\n\n\n<p>Im Sambawagen werden wir ausschlie\u00dflich f\u00fcr die Musik verantwortlich sein. Aber keine Sorge, ihr k\u00f6nnt euch vom externen Caterer mit Getr\u00e4nken und Snacks eindecken. An Bord gibt es Bier, Shots und Softdrinks nebst einer Kaffee- und Teeauswahl. Weiterhin gibt es ein kleines Speisen- und Snackangebot.<\/p>\n\n\n\n<p><strong>Wichtig: <\/strong><strong>Glasflaschenverbot!<\/strong><\/p>\n\n\n\n<p><strong>Bitte beachtet:<\/strong> Im Zug herrscht Glasflaschenverbot. Plastikflaschen und Dosen k\u00f6nnt ihr mitnehmen. Bierkisten oder Sechsertr\u00e4ger mit Glasflaschen m\u00fcssen ohne Ausnahme am Bahnhof in M\u00fcnster bleiben. Werdet kreativ beim Umf\u00fcllen!<\/p>\n\n\n\n<p><strong>An Bord<\/strong><\/p>\n\n\n\n<p>In jedem Waggon wird es Ordner und Ansprechpartner aus der Fanszene geben. Im Zweifel gilt das Wort der Ordner. In jedem Abteil werden M\u00fclls\u00e4cke bereit liegen. Wir bitten euch, mit dem Zug respektvoll und pfleglich umzugehen.<\/p>\n\n\n\n<p>In Dresden f\u00e4hrt der Zug in die Abstellung. Ihr k\u00f6nnt Gegenst\u00e4nde im Zug belassen, \u00fcbernehmen allerdings keine Gew\u00e4hr und empfehlen, Wertsachen mit ins Stadion zu nehmen oder dort am Einlass abzugeben.<\/p>\n\n\n\n<p><strong>Zu guter Letzt\u2026<\/strong><\/p>\n\n\n\n<p>Sofern ihr Last Minute noch mitfahren m\u00f6chtet, kontaktiert uns. Einzelne R\u00fcckl\u00e4ufer geben uns die M\u00f6glichkeit, Euch Restpl\u00e4tze anzubieten. Vor allem aber freuen wir uns am Sonntag auf eine einmalige Tour und w\u00fcnschen allen Mitreisenden schon viel Spa\u00df. Auf drei Punkte in Sachsen!<\/p>\n\n\n\n<p class=\"has-text-align-center advgb-dyn-0d785108\"><img loading=\"lazy\" decoding=\"async\" width=\"768\" height=\"555\" class=\"wp-image-9997\" style=\"width: 768px;\" src=\"https:\/\/www.fanprojekt-muenster.de\/wordpress\/wp-content\/uploads\/2026\/03\/sdzg_dd-alleinfos.jpg\" alt=\"\" srcset=\"https:\/\/www.fanprojekt-muenster.de\/wordpress\/wp-content\/uploads\/2026\/03\/sdzg_dd-alleinfos.jpg 768w, https:\/\/www.fanprojekt-muenster.de\/wordpress\/wp-content\/uploads\/2026\/03\/sdzg_dd-alleinfos-300x217.jpg 300w\" sizes=\"auto, (max-width: 768px) 100vw, 768px\" \/><\/p>\n","protected":false},"excerpt":{"rendered":"<p>Preu\u00dfenfans! Am Sonntag, 15. M\u00e4rz rollt endlich wieder ein Sonderzug. Mit einem Blick auf die Tabelle braucht es sicherlich keine weitere Motivation, die Mannschaft beim Abstiegskracher in Dresden nach vorne&#8230; <a class=\"read-more-link\" href=\"https:\/\/www.fanprojekt-muenster.de\/wordpress\/auf-einen-blick-alle-infos-zum-sonderzug-nach-dresden\/\">Read more &raquo;<\/a><\/p>\n","protected":false},"author":11,"featured_media":9997,"comment_status":"closed","ping_status":"closed","sticky":false,"template":"","format":"standard","meta":{"advgb_blocks_editor_width":"","advgb_blocks_columns_visual_guide":"","footnotes":""},"categories":[341,14],"tags":[283],"class_list":["post-9992","post","type-post","status-publish","format-standard","has-post-thumbnail","hentry","category-sonderzug-nach-dresden","category-spieltage","tag-von-fans-fuer-fans"],"featured_image_src":"https:\/\/www.fanprojekt-muenster.de\/wordpress\/wp-content\/uploads\/2026\/03\/sdzg_dd-alleinfos.jpg","author_info":{"display_name":"Julius","author_link":"https:\/\/www.fanprojekt-muenster.de\/wordpress\/author\/juliush\/"},"yoast_head":"<!-- This site is optimized with the Yoast SEO plugin v27.2 - https:\/\/yoast.com\/product\/yoast-seo-wordpress\/ -->\n<title>+++ Auf einen Blick: Alle Infos zum Sonderzug nach Dresden +++ - Fangemeinschaft Preu\u00dfen M\u00fcnster e. V.<\/title>\n<meta name=\"robots\" content=\"index, follow, max-snippet:-1, max-image-preview:large, max-video-preview:-1\" \/>\n<link rel=\"canonical\" href=\"https:\/\/www.fanprojekt-muenster.de\/wordpress\/auf-einen-blick-alle-infos-zum-sonderzug-nach-dresden\/\" \/>\n<meta property=\"og:locale\" content=\"de_DE\" \/>\n<meta property=\"og:type\" content=\"article\" \/>\n<meta property=\"og:title\" content=\"+++ Auf einen Blick: Alle Infos zum Sonderzug nach Dresden +++ - Fangemeinschaft Preu\u00dfen M\u00fcnster e. V.\" \/>\n<meta property=\"og:description\" content=\"Preu\u00dfenfans! Am Sonntag, 15. M\u00e4rz rollt endlich wieder ein Sonderzug. Mit einem Blick auf die Tabelle braucht es sicherlich keine weitere Motivation, die Mannschaft beim Abstiegskracher in Dresden nach vorne... Read more &raquo;\" \/>\n<meta property=\"og:url\" content=\"https:\/\/www.fanprojekt-muenster.de\/wordpress\/auf-einen-blick-alle-infos-zum-sonderzug-nach-dresden\/\" \/>\n<meta property=\"og:site_name\" content=\"Fangemeinschaft Preu\u00dfen M\u00fcnster e. V.\" \/>\n<meta property=\"article:published_time\" content=\"2026-03-12T19:10:04+00:00\" \/>\n<meta property=\"article:modified_time\" content=\"2026-03-12T20:27:14+00:00\" \/>\n<meta property=\"og:image\" content=\"https:\/\/www.fanprojekt-muenster.de\/wordpress\/wp-content\/uploads\/2026\/03\/sdzg_dd-alleinfos.jpg\" \/>\n\t<meta property=\"og:image:width\" content=\"768\" \/>\n\t<meta property=\"og:image:height\" content=\"555\" \/>\n\t<meta property=\"og:image:type\" content=\"image\/jpeg\" \/>\n<meta name=\"author\" content=\"Julius\" \/>\n<meta name=\"twitter:card\" content=\"summary_large_image\" \/>\n<meta name=\"twitter:label1\" content=\"Verfasst von\" \/>\n\t<meta name=\"twitter:data1\" content=\"Julius\" \/>\n\t<meta name=\"twitter:label2\" content=\"Gesch\u00e4tzte Lesezeit\" \/>\n\t<meta name=\"twitter:data2\" content=\"3\u00a0Minuten\" \/>\n<script type=\"application\/ld+json\" class=\"yoast-schema-graph\">{\"@context\":\"https:\/\/schema.org\",\"@graph\":[{\"@type\":\"Article\",\"@id\":\"https:\/\/www.fanprojekt-muenster.de\/wordpress\/auf-einen-blick-alle-infos-zum-sonderzug-nach-dresden\/#article\",\"isPartOf\":{\"@id\":\"https:\/\/www.fanprojekt-muenster.de\/wordpress\/auf-einen-blick-alle-infos-zum-sonderzug-nach-dresden\/\"},\"author\":{\"name\":\"Julius\",\"@id\":\"https:\/\/www.fanprojekt-muenster.de\/wordpress\/#\/schema\/person\/d6f23c25f1746fe09de1ce0642a01dc0\"},\"headline\":\"+++ Auf einen Blick: Alle Infos zum Sonderzug nach Dresden +++\",\"datePublished\":\"2026-03-12T19:10:04+00:00\",\"dateModified\":\"2026-03-12T20:27:14+00:00\",\"mainEntityOfPage\":{\"@id\":\"https:\/\/www.fanprojekt-muenster.de\/wordpress\/auf-einen-blick-alle-infos-zum-sonderzug-nach-dresden\/\"},\"wordCount\":374,\"publisher\":{\"@id\":\"https:\/\/www.fanprojekt-muenster.de\/wordpress\/#organization\"},\"image\":{\"@id\":\"https:\/\/www.fanprojekt-muenster.de\/wordpress\/auf-einen-blick-alle-infos-zum-sonderzug-nach-dresden\/#primaryimage\"},\"thumbnailUrl\":\"https:\/\/www.fanprojekt-muenster.de\/wordpress\/wp-content\/uploads\/2026\/03\/sdzg_dd-alleinfos.jpg\",\"keywords\":[\"Von Fans f\u00fcr Fans\"],\"articleSection\":[\"Sonderzug nach Dresden\",\"Spieltage\"],\"inLanguage\":\"de\"},{\"@type\":\"WebPage\",\"@id\":\"https:\/\/www.fanprojekt-muenster.de\/wordpress\/auf-einen-blick-alle-infos-zum-sonderzug-nach-dresden\/\",\"url\":\"https:\/\/www.fanprojekt-muenster.de\/wordpress\/auf-einen-blick-alle-infos-zum-sonderzug-nach-dresden\/\",\"name\":\"+++ Auf einen Blick: Alle Infos zum Sonderzug nach Dresden +++ - Fangemeinschaft Preu\u00dfen M\u00fcnster e. V.\",\"isPartOf\":{\"@id\":\"https:\/\/www.fanprojekt-muenster.de\/wordpress\/#website\"},\"primaryImageOfPage\":{\"@id\":\"https:\/\/www.fanprojekt-muenster.de\/wordpress\/auf-einen-blick-alle-infos-zum-sonderzug-nach-dresden\/#primaryimage\"},\"image\":{\"@id\":\"https:\/\/www.fanprojekt-muenster.de\/wordpress\/auf-einen-blick-alle-infos-zum-sonderzug-nach-dresden\/#primaryimage\"},\"thumbnailUrl\":\"https:\/\/www.fanprojekt-muenster.de\/wordpress\/wp-content\/uploads\/2026\/03\/sdzg_dd-alleinfos.jpg\",\"datePublished\":\"2026-03-12T19:10:04+00:00\",\"dateModified\":\"2026-03-12T20:27:14+00:00\",\"breadcrumb\":{\"@id\":\"https:\/\/www.fanprojekt-muenster.de\/wordpress\/auf-einen-blick-alle-infos-zum-sonderzug-nach-dresden\/#breadcrumb\"},\"inLanguage\":\"de\",\"potentialAction\":[{\"@type\":\"ReadAction\",\"target\":[\"https:\/\/www.fanprojekt-muenster.de\/wordpress\/auf-einen-blick-alle-infos-zum-sonderzug-nach-dresden\/\"]}]},{\"@type\":\"ImageObject\",\"inLanguage\":\"de\",\"@id\":\"https:\/\/www.fanprojekt-muenster.de\/wordpress\/auf-einen-blick-alle-infos-zum-sonderzug-nach-dresden\/#primaryimage\",\"url\":\"https:\/\/www.fanprojekt-muenster.de\/wordpress\/wp-content\/uploads\/2026\/03\/sdzg_dd-alleinfos.jpg\",\"contentUrl\":\"https:\/\/www.fanprojekt-muenster.de\/wordpress\/wp-content\/uploads\/2026\/03\/sdzg_dd-alleinfos.jpg\",\"width\":768,\"height\":555},{\"@type\":\"BreadcrumbList\",\"@id\":\"https:\/\/www.fanprojekt-muenster.de\/wordpress\/auf-einen-blick-alle-infos-zum-sonderzug-nach-dresden\/#breadcrumb\",\"itemListElement\":[{\"@type\":\"ListItem\",\"position\":1,\"name\":\"Startseite\",\"item\":\"https:\/\/www.fanprojekt-muenster.de\/wordpress\/\"},{\"@type\":\"ListItem\",\"position\":2,\"name\":\"+++ Auf einen Blick: Alle Infos zum Sonderzug nach Dresden +++\"}]},{\"@type\":\"WebSite\",\"@id\":\"https:\/\/www.fanprojekt-muenster.de\/wordpress\/#website\",\"url\":\"https:\/\/www.fanprojekt-muenster.de\/wordpress\/\",\"name\":\"Fangemeinschaft Preu\u00dfen M\u00fcnster e. V.\",\"description\":\"\",\"publisher\":{\"@id\":\"https:\/\/www.fanprojekt-muenster.de\/wordpress\/#organization\"},\"potentialAction\":[{\"@type\":\"SearchAction\",\"target\":{\"@type\":\"EntryPoint\",\"urlTemplate\":\"https:\/\/www.fanprojekt-muenster.de\/wordpress\/?s={search_term_string}\"},\"query-input\":{\"@type\":\"PropertyValueSpecification\",\"valueRequired\":true,\"valueName\":\"search_term_string\"}}],\"inLanguage\":\"de\"},{\"@type\":\"Organization\",\"@id\":\"https:\/\/www.fanprojekt-muenster.de\/wordpress\/#organization\",\"name\":\"Fangemeinschaft Preu\u00dfen M\u00fcnster e. V.\",\"url\":\"https:\/\/www.fanprojekt-muenster.de\/wordpress\/\",\"logo\":{\"@type\":\"ImageObject\",\"inLanguage\":\"de\",\"@id\":\"https:\/\/www.fanprojekt-muenster.de\/wordpress\/#\/schema\/logo\/image\/\",\"url\":\"https:\/\/www.fanprojekt-muenster.de\/wordpress\/wp-content\/uploads\/2019\/07\/cropped-Website_Logo3-9.png\",\"contentUrl\":\"https:\/\/www.fanprojekt-muenster.de\/wordpress\/wp-content\/uploads\/2019\/07\/cropped-Website_Logo3-9.png\",\"width\":224,\"height\":42,\"caption\":\"Fangemeinschaft Preu\u00dfen M\u00fcnster e. V.\"},\"image\":{\"@id\":\"https:\/\/www.fanprojekt-muenster.de\/wordpress\/#\/schema\/logo\/image\/\"}},{\"@type\":\"Person\",\"@id\":\"https:\/\/www.fanprojekt-muenster.de\/wordpress\/#\/schema\/person\/d6f23c25f1746fe09de1ce0642a01dc0\",\"name\":\"Julius\",\"url\":\"https:\/\/www.fanprojekt-muenster.de\/wordpress\/author\/juliush\/\"}]}<\/script>\n<!-- \/ Yoast SEO plugin. -->","yoast_head_json":{"title":"+++ Auf einen Blick: Alle Infos zum Sonderzug nach Dresden +++ - Fangemeinschaft Preu\u00dfen M\u00fcnster e. V.","robots":{"index":"index","follow":"follow","max-snippet":"max-snippet:-1","max-image-preview":"max-image-preview:large","max-video-preview":"max-video-preview:-1"},"canonical":"https:\/\/www.fanprojekt-muenster.de\/wordpress\/auf-einen-blick-alle-infos-zum-sonderzug-nach-dresden\/","og_locale":"de_DE","og_type":"article","og_title":"+++ Auf einen Blick: Alle Infos zum Sonderzug nach Dresden +++ - Fangemeinschaft Preu\u00dfen M\u00fcnster e. V.","og_description":"Preu\u00dfenfans! Am Sonntag, 15. M\u00e4rz rollt endlich wieder ein Sonderzug. Mit einem Blick auf die Tabelle braucht es sicherlich keine weitere Motivation, die Mannschaft beim Abstiegskracher in Dresden nach vorne... Read more &raquo;","og_url":"https:\/\/www.fanprojekt-muenster.de\/wordpress\/auf-einen-blick-alle-infos-zum-sonderzug-nach-dresden\/","og_site_name":"Fangemeinschaft Preu\u00dfen M\u00fcnster e. V.","article_published_time":"2026-03-12T19:10:04+00:00","article_modified_time":"2026-03-12T20:27:14+00:00","og_image":[{"width":768,"height":555,"url":"https:\/\/www.fanprojekt-muenster.de\/wordpress\/wp-content\/uploads\/2026\/03\/sdzg_dd-alleinfos.jpg","type":"image\/jpeg"}],"author":"Julius","twitter_card":"summary_large_image","twitter_misc":{"Verfasst von":"Julius","Gesch\u00e4tzte Lesezeit":"3\u00a0Minuten"},"schema":{"@context":"https:\/\/schema.org","@graph":[{"@type":"Article","@id":"https:\/\/www.fanprojekt-muenster.de\/wordpress\/auf-einen-blick-alle-infos-zum-sonderzug-nach-dresden\/#article","isPartOf":{"@id":"https:\/\/www.fanprojekt-muenster.de\/wordpress\/auf-einen-blick-alle-infos-zum-sonderzug-nach-dresden\/"},"author":{"name":"Julius","@id":"https:\/\/www.fanprojekt-muenster.de\/wordpress\/#\/schema\/person\/d6f23c25f1746fe09de1ce0642a01dc0"},"headline":"+++ Auf einen Blick: Alle Infos zum Sonderzug nach Dresden +++","datePublished":"2026-03-12T19:10:04+00:00","dateModified":"2026-03-12T20:27:14+00:00","mainEntityOfPage":{"@id":"https:\/\/www.fanprojekt-muenster.de\/wordpress\/auf-einen-blick-alle-infos-zum-sonderzug-nach-dresden\/"},"wordCount":374,"publisher":{"@id":"https:\/\/www.fanprojekt-muenster.de\/wordpress\/#organization"},"image":{"@id":"https:\/\/www.fanprojekt-muenster.de\/wordpress\/auf-einen-blick-alle-infos-zum-sonderzug-nach-dresden\/#primaryimage"},"thumbnailUrl":"https:\/\/www.fanprojekt-muenster.de\/wordpress\/wp-content\/uploads\/2026\/03\/sdzg_dd-alleinfos.jpg","keywords":["Von Fans f\u00fcr Fans"],"articleSection":["Sonderzug nach Dresden","Spieltage"],"inLanguage":"de"},{"@type":"WebPage","@id":"https:\/\/www.fanprojekt-muenster.de\/wordpress\/auf-einen-blick-alle-infos-zum-sonderzug-nach-dresden\/","url":"https:\/\/www.fanprojekt-muenster.de\/wordpress\/auf-einen-blick-alle-infos-zum-sonderzug-nach-dresden\/","name":"+++ Auf einen Blick: Alle Infos zum Sonderzug nach Dresden +++ - Fangemeinschaft Preu\u00dfen M\u00fcnster e. V.","isPartOf":{"@id":"https:\/\/www.fanprojekt-muenster.de\/wordpress\/#website"},"primaryImageOfPage":{"@id":"https:\/\/www.fanprojekt-muenster.de\/wordpress\/auf-einen-blick-alle-infos-zum-sonderzug-nach-dresden\/#primaryimage"},"image":{"@id":"https:\/\/www.fanprojekt-muenster.de\/wordpress\/auf-einen-blick-alle-infos-zum-sonderzug-nach-dresden\/#primaryimage"},"thumbnailUrl":"https:\/\/www.fanprojekt-muenster.de\/wordpress\/wp-content\/uploads\/2026\/03\/sdzg_dd-alleinfos.jpg","datePublished":"2026-03-12T19:10:04+00:00","dateModified":"2026-03-12T20:27:14+00:00","breadcrumb":{"@id":"https:\/\/www.fanprojekt-muenster.de\/wordpress\/auf-einen-blick-alle-infos-zum-sonderzug-nach-dresden\/#breadcrumb"},"inLanguage":"de","potentialAction":[{"@type":"ReadAction","target":["https:\/\/www.fanprojekt-muenster.de\/wordpress\/auf-einen-blick-alle-infos-zum-sonderzug-nach-dresden\/"]}]},{"@type":"ImageObject","inLanguage":"de","@id":"https:\/\/www.fanprojekt-muenster.de\/wordpress\/auf-einen-blick-alle-infos-zum-sonderzug-nach-dresden\/#primaryimage","url":"https:\/\/www.fanprojekt-muenster.de\/wordpress\/wp-content\/uploads\/2026\/03\/sdzg_dd-alleinfos.jpg","contentUrl":"https:\/\/www.fanprojekt-muenster.de\/wordpress\/wp-content\/uploads\/2026\/03\/sdzg_dd-alleinfos.jpg","width":768,"height":555},{"@type":"BreadcrumbList","@id":"https:\/\/www.fanprojekt-muenster.de\/wordpress\/auf-einen-blick-alle-infos-zum-sonderzug-nach-dresden\/#breadcrumb","itemListElement":[{"@type":"ListItem","position":1,"name":"Startseite","item":"https:\/\/www.fanprojekt-muenster.de\/wordpress\/"},{"@type":"ListItem","position":2,"name":"+++ Auf einen Blick: Alle Infos zum Sonderzug nach Dresden +++"}]},{"@type":"WebSite","@id":"https:\/\/www.fanprojekt-muenster.de\/wordpress\/#website","url":"https:\/\/www.fanprojekt-muenster.de\/wordpress\/","name":"Fangemeinschaft Preu\u00dfen M\u00fcnster e. V.","description":"","publisher":{"@id":"https:\/\/www.fanprojekt-muenster.de\/wordpress\/#organization"},"potentialAction":[{"@type":"SearchAction","target":{"@type":"EntryPoint","urlTemplate":"https:\/\/www.fanprojekt-muenster.de\/wordpress\/?s={search_term_string}"},"query-input":{"@type":"PropertyValueSpecification","valueRequired":true,"valueName":"search_term_string"}}],"inLanguage":"de"},{"@type":"Organization","@id":"https:\/\/www.fanprojekt-muenster.de\/wordpress\/#organization","name":"Fangemeinschaft Preu\u00dfen M\u00fcnster e. V.","url":"https:\/\/www.fanprojekt-muenster.de\/wordpress\/","logo":{"@type":"ImageObject","inLanguage":"de","@id":"https:\/\/www.fanprojekt-muenster.de\/wordpress\/#\/schema\/logo\/image\/","url":"https:\/\/www.fanprojekt-muenster.de\/wordpress\/wp-content\/uploads\/2019\/07\/cropped-Website_Logo3-9.png","contentUrl":"https:\/\/www.fanprojekt-muenster.de\/wordpress\/wp-content\/uploads\/2019\/07\/cropped-Website_Logo3-9.png","width":224,"height":42,"caption":"Fangemeinschaft Preu\u00dfen M\u00fcnster e. V."},"image":{"@id":"https:\/\/www.fanprojekt-muenster.de\/wordpress\/#\/schema\/logo\/image\/"}},{"@type":"Person","@id":"https:\/\/www.fanprojekt-muenster.de\/wordpress\/#\/schema\/person\/d6f23c25f1746fe09de1ce0642a01dc0","name":"Julius","url":"https:\/\/www.fanprojekt-muenster.de\/wordpress\/author\/juliush\/"}]}},"author_meta":{"display_name":"Julius","author_link":"https:\/\/www.fanprojekt-muenster.de\/wordpress\/author\/juliush\/"},"featured_img":"https:\/\/www.fanprojekt-muenster.de\/wordpress\/wp-content\/uploads\/2026\/03\/sdzg_dd-alleinfos-300x217.jpg","coauthors":[],"tax_additional":{"categories":{"linked":["<a href=\"https:\/\/www.fanprojekt-muenster.de\/wordpress\/category\/auswarts\/sonderzug-nach-dresden\/\" class=\"advgb-post-tax-term\">Sonderzug nach Dresden<\/a>","<a href=\"https:\/\/www.fanprojekt-muenster.de\/wordpress\/category\/spieltage\/\" class=\"advgb-post-tax-term\">Spieltage<\/a>"],"unlinked":["<span class=\"advgb-post-tax-term\">Sonderzug nach Dresden<\/span>","<span class=\"advgb-post-tax-term\">Spieltage<\/span>"]},"tags":{"linked":["<a href=\"https:\/\/www.fanprojekt-muenster.de\/wordpress\/category\/spieltage\/\" class=\"advgb-post-tax-term\">Von Fans f\u00fcr Fans<\/a>"],"unlinked":["<span class=\"advgb-post-tax-term\">Von Fans f\u00fcr Fans<\/span>"]}},"comment_count":"0","relative_dates":{"created":"Posted 2\u00a0Monaten ago","modified":"Updated 2\u00a0Monaten ago"},"absolute_dates":{"created":"Posted on 12. M\u00e4rz 2026","modified":"Updated on 12. M\u00e4rz 2026"},"absolute_dates_time":{"created":"Posted on 12. M\u00e4rz 2026 20:10","modified":"Updated on 12. M\u00e4rz 2026 21:27"},"featured_img_caption":"","series_order":"","_links":{"self":[{"href":"https:\/\/www.fanprojekt-muenster.de\/wordpress\/wp-json\/wp\/v2\/posts\/9992","targetHints":{"allow":["GET"]}}],"collection":[{"href":"https:\/\/www.fanprojekt-muenster.de\/wordpress\/wp-json\/wp\/v2\/posts"}],"about":[{"href":"https:\/\/www.fanprojekt-muenster.de\/wordpress\/wp-json\/wp\/v2\/types\/post"}],"author":[{"embeddable":true,"href":"https:\/\/www.fanprojekt-muenster.de\/wordpress\/wp-json\/wp\/v2\/users\/11"}],"replies":[{"embeddable":true,"href":"https:\/\/www.fanprojekt-muenster.de\/wordpress\/wp-json\/wp\/v2\/comments?post=9992"}],"version-history":[{"count":3,"href":"https:\/\/www.fanprojekt-muenster.de\/wordpress\/wp-json\/wp\/v2\/posts\/9992\/revisions"}],"predecessor-version":[{"id":10001,"href":"https:\/\/www.fanprojekt-muenster.de\/wordpress\/wp-json\/wp\/v2\/posts\/9992\/revisions\/10001"}],"wp:featuredmedia":[{"embeddable":true,"href":"https:\/\/www.fanprojekt-muenster.de\/wordpress\/wp-json\/wp\/v2\/media\/9997"}],"wp:attachment":[{"href":"https:\/\/www.fanprojekt-muenster.de\/wordpress\/wp-json\/wp\/v2\/media?parent=9992"}],"wp:term":[{"taxonomy":"category","embeddable":true,"href":"https:\/\/www.fanprojekt-muenster.de\/wordpress\/wp-json\/wp\/v2\/categories?post=9992"},{"taxonomy":"post_tag","embeddable":true,"href":"https:\/\/www.fanprojekt-muenster.de\/wordpress\/wp-json\/wp\/v2\/tags?post=9992"}],"curies":[{"name":"wp","href":"https:\/\/api.w.org\/{rel}","templated":true}]}}