{"id":9677,"date":"2025-05-05T20:11:14","date_gmt":"2025-05-05T18:11:14","guid":{"rendered":"https:\/\/www.fanprojekt-muenster.de\/wordpress\/?p=9677"},"modified":"2025-05-06T20:25:52","modified_gmt":"2025-05-06T18:25:52","slug":"fangemeinschaft-trifftdas-team-hinter-dem-team","status":"publish","type":"post","link":"https:\/\/www.fanprojekt-muenster.de\/wordpress\/fangemeinschaft-trifftdas-team-hinter-dem-team\/","title":{"rendered":"Fangemeinschaft trifft\u2026das Team hinter dem Team"},"content":{"rendered":"\n<p>Kurz vor dem ganzen hei\u00dfen Saisonfinale laden wir zum dritten Mal zur Veranstaltungsreihe \u201eFangemeinschaft trifft\u2026\u201c. Vielleicht eine gute Gelegenheit, um vor unserem finalen Gastspiel in Ulm den Ruhepuls zu senken oder auch das Preu\u00dfenfieber noch weiter in die H\u00f6he zu treiben. Die Bedeutung unserer G\u00e4ste wird einmal mehr durch die Ereignisse der vergangenen Tage verdeutlicht. Seid dabei, wenn es hei\u00dft Fangemeinschaft trifft\u2026das Team hinter dem Team. Mit unserem Athletiktrainer Tim Geidies und Zeugwart Helge Dahms haben wir zwei G\u00e4ste gewonnen, deren Jobs ganz nah an Mannschaft und Trainerteam stattfinden. Ein spannender Abend d\u00fcrfte also garantiert sein.<\/p>\n\n\n\n<p>+++ Eintritt frei +++ Kurze Anmeldung erw\u00fcnscht +++<\/p>\n\n\n\n<p>Seid dabei, wenn wir die beiden am 14. Mai 2025 ab 19:06 in der Haupttrib\u00fcne des Preu\u00dfenstadions begr\u00fc\u00dfen. Alle Preu\u00dfenfans sind herzlich willkommen. Der Eintritt ist frei und auch f\u00fcr Getr\u00e4nke ist gegen eine Spende gesorgt. Zur besseren Planung sendet uns bitte kurz eine Mail an kontakt@fanprojekt-muenster.de oder kontaktiert uns \u00fcber unsere Social-Media-Kan\u00e4le mit der Angabe der teilnehmenden Personen. Wir freuen uns \u00fcber euer Kommen.<\/p>\n\n\n\n<figure class=\"wp-block-image size-large\"><img loading=\"lazy\" decoding=\"async\" width=\"1024\" height=\"763\" src=\"https:\/\/www.fanprojekt-muenster.de\/wordpress\/wp-content\/uploads\/2025\/05\/WhatsApp-Image-2025-05-04-at-13.20.40-1024x763.jpeg\" alt=\"\" class=\"wp-image-9678\" srcset=\"https:\/\/www.fanprojekt-muenster.de\/wordpress\/wp-content\/uploads\/2025\/05\/WhatsApp-Image-2025-05-04-at-13.20.40-1024x763.jpeg 1024w, https:\/\/www.fanprojekt-muenster.de\/wordpress\/wp-content\/uploads\/2025\/05\/WhatsApp-Image-2025-05-04-at-13.20.40-300x223.jpeg 300w, https:\/\/www.fanprojekt-muenster.de\/wordpress\/wp-content\/uploads\/2025\/05\/WhatsApp-Image-2025-05-04-at-13.20.40-768x572.jpeg 768w, https:\/\/www.fanprojekt-muenster.de\/wordpress\/wp-content\/uploads\/2025\/05\/WhatsApp-Image-2025-05-04-at-13.20.40-1536x1144.jpeg 1536w, https:\/\/www.fanprojekt-muenster.de\/wordpress\/wp-content\/uploads\/2025\/05\/WhatsApp-Image-2025-05-04-at-13.20.40-2048x1526.jpeg 2048w\" sizes=\"auto, (max-width: 1024px) 100vw, 1024px\" \/><\/figure>\n","protected":false},"excerpt":{"rendered":"<p>Kurz vor dem ganzen hei\u00dfen Saisonfinale laden wir zum dritten Mal zur Veranstaltungsreihe \u201eFangemeinschaft trifft\u2026\u201c. Vielleicht eine gute Gelegenheit, um vor unserem finalen Gastspiel in Ulm den Ruhepuls zu senken&#8230; <a class=\"read-more-link\" href=\"https:\/\/www.fanprojekt-muenster.de\/wordpress\/fangemeinschaft-trifftdas-team-hinter-dem-team\/\">Read more &raquo;<\/a><\/p>\n","protected":false},"author":11,"featured_media":9678,"comment_status":"closed","ping_status":"open","sticky":false,"template":"","format":"standard","meta":{"advgb_blocks_editor_width":"","advgb_blocks_columns_visual_guide":"","footnotes":""},"categories":[2,16],"tags":[337,283],"class_list":["post-9677","post","type-post","status-publish","format-standard","has-post-thumbnail","hentry","category-aktionen","category-veranstaltungen","tag-fg-trifft","tag-von-fans-fuer-fans"],"featured_image_src":"https:\/\/www.fanprojekt-muenster.de\/wordpress\/wp-content\/uploads\/2025\/05\/WhatsApp-Image-2025-05-04-at-13.20.40-scaled.jpeg","author_info":{"display_name":"Julius","author_link":"https:\/\/www.fanprojekt-muenster.de\/wordpress\/author\/juliush\/"},"yoast_head":"<!-- This site is optimized with the Yoast SEO plugin v27.2 - https:\/\/yoast.com\/product\/yoast-seo-wordpress\/ -->\n<title>Fangemeinschaft trifft\u2026das Team hinter dem Team - Fangemeinschaft Preu\u00dfen M\u00fcnster e. V.<\/title>\n<meta name=\"robots\" content=\"index, follow, max-snippet:-1, max-image-preview:large, max-video-preview:-1\" \/>\n<link rel=\"canonical\" href=\"https:\/\/www.fanprojekt-muenster.de\/wordpress\/fangemeinschaft-trifftdas-team-hinter-dem-team\/\" \/>\n<meta property=\"og:locale\" content=\"de_DE\" \/>\n<meta property=\"og:type\" content=\"article\" \/>\n<meta property=\"og:title\" content=\"Fangemeinschaft trifft\u2026das Team hinter dem Team - Fangemeinschaft Preu\u00dfen M\u00fcnster e. V.\" \/>\n<meta property=\"og:description\" content=\"Kurz vor dem ganzen hei\u00dfen Saisonfinale laden wir zum dritten Mal zur Veranstaltungsreihe \u201eFangemeinschaft trifft\u2026\u201c. Vielleicht eine gute Gelegenheit, um vor unserem finalen Gastspiel in Ulm den Ruhepuls zu senken... Read more &raquo;\" \/>\n<meta property=\"og:url\" content=\"https:\/\/www.fanprojekt-muenster.de\/wordpress\/fangemeinschaft-trifftdas-team-hinter-dem-team\/\" \/>\n<meta property=\"og:site_name\" content=\"Fangemeinschaft Preu\u00dfen M\u00fcnster e. V.\" \/>\n<meta property=\"article:published_time\" content=\"2025-05-05T18:11:14+00:00\" \/>\n<meta property=\"article:modified_time\" content=\"2025-05-06T18:25:52+00:00\" \/>\n<meta property=\"og:image\" content=\"https:\/\/www.fanprojekt-muenster.de\/wordpress\/wp-content\/uploads\/2025\/05\/WhatsApp-Image-2025-05-04-at-13.20.40-scaled.jpeg\" \/>\n\t<meta property=\"og:image:width\" content=\"2560\" \/>\n\t<meta property=\"og:image:height\" content=\"1907\" \/>\n\t<meta property=\"og:image:type\" content=\"image\/jpeg\" \/>\n<meta name=\"author\" content=\"Julius\" \/>\n<meta name=\"twitter:card\" content=\"summary_large_image\" \/>\n<meta name=\"twitter:label1\" content=\"Verfasst von\" \/>\n\t<meta name=\"twitter:data1\" content=\"Julius\" \/>\n\t<meta name=\"twitter:label2\" content=\"Gesch\u00e4tzte Lesezeit\" \/>\n\t<meta name=\"twitter:data2\" content=\"2\u00a0Minuten\" \/>\n<script type=\"application\/ld+json\" class=\"yoast-schema-graph\">{\"@context\":\"https:\/\/schema.org\",\"@graph\":[{\"@type\":\"Article\",\"@id\":\"https:\/\/www.fanprojekt-muenster.de\/wordpress\/fangemeinschaft-trifftdas-team-hinter-dem-team\/#article\",\"isPartOf\":{\"@id\":\"https:\/\/www.fanprojekt-muenster.de\/wordpress\/fangemeinschaft-trifftdas-team-hinter-dem-team\/\"},\"author\":{\"name\":\"Julius\",\"@id\":\"https:\/\/www.fanprojekt-muenster.de\/wordpress\/#\/schema\/person\/d6f23c25f1746fe09de1ce0642a01dc0\"},\"headline\":\"Fangemeinschaft trifft\u2026das Team hinter dem Team\",\"datePublished\":\"2025-05-05T18:11:14+00:00\",\"dateModified\":\"2025-05-06T18:25:52+00:00\",\"mainEntityOfPage\":{\"@id\":\"https:\/\/www.fanprojekt-muenster.de\/wordpress\/fangemeinschaft-trifftdas-team-hinter-dem-team\/\"},\"wordCount\":188,\"publisher\":{\"@id\":\"https:\/\/www.fanprojekt-muenster.de\/wordpress\/#organization\"},\"image\":{\"@id\":\"https:\/\/www.fanprojekt-muenster.de\/wordpress\/fangemeinschaft-trifftdas-team-hinter-dem-team\/#primaryimage\"},\"thumbnailUrl\":\"https:\/\/www.fanprojekt-muenster.de\/wordpress\/wp-content\/uploads\/2025\/05\/WhatsApp-Image-2025-05-04-at-13.20.40-scaled.jpeg\",\"keywords\":[\"FG trifft...\",\"Von Fans f\u00fcr Fans\"],\"articleSection\":[\"Aktionen\",\"Veranstaltungen\"],\"inLanguage\":\"de\"},{\"@type\":\"WebPage\",\"@id\":\"https:\/\/www.fanprojekt-muenster.de\/wordpress\/fangemeinschaft-trifftdas-team-hinter-dem-team\/\",\"url\":\"https:\/\/www.fanprojekt-muenster.de\/wordpress\/fangemeinschaft-trifftdas-team-hinter-dem-team\/\",\"name\":\"Fangemeinschaft trifft\u2026das Team hinter dem Team - Fangemeinschaft Preu\u00dfen M\u00fcnster e. V.\",\"isPartOf\":{\"@id\":\"https:\/\/www.fanprojekt-muenster.de\/wordpress\/#website\"},\"primaryImageOfPage\":{\"@id\":\"https:\/\/www.fanprojekt-muenster.de\/wordpress\/fangemeinschaft-trifftdas-team-hinter-dem-team\/#primaryimage\"},\"image\":{\"@id\":\"https:\/\/www.fanprojekt-muenster.de\/wordpress\/fangemeinschaft-trifftdas-team-hinter-dem-team\/#primaryimage\"},\"thumbnailUrl\":\"https:\/\/www.fanprojekt-muenster.de\/wordpress\/wp-content\/uploads\/2025\/05\/WhatsApp-Image-2025-05-04-at-13.20.40-scaled.jpeg\",\"datePublished\":\"2025-05-05T18:11:14+00:00\",\"dateModified\":\"2025-05-06T18:25:52+00:00\",\"breadcrumb\":{\"@id\":\"https:\/\/www.fanprojekt-muenster.de\/wordpress\/fangemeinschaft-trifftdas-team-hinter-dem-team\/#breadcrumb\"},\"inLanguage\":\"de\",\"potentialAction\":[{\"@type\":\"ReadAction\",\"target\":[\"https:\/\/www.fanprojekt-muenster.de\/wordpress\/fangemeinschaft-trifftdas-team-hinter-dem-team\/\"]}]},{\"@type\":\"ImageObject\",\"inLanguage\":\"de\",\"@id\":\"https:\/\/www.fanprojekt-muenster.de\/wordpress\/fangemeinschaft-trifftdas-team-hinter-dem-team\/#primaryimage\",\"url\":\"https:\/\/www.fanprojekt-muenster.de\/wordpress\/wp-content\/uploads\/2025\/05\/WhatsApp-Image-2025-05-04-at-13.20.40-scaled.jpeg\",\"contentUrl\":\"https:\/\/www.fanprojekt-muenster.de\/wordpress\/wp-content\/uploads\/2025\/05\/WhatsApp-Image-2025-05-04-at-13.20.40-scaled.jpeg\",\"width\":2560,\"height\":1907},{\"@type\":\"BreadcrumbList\",\"@id\":\"https:\/\/www.fanprojekt-muenster.de\/wordpress\/fangemeinschaft-trifftdas-team-hinter-dem-team\/#breadcrumb\",\"itemListElement\":[{\"@type\":\"ListItem\",\"position\":1,\"name\":\"Startseite\",\"item\":\"https:\/\/www.fanprojekt-muenster.de\/wordpress\/\"},{\"@type\":\"ListItem\",\"position\":2,\"name\":\"Fangemeinschaft trifft\u2026das Team hinter dem Team\"}]},{\"@type\":\"WebSite\",\"@id\":\"https:\/\/www.fanprojekt-muenster.de\/wordpress\/#website\",\"url\":\"https:\/\/www.fanprojekt-muenster.de\/wordpress\/\",\"name\":\"Fangemeinschaft Preu\u00dfen M\u00fcnster e. V.\",\"description\":\"\",\"publisher\":{\"@id\":\"https:\/\/www.fanprojekt-muenster.de\/wordpress\/#organization\"},\"potentialAction\":[{\"@type\":\"SearchAction\",\"target\":{\"@type\":\"EntryPoint\",\"urlTemplate\":\"https:\/\/www.fanprojekt-muenster.de\/wordpress\/?s={search_term_string}\"},\"query-input\":{\"@type\":\"PropertyValueSpecification\",\"valueRequired\":true,\"valueName\":\"search_term_string\"}}],\"inLanguage\":\"de\"},{\"@type\":\"Organization\",\"@id\":\"https:\/\/www.fanprojekt-muenster.de\/wordpress\/#organization\",\"name\":\"Fangemeinschaft Preu\u00dfen M\u00fcnster e. V.\",\"url\":\"https:\/\/www.fanprojekt-muenster.de\/wordpress\/\",\"logo\":{\"@type\":\"ImageObject\",\"inLanguage\":\"de\",\"@id\":\"https:\/\/www.fanprojekt-muenster.de\/wordpress\/#\/schema\/logo\/image\/\",\"url\":\"https:\/\/www.fanprojekt-muenster.de\/wordpress\/wp-content\/uploads\/2019\/07\/cropped-Website_Logo3-9.png\",\"contentUrl\":\"https:\/\/www.fanprojekt-muenster.de\/wordpress\/wp-content\/uploads\/2019\/07\/cropped-Website_Logo3-9.png\",\"width\":224,\"height\":42,\"caption\":\"Fangemeinschaft Preu\u00dfen M\u00fcnster e. V.\"},\"image\":{\"@id\":\"https:\/\/www.fanprojekt-muenster.de\/wordpress\/#\/schema\/logo\/image\/\"}},{\"@type\":\"Person\",\"@id\":\"https:\/\/www.fanprojekt-muenster.de\/wordpress\/#\/schema\/person\/d6f23c25f1746fe09de1ce0642a01dc0\",\"name\":\"Julius\",\"url\":\"https:\/\/www.fanprojekt-muenster.de\/wordpress\/author\/juliush\/\"}]}<\/script>\n<!-- \/ Yoast SEO plugin. -->","yoast_head_json":{"title":"Fangemeinschaft trifft\u2026das Team hinter dem Team - Fangemeinschaft Preu\u00dfen M\u00fcnster e. V.","robots":{"index":"index","follow":"follow","max-snippet":"max-snippet:-1","max-image-preview":"max-image-preview:large","max-video-preview":"max-video-preview:-1"},"canonical":"https:\/\/www.fanprojekt-muenster.de\/wordpress\/fangemeinschaft-trifftdas-team-hinter-dem-team\/","og_locale":"de_DE","og_type":"article","og_title":"Fangemeinschaft trifft\u2026das Team hinter dem Team - Fangemeinschaft Preu\u00dfen M\u00fcnster e. V.","og_description":"Kurz vor dem ganzen hei\u00dfen Saisonfinale laden wir zum dritten Mal zur Veranstaltungsreihe \u201eFangemeinschaft trifft\u2026\u201c. Vielleicht eine gute Gelegenheit, um vor unserem finalen Gastspiel in Ulm den Ruhepuls zu senken... Read more &raquo;","og_url":"https:\/\/www.fanprojekt-muenster.de\/wordpress\/fangemeinschaft-trifftdas-team-hinter-dem-team\/","og_site_name":"Fangemeinschaft Preu\u00dfen M\u00fcnster e. V.","article_published_time":"2025-05-05T18:11:14+00:00","article_modified_time":"2025-05-06T18:25:52+00:00","og_image":[{"width":2560,"height":1907,"url":"https:\/\/www.fanprojekt-muenster.de\/wordpress\/wp-content\/uploads\/2025\/05\/WhatsApp-Image-2025-05-04-at-13.20.40-scaled.jpeg","type":"image\/jpeg"}],"author":"Julius","twitter_card":"summary_large_image","twitter_misc":{"Verfasst von":"Julius","Gesch\u00e4tzte Lesezeit":"2\u00a0Minuten"},"schema":{"@context":"https:\/\/schema.org","@graph":[{"@type":"Article","@id":"https:\/\/www.fanprojekt-muenster.de\/wordpress\/fangemeinschaft-trifftdas-team-hinter-dem-team\/#article","isPartOf":{"@id":"https:\/\/www.fanprojekt-muenster.de\/wordpress\/fangemeinschaft-trifftdas-team-hinter-dem-team\/"},"author":{"name":"Julius","@id":"https:\/\/www.fanprojekt-muenster.de\/wordpress\/#\/schema\/person\/d6f23c25f1746fe09de1ce0642a01dc0"},"headline":"Fangemeinschaft trifft\u2026das Team hinter dem Team","datePublished":"2025-05-05T18:11:14+00:00","dateModified":"2025-05-06T18:25:52+00:00","mainEntityOfPage":{"@id":"https:\/\/www.fanprojekt-muenster.de\/wordpress\/fangemeinschaft-trifftdas-team-hinter-dem-team\/"},"wordCount":188,"publisher":{"@id":"https:\/\/www.fanprojekt-muenster.de\/wordpress\/#organization"},"image":{"@id":"https:\/\/www.fanprojekt-muenster.de\/wordpress\/fangemeinschaft-trifftdas-team-hinter-dem-team\/#primaryimage"},"thumbnailUrl":"https:\/\/www.fanprojekt-muenster.de\/wordpress\/wp-content\/uploads\/2025\/05\/WhatsApp-Image-2025-05-04-at-13.20.40-scaled.jpeg","keywords":["FG trifft...","Von Fans f\u00fcr Fans"],"articleSection":["Aktionen","Veranstaltungen"],"inLanguage":"de"},{"@type":"WebPage","@id":"https:\/\/www.fanprojekt-muenster.de\/wordpress\/fangemeinschaft-trifftdas-team-hinter-dem-team\/","url":"https:\/\/www.fanprojekt-muenster.de\/wordpress\/fangemeinschaft-trifftdas-team-hinter-dem-team\/","name":"Fangemeinschaft trifft\u2026das Team hinter dem Team - Fangemeinschaft Preu\u00dfen M\u00fcnster e. V.","isPartOf":{"@id":"https:\/\/www.fanprojekt-muenster.de\/wordpress\/#website"},"primaryImageOfPage":{"@id":"https:\/\/www.fanprojekt-muenster.de\/wordpress\/fangemeinschaft-trifftdas-team-hinter-dem-team\/#primaryimage"},"image":{"@id":"https:\/\/www.fanprojekt-muenster.de\/wordpress\/fangemeinschaft-trifftdas-team-hinter-dem-team\/#primaryimage"},"thumbnailUrl":"https:\/\/www.fanprojekt-muenster.de\/wordpress\/wp-content\/uploads\/2025\/05\/WhatsApp-Image-2025-05-04-at-13.20.40-scaled.jpeg","datePublished":"2025-05-05T18:11:14+00:00","dateModified":"2025-05-06T18:25:52+00:00","breadcrumb":{"@id":"https:\/\/www.fanprojekt-muenster.de\/wordpress\/fangemeinschaft-trifftdas-team-hinter-dem-team\/#breadcrumb"},"inLanguage":"de","potentialAction":[{"@type":"ReadAction","target":["https:\/\/www.fanprojekt-muenster.de\/wordpress\/fangemeinschaft-trifftdas-team-hinter-dem-team\/"]}]},{"@type":"ImageObject","inLanguage":"de","@id":"https:\/\/www.fanprojekt-muenster.de\/wordpress\/fangemeinschaft-trifftdas-team-hinter-dem-team\/#primaryimage","url":"https:\/\/www.fanprojekt-muenster.de\/wordpress\/wp-content\/uploads\/2025\/05\/WhatsApp-Image-2025-05-04-at-13.20.40-scaled.jpeg","contentUrl":"https:\/\/www.fanprojekt-muenster.de\/wordpress\/wp-content\/uploads\/2025\/05\/WhatsApp-Image-2025-05-04-at-13.20.40-scaled.jpeg","width":2560,"height":1907},{"@type":"BreadcrumbList","@id":"https:\/\/www.fanprojekt-muenster.de\/wordpress\/fangemeinschaft-trifftdas-team-hinter-dem-team\/#breadcrumb","itemListElement":[{"@type":"ListItem","position":1,"name":"Startseite","item":"https:\/\/www.fanprojekt-muenster.de\/wordpress\/"},{"@type":"ListItem","position":2,"name":"Fangemeinschaft trifft\u2026das Team hinter dem Team"}]},{"@type":"WebSite","@id":"https:\/\/www.fanprojekt-muenster.de\/wordpress\/#website","url":"https:\/\/www.fanprojekt-muenster.de\/wordpress\/","name":"Fangemeinschaft Preu\u00dfen M\u00fcnster e. V.","description":"","publisher":{"@id":"https:\/\/www.fanprojekt-muenster.de\/wordpress\/#organization"},"potentialAction":[{"@type":"SearchAction","target":{"@type":"EntryPoint","urlTemplate":"https:\/\/www.fanprojekt-muenster.de\/wordpress\/?s={search_term_string}"},"query-input":{"@type":"PropertyValueSpecification","valueRequired":true,"valueName":"search_term_string"}}],"inLanguage":"de"},{"@type":"Organization","@id":"https:\/\/www.fanprojekt-muenster.de\/wordpress\/#organization","name":"Fangemeinschaft Preu\u00dfen M\u00fcnster e. V.","url":"https:\/\/www.fanprojekt-muenster.de\/wordpress\/","logo":{"@type":"ImageObject","inLanguage":"de","@id":"https:\/\/www.fanprojekt-muenster.de\/wordpress\/#\/schema\/logo\/image\/","url":"https:\/\/www.fanprojekt-muenster.de\/wordpress\/wp-content\/uploads\/2019\/07\/cropped-Website_Logo3-9.png","contentUrl":"https:\/\/www.fanprojekt-muenster.de\/wordpress\/wp-content\/uploads\/2019\/07\/cropped-Website_Logo3-9.png","width":224,"height":42,"caption":"Fangemeinschaft Preu\u00dfen M\u00fcnster e. V."},"image":{"@id":"https:\/\/www.fanprojekt-muenster.de\/wordpress\/#\/schema\/logo\/image\/"}},{"@type":"Person","@id":"https:\/\/www.fanprojekt-muenster.de\/wordpress\/#\/schema\/person\/d6f23c25f1746fe09de1ce0642a01dc0","name":"Julius","url":"https:\/\/www.fanprojekt-muenster.de\/wordpress\/author\/juliush\/"}]}},"author_meta":{"display_name":"Julius","author_link":"https:\/\/www.fanprojekt-muenster.de\/wordpress\/author\/juliush\/"},"featured_img":"https:\/\/www.fanprojekt-muenster.de\/wordpress\/wp-content\/uploads\/2025\/05\/WhatsApp-Image-2025-05-04-at-13.20.40-300x223.jpeg","coauthors":[],"tax_additional":{"categories":{"linked":["<a href=\"https:\/\/www.fanprojekt-muenster.de\/wordpress\/category\/aktionen\/\" class=\"advgb-post-tax-term\">Aktionen<\/a>","<a href=\"https:\/\/www.fanprojekt-muenster.de\/wordpress\/category\/veranstaltungen\/\" class=\"advgb-post-tax-term\">Veranstaltungen<\/a>"],"unlinked":["<span class=\"advgb-post-tax-term\">Aktionen<\/span>","<span class=\"advgb-post-tax-term\">Veranstaltungen<\/span>"]},"tags":{"linked":["<a href=\"https:\/\/www.fanprojekt-muenster.de\/wordpress\/category\/veranstaltungen\/\" class=\"advgb-post-tax-term\">FG trifft...<\/a>","<a href=\"https:\/\/www.fanprojekt-muenster.de\/wordpress\/category\/veranstaltungen\/\" class=\"advgb-post-tax-term\">Von Fans f\u00fcr Fans<\/a>"],"unlinked":["<span class=\"advgb-post-tax-term\">FG trifft...<\/span>","<span class=\"advgb-post-tax-term\">Von Fans f\u00fcr Fans<\/span>"]}},"comment_count":"0","relative_dates":{"created":"Posted 12\u00a0Monaten ago","modified":"Updated 12\u00a0Monaten ago"},"absolute_dates":{"created":"Posted on 5. Mai 2025","modified":"Updated on 6. Mai 2025"},"absolute_dates_time":{"created":"Posted on 5. Mai 2025 20:11","modified":"Updated on 6. Mai 2025 20:25"},"featured_img_caption":"","series_order":"","_links":{"self":[{"href":"https:\/\/www.fanprojekt-muenster.de\/wordpress\/wp-json\/wp\/v2\/posts\/9677","targetHints":{"allow":["GET"]}}],"collection":[{"href":"https:\/\/www.fanprojekt-muenster.de\/wordpress\/wp-json\/wp\/v2\/posts"}],"about":[{"href":"https:\/\/www.fanprojekt-muenster.de\/wordpress\/wp-json\/wp\/v2\/types\/post"}],"author":[{"embeddable":true,"href":"https:\/\/www.fanprojekt-muenster.de\/wordpress\/wp-json\/wp\/v2\/users\/11"}],"replies":[{"embeddable":true,"href":"https:\/\/www.fanprojekt-muenster.de\/wordpress\/wp-json\/wp\/v2\/comments?post=9677"}],"version-history":[{"count":2,"href":"https:\/\/www.fanprojekt-muenster.de\/wordpress\/wp-json\/wp\/v2\/posts\/9677\/revisions"}],"predecessor-version":[{"id":9681,"href":"https:\/\/www.fanprojekt-muenster.de\/wordpress\/wp-json\/wp\/v2\/posts\/9677\/revisions\/9681"}],"wp:featuredmedia":[{"embeddable":true,"href":"https:\/\/www.fanprojekt-muenster.de\/wordpress\/wp-json\/wp\/v2\/media\/9678"}],"wp:attachment":[{"href":"https:\/\/www.fanprojekt-muenster.de\/wordpress\/wp-json\/wp\/v2\/media?parent=9677"}],"wp:term":[{"taxonomy":"category","embeddable":true,"href":"https:\/\/www.fanprojekt-muenster.de\/wordpress\/wp-json\/wp\/v2\/categories?post=9677"},{"taxonomy":"post_tag","embeddable":true,"href":"https:\/\/www.fanprojekt-muenster.de\/wordpress\/wp-json\/wp\/v2\/tags?post=9677"}],"curies":[{"name":"wp","href":"https:\/\/api.w.org\/{rel}","templated":true}]}}