{"id":9674,"date":"2025-03-04T20:47:47","date_gmt":"2025-03-04T19:47:47","guid":{"rendered":"https:\/\/www.fanprojekt-muenster.de\/wordpress\/?p=9674"},"modified":"2025-03-04T20:47:49","modified_gmt":"2025-03-04T19:47:49","slug":"lvm-preussenstadion-eine-einschaetzung-der-ag-preussenstadion","status":"publish","type":"post","link":"https:\/\/www.fanprojekt-muenster.de\/wordpress\/lvm-preussenstadion-eine-einschaetzung-der-ag-preussenstadion\/","title":{"rendered":"+++ LVM-Preu\u00dfenstadion &#8211; eine Einsch\u00e4tzung der AG Preu\u00dfenstadion\u00a0+++"},"content":{"rendered":"\n<p>First things first: Wir werden in diesem Text nicht dar\u00fcber urteilen, ob die Vermarktung von Stadiennamen sinnvoll oder eine gute Sache ist. Die Vergabe des Stadionnamens war und ist einer der Eckpfeiler der Refinanzierung des Gesamtprojektes Stadionumbau in M\u00fcnster. Es gab nur die M\u00f6glichkeit, dass Preu\u00dfen M\u00fcnster einen eigenen Partner findet oder die Stadt diese Aufgabe \u00fcbernimmt und das Namensrechtepaket \u00f6ffentlich ausschreibt, mit nicht einzusch\u00e4tzenden Folgen&#8230;<\/p>\n\n\n\n<p><em>AG Preu\u00dfenstadion begleitet den Prozess<\/em><\/p>\n\n\n\n<p>Bereits zu Beginn der Planungen zum Stadionumbau haben wir uns als AG Preu\u00dfenstadion klar zu diesem Thema positioniert. Uns wurde zum damaligen Zeitpunkt vermittelt, dass dieses Thema zeitlich nachrangig sei. Daher kam die Ank\u00fcndigung bei der Pr\u00e4sentation der finalen Umbaupl\u00e4ne, dass der Stadionname bereits jetzt vermarktet wird, auch f\u00fcr uns \u00fcberraschend. Daraufhin haben wir im weiterhin engen Kontakt der Gesch\u00e4ftsf\u00fchrung des SCP unsere \u00dcberlegungen zur Namensvermarktung mitgeteilt. Zu unserem Wunsch, den Namen Preu\u00dfenstadion zu erhalten, haben wir der Gesch\u00e4ftsf\u00fchrung m\u00f6gliche Optionen und Argumente an die Hand gegeben, wie dies auch interessierten Sponsoren zum Vorteil gereichen kann. Mit dem Namen <em>\u201cLVM-Preu\u00dfenstadion\u201d<\/em> ist dies aus unserer Sicht gelungen.<\/p>\n\n\n\n<p><em>&#8222;Dialog auf Augenh\u00f6he&#8220;<\/em><\/p>\n\n\n\n<p>Am Montag, dem 17. Februar 2025, wurde die AG Preu\u00dfenstadion zusammen mit Vertretern der Fangemeinschaft durch die Gesch\u00e4ftsf\u00fchrer, Pr\u00e4sident Maasjost, dem Aufsichtsratsvorsitzenden Westermann und Vertretern der LVM-Versicherung \u00fcber die Umbenennung informiert. In einer sehr offen gef\u00fchrten Diskussion wurden allseits aufmerksam zugeh\u00f6rt und Gedanken auf Augenh\u00f6he ausgetauscht. Die Vertreter des LVM stellten an diesem Abend ihre m\u00fcnsteraner Herkunft heraus. Gerade Regionalit\u00e4t ist auch f\u00fcr uns ein wichtiges Anliegen. Zudem engagiert sich der LVM bereits in verschiedenen Bereichen beim SCP. Darunter fallen das Sponsoring durch die Agenturen, das Engagement in der Jugend und die gro\u00dfz\u00fcgige Unterst\u00fctzung des Projektes \u201c<em>Lernort Preu\u00dfenstadion<\/em>\u201d in Tr\u00e4gerschaft der <em>Outlaw Kinder- und Jugendhilfe gGmbH<\/em>. Das gew\u00e4hlte Design stellt neben dem Logo des LVM auch erstmals den Namen Preu\u00dfenstadion deutlich heraus. Auch hierdurch wurde ein zentraler Wunsch der AG Preu\u00dfenstadion und vieler anderer Fans umgesetzt. Und nat\u00fcrlich passend in gr\u00fcn.<\/p>\n\n\n\n<p>Auch wenn der Stadionname und dessen Vermarktung weiterhin ein sensibles Thema bleibt, das auch in Zukunft mit Fingerspitzengef\u00fchl behandelt werden muss, halten wir den jetzt get\u00e4tigten Ansto\u00df mit der LVM f\u00fcr gelungen. Wir sind gespannt auf den weiteren Verlauf dieses gro\u00dfen Projektes, das wir auch k\u00fcnftig aktiv begleiten und uns darin einbringen werden.<\/p>\n\n\n\n<p>AG Preu\u00dfenstadion &#8211; 04. M\u00e4rz 2025<\/p>\n","protected":false},"excerpt":{"rendered":"<p>First things first: Wir werden in diesem Text nicht dar\u00fcber urteilen, ob die Vermarktung von Stadiennamen sinnvoll oder eine gute Sache ist. Die Vergabe des Stadionnamens war und ist einer&#8230; <a class=\"read-more-link\" href=\"https:\/\/www.fanprojekt-muenster.de\/wordpress\/lvm-preussenstadion-eine-einschaetzung-der-ag-preussenstadion\/\">Read more &raquo;<\/a><\/p>\n","protected":false},"author":11,"featured_media":9675,"comment_status":"closed","ping_status":"open","sticky":false,"template":"","format":"standard","meta":{"advgb_blocks_editor_width":"","advgb_blocks_columns_visual_guide":"","footnotes":""},"categories":[314],"tags":[197,223,336,283],"class_list":["post-9674","post","type-post","status-publish","format-standard","has-post-thumbnail","hentry","category-ag-preussenstadion","tag-preussenstadion","tag-sc-preussen-muenster","tag-stadionneubau","tag-von-fans-fuer-fans"],"featured_image_src":"https:\/\/www.fanprojekt-muenster.de\/wordpress\/wp-content\/uploads\/2025\/03\/WhatsApp-Image-2025-03-04-at-20.39.34-scaled.jpeg","author_info":{"display_name":"Julius","author_link":"https:\/\/www.fanprojekt-muenster.de\/wordpress\/author\/juliush\/"},"yoast_head":"<!-- This site is optimized with the Yoast SEO plugin v27.2 - https:\/\/yoast.com\/product\/yoast-seo-wordpress\/ -->\n<title>+++ LVM-Preu\u00dfenstadion - eine Einsch\u00e4tzung der AG Preu\u00dfenstadion\u00a0+++ - Fangemeinschaft Preu\u00dfen M\u00fcnster e. V.<\/title>\n<meta name=\"robots\" content=\"index, follow, max-snippet:-1, max-image-preview:large, max-video-preview:-1\" \/>\n<link rel=\"canonical\" href=\"https:\/\/www.fanprojekt-muenster.de\/wordpress\/lvm-preussenstadion-eine-einschaetzung-der-ag-preussenstadion\/\" \/>\n<meta property=\"og:locale\" content=\"de_DE\" \/>\n<meta property=\"og:type\" content=\"article\" \/>\n<meta property=\"og:title\" content=\"+++ LVM-Preu\u00dfenstadion - eine Einsch\u00e4tzung der AG Preu\u00dfenstadion\u00a0+++ - Fangemeinschaft Preu\u00dfen M\u00fcnster e. V.\" \/>\n<meta property=\"og:description\" content=\"First things first: Wir werden in diesem Text nicht dar\u00fcber urteilen, ob die Vermarktung von Stadiennamen sinnvoll oder eine gute Sache ist. Die Vergabe des Stadionnamens war und ist einer... Read more &raquo;\" \/>\n<meta property=\"og:url\" content=\"https:\/\/www.fanprojekt-muenster.de\/wordpress\/lvm-preussenstadion-eine-einschaetzung-der-ag-preussenstadion\/\" \/>\n<meta property=\"og:site_name\" content=\"Fangemeinschaft Preu\u00dfen M\u00fcnster e. V.\" \/>\n<meta property=\"article:published_time\" content=\"2025-03-04T19:47:47+00:00\" \/>\n<meta property=\"article:modified_time\" content=\"2025-03-04T19:47:49+00:00\" \/>\n<meta property=\"og:image\" content=\"https:\/\/www.fanprojekt-muenster.de\/wordpress\/wp-content\/uploads\/2025\/03\/WhatsApp-Image-2025-03-04-at-20.39.34-scaled.jpeg\" \/>\n\t<meta property=\"og:image:width\" content=\"2560\" \/>\n\t<meta property=\"og:image:height\" content=\"1918\" \/>\n\t<meta property=\"og:image:type\" content=\"image\/jpeg\" \/>\n<meta name=\"author\" content=\"Julius\" \/>\n<meta name=\"twitter:card\" content=\"summary_large_image\" \/>\n<meta name=\"twitter:label1\" content=\"Verfasst von\" \/>\n\t<meta name=\"twitter:data1\" content=\"Julius\" \/>\n\t<meta name=\"twitter:label2\" content=\"Gesch\u00e4tzte Lesezeit\" \/>\n\t<meta name=\"twitter:data2\" content=\"3\u00a0Minuten\" \/>\n<script type=\"application\/ld+json\" class=\"yoast-schema-graph\">{\"@context\":\"https:\/\/schema.org\",\"@graph\":[{\"@type\":\"Article\",\"@id\":\"https:\/\/www.fanprojekt-muenster.de\/wordpress\/lvm-preussenstadion-eine-einschaetzung-der-ag-preussenstadion\/#article\",\"isPartOf\":{\"@id\":\"https:\/\/www.fanprojekt-muenster.de\/wordpress\/lvm-preussenstadion-eine-einschaetzung-der-ag-preussenstadion\/\"},\"author\":{\"name\":\"Julius\",\"@id\":\"https:\/\/www.fanprojekt-muenster.de\/wordpress\/#\/schema\/person\/d6f23c25f1746fe09de1ce0642a01dc0\"},\"headline\":\"+++ LVM-Preu\u00dfenstadion &#8211; eine Einsch\u00e4tzung der AG Preu\u00dfenstadion\u00a0+++\",\"datePublished\":\"2025-03-04T19:47:47+00:00\",\"dateModified\":\"2025-03-04T19:47:49+00:00\",\"mainEntityOfPage\":{\"@id\":\"https:\/\/www.fanprojekt-muenster.de\/wordpress\/lvm-preussenstadion-eine-einschaetzung-der-ag-preussenstadion\/\"},\"wordCount\":433,\"publisher\":{\"@id\":\"https:\/\/www.fanprojekt-muenster.de\/wordpress\/#organization\"},\"image\":{\"@id\":\"https:\/\/www.fanprojekt-muenster.de\/wordpress\/lvm-preussenstadion-eine-einschaetzung-der-ag-preussenstadion\/#primaryimage\"},\"thumbnailUrl\":\"https:\/\/www.fanprojekt-muenster.de\/wordpress\/wp-content\/uploads\/2025\/03\/WhatsApp-Image-2025-03-04-at-20.39.34-scaled.jpeg\",\"keywords\":[\"Preu\u00dfenstadion\",\"SC Preu\u00dfen M\u00fcnster\",\"Stadionneubau\",\"Von Fans f\u00fcr Fans\"],\"articleSection\":[\"AG Preu\u00dfenstadion\"],\"inLanguage\":\"de\"},{\"@type\":\"WebPage\",\"@id\":\"https:\/\/www.fanprojekt-muenster.de\/wordpress\/lvm-preussenstadion-eine-einschaetzung-der-ag-preussenstadion\/\",\"url\":\"https:\/\/www.fanprojekt-muenster.de\/wordpress\/lvm-preussenstadion-eine-einschaetzung-der-ag-preussenstadion\/\",\"name\":\"+++ LVM-Preu\u00dfenstadion - eine Einsch\u00e4tzung der AG Preu\u00dfenstadion\u00a0+++ - Fangemeinschaft Preu\u00dfen M\u00fcnster e. V.\",\"isPartOf\":{\"@id\":\"https:\/\/www.fanprojekt-muenster.de\/wordpress\/#website\"},\"primaryImageOfPage\":{\"@id\":\"https:\/\/www.fanprojekt-muenster.de\/wordpress\/lvm-preussenstadion-eine-einschaetzung-der-ag-preussenstadion\/#primaryimage\"},\"image\":{\"@id\":\"https:\/\/www.fanprojekt-muenster.de\/wordpress\/lvm-preussenstadion-eine-einschaetzung-der-ag-preussenstadion\/#primaryimage\"},\"thumbnailUrl\":\"https:\/\/www.fanprojekt-muenster.de\/wordpress\/wp-content\/uploads\/2025\/03\/WhatsApp-Image-2025-03-04-at-20.39.34-scaled.jpeg\",\"datePublished\":\"2025-03-04T19:47:47+00:00\",\"dateModified\":\"2025-03-04T19:47:49+00:00\",\"breadcrumb\":{\"@id\":\"https:\/\/www.fanprojekt-muenster.de\/wordpress\/lvm-preussenstadion-eine-einschaetzung-der-ag-preussenstadion\/#breadcrumb\"},\"inLanguage\":\"de\",\"potentialAction\":[{\"@type\":\"ReadAction\",\"target\":[\"https:\/\/www.fanprojekt-muenster.de\/wordpress\/lvm-preussenstadion-eine-einschaetzung-der-ag-preussenstadion\/\"]}]},{\"@type\":\"ImageObject\",\"inLanguage\":\"de\",\"@id\":\"https:\/\/www.fanprojekt-muenster.de\/wordpress\/lvm-preussenstadion-eine-einschaetzung-der-ag-preussenstadion\/#primaryimage\",\"url\":\"https:\/\/www.fanprojekt-muenster.de\/wordpress\/wp-content\/uploads\/2025\/03\/WhatsApp-Image-2025-03-04-at-20.39.34-scaled.jpeg\",\"contentUrl\":\"https:\/\/www.fanprojekt-muenster.de\/wordpress\/wp-content\/uploads\/2025\/03\/WhatsApp-Image-2025-03-04-at-20.39.34-scaled.jpeg\",\"width\":2560,\"height\":1918},{\"@type\":\"BreadcrumbList\",\"@id\":\"https:\/\/www.fanprojekt-muenster.de\/wordpress\/lvm-preussenstadion-eine-einschaetzung-der-ag-preussenstadion\/#breadcrumb\",\"itemListElement\":[{\"@type\":\"ListItem\",\"position\":1,\"name\":\"Startseite\",\"item\":\"https:\/\/www.fanprojekt-muenster.de\/wordpress\/\"},{\"@type\":\"ListItem\",\"position\":2,\"name\":\"+++ LVM-Preu\u00dfenstadion &#8211; eine Einsch\u00e4tzung der AG Preu\u00dfenstadion\u00a0+++\"}]},{\"@type\":\"WebSite\",\"@id\":\"https:\/\/www.fanprojekt-muenster.de\/wordpress\/#website\",\"url\":\"https:\/\/www.fanprojekt-muenster.de\/wordpress\/\",\"name\":\"Fangemeinschaft Preu\u00dfen M\u00fcnster e. V.\",\"description\":\"\",\"publisher\":{\"@id\":\"https:\/\/www.fanprojekt-muenster.de\/wordpress\/#organization\"},\"potentialAction\":[{\"@type\":\"SearchAction\",\"target\":{\"@type\":\"EntryPoint\",\"urlTemplate\":\"https:\/\/www.fanprojekt-muenster.de\/wordpress\/?s={search_term_string}\"},\"query-input\":{\"@type\":\"PropertyValueSpecification\",\"valueRequired\":true,\"valueName\":\"search_term_string\"}}],\"inLanguage\":\"de\"},{\"@type\":\"Organization\",\"@id\":\"https:\/\/www.fanprojekt-muenster.de\/wordpress\/#organization\",\"name\":\"Fangemeinschaft Preu\u00dfen M\u00fcnster e. V.\",\"url\":\"https:\/\/www.fanprojekt-muenster.de\/wordpress\/\",\"logo\":{\"@type\":\"ImageObject\",\"inLanguage\":\"de\",\"@id\":\"https:\/\/www.fanprojekt-muenster.de\/wordpress\/#\/schema\/logo\/image\/\",\"url\":\"https:\/\/www.fanprojekt-muenster.de\/wordpress\/wp-content\/uploads\/2019\/07\/cropped-Website_Logo3-9.png\",\"contentUrl\":\"https:\/\/www.fanprojekt-muenster.de\/wordpress\/wp-content\/uploads\/2019\/07\/cropped-Website_Logo3-9.png\",\"width\":224,\"height\":42,\"caption\":\"Fangemeinschaft Preu\u00dfen M\u00fcnster e. V.\"},\"image\":{\"@id\":\"https:\/\/www.fanprojekt-muenster.de\/wordpress\/#\/schema\/logo\/image\/\"}},{\"@type\":\"Person\",\"@id\":\"https:\/\/www.fanprojekt-muenster.de\/wordpress\/#\/schema\/person\/d6f23c25f1746fe09de1ce0642a01dc0\",\"name\":\"Julius\",\"url\":\"https:\/\/www.fanprojekt-muenster.de\/wordpress\/author\/juliush\/\"}]}<\/script>\n<!-- \/ Yoast SEO plugin. -->","yoast_head_json":{"title":"+++ LVM-Preu\u00dfenstadion - eine Einsch\u00e4tzung der AG Preu\u00dfenstadion\u00a0+++ - Fangemeinschaft Preu\u00dfen M\u00fcnster e. V.","robots":{"index":"index","follow":"follow","max-snippet":"max-snippet:-1","max-image-preview":"max-image-preview:large","max-video-preview":"max-video-preview:-1"},"canonical":"https:\/\/www.fanprojekt-muenster.de\/wordpress\/lvm-preussenstadion-eine-einschaetzung-der-ag-preussenstadion\/","og_locale":"de_DE","og_type":"article","og_title":"+++ LVM-Preu\u00dfenstadion - eine Einsch\u00e4tzung der AG Preu\u00dfenstadion\u00a0+++ - Fangemeinschaft Preu\u00dfen M\u00fcnster e. V.","og_description":"First things first: Wir werden in diesem Text nicht dar\u00fcber urteilen, ob die Vermarktung von Stadiennamen sinnvoll oder eine gute Sache ist. Die Vergabe des Stadionnamens war und ist einer... Read more &raquo;","og_url":"https:\/\/www.fanprojekt-muenster.de\/wordpress\/lvm-preussenstadion-eine-einschaetzung-der-ag-preussenstadion\/","og_site_name":"Fangemeinschaft Preu\u00dfen M\u00fcnster e. V.","article_published_time":"2025-03-04T19:47:47+00:00","article_modified_time":"2025-03-04T19:47:49+00:00","og_image":[{"width":2560,"height":1918,"url":"https:\/\/www.fanprojekt-muenster.de\/wordpress\/wp-content\/uploads\/2025\/03\/WhatsApp-Image-2025-03-04-at-20.39.34-scaled.jpeg","type":"image\/jpeg"}],"author":"Julius","twitter_card":"summary_large_image","twitter_misc":{"Verfasst von":"Julius","Gesch\u00e4tzte Lesezeit":"3\u00a0Minuten"},"schema":{"@context":"https:\/\/schema.org","@graph":[{"@type":"Article","@id":"https:\/\/www.fanprojekt-muenster.de\/wordpress\/lvm-preussenstadion-eine-einschaetzung-der-ag-preussenstadion\/#article","isPartOf":{"@id":"https:\/\/www.fanprojekt-muenster.de\/wordpress\/lvm-preussenstadion-eine-einschaetzung-der-ag-preussenstadion\/"},"author":{"name":"Julius","@id":"https:\/\/www.fanprojekt-muenster.de\/wordpress\/#\/schema\/person\/d6f23c25f1746fe09de1ce0642a01dc0"},"headline":"+++ LVM-Preu\u00dfenstadion &#8211; eine Einsch\u00e4tzung der AG Preu\u00dfenstadion\u00a0+++","datePublished":"2025-03-04T19:47:47+00:00","dateModified":"2025-03-04T19:47:49+00:00","mainEntityOfPage":{"@id":"https:\/\/www.fanprojekt-muenster.de\/wordpress\/lvm-preussenstadion-eine-einschaetzung-der-ag-preussenstadion\/"},"wordCount":433,"publisher":{"@id":"https:\/\/www.fanprojekt-muenster.de\/wordpress\/#organization"},"image":{"@id":"https:\/\/www.fanprojekt-muenster.de\/wordpress\/lvm-preussenstadion-eine-einschaetzung-der-ag-preussenstadion\/#primaryimage"},"thumbnailUrl":"https:\/\/www.fanprojekt-muenster.de\/wordpress\/wp-content\/uploads\/2025\/03\/WhatsApp-Image-2025-03-04-at-20.39.34-scaled.jpeg","keywords":["Preu\u00dfenstadion","SC Preu\u00dfen M\u00fcnster","Stadionneubau","Von Fans f\u00fcr Fans"],"articleSection":["AG Preu\u00dfenstadion"],"inLanguage":"de"},{"@type":"WebPage","@id":"https:\/\/www.fanprojekt-muenster.de\/wordpress\/lvm-preussenstadion-eine-einschaetzung-der-ag-preussenstadion\/","url":"https:\/\/www.fanprojekt-muenster.de\/wordpress\/lvm-preussenstadion-eine-einschaetzung-der-ag-preussenstadion\/","name":"+++ LVM-Preu\u00dfenstadion - eine Einsch\u00e4tzung der AG Preu\u00dfenstadion\u00a0+++ - Fangemeinschaft Preu\u00dfen M\u00fcnster e. V.","isPartOf":{"@id":"https:\/\/www.fanprojekt-muenster.de\/wordpress\/#website"},"primaryImageOfPage":{"@id":"https:\/\/www.fanprojekt-muenster.de\/wordpress\/lvm-preussenstadion-eine-einschaetzung-der-ag-preussenstadion\/#primaryimage"},"image":{"@id":"https:\/\/www.fanprojekt-muenster.de\/wordpress\/lvm-preussenstadion-eine-einschaetzung-der-ag-preussenstadion\/#primaryimage"},"thumbnailUrl":"https:\/\/www.fanprojekt-muenster.de\/wordpress\/wp-content\/uploads\/2025\/03\/WhatsApp-Image-2025-03-04-at-20.39.34-scaled.jpeg","datePublished":"2025-03-04T19:47:47+00:00","dateModified":"2025-03-04T19:47:49+00:00","breadcrumb":{"@id":"https:\/\/www.fanprojekt-muenster.de\/wordpress\/lvm-preussenstadion-eine-einschaetzung-der-ag-preussenstadion\/#breadcrumb"},"inLanguage":"de","potentialAction":[{"@type":"ReadAction","target":["https:\/\/www.fanprojekt-muenster.de\/wordpress\/lvm-preussenstadion-eine-einschaetzung-der-ag-preussenstadion\/"]}]},{"@type":"ImageObject","inLanguage":"de","@id":"https:\/\/www.fanprojekt-muenster.de\/wordpress\/lvm-preussenstadion-eine-einschaetzung-der-ag-preussenstadion\/#primaryimage","url":"https:\/\/www.fanprojekt-muenster.de\/wordpress\/wp-content\/uploads\/2025\/03\/WhatsApp-Image-2025-03-04-at-20.39.34-scaled.jpeg","contentUrl":"https:\/\/www.fanprojekt-muenster.de\/wordpress\/wp-content\/uploads\/2025\/03\/WhatsApp-Image-2025-03-04-at-20.39.34-scaled.jpeg","width":2560,"height":1918},{"@type":"BreadcrumbList","@id":"https:\/\/www.fanprojekt-muenster.de\/wordpress\/lvm-preussenstadion-eine-einschaetzung-der-ag-preussenstadion\/#breadcrumb","itemListElement":[{"@type":"ListItem","position":1,"name":"Startseite","item":"https:\/\/www.fanprojekt-muenster.de\/wordpress\/"},{"@type":"ListItem","position":2,"name":"+++ LVM-Preu\u00dfenstadion &#8211; eine Einsch\u00e4tzung der AG Preu\u00dfenstadion\u00a0+++"}]},{"@type":"WebSite","@id":"https:\/\/www.fanprojekt-muenster.de\/wordpress\/#website","url":"https:\/\/www.fanprojekt-muenster.de\/wordpress\/","name":"Fangemeinschaft Preu\u00dfen M\u00fcnster e. V.","description":"","publisher":{"@id":"https:\/\/www.fanprojekt-muenster.de\/wordpress\/#organization"},"potentialAction":[{"@type":"SearchAction","target":{"@type":"EntryPoint","urlTemplate":"https:\/\/www.fanprojekt-muenster.de\/wordpress\/?s={search_term_string}"},"query-input":{"@type":"PropertyValueSpecification","valueRequired":true,"valueName":"search_term_string"}}],"inLanguage":"de"},{"@type":"Organization","@id":"https:\/\/www.fanprojekt-muenster.de\/wordpress\/#organization","name":"Fangemeinschaft Preu\u00dfen M\u00fcnster e. V.","url":"https:\/\/www.fanprojekt-muenster.de\/wordpress\/","logo":{"@type":"ImageObject","inLanguage":"de","@id":"https:\/\/www.fanprojekt-muenster.de\/wordpress\/#\/schema\/logo\/image\/","url":"https:\/\/www.fanprojekt-muenster.de\/wordpress\/wp-content\/uploads\/2019\/07\/cropped-Website_Logo3-9.png","contentUrl":"https:\/\/www.fanprojekt-muenster.de\/wordpress\/wp-content\/uploads\/2019\/07\/cropped-Website_Logo3-9.png","width":224,"height":42,"caption":"Fangemeinschaft Preu\u00dfen M\u00fcnster e. V."},"image":{"@id":"https:\/\/www.fanprojekt-muenster.de\/wordpress\/#\/schema\/logo\/image\/"}},{"@type":"Person","@id":"https:\/\/www.fanprojekt-muenster.de\/wordpress\/#\/schema\/person\/d6f23c25f1746fe09de1ce0642a01dc0","name":"Julius","url":"https:\/\/www.fanprojekt-muenster.de\/wordpress\/author\/juliush\/"}]}},"author_meta":{"display_name":"Julius","author_link":"https:\/\/www.fanprojekt-muenster.de\/wordpress\/author\/juliush\/"},"featured_img":"https:\/\/www.fanprojekt-muenster.de\/wordpress\/wp-content\/uploads\/2025\/03\/WhatsApp-Image-2025-03-04-at-20.39.34-300x225.jpeg","coauthors":[],"tax_additional":{"categories":{"linked":["<a href=\"https:\/\/www.fanprojekt-muenster.de\/wordpress\/category\/ag-preussenstadion\/\" class=\"advgb-post-tax-term\">AG Preu\u00dfenstadion<\/a>"],"unlinked":["<span class=\"advgb-post-tax-term\">AG Preu\u00dfenstadion<\/span>"]},"tags":{"linked":["<a href=\"https:\/\/www.fanprojekt-muenster.de\/wordpress\/category\/ag-preussenstadion\/\" class=\"advgb-post-tax-term\">Preu\u00dfenstadion<\/a>","<a href=\"https:\/\/www.fanprojekt-muenster.de\/wordpress\/category\/ag-preussenstadion\/\" class=\"advgb-post-tax-term\">SC Preu\u00dfen M\u00fcnster<\/a>","<a href=\"https:\/\/www.fanprojekt-muenster.de\/wordpress\/category\/ag-preussenstadion\/\" class=\"advgb-post-tax-term\">Stadionneubau<\/a>","<a href=\"https:\/\/www.fanprojekt-muenster.de\/wordpress\/category\/ag-preussenstadion\/\" class=\"advgb-post-tax-term\">Von Fans f\u00fcr Fans<\/a>"],"unlinked":["<span class=\"advgb-post-tax-term\">Preu\u00dfenstadion<\/span>","<span class=\"advgb-post-tax-term\">SC Preu\u00dfen M\u00fcnster<\/span>","<span class=\"advgb-post-tax-term\">Stadionneubau<\/span>","<span class=\"advgb-post-tax-term\">Von Fans f\u00fcr Fans<\/span>"]}},"comment_count":"0","relative_dates":{"created":"Posted 1\u00a0Jahr ago","modified":"Updated 1\u00a0Jahr ago"},"absolute_dates":{"created":"Posted on 4. M\u00e4rz 2025","modified":"Updated on 4. M\u00e4rz 2025"},"absolute_dates_time":{"created":"Posted on 4. M\u00e4rz 2025 20:47","modified":"Updated on 4. M\u00e4rz 2025 20:47"},"featured_img_caption":"","series_order":"","_links":{"self":[{"href":"https:\/\/www.fanprojekt-muenster.de\/wordpress\/wp-json\/wp\/v2\/posts\/9674","targetHints":{"allow":["GET"]}}],"collection":[{"href":"https:\/\/www.fanprojekt-muenster.de\/wordpress\/wp-json\/wp\/v2\/posts"}],"about":[{"href":"https:\/\/www.fanprojekt-muenster.de\/wordpress\/wp-json\/wp\/v2\/types\/post"}],"author":[{"embeddable":true,"href":"https:\/\/www.fanprojekt-muenster.de\/wordpress\/wp-json\/wp\/v2\/users\/11"}],"replies":[{"embeddable":true,"href":"https:\/\/www.fanprojekt-muenster.de\/wordpress\/wp-json\/wp\/v2\/comments?post=9674"}],"version-history":[{"count":1,"href":"https:\/\/www.fanprojekt-muenster.de\/wordpress\/wp-json\/wp\/v2\/posts\/9674\/revisions"}],"predecessor-version":[{"id":9676,"href":"https:\/\/www.fanprojekt-muenster.de\/wordpress\/wp-json\/wp\/v2\/posts\/9674\/revisions\/9676"}],"wp:featuredmedia":[{"embeddable":true,"href":"https:\/\/www.fanprojekt-muenster.de\/wordpress\/wp-json\/wp\/v2\/media\/9675"}],"wp:attachment":[{"href":"https:\/\/www.fanprojekt-muenster.de\/wordpress\/wp-json\/wp\/v2\/media?parent=9674"}],"wp:term":[{"taxonomy":"category","embeddable":true,"href":"https:\/\/www.fanprojekt-muenster.de\/wordpress\/wp-json\/wp\/v2\/categories?post=9674"},{"taxonomy":"post_tag","embeddable":true,"href":"https:\/\/www.fanprojekt-muenster.de\/wordpress\/wp-json\/wp\/v2\/tags?post=9674"}],"curies":[{"name":"wp","href":"https:\/\/api.w.org\/{rel}","templated":true}]}}