{"id":9671,"date":"2025-02-21T19:01:59","date_gmt":"2025-02-21T18:01:59","guid":{"rendered":"https:\/\/www.fanprojekt-muenster.de\/wordpress\/?p=9671"},"modified":"2025-02-21T19:01:59","modified_gmt":"2025-02-21T18:01:59","slug":"letzte-chance-buchvorbestellung-zu-20-jahre-ultras-in-muenster-buchausgabe-im-april-weiter-verkauf-von-schluesselanhaengern","status":"publish","type":"post","link":"https:\/\/www.fanprojekt-muenster.de\/wordpress\/letzte-chance-buchvorbestellung-zu-20-jahre-ultras-in-muenster-buchausgabe-im-april-weiter-verkauf-von-schluesselanhaengern\/","title":{"rendered":"Letzte Chance: Buchvorbestellung zu 20 Jahre Ultras in M\u00fcnster +++ Buchausgabe im April +++ Weiter Verkauf von Schl\u00fcsselanh\u00e4ngern"},"content":{"rendered":"\n<p>Bereits im vergangenen Jahr hattet ihr die Chance, infolge der erfolgreichen Tagesausstellung \u201e20 Jahre Ultras in M\u00fcnster\u201c das dazugeh\u00f6rige Buch zu erwerben. Das habt ihr zahlreich getan und geduldig gewartet. Autoren und Redaktion des Buchs k\u00f6nnen nun einen Termin f\u00fcr die Ver\u00f6ffentlichung nennen und bitten bisherige Verz\u00f6gerungen zu entschuldigen. Im April wird es im Nachgang eines Heimspiels so weit sein. Exklusiv habt ihr noch ein letztes Mal beim Heimspiel gegen Regensburg die Chance, euch das einmalige Werk zum Preis von 40 Euro in bar am Fancontainer am Fanport zu sichern. Danach ist eine Bestellung nicht mehr m\u00f6glich. Auf \u00fcber 400 Seiten wird anhand von vielen zuvor nicht ver\u00f6ffentlichten Bildern und Texten auf die letzten zwei Jahrzehnte Ultras mit all seinen Facetten zur\u00fcckgeblickt. Also zugreifen!<\/p>\n\n\n\n<p>Weiterhin Lanyard-Verkauf und Abgabe von Tafelspenden<br>Wir machen immer weiter. Auch beim kommenden Heimspiel werden vor und nach dem Spiel wieder Spenden f\u00fcr die Tafel M\u00fcnster eingesammelt. Wir freuen uns \u00fcber Sachspenden. Fehlt euch noch ein Schl\u00fcsselanh\u00e4nger? Auch den gibt es vor und nach dem Spiel zu kaufen. Zum Preis von 5 Euro unterst\u00fctzt ihr damit die Arbeit der Fanhilfe.<\/p>\n","protected":false},"excerpt":{"rendered":"<p>Bereits im vergangenen Jahr hattet ihr die Chance, infolge der erfolgreichen Tagesausstellung \u201e20 Jahre Ultras in M\u00fcnster\u201c das dazugeh\u00f6rige Buch zu erwerben. Das habt ihr zahlreich getan und geduldig gewartet&#8230;. <a class=\"read-more-link\" href=\"https:\/\/www.fanprojekt-muenster.de\/wordpress\/letzte-chance-buchvorbestellung-zu-20-jahre-ultras-in-muenster-buchausgabe-im-april-weiter-verkauf-von-schluesselanhaengern\/\">Read more &raquo;<\/a><\/p>\n","protected":false},"author":7,"featured_media":0,"comment_status":"closed","ping_status":"open","sticky":false,"template":"","format":"standard","meta":{"advgb_blocks_editor_width":"","advgb_blocks_columns_visual_guide":"","footnotes":""},"categories":[1],"tags":[],"class_list":["post-9671","post","type-post","status-publish","format-standard","hentry","category-allgemein"],"featured_image_src":null,"author_info":{"display_name":"CJO","author_link":"https:\/\/www.fanprojekt-muenster.de\/wordpress\/author\/jogy\/"},"yoast_head":"<!-- This site is optimized with the Yoast SEO plugin v27.2 - https:\/\/yoast.com\/product\/yoast-seo-wordpress\/ -->\n<title>Letzte Chance: Buchvorbestellung zu 20 Jahre Ultras in M\u00fcnster +++ Buchausgabe im April +++ Weiter Verkauf von Schl\u00fcsselanh\u00e4ngern - Fangemeinschaft Preu\u00dfen M\u00fcnster e. V.<\/title>\n<meta name=\"robots\" content=\"index, follow, max-snippet:-1, max-image-preview:large, max-video-preview:-1\" \/>\n<link rel=\"canonical\" href=\"https:\/\/www.fanprojekt-muenster.de\/wordpress\/letzte-chance-buchvorbestellung-zu-20-jahre-ultras-in-muenster-buchausgabe-im-april-weiter-verkauf-von-schluesselanhaengern\/\" \/>\n<meta property=\"og:locale\" content=\"de_DE\" \/>\n<meta property=\"og:type\" content=\"article\" \/>\n<meta property=\"og:title\" content=\"Letzte Chance: Buchvorbestellung zu 20 Jahre Ultras in M\u00fcnster +++ Buchausgabe im April +++ Weiter Verkauf von Schl\u00fcsselanh\u00e4ngern - Fangemeinschaft Preu\u00dfen M\u00fcnster e. V.\" \/>\n<meta property=\"og:description\" content=\"Bereits im vergangenen Jahr hattet ihr die Chance, infolge der erfolgreichen Tagesausstellung \u201e20 Jahre Ultras in M\u00fcnster\u201c das dazugeh\u00f6rige Buch zu erwerben. Das habt ihr zahlreich getan und geduldig gewartet.... Read more &raquo;\" \/>\n<meta property=\"og:url\" content=\"https:\/\/www.fanprojekt-muenster.de\/wordpress\/letzte-chance-buchvorbestellung-zu-20-jahre-ultras-in-muenster-buchausgabe-im-april-weiter-verkauf-von-schluesselanhaengern\/\" \/>\n<meta property=\"og:site_name\" content=\"Fangemeinschaft Preu\u00dfen M\u00fcnster e. V.\" \/>\n<meta property=\"article:published_time\" content=\"2025-02-21T18:01:59+00:00\" \/>\n<meta name=\"author\" content=\"CJO\" \/>\n<meta name=\"twitter:card\" content=\"summary_large_image\" \/>\n<meta name=\"twitter:label1\" content=\"Verfasst von\" \/>\n\t<meta name=\"twitter:data1\" content=\"CJO\" \/>\n\t<meta name=\"twitter:label2\" content=\"Gesch\u00e4tzte Lesezeit\" \/>\n\t<meta name=\"twitter:data2\" content=\"2\u00a0Minuten\" \/>\n<script type=\"application\/ld+json\" class=\"yoast-schema-graph\">{\"@context\":\"https:\/\/schema.org\",\"@graph\":[{\"@type\":\"Article\",\"@id\":\"https:\/\/www.fanprojekt-muenster.de\/wordpress\/letzte-chance-buchvorbestellung-zu-20-jahre-ultras-in-muenster-buchausgabe-im-april-weiter-verkauf-von-schluesselanhaengern\/#article\",\"isPartOf\":{\"@id\":\"https:\/\/www.fanprojekt-muenster.de\/wordpress\/letzte-chance-buchvorbestellung-zu-20-jahre-ultras-in-muenster-buchausgabe-im-april-weiter-verkauf-von-schluesselanhaengern\/\"},\"author\":{\"name\":\"CJO\",\"@id\":\"https:\/\/www.fanprojekt-muenster.de\/wordpress\/#\/schema\/person\/744936f7caad5b07423673506682ba59\"},\"headline\":\"Letzte Chance: Buchvorbestellung zu 20 Jahre Ultras in M\u00fcnster +++ Buchausgabe im April +++ Weiter Verkauf von Schl\u00fcsselanh\u00e4ngern\",\"datePublished\":\"2025-02-21T18:01:59+00:00\",\"mainEntityOfPage\":{\"@id\":\"https:\/\/www.fanprojekt-muenster.de\/wordpress\/letzte-chance-buchvorbestellung-zu-20-jahre-ultras-in-muenster-buchausgabe-im-april-weiter-verkauf-von-schluesselanhaengern\/\"},\"wordCount\":211,\"publisher\":{\"@id\":\"https:\/\/www.fanprojekt-muenster.de\/wordpress\/#organization\"},\"inLanguage\":\"de\"},{\"@type\":\"WebPage\",\"@id\":\"https:\/\/www.fanprojekt-muenster.de\/wordpress\/letzte-chance-buchvorbestellung-zu-20-jahre-ultras-in-muenster-buchausgabe-im-april-weiter-verkauf-von-schluesselanhaengern\/\",\"url\":\"https:\/\/www.fanprojekt-muenster.de\/wordpress\/letzte-chance-buchvorbestellung-zu-20-jahre-ultras-in-muenster-buchausgabe-im-april-weiter-verkauf-von-schluesselanhaengern\/\",\"name\":\"Letzte Chance: Buchvorbestellung zu 20 Jahre Ultras in M\u00fcnster +++ Buchausgabe im April +++ Weiter Verkauf von Schl\u00fcsselanh\u00e4ngern - Fangemeinschaft Preu\u00dfen M\u00fcnster e. V.\",\"isPartOf\":{\"@id\":\"https:\/\/www.fanprojekt-muenster.de\/wordpress\/#website\"},\"datePublished\":\"2025-02-21T18:01:59+00:00\",\"breadcrumb\":{\"@id\":\"https:\/\/www.fanprojekt-muenster.de\/wordpress\/letzte-chance-buchvorbestellung-zu-20-jahre-ultras-in-muenster-buchausgabe-im-april-weiter-verkauf-von-schluesselanhaengern\/#breadcrumb\"},\"inLanguage\":\"de\",\"potentialAction\":[{\"@type\":\"ReadAction\",\"target\":[\"https:\/\/www.fanprojekt-muenster.de\/wordpress\/letzte-chance-buchvorbestellung-zu-20-jahre-ultras-in-muenster-buchausgabe-im-april-weiter-verkauf-von-schluesselanhaengern\/\"]}]},{\"@type\":\"BreadcrumbList\",\"@id\":\"https:\/\/www.fanprojekt-muenster.de\/wordpress\/letzte-chance-buchvorbestellung-zu-20-jahre-ultras-in-muenster-buchausgabe-im-april-weiter-verkauf-von-schluesselanhaengern\/#breadcrumb\",\"itemListElement\":[{\"@type\":\"ListItem\",\"position\":1,\"name\":\"Startseite\",\"item\":\"https:\/\/www.fanprojekt-muenster.de\/wordpress\/\"},{\"@type\":\"ListItem\",\"position\":2,\"name\":\"Letzte Chance: Buchvorbestellung zu 20 Jahre Ultras in M\u00fcnster +++ Buchausgabe im April +++ Weiter Verkauf von Schl\u00fcsselanh\u00e4ngern\"}]},{\"@type\":\"WebSite\",\"@id\":\"https:\/\/www.fanprojekt-muenster.de\/wordpress\/#website\",\"url\":\"https:\/\/www.fanprojekt-muenster.de\/wordpress\/\",\"name\":\"Fangemeinschaft Preu\u00dfen M\u00fcnster e. V.\",\"description\":\"\",\"publisher\":{\"@id\":\"https:\/\/www.fanprojekt-muenster.de\/wordpress\/#organization\"},\"potentialAction\":[{\"@type\":\"SearchAction\",\"target\":{\"@type\":\"EntryPoint\",\"urlTemplate\":\"https:\/\/www.fanprojekt-muenster.de\/wordpress\/?s={search_term_string}\"},\"query-input\":{\"@type\":\"PropertyValueSpecification\",\"valueRequired\":true,\"valueName\":\"search_term_string\"}}],\"inLanguage\":\"de\"},{\"@type\":\"Organization\",\"@id\":\"https:\/\/www.fanprojekt-muenster.de\/wordpress\/#organization\",\"name\":\"Fangemeinschaft Preu\u00dfen M\u00fcnster e. V.\",\"url\":\"https:\/\/www.fanprojekt-muenster.de\/wordpress\/\",\"logo\":{\"@type\":\"ImageObject\",\"inLanguage\":\"de\",\"@id\":\"https:\/\/www.fanprojekt-muenster.de\/wordpress\/#\/schema\/logo\/image\/\",\"url\":\"https:\/\/www.fanprojekt-muenster.de\/wordpress\/wp-content\/uploads\/2019\/07\/cropped-Website_Logo3-9.png\",\"contentUrl\":\"https:\/\/www.fanprojekt-muenster.de\/wordpress\/wp-content\/uploads\/2019\/07\/cropped-Website_Logo3-9.png\",\"width\":224,\"height\":42,\"caption\":\"Fangemeinschaft Preu\u00dfen M\u00fcnster e. V.\"},\"image\":{\"@id\":\"https:\/\/www.fanprojekt-muenster.de\/wordpress\/#\/schema\/logo\/image\/\"}},{\"@type\":\"Person\",\"@id\":\"https:\/\/www.fanprojekt-muenster.de\/wordpress\/#\/schema\/person\/744936f7caad5b07423673506682ba59\",\"name\":\"CJO\",\"url\":\"https:\/\/www.fanprojekt-muenster.de\/wordpress\/author\/jogy\/\"}]}<\/script>\n<!-- \/ Yoast SEO plugin. -->","yoast_head_json":{"title":"Letzte Chance: Buchvorbestellung zu 20 Jahre Ultras in M\u00fcnster +++ Buchausgabe im April +++ Weiter Verkauf von Schl\u00fcsselanh\u00e4ngern - Fangemeinschaft Preu\u00dfen M\u00fcnster e. V.","robots":{"index":"index","follow":"follow","max-snippet":"max-snippet:-1","max-image-preview":"max-image-preview:large","max-video-preview":"max-video-preview:-1"},"canonical":"https:\/\/www.fanprojekt-muenster.de\/wordpress\/letzte-chance-buchvorbestellung-zu-20-jahre-ultras-in-muenster-buchausgabe-im-april-weiter-verkauf-von-schluesselanhaengern\/","og_locale":"de_DE","og_type":"article","og_title":"Letzte Chance: Buchvorbestellung zu 20 Jahre Ultras in M\u00fcnster +++ Buchausgabe im April +++ Weiter Verkauf von Schl\u00fcsselanh\u00e4ngern - Fangemeinschaft Preu\u00dfen M\u00fcnster e. V.","og_description":"Bereits im vergangenen Jahr hattet ihr die Chance, infolge der erfolgreichen Tagesausstellung \u201e20 Jahre Ultras in M\u00fcnster\u201c das dazugeh\u00f6rige Buch zu erwerben. Das habt ihr zahlreich getan und geduldig gewartet.... Read more &raquo;","og_url":"https:\/\/www.fanprojekt-muenster.de\/wordpress\/letzte-chance-buchvorbestellung-zu-20-jahre-ultras-in-muenster-buchausgabe-im-april-weiter-verkauf-von-schluesselanhaengern\/","og_site_name":"Fangemeinschaft Preu\u00dfen M\u00fcnster e. V.","article_published_time":"2025-02-21T18:01:59+00:00","author":"CJO","twitter_card":"summary_large_image","twitter_misc":{"Verfasst von":"CJO","Gesch\u00e4tzte Lesezeit":"2\u00a0Minuten"},"schema":{"@context":"https:\/\/schema.org","@graph":[{"@type":"Article","@id":"https:\/\/www.fanprojekt-muenster.de\/wordpress\/letzte-chance-buchvorbestellung-zu-20-jahre-ultras-in-muenster-buchausgabe-im-april-weiter-verkauf-von-schluesselanhaengern\/#article","isPartOf":{"@id":"https:\/\/www.fanprojekt-muenster.de\/wordpress\/letzte-chance-buchvorbestellung-zu-20-jahre-ultras-in-muenster-buchausgabe-im-april-weiter-verkauf-von-schluesselanhaengern\/"},"author":{"name":"CJO","@id":"https:\/\/www.fanprojekt-muenster.de\/wordpress\/#\/schema\/person\/744936f7caad5b07423673506682ba59"},"headline":"Letzte Chance: Buchvorbestellung zu 20 Jahre Ultras in M\u00fcnster +++ Buchausgabe im April +++ Weiter Verkauf von Schl\u00fcsselanh\u00e4ngern","datePublished":"2025-02-21T18:01:59+00:00","mainEntityOfPage":{"@id":"https:\/\/www.fanprojekt-muenster.de\/wordpress\/letzte-chance-buchvorbestellung-zu-20-jahre-ultras-in-muenster-buchausgabe-im-april-weiter-verkauf-von-schluesselanhaengern\/"},"wordCount":211,"publisher":{"@id":"https:\/\/www.fanprojekt-muenster.de\/wordpress\/#organization"},"inLanguage":"de"},{"@type":"WebPage","@id":"https:\/\/www.fanprojekt-muenster.de\/wordpress\/letzte-chance-buchvorbestellung-zu-20-jahre-ultras-in-muenster-buchausgabe-im-april-weiter-verkauf-von-schluesselanhaengern\/","url":"https:\/\/www.fanprojekt-muenster.de\/wordpress\/letzte-chance-buchvorbestellung-zu-20-jahre-ultras-in-muenster-buchausgabe-im-april-weiter-verkauf-von-schluesselanhaengern\/","name":"Letzte Chance: Buchvorbestellung zu 20 Jahre Ultras in M\u00fcnster +++ Buchausgabe im April +++ Weiter Verkauf von Schl\u00fcsselanh\u00e4ngern - Fangemeinschaft Preu\u00dfen M\u00fcnster e. V.","isPartOf":{"@id":"https:\/\/www.fanprojekt-muenster.de\/wordpress\/#website"},"datePublished":"2025-02-21T18:01:59+00:00","breadcrumb":{"@id":"https:\/\/www.fanprojekt-muenster.de\/wordpress\/letzte-chance-buchvorbestellung-zu-20-jahre-ultras-in-muenster-buchausgabe-im-april-weiter-verkauf-von-schluesselanhaengern\/#breadcrumb"},"inLanguage":"de","potentialAction":[{"@type":"ReadAction","target":["https:\/\/www.fanprojekt-muenster.de\/wordpress\/letzte-chance-buchvorbestellung-zu-20-jahre-ultras-in-muenster-buchausgabe-im-april-weiter-verkauf-von-schluesselanhaengern\/"]}]},{"@type":"BreadcrumbList","@id":"https:\/\/www.fanprojekt-muenster.de\/wordpress\/letzte-chance-buchvorbestellung-zu-20-jahre-ultras-in-muenster-buchausgabe-im-april-weiter-verkauf-von-schluesselanhaengern\/#breadcrumb","itemListElement":[{"@type":"ListItem","position":1,"name":"Startseite","item":"https:\/\/www.fanprojekt-muenster.de\/wordpress\/"},{"@type":"ListItem","position":2,"name":"Letzte Chance: Buchvorbestellung zu 20 Jahre Ultras in M\u00fcnster +++ Buchausgabe im April +++ Weiter Verkauf von Schl\u00fcsselanh\u00e4ngern"}]},{"@type":"WebSite","@id":"https:\/\/www.fanprojekt-muenster.de\/wordpress\/#website","url":"https:\/\/www.fanprojekt-muenster.de\/wordpress\/","name":"Fangemeinschaft Preu\u00dfen M\u00fcnster e. V.","description":"","publisher":{"@id":"https:\/\/www.fanprojekt-muenster.de\/wordpress\/#organization"},"potentialAction":[{"@type":"SearchAction","target":{"@type":"EntryPoint","urlTemplate":"https:\/\/www.fanprojekt-muenster.de\/wordpress\/?s={search_term_string}"},"query-input":{"@type":"PropertyValueSpecification","valueRequired":true,"valueName":"search_term_string"}}],"inLanguage":"de"},{"@type":"Organization","@id":"https:\/\/www.fanprojekt-muenster.de\/wordpress\/#organization","name":"Fangemeinschaft Preu\u00dfen M\u00fcnster e. V.","url":"https:\/\/www.fanprojekt-muenster.de\/wordpress\/","logo":{"@type":"ImageObject","inLanguage":"de","@id":"https:\/\/www.fanprojekt-muenster.de\/wordpress\/#\/schema\/logo\/image\/","url":"https:\/\/www.fanprojekt-muenster.de\/wordpress\/wp-content\/uploads\/2019\/07\/cropped-Website_Logo3-9.png","contentUrl":"https:\/\/www.fanprojekt-muenster.de\/wordpress\/wp-content\/uploads\/2019\/07\/cropped-Website_Logo3-9.png","width":224,"height":42,"caption":"Fangemeinschaft Preu\u00dfen M\u00fcnster e. V."},"image":{"@id":"https:\/\/www.fanprojekt-muenster.de\/wordpress\/#\/schema\/logo\/image\/"}},{"@type":"Person","@id":"https:\/\/www.fanprojekt-muenster.de\/wordpress\/#\/schema\/person\/744936f7caad5b07423673506682ba59","name":"CJO","url":"https:\/\/www.fanprojekt-muenster.de\/wordpress\/author\/jogy\/"}]}},"author_meta":{"display_name":"CJO","author_link":"https:\/\/www.fanprojekt-muenster.de\/wordpress\/author\/jogy\/"},"featured_img":null,"coauthors":[],"tax_additional":{"categories":{"linked":["<a href=\"https:\/\/www.fanprojekt-muenster.de\/wordpress\/category\/allgemein\/\" class=\"advgb-post-tax-term\">Allgemein<\/a>"],"unlinked":["<span class=\"advgb-post-tax-term\">Allgemein<\/span>"]}},"comment_count":"0","relative_dates":{"created":"Posted 1\u00a0Jahr ago","modified":"Updated 1\u00a0Jahr ago"},"absolute_dates":{"created":"Posted on 21. Februar 2025","modified":"Updated on 21. Februar 2025"},"absolute_dates_time":{"created":"Posted on 21. Februar 2025 19:01","modified":"Updated on 21. Februar 2025 19:01"},"featured_img_caption":"","series_order":"","_links":{"self":[{"href":"https:\/\/www.fanprojekt-muenster.de\/wordpress\/wp-json\/wp\/v2\/posts\/9671","targetHints":{"allow":["GET"]}}],"collection":[{"href":"https:\/\/www.fanprojekt-muenster.de\/wordpress\/wp-json\/wp\/v2\/posts"}],"about":[{"href":"https:\/\/www.fanprojekt-muenster.de\/wordpress\/wp-json\/wp\/v2\/types\/post"}],"author":[{"embeddable":true,"href":"https:\/\/www.fanprojekt-muenster.de\/wordpress\/wp-json\/wp\/v2\/users\/7"}],"replies":[{"embeddable":true,"href":"https:\/\/www.fanprojekt-muenster.de\/wordpress\/wp-json\/wp\/v2\/comments?post=9671"}],"version-history":[{"count":1,"href":"https:\/\/www.fanprojekt-muenster.de\/wordpress\/wp-json\/wp\/v2\/posts\/9671\/revisions"}],"predecessor-version":[{"id":9672,"href":"https:\/\/www.fanprojekt-muenster.de\/wordpress\/wp-json\/wp\/v2\/posts\/9671\/revisions\/9672"}],"wp:attachment":[{"href":"https:\/\/www.fanprojekt-muenster.de\/wordpress\/wp-json\/wp\/v2\/media?parent=9671"}],"wp:term":[{"taxonomy":"category","embeddable":true,"href":"https:\/\/www.fanprojekt-muenster.de\/wordpress\/wp-json\/wp\/v2\/categories?post=9671"},{"taxonomy":"post_tag","embeddable":true,"href":"https:\/\/www.fanprojekt-muenster.de\/wordpress\/wp-json\/wp\/v2\/tags?post=9671"}],"curies":[{"name":"wp","href":"https:\/\/api.w.org\/{rel}","templated":true}]}}