{"id":9631,"date":"2025-01-31T19:57:43","date_gmt":"2025-01-31T18:57:43","guid":{"rendered":"https:\/\/www.fanprojekt-muenster.de\/wordpress\/?p=9631"},"modified":"2025-01-31T19:57:44","modified_gmt":"2025-01-31T18:57:44","slug":"fangemeinschaft-zieht-sich-von-x-zurueck","status":"publish","type":"post","link":"https:\/\/www.fanprojekt-muenster.de\/wordpress\/fangemeinschaft-zieht-sich-von-x-zurueck\/","title":{"rendered":"Fangemeinschaft zieht sich von X zur\u00fcck"},"content":{"rendered":"\n<p>Die Fangemeinschaft Preu\u00dfen M\u00fcnster beendet ihre Aktivit\u00e4ten im sozialen Netzwerk X (vormals Twitter).<\/p>\n\n\n\n<p>Die Fangemeinschaft bekennt sich laut Satzung zur Demokratie und steht u. a. f\u00fcr das Streben nach einer gewaltfreien, antirassistischen und angenehmen Atmosph\u00e4re im Umfeld des Fu\u00dfballsports.<\/p>\n\n\n\n<p>Die Entwicklung der vergangenen Monate zeigt, dass diese Werte sowie die aus dem Leitbild des SC Preu\u00dfen M\u00fcnster mit der aktuellen Politik auf X nicht mehr vereinbar sind. Deshalb stellt die Fangemeinschaft &#8211; wie auch der SC Preu\u00dfen M\u00fcnster &#8211; ihre Aktivit\u00e4ten auf X ein.<\/p>\n","protected":false},"excerpt":{"rendered":"<p>Die Fangemeinschaft Preu\u00dfen M\u00fcnster beendet ihre Aktivit\u00e4ten im sozialen Netzwerk X (vormals Twitter). Die Fangemeinschaft bekennt sich laut Satzung zur Demokratie und steht u. a. f\u00fcr das Streben nach einer&#8230; <a class=\"read-more-link\" href=\"https:\/\/www.fanprojekt-muenster.de\/wordpress\/fangemeinschaft-zieht-sich-von-x-zurueck\/\">Read more &raquo;<\/a><\/p>\n","protected":false},"author":13,"featured_media":9632,"comment_status":"closed","ping_status":"open","sticky":false,"template":"","format":"standard","meta":{"advgb_blocks_editor_width":"","advgb_blocks_columns_visual_guide":"","footnotes":""},"categories":[3,328],"tags":[],"class_list":["post-9631","post","type-post","status-publish","format-standard","has-post-thumbnail","hentry","category-aktuelles","category-in-eigener-sache"],"featured_image_src":"https:\/\/www.fanprojekt-muenster.de\/wordpress\/wp-content\/uploads\/2025\/01\/8e5b558e-e491-49b5-a2f7-a9ef742d6619.jpg","author_info":{"display_name":"Malte F.","author_link":"https:\/\/www.fanprojekt-muenster.de\/wordpress\/author\/maltef\/"},"yoast_head":"<!-- This site is optimized with the Yoast SEO plugin v27.2 - https:\/\/yoast.com\/product\/yoast-seo-wordpress\/ -->\n<title>Fangemeinschaft zieht sich von X zur\u00fcck - Fangemeinschaft Preu\u00dfen M\u00fcnster e. V.<\/title>\n<meta name=\"robots\" content=\"index, follow, max-snippet:-1, max-image-preview:large, max-video-preview:-1\" \/>\n<link rel=\"canonical\" href=\"https:\/\/www.fanprojekt-muenster.de\/wordpress\/fangemeinschaft-zieht-sich-von-x-zurueck\/\" \/>\n<meta property=\"og:locale\" content=\"de_DE\" \/>\n<meta property=\"og:type\" content=\"article\" \/>\n<meta property=\"og:title\" content=\"Fangemeinschaft zieht sich von X zur\u00fcck - Fangemeinschaft Preu\u00dfen M\u00fcnster e. V.\" \/>\n<meta property=\"og:description\" content=\"Die Fangemeinschaft Preu\u00dfen M\u00fcnster beendet ihre Aktivit\u00e4ten im sozialen Netzwerk X (vormals Twitter). Die Fangemeinschaft bekennt sich laut Satzung zur Demokratie und steht u. a. f\u00fcr das Streben nach einer... Read more &raquo;\" \/>\n<meta property=\"og:url\" content=\"https:\/\/www.fanprojekt-muenster.de\/wordpress\/fangemeinschaft-zieht-sich-von-x-zurueck\/\" \/>\n<meta property=\"og:site_name\" content=\"Fangemeinschaft Preu\u00dfen M\u00fcnster e. V.\" \/>\n<meta property=\"article:published_time\" content=\"2025-01-31T18:57:43+00:00\" \/>\n<meta property=\"article:modified_time\" content=\"2025-01-31T18:57:44+00:00\" \/>\n<meta property=\"og:image\" content=\"https:\/\/www.fanprojekt-muenster.de\/wordpress\/wp-content\/uploads\/2025\/01\/8e5b558e-e491-49b5-a2f7-a9ef742d6619.jpg\" \/>\n\t<meta property=\"og:image:width\" content=\"2048\" \/>\n\t<meta property=\"og:image:height\" content=\"1777\" \/>\n\t<meta property=\"og:image:type\" content=\"image\/jpeg\" \/>\n<meta name=\"author\" content=\"Malte F.\" \/>\n<meta name=\"twitter:card\" content=\"summary_large_image\" \/>\n<meta name=\"twitter:label1\" content=\"Verfasst von\" \/>\n\t<meta name=\"twitter:data1\" content=\"Malte F.\" \/>\n\t<meta name=\"twitter:label2\" content=\"Gesch\u00e4tzte Lesezeit\" \/>\n\t<meta name=\"twitter:data2\" content=\"1\u00a0Minute\" \/>\n<script type=\"application\/ld+json\" class=\"yoast-schema-graph\">{\"@context\":\"https:\/\/schema.org\",\"@graph\":[{\"@type\":\"Article\",\"@id\":\"https:\/\/www.fanprojekt-muenster.de\/wordpress\/fangemeinschaft-zieht-sich-von-x-zurueck\/#article\",\"isPartOf\":{\"@id\":\"https:\/\/www.fanprojekt-muenster.de\/wordpress\/fangemeinschaft-zieht-sich-von-x-zurueck\/\"},\"author\":{\"name\":\"Malte F.\",\"@id\":\"https:\/\/www.fanprojekt-muenster.de\/wordpress\/#\/schema\/person\/0d7743a71f840e39c7a3d2ecf29e2d99\"},\"headline\":\"Fangemeinschaft zieht sich von X zur\u00fcck\",\"datePublished\":\"2025-01-31T18:57:43+00:00\",\"dateModified\":\"2025-01-31T18:57:44+00:00\",\"mainEntityOfPage\":{\"@id\":\"https:\/\/www.fanprojekt-muenster.de\/wordpress\/fangemeinschaft-zieht-sich-von-x-zurueck\/\"},\"wordCount\":102,\"publisher\":{\"@id\":\"https:\/\/www.fanprojekt-muenster.de\/wordpress\/#organization\"},\"image\":{\"@id\":\"https:\/\/www.fanprojekt-muenster.de\/wordpress\/fangemeinschaft-zieht-sich-von-x-zurueck\/#primaryimage\"},\"thumbnailUrl\":\"https:\/\/www.fanprojekt-muenster.de\/wordpress\/wp-content\/uploads\/2025\/01\/8e5b558e-e491-49b5-a2f7-a9ef742d6619.jpg\",\"articleSection\":[\"Aktuelles\",\"In eigener Sache\"],\"inLanguage\":\"de\"},{\"@type\":\"WebPage\",\"@id\":\"https:\/\/www.fanprojekt-muenster.de\/wordpress\/fangemeinschaft-zieht-sich-von-x-zurueck\/\",\"url\":\"https:\/\/www.fanprojekt-muenster.de\/wordpress\/fangemeinschaft-zieht-sich-von-x-zurueck\/\",\"name\":\"Fangemeinschaft zieht sich von X zur\u00fcck - Fangemeinschaft Preu\u00dfen M\u00fcnster e. V.\",\"isPartOf\":{\"@id\":\"https:\/\/www.fanprojekt-muenster.de\/wordpress\/#website\"},\"primaryImageOfPage\":{\"@id\":\"https:\/\/www.fanprojekt-muenster.de\/wordpress\/fangemeinschaft-zieht-sich-von-x-zurueck\/#primaryimage\"},\"image\":{\"@id\":\"https:\/\/www.fanprojekt-muenster.de\/wordpress\/fangemeinschaft-zieht-sich-von-x-zurueck\/#primaryimage\"},\"thumbnailUrl\":\"https:\/\/www.fanprojekt-muenster.de\/wordpress\/wp-content\/uploads\/2025\/01\/8e5b558e-e491-49b5-a2f7-a9ef742d6619.jpg\",\"datePublished\":\"2025-01-31T18:57:43+00:00\",\"dateModified\":\"2025-01-31T18:57:44+00:00\",\"breadcrumb\":{\"@id\":\"https:\/\/www.fanprojekt-muenster.de\/wordpress\/fangemeinschaft-zieht-sich-von-x-zurueck\/#breadcrumb\"},\"inLanguage\":\"de\",\"potentialAction\":[{\"@type\":\"ReadAction\",\"target\":[\"https:\/\/www.fanprojekt-muenster.de\/wordpress\/fangemeinschaft-zieht-sich-von-x-zurueck\/\"]}]},{\"@type\":\"ImageObject\",\"inLanguage\":\"de\",\"@id\":\"https:\/\/www.fanprojekt-muenster.de\/wordpress\/fangemeinschaft-zieht-sich-von-x-zurueck\/#primaryimage\",\"url\":\"https:\/\/www.fanprojekt-muenster.de\/wordpress\/wp-content\/uploads\/2025\/01\/8e5b558e-e491-49b5-a2f7-a9ef742d6619.jpg\",\"contentUrl\":\"https:\/\/www.fanprojekt-muenster.de\/wordpress\/wp-content\/uploads\/2025\/01\/8e5b558e-e491-49b5-a2f7-a9ef742d6619.jpg\",\"width\":2048,\"height\":1777,\"caption\":\"In eigener Sache\"},{\"@type\":\"BreadcrumbList\",\"@id\":\"https:\/\/www.fanprojekt-muenster.de\/wordpress\/fangemeinschaft-zieht-sich-von-x-zurueck\/#breadcrumb\",\"itemListElement\":[{\"@type\":\"ListItem\",\"position\":1,\"name\":\"Startseite\",\"item\":\"https:\/\/www.fanprojekt-muenster.de\/wordpress\/\"},{\"@type\":\"ListItem\",\"position\":2,\"name\":\"Fangemeinschaft zieht sich von X zur\u00fcck\"}]},{\"@type\":\"WebSite\",\"@id\":\"https:\/\/www.fanprojekt-muenster.de\/wordpress\/#website\",\"url\":\"https:\/\/www.fanprojekt-muenster.de\/wordpress\/\",\"name\":\"Fangemeinschaft Preu\u00dfen M\u00fcnster e. V.\",\"description\":\"\",\"publisher\":{\"@id\":\"https:\/\/www.fanprojekt-muenster.de\/wordpress\/#organization\"},\"potentialAction\":[{\"@type\":\"SearchAction\",\"target\":{\"@type\":\"EntryPoint\",\"urlTemplate\":\"https:\/\/www.fanprojekt-muenster.de\/wordpress\/?s={search_term_string}\"},\"query-input\":{\"@type\":\"PropertyValueSpecification\",\"valueRequired\":true,\"valueName\":\"search_term_string\"}}],\"inLanguage\":\"de\"},{\"@type\":\"Organization\",\"@id\":\"https:\/\/www.fanprojekt-muenster.de\/wordpress\/#organization\",\"name\":\"Fangemeinschaft Preu\u00dfen M\u00fcnster e. V.\",\"url\":\"https:\/\/www.fanprojekt-muenster.de\/wordpress\/\",\"logo\":{\"@type\":\"ImageObject\",\"inLanguage\":\"de\",\"@id\":\"https:\/\/www.fanprojekt-muenster.de\/wordpress\/#\/schema\/logo\/image\/\",\"url\":\"https:\/\/www.fanprojekt-muenster.de\/wordpress\/wp-content\/uploads\/2019\/07\/cropped-Website_Logo3-9.png\",\"contentUrl\":\"https:\/\/www.fanprojekt-muenster.de\/wordpress\/wp-content\/uploads\/2019\/07\/cropped-Website_Logo3-9.png\",\"width\":224,\"height\":42,\"caption\":\"Fangemeinschaft Preu\u00dfen M\u00fcnster e. V.\"},\"image\":{\"@id\":\"https:\/\/www.fanprojekt-muenster.de\/wordpress\/#\/schema\/logo\/image\/\"}},{\"@type\":\"Person\",\"@id\":\"https:\/\/www.fanprojekt-muenster.de\/wordpress\/#\/schema\/person\/0d7743a71f840e39c7a3d2ecf29e2d99\",\"name\":\"Malte F.\",\"url\":\"https:\/\/www.fanprojekt-muenster.de\/wordpress\/author\/maltef\/\"}]}<\/script>\n<!-- \/ Yoast SEO plugin. -->","yoast_head_json":{"title":"Fangemeinschaft zieht sich von X zur\u00fcck - Fangemeinschaft Preu\u00dfen M\u00fcnster e. V.","robots":{"index":"index","follow":"follow","max-snippet":"max-snippet:-1","max-image-preview":"max-image-preview:large","max-video-preview":"max-video-preview:-1"},"canonical":"https:\/\/www.fanprojekt-muenster.de\/wordpress\/fangemeinschaft-zieht-sich-von-x-zurueck\/","og_locale":"de_DE","og_type":"article","og_title":"Fangemeinschaft zieht sich von X zur\u00fcck - Fangemeinschaft Preu\u00dfen M\u00fcnster e. V.","og_description":"Die Fangemeinschaft Preu\u00dfen M\u00fcnster beendet ihre Aktivit\u00e4ten im sozialen Netzwerk X (vormals Twitter). Die Fangemeinschaft bekennt sich laut Satzung zur Demokratie und steht u. a. f\u00fcr das Streben nach einer... Read more &raquo;","og_url":"https:\/\/www.fanprojekt-muenster.de\/wordpress\/fangemeinschaft-zieht-sich-von-x-zurueck\/","og_site_name":"Fangemeinschaft Preu\u00dfen M\u00fcnster e. V.","article_published_time":"2025-01-31T18:57:43+00:00","article_modified_time":"2025-01-31T18:57:44+00:00","og_image":[{"width":2048,"height":1777,"url":"https:\/\/www.fanprojekt-muenster.de\/wordpress\/wp-content\/uploads\/2025\/01\/8e5b558e-e491-49b5-a2f7-a9ef742d6619.jpg","type":"image\/jpeg"}],"author":"Malte F.","twitter_card":"summary_large_image","twitter_misc":{"Verfasst von":"Malte F.","Gesch\u00e4tzte Lesezeit":"1\u00a0Minute"},"schema":{"@context":"https:\/\/schema.org","@graph":[{"@type":"Article","@id":"https:\/\/www.fanprojekt-muenster.de\/wordpress\/fangemeinschaft-zieht-sich-von-x-zurueck\/#article","isPartOf":{"@id":"https:\/\/www.fanprojekt-muenster.de\/wordpress\/fangemeinschaft-zieht-sich-von-x-zurueck\/"},"author":{"name":"Malte F.","@id":"https:\/\/www.fanprojekt-muenster.de\/wordpress\/#\/schema\/person\/0d7743a71f840e39c7a3d2ecf29e2d99"},"headline":"Fangemeinschaft zieht sich von X zur\u00fcck","datePublished":"2025-01-31T18:57:43+00:00","dateModified":"2025-01-31T18:57:44+00:00","mainEntityOfPage":{"@id":"https:\/\/www.fanprojekt-muenster.de\/wordpress\/fangemeinschaft-zieht-sich-von-x-zurueck\/"},"wordCount":102,"publisher":{"@id":"https:\/\/www.fanprojekt-muenster.de\/wordpress\/#organization"},"image":{"@id":"https:\/\/www.fanprojekt-muenster.de\/wordpress\/fangemeinschaft-zieht-sich-von-x-zurueck\/#primaryimage"},"thumbnailUrl":"https:\/\/www.fanprojekt-muenster.de\/wordpress\/wp-content\/uploads\/2025\/01\/8e5b558e-e491-49b5-a2f7-a9ef742d6619.jpg","articleSection":["Aktuelles","In eigener Sache"],"inLanguage":"de"},{"@type":"WebPage","@id":"https:\/\/www.fanprojekt-muenster.de\/wordpress\/fangemeinschaft-zieht-sich-von-x-zurueck\/","url":"https:\/\/www.fanprojekt-muenster.de\/wordpress\/fangemeinschaft-zieht-sich-von-x-zurueck\/","name":"Fangemeinschaft zieht sich von X zur\u00fcck - Fangemeinschaft Preu\u00dfen M\u00fcnster e. V.","isPartOf":{"@id":"https:\/\/www.fanprojekt-muenster.de\/wordpress\/#website"},"primaryImageOfPage":{"@id":"https:\/\/www.fanprojekt-muenster.de\/wordpress\/fangemeinschaft-zieht-sich-von-x-zurueck\/#primaryimage"},"image":{"@id":"https:\/\/www.fanprojekt-muenster.de\/wordpress\/fangemeinschaft-zieht-sich-von-x-zurueck\/#primaryimage"},"thumbnailUrl":"https:\/\/www.fanprojekt-muenster.de\/wordpress\/wp-content\/uploads\/2025\/01\/8e5b558e-e491-49b5-a2f7-a9ef742d6619.jpg","datePublished":"2025-01-31T18:57:43+00:00","dateModified":"2025-01-31T18:57:44+00:00","breadcrumb":{"@id":"https:\/\/www.fanprojekt-muenster.de\/wordpress\/fangemeinschaft-zieht-sich-von-x-zurueck\/#breadcrumb"},"inLanguage":"de","potentialAction":[{"@type":"ReadAction","target":["https:\/\/www.fanprojekt-muenster.de\/wordpress\/fangemeinschaft-zieht-sich-von-x-zurueck\/"]}]},{"@type":"ImageObject","inLanguage":"de","@id":"https:\/\/www.fanprojekt-muenster.de\/wordpress\/fangemeinschaft-zieht-sich-von-x-zurueck\/#primaryimage","url":"https:\/\/www.fanprojekt-muenster.de\/wordpress\/wp-content\/uploads\/2025\/01\/8e5b558e-e491-49b5-a2f7-a9ef742d6619.jpg","contentUrl":"https:\/\/www.fanprojekt-muenster.de\/wordpress\/wp-content\/uploads\/2025\/01\/8e5b558e-e491-49b5-a2f7-a9ef742d6619.jpg","width":2048,"height":1777,"caption":"In eigener Sache"},{"@type":"BreadcrumbList","@id":"https:\/\/www.fanprojekt-muenster.de\/wordpress\/fangemeinschaft-zieht-sich-von-x-zurueck\/#breadcrumb","itemListElement":[{"@type":"ListItem","position":1,"name":"Startseite","item":"https:\/\/www.fanprojekt-muenster.de\/wordpress\/"},{"@type":"ListItem","position":2,"name":"Fangemeinschaft zieht sich von X zur\u00fcck"}]},{"@type":"WebSite","@id":"https:\/\/www.fanprojekt-muenster.de\/wordpress\/#website","url":"https:\/\/www.fanprojekt-muenster.de\/wordpress\/","name":"Fangemeinschaft Preu\u00dfen M\u00fcnster e. V.","description":"","publisher":{"@id":"https:\/\/www.fanprojekt-muenster.de\/wordpress\/#organization"},"potentialAction":[{"@type":"SearchAction","target":{"@type":"EntryPoint","urlTemplate":"https:\/\/www.fanprojekt-muenster.de\/wordpress\/?s={search_term_string}"},"query-input":{"@type":"PropertyValueSpecification","valueRequired":true,"valueName":"search_term_string"}}],"inLanguage":"de"},{"@type":"Organization","@id":"https:\/\/www.fanprojekt-muenster.de\/wordpress\/#organization","name":"Fangemeinschaft Preu\u00dfen M\u00fcnster e. V.","url":"https:\/\/www.fanprojekt-muenster.de\/wordpress\/","logo":{"@type":"ImageObject","inLanguage":"de","@id":"https:\/\/www.fanprojekt-muenster.de\/wordpress\/#\/schema\/logo\/image\/","url":"https:\/\/www.fanprojekt-muenster.de\/wordpress\/wp-content\/uploads\/2019\/07\/cropped-Website_Logo3-9.png","contentUrl":"https:\/\/www.fanprojekt-muenster.de\/wordpress\/wp-content\/uploads\/2019\/07\/cropped-Website_Logo3-9.png","width":224,"height":42,"caption":"Fangemeinschaft Preu\u00dfen M\u00fcnster e. V."},"image":{"@id":"https:\/\/www.fanprojekt-muenster.de\/wordpress\/#\/schema\/logo\/image\/"}},{"@type":"Person","@id":"https:\/\/www.fanprojekt-muenster.de\/wordpress\/#\/schema\/person\/0d7743a71f840e39c7a3d2ecf29e2d99","name":"Malte F.","url":"https:\/\/www.fanprojekt-muenster.de\/wordpress\/author\/maltef\/"}]}},"author_meta":{"display_name":"Malte F.","author_link":"https:\/\/www.fanprojekt-muenster.de\/wordpress\/author\/maltef\/"},"featured_img":"https:\/\/www.fanprojekt-muenster.de\/wordpress\/wp-content\/uploads\/2025\/01\/8e5b558e-e491-49b5-a2f7-a9ef742d6619-300x260.jpg","coauthors":[],"tax_additional":{"categories":{"linked":["<a href=\"https:\/\/www.fanprojekt-muenster.de\/wordpress\/category\/aktuelles\/\" class=\"advgb-post-tax-term\">Aktuelles<\/a>","<a href=\"https:\/\/www.fanprojekt-muenster.de\/wordpress\/category\/in-eigener-sache\/\" class=\"advgb-post-tax-term\">In eigener Sache<\/a>"],"unlinked":["<span class=\"advgb-post-tax-term\">Aktuelles<\/span>","<span class=\"advgb-post-tax-term\">In eigener Sache<\/span>"]}},"comment_count":"0","relative_dates":{"created":"Posted 1\u00a0Jahr ago","modified":"Updated 1\u00a0Jahr ago"},"absolute_dates":{"created":"Posted on 31. Januar 2025","modified":"Updated on 31. Januar 2025"},"absolute_dates_time":{"created":"Posted on 31. Januar 2025 19:57","modified":"Updated on 31. Januar 2025 19:57"},"featured_img_caption":"","series_order":"","_links":{"self":[{"href":"https:\/\/www.fanprojekt-muenster.de\/wordpress\/wp-json\/wp\/v2\/posts\/9631","targetHints":{"allow":["GET"]}}],"collection":[{"href":"https:\/\/www.fanprojekt-muenster.de\/wordpress\/wp-json\/wp\/v2\/posts"}],"about":[{"href":"https:\/\/www.fanprojekt-muenster.de\/wordpress\/wp-json\/wp\/v2\/types\/post"}],"author":[{"embeddable":true,"href":"https:\/\/www.fanprojekt-muenster.de\/wordpress\/wp-json\/wp\/v2\/users\/13"}],"replies":[{"embeddable":true,"href":"https:\/\/www.fanprojekt-muenster.de\/wordpress\/wp-json\/wp\/v2\/comments?post=9631"}],"version-history":[{"count":1,"href":"https:\/\/www.fanprojekt-muenster.de\/wordpress\/wp-json\/wp\/v2\/posts\/9631\/revisions"}],"predecessor-version":[{"id":9633,"href":"https:\/\/www.fanprojekt-muenster.de\/wordpress\/wp-json\/wp\/v2\/posts\/9631\/revisions\/9633"}],"wp:featuredmedia":[{"embeddable":true,"href":"https:\/\/www.fanprojekt-muenster.de\/wordpress\/wp-json\/wp\/v2\/media\/9632"}],"wp:attachment":[{"href":"https:\/\/www.fanprojekt-muenster.de\/wordpress\/wp-json\/wp\/v2\/media?parent=9631"}],"wp:term":[{"taxonomy":"category","embeddable":true,"href":"https:\/\/www.fanprojekt-muenster.de\/wordpress\/wp-json\/wp\/v2\/categories?post=9631"},{"taxonomy":"post_tag","embeddable":true,"href":"https:\/\/www.fanprojekt-muenster.de\/wordpress\/wp-json\/wp\/v2\/tags?post=9631"}],"curies":[{"name":"wp","href":"https:\/\/api.w.org\/{rel}","templated":true}]}}