{"id":9620,"date":"2025-01-23T15:29:51","date_gmt":"2025-01-23T14:29:51","guid":{"rendered":"https:\/\/www.fanprojekt-muenster.de\/wordpress\/?p=9620"},"modified":"2025-01-23T15:29:53","modified_gmt":"2025-01-23T14:29:53","slug":"preussen-fangemeinschaft-feiert-und-spendet-6-500-euro","status":"publish","type":"post","link":"https:\/\/www.fanprojekt-muenster.de\/wordpress\/preussen-fangemeinschaft-feiert-und-spendet-6-500-euro\/","title":{"rendered":"Preu\u00dfen-Fangemeinschaft feiert und spendet 6.500 Euro"},"content":{"rendered":"\n<p>Zum allj\u00e4hrlichen Neujahrsempfang der Fangemeinschaft Preu\u00dfen M\u00fcnster (vormals Fanprojekts Preu\u00dfen M\u00fcnster e.V.) kamen Anfang Januar rund 100 Mitglieder und Fans der Adlertr\u00e4ger, um gemeinsam das Jahr einzul\u00e4uten. Bei Currywurst und Kaltgetr\u00e4nken wurde im Rahmen eines Fu\u00dfball-Quiz gefachsimpelt und sich euphorisch \u00fcber die aktuell sportliche Lage ausgetauscht.&nbsp;<\/p>\n\n\n\n<p>Auch der karitative Gedanke der Veranstaltung sollte nicht zu kurz kommen: Der H\u00f6hepunkt des Abends war die traditionelle Tombola, die im Vorfeld von zahlreichen Unternehmen aus der Region mit attraktiven Sachpreisen unterst\u00fctzt wurde. Die dadurch eingeholten Erl\u00f6se, die von Schl\u00fcsselband-Verk\u00e4ufen an Heimspieltagen erg\u00e4nzt wurden, erreichten eine Gesamtspendensumme von 6.500 Euro.<\/p>\n\n\n\n<p>Der Spendenzweck der Fangemeinschaft gilt in diesem Jahr gewisserma\u00dfen Vierbeinern, genauer gesagt der Heilp\u00e4dagogischen F\u00f6rderung mit dem Pferd (HFP). Der F\u00f6rderverein <em>Gl\u00fccksmomente = Kids + Pferd e.V<\/em> m\u00f6chte m\u00f6glichst vielen Kindern und Jugendlichen aus dem Vinzenzwerk Handorf e.V. erm\u00f6glichen, an diesem therapeutischen Angebot teilzunehmen. Torben Maunz und Christoph Nientiedt von der Fangemeinschaft \u00fcberreichten die gro\u00dfz\u00fcgige Spendensumme dem F\u00f6rderverein mit Sitz in M\u00fcnster-Handorf. Dabei zeigte sich der zweite Vorsitzende Frank M\u00f6llers von <em>Gl\u00fccksmomente = Kids + Pferd e.V.<\/em> begeistert von der finanziellen Hilfeleistung: \u201eWir sind sehr dankbar, dass die Preu\u00dfen-Fans unsere wertvolle Arbeit unterst\u00fctzen und ein so gro\u00dfes Herz f\u00fcr Menschen und Tiere haben\u201c. Durch die Spende ist eine Einzel-Therapie mit dem Pferd von mindestens zwei Kindern f\u00fcr sechs Monate gesichert.<\/p>\n\n\n\n<figure class=\"wp-block-image size-large\"><img loading=\"lazy\" decoding=\"async\" width=\"1024\" height=\"819\" src=\"https:\/\/www.fanprojekt-muenster.de\/wordpress\/wp-content\/uploads\/2025\/01\/IMG_6741-1024x819.jpg\" alt=\"\" class=\"wp-image-9625\" srcset=\"https:\/\/www.fanprojekt-muenster.de\/wordpress\/wp-content\/uploads\/2025\/01\/IMG_6741-1024x819.jpg 1024w, https:\/\/www.fanprojekt-muenster.de\/wordpress\/wp-content\/uploads\/2025\/01\/IMG_6741-300x240.jpg 300w, https:\/\/www.fanprojekt-muenster.de\/wordpress\/wp-content\/uploads\/2025\/01\/IMG_6741-768x614.jpg 768w, https:\/\/www.fanprojekt-muenster.de\/wordpress\/wp-content\/uploads\/2025\/01\/IMG_6741-1536x1229.jpg 1536w, https:\/\/www.fanprojekt-muenster.de\/wordpress\/wp-content\/uploads\/2025\/01\/IMG_6741-2048x1639.jpg 2048w\" sizes=\"auto, (max-width: 1024px) 100vw, 1024px\" \/><figcaption class=\"wp-element-caption\">Frank M\u00f6llers (l.) und Janina Schleese (r.)&nbsp;von Gl\u00fccksmomente = Kids + Pferd e.V. freuen sich&nbsp;zusammen mit Yvonne Schr\u00f6er&nbsp;(2.v.r., Bewohnerin des Vinzenzwerks) und Pferd Bernie \u00fcber die finanzielle Unterst\u00fctzung durch die&nbsp;Fangemeinschaft.&nbsp;Torben Maunz (2. v.l.) und Christoph Nientiedt (3.v.l.)&nbsp;\u00fcbergaben die Spendensumme in&nbsp;H\u00f6he von 6.500 Euro. Bildquelle: Fangemeinschaft Preu\u00dfen M\u00fcnster<\/figcaption><\/figure>\n\n\n\n<p><strong>\u00dcber<\/strong> <strong>Gl\u00fccksmomente = Kids + Pferd e.V.:<\/strong><\/p>\n\n\n\n<p>Der gemeinn\u00fctzige F\u00f6rderverein <em>Gl\u00fccksmomente = Kids + Pferd e.V.<\/em><strong> <\/strong>&nbsp;unterst\u00fctzt Kinder und Jugendliche, die besonderen F\u00f6rderbedarf, Entwicklungsst\u00f6rungen oder psychische Probleme haben. Dabei kommt die Heilp\u00e4dagogische F\u00f6rderung mit dem Pferd (HFP) zum Einsatz, eine sehr wirkungsvolle, aber enorm kostenintensive Therapiem\u00f6glichkeit, die nicht von Krankenkassen \u00fcbernommen wird. Aktuell erm\u00f6glichen drei Reitp\u00e4dagoginnen mit ihren sieben Therapie-Pferden und -Ponys diese ganzheitliche Therapieform am Vinzenzwerk. Im Mittelpunkt steht die Begegnung zwischen Mensch und Pferd: Beim Reiten und Voltigieren werden unterschiedliche Gef\u00fchle wie Freude, Sehnsucht oder W\u00e4rme geweckt. Dabei \u00fcbertragen die Tiere sp\u00fcrbare Energie und schenken den Kindern und Jugendlichen Aufmerksamkeit, Sicherheit sowie ein Gef\u00fchl von Geborgenheit. All diese positiven Erfahrungen st\u00e4rken das Selbstvertrauen und die Kommunikationsf\u00e4higkeit, Wahrnehmung sowie Motorik der jungen Menschen.<\/p>\n\n\n\n<p>Weitere Informationen unter: <a href=\"https:\/\/www.gluecksmomente-kids-pferd.de\/\">https:\/\/www.gluecksmomente-kids-pferd.de\/<\/a><\/p>\n","protected":false},"excerpt":{"rendered":"<p>Zum allj\u00e4hrlichen Neujahrsempfang der Fangemeinschaft Preu\u00dfen M\u00fcnster (vormals Fanprojekts Preu\u00dfen M\u00fcnster e.V.) kamen Anfang Januar rund 100 Mitglieder und Fans der Adlertr\u00e4ger, um gemeinsam das Jahr einzul\u00e4uten. Bei Currywurst und&#8230; <a class=\"read-more-link\" href=\"https:\/\/www.fanprojekt-muenster.de\/wordpress\/preussen-fangemeinschaft-feiert-und-spendet-6-500-euro\/\">Read more &raquo;<\/a><\/p>\n","protected":false},"author":13,"featured_media":9627,"comment_status":"closed","ping_status":"open","sticky":false,"template":"","format":"standard","meta":{"advgb_blocks_editor_width":"","advgb_blocks_columns_visual_guide":"","footnotes":""},"categories":[2,313],"tags":[],"class_list":["post-9620","post","type-post","status-publish","format-standard","has-post-thumbnail","hentry","category-aktionen","category-fans"],"featured_image_src":"https:\/\/www.fanprojekt-muenster.de\/wordpress\/wp-content\/uploads\/2025\/01\/spendenaktion_uerbergabe-scaled.jpg","author_info":{"display_name":"Malte F.","author_link":"https:\/\/www.fanprojekt-muenster.de\/wordpress\/author\/maltef\/"},"yoast_head":"<!-- This site is optimized with the Yoast SEO plugin v27.2 - https:\/\/yoast.com\/product\/yoast-seo-wordpress\/ -->\n<title>Preu\u00dfen-Fangemeinschaft feiert und spendet 6.500 Euro - Fangemeinschaft Preu\u00dfen M\u00fcnster e. V.<\/title>\n<meta name=\"robots\" content=\"index, follow, max-snippet:-1, max-image-preview:large, max-video-preview:-1\" \/>\n<link rel=\"canonical\" href=\"https:\/\/www.fanprojekt-muenster.de\/wordpress\/preussen-fangemeinschaft-feiert-und-spendet-6-500-euro\/\" \/>\n<meta property=\"og:locale\" content=\"de_DE\" \/>\n<meta property=\"og:type\" content=\"article\" \/>\n<meta property=\"og:title\" content=\"Preu\u00dfen-Fangemeinschaft feiert und spendet 6.500 Euro - Fangemeinschaft Preu\u00dfen M\u00fcnster e. V.\" \/>\n<meta property=\"og:description\" content=\"Zum allj\u00e4hrlichen Neujahrsempfang der Fangemeinschaft Preu\u00dfen M\u00fcnster (vormals Fanprojekts Preu\u00dfen M\u00fcnster e.V.) kamen Anfang Januar rund 100 Mitglieder und Fans der Adlertr\u00e4ger, um gemeinsam das Jahr einzul\u00e4uten. Bei Currywurst und... Read more &raquo;\" \/>\n<meta property=\"og:url\" content=\"https:\/\/www.fanprojekt-muenster.de\/wordpress\/preussen-fangemeinschaft-feiert-und-spendet-6-500-euro\/\" \/>\n<meta property=\"og:site_name\" content=\"Fangemeinschaft Preu\u00dfen M\u00fcnster e. V.\" \/>\n<meta property=\"article:published_time\" content=\"2025-01-23T14:29:51+00:00\" \/>\n<meta property=\"article:modified_time\" content=\"2025-01-23T14:29:53+00:00\" \/>\n<meta property=\"og:image\" content=\"https:\/\/www.fanprojekt-muenster.de\/wordpress\/wp-content\/uploads\/2025\/01\/spendenaktion_uerbergabe-scaled.jpg\" \/>\n\t<meta property=\"og:image:width\" content=\"2560\" \/>\n\t<meta property=\"og:image:height\" content=\"1979\" \/>\n\t<meta property=\"og:image:type\" content=\"image\/jpeg\" \/>\n<meta name=\"author\" content=\"Malte F.\" \/>\n<meta name=\"twitter:card\" content=\"summary_large_image\" \/>\n<meta name=\"twitter:label1\" content=\"Verfasst von\" \/>\n\t<meta name=\"twitter:data1\" content=\"Malte F.\" \/>\n\t<meta name=\"twitter:label2\" content=\"Gesch\u00e4tzte Lesezeit\" \/>\n\t<meta name=\"twitter:data2\" content=\"3\u00a0Minuten\" \/>\n<script type=\"application\/ld+json\" class=\"yoast-schema-graph\">{\"@context\":\"https:\/\/schema.org\",\"@graph\":[{\"@type\":\"Article\",\"@id\":\"https:\/\/www.fanprojekt-muenster.de\/wordpress\/preussen-fangemeinschaft-feiert-und-spendet-6-500-euro\/#article\",\"isPartOf\":{\"@id\":\"https:\/\/www.fanprojekt-muenster.de\/wordpress\/preussen-fangemeinschaft-feiert-und-spendet-6-500-euro\/\"},\"author\":{\"name\":\"Malte F.\",\"@id\":\"https:\/\/www.fanprojekt-muenster.de\/wordpress\/#\/schema\/person\/0d7743a71f840e39c7a3d2ecf29e2d99\"},\"headline\":\"Preu\u00dfen-Fangemeinschaft feiert und spendet 6.500 Euro\",\"datePublished\":\"2025-01-23T14:29:51+00:00\",\"dateModified\":\"2025-01-23T14:29:53+00:00\",\"mainEntityOfPage\":{\"@id\":\"https:\/\/www.fanprojekt-muenster.de\/wordpress\/preussen-fangemeinschaft-feiert-und-spendet-6-500-euro\/\"},\"wordCount\":471,\"publisher\":{\"@id\":\"https:\/\/www.fanprojekt-muenster.de\/wordpress\/#organization\"},\"image\":{\"@id\":\"https:\/\/www.fanprojekt-muenster.de\/wordpress\/preussen-fangemeinschaft-feiert-und-spendet-6-500-euro\/#primaryimage\"},\"thumbnailUrl\":\"https:\/\/www.fanprojekt-muenster.de\/wordpress\/wp-content\/uploads\/2025\/01\/spendenaktion_uerbergabe-scaled.jpg\",\"articleSection\":[\"Aktionen\",\"Fans\"],\"inLanguage\":\"de\"},{\"@type\":\"WebPage\",\"@id\":\"https:\/\/www.fanprojekt-muenster.de\/wordpress\/preussen-fangemeinschaft-feiert-und-spendet-6-500-euro\/\",\"url\":\"https:\/\/www.fanprojekt-muenster.de\/wordpress\/preussen-fangemeinschaft-feiert-und-spendet-6-500-euro\/\",\"name\":\"Preu\u00dfen-Fangemeinschaft feiert und spendet 6.500 Euro - Fangemeinschaft Preu\u00dfen M\u00fcnster e. V.\",\"isPartOf\":{\"@id\":\"https:\/\/www.fanprojekt-muenster.de\/wordpress\/#website\"},\"primaryImageOfPage\":{\"@id\":\"https:\/\/www.fanprojekt-muenster.de\/wordpress\/preussen-fangemeinschaft-feiert-und-spendet-6-500-euro\/#primaryimage\"},\"image\":{\"@id\":\"https:\/\/www.fanprojekt-muenster.de\/wordpress\/preussen-fangemeinschaft-feiert-und-spendet-6-500-euro\/#primaryimage\"},\"thumbnailUrl\":\"https:\/\/www.fanprojekt-muenster.de\/wordpress\/wp-content\/uploads\/2025\/01\/spendenaktion_uerbergabe-scaled.jpg\",\"datePublished\":\"2025-01-23T14:29:51+00:00\",\"dateModified\":\"2025-01-23T14:29:53+00:00\",\"breadcrumb\":{\"@id\":\"https:\/\/www.fanprojekt-muenster.de\/wordpress\/preussen-fangemeinschaft-feiert-und-spendet-6-500-euro\/#breadcrumb\"},\"inLanguage\":\"de\",\"potentialAction\":[{\"@type\":\"ReadAction\",\"target\":[\"https:\/\/www.fanprojekt-muenster.de\/wordpress\/preussen-fangemeinschaft-feiert-und-spendet-6-500-euro\/\"]}]},{\"@type\":\"ImageObject\",\"inLanguage\":\"de\",\"@id\":\"https:\/\/www.fanprojekt-muenster.de\/wordpress\/preussen-fangemeinschaft-feiert-und-spendet-6-500-euro\/#primaryimage\",\"url\":\"https:\/\/www.fanprojekt-muenster.de\/wordpress\/wp-content\/uploads\/2025\/01\/spendenaktion_uerbergabe-scaled.jpg\",\"contentUrl\":\"https:\/\/www.fanprojekt-muenster.de\/wordpress\/wp-content\/uploads\/2025\/01\/spendenaktion_uerbergabe-scaled.jpg\",\"width\":2560,\"height\":1979,\"caption\":\"Fanspende \u00fcbergibt 6.500\u20ac-Spende f\u00fcr guten Zweck\"},{\"@type\":\"BreadcrumbList\",\"@id\":\"https:\/\/www.fanprojekt-muenster.de\/wordpress\/preussen-fangemeinschaft-feiert-und-spendet-6-500-euro\/#breadcrumb\",\"itemListElement\":[{\"@type\":\"ListItem\",\"position\":1,\"name\":\"Startseite\",\"item\":\"https:\/\/www.fanprojekt-muenster.de\/wordpress\/\"},{\"@type\":\"ListItem\",\"position\":2,\"name\":\"Preu\u00dfen-Fangemeinschaft feiert und spendet 6.500 Euro\"}]},{\"@type\":\"WebSite\",\"@id\":\"https:\/\/www.fanprojekt-muenster.de\/wordpress\/#website\",\"url\":\"https:\/\/www.fanprojekt-muenster.de\/wordpress\/\",\"name\":\"Fangemeinschaft Preu\u00dfen M\u00fcnster e. V.\",\"description\":\"\",\"publisher\":{\"@id\":\"https:\/\/www.fanprojekt-muenster.de\/wordpress\/#organization\"},\"potentialAction\":[{\"@type\":\"SearchAction\",\"target\":{\"@type\":\"EntryPoint\",\"urlTemplate\":\"https:\/\/www.fanprojekt-muenster.de\/wordpress\/?s={search_term_string}\"},\"query-input\":{\"@type\":\"PropertyValueSpecification\",\"valueRequired\":true,\"valueName\":\"search_term_string\"}}],\"inLanguage\":\"de\"},{\"@type\":\"Organization\",\"@id\":\"https:\/\/www.fanprojekt-muenster.de\/wordpress\/#organization\",\"name\":\"Fangemeinschaft Preu\u00dfen M\u00fcnster e. V.\",\"url\":\"https:\/\/www.fanprojekt-muenster.de\/wordpress\/\",\"logo\":{\"@type\":\"ImageObject\",\"inLanguage\":\"de\",\"@id\":\"https:\/\/www.fanprojekt-muenster.de\/wordpress\/#\/schema\/logo\/image\/\",\"url\":\"https:\/\/www.fanprojekt-muenster.de\/wordpress\/wp-content\/uploads\/2019\/07\/cropped-Website_Logo3-9.png\",\"contentUrl\":\"https:\/\/www.fanprojekt-muenster.de\/wordpress\/wp-content\/uploads\/2019\/07\/cropped-Website_Logo3-9.png\",\"width\":224,\"height\":42,\"caption\":\"Fangemeinschaft Preu\u00dfen M\u00fcnster e. V.\"},\"image\":{\"@id\":\"https:\/\/www.fanprojekt-muenster.de\/wordpress\/#\/schema\/logo\/image\/\"}},{\"@type\":\"Person\",\"@id\":\"https:\/\/www.fanprojekt-muenster.de\/wordpress\/#\/schema\/person\/0d7743a71f840e39c7a3d2ecf29e2d99\",\"name\":\"Malte F.\",\"url\":\"https:\/\/www.fanprojekt-muenster.de\/wordpress\/author\/maltef\/\"}]}<\/script>\n<!-- \/ Yoast SEO plugin. -->","yoast_head_json":{"title":"Preu\u00dfen-Fangemeinschaft feiert und spendet 6.500 Euro - Fangemeinschaft Preu\u00dfen M\u00fcnster e. V.","robots":{"index":"index","follow":"follow","max-snippet":"max-snippet:-1","max-image-preview":"max-image-preview:large","max-video-preview":"max-video-preview:-1"},"canonical":"https:\/\/www.fanprojekt-muenster.de\/wordpress\/preussen-fangemeinschaft-feiert-und-spendet-6-500-euro\/","og_locale":"de_DE","og_type":"article","og_title":"Preu\u00dfen-Fangemeinschaft feiert und spendet 6.500 Euro - Fangemeinschaft Preu\u00dfen M\u00fcnster e. V.","og_description":"Zum allj\u00e4hrlichen Neujahrsempfang der Fangemeinschaft Preu\u00dfen M\u00fcnster (vormals Fanprojekts Preu\u00dfen M\u00fcnster e.V.) kamen Anfang Januar rund 100 Mitglieder und Fans der Adlertr\u00e4ger, um gemeinsam das Jahr einzul\u00e4uten. Bei Currywurst und... Read more &raquo;","og_url":"https:\/\/www.fanprojekt-muenster.de\/wordpress\/preussen-fangemeinschaft-feiert-und-spendet-6-500-euro\/","og_site_name":"Fangemeinschaft Preu\u00dfen M\u00fcnster e. V.","article_published_time":"2025-01-23T14:29:51+00:00","article_modified_time":"2025-01-23T14:29:53+00:00","og_image":[{"width":2560,"height":1979,"url":"https:\/\/www.fanprojekt-muenster.de\/wordpress\/wp-content\/uploads\/2025\/01\/spendenaktion_uerbergabe-scaled.jpg","type":"image\/jpeg"}],"author":"Malte F.","twitter_card":"summary_large_image","twitter_misc":{"Verfasst von":"Malte F.","Gesch\u00e4tzte Lesezeit":"3\u00a0Minuten"},"schema":{"@context":"https:\/\/schema.org","@graph":[{"@type":"Article","@id":"https:\/\/www.fanprojekt-muenster.de\/wordpress\/preussen-fangemeinschaft-feiert-und-spendet-6-500-euro\/#article","isPartOf":{"@id":"https:\/\/www.fanprojekt-muenster.de\/wordpress\/preussen-fangemeinschaft-feiert-und-spendet-6-500-euro\/"},"author":{"name":"Malte F.","@id":"https:\/\/www.fanprojekt-muenster.de\/wordpress\/#\/schema\/person\/0d7743a71f840e39c7a3d2ecf29e2d99"},"headline":"Preu\u00dfen-Fangemeinschaft feiert und spendet 6.500 Euro","datePublished":"2025-01-23T14:29:51+00:00","dateModified":"2025-01-23T14:29:53+00:00","mainEntityOfPage":{"@id":"https:\/\/www.fanprojekt-muenster.de\/wordpress\/preussen-fangemeinschaft-feiert-und-spendet-6-500-euro\/"},"wordCount":471,"publisher":{"@id":"https:\/\/www.fanprojekt-muenster.de\/wordpress\/#organization"},"image":{"@id":"https:\/\/www.fanprojekt-muenster.de\/wordpress\/preussen-fangemeinschaft-feiert-und-spendet-6-500-euro\/#primaryimage"},"thumbnailUrl":"https:\/\/www.fanprojekt-muenster.de\/wordpress\/wp-content\/uploads\/2025\/01\/spendenaktion_uerbergabe-scaled.jpg","articleSection":["Aktionen","Fans"],"inLanguage":"de"},{"@type":"WebPage","@id":"https:\/\/www.fanprojekt-muenster.de\/wordpress\/preussen-fangemeinschaft-feiert-und-spendet-6-500-euro\/","url":"https:\/\/www.fanprojekt-muenster.de\/wordpress\/preussen-fangemeinschaft-feiert-und-spendet-6-500-euro\/","name":"Preu\u00dfen-Fangemeinschaft feiert und spendet 6.500 Euro - Fangemeinschaft Preu\u00dfen M\u00fcnster e. V.","isPartOf":{"@id":"https:\/\/www.fanprojekt-muenster.de\/wordpress\/#website"},"primaryImageOfPage":{"@id":"https:\/\/www.fanprojekt-muenster.de\/wordpress\/preussen-fangemeinschaft-feiert-und-spendet-6-500-euro\/#primaryimage"},"image":{"@id":"https:\/\/www.fanprojekt-muenster.de\/wordpress\/preussen-fangemeinschaft-feiert-und-spendet-6-500-euro\/#primaryimage"},"thumbnailUrl":"https:\/\/www.fanprojekt-muenster.de\/wordpress\/wp-content\/uploads\/2025\/01\/spendenaktion_uerbergabe-scaled.jpg","datePublished":"2025-01-23T14:29:51+00:00","dateModified":"2025-01-23T14:29:53+00:00","breadcrumb":{"@id":"https:\/\/www.fanprojekt-muenster.de\/wordpress\/preussen-fangemeinschaft-feiert-und-spendet-6-500-euro\/#breadcrumb"},"inLanguage":"de","potentialAction":[{"@type":"ReadAction","target":["https:\/\/www.fanprojekt-muenster.de\/wordpress\/preussen-fangemeinschaft-feiert-und-spendet-6-500-euro\/"]}]},{"@type":"ImageObject","inLanguage":"de","@id":"https:\/\/www.fanprojekt-muenster.de\/wordpress\/preussen-fangemeinschaft-feiert-und-spendet-6-500-euro\/#primaryimage","url":"https:\/\/www.fanprojekt-muenster.de\/wordpress\/wp-content\/uploads\/2025\/01\/spendenaktion_uerbergabe-scaled.jpg","contentUrl":"https:\/\/www.fanprojekt-muenster.de\/wordpress\/wp-content\/uploads\/2025\/01\/spendenaktion_uerbergabe-scaled.jpg","width":2560,"height":1979,"caption":"Fanspende \u00fcbergibt 6.500\u20ac-Spende f\u00fcr guten Zweck"},{"@type":"BreadcrumbList","@id":"https:\/\/www.fanprojekt-muenster.de\/wordpress\/preussen-fangemeinschaft-feiert-und-spendet-6-500-euro\/#breadcrumb","itemListElement":[{"@type":"ListItem","position":1,"name":"Startseite","item":"https:\/\/www.fanprojekt-muenster.de\/wordpress\/"},{"@type":"ListItem","position":2,"name":"Preu\u00dfen-Fangemeinschaft feiert und spendet 6.500 Euro"}]},{"@type":"WebSite","@id":"https:\/\/www.fanprojekt-muenster.de\/wordpress\/#website","url":"https:\/\/www.fanprojekt-muenster.de\/wordpress\/","name":"Fangemeinschaft Preu\u00dfen M\u00fcnster e. V.","description":"","publisher":{"@id":"https:\/\/www.fanprojekt-muenster.de\/wordpress\/#organization"},"potentialAction":[{"@type":"SearchAction","target":{"@type":"EntryPoint","urlTemplate":"https:\/\/www.fanprojekt-muenster.de\/wordpress\/?s={search_term_string}"},"query-input":{"@type":"PropertyValueSpecification","valueRequired":true,"valueName":"search_term_string"}}],"inLanguage":"de"},{"@type":"Organization","@id":"https:\/\/www.fanprojekt-muenster.de\/wordpress\/#organization","name":"Fangemeinschaft Preu\u00dfen M\u00fcnster e. V.","url":"https:\/\/www.fanprojekt-muenster.de\/wordpress\/","logo":{"@type":"ImageObject","inLanguage":"de","@id":"https:\/\/www.fanprojekt-muenster.de\/wordpress\/#\/schema\/logo\/image\/","url":"https:\/\/www.fanprojekt-muenster.de\/wordpress\/wp-content\/uploads\/2019\/07\/cropped-Website_Logo3-9.png","contentUrl":"https:\/\/www.fanprojekt-muenster.de\/wordpress\/wp-content\/uploads\/2019\/07\/cropped-Website_Logo3-9.png","width":224,"height":42,"caption":"Fangemeinschaft Preu\u00dfen M\u00fcnster e. V."},"image":{"@id":"https:\/\/www.fanprojekt-muenster.de\/wordpress\/#\/schema\/logo\/image\/"}},{"@type":"Person","@id":"https:\/\/www.fanprojekt-muenster.de\/wordpress\/#\/schema\/person\/0d7743a71f840e39c7a3d2ecf29e2d99","name":"Malte F.","url":"https:\/\/www.fanprojekt-muenster.de\/wordpress\/author\/maltef\/"}]}},"author_meta":{"display_name":"Malte F.","author_link":"https:\/\/www.fanprojekt-muenster.de\/wordpress\/author\/maltef\/"},"featured_img":"https:\/\/www.fanprojekt-muenster.de\/wordpress\/wp-content\/uploads\/2025\/01\/spendenaktion_uerbergabe-300x232.jpg","coauthors":[],"tax_additional":{"categories":{"linked":["<a href=\"https:\/\/www.fanprojekt-muenster.de\/wordpress\/category\/aktionen\/\" class=\"advgb-post-tax-term\">Aktionen<\/a>","<a href=\"https:\/\/www.fanprojekt-muenster.de\/wordpress\/category\/fans\/\" class=\"advgb-post-tax-term\">Fans<\/a>"],"unlinked":["<span class=\"advgb-post-tax-term\">Aktionen<\/span>","<span class=\"advgb-post-tax-term\">Fans<\/span>"]}},"comment_count":"0","relative_dates":{"created":"Posted 1\u00a0Jahr ago","modified":"Updated 1\u00a0Jahr ago"},"absolute_dates":{"created":"Posted on 23. Januar 2025","modified":"Updated on 23. Januar 2025"},"absolute_dates_time":{"created":"Posted on 23. Januar 2025 15:29","modified":"Updated on 23. Januar 2025 15:29"},"featured_img_caption":"","series_order":"","_links":{"self":[{"href":"https:\/\/www.fanprojekt-muenster.de\/wordpress\/wp-json\/wp\/v2\/posts\/9620","targetHints":{"allow":["GET"]}}],"collection":[{"href":"https:\/\/www.fanprojekt-muenster.de\/wordpress\/wp-json\/wp\/v2\/posts"}],"about":[{"href":"https:\/\/www.fanprojekt-muenster.de\/wordpress\/wp-json\/wp\/v2\/types\/post"}],"author":[{"embeddable":true,"href":"https:\/\/www.fanprojekt-muenster.de\/wordpress\/wp-json\/wp\/v2\/users\/13"}],"replies":[{"embeddable":true,"href":"https:\/\/www.fanprojekt-muenster.de\/wordpress\/wp-json\/wp\/v2\/comments?post=9620"}],"version-history":[{"count":6,"href":"https:\/\/www.fanprojekt-muenster.de\/wordpress\/wp-json\/wp\/v2\/posts\/9620\/revisions"}],"predecessor-version":[{"id":9628,"href":"https:\/\/www.fanprojekt-muenster.de\/wordpress\/wp-json\/wp\/v2\/posts\/9620\/revisions\/9628"}],"wp:featuredmedia":[{"embeddable":true,"href":"https:\/\/www.fanprojekt-muenster.de\/wordpress\/wp-json\/wp\/v2\/media\/9627"}],"wp:attachment":[{"href":"https:\/\/www.fanprojekt-muenster.de\/wordpress\/wp-json\/wp\/v2\/media?parent=9620"}],"wp:term":[{"taxonomy":"category","embeddable":true,"href":"https:\/\/www.fanprojekt-muenster.de\/wordpress\/wp-json\/wp\/v2\/categories?post=9620"},{"taxonomy":"post_tag","embeddable":true,"href":"https:\/\/www.fanprojekt-muenster.de\/wordpress\/wp-json\/wp\/v2\/tags?post=9620"}],"curies":[{"name":"wp","href":"https:\/\/api.w.org\/{rel}","templated":true}]}}