{"id":9607,"date":"2025-01-17T18:33:15","date_gmt":"2025-01-17T17:33:15","guid":{"rendered":"https:\/\/www.fanprojekt-muenster.de\/wordpress\/?p=9607"},"modified":"2025-01-22T22:24:45","modified_gmt":"2025-01-22T21:24:45","slug":"zum-rueckrundenstart-gegen-fuerth-abschluss-der-lanyard-spendenaktion","status":"publish","type":"post","link":"https:\/\/www.fanprojekt-muenster.de\/wordpress\/zum-rueckrundenstart-gegen-fuerth-abschluss-der-lanyard-spendenaktion\/","title":{"rendered":"Zum R\u00fcckrundenstart gegen F\u00fcrth: Abschluss der Lanyard-Spendenaktion"},"content":{"rendered":"\n<div class=\"wp-block-columns is-layout-flex wp-container-core-columns-is-layout-9d6595d7 wp-block-columns-is-layout-flex\">\n<div class=\"wp-block-column is-layout-flow wp-block-column-is-layout-flow\">\n<p>Jungen Menschen mit Behinderungen, Entwicklungsst\u00f6rungen oder psychischen Problemen zu helfen, dem hat sich der Verein <a href=\"https:\/\/www.gluecksmomente-kids-pferd.de\">Gl\u00fccksmomente = Kids+Pferd e.V.<\/a> mit Unterst\u00fctzung des Vinzenzwerk Handorf e.V. verschrieben. Dank eurer Unterst\u00fctzung konnten wir f\u00fcr diesen guten Zweck bereits 3.000\u20ac im Rahmen des Neujahrsempfangs sammeln. Mit dem Abschluss unserer Spendenaktion wollen wir diese Summe nun nochmal gemeinsam aufstocken:<\/p>\n\n\n\n<p>Zum R\u00fcckrundenauftakt am morgigen Samstag habt ihr die Gelegenheit, euch die Schl\u00fcsselanh\u00e4nger zum Preis von 5\u20ac + X zu sichern. Hierzu werden wir am FG-Container, auf dem Stadionvorplatz, am Stand der Linie 1906 und breit gestreut im gesamten Stadion pr\u00e4sent sein.<\/p>\n\n\n\n<p>All jene, die es am Samstag nicht zur Hammer Stra\u00dfe schaffen, k\u00f6nnen Restexemplare (soweit vorhanden) am Sonntag im Rahmen der Jahreshauptversammlung des Sportclubs erwerben.<\/p>\n<\/div>\n\n\n\n<div class=\"wp-block-column is-layout-flow wp-block-column-is-layout-flow\" style=\"flex-basis:180px\"><div class=\"wp-block-image\">\n<figure class=\"aligncenter size-large is-resized\"><img loading=\"lazy\" decoding=\"async\" width=\"293\" height=\"1024\" src=\"https:\/\/www.fanprojekt-muenster.de\/wordpress\/wp-content\/uploads\/2025\/01\/IMG_6651-2-293x1024.jpg\" alt=\"Lanyard\" class=\"wp-image-9610\" style=\"width:120px\" srcset=\"https:\/\/www.fanprojekt-muenster.de\/wordpress\/wp-content\/uploads\/2025\/01\/IMG_6651-2-293x1024.jpg 293w, https:\/\/www.fanprojekt-muenster.de\/wordpress\/wp-content\/uploads\/2025\/01\/IMG_6651-2-86x300.jpg 86w, https:\/\/www.fanprojekt-muenster.de\/wordpress\/wp-content\/uploads\/2025\/01\/IMG_6651-2-440x1536.jpg 440w, https:\/\/www.fanprojekt-muenster.de\/wordpress\/wp-content\/uploads\/2025\/01\/IMG_6651-2.jpg 457w\" sizes=\"auto, (max-width: 293px) 100vw, 293px\" \/><\/figure>\n<\/div><\/div>\n<\/div>\n","protected":false},"excerpt":{"rendered":"<p>Jungen Menschen mit Behinderungen, Entwicklungsst\u00f6rungen oder psychischen Problemen zu helfen, dem hat sich der Verein Gl\u00fccksmomente = Kids+Pferd e.V. mit Unterst\u00fctzung des Vinzenzwerk Handorf e.V. verschrieben. Dank eurer Unterst\u00fctzung konnten&#8230; <a class=\"read-more-link\" href=\"https:\/\/www.fanprojekt-muenster.de\/wordpress\/zum-rueckrundenstart-gegen-fuerth-abschluss-der-lanyard-spendenaktion\/\">Read more &raquo;<\/a><\/p>\n","protected":false},"author":13,"featured_media":9617,"comment_status":"closed","ping_status":"open","sticky":false,"template":"","format":"standard","meta":{"advgb_blocks_editor_width":"","advgb_blocks_columns_visual_guide":"","footnotes":""},"categories":[2,313],"tags":[],"class_list":["post-9607","post","type-post","status-publish","format-standard","has-post-thumbnail","hentry","category-aktionen","category-fans"],"featured_image_src":"https:\/\/www.fanprojekt-muenster.de\/wordpress\/wp-content\/uploads\/2025\/01\/b07fa0f7-fd24-4745-931c-17b3a41edcd4-scaled.jpeg","author_info":{"display_name":"Malte F.","author_link":"https:\/\/www.fanprojekt-muenster.de\/wordpress\/author\/maltef\/"},"yoast_head":"<!-- This site is optimized with the Yoast SEO plugin v27.2 - https:\/\/yoast.com\/product\/yoast-seo-wordpress\/ -->\n<title>Zum R\u00fcckrundenstart gegen F\u00fcrth: Abschluss der Lanyard-Spendenaktion - Fangemeinschaft Preu\u00dfen M\u00fcnster e. V.<\/title>\n<meta name=\"robots\" content=\"index, follow, max-snippet:-1, max-image-preview:large, max-video-preview:-1\" \/>\n<link rel=\"canonical\" href=\"https:\/\/www.fanprojekt-muenster.de\/wordpress\/zum-rueckrundenstart-gegen-fuerth-abschluss-der-lanyard-spendenaktion\/\" \/>\n<meta property=\"og:locale\" content=\"de_DE\" \/>\n<meta property=\"og:type\" content=\"article\" \/>\n<meta property=\"og:title\" content=\"Zum R\u00fcckrundenstart gegen F\u00fcrth: Abschluss der Lanyard-Spendenaktion - Fangemeinschaft Preu\u00dfen M\u00fcnster e. V.\" \/>\n<meta property=\"og:description\" content=\"Jungen Menschen mit Behinderungen, Entwicklungsst\u00f6rungen oder psychischen Problemen zu helfen, dem hat sich der Verein Gl\u00fccksmomente = Kids+Pferd e.V. mit Unterst\u00fctzung des Vinzenzwerk Handorf e.V. verschrieben. Dank eurer Unterst\u00fctzung konnten... Read more &raquo;\" \/>\n<meta property=\"og:url\" content=\"https:\/\/www.fanprojekt-muenster.de\/wordpress\/zum-rueckrundenstart-gegen-fuerth-abschluss-der-lanyard-spendenaktion\/\" \/>\n<meta property=\"og:site_name\" content=\"Fangemeinschaft Preu\u00dfen M\u00fcnster e. V.\" \/>\n<meta property=\"article:published_time\" content=\"2025-01-17T17:33:15+00:00\" \/>\n<meta property=\"article:modified_time\" content=\"2025-01-22T21:24:45+00:00\" \/>\n<meta property=\"og:image\" content=\"https:\/\/www.fanprojekt-muenster.de\/wordpress\/wp-content\/uploads\/2025\/01\/b07fa0f7-fd24-4745-931c-17b3a41edcd4-scaled.jpeg\" \/>\n\t<meta property=\"og:image:width\" content=\"2560\" \/>\n\t<meta property=\"og:image:height\" content=\"2042\" \/>\n\t<meta property=\"og:image:type\" content=\"image\/jpeg\" \/>\n<meta name=\"author\" content=\"Malte F.\" \/>\n<meta name=\"twitter:card\" content=\"summary_large_image\" \/>\n<meta name=\"twitter:label1\" content=\"Verfasst von\" \/>\n\t<meta name=\"twitter:data1\" content=\"Malte F.\" \/>\n\t<meta name=\"twitter:label2\" content=\"Gesch\u00e4tzte Lesezeit\" \/>\n\t<meta name=\"twitter:data2\" content=\"2\u00a0Minuten\" \/>\n<script type=\"application\/ld+json\" class=\"yoast-schema-graph\">{\"@context\":\"https:\/\/schema.org\",\"@graph\":[{\"@type\":\"Article\",\"@id\":\"https:\/\/www.fanprojekt-muenster.de\/wordpress\/zum-rueckrundenstart-gegen-fuerth-abschluss-der-lanyard-spendenaktion\/#article\",\"isPartOf\":{\"@id\":\"https:\/\/www.fanprojekt-muenster.de\/wordpress\/zum-rueckrundenstart-gegen-fuerth-abschluss-der-lanyard-spendenaktion\/\"},\"author\":{\"name\":\"Malte F.\",\"@id\":\"https:\/\/www.fanprojekt-muenster.de\/wordpress\/#\/schema\/person\/0d7743a71f840e39c7a3d2ecf29e2d99\"},\"headline\":\"Zum R\u00fcckrundenstart gegen F\u00fcrth: Abschluss der Lanyard-Spendenaktion\",\"datePublished\":\"2025-01-17T17:33:15+00:00\",\"dateModified\":\"2025-01-22T21:24:45+00:00\",\"mainEntityOfPage\":{\"@id\":\"https:\/\/www.fanprojekt-muenster.de\/wordpress\/zum-rueckrundenstart-gegen-fuerth-abschluss-der-lanyard-spendenaktion\/\"},\"wordCount\":138,\"publisher\":{\"@id\":\"https:\/\/www.fanprojekt-muenster.de\/wordpress\/#organization\"},\"image\":{\"@id\":\"https:\/\/www.fanprojekt-muenster.de\/wordpress\/zum-rueckrundenstart-gegen-fuerth-abschluss-der-lanyard-spendenaktion\/#primaryimage\"},\"thumbnailUrl\":\"https:\/\/www.fanprojekt-muenster.de\/wordpress\/wp-content\/uploads\/2025\/01\/b07fa0f7-fd24-4745-931c-17b3a41edcd4-scaled.jpeg\",\"articleSection\":[\"Aktionen\",\"Fans\"],\"inLanguage\":\"de\"},{\"@type\":\"WebPage\",\"@id\":\"https:\/\/www.fanprojekt-muenster.de\/wordpress\/zum-rueckrundenstart-gegen-fuerth-abschluss-der-lanyard-spendenaktion\/\",\"url\":\"https:\/\/www.fanprojekt-muenster.de\/wordpress\/zum-rueckrundenstart-gegen-fuerth-abschluss-der-lanyard-spendenaktion\/\",\"name\":\"Zum R\u00fcckrundenstart gegen F\u00fcrth: Abschluss der Lanyard-Spendenaktion - Fangemeinschaft Preu\u00dfen M\u00fcnster e. V.\",\"isPartOf\":{\"@id\":\"https:\/\/www.fanprojekt-muenster.de\/wordpress\/#website\"},\"primaryImageOfPage\":{\"@id\":\"https:\/\/www.fanprojekt-muenster.de\/wordpress\/zum-rueckrundenstart-gegen-fuerth-abschluss-der-lanyard-spendenaktion\/#primaryimage\"},\"image\":{\"@id\":\"https:\/\/www.fanprojekt-muenster.de\/wordpress\/zum-rueckrundenstart-gegen-fuerth-abschluss-der-lanyard-spendenaktion\/#primaryimage\"},\"thumbnailUrl\":\"https:\/\/www.fanprojekt-muenster.de\/wordpress\/wp-content\/uploads\/2025\/01\/b07fa0f7-fd24-4745-931c-17b3a41edcd4-scaled.jpeg\",\"datePublished\":\"2025-01-17T17:33:15+00:00\",\"dateModified\":\"2025-01-22T21:24:45+00:00\",\"breadcrumb\":{\"@id\":\"https:\/\/www.fanprojekt-muenster.de\/wordpress\/zum-rueckrundenstart-gegen-fuerth-abschluss-der-lanyard-spendenaktion\/#breadcrumb\"},\"inLanguage\":\"de\",\"potentialAction\":[{\"@type\":\"ReadAction\",\"target\":[\"https:\/\/www.fanprojekt-muenster.de\/wordpress\/zum-rueckrundenstart-gegen-fuerth-abschluss-der-lanyard-spendenaktion\/\"]}]},{\"@type\":\"ImageObject\",\"inLanguage\":\"de\",\"@id\":\"https:\/\/www.fanprojekt-muenster.de\/wordpress\/zum-rueckrundenstart-gegen-fuerth-abschluss-der-lanyard-spendenaktion\/#primaryimage\",\"url\":\"https:\/\/www.fanprojekt-muenster.de\/wordpress\/wp-content\/uploads\/2025\/01\/b07fa0f7-fd24-4745-931c-17b3a41edcd4-scaled.jpeg\",\"contentUrl\":\"https:\/\/www.fanprojekt-muenster.de\/wordpress\/wp-content\/uploads\/2025\/01\/b07fa0f7-fd24-4745-931c-17b3a41edcd4-scaled.jpeg\",\"width\":2560,\"height\":2042},{\"@type\":\"BreadcrumbList\",\"@id\":\"https:\/\/www.fanprojekt-muenster.de\/wordpress\/zum-rueckrundenstart-gegen-fuerth-abschluss-der-lanyard-spendenaktion\/#breadcrumb\",\"itemListElement\":[{\"@type\":\"ListItem\",\"position\":1,\"name\":\"Startseite\",\"item\":\"https:\/\/www.fanprojekt-muenster.de\/wordpress\/\"},{\"@type\":\"ListItem\",\"position\":2,\"name\":\"Zum R\u00fcckrundenstart gegen F\u00fcrth: Abschluss der Lanyard-Spendenaktion\"}]},{\"@type\":\"WebSite\",\"@id\":\"https:\/\/www.fanprojekt-muenster.de\/wordpress\/#website\",\"url\":\"https:\/\/www.fanprojekt-muenster.de\/wordpress\/\",\"name\":\"Fangemeinschaft Preu\u00dfen M\u00fcnster e. V.\",\"description\":\"\",\"publisher\":{\"@id\":\"https:\/\/www.fanprojekt-muenster.de\/wordpress\/#organization\"},\"potentialAction\":[{\"@type\":\"SearchAction\",\"target\":{\"@type\":\"EntryPoint\",\"urlTemplate\":\"https:\/\/www.fanprojekt-muenster.de\/wordpress\/?s={search_term_string}\"},\"query-input\":{\"@type\":\"PropertyValueSpecification\",\"valueRequired\":true,\"valueName\":\"search_term_string\"}}],\"inLanguage\":\"de\"},{\"@type\":\"Organization\",\"@id\":\"https:\/\/www.fanprojekt-muenster.de\/wordpress\/#organization\",\"name\":\"Fangemeinschaft Preu\u00dfen M\u00fcnster e. V.\",\"url\":\"https:\/\/www.fanprojekt-muenster.de\/wordpress\/\",\"logo\":{\"@type\":\"ImageObject\",\"inLanguage\":\"de\",\"@id\":\"https:\/\/www.fanprojekt-muenster.de\/wordpress\/#\/schema\/logo\/image\/\",\"url\":\"https:\/\/www.fanprojekt-muenster.de\/wordpress\/wp-content\/uploads\/2019\/07\/cropped-Website_Logo3-9.png\",\"contentUrl\":\"https:\/\/www.fanprojekt-muenster.de\/wordpress\/wp-content\/uploads\/2019\/07\/cropped-Website_Logo3-9.png\",\"width\":224,\"height\":42,\"caption\":\"Fangemeinschaft Preu\u00dfen M\u00fcnster e. V.\"},\"image\":{\"@id\":\"https:\/\/www.fanprojekt-muenster.de\/wordpress\/#\/schema\/logo\/image\/\"}},{\"@type\":\"Person\",\"@id\":\"https:\/\/www.fanprojekt-muenster.de\/wordpress\/#\/schema\/person\/0d7743a71f840e39c7a3d2ecf29e2d99\",\"name\":\"Malte F.\",\"url\":\"https:\/\/www.fanprojekt-muenster.de\/wordpress\/author\/maltef\/\"}]}<\/script>\n<!-- \/ Yoast SEO plugin. -->","yoast_head_json":{"title":"Zum R\u00fcckrundenstart gegen F\u00fcrth: Abschluss der Lanyard-Spendenaktion - Fangemeinschaft Preu\u00dfen M\u00fcnster e. V.","robots":{"index":"index","follow":"follow","max-snippet":"max-snippet:-1","max-image-preview":"max-image-preview:large","max-video-preview":"max-video-preview:-1"},"canonical":"https:\/\/www.fanprojekt-muenster.de\/wordpress\/zum-rueckrundenstart-gegen-fuerth-abschluss-der-lanyard-spendenaktion\/","og_locale":"de_DE","og_type":"article","og_title":"Zum R\u00fcckrundenstart gegen F\u00fcrth: Abschluss der Lanyard-Spendenaktion - Fangemeinschaft Preu\u00dfen M\u00fcnster e. V.","og_description":"Jungen Menschen mit Behinderungen, Entwicklungsst\u00f6rungen oder psychischen Problemen zu helfen, dem hat sich der Verein Gl\u00fccksmomente = Kids+Pferd e.V. mit Unterst\u00fctzung des Vinzenzwerk Handorf e.V. verschrieben. Dank eurer Unterst\u00fctzung konnten... Read more &raquo;","og_url":"https:\/\/www.fanprojekt-muenster.de\/wordpress\/zum-rueckrundenstart-gegen-fuerth-abschluss-der-lanyard-spendenaktion\/","og_site_name":"Fangemeinschaft Preu\u00dfen M\u00fcnster e. V.","article_published_time":"2025-01-17T17:33:15+00:00","article_modified_time":"2025-01-22T21:24:45+00:00","og_image":[{"width":2560,"height":2042,"url":"https:\/\/www.fanprojekt-muenster.de\/wordpress\/wp-content\/uploads\/2025\/01\/b07fa0f7-fd24-4745-931c-17b3a41edcd4-scaled.jpeg","type":"image\/jpeg"}],"author":"Malte F.","twitter_card":"summary_large_image","twitter_misc":{"Verfasst von":"Malte F.","Gesch\u00e4tzte Lesezeit":"2\u00a0Minuten"},"schema":{"@context":"https:\/\/schema.org","@graph":[{"@type":"Article","@id":"https:\/\/www.fanprojekt-muenster.de\/wordpress\/zum-rueckrundenstart-gegen-fuerth-abschluss-der-lanyard-spendenaktion\/#article","isPartOf":{"@id":"https:\/\/www.fanprojekt-muenster.de\/wordpress\/zum-rueckrundenstart-gegen-fuerth-abschluss-der-lanyard-spendenaktion\/"},"author":{"name":"Malte F.","@id":"https:\/\/www.fanprojekt-muenster.de\/wordpress\/#\/schema\/person\/0d7743a71f840e39c7a3d2ecf29e2d99"},"headline":"Zum R\u00fcckrundenstart gegen F\u00fcrth: Abschluss der Lanyard-Spendenaktion","datePublished":"2025-01-17T17:33:15+00:00","dateModified":"2025-01-22T21:24:45+00:00","mainEntityOfPage":{"@id":"https:\/\/www.fanprojekt-muenster.de\/wordpress\/zum-rueckrundenstart-gegen-fuerth-abschluss-der-lanyard-spendenaktion\/"},"wordCount":138,"publisher":{"@id":"https:\/\/www.fanprojekt-muenster.de\/wordpress\/#organization"},"image":{"@id":"https:\/\/www.fanprojekt-muenster.de\/wordpress\/zum-rueckrundenstart-gegen-fuerth-abschluss-der-lanyard-spendenaktion\/#primaryimage"},"thumbnailUrl":"https:\/\/www.fanprojekt-muenster.de\/wordpress\/wp-content\/uploads\/2025\/01\/b07fa0f7-fd24-4745-931c-17b3a41edcd4-scaled.jpeg","articleSection":["Aktionen","Fans"],"inLanguage":"de"},{"@type":"WebPage","@id":"https:\/\/www.fanprojekt-muenster.de\/wordpress\/zum-rueckrundenstart-gegen-fuerth-abschluss-der-lanyard-spendenaktion\/","url":"https:\/\/www.fanprojekt-muenster.de\/wordpress\/zum-rueckrundenstart-gegen-fuerth-abschluss-der-lanyard-spendenaktion\/","name":"Zum R\u00fcckrundenstart gegen F\u00fcrth: Abschluss der Lanyard-Spendenaktion - Fangemeinschaft Preu\u00dfen M\u00fcnster e. V.","isPartOf":{"@id":"https:\/\/www.fanprojekt-muenster.de\/wordpress\/#website"},"primaryImageOfPage":{"@id":"https:\/\/www.fanprojekt-muenster.de\/wordpress\/zum-rueckrundenstart-gegen-fuerth-abschluss-der-lanyard-spendenaktion\/#primaryimage"},"image":{"@id":"https:\/\/www.fanprojekt-muenster.de\/wordpress\/zum-rueckrundenstart-gegen-fuerth-abschluss-der-lanyard-spendenaktion\/#primaryimage"},"thumbnailUrl":"https:\/\/www.fanprojekt-muenster.de\/wordpress\/wp-content\/uploads\/2025\/01\/b07fa0f7-fd24-4745-931c-17b3a41edcd4-scaled.jpeg","datePublished":"2025-01-17T17:33:15+00:00","dateModified":"2025-01-22T21:24:45+00:00","breadcrumb":{"@id":"https:\/\/www.fanprojekt-muenster.de\/wordpress\/zum-rueckrundenstart-gegen-fuerth-abschluss-der-lanyard-spendenaktion\/#breadcrumb"},"inLanguage":"de","potentialAction":[{"@type":"ReadAction","target":["https:\/\/www.fanprojekt-muenster.de\/wordpress\/zum-rueckrundenstart-gegen-fuerth-abschluss-der-lanyard-spendenaktion\/"]}]},{"@type":"ImageObject","inLanguage":"de","@id":"https:\/\/www.fanprojekt-muenster.de\/wordpress\/zum-rueckrundenstart-gegen-fuerth-abschluss-der-lanyard-spendenaktion\/#primaryimage","url":"https:\/\/www.fanprojekt-muenster.de\/wordpress\/wp-content\/uploads\/2025\/01\/b07fa0f7-fd24-4745-931c-17b3a41edcd4-scaled.jpeg","contentUrl":"https:\/\/www.fanprojekt-muenster.de\/wordpress\/wp-content\/uploads\/2025\/01\/b07fa0f7-fd24-4745-931c-17b3a41edcd4-scaled.jpeg","width":2560,"height":2042},{"@type":"BreadcrumbList","@id":"https:\/\/www.fanprojekt-muenster.de\/wordpress\/zum-rueckrundenstart-gegen-fuerth-abschluss-der-lanyard-spendenaktion\/#breadcrumb","itemListElement":[{"@type":"ListItem","position":1,"name":"Startseite","item":"https:\/\/www.fanprojekt-muenster.de\/wordpress\/"},{"@type":"ListItem","position":2,"name":"Zum R\u00fcckrundenstart gegen F\u00fcrth: Abschluss der Lanyard-Spendenaktion"}]},{"@type":"WebSite","@id":"https:\/\/www.fanprojekt-muenster.de\/wordpress\/#website","url":"https:\/\/www.fanprojekt-muenster.de\/wordpress\/","name":"Fangemeinschaft Preu\u00dfen M\u00fcnster e. V.","description":"","publisher":{"@id":"https:\/\/www.fanprojekt-muenster.de\/wordpress\/#organization"},"potentialAction":[{"@type":"SearchAction","target":{"@type":"EntryPoint","urlTemplate":"https:\/\/www.fanprojekt-muenster.de\/wordpress\/?s={search_term_string}"},"query-input":{"@type":"PropertyValueSpecification","valueRequired":true,"valueName":"search_term_string"}}],"inLanguage":"de"},{"@type":"Organization","@id":"https:\/\/www.fanprojekt-muenster.de\/wordpress\/#organization","name":"Fangemeinschaft Preu\u00dfen M\u00fcnster e. V.","url":"https:\/\/www.fanprojekt-muenster.de\/wordpress\/","logo":{"@type":"ImageObject","inLanguage":"de","@id":"https:\/\/www.fanprojekt-muenster.de\/wordpress\/#\/schema\/logo\/image\/","url":"https:\/\/www.fanprojekt-muenster.de\/wordpress\/wp-content\/uploads\/2019\/07\/cropped-Website_Logo3-9.png","contentUrl":"https:\/\/www.fanprojekt-muenster.de\/wordpress\/wp-content\/uploads\/2019\/07\/cropped-Website_Logo3-9.png","width":224,"height":42,"caption":"Fangemeinschaft Preu\u00dfen M\u00fcnster e. V."},"image":{"@id":"https:\/\/www.fanprojekt-muenster.de\/wordpress\/#\/schema\/logo\/image\/"}},{"@type":"Person","@id":"https:\/\/www.fanprojekt-muenster.de\/wordpress\/#\/schema\/person\/0d7743a71f840e39c7a3d2ecf29e2d99","name":"Malte F.","url":"https:\/\/www.fanprojekt-muenster.de\/wordpress\/author\/maltef\/"}]}},"author_meta":{"display_name":"Malte F.","author_link":"https:\/\/www.fanprojekt-muenster.de\/wordpress\/author\/maltef\/"},"featured_img":"https:\/\/www.fanprojekt-muenster.de\/wordpress\/wp-content\/uploads\/2025\/01\/b07fa0f7-fd24-4745-931c-17b3a41edcd4-300x239.jpeg","coauthors":[],"tax_additional":{"categories":{"linked":["<a href=\"https:\/\/www.fanprojekt-muenster.de\/wordpress\/category\/aktionen\/\" class=\"advgb-post-tax-term\">Aktionen<\/a>","<a href=\"https:\/\/www.fanprojekt-muenster.de\/wordpress\/category\/fans\/\" class=\"advgb-post-tax-term\">Fans<\/a>"],"unlinked":["<span class=\"advgb-post-tax-term\">Aktionen<\/span>","<span class=\"advgb-post-tax-term\">Fans<\/span>"]}},"comment_count":"0","relative_dates":{"created":"Posted 1\u00a0Jahr ago","modified":"Updated 1\u00a0Jahr ago"},"absolute_dates":{"created":"Posted on 17. Januar 2025","modified":"Updated on 22. Januar 2025"},"absolute_dates_time":{"created":"Posted on 17. Januar 2025 18:33","modified":"Updated on 22. Januar 2025 22:24"},"featured_img_caption":"","series_order":"","_links":{"self":[{"href":"https:\/\/www.fanprojekt-muenster.de\/wordpress\/wp-json\/wp\/v2\/posts\/9607","targetHints":{"allow":["GET"]}}],"collection":[{"href":"https:\/\/www.fanprojekt-muenster.de\/wordpress\/wp-json\/wp\/v2\/posts"}],"about":[{"href":"https:\/\/www.fanprojekt-muenster.de\/wordpress\/wp-json\/wp\/v2\/types\/post"}],"author":[{"embeddable":true,"href":"https:\/\/www.fanprojekt-muenster.de\/wordpress\/wp-json\/wp\/v2\/users\/13"}],"replies":[{"embeddable":true,"href":"https:\/\/www.fanprojekt-muenster.de\/wordpress\/wp-json\/wp\/v2\/comments?post=9607"}],"version-history":[{"count":5,"href":"https:\/\/www.fanprojekt-muenster.de\/wordpress\/wp-json\/wp\/v2\/posts\/9607\/revisions"}],"predecessor-version":[{"id":9616,"href":"https:\/\/www.fanprojekt-muenster.de\/wordpress\/wp-json\/wp\/v2\/posts\/9607\/revisions\/9616"}],"wp:featuredmedia":[{"embeddable":true,"href":"https:\/\/www.fanprojekt-muenster.de\/wordpress\/wp-json\/wp\/v2\/media\/9617"}],"wp:attachment":[{"href":"https:\/\/www.fanprojekt-muenster.de\/wordpress\/wp-json\/wp\/v2\/media?parent=9607"}],"wp:term":[{"taxonomy":"category","embeddable":true,"href":"https:\/\/www.fanprojekt-muenster.de\/wordpress\/wp-json\/wp\/v2\/categories?post=9607"},{"taxonomy":"post_tag","embeddable":true,"href":"https:\/\/www.fanprojekt-muenster.de\/wordpress\/wp-json\/wp\/v2\/tags?post=9607"}],"curies":[{"name":"wp","href":"https:\/\/api.w.org\/{rel}","templated":true}]}}