{"id":9583,"date":"2024-12-20T14:10:52","date_gmt":"2024-12-20T13:10:52","guid":{"rendered":"https:\/\/www.fanprojekt-muenster.de\/wordpress\/?p=9583"},"modified":"2024-12-20T15:27:38","modified_gmt":"2024-12-20T14:27:38","slug":"fangemeinschaft-startet-spendenaktion-besondere-preussen-lanyards-fuer-den-guten-zweck","status":"publish","type":"post","link":"https:\/\/www.fanprojekt-muenster.de\/wordpress\/fangemeinschaft-startet-spendenaktion-besondere-preussen-lanyards-fuer-den-guten-zweck\/","title":{"rendered":"Fangemeinschaft startet Spendenaktion &#8211; Besondere Preu\u00dfen-Lanyards f\u00fcr den guten Zweck"},"content":{"rendered":"\n<p>Es ist bereits Tradition, dass die Fangemeinschaft in der Vorweihnachtszeit eine Spendenaktion f\u00fcr den guten Zweck startet. In diesem Jahr bietet sie spezielle Preu\u00dfen-Schl\u00fcsselanh\u00e4nger f\u00fcr eine Mindestspende von 5 Euro an. Fans k\u00f6nnen die Lanyards nach dem Heimspiel am Samstag gegen Ulm beim Weihnachtsmarkt der Fangemeinschaft erwerben.<\/p>\n\n\n\n<p>Die Schl\u00fcsselanh\u00e4nger enthalten die aus dem Stadion bekannte Textzeile des Kurvenliedes \u201eIch komm aus der Stadt M\u00fcnster, die alles ist, was z\u00e4hlt \u2026\u201c und sind nat\u00fcrlich in schwarz-wei\u00df-gr\u00fcn gestaltet. Fans sollten allerdings schnell sein, die begehrten Schl\u00fcsselanh\u00e4nger sind streng limitiert. Der gesamte Erl\u00f6s dieser neuen Spendenaktion kommt in diesem Jahr dem Verein <strong>Kids plus Pferd e.V.<\/strong> des Vinzenzwerks in M\u00fcnster-Handorf zugute. Es flie\u00dft dort in die heilp\u00e4dagogische F\u00f6rderung mit Pferden. Weitere Infos dazu <a href=\"https:\/\/www.vinzenzwerk-handorf.de\/heilp%C3%A4dagogische-f%C3%B6rderung-mit-dem-pferd-mit-pferden-leben-und-erleben\">HIER <\/a><\/p>\n\n\n\n<p>Also, Preu\u00dfenfans: Am Samstag erst die Adlertr\u00e4ger zum Sieg schreien und anschlie\u00dfend auf zum Weihnachtsmarkt der Fangemeinschaft!<\/p>\n\n\n\n<figure class=\"wp-block-image size-large\"><img loading=\"lazy\" decoding=\"async\" width=\"1024\" height=\"1024\" src=\"https:\/\/www.fanprojekt-muenster.de\/wordpress\/wp-content\/uploads\/2024\/12\/WhatsApp-Image-2024-12-20-at-13.27.57-1-1024x1024.jpeg\" alt=\"\" class=\"wp-image-9585\" srcset=\"https:\/\/www.fanprojekt-muenster.de\/wordpress\/wp-content\/uploads\/2024\/12\/WhatsApp-Image-2024-12-20-at-13.27.57-1-1024x1024.jpeg 1024w, https:\/\/www.fanprojekt-muenster.de\/wordpress\/wp-content\/uploads\/2024\/12\/WhatsApp-Image-2024-12-20-at-13.27.57-1-300x300.jpeg 300w, https:\/\/www.fanprojekt-muenster.de\/wordpress\/wp-content\/uploads\/2024\/12\/WhatsApp-Image-2024-12-20-at-13.27.57-1-150x150.jpeg 150w, https:\/\/www.fanprojekt-muenster.de\/wordpress\/wp-content\/uploads\/2024\/12\/WhatsApp-Image-2024-12-20-at-13.27.57-1-768x768.jpeg 768w, https:\/\/www.fanprojekt-muenster.de\/wordpress\/wp-content\/uploads\/2024\/12\/WhatsApp-Image-2024-12-20-at-13.27.57-1-1536x1536.jpeg 1536w, https:\/\/www.fanprojekt-muenster.de\/wordpress\/wp-content\/uploads\/2024\/12\/WhatsApp-Image-2024-12-20-at-13.27.57-1-2048x2048.jpeg 2048w, https:\/\/www.fanprojekt-muenster.de\/wordpress\/wp-content\/uploads\/2024\/12\/WhatsApp-Image-2024-12-20-at-13.27.57-1-576x576.jpeg 576w\" sizes=\"auto, (max-width: 1024px) 100vw, 1024px\" \/><\/figure>\n","protected":false},"excerpt":{"rendered":"<p>Es ist bereits Tradition, dass die Fangemeinschaft in der Vorweihnachtszeit eine Spendenaktion f\u00fcr den guten Zweck startet. In diesem Jahr bietet sie spezielle Preu\u00dfen-Schl\u00fcsselanh\u00e4nger f\u00fcr eine Mindestspende von 5 Euro&#8230; <a class=\"read-more-link\" href=\"https:\/\/www.fanprojekt-muenster.de\/wordpress\/fangemeinschaft-startet-spendenaktion-besondere-preussen-lanyards-fuer-den-guten-zweck\/\">Read more &raquo;<\/a><\/p>\n","protected":false},"author":11,"featured_media":9584,"comment_status":"closed","ping_status":"open","sticky":false,"template":"","format":"standard","meta":{"advgb_blocks_editor_width":"","advgb_blocks_columns_visual_guide":"","footnotes":""},"categories":[2,313],"tags":[],"class_list":["post-9583","post","type-post","status-publish","format-standard","has-post-thumbnail","hentry","category-aktionen","category-fans"],"featured_image_src":"https:\/\/www.fanprojekt-muenster.de\/wordpress\/wp-content\/uploads\/2024\/12\/WhatsApp-Image-2024-12-20-at-13.27.57-scaled.jpeg","author_info":{"display_name":"Julius","author_link":"https:\/\/www.fanprojekt-muenster.de\/wordpress\/author\/juliush\/"},"yoast_head":"<!-- This site is optimized with the Yoast SEO plugin v27.2 - https:\/\/yoast.com\/product\/yoast-seo-wordpress\/ -->\n<title>Fangemeinschaft startet Spendenaktion - Besondere Preu\u00dfen-Lanyards f\u00fcr den guten Zweck - Fangemeinschaft Preu\u00dfen M\u00fcnster e. V.<\/title>\n<meta name=\"robots\" content=\"index, follow, max-snippet:-1, max-image-preview:large, max-video-preview:-1\" \/>\n<link rel=\"canonical\" href=\"https:\/\/www.fanprojekt-muenster.de\/wordpress\/fangemeinschaft-startet-spendenaktion-besondere-preussen-lanyards-fuer-den-guten-zweck\/\" \/>\n<meta property=\"og:locale\" content=\"de_DE\" \/>\n<meta property=\"og:type\" content=\"article\" \/>\n<meta property=\"og:title\" content=\"Fangemeinschaft startet Spendenaktion - Besondere Preu\u00dfen-Lanyards f\u00fcr den guten Zweck - Fangemeinschaft Preu\u00dfen M\u00fcnster e. V.\" \/>\n<meta property=\"og:description\" content=\"Es ist bereits Tradition, dass die Fangemeinschaft in der Vorweihnachtszeit eine Spendenaktion f\u00fcr den guten Zweck startet. In diesem Jahr bietet sie spezielle Preu\u00dfen-Schl\u00fcsselanh\u00e4nger f\u00fcr eine Mindestspende von 5 Euro... Read more &raquo;\" \/>\n<meta property=\"og:url\" content=\"https:\/\/www.fanprojekt-muenster.de\/wordpress\/fangemeinschaft-startet-spendenaktion-besondere-preussen-lanyards-fuer-den-guten-zweck\/\" \/>\n<meta property=\"og:site_name\" content=\"Fangemeinschaft Preu\u00dfen M\u00fcnster e. V.\" \/>\n<meta property=\"article:published_time\" content=\"2024-12-20T13:10:52+00:00\" \/>\n<meta property=\"article:modified_time\" content=\"2024-12-20T14:27:38+00:00\" \/>\n<meta property=\"og:image\" content=\"https:\/\/www.fanprojekt-muenster.de\/wordpress\/wp-content\/uploads\/2024\/12\/WhatsApp-Image-2024-12-20-at-13.27.57-scaled.jpeg\" \/>\n\t<meta property=\"og:image:width\" content=\"2560\" \/>\n\t<meta property=\"og:image:height\" content=\"2560\" \/>\n\t<meta property=\"og:image:type\" content=\"image\/jpeg\" \/>\n<meta name=\"author\" content=\"Julius\" \/>\n<meta name=\"twitter:card\" content=\"summary_large_image\" \/>\n<meta name=\"twitter:label1\" content=\"Verfasst von\" \/>\n\t<meta name=\"twitter:data1\" content=\"Julius\" \/>\n\t<meta name=\"twitter:label2\" content=\"Gesch\u00e4tzte Lesezeit\" \/>\n\t<meta name=\"twitter:data2\" content=\"2\u00a0Minuten\" \/>\n<script type=\"application\/ld+json\" class=\"yoast-schema-graph\">{\"@context\":\"https:\/\/schema.org\",\"@graph\":[{\"@type\":\"Article\",\"@id\":\"https:\/\/www.fanprojekt-muenster.de\/wordpress\/fangemeinschaft-startet-spendenaktion-besondere-preussen-lanyards-fuer-den-guten-zweck\/#article\",\"isPartOf\":{\"@id\":\"https:\/\/www.fanprojekt-muenster.de\/wordpress\/fangemeinschaft-startet-spendenaktion-besondere-preussen-lanyards-fuer-den-guten-zweck\/\"},\"author\":{\"name\":\"Julius\",\"@id\":\"https:\/\/www.fanprojekt-muenster.de\/wordpress\/#\/schema\/person\/d6f23c25f1746fe09de1ce0642a01dc0\"},\"headline\":\"Fangemeinschaft startet Spendenaktion &#8211; Besondere Preu\u00dfen-Lanyards f\u00fcr den guten Zweck\",\"datePublished\":\"2024-12-20T13:10:52+00:00\",\"dateModified\":\"2024-12-20T14:27:38+00:00\",\"mainEntityOfPage\":{\"@id\":\"https:\/\/www.fanprojekt-muenster.de\/wordpress\/fangemeinschaft-startet-spendenaktion-besondere-preussen-lanyards-fuer-den-guten-zweck\/\"},\"wordCount\":172,\"publisher\":{\"@id\":\"https:\/\/www.fanprojekt-muenster.de\/wordpress\/#organization\"},\"image\":{\"@id\":\"https:\/\/www.fanprojekt-muenster.de\/wordpress\/fangemeinschaft-startet-spendenaktion-besondere-preussen-lanyards-fuer-den-guten-zweck\/#primaryimage\"},\"thumbnailUrl\":\"https:\/\/www.fanprojekt-muenster.de\/wordpress\/wp-content\/uploads\/2024\/12\/WhatsApp-Image-2024-12-20-at-13.27.57-scaled.jpeg\",\"articleSection\":[\"Aktionen\",\"Fans\"],\"inLanguage\":\"de\"},{\"@type\":\"WebPage\",\"@id\":\"https:\/\/www.fanprojekt-muenster.de\/wordpress\/fangemeinschaft-startet-spendenaktion-besondere-preussen-lanyards-fuer-den-guten-zweck\/\",\"url\":\"https:\/\/www.fanprojekt-muenster.de\/wordpress\/fangemeinschaft-startet-spendenaktion-besondere-preussen-lanyards-fuer-den-guten-zweck\/\",\"name\":\"Fangemeinschaft startet Spendenaktion - Besondere Preu\u00dfen-Lanyards f\u00fcr den guten Zweck - Fangemeinschaft Preu\u00dfen M\u00fcnster e. V.\",\"isPartOf\":{\"@id\":\"https:\/\/www.fanprojekt-muenster.de\/wordpress\/#website\"},\"primaryImageOfPage\":{\"@id\":\"https:\/\/www.fanprojekt-muenster.de\/wordpress\/fangemeinschaft-startet-spendenaktion-besondere-preussen-lanyards-fuer-den-guten-zweck\/#primaryimage\"},\"image\":{\"@id\":\"https:\/\/www.fanprojekt-muenster.de\/wordpress\/fangemeinschaft-startet-spendenaktion-besondere-preussen-lanyards-fuer-den-guten-zweck\/#primaryimage\"},\"thumbnailUrl\":\"https:\/\/www.fanprojekt-muenster.de\/wordpress\/wp-content\/uploads\/2024\/12\/WhatsApp-Image-2024-12-20-at-13.27.57-scaled.jpeg\",\"datePublished\":\"2024-12-20T13:10:52+00:00\",\"dateModified\":\"2024-12-20T14:27:38+00:00\",\"breadcrumb\":{\"@id\":\"https:\/\/www.fanprojekt-muenster.de\/wordpress\/fangemeinschaft-startet-spendenaktion-besondere-preussen-lanyards-fuer-den-guten-zweck\/#breadcrumb\"},\"inLanguage\":\"de\",\"potentialAction\":[{\"@type\":\"ReadAction\",\"target\":[\"https:\/\/www.fanprojekt-muenster.de\/wordpress\/fangemeinschaft-startet-spendenaktion-besondere-preussen-lanyards-fuer-den-guten-zweck\/\"]}]},{\"@type\":\"ImageObject\",\"inLanguage\":\"de\",\"@id\":\"https:\/\/www.fanprojekt-muenster.de\/wordpress\/fangemeinschaft-startet-spendenaktion-besondere-preussen-lanyards-fuer-den-guten-zweck\/#primaryimage\",\"url\":\"https:\/\/www.fanprojekt-muenster.de\/wordpress\/wp-content\/uploads\/2024\/12\/WhatsApp-Image-2024-12-20-at-13.27.57-scaled.jpeg\",\"contentUrl\":\"https:\/\/www.fanprojekt-muenster.de\/wordpress\/wp-content\/uploads\/2024\/12\/WhatsApp-Image-2024-12-20-at-13.27.57-scaled.jpeg\",\"width\":2560,\"height\":2560},{\"@type\":\"BreadcrumbList\",\"@id\":\"https:\/\/www.fanprojekt-muenster.de\/wordpress\/fangemeinschaft-startet-spendenaktion-besondere-preussen-lanyards-fuer-den-guten-zweck\/#breadcrumb\",\"itemListElement\":[{\"@type\":\"ListItem\",\"position\":1,\"name\":\"Startseite\",\"item\":\"https:\/\/www.fanprojekt-muenster.de\/wordpress\/\"},{\"@type\":\"ListItem\",\"position\":2,\"name\":\"Fangemeinschaft startet Spendenaktion &#8211; Besondere Preu\u00dfen-Lanyards f\u00fcr den guten Zweck\"}]},{\"@type\":\"WebSite\",\"@id\":\"https:\/\/www.fanprojekt-muenster.de\/wordpress\/#website\",\"url\":\"https:\/\/www.fanprojekt-muenster.de\/wordpress\/\",\"name\":\"Fangemeinschaft Preu\u00dfen M\u00fcnster e. V.\",\"description\":\"\",\"publisher\":{\"@id\":\"https:\/\/www.fanprojekt-muenster.de\/wordpress\/#organization\"},\"potentialAction\":[{\"@type\":\"SearchAction\",\"target\":{\"@type\":\"EntryPoint\",\"urlTemplate\":\"https:\/\/www.fanprojekt-muenster.de\/wordpress\/?s={search_term_string}\"},\"query-input\":{\"@type\":\"PropertyValueSpecification\",\"valueRequired\":true,\"valueName\":\"search_term_string\"}}],\"inLanguage\":\"de\"},{\"@type\":\"Organization\",\"@id\":\"https:\/\/www.fanprojekt-muenster.de\/wordpress\/#organization\",\"name\":\"Fangemeinschaft Preu\u00dfen M\u00fcnster e. V.\",\"url\":\"https:\/\/www.fanprojekt-muenster.de\/wordpress\/\",\"logo\":{\"@type\":\"ImageObject\",\"inLanguage\":\"de\",\"@id\":\"https:\/\/www.fanprojekt-muenster.de\/wordpress\/#\/schema\/logo\/image\/\",\"url\":\"https:\/\/www.fanprojekt-muenster.de\/wordpress\/wp-content\/uploads\/2019\/07\/cropped-Website_Logo3-9.png\",\"contentUrl\":\"https:\/\/www.fanprojekt-muenster.de\/wordpress\/wp-content\/uploads\/2019\/07\/cropped-Website_Logo3-9.png\",\"width\":224,\"height\":42,\"caption\":\"Fangemeinschaft Preu\u00dfen M\u00fcnster e. V.\"},\"image\":{\"@id\":\"https:\/\/www.fanprojekt-muenster.de\/wordpress\/#\/schema\/logo\/image\/\"}},{\"@type\":\"Person\",\"@id\":\"https:\/\/www.fanprojekt-muenster.de\/wordpress\/#\/schema\/person\/d6f23c25f1746fe09de1ce0642a01dc0\",\"name\":\"Julius\",\"url\":\"https:\/\/www.fanprojekt-muenster.de\/wordpress\/author\/juliush\/\"}]}<\/script>\n<!-- \/ Yoast SEO plugin. -->","yoast_head_json":{"title":"Fangemeinschaft startet Spendenaktion - Besondere Preu\u00dfen-Lanyards f\u00fcr den guten Zweck - Fangemeinschaft Preu\u00dfen M\u00fcnster e. V.","robots":{"index":"index","follow":"follow","max-snippet":"max-snippet:-1","max-image-preview":"max-image-preview:large","max-video-preview":"max-video-preview:-1"},"canonical":"https:\/\/www.fanprojekt-muenster.de\/wordpress\/fangemeinschaft-startet-spendenaktion-besondere-preussen-lanyards-fuer-den-guten-zweck\/","og_locale":"de_DE","og_type":"article","og_title":"Fangemeinschaft startet Spendenaktion - Besondere Preu\u00dfen-Lanyards f\u00fcr den guten Zweck - Fangemeinschaft Preu\u00dfen M\u00fcnster e. V.","og_description":"Es ist bereits Tradition, dass die Fangemeinschaft in der Vorweihnachtszeit eine Spendenaktion f\u00fcr den guten Zweck startet. In diesem Jahr bietet sie spezielle Preu\u00dfen-Schl\u00fcsselanh\u00e4nger f\u00fcr eine Mindestspende von 5 Euro... Read more &raquo;","og_url":"https:\/\/www.fanprojekt-muenster.de\/wordpress\/fangemeinschaft-startet-spendenaktion-besondere-preussen-lanyards-fuer-den-guten-zweck\/","og_site_name":"Fangemeinschaft Preu\u00dfen M\u00fcnster e. V.","article_published_time":"2024-12-20T13:10:52+00:00","article_modified_time":"2024-12-20T14:27:38+00:00","og_image":[{"width":2560,"height":2560,"url":"https:\/\/www.fanprojekt-muenster.de\/wordpress\/wp-content\/uploads\/2024\/12\/WhatsApp-Image-2024-12-20-at-13.27.57-scaled.jpeg","type":"image\/jpeg"}],"author":"Julius","twitter_card":"summary_large_image","twitter_misc":{"Verfasst von":"Julius","Gesch\u00e4tzte Lesezeit":"2\u00a0Minuten"},"schema":{"@context":"https:\/\/schema.org","@graph":[{"@type":"Article","@id":"https:\/\/www.fanprojekt-muenster.de\/wordpress\/fangemeinschaft-startet-spendenaktion-besondere-preussen-lanyards-fuer-den-guten-zweck\/#article","isPartOf":{"@id":"https:\/\/www.fanprojekt-muenster.de\/wordpress\/fangemeinschaft-startet-spendenaktion-besondere-preussen-lanyards-fuer-den-guten-zweck\/"},"author":{"name":"Julius","@id":"https:\/\/www.fanprojekt-muenster.de\/wordpress\/#\/schema\/person\/d6f23c25f1746fe09de1ce0642a01dc0"},"headline":"Fangemeinschaft startet Spendenaktion &#8211; Besondere Preu\u00dfen-Lanyards f\u00fcr den guten Zweck","datePublished":"2024-12-20T13:10:52+00:00","dateModified":"2024-12-20T14:27:38+00:00","mainEntityOfPage":{"@id":"https:\/\/www.fanprojekt-muenster.de\/wordpress\/fangemeinschaft-startet-spendenaktion-besondere-preussen-lanyards-fuer-den-guten-zweck\/"},"wordCount":172,"publisher":{"@id":"https:\/\/www.fanprojekt-muenster.de\/wordpress\/#organization"},"image":{"@id":"https:\/\/www.fanprojekt-muenster.de\/wordpress\/fangemeinschaft-startet-spendenaktion-besondere-preussen-lanyards-fuer-den-guten-zweck\/#primaryimage"},"thumbnailUrl":"https:\/\/www.fanprojekt-muenster.de\/wordpress\/wp-content\/uploads\/2024\/12\/WhatsApp-Image-2024-12-20-at-13.27.57-scaled.jpeg","articleSection":["Aktionen","Fans"],"inLanguage":"de"},{"@type":"WebPage","@id":"https:\/\/www.fanprojekt-muenster.de\/wordpress\/fangemeinschaft-startet-spendenaktion-besondere-preussen-lanyards-fuer-den-guten-zweck\/","url":"https:\/\/www.fanprojekt-muenster.de\/wordpress\/fangemeinschaft-startet-spendenaktion-besondere-preussen-lanyards-fuer-den-guten-zweck\/","name":"Fangemeinschaft startet Spendenaktion - Besondere Preu\u00dfen-Lanyards f\u00fcr den guten Zweck - Fangemeinschaft Preu\u00dfen M\u00fcnster e. V.","isPartOf":{"@id":"https:\/\/www.fanprojekt-muenster.de\/wordpress\/#website"},"primaryImageOfPage":{"@id":"https:\/\/www.fanprojekt-muenster.de\/wordpress\/fangemeinschaft-startet-spendenaktion-besondere-preussen-lanyards-fuer-den-guten-zweck\/#primaryimage"},"image":{"@id":"https:\/\/www.fanprojekt-muenster.de\/wordpress\/fangemeinschaft-startet-spendenaktion-besondere-preussen-lanyards-fuer-den-guten-zweck\/#primaryimage"},"thumbnailUrl":"https:\/\/www.fanprojekt-muenster.de\/wordpress\/wp-content\/uploads\/2024\/12\/WhatsApp-Image-2024-12-20-at-13.27.57-scaled.jpeg","datePublished":"2024-12-20T13:10:52+00:00","dateModified":"2024-12-20T14:27:38+00:00","breadcrumb":{"@id":"https:\/\/www.fanprojekt-muenster.de\/wordpress\/fangemeinschaft-startet-spendenaktion-besondere-preussen-lanyards-fuer-den-guten-zweck\/#breadcrumb"},"inLanguage":"de","potentialAction":[{"@type":"ReadAction","target":["https:\/\/www.fanprojekt-muenster.de\/wordpress\/fangemeinschaft-startet-spendenaktion-besondere-preussen-lanyards-fuer-den-guten-zweck\/"]}]},{"@type":"ImageObject","inLanguage":"de","@id":"https:\/\/www.fanprojekt-muenster.de\/wordpress\/fangemeinschaft-startet-spendenaktion-besondere-preussen-lanyards-fuer-den-guten-zweck\/#primaryimage","url":"https:\/\/www.fanprojekt-muenster.de\/wordpress\/wp-content\/uploads\/2024\/12\/WhatsApp-Image-2024-12-20-at-13.27.57-scaled.jpeg","contentUrl":"https:\/\/www.fanprojekt-muenster.de\/wordpress\/wp-content\/uploads\/2024\/12\/WhatsApp-Image-2024-12-20-at-13.27.57-scaled.jpeg","width":2560,"height":2560},{"@type":"BreadcrumbList","@id":"https:\/\/www.fanprojekt-muenster.de\/wordpress\/fangemeinschaft-startet-spendenaktion-besondere-preussen-lanyards-fuer-den-guten-zweck\/#breadcrumb","itemListElement":[{"@type":"ListItem","position":1,"name":"Startseite","item":"https:\/\/www.fanprojekt-muenster.de\/wordpress\/"},{"@type":"ListItem","position":2,"name":"Fangemeinschaft startet Spendenaktion &#8211; Besondere Preu\u00dfen-Lanyards f\u00fcr den guten Zweck"}]},{"@type":"WebSite","@id":"https:\/\/www.fanprojekt-muenster.de\/wordpress\/#website","url":"https:\/\/www.fanprojekt-muenster.de\/wordpress\/","name":"Fangemeinschaft Preu\u00dfen M\u00fcnster e. V.","description":"","publisher":{"@id":"https:\/\/www.fanprojekt-muenster.de\/wordpress\/#organization"},"potentialAction":[{"@type":"SearchAction","target":{"@type":"EntryPoint","urlTemplate":"https:\/\/www.fanprojekt-muenster.de\/wordpress\/?s={search_term_string}"},"query-input":{"@type":"PropertyValueSpecification","valueRequired":true,"valueName":"search_term_string"}}],"inLanguage":"de"},{"@type":"Organization","@id":"https:\/\/www.fanprojekt-muenster.de\/wordpress\/#organization","name":"Fangemeinschaft Preu\u00dfen M\u00fcnster e. V.","url":"https:\/\/www.fanprojekt-muenster.de\/wordpress\/","logo":{"@type":"ImageObject","inLanguage":"de","@id":"https:\/\/www.fanprojekt-muenster.de\/wordpress\/#\/schema\/logo\/image\/","url":"https:\/\/www.fanprojekt-muenster.de\/wordpress\/wp-content\/uploads\/2019\/07\/cropped-Website_Logo3-9.png","contentUrl":"https:\/\/www.fanprojekt-muenster.de\/wordpress\/wp-content\/uploads\/2019\/07\/cropped-Website_Logo3-9.png","width":224,"height":42,"caption":"Fangemeinschaft Preu\u00dfen M\u00fcnster e. V."},"image":{"@id":"https:\/\/www.fanprojekt-muenster.de\/wordpress\/#\/schema\/logo\/image\/"}},{"@type":"Person","@id":"https:\/\/www.fanprojekt-muenster.de\/wordpress\/#\/schema\/person\/d6f23c25f1746fe09de1ce0642a01dc0","name":"Julius","url":"https:\/\/www.fanprojekt-muenster.de\/wordpress\/author\/juliush\/"}]}},"author_meta":{"display_name":"Julius","author_link":"https:\/\/www.fanprojekt-muenster.de\/wordpress\/author\/juliush\/"},"featured_img":"https:\/\/www.fanprojekt-muenster.de\/wordpress\/wp-content\/uploads\/2024\/12\/WhatsApp-Image-2024-12-20-at-13.27.57-300x300.jpeg","coauthors":[],"tax_additional":{"categories":{"linked":["<a href=\"https:\/\/www.fanprojekt-muenster.de\/wordpress\/category\/aktionen\/\" class=\"advgb-post-tax-term\">Aktionen<\/a>","<a href=\"https:\/\/www.fanprojekt-muenster.de\/wordpress\/category\/fans\/\" class=\"advgb-post-tax-term\">Fans<\/a>"],"unlinked":["<span class=\"advgb-post-tax-term\">Aktionen<\/span>","<span class=\"advgb-post-tax-term\">Fans<\/span>"]}},"comment_count":"0","relative_dates":{"created":"Posted 1\u00a0Jahr ago","modified":"Updated 1\u00a0Jahr ago"},"absolute_dates":{"created":"Posted on 20. Dezember 2024","modified":"Updated on 20. Dezember 2024"},"absolute_dates_time":{"created":"Posted on 20. Dezember 2024 14:10","modified":"Updated on 20. Dezember 2024 15:27"},"featured_img_caption":"","series_order":"","_links":{"self":[{"href":"https:\/\/www.fanprojekt-muenster.de\/wordpress\/wp-json\/wp\/v2\/posts\/9583","targetHints":{"allow":["GET"]}}],"collection":[{"href":"https:\/\/www.fanprojekt-muenster.de\/wordpress\/wp-json\/wp\/v2\/posts"}],"about":[{"href":"https:\/\/www.fanprojekt-muenster.de\/wordpress\/wp-json\/wp\/v2\/types\/post"}],"author":[{"embeddable":true,"href":"https:\/\/www.fanprojekt-muenster.de\/wordpress\/wp-json\/wp\/v2\/users\/11"}],"replies":[{"embeddable":true,"href":"https:\/\/www.fanprojekt-muenster.de\/wordpress\/wp-json\/wp\/v2\/comments?post=9583"}],"version-history":[{"count":3,"href":"https:\/\/www.fanprojekt-muenster.de\/wordpress\/wp-json\/wp\/v2\/posts\/9583\/revisions"}],"predecessor-version":[{"id":9589,"href":"https:\/\/www.fanprojekt-muenster.de\/wordpress\/wp-json\/wp\/v2\/posts\/9583\/revisions\/9589"}],"wp:featuredmedia":[{"embeddable":true,"href":"https:\/\/www.fanprojekt-muenster.de\/wordpress\/wp-json\/wp\/v2\/media\/9584"}],"wp:attachment":[{"href":"https:\/\/www.fanprojekt-muenster.de\/wordpress\/wp-json\/wp\/v2\/media?parent=9583"}],"wp:term":[{"taxonomy":"category","embeddable":true,"href":"https:\/\/www.fanprojekt-muenster.de\/wordpress\/wp-json\/wp\/v2\/categories?post=9583"},{"taxonomy":"post_tag","embeddable":true,"href":"https:\/\/www.fanprojekt-muenster.de\/wordpress\/wp-json\/wp\/v2\/tags?post=9583"}],"curies":[{"name":"wp","href":"https:\/\/api.w.org\/{rel}","templated":true}]}}