{"id":9564,"date":"2024-12-12T12:04:45","date_gmt":"2024-12-12T11:04:45","guid":{"rendered":"https:\/\/www.fanprojekt-muenster.de\/wordpress\/?p=9564"},"modified":"2024-12-12T12:05:49","modified_gmt":"2024-12-12T11:05:49","slug":"alle-jahre-wieder-fangemeinschaft-laedt-zum-neujahrsempfang-2025","status":"publish","type":"post","link":"https:\/\/www.fanprojekt-muenster.de\/wordpress\/alle-jahre-wieder-fangemeinschaft-laedt-zum-neujahrsempfang-2025\/","title":{"rendered":"Alle Jahre wieder: Fangemeinschaft l\u00e4dt zum Neujahrsempfang 2025"},"content":{"rendered":"\n<p>Am 04. Januar 2025 ist es wieder so weit: Traditionell um 19:06 Uhr m\u00f6chte die Fangemeinschaft das neue Jahr gemeinsam mit seinen Mitgliedern einl\u00e4uten. Werft die guten Vors\u00e4tze \u00fcber Bord und freut euch \u00fcber einen kurzweiligen Abend in der Haupttrib\u00fcne des Preu\u00dfenstadions. Wie immer startet die Veranstaltung um 19:06. Der Eintrittspreis liegt bei 20 Euro f\u00fcr FG-Mitglieder, 25 Euro f\u00fcr Nicht-Mitglieder. Daf\u00fcr wird euch einiges geboten: Im Preis enthalten ist ein feines Buffet. Getr\u00e4nke kann man zu fairen Preisen erwerben. Wie immer k\u00f6nnen Lose f\u00fcr die legend\u00e4re Tombola erworben werden. Dieses Mal wird es eine Reihe ganz besondere Preise geben. Zu den attraktiven Hauptgewinnen z\u00e4hlen u.a. eine Ballonfahrt, VIP-Tickets f\u00fcr ein SCP-Spiel oder eine Familienjahreskarte f\u00fcr den Allwetterzoo M\u00fcnster. S\u00e4mtliche Einnahmen werden an Gl\u00fccksmomente = Kids + Pferd e.V. des Vinzenzwerks Handorf e.V. gespendet.<\/p>\n\n\n\n<p><em>So kommt ihr an Tickets&#8230;<\/em><\/p>\n\n\n\n<p>Lasst euch die Kult-Veranstaltung nicht entgehen. Die Karten sind begrenzt. Also seid schnell: Tickets k\u00f6nnen ab sofort per Mail an <a href=\"mailto:kontakt@fanprojekt-muenster.de\">kontakt@fanprojekt-muenster.de<\/a> reserviert werden. Die Zahlung und Ausgabe der Tickets erfolgt beim n\u00e4chsten Heimspiel gegen den SSV Ulm auf dem Weihnachtsmarkt\/ Fancontainer.<\/p>\n\n\n\n<figure class=\"wp-block-image size-large\"><img loading=\"lazy\" decoding=\"async\" width=\"1024\" height=\"768\" src=\"https:\/\/www.fanprojekt-muenster.de\/wordpress\/wp-content\/uploads\/2024\/12\/WhatsApp-Image-2024-12-11-at-09.34.48-1-1024x768.jpeg\" alt=\"\" class=\"wp-image-9567\" srcset=\"https:\/\/www.fanprojekt-muenster.de\/wordpress\/wp-content\/uploads\/2024\/12\/WhatsApp-Image-2024-12-11-at-09.34.48-1-1024x768.jpeg 1024w, https:\/\/www.fanprojekt-muenster.de\/wordpress\/wp-content\/uploads\/2024\/12\/WhatsApp-Image-2024-12-11-at-09.34.48-1-300x225.jpeg 300w, https:\/\/www.fanprojekt-muenster.de\/wordpress\/wp-content\/uploads\/2024\/12\/WhatsApp-Image-2024-12-11-at-09.34.48-1-768x576.jpeg 768w, https:\/\/www.fanprojekt-muenster.de\/wordpress\/wp-content\/uploads\/2024\/12\/WhatsApp-Image-2024-12-11-at-09.34.48-1-1536x1153.jpeg 1536w, https:\/\/www.fanprojekt-muenster.de\/wordpress\/wp-content\/uploads\/2024\/12\/WhatsApp-Image-2024-12-11-at-09.34.48-1-2048x1537.jpeg 2048w, https:\/\/www.fanprojekt-muenster.de\/wordpress\/wp-content\/uploads\/2024\/12\/WhatsApp-Image-2024-12-11-at-09.34.48-1-576x432.jpeg 576w\" sizes=\"auto, (max-width: 1024px) 100vw, 1024px\" \/><\/figure>\n","protected":false},"excerpt":{"rendered":"<p>Am 04. Januar 2025 ist es wieder so weit: Traditionell um 19:06 Uhr m\u00f6chte die Fangemeinschaft das neue Jahr gemeinsam mit seinen Mitgliedern einl\u00e4uten. Werft die guten Vors\u00e4tze \u00fcber Bord&#8230; <a class=\"read-more-link\" href=\"https:\/\/www.fanprojekt-muenster.de\/wordpress\/alle-jahre-wieder-fangemeinschaft-laedt-zum-neujahrsempfang-2025\/\">Read more &raquo;<\/a><\/p>\n","protected":false},"author":11,"featured_media":0,"comment_status":"closed","ping_status":"open","sticky":false,"template":"","format":"standard","meta":{"advgb_blocks_editor_width":"","advgb_blocks_columns_visual_guide":"","footnotes":""},"categories":[313,16],"tags":[187],"class_list":["post-9564","post","type-post","status-publish","format-standard","hentry","category-fans","category-veranstaltungen","tag-neujahrsempfang"],"featured_image_src":null,"author_info":{"display_name":"Julius","author_link":"https:\/\/www.fanprojekt-muenster.de\/wordpress\/author\/juliush\/"},"yoast_head":"<!-- This site is optimized with the Yoast SEO plugin v27.2 - https:\/\/yoast.com\/product\/yoast-seo-wordpress\/ -->\n<title>Alle Jahre wieder: Fangemeinschaft l\u00e4dt zum Neujahrsempfang 2025 - Fangemeinschaft Preu\u00dfen M\u00fcnster e. V.<\/title>\n<meta name=\"robots\" content=\"index, follow, max-snippet:-1, max-image-preview:large, max-video-preview:-1\" \/>\n<link rel=\"canonical\" href=\"https:\/\/www.fanprojekt-muenster.de\/wordpress\/alle-jahre-wieder-fangemeinschaft-laedt-zum-neujahrsempfang-2025\/\" \/>\n<meta property=\"og:locale\" content=\"de_DE\" \/>\n<meta property=\"og:type\" content=\"article\" \/>\n<meta property=\"og:title\" content=\"Alle Jahre wieder: Fangemeinschaft l\u00e4dt zum Neujahrsempfang 2025 - Fangemeinschaft Preu\u00dfen M\u00fcnster e. V.\" \/>\n<meta property=\"og:description\" content=\"Am 04. Januar 2025 ist es wieder so weit: Traditionell um 19:06 Uhr m\u00f6chte die Fangemeinschaft das neue Jahr gemeinsam mit seinen Mitgliedern einl\u00e4uten. Werft die guten Vors\u00e4tze \u00fcber Bord... Read more &raquo;\" \/>\n<meta property=\"og:url\" content=\"https:\/\/www.fanprojekt-muenster.de\/wordpress\/alle-jahre-wieder-fangemeinschaft-laedt-zum-neujahrsempfang-2025\/\" \/>\n<meta property=\"og:site_name\" content=\"Fangemeinschaft Preu\u00dfen M\u00fcnster e. V.\" \/>\n<meta property=\"article:published_time\" content=\"2024-12-12T11:04:45+00:00\" \/>\n<meta property=\"article:modified_time\" content=\"2024-12-12T11:05:49+00:00\" \/>\n<meta property=\"og:image\" content=\"https:\/\/www.fanprojekt-muenster.de\/wordpress\/wp-content\/uploads\/2024\/12\/WhatsApp-Image-2024-12-11-at-09.34.48-1-1024x768.jpeg\" \/>\n<meta name=\"author\" content=\"Julius\" \/>\n<meta name=\"twitter:card\" content=\"summary_large_image\" \/>\n<meta name=\"twitter:label1\" content=\"Verfasst von\" \/>\n\t<meta name=\"twitter:data1\" content=\"Julius\" \/>\n\t<meta name=\"twitter:label2\" content=\"Gesch\u00e4tzte Lesezeit\" \/>\n\t<meta name=\"twitter:data2\" content=\"2\u00a0Minuten\" \/>\n<script type=\"application\/ld+json\" class=\"yoast-schema-graph\">{\"@context\":\"https:\/\/schema.org\",\"@graph\":[{\"@type\":\"Article\",\"@id\":\"https:\/\/www.fanprojekt-muenster.de\/wordpress\/alle-jahre-wieder-fangemeinschaft-laedt-zum-neujahrsempfang-2025\/#article\",\"isPartOf\":{\"@id\":\"https:\/\/www.fanprojekt-muenster.de\/wordpress\/alle-jahre-wieder-fangemeinschaft-laedt-zum-neujahrsempfang-2025\/\"},\"author\":{\"name\":\"Julius\",\"@id\":\"https:\/\/www.fanprojekt-muenster.de\/wordpress\/#\/schema\/person\/d6f23c25f1746fe09de1ce0642a01dc0\"},\"headline\":\"Alle Jahre wieder: Fangemeinschaft l\u00e4dt zum Neujahrsempfang 2025\",\"datePublished\":\"2024-12-12T11:04:45+00:00\",\"dateModified\":\"2024-12-12T11:05:49+00:00\",\"mainEntityOfPage\":{\"@id\":\"https:\/\/www.fanprojekt-muenster.de\/wordpress\/alle-jahre-wieder-fangemeinschaft-laedt-zum-neujahrsempfang-2025\/\"},\"wordCount\":205,\"publisher\":{\"@id\":\"https:\/\/www.fanprojekt-muenster.de\/wordpress\/#organization\"},\"image\":{\"@id\":\"https:\/\/www.fanprojekt-muenster.de\/wordpress\/alle-jahre-wieder-fangemeinschaft-laedt-zum-neujahrsempfang-2025\/#primaryimage\"},\"thumbnailUrl\":\"https:\/\/www.fanprojekt-muenster.de\/wordpress\/wp-content\/uploads\/2024\/12\/WhatsApp-Image-2024-12-11-at-09.34.48-1-1024x768.jpeg\",\"keywords\":[\"Neujahrsempfang\"],\"articleSection\":[\"Fans\",\"Veranstaltungen\"],\"inLanguage\":\"de\"},{\"@type\":\"WebPage\",\"@id\":\"https:\/\/www.fanprojekt-muenster.de\/wordpress\/alle-jahre-wieder-fangemeinschaft-laedt-zum-neujahrsempfang-2025\/\",\"url\":\"https:\/\/www.fanprojekt-muenster.de\/wordpress\/alle-jahre-wieder-fangemeinschaft-laedt-zum-neujahrsempfang-2025\/\",\"name\":\"Alle Jahre wieder: Fangemeinschaft l\u00e4dt zum Neujahrsempfang 2025 - Fangemeinschaft Preu\u00dfen M\u00fcnster e. V.\",\"isPartOf\":{\"@id\":\"https:\/\/www.fanprojekt-muenster.de\/wordpress\/#website\"},\"primaryImageOfPage\":{\"@id\":\"https:\/\/www.fanprojekt-muenster.de\/wordpress\/alle-jahre-wieder-fangemeinschaft-laedt-zum-neujahrsempfang-2025\/#primaryimage\"},\"image\":{\"@id\":\"https:\/\/www.fanprojekt-muenster.de\/wordpress\/alle-jahre-wieder-fangemeinschaft-laedt-zum-neujahrsempfang-2025\/#primaryimage\"},\"thumbnailUrl\":\"https:\/\/www.fanprojekt-muenster.de\/wordpress\/wp-content\/uploads\/2024\/12\/WhatsApp-Image-2024-12-11-at-09.34.48-1-1024x768.jpeg\",\"datePublished\":\"2024-12-12T11:04:45+00:00\",\"dateModified\":\"2024-12-12T11:05:49+00:00\",\"breadcrumb\":{\"@id\":\"https:\/\/www.fanprojekt-muenster.de\/wordpress\/alle-jahre-wieder-fangemeinschaft-laedt-zum-neujahrsempfang-2025\/#breadcrumb\"},\"inLanguage\":\"de\",\"potentialAction\":[{\"@type\":\"ReadAction\",\"target\":[\"https:\/\/www.fanprojekt-muenster.de\/wordpress\/alle-jahre-wieder-fangemeinschaft-laedt-zum-neujahrsempfang-2025\/\"]}]},{\"@type\":\"ImageObject\",\"inLanguage\":\"de\",\"@id\":\"https:\/\/www.fanprojekt-muenster.de\/wordpress\/alle-jahre-wieder-fangemeinschaft-laedt-zum-neujahrsempfang-2025\/#primaryimage\",\"url\":\"https:\/\/www.fanprojekt-muenster.de\/wordpress\/wp-content\/uploads\/2024\/12\/WhatsApp-Image-2024-12-11-at-09.34.48-1-scaled.jpeg\",\"contentUrl\":\"https:\/\/www.fanprojekt-muenster.de\/wordpress\/wp-content\/uploads\/2024\/12\/WhatsApp-Image-2024-12-11-at-09.34.48-1-scaled.jpeg\",\"width\":2560,\"height\":1921},{\"@type\":\"BreadcrumbList\",\"@id\":\"https:\/\/www.fanprojekt-muenster.de\/wordpress\/alle-jahre-wieder-fangemeinschaft-laedt-zum-neujahrsempfang-2025\/#breadcrumb\",\"itemListElement\":[{\"@type\":\"ListItem\",\"position\":1,\"name\":\"Startseite\",\"item\":\"https:\/\/www.fanprojekt-muenster.de\/wordpress\/\"},{\"@type\":\"ListItem\",\"position\":2,\"name\":\"Alle Jahre wieder: Fangemeinschaft l\u00e4dt zum Neujahrsempfang 2025\"}]},{\"@type\":\"WebSite\",\"@id\":\"https:\/\/www.fanprojekt-muenster.de\/wordpress\/#website\",\"url\":\"https:\/\/www.fanprojekt-muenster.de\/wordpress\/\",\"name\":\"Fangemeinschaft Preu\u00dfen M\u00fcnster e. V.\",\"description\":\"\",\"publisher\":{\"@id\":\"https:\/\/www.fanprojekt-muenster.de\/wordpress\/#organization\"},\"potentialAction\":[{\"@type\":\"SearchAction\",\"target\":{\"@type\":\"EntryPoint\",\"urlTemplate\":\"https:\/\/www.fanprojekt-muenster.de\/wordpress\/?s={search_term_string}\"},\"query-input\":{\"@type\":\"PropertyValueSpecification\",\"valueRequired\":true,\"valueName\":\"search_term_string\"}}],\"inLanguage\":\"de\"},{\"@type\":\"Organization\",\"@id\":\"https:\/\/www.fanprojekt-muenster.de\/wordpress\/#organization\",\"name\":\"Fangemeinschaft Preu\u00dfen M\u00fcnster e. V.\",\"url\":\"https:\/\/www.fanprojekt-muenster.de\/wordpress\/\",\"logo\":{\"@type\":\"ImageObject\",\"inLanguage\":\"de\",\"@id\":\"https:\/\/www.fanprojekt-muenster.de\/wordpress\/#\/schema\/logo\/image\/\",\"url\":\"https:\/\/www.fanprojekt-muenster.de\/wordpress\/wp-content\/uploads\/2019\/07\/cropped-Website_Logo3-9.png\",\"contentUrl\":\"https:\/\/www.fanprojekt-muenster.de\/wordpress\/wp-content\/uploads\/2019\/07\/cropped-Website_Logo3-9.png\",\"width\":224,\"height\":42,\"caption\":\"Fangemeinschaft Preu\u00dfen M\u00fcnster e. V.\"},\"image\":{\"@id\":\"https:\/\/www.fanprojekt-muenster.de\/wordpress\/#\/schema\/logo\/image\/\"}},{\"@type\":\"Person\",\"@id\":\"https:\/\/www.fanprojekt-muenster.de\/wordpress\/#\/schema\/person\/d6f23c25f1746fe09de1ce0642a01dc0\",\"name\":\"Julius\",\"url\":\"https:\/\/www.fanprojekt-muenster.de\/wordpress\/author\/juliush\/\"}]}<\/script>\n<!-- \/ Yoast SEO plugin. -->","yoast_head_json":{"title":"Alle Jahre wieder: Fangemeinschaft l\u00e4dt zum Neujahrsempfang 2025 - Fangemeinschaft Preu\u00dfen M\u00fcnster e. V.","robots":{"index":"index","follow":"follow","max-snippet":"max-snippet:-1","max-image-preview":"max-image-preview:large","max-video-preview":"max-video-preview:-1"},"canonical":"https:\/\/www.fanprojekt-muenster.de\/wordpress\/alle-jahre-wieder-fangemeinschaft-laedt-zum-neujahrsempfang-2025\/","og_locale":"de_DE","og_type":"article","og_title":"Alle Jahre wieder: Fangemeinschaft l\u00e4dt zum Neujahrsempfang 2025 - Fangemeinschaft Preu\u00dfen M\u00fcnster e. V.","og_description":"Am 04. Januar 2025 ist es wieder so weit: Traditionell um 19:06 Uhr m\u00f6chte die Fangemeinschaft das neue Jahr gemeinsam mit seinen Mitgliedern einl\u00e4uten. Werft die guten Vors\u00e4tze \u00fcber Bord... Read more &raquo;","og_url":"https:\/\/www.fanprojekt-muenster.de\/wordpress\/alle-jahre-wieder-fangemeinschaft-laedt-zum-neujahrsempfang-2025\/","og_site_name":"Fangemeinschaft Preu\u00dfen M\u00fcnster e. V.","article_published_time":"2024-12-12T11:04:45+00:00","article_modified_time":"2024-12-12T11:05:49+00:00","og_image":[{"url":"https:\/\/www.fanprojekt-muenster.de\/wordpress\/wp-content\/uploads\/2024\/12\/WhatsApp-Image-2024-12-11-at-09.34.48-1-1024x768.jpeg","type":"","width":"","height":""}],"author":"Julius","twitter_card":"summary_large_image","twitter_misc":{"Verfasst von":"Julius","Gesch\u00e4tzte Lesezeit":"2\u00a0Minuten"},"schema":{"@context":"https:\/\/schema.org","@graph":[{"@type":"Article","@id":"https:\/\/www.fanprojekt-muenster.de\/wordpress\/alle-jahre-wieder-fangemeinschaft-laedt-zum-neujahrsempfang-2025\/#article","isPartOf":{"@id":"https:\/\/www.fanprojekt-muenster.de\/wordpress\/alle-jahre-wieder-fangemeinschaft-laedt-zum-neujahrsempfang-2025\/"},"author":{"name":"Julius","@id":"https:\/\/www.fanprojekt-muenster.de\/wordpress\/#\/schema\/person\/d6f23c25f1746fe09de1ce0642a01dc0"},"headline":"Alle Jahre wieder: Fangemeinschaft l\u00e4dt zum Neujahrsempfang 2025","datePublished":"2024-12-12T11:04:45+00:00","dateModified":"2024-12-12T11:05:49+00:00","mainEntityOfPage":{"@id":"https:\/\/www.fanprojekt-muenster.de\/wordpress\/alle-jahre-wieder-fangemeinschaft-laedt-zum-neujahrsempfang-2025\/"},"wordCount":205,"publisher":{"@id":"https:\/\/www.fanprojekt-muenster.de\/wordpress\/#organization"},"image":{"@id":"https:\/\/www.fanprojekt-muenster.de\/wordpress\/alle-jahre-wieder-fangemeinschaft-laedt-zum-neujahrsempfang-2025\/#primaryimage"},"thumbnailUrl":"https:\/\/www.fanprojekt-muenster.de\/wordpress\/wp-content\/uploads\/2024\/12\/WhatsApp-Image-2024-12-11-at-09.34.48-1-1024x768.jpeg","keywords":["Neujahrsempfang"],"articleSection":["Fans","Veranstaltungen"],"inLanguage":"de"},{"@type":"WebPage","@id":"https:\/\/www.fanprojekt-muenster.de\/wordpress\/alle-jahre-wieder-fangemeinschaft-laedt-zum-neujahrsempfang-2025\/","url":"https:\/\/www.fanprojekt-muenster.de\/wordpress\/alle-jahre-wieder-fangemeinschaft-laedt-zum-neujahrsempfang-2025\/","name":"Alle Jahre wieder: Fangemeinschaft l\u00e4dt zum Neujahrsempfang 2025 - Fangemeinschaft Preu\u00dfen M\u00fcnster e. V.","isPartOf":{"@id":"https:\/\/www.fanprojekt-muenster.de\/wordpress\/#website"},"primaryImageOfPage":{"@id":"https:\/\/www.fanprojekt-muenster.de\/wordpress\/alle-jahre-wieder-fangemeinschaft-laedt-zum-neujahrsempfang-2025\/#primaryimage"},"image":{"@id":"https:\/\/www.fanprojekt-muenster.de\/wordpress\/alle-jahre-wieder-fangemeinschaft-laedt-zum-neujahrsempfang-2025\/#primaryimage"},"thumbnailUrl":"https:\/\/www.fanprojekt-muenster.de\/wordpress\/wp-content\/uploads\/2024\/12\/WhatsApp-Image-2024-12-11-at-09.34.48-1-1024x768.jpeg","datePublished":"2024-12-12T11:04:45+00:00","dateModified":"2024-12-12T11:05:49+00:00","breadcrumb":{"@id":"https:\/\/www.fanprojekt-muenster.de\/wordpress\/alle-jahre-wieder-fangemeinschaft-laedt-zum-neujahrsempfang-2025\/#breadcrumb"},"inLanguage":"de","potentialAction":[{"@type":"ReadAction","target":["https:\/\/www.fanprojekt-muenster.de\/wordpress\/alle-jahre-wieder-fangemeinschaft-laedt-zum-neujahrsempfang-2025\/"]}]},{"@type":"ImageObject","inLanguage":"de","@id":"https:\/\/www.fanprojekt-muenster.de\/wordpress\/alle-jahre-wieder-fangemeinschaft-laedt-zum-neujahrsempfang-2025\/#primaryimage","url":"https:\/\/www.fanprojekt-muenster.de\/wordpress\/wp-content\/uploads\/2024\/12\/WhatsApp-Image-2024-12-11-at-09.34.48-1-scaled.jpeg","contentUrl":"https:\/\/www.fanprojekt-muenster.de\/wordpress\/wp-content\/uploads\/2024\/12\/WhatsApp-Image-2024-12-11-at-09.34.48-1-scaled.jpeg","width":2560,"height":1921},{"@type":"BreadcrumbList","@id":"https:\/\/www.fanprojekt-muenster.de\/wordpress\/alle-jahre-wieder-fangemeinschaft-laedt-zum-neujahrsempfang-2025\/#breadcrumb","itemListElement":[{"@type":"ListItem","position":1,"name":"Startseite","item":"https:\/\/www.fanprojekt-muenster.de\/wordpress\/"},{"@type":"ListItem","position":2,"name":"Alle Jahre wieder: Fangemeinschaft l\u00e4dt zum Neujahrsempfang 2025"}]},{"@type":"WebSite","@id":"https:\/\/www.fanprojekt-muenster.de\/wordpress\/#website","url":"https:\/\/www.fanprojekt-muenster.de\/wordpress\/","name":"Fangemeinschaft Preu\u00dfen M\u00fcnster e. V.","description":"","publisher":{"@id":"https:\/\/www.fanprojekt-muenster.de\/wordpress\/#organization"},"potentialAction":[{"@type":"SearchAction","target":{"@type":"EntryPoint","urlTemplate":"https:\/\/www.fanprojekt-muenster.de\/wordpress\/?s={search_term_string}"},"query-input":{"@type":"PropertyValueSpecification","valueRequired":true,"valueName":"search_term_string"}}],"inLanguage":"de"},{"@type":"Organization","@id":"https:\/\/www.fanprojekt-muenster.de\/wordpress\/#organization","name":"Fangemeinschaft Preu\u00dfen M\u00fcnster e. V.","url":"https:\/\/www.fanprojekt-muenster.de\/wordpress\/","logo":{"@type":"ImageObject","inLanguage":"de","@id":"https:\/\/www.fanprojekt-muenster.de\/wordpress\/#\/schema\/logo\/image\/","url":"https:\/\/www.fanprojekt-muenster.de\/wordpress\/wp-content\/uploads\/2019\/07\/cropped-Website_Logo3-9.png","contentUrl":"https:\/\/www.fanprojekt-muenster.de\/wordpress\/wp-content\/uploads\/2019\/07\/cropped-Website_Logo3-9.png","width":224,"height":42,"caption":"Fangemeinschaft Preu\u00dfen M\u00fcnster e. V."},"image":{"@id":"https:\/\/www.fanprojekt-muenster.de\/wordpress\/#\/schema\/logo\/image\/"}},{"@type":"Person","@id":"https:\/\/www.fanprojekt-muenster.de\/wordpress\/#\/schema\/person\/d6f23c25f1746fe09de1ce0642a01dc0","name":"Julius","url":"https:\/\/www.fanprojekt-muenster.de\/wordpress\/author\/juliush\/"}]}},"author_meta":{"display_name":"Julius","author_link":"https:\/\/www.fanprojekt-muenster.de\/wordpress\/author\/juliush\/"},"featured_img":null,"coauthors":[],"tax_additional":{"categories":{"linked":["<a href=\"https:\/\/www.fanprojekt-muenster.de\/wordpress\/category\/fans\/\" class=\"advgb-post-tax-term\">Fans<\/a>","<a href=\"https:\/\/www.fanprojekt-muenster.de\/wordpress\/category\/veranstaltungen\/\" class=\"advgb-post-tax-term\">Veranstaltungen<\/a>"],"unlinked":["<span class=\"advgb-post-tax-term\">Fans<\/span>","<span class=\"advgb-post-tax-term\">Veranstaltungen<\/span>"]},"tags":{"linked":["<a href=\"https:\/\/www.fanprojekt-muenster.de\/wordpress\/category\/veranstaltungen\/\" class=\"advgb-post-tax-term\">Neujahrsempfang<\/a>"],"unlinked":["<span class=\"advgb-post-tax-term\">Neujahrsempfang<\/span>"]}},"comment_count":"0","relative_dates":{"created":"Posted 1\u00a0Jahr ago","modified":"Updated 1\u00a0Jahr ago"},"absolute_dates":{"created":"Posted on 12. Dezember 2024","modified":"Updated on 12. Dezember 2024"},"absolute_dates_time":{"created":"Posted on 12. Dezember 2024 12:04","modified":"Updated on 12. Dezember 2024 12:05"},"featured_img_caption":"","series_order":"","_links":{"self":[{"href":"https:\/\/www.fanprojekt-muenster.de\/wordpress\/wp-json\/wp\/v2\/posts\/9564","targetHints":{"allow":["GET"]}}],"collection":[{"href":"https:\/\/www.fanprojekt-muenster.de\/wordpress\/wp-json\/wp\/v2\/posts"}],"about":[{"href":"https:\/\/www.fanprojekt-muenster.de\/wordpress\/wp-json\/wp\/v2\/types\/post"}],"author":[{"embeddable":true,"href":"https:\/\/www.fanprojekt-muenster.de\/wordpress\/wp-json\/wp\/v2\/users\/11"}],"replies":[{"embeddable":true,"href":"https:\/\/www.fanprojekt-muenster.de\/wordpress\/wp-json\/wp\/v2\/comments?post=9564"}],"version-history":[{"count":3,"href":"https:\/\/www.fanprojekt-muenster.de\/wordpress\/wp-json\/wp\/v2\/posts\/9564\/revisions"}],"predecessor-version":[{"id":9570,"href":"https:\/\/www.fanprojekt-muenster.de\/wordpress\/wp-json\/wp\/v2\/posts\/9564\/revisions\/9570"}],"wp:attachment":[{"href":"https:\/\/www.fanprojekt-muenster.de\/wordpress\/wp-json\/wp\/v2\/media?parent=9564"}],"wp:term":[{"taxonomy":"category","embeddable":true,"href":"https:\/\/www.fanprojekt-muenster.de\/wordpress\/wp-json\/wp\/v2\/categories?post=9564"},{"taxonomy":"post_tag","embeddable":true,"href":"https:\/\/www.fanprojekt-muenster.de\/wordpress\/wp-json\/wp\/v2\/tags?post=9564"}],"curies":[{"name":"wp","href":"https:\/\/api.w.org\/{rel}","templated":true}]}}