{"id":9561,"date":"2024-11-22T15:08:46","date_gmt":"2024-11-22T14:08:46","guid":{"rendered":"https:\/\/www.fanprojekt-muenster.de\/wordpress\/?p=9561"},"modified":"2024-11-22T15:08:47","modified_gmt":"2024-11-22T14:08:47","slug":"fangemeinschaft-trifft-launiger-abend-mit-unseren-zweitliga-aufstiegstorhuetern","status":"publish","type":"post","link":"https:\/\/www.fanprojekt-muenster.de\/wordpress\/fangemeinschaft-trifft-launiger-abend-mit-unseren-zweitliga-aufstiegstorhuetern\/","title":{"rendered":"\u201eFangemeinschaft trifft\u2026\u201c: Launiger Abend mit unseren Zweitliga-Aufstiegstorh\u00fctern"},"content":{"rendered":"\n<p>Zur zweiten Veranstaltung von \u201eFangemeinschaft trifft\u2026\u201c waren am Mittwochabend mit Dirk Winter und Max Schulze-Niehues zwei lebende Legenden zu Gast bei den Preu\u00dfenfans. Zum Auftakt vor einigen Wochen hatten Andre und Dieter Gerritzen vom Leben mit einem legend\u00e4ren Fu\u00dfballer \u2013 ihrem Vater Fiffi Gerritzen \u2013 berichtet.<\/p>\n\n\n\n<p><em>Ein Blumenstrau\u00df an Anekdoten<br><\/em><br>Dirk Winter, wichtiger R\u00fcckhalt im Aufstiegsrennen 1989, der beim sagenhaften 3:1 in Bielefeld einen Elfmeter hielt (O-Ton: \u201e<em>der einzige<\/em>\u201c) sorgte gleich zu Beginn f\u00fcr gute Stimmung. Er schilderte seine erste Begegnung mit Max Schulze-Niehues, die tats\u00e4chlich erst in diesem Jahr bei der n\u00e4chtlichen Aufstiegsparty auf dem Alten Steinweg stattfand, ganz zuf\u00e4llig. Ob Max wusste, wen er vor sich hatte als sich jemand beschwerte, dass er ihn mit dem gehaltenen Elfmeter nun vom Sockel gesto\u00dfen habe, wurde nicht ganz klar. Ansonsten verstehe man sich unter Torh\u00fctern aber sofort. Teils kuriose immer spannende Einblicke in die Stationen ihrer Karriere, die sie immer wieder zu den Preu\u00dfen zur\u00fcckbrachten, lie\u00dfen erahnen, wieviel Gl\u00fcck der Verein hatte, diese beiden zum richtigen Zeitpunkt im Team und auf dem Platz zu haben. Dirk Winter stand gleich viermal unter Vertrag. Ein wenig Fu\u00dfballromantik gab es dann indirekt auch noch, wenngleich der Mythos von den elf Freunden l\u00e4ngst \u00fcberholt ist. Dirk Winter trat nach dem ersten Zweitligajahr zur\u00fcck, da es kein Miteinander mehr gegeben habe, das f\u00fcr ihn den Sport ausgemacht habe. F\u00fcr Max hingegen ist f\u00fcr die \u00fcberragenden vergangenen Jahre neben der individuellen Klasse der Spieler vor allem entscheidend gewesen, dass es menschlich absolut gestimmt habe in der Mannschaft.<\/p>\n\n\n\n<p><em>Karrierehighlights unserer Schnapper <\/em><\/p>\n\n\n\n<p>Fragen nach den besten Trainern, den besten Torh\u00fctern beim SCP, der eigenen Entscheidung f\u00fcr die Torwartposition und nach der Einsch\u00e4tzung unserer aktuellen Nummer eins haben die beiden Torh\u00fcter-Legenden der Preu\u00dfen seri\u00f6s und durchdacht beantwortet. Wenig \u00fcberraschend waren f\u00fcr Dirk Winter die beiden siegreichen Spiele gegen Schalke die Highlights seiner Karriere. F\u00fcr Max Schulze-Niehues war es das Aufstiegsspiel gegen Unterhaching und ein Spiel, bei dem er nur auf der Bank sa\u00df: das 4:2 gegen Werder Bremen im DFB-Pokal. Vom Wahnsinn in Wattenscheid sei er hingegen eher angefressen, dass sie es \u00fcberhaupt so weit haben kommen lassen. Nebenbei stellte sich f\u00fcr die rund siebzig Preu\u00dfenfans das Gef\u00fchl ein, dass beim SCP aktuell vieles richtig gut l\u00e4uft, wenn die beiden Torh\u00fcter ihre aktuellen Eindr\u00fccke und Einsch\u00e4tzungen teilten.<\/p>\n\n\n\n<p>Moderator Marc-Andre Duetschke von der Fangemeinschaft, der gewohnt launig durch die Veranstaltung f\u00fchrte, versprach am Mittwoch bereits eine Fortsetzung der beliebten Reihe von \u201eFangemeinschaft trifft\u2026\u201c \u2013 mit welchen prominenten G\u00e4sten, steht noch nicht fest.<\/p>\n","protected":false},"excerpt":{"rendered":"<p>Zur zweiten Veranstaltung von \u201eFangemeinschaft trifft\u2026\u201c waren am Mittwochabend mit Dirk Winter und Max Schulze-Niehues zwei lebende Legenden zu Gast bei den Preu\u00dfenfans. Zum Auftakt vor einigen Wochen hatten Andre&#8230; <a class=\"read-more-link\" href=\"https:\/\/www.fanprojekt-muenster.de\/wordpress\/fangemeinschaft-trifft-launiger-abend-mit-unseren-zweitliga-aufstiegstorhuetern\/\">Read more &raquo;<\/a><\/p>\n","protected":false},"author":11,"featured_media":9555,"comment_status":"closed","ping_status":"open","sticky":false,"template":"","format":"standard","meta":{"advgb_blocks_editor_width":"","advgb_blocks_columns_visual_guide":"","footnotes":""},"categories":[2,313],"tags":[],"class_list":["post-9561","post","type-post","status-publish","format-standard","has-post-thumbnail","hentry","category-aktionen","category-fans"],"featured_image_src":"https:\/\/www.fanprojekt-muenster.de\/wordpress\/wp-content\/uploads\/2024\/11\/WhatsApp-Image-2024-11-05-at-16.33.04-scaled.jpeg","author_info":{"display_name":"Julius","author_link":"https:\/\/www.fanprojekt-muenster.de\/wordpress\/author\/juliush\/"},"yoast_head":"<!-- This site is optimized with the Yoast SEO plugin v27.2 - https:\/\/yoast.com\/product\/yoast-seo-wordpress\/ -->\n<title>\u201eFangemeinschaft trifft\u2026\u201c: Launiger Abend mit unseren Zweitliga-Aufstiegstorh\u00fctern - Fangemeinschaft Preu\u00dfen M\u00fcnster e. V.<\/title>\n<meta name=\"robots\" content=\"index, follow, max-snippet:-1, max-image-preview:large, max-video-preview:-1\" \/>\n<link rel=\"canonical\" href=\"https:\/\/www.fanprojekt-muenster.de\/wordpress\/fangemeinschaft-trifft-launiger-abend-mit-unseren-zweitliga-aufstiegstorhuetern\/\" \/>\n<meta property=\"og:locale\" content=\"de_DE\" \/>\n<meta property=\"og:type\" content=\"article\" \/>\n<meta property=\"og:title\" content=\"\u201eFangemeinschaft trifft\u2026\u201c: Launiger Abend mit unseren Zweitliga-Aufstiegstorh\u00fctern - Fangemeinschaft Preu\u00dfen M\u00fcnster e. V.\" \/>\n<meta property=\"og:description\" content=\"Zur zweiten Veranstaltung von \u201eFangemeinschaft trifft\u2026\u201c waren am Mittwochabend mit Dirk Winter und Max Schulze-Niehues zwei lebende Legenden zu Gast bei den Preu\u00dfenfans. Zum Auftakt vor einigen Wochen hatten Andre... Read more &raquo;\" \/>\n<meta property=\"og:url\" content=\"https:\/\/www.fanprojekt-muenster.de\/wordpress\/fangemeinschaft-trifft-launiger-abend-mit-unseren-zweitliga-aufstiegstorhuetern\/\" \/>\n<meta property=\"og:site_name\" content=\"Fangemeinschaft Preu\u00dfen M\u00fcnster e. V.\" \/>\n<meta property=\"article:published_time\" content=\"2024-11-22T14:08:46+00:00\" \/>\n<meta property=\"article:modified_time\" content=\"2024-11-22T14:08:47+00:00\" \/>\n<meta property=\"og:image\" content=\"https:\/\/www.fanprojekt-muenster.de\/wordpress\/wp-content\/uploads\/2024\/11\/WhatsApp-Image-2024-11-05-at-16.33.04-scaled.jpeg\" \/>\n\t<meta property=\"og:image:width\" content=\"2560\" \/>\n\t<meta property=\"og:image:height\" content=\"1905\" \/>\n\t<meta property=\"og:image:type\" content=\"image\/jpeg\" \/>\n<meta name=\"author\" content=\"Julius\" \/>\n<meta name=\"twitter:card\" content=\"summary_large_image\" \/>\n<meta name=\"twitter:label1\" content=\"Verfasst von\" \/>\n\t<meta name=\"twitter:data1\" content=\"Julius\" \/>\n\t<meta name=\"twitter:label2\" content=\"Gesch\u00e4tzte Lesezeit\" \/>\n\t<meta name=\"twitter:data2\" content=\"3\u00a0Minuten\" \/>\n<script type=\"application\/ld+json\" class=\"yoast-schema-graph\">{\"@context\":\"https:\/\/schema.org\",\"@graph\":[{\"@type\":\"Article\",\"@id\":\"https:\/\/www.fanprojekt-muenster.de\/wordpress\/fangemeinschaft-trifft-launiger-abend-mit-unseren-zweitliga-aufstiegstorhuetern\/#article\",\"isPartOf\":{\"@id\":\"https:\/\/www.fanprojekt-muenster.de\/wordpress\/fangemeinschaft-trifft-launiger-abend-mit-unseren-zweitliga-aufstiegstorhuetern\/\"},\"author\":{\"name\":\"Julius\",\"@id\":\"https:\/\/www.fanprojekt-muenster.de\/wordpress\/#\/schema\/person\/d6f23c25f1746fe09de1ce0642a01dc0\"},\"headline\":\"\u201eFangemeinschaft trifft\u2026\u201c: Launiger Abend mit unseren Zweitliga-Aufstiegstorh\u00fctern\",\"datePublished\":\"2024-11-22T14:08:46+00:00\",\"dateModified\":\"2024-11-22T14:08:47+00:00\",\"mainEntityOfPage\":{\"@id\":\"https:\/\/www.fanprojekt-muenster.de\/wordpress\/fangemeinschaft-trifft-launiger-abend-mit-unseren-zweitliga-aufstiegstorhuetern\/\"},\"wordCount\":451,\"publisher\":{\"@id\":\"https:\/\/www.fanprojekt-muenster.de\/wordpress\/#organization\"},\"image\":{\"@id\":\"https:\/\/www.fanprojekt-muenster.de\/wordpress\/fangemeinschaft-trifft-launiger-abend-mit-unseren-zweitliga-aufstiegstorhuetern\/#primaryimage\"},\"thumbnailUrl\":\"https:\/\/www.fanprojekt-muenster.de\/wordpress\/wp-content\/uploads\/2024\/11\/WhatsApp-Image-2024-11-05-at-16.33.04-scaled.jpeg\",\"articleSection\":[\"Aktionen\",\"Fans\"],\"inLanguage\":\"de\"},{\"@type\":\"WebPage\",\"@id\":\"https:\/\/www.fanprojekt-muenster.de\/wordpress\/fangemeinschaft-trifft-launiger-abend-mit-unseren-zweitliga-aufstiegstorhuetern\/\",\"url\":\"https:\/\/www.fanprojekt-muenster.de\/wordpress\/fangemeinschaft-trifft-launiger-abend-mit-unseren-zweitliga-aufstiegstorhuetern\/\",\"name\":\"\u201eFangemeinschaft trifft\u2026\u201c: Launiger Abend mit unseren Zweitliga-Aufstiegstorh\u00fctern - Fangemeinschaft Preu\u00dfen M\u00fcnster e. V.\",\"isPartOf\":{\"@id\":\"https:\/\/www.fanprojekt-muenster.de\/wordpress\/#website\"},\"primaryImageOfPage\":{\"@id\":\"https:\/\/www.fanprojekt-muenster.de\/wordpress\/fangemeinschaft-trifft-launiger-abend-mit-unseren-zweitliga-aufstiegstorhuetern\/#primaryimage\"},\"image\":{\"@id\":\"https:\/\/www.fanprojekt-muenster.de\/wordpress\/fangemeinschaft-trifft-launiger-abend-mit-unseren-zweitliga-aufstiegstorhuetern\/#primaryimage\"},\"thumbnailUrl\":\"https:\/\/www.fanprojekt-muenster.de\/wordpress\/wp-content\/uploads\/2024\/11\/WhatsApp-Image-2024-11-05-at-16.33.04-scaled.jpeg\",\"datePublished\":\"2024-11-22T14:08:46+00:00\",\"dateModified\":\"2024-11-22T14:08:47+00:00\",\"breadcrumb\":{\"@id\":\"https:\/\/www.fanprojekt-muenster.de\/wordpress\/fangemeinschaft-trifft-launiger-abend-mit-unseren-zweitliga-aufstiegstorhuetern\/#breadcrumb\"},\"inLanguage\":\"de\",\"potentialAction\":[{\"@type\":\"ReadAction\",\"target\":[\"https:\/\/www.fanprojekt-muenster.de\/wordpress\/fangemeinschaft-trifft-launiger-abend-mit-unseren-zweitliga-aufstiegstorhuetern\/\"]}]},{\"@type\":\"ImageObject\",\"inLanguage\":\"de\",\"@id\":\"https:\/\/www.fanprojekt-muenster.de\/wordpress\/fangemeinschaft-trifft-launiger-abend-mit-unseren-zweitliga-aufstiegstorhuetern\/#primaryimage\",\"url\":\"https:\/\/www.fanprojekt-muenster.de\/wordpress\/wp-content\/uploads\/2024\/11\/WhatsApp-Image-2024-11-05-at-16.33.04-scaled.jpeg\",\"contentUrl\":\"https:\/\/www.fanprojekt-muenster.de\/wordpress\/wp-content\/uploads\/2024\/11\/WhatsApp-Image-2024-11-05-at-16.33.04-scaled.jpeg\",\"width\":2560,\"height\":1905},{\"@type\":\"BreadcrumbList\",\"@id\":\"https:\/\/www.fanprojekt-muenster.de\/wordpress\/fangemeinschaft-trifft-launiger-abend-mit-unseren-zweitliga-aufstiegstorhuetern\/#breadcrumb\",\"itemListElement\":[{\"@type\":\"ListItem\",\"position\":1,\"name\":\"Startseite\",\"item\":\"https:\/\/www.fanprojekt-muenster.de\/wordpress\/\"},{\"@type\":\"ListItem\",\"position\":2,\"name\":\"\u201eFangemeinschaft trifft\u2026\u201c: Launiger Abend mit unseren Zweitliga-Aufstiegstorh\u00fctern\"}]},{\"@type\":\"WebSite\",\"@id\":\"https:\/\/www.fanprojekt-muenster.de\/wordpress\/#website\",\"url\":\"https:\/\/www.fanprojekt-muenster.de\/wordpress\/\",\"name\":\"Fangemeinschaft Preu\u00dfen M\u00fcnster e. V.\",\"description\":\"\",\"publisher\":{\"@id\":\"https:\/\/www.fanprojekt-muenster.de\/wordpress\/#organization\"},\"potentialAction\":[{\"@type\":\"SearchAction\",\"target\":{\"@type\":\"EntryPoint\",\"urlTemplate\":\"https:\/\/www.fanprojekt-muenster.de\/wordpress\/?s={search_term_string}\"},\"query-input\":{\"@type\":\"PropertyValueSpecification\",\"valueRequired\":true,\"valueName\":\"search_term_string\"}}],\"inLanguage\":\"de\"},{\"@type\":\"Organization\",\"@id\":\"https:\/\/www.fanprojekt-muenster.de\/wordpress\/#organization\",\"name\":\"Fangemeinschaft Preu\u00dfen M\u00fcnster e. V.\",\"url\":\"https:\/\/www.fanprojekt-muenster.de\/wordpress\/\",\"logo\":{\"@type\":\"ImageObject\",\"inLanguage\":\"de\",\"@id\":\"https:\/\/www.fanprojekt-muenster.de\/wordpress\/#\/schema\/logo\/image\/\",\"url\":\"https:\/\/www.fanprojekt-muenster.de\/wordpress\/wp-content\/uploads\/2019\/07\/cropped-Website_Logo3-9.png\",\"contentUrl\":\"https:\/\/www.fanprojekt-muenster.de\/wordpress\/wp-content\/uploads\/2019\/07\/cropped-Website_Logo3-9.png\",\"width\":224,\"height\":42,\"caption\":\"Fangemeinschaft Preu\u00dfen M\u00fcnster e. V.\"},\"image\":{\"@id\":\"https:\/\/www.fanprojekt-muenster.de\/wordpress\/#\/schema\/logo\/image\/\"}},{\"@type\":\"Person\",\"@id\":\"https:\/\/www.fanprojekt-muenster.de\/wordpress\/#\/schema\/person\/d6f23c25f1746fe09de1ce0642a01dc0\",\"name\":\"Julius\",\"url\":\"https:\/\/www.fanprojekt-muenster.de\/wordpress\/author\/juliush\/\"}]}<\/script>\n<!-- \/ Yoast SEO plugin. -->","yoast_head_json":{"title":"\u201eFangemeinschaft trifft\u2026\u201c: Launiger Abend mit unseren Zweitliga-Aufstiegstorh\u00fctern - Fangemeinschaft Preu\u00dfen M\u00fcnster e. V.","robots":{"index":"index","follow":"follow","max-snippet":"max-snippet:-1","max-image-preview":"max-image-preview:large","max-video-preview":"max-video-preview:-1"},"canonical":"https:\/\/www.fanprojekt-muenster.de\/wordpress\/fangemeinschaft-trifft-launiger-abend-mit-unseren-zweitliga-aufstiegstorhuetern\/","og_locale":"de_DE","og_type":"article","og_title":"\u201eFangemeinschaft trifft\u2026\u201c: Launiger Abend mit unseren Zweitliga-Aufstiegstorh\u00fctern - Fangemeinschaft Preu\u00dfen M\u00fcnster e. V.","og_description":"Zur zweiten Veranstaltung von \u201eFangemeinschaft trifft\u2026\u201c waren am Mittwochabend mit Dirk Winter und Max Schulze-Niehues zwei lebende Legenden zu Gast bei den Preu\u00dfenfans. Zum Auftakt vor einigen Wochen hatten Andre... Read more &raquo;","og_url":"https:\/\/www.fanprojekt-muenster.de\/wordpress\/fangemeinschaft-trifft-launiger-abend-mit-unseren-zweitliga-aufstiegstorhuetern\/","og_site_name":"Fangemeinschaft Preu\u00dfen M\u00fcnster e. V.","article_published_time":"2024-11-22T14:08:46+00:00","article_modified_time":"2024-11-22T14:08:47+00:00","og_image":[{"width":2560,"height":1905,"url":"https:\/\/www.fanprojekt-muenster.de\/wordpress\/wp-content\/uploads\/2024\/11\/WhatsApp-Image-2024-11-05-at-16.33.04-scaled.jpeg","type":"image\/jpeg"}],"author":"Julius","twitter_card":"summary_large_image","twitter_misc":{"Verfasst von":"Julius","Gesch\u00e4tzte Lesezeit":"3\u00a0Minuten"},"schema":{"@context":"https:\/\/schema.org","@graph":[{"@type":"Article","@id":"https:\/\/www.fanprojekt-muenster.de\/wordpress\/fangemeinschaft-trifft-launiger-abend-mit-unseren-zweitliga-aufstiegstorhuetern\/#article","isPartOf":{"@id":"https:\/\/www.fanprojekt-muenster.de\/wordpress\/fangemeinschaft-trifft-launiger-abend-mit-unseren-zweitliga-aufstiegstorhuetern\/"},"author":{"name":"Julius","@id":"https:\/\/www.fanprojekt-muenster.de\/wordpress\/#\/schema\/person\/d6f23c25f1746fe09de1ce0642a01dc0"},"headline":"\u201eFangemeinschaft trifft\u2026\u201c: Launiger Abend mit unseren Zweitliga-Aufstiegstorh\u00fctern","datePublished":"2024-11-22T14:08:46+00:00","dateModified":"2024-11-22T14:08:47+00:00","mainEntityOfPage":{"@id":"https:\/\/www.fanprojekt-muenster.de\/wordpress\/fangemeinschaft-trifft-launiger-abend-mit-unseren-zweitliga-aufstiegstorhuetern\/"},"wordCount":451,"publisher":{"@id":"https:\/\/www.fanprojekt-muenster.de\/wordpress\/#organization"},"image":{"@id":"https:\/\/www.fanprojekt-muenster.de\/wordpress\/fangemeinschaft-trifft-launiger-abend-mit-unseren-zweitliga-aufstiegstorhuetern\/#primaryimage"},"thumbnailUrl":"https:\/\/www.fanprojekt-muenster.de\/wordpress\/wp-content\/uploads\/2024\/11\/WhatsApp-Image-2024-11-05-at-16.33.04-scaled.jpeg","articleSection":["Aktionen","Fans"],"inLanguage":"de"},{"@type":"WebPage","@id":"https:\/\/www.fanprojekt-muenster.de\/wordpress\/fangemeinschaft-trifft-launiger-abend-mit-unseren-zweitliga-aufstiegstorhuetern\/","url":"https:\/\/www.fanprojekt-muenster.de\/wordpress\/fangemeinschaft-trifft-launiger-abend-mit-unseren-zweitliga-aufstiegstorhuetern\/","name":"\u201eFangemeinschaft trifft\u2026\u201c: Launiger Abend mit unseren Zweitliga-Aufstiegstorh\u00fctern - Fangemeinschaft Preu\u00dfen M\u00fcnster e. V.","isPartOf":{"@id":"https:\/\/www.fanprojekt-muenster.de\/wordpress\/#website"},"primaryImageOfPage":{"@id":"https:\/\/www.fanprojekt-muenster.de\/wordpress\/fangemeinschaft-trifft-launiger-abend-mit-unseren-zweitliga-aufstiegstorhuetern\/#primaryimage"},"image":{"@id":"https:\/\/www.fanprojekt-muenster.de\/wordpress\/fangemeinschaft-trifft-launiger-abend-mit-unseren-zweitliga-aufstiegstorhuetern\/#primaryimage"},"thumbnailUrl":"https:\/\/www.fanprojekt-muenster.de\/wordpress\/wp-content\/uploads\/2024\/11\/WhatsApp-Image-2024-11-05-at-16.33.04-scaled.jpeg","datePublished":"2024-11-22T14:08:46+00:00","dateModified":"2024-11-22T14:08:47+00:00","breadcrumb":{"@id":"https:\/\/www.fanprojekt-muenster.de\/wordpress\/fangemeinschaft-trifft-launiger-abend-mit-unseren-zweitliga-aufstiegstorhuetern\/#breadcrumb"},"inLanguage":"de","potentialAction":[{"@type":"ReadAction","target":["https:\/\/www.fanprojekt-muenster.de\/wordpress\/fangemeinschaft-trifft-launiger-abend-mit-unseren-zweitliga-aufstiegstorhuetern\/"]}]},{"@type":"ImageObject","inLanguage":"de","@id":"https:\/\/www.fanprojekt-muenster.de\/wordpress\/fangemeinschaft-trifft-launiger-abend-mit-unseren-zweitliga-aufstiegstorhuetern\/#primaryimage","url":"https:\/\/www.fanprojekt-muenster.de\/wordpress\/wp-content\/uploads\/2024\/11\/WhatsApp-Image-2024-11-05-at-16.33.04-scaled.jpeg","contentUrl":"https:\/\/www.fanprojekt-muenster.de\/wordpress\/wp-content\/uploads\/2024\/11\/WhatsApp-Image-2024-11-05-at-16.33.04-scaled.jpeg","width":2560,"height":1905},{"@type":"BreadcrumbList","@id":"https:\/\/www.fanprojekt-muenster.de\/wordpress\/fangemeinschaft-trifft-launiger-abend-mit-unseren-zweitliga-aufstiegstorhuetern\/#breadcrumb","itemListElement":[{"@type":"ListItem","position":1,"name":"Startseite","item":"https:\/\/www.fanprojekt-muenster.de\/wordpress\/"},{"@type":"ListItem","position":2,"name":"\u201eFangemeinschaft trifft\u2026\u201c: Launiger Abend mit unseren Zweitliga-Aufstiegstorh\u00fctern"}]},{"@type":"WebSite","@id":"https:\/\/www.fanprojekt-muenster.de\/wordpress\/#website","url":"https:\/\/www.fanprojekt-muenster.de\/wordpress\/","name":"Fangemeinschaft Preu\u00dfen M\u00fcnster e. V.","description":"","publisher":{"@id":"https:\/\/www.fanprojekt-muenster.de\/wordpress\/#organization"},"potentialAction":[{"@type":"SearchAction","target":{"@type":"EntryPoint","urlTemplate":"https:\/\/www.fanprojekt-muenster.de\/wordpress\/?s={search_term_string}"},"query-input":{"@type":"PropertyValueSpecification","valueRequired":true,"valueName":"search_term_string"}}],"inLanguage":"de"},{"@type":"Organization","@id":"https:\/\/www.fanprojekt-muenster.de\/wordpress\/#organization","name":"Fangemeinschaft Preu\u00dfen M\u00fcnster e. V.","url":"https:\/\/www.fanprojekt-muenster.de\/wordpress\/","logo":{"@type":"ImageObject","inLanguage":"de","@id":"https:\/\/www.fanprojekt-muenster.de\/wordpress\/#\/schema\/logo\/image\/","url":"https:\/\/www.fanprojekt-muenster.de\/wordpress\/wp-content\/uploads\/2019\/07\/cropped-Website_Logo3-9.png","contentUrl":"https:\/\/www.fanprojekt-muenster.de\/wordpress\/wp-content\/uploads\/2019\/07\/cropped-Website_Logo3-9.png","width":224,"height":42,"caption":"Fangemeinschaft Preu\u00dfen M\u00fcnster e. V."},"image":{"@id":"https:\/\/www.fanprojekt-muenster.de\/wordpress\/#\/schema\/logo\/image\/"}},{"@type":"Person","@id":"https:\/\/www.fanprojekt-muenster.de\/wordpress\/#\/schema\/person\/d6f23c25f1746fe09de1ce0642a01dc0","name":"Julius","url":"https:\/\/www.fanprojekt-muenster.de\/wordpress\/author\/juliush\/"}]}},"author_meta":{"display_name":"Julius","author_link":"https:\/\/www.fanprojekt-muenster.de\/wordpress\/author\/juliush\/"},"featured_img":"https:\/\/www.fanprojekt-muenster.de\/wordpress\/wp-content\/uploads\/2024\/11\/WhatsApp-Image-2024-11-05-at-16.33.04-300x223.jpeg","coauthors":[],"tax_additional":{"categories":{"linked":["<a href=\"https:\/\/www.fanprojekt-muenster.de\/wordpress\/category\/aktionen\/\" class=\"advgb-post-tax-term\">Aktionen<\/a>","<a href=\"https:\/\/www.fanprojekt-muenster.de\/wordpress\/category\/fans\/\" class=\"advgb-post-tax-term\">Fans<\/a>"],"unlinked":["<span class=\"advgb-post-tax-term\">Aktionen<\/span>","<span class=\"advgb-post-tax-term\">Fans<\/span>"]}},"comment_count":"0","relative_dates":{"created":"Posted 1\u00a0Jahr ago","modified":"Updated 1\u00a0Jahr ago"},"absolute_dates":{"created":"Posted on 22. November 2024","modified":"Updated on 22. November 2024"},"absolute_dates_time":{"created":"Posted on 22. November 2024 15:08","modified":"Updated on 22. November 2024 15:08"},"featured_img_caption":"","series_order":"","_links":{"self":[{"href":"https:\/\/www.fanprojekt-muenster.de\/wordpress\/wp-json\/wp\/v2\/posts\/9561","targetHints":{"allow":["GET"]}}],"collection":[{"href":"https:\/\/www.fanprojekt-muenster.de\/wordpress\/wp-json\/wp\/v2\/posts"}],"about":[{"href":"https:\/\/www.fanprojekt-muenster.de\/wordpress\/wp-json\/wp\/v2\/types\/post"}],"author":[{"embeddable":true,"href":"https:\/\/www.fanprojekt-muenster.de\/wordpress\/wp-json\/wp\/v2\/users\/11"}],"replies":[{"embeddable":true,"href":"https:\/\/www.fanprojekt-muenster.de\/wordpress\/wp-json\/wp\/v2\/comments?post=9561"}],"version-history":[{"count":1,"href":"https:\/\/www.fanprojekt-muenster.de\/wordpress\/wp-json\/wp\/v2\/posts\/9561\/revisions"}],"predecessor-version":[{"id":9562,"href":"https:\/\/www.fanprojekt-muenster.de\/wordpress\/wp-json\/wp\/v2\/posts\/9561\/revisions\/9562"}],"wp:featuredmedia":[{"embeddable":true,"href":"https:\/\/www.fanprojekt-muenster.de\/wordpress\/wp-json\/wp\/v2\/media\/9555"}],"wp:attachment":[{"href":"https:\/\/www.fanprojekt-muenster.de\/wordpress\/wp-json\/wp\/v2\/media?parent=9561"}],"wp:term":[{"taxonomy":"category","embeddable":true,"href":"https:\/\/www.fanprojekt-muenster.de\/wordpress\/wp-json\/wp\/v2\/categories?post=9561"},{"taxonomy":"post_tag","embeddable":true,"href":"https:\/\/www.fanprojekt-muenster.de\/wordpress\/wp-json\/wp\/v2\/tags?post=9561"}],"curies":[{"name":"wp","href":"https:\/\/api.w.org\/{rel}","templated":true}]}}