{"id":9548,"date":"2024-11-03T22:35:25","date_gmt":"2024-11-03T21:35:25","guid":{"rendered":"https:\/\/www.fanprojekt-muenster.de\/wordpress\/?p=9548"},"modified":"2024-11-04T14:38:48","modified_gmt":"2024-11-04T13:38:48","slug":"harmonische-jhv-fangemeinschaft-mit-erfolgreichem-rueckblick-vielen-plaenen-und-tollen-events","status":"publish","type":"post","link":"https:\/\/www.fanprojekt-muenster.de\/wordpress\/harmonische-jhv-fangemeinschaft-mit-erfolgreichem-rueckblick-vielen-plaenen-und-tollen-events\/","title":{"rendered":"Harmonische JHV \u2013 Fangemeinschaft mit erfolgreichem R\u00fcckblick, vielen Pl\u00e4nen und tollen Events"},"content":{"rendered":"\n<p>Am Mittwoch (30. Oktober) fand in der Haupttrib\u00fcne die ordentliche Jahreshauptversammlung der Fangemeinschaft Preu\u00dfen M\u00fcnster (FG) statt. Rund 30 Mitglieder besuchten die harmonische, rund einst\u00fcndige Veranstaltung. Vorstandwahlen standen in diesem Jahr nicht an, weshalb der im letzten Jahr gew\u00e4hlte Vorstand auch offiziell um Marcel Fark, Beisitz f\u00fcr Mitglieder- &amp; Fanclubbetreuung (seit Oktober 2024) und Hendrik Br\u00fcggemann, Beisitz Veranstaltungen (seit Januar 2024) erweitert wurde. Eingangs berichtete der Vorstand \u00fcber das vergangene Jahr. Thema war zun\u00e4chst die weiterhin offiziell ausstehende und im letzten Jahr beschlossene Umbenennung von Fanprojekt in Fangemeinschaft. Neben einigen Schwierigkeiten bei der Dokumentation zieht sich vor allem das formale Verfahren in die L\u00e4nge. Aktuell liegen alle notwendigen Angaben beim Amtsgericht M\u00fcnster und der langwierige Prozess sollte somit zeitnah abgeschlossen sein. In der Folge werden die Namen der Website und der Mail-Adressen angepasst. Der Zusatz \u201ee.V.\u201c wird im neuen Logo sowie der Kommunikation erg\u00e4nzt.<\/p>\n\n\n\n<h6 class=\"wp-block-heading\"><em>Arbeit in allen Arbeitsgruppen angelaufen<\/em><\/h6>\n\n\n\n<p>Zum Thema Fanarbeit berichtete Hendrik Br\u00fcggemann \u00fcber die Aufgaben des <em>Arbeitskreis Spieltag<\/em> sowie des <em>\u00d6rtlichen Ausschusses Sport und Sicherheit<\/em> (\u00d6ASS), an denen die FG teilnimmt. Themen dort sind u. a. Drohneneins\u00e4tze und auftretende Probleme bei Eingangskontrollen und dem allgemeinen Ablauf an Spieltagen. Zudem geh\u00f6rt die FG der Stadionverbots-Kommission an. Neu ist das Format des <em>Club-Fan-Dialogs<\/em>, der eine Lizenzbedingung der Deutschen Fu\u00dfball-Liga (DFL) darstellt. Die beiden bisherigen Treffen wurden gut angenommen. Ein Mitwirken von Preu\u00dfenfans ist weiterhin erw\u00fcnscht und kann auch \u00fcber die FG in den Prozess eingebracht werden. Wichtigstes Thema bei der letzten Dialog-Veranstaltung im Oktober war das derzeit kritikw\u00fcrdige Ticketing.<br><br>Anschlie\u00dfend konnte die AG Preu\u00dfenstadion noch einmal \u00fcber die eigene Arbeit rund um den Prozess des Stadionneubaus berichten. Die eigenst\u00e4ndige AG hat den Planungsprozess eng begleitet und kommuniziert ihre Anliegen regelm\u00e4\u00dfig \u00fcber die Kommunikationskan\u00e4le der FG.<\/p>\n\n\n\n<h6 class=\"wp-block-heading\"><em>Soziales Engagement: ein Kernanliegen der Fangemeinschaft<\/em><\/h6>\n\n\n\n<p>Das sich die Fangemeinschaft stark sozial engagiert, ist Tradition. Im vergangenen Gesch\u00e4ftsjahr wurden \u00fcber die \u201eSaisonspende Nullsechs.de\u201c 1.000 Euro an die Initiative <em>Lernort Preu\u00dfenstadion<\/em> \u00fcbergeben. Die gr\u00f6\u00dfte Einzelspende konnte im abgelaufenen Berichtsjahr rund um die Abmilderung der DFB-Strafe aus dem Pokalspiel generiert werden. Insgesamt beeindruckende 21.906 Euro wurden dem Verein im Fr\u00fchjahr infolge von Aktionen wie einem Verkauf von Fotopostern oder einer Radversteigerung \u00fcbergeben werden. In Zukunft m\u00f6chte die FG Spenden jedoch vor allem Initiativen zur Verf\u00fcgung stellen, die einen rein karitativen Hintergrund haben. Ein Beispiel hier bereits jetzt: Die Tafelspenden. So organisiert die FG seit dem Ende der vergangenen Saison bei jedem Heimspiel eine Sachspendensammlung f\u00fcr die Tafel M\u00fcnster. Dieses Angebot wird bereits sehr gut angenommen. Wer spenden m\u00f6chte, kann dies auch weiterhin bei Heimspielen bis 30 Minuten vor Spielbeginn am Fancontainer der FG tun.<\/p>\n\n\n\n<h6 class=\"wp-block-heading\"><em>Kommunikation setzt neue Impulse<\/em><\/h6>\n\n\n\n<p>F\u00fcr den Bereich Kommunikation berichtete Julius Holdschlag \u00fcber die Entwicklung im Bereich der Kommunikation. Nach einer Anpassung und Optimierung des Corporate Designs hat die Fangemeinschaft im vergangenen Jahr auch die Taktung regelm\u00e4\u00dfiger Kommunikationsimpulse erh\u00f6ht. Die Reichweite konnte dadurch besonders auf den Social-Media-Kan\u00e4len deutlich erh\u00f6ht werden. Aber auch in weiteren externen Print- und Onlinemedien wurde die Fangemeinschaft regelm\u00e4\u00dfig zitiert.<\/p>\n\n\n\n<h6 class=\"wp-block-heading\"><em>Unterschiedliche Formate f\u00fcr alle Preu\u00dfenfans<\/em><\/h6>\n\n\n\n<p>Torben Maunz (1. Vorsitz) berichtete \u00fcber die Veranstaltungen der FG. Zun\u00e4chst blickte er auf den sehr erfolgreichen Sonderzug nach Saarbr\u00fccken in der vergangenen Saison zur\u00fcck und auf den nun folgenden Sonderzug nach Karlsruhe, der sehr schnell ausverkauft war. Zudem gab es den traditionellen und beliebten Weihnachtsmarkt, den regul\u00e4ren Fancontainer-Betrieb bei jedem Heimspiel und den Auftakt der neuen Reihe \u201e<em>FG trifft \u2026<\/em>\u201c. Dabei begeisterten im vergangenen April zum Auftakt die Br\u00fcder Andre und Dieter Gerritzen rund hundert G\u00e4ste. Das Format wird nun regelm\u00e4\u00dfig fortgesetzt.<\/p>\n\n\n\n<h6 class=\"wp-block-heading\"><em>Fanclubs der Preu\u00dfen sollen enger vernetzt werden<\/em><\/h6>\n\n\n\n<p>Ebenfalls neu ist das \u201eFanclub-Treffen\u201c, dessen Auftaktveranstaltung im Juni auf eine gute Resonanz blicken konnte. Ziel der Arbeitsgruppe unter Marcel Fark ist es, unterschiedliche Preu\u00dfen-Fanclubs gemeinsam mit dem Verein und den Fanvertretern noch besser zu vernetzen und die M\u00f6glichkeiten zur eigenen Darstellung und gemeinsamen Treffen noch weiter zu verbessern.<\/p>\n\n\n\n<h6 class=\"wp-block-heading\"><em>Frischer Wind auch an den Mitgliedszahlen ablesbar<\/em><\/h6>\n\n\n\n<p>Christian Johans (Schriftf\u00fchrer) freute sich \u00fcber rund 680 Mitglieder in der FG, was einen Zuwachs um rund 100 Fans im vergangenen Gesch\u00e4ftsjahr bedeutet. Beim Kassenbericht konnte Julian Rosery (Finanzen) \u00fcber Einnahmen und Ausgaben in H\u00f6he von fast 100.000 Euro berichtet. Es gab einen minimalen positiven Saldo, wodurch das Guthaben auf rund 3.400 Euro anstieg. F\u00fcr die Kassenpr\u00fcfer best\u00e4tigte Martin Stadelmann die korrekte Buchhaltung. Der Ehrenrat hatte nichts zu berichten. Der Vorstand wurde von den Mitgliedern einstimmig entlastet.<br><br>Da es keine Antr\u00e4ge von Mitgliedern gab, war die harmonische JHV der Fangemeinschaft nach einer guten Stunde beendet, nachdem der Vorstand abschlie\u00dfend noch einmal um aktive Mitarbeit m\u00f6glichst vieler Mitglieder warb, um die Arbeit auf noch mehr Schultern zu verteilen.<\/p>\n\n\n<figure class=\"wp-block-post-featured-image\"><img loading=\"lazy\" decoding=\"async\" width=\"2560\" height=\"1937\" src=\"https:\/\/www.fanprojekt-muenster.de\/wordpress\/wp-content\/uploads\/2024\/11\/WhatsApp-Image-2024-11-04-at-14.36.10-scaled.jpeg\" class=\"attachment-post-thumbnail size-post-thumbnail wp-post-image\" alt=\"\" style=\"object-fit:cover;\" srcset=\"https:\/\/www.fanprojekt-muenster.de\/wordpress\/wp-content\/uploads\/2024\/11\/WhatsApp-Image-2024-11-04-at-14.36.10-scaled.jpeg 2560w, https:\/\/www.fanprojekt-muenster.de\/wordpress\/wp-content\/uploads\/2024\/11\/WhatsApp-Image-2024-11-04-at-14.36.10-300x227.jpeg 300w, https:\/\/www.fanprojekt-muenster.de\/wordpress\/wp-content\/uploads\/2024\/11\/WhatsApp-Image-2024-11-04-at-14.36.10-1024x775.jpeg 1024w, https:\/\/www.fanprojekt-muenster.de\/wordpress\/wp-content\/uploads\/2024\/11\/WhatsApp-Image-2024-11-04-at-14.36.10-768x581.jpeg 768w, https:\/\/www.fanprojekt-muenster.de\/wordpress\/wp-content\/uploads\/2024\/11\/WhatsApp-Image-2024-11-04-at-14.36.10-1536x1162.jpeg 1536w, https:\/\/www.fanprojekt-muenster.de\/wordpress\/wp-content\/uploads\/2024\/11\/WhatsApp-Image-2024-11-04-at-14.36.10-2048x1550.jpeg 2048w\" sizes=\"auto, (max-width: 2560px) 100vw, 2560px\" \/><\/figure>","protected":false},"excerpt":{"rendered":"<p>Am Mittwoch (30. Oktober) fand in der Haupttrib\u00fcne die ordentliche Jahreshauptversammlung der Fangemeinschaft Preu\u00dfen M\u00fcnster (FG) statt. Rund 30 Mitglieder besuchten die harmonische, rund einst\u00fcndige Veranstaltung. Vorstandwahlen standen in diesem&#8230; <a class=\"read-more-link\" href=\"https:\/\/www.fanprojekt-muenster.de\/wordpress\/harmonische-jhv-fangemeinschaft-mit-erfolgreichem-rueckblick-vielen-plaenen-und-tollen-events\/\">Read more &raquo;<\/a><\/p>\n","protected":false},"author":11,"featured_media":9553,"comment_status":"closed","ping_status":"open","sticky":false,"template":"","format":"standard","meta":{"advgb_blocks_editor_width":"","advgb_blocks_columns_visual_guide":"","footnotes":""},"categories":[3],"tags":[223,283],"class_list":["post-9548","post","type-post","status-publish","format-standard","has-post-thumbnail","hentry","category-aktuelles","tag-sc-preussen-muenster","tag-von-fans-fuer-fans"],"featured_image_src":"https:\/\/www.fanprojekt-muenster.de\/wordpress\/wp-content\/uploads\/2024\/11\/WhatsApp-Image-2024-11-04-at-14.36.10-scaled.jpeg","author_info":{"display_name":"Julius","author_link":"https:\/\/www.fanprojekt-muenster.de\/wordpress\/author\/juliush\/"},"yoast_head":"<!-- This site is optimized with the Yoast SEO plugin v27.2 - https:\/\/yoast.com\/product\/yoast-seo-wordpress\/ -->\n<title>Harmonische JHV \u2013 Fangemeinschaft mit erfolgreichem R\u00fcckblick, vielen Pl\u00e4nen und tollen Events - Fangemeinschaft Preu\u00dfen M\u00fcnster e. V.<\/title>\n<meta name=\"robots\" content=\"index, follow, max-snippet:-1, max-image-preview:large, max-video-preview:-1\" \/>\n<link rel=\"canonical\" href=\"https:\/\/www.fanprojekt-muenster.de\/wordpress\/harmonische-jhv-fangemeinschaft-mit-erfolgreichem-rueckblick-vielen-plaenen-und-tollen-events\/\" \/>\n<meta property=\"og:locale\" content=\"de_DE\" \/>\n<meta property=\"og:type\" content=\"article\" \/>\n<meta property=\"og:title\" content=\"Harmonische JHV \u2013 Fangemeinschaft mit erfolgreichem R\u00fcckblick, vielen Pl\u00e4nen und tollen Events - Fangemeinschaft Preu\u00dfen M\u00fcnster e. V.\" \/>\n<meta property=\"og:description\" content=\"Am Mittwoch (30. Oktober) fand in der Haupttrib\u00fcne die ordentliche Jahreshauptversammlung der Fangemeinschaft Preu\u00dfen M\u00fcnster (FG) statt. Rund 30 Mitglieder besuchten die harmonische, rund einst\u00fcndige Veranstaltung. Vorstandwahlen standen in diesem... Read more &raquo;\" \/>\n<meta property=\"og:url\" content=\"https:\/\/www.fanprojekt-muenster.de\/wordpress\/harmonische-jhv-fangemeinschaft-mit-erfolgreichem-rueckblick-vielen-plaenen-und-tollen-events\/\" \/>\n<meta property=\"og:site_name\" content=\"Fangemeinschaft Preu\u00dfen M\u00fcnster e. V.\" \/>\n<meta property=\"article:published_time\" content=\"2024-11-03T21:35:25+00:00\" \/>\n<meta property=\"article:modified_time\" content=\"2024-11-04T13:38:48+00:00\" \/>\n<meta property=\"og:image\" content=\"https:\/\/www.fanprojekt-muenster.de\/wordpress\/wp-content\/uploads\/2024\/11\/WhatsApp-Image-2024-11-04-at-14.36.10-scaled.jpeg\" \/>\n\t<meta property=\"og:image:width\" content=\"2560\" \/>\n\t<meta property=\"og:image:height\" content=\"1937\" \/>\n\t<meta property=\"og:image:type\" content=\"image\/jpeg\" \/>\n<meta name=\"author\" content=\"Julius\" \/>\n<meta name=\"twitter:card\" content=\"summary_large_image\" \/>\n<meta name=\"twitter:label1\" content=\"Verfasst von\" \/>\n\t<meta name=\"twitter:data1\" content=\"Julius\" \/>\n\t<meta name=\"twitter:label2\" content=\"Gesch\u00e4tzte Lesezeit\" \/>\n\t<meta name=\"twitter:data2\" content=\"5\u00a0Minuten\" \/>\n<script type=\"application\/ld+json\" class=\"yoast-schema-graph\">{\"@context\":\"https:\/\/schema.org\",\"@graph\":[{\"@type\":\"Article\",\"@id\":\"https:\/\/www.fanprojekt-muenster.de\/wordpress\/harmonische-jhv-fangemeinschaft-mit-erfolgreichem-rueckblick-vielen-plaenen-und-tollen-events\/#article\",\"isPartOf\":{\"@id\":\"https:\/\/www.fanprojekt-muenster.de\/wordpress\/harmonische-jhv-fangemeinschaft-mit-erfolgreichem-rueckblick-vielen-plaenen-und-tollen-events\/\"},\"author\":{\"name\":\"Julius\",\"@id\":\"https:\/\/www.fanprojekt-muenster.de\/wordpress\/#\/schema\/person\/d6f23c25f1746fe09de1ce0642a01dc0\"},\"headline\":\"Harmonische JHV \u2013 Fangemeinschaft mit erfolgreichem R\u00fcckblick, vielen Pl\u00e4nen und tollen Events\",\"datePublished\":\"2024-11-03T21:35:25+00:00\",\"dateModified\":\"2024-11-04T13:38:48+00:00\",\"mainEntityOfPage\":{\"@id\":\"https:\/\/www.fanprojekt-muenster.de\/wordpress\/harmonische-jhv-fangemeinschaft-mit-erfolgreichem-rueckblick-vielen-plaenen-und-tollen-events\/\"},\"wordCount\":819,\"publisher\":{\"@id\":\"https:\/\/www.fanprojekt-muenster.de\/wordpress\/#organization\"},\"image\":{\"@id\":\"https:\/\/www.fanprojekt-muenster.de\/wordpress\/harmonische-jhv-fangemeinschaft-mit-erfolgreichem-rueckblick-vielen-plaenen-und-tollen-events\/#primaryimage\"},\"thumbnailUrl\":\"https:\/\/www.fanprojekt-muenster.de\/wordpress\/wp-content\/uploads\/2024\/11\/WhatsApp-Image-2024-11-04-at-14.36.10-scaled.jpeg\",\"keywords\":[\"SC Preu\u00dfen M\u00fcnster\",\"Von Fans f\u00fcr Fans\"],\"articleSection\":[\"Aktuelles\"],\"inLanguage\":\"de\"},{\"@type\":\"WebPage\",\"@id\":\"https:\/\/www.fanprojekt-muenster.de\/wordpress\/harmonische-jhv-fangemeinschaft-mit-erfolgreichem-rueckblick-vielen-plaenen-und-tollen-events\/\",\"url\":\"https:\/\/www.fanprojekt-muenster.de\/wordpress\/harmonische-jhv-fangemeinschaft-mit-erfolgreichem-rueckblick-vielen-plaenen-und-tollen-events\/\",\"name\":\"Harmonische JHV \u2013 Fangemeinschaft mit erfolgreichem R\u00fcckblick, vielen Pl\u00e4nen und tollen Events - Fangemeinschaft Preu\u00dfen M\u00fcnster e. V.\",\"isPartOf\":{\"@id\":\"https:\/\/www.fanprojekt-muenster.de\/wordpress\/#website\"},\"primaryImageOfPage\":{\"@id\":\"https:\/\/www.fanprojekt-muenster.de\/wordpress\/harmonische-jhv-fangemeinschaft-mit-erfolgreichem-rueckblick-vielen-plaenen-und-tollen-events\/#primaryimage\"},\"image\":{\"@id\":\"https:\/\/www.fanprojekt-muenster.de\/wordpress\/harmonische-jhv-fangemeinschaft-mit-erfolgreichem-rueckblick-vielen-plaenen-und-tollen-events\/#primaryimage\"},\"thumbnailUrl\":\"https:\/\/www.fanprojekt-muenster.de\/wordpress\/wp-content\/uploads\/2024\/11\/WhatsApp-Image-2024-11-04-at-14.36.10-scaled.jpeg\",\"datePublished\":\"2024-11-03T21:35:25+00:00\",\"dateModified\":\"2024-11-04T13:38:48+00:00\",\"breadcrumb\":{\"@id\":\"https:\/\/www.fanprojekt-muenster.de\/wordpress\/harmonische-jhv-fangemeinschaft-mit-erfolgreichem-rueckblick-vielen-plaenen-und-tollen-events\/#breadcrumb\"},\"inLanguage\":\"de\",\"potentialAction\":[{\"@type\":\"ReadAction\",\"target\":[\"https:\/\/www.fanprojekt-muenster.de\/wordpress\/harmonische-jhv-fangemeinschaft-mit-erfolgreichem-rueckblick-vielen-plaenen-und-tollen-events\/\"]}]},{\"@type\":\"ImageObject\",\"inLanguage\":\"de\",\"@id\":\"https:\/\/www.fanprojekt-muenster.de\/wordpress\/harmonische-jhv-fangemeinschaft-mit-erfolgreichem-rueckblick-vielen-plaenen-und-tollen-events\/#primaryimage\",\"url\":\"https:\/\/www.fanprojekt-muenster.de\/wordpress\/wp-content\/uploads\/2024\/11\/WhatsApp-Image-2024-11-04-at-14.36.10-scaled.jpeg\",\"contentUrl\":\"https:\/\/www.fanprojekt-muenster.de\/wordpress\/wp-content\/uploads\/2024\/11\/WhatsApp-Image-2024-11-04-at-14.36.10-scaled.jpeg\",\"width\":2560,\"height\":1937},{\"@type\":\"BreadcrumbList\",\"@id\":\"https:\/\/www.fanprojekt-muenster.de\/wordpress\/harmonische-jhv-fangemeinschaft-mit-erfolgreichem-rueckblick-vielen-plaenen-und-tollen-events\/#breadcrumb\",\"itemListElement\":[{\"@type\":\"ListItem\",\"position\":1,\"name\":\"Startseite\",\"item\":\"https:\/\/www.fanprojekt-muenster.de\/wordpress\/\"},{\"@type\":\"ListItem\",\"position\":2,\"name\":\"Harmonische JHV \u2013 Fangemeinschaft mit erfolgreichem R\u00fcckblick, vielen Pl\u00e4nen und tollen Events\"}]},{\"@type\":\"WebSite\",\"@id\":\"https:\/\/www.fanprojekt-muenster.de\/wordpress\/#website\",\"url\":\"https:\/\/www.fanprojekt-muenster.de\/wordpress\/\",\"name\":\"Fangemeinschaft Preu\u00dfen M\u00fcnster e. V.\",\"description\":\"\",\"publisher\":{\"@id\":\"https:\/\/www.fanprojekt-muenster.de\/wordpress\/#organization\"},\"potentialAction\":[{\"@type\":\"SearchAction\",\"target\":{\"@type\":\"EntryPoint\",\"urlTemplate\":\"https:\/\/www.fanprojekt-muenster.de\/wordpress\/?s={search_term_string}\"},\"query-input\":{\"@type\":\"PropertyValueSpecification\",\"valueRequired\":true,\"valueName\":\"search_term_string\"}}],\"inLanguage\":\"de\"},{\"@type\":\"Organization\",\"@id\":\"https:\/\/www.fanprojekt-muenster.de\/wordpress\/#organization\",\"name\":\"Fangemeinschaft Preu\u00dfen M\u00fcnster e. V.\",\"url\":\"https:\/\/www.fanprojekt-muenster.de\/wordpress\/\",\"logo\":{\"@type\":\"ImageObject\",\"inLanguage\":\"de\",\"@id\":\"https:\/\/www.fanprojekt-muenster.de\/wordpress\/#\/schema\/logo\/image\/\",\"url\":\"https:\/\/www.fanprojekt-muenster.de\/wordpress\/wp-content\/uploads\/2019\/07\/cropped-Website_Logo3-9.png\",\"contentUrl\":\"https:\/\/www.fanprojekt-muenster.de\/wordpress\/wp-content\/uploads\/2019\/07\/cropped-Website_Logo3-9.png\",\"width\":224,\"height\":42,\"caption\":\"Fangemeinschaft Preu\u00dfen M\u00fcnster e. V.\"},\"image\":{\"@id\":\"https:\/\/www.fanprojekt-muenster.de\/wordpress\/#\/schema\/logo\/image\/\"}},{\"@type\":\"Person\",\"@id\":\"https:\/\/www.fanprojekt-muenster.de\/wordpress\/#\/schema\/person\/d6f23c25f1746fe09de1ce0642a01dc0\",\"name\":\"Julius\",\"url\":\"https:\/\/www.fanprojekt-muenster.de\/wordpress\/author\/juliush\/\"}]}<\/script>\n<!-- \/ Yoast SEO plugin. -->","yoast_head_json":{"title":"Harmonische JHV \u2013 Fangemeinschaft mit erfolgreichem R\u00fcckblick, vielen Pl\u00e4nen und tollen Events - Fangemeinschaft Preu\u00dfen M\u00fcnster e. V.","robots":{"index":"index","follow":"follow","max-snippet":"max-snippet:-1","max-image-preview":"max-image-preview:large","max-video-preview":"max-video-preview:-1"},"canonical":"https:\/\/www.fanprojekt-muenster.de\/wordpress\/harmonische-jhv-fangemeinschaft-mit-erfolgreichem-rueckblick-vielen-plaenen-und-tollen-events\/","og_locale":"de_DE","og_type":"article","og_title":"Harmonische JHV \u2013 Fangemeinschaft mit erfolgreichem R\u00fcckblick, vielen Pl\u00e4nen und tollen Events - Fangemeinschaft Preu\u00dfen M\u00fcnster e. V.","og_description":"Am Mittwoch (30. Oktober) fand in der Haupttrib\u00fcne die ordentliche Jahreshauptversammlung der Fangemeinschaft Preu\u00dfen M\u00fcnster (FG) statt. Rund 30 Mitglieder besuchten die harmonische, rund einst\u00fcndige Veranstaltung. Vorstandwahlen standen in diesem... Read more &raquo;","og_url":"https:\/\/www.fanprojekt-muenster.de\/wordpress\/harmonische-jhv-fangemeinschaft-mit-erfolgreichem-rueckblick-vielen-plaenen-und-tollen-events\/","og_site_name":"Fangemeinschaft Preu\u00dfen M\u00fcnster e. V.","article_published_time":"2024-11-03T21:35:25+00:00","article_modified_time":"2024-11-04T13:38:48+00:00","og_image":[{"width":2560,"height":1937,"url":"https:\/\/www.fanprojekt-muenster.de\/wordpress\/wp-content\/uploads\/2024\/11\/WhatsApp-Image-2024-11-04-at-14.36.10-scaled.jpeg","type":"image\/jpeg"}],"author":"Julius","twitter_card":"summary_large_image","twitter_misc":{"Verfasst von":"Julius","Gesch\u00e4tzte Lesezeit":"5\u00a0Minuten"},"schema":{"@context":"https:\/\/schema.org","@graph":[{"@type":"Article","@id":"https:\/\/www.fanprojekt-muenster.de\/wordpress\/harmonische-jhv-fangemeinschaft-mit-erfolgreichem-rueckblick-vielen-plaenen-und-tollen-events\/#article","isPartOf":{"@id":"https:\/\/www.fanprojekt-muenster.de\/wordpress\/harmonische-jhv-fangemeinschaft-mit-erfolgreichem-rueckblick-vielen-plaenen-und-tollen-events\/"},"author":{"name":"Julius","@id":"https:\/\/www.fanprojekt-muenster.de\/wordpress\/#\/schema\/person\/d6f23c25f1746fe09de1ce0642a01dc0"},"headline":"Harmonische JHV \u2013 Fangemeinschaft mit erfolgreichem R\u00fcckblick, vielen Pl\u00e4nen und tollen Events","datePublished":"2024-11-03T21:35:25+00:00","dateModified":"2024-11-04T13:38:48+00:00","mainEntityOfPage":{"@id":"https:\/\/www.fanprojekt-muenster.de\/wordpress\/harmonische-jhv-fangemeinschaft-mit-erfolgreichem-rueckblick-vielen-plaenen-und-tollen-events\/"},"wordCount":819,"publisher":{"@id":"https:\/\/www.fanprojekt-muenster.de\/wordpress\/#organization"},"image":{"@id":"https:\/\/www.fanprojekt-muenster.de\/wordpress\/harmonische-jhv-fangemeinschaft-mit-erfolgreichem-rueckblick-vielen-plaenen-und-tollen-events\/#primaryimage"},"thumbnailUrl":"https:\/\/www.fanprojekt-muenster.de\/wordpress\/wp-content\/uploads\/2024\/11\/WhatsApp-Image-2024-11-04-at-14.36.10-scaled.jpeg","keywords":["SC Preu\u00dfen M\u00fcnster","Von Fans f\u00fcr Fans"],"articleSection":["Aktuelles"],"inLanguage":"de"},{"@type":"WebPage","@id":"https:\/\/www.fanprojekt-muenster.de\/wordpress\/harmonische-jhv-fangemeinschaft-mit-erfolgreichem-rueckblick-vielen-plaenen-und-tollen-events\/","url":"https:\/\/www.fanprojekt-muenster.de\/wordpress\/harmonische-jhv-fangemeinschaft-mit-erfolgreichem-rueckblick-vielen-plaenen-und-tollen-events\/","name":"Harmonische JHV \u2013 Fangemeinschaft mit erfolgreichem R\u00fcckblick, vielen Pl\u00e4nen und tollen Events - Fangemeinschaft Preu\u00dfen M\u00fcnster e. V.","isPartOf":{"@id":"https:\/\/www.fanprojekt-muenster.de\/wordpress\/#website"},"primaryImageOfPage":{"@id":"https:\/\/www.fanprojekt-muenster.de\/wordpress\/harmonische-jhv-fangemeinschaft-mit-erfolgreichem-rueckblick-vielen-plaenen-und-tollen-events\/#primaryimage"},"image":{"@id":"https:\/\/www.fanprojekt-muenster.de\/wordpress\/harmonische-jhv-fangemeinschaft-mit-erfolgreichem-rueckblick-vielen-plaenen-und-tollen-events\/#primaryimage"},"thumbnailUrl":"https:\/\/www.fanprojekt-muenster.de\/wordpress\/wp-content\/uploads\/2024\/11\/WhatsApp-Image-2024-11-04-at-14.36.10-scaled.jpeg","datePublished":"2024-11-03T21:35:25+00:00","dateModified":"2024-11-04T13:38:48+00:00","breadcrumb":{"@id":"https:\/\/www.fanprojekt-muenster.de\/wordpress\/harmonische-jhv-fangemeinschaft-mit-erfolgreichem-rueckblick-vielen-plaenen-und-tollen-events\/#breadcrumb"},"inLanguage":"de","potentialAction":[{"@type":"ReadAction","target":["https:\/\/www.fanprojekt-muenster.de\/wordpress\/harmonische-jhv-fangemeinschaft-mit-erfolgreichem-rueckblick-vielen-plaenen-und-tollen-events\/"]}]},{"@type":"ImageObject","inLanguage":"de","@id":"https:\/\/www.fanprojekt-muenster.de\/wordpress\/harmonische-jhv-fangemeinschaft-mit-erfolgreichem-rueckblick-vielen-plaenen-und-tollen-events\/#primaryimage","url":"https:\/\/www.fanprojekt-muenster.de\/wordpress\/wp-content\/uploads\/2024\/11\/WhatsApp-Image-2024-11-04-at-14.36.10-scaled.jpeg","contentUrl":"https:\/\/www.fanprojekt-muenster.de\/wordpress\/wp-content\/uploads\/2024\/11\/WhatsApp-Image-2024-11-04-at-14.36.10-scaled.jpeg","width":2560,"height":1937},{"@type":"BreadcrumbList","@id":"https:\/\/www.fanprojekt-muenster.de\/wordpress\/harmonische-jhv-fangemeinschaft-mit-erfolgreichem-rueckblick-vielen-plaenen-und-tollen-events\/#breadcrumb","itemListElement":[{"@type":"ListItem","position":1,"name":"Startseite","item":"https:\/\/www.fanprojekt-muenster.de\/wordpress\/"},{"@type":"ListItem","position":2,"name":"Harmonische JHV \u2013 Fangemeinschaft mit erfolgreichem R\u00fcckblick, vielen Pl\u00e4nen und tollen Events"}]},{"@type":"WebSite","@id":"https:\/\/www.fanprojekt-muenster.de\/wordpress\/#website","url":"https:\/\/www.fanprojekt-muenster.de\/wordpress\/","name":"Fangemeinschaft Preu\u00dfen M\u00fcnster e. V.","description":"","publisher":{"@id":"https:\/\/www.fanprojekt-muenster.de\/wordpress\/#organization"},"potentialAction":[{"@type":"SearchAction","target":{"@type":"EntryPoint","urlTemplate":"https:\/\/www.fanprojekt-muenster.de\/wordpress\/?s={search_term_string}"},"query-input":{"@type":"PropertyValueSpecification","valueRequired":true,"valueName":"search_term_string"}}],"inLanguage":"de"},{"@type":"Organization","@id":"https:\/\/www.fanprojekt-muenster.de\/wordpress\/#organization","name":"Fangemeinschaft Preu\u00dfen M\u00fcnster e. V.","url":"https:\/\/www.fanprojekt-muenster.de\/wordpress\/","logo":{"@type":"ImageObject","inLanguage":"de","@id":"https:\/\/www.fanprojekt-muenster.de\/wordpress\/#\/schema\/logo\/image\/","url":"https:\/\/www.fanprojekt-muenster.de\/wordpress\/wp-content\/uploads\/2019\/07\/cropped-Website_Logo3-9.png","contentUrl":"https:\/\/www.fanprojekt-muenster.de\/wordpress\/wp-content\/uploads\/2019\/07\/cropped-Website_Logo3-9.png","width":224,"height":42,"caption":"Fangemeinschaft Preu\u00dfen M\u00fcnster e. V."},"image":{"@id":"https:\/\/www.fanprojekt-muenster.de\/wordpress\/#\/schema\/logo\/image\/"}},{"@type":"Person","@id":"https:\/\/www.fanprojekt-muenster.de\/wordpress\/#\/schema\/person\/d6f23c25f1746fe09de1ce0642a01dc0","name":"Julius","url":"https:\/\/www.fanprojekt-muenster.de\/wordpress\/author\/juliush\/"}]}},"author_meta":{"display_name":"Julius","author_link":"https:\/\/www.fanprojekt-muenster.de\/wordpress\/author\/juliush\/"},"featured_img":"https:\/\/www.fanprojekt-muenster.de\/wordpress\/wp-content\/uploads\/2024\/11\/WhatsApp-Image-2024-11-04-at-14.36.10-300x227.jpeg","coauthors":[],"tax_additional":{"categories":{"linked":["<a href=\"https:\/\/www.fanprojekt-muenster.de\/wordpress\/category\/aktuelles\/\" class=\"advgb-post-tax-term\">Aktuelles<\/a>"],"unlinked":["<span class=\"advgb-post-tax-term\">Aktuelles<\/span>"]},"tags":{"linked":["<a href=\"https:\/\/www.fanprojekt-muenster.de\/wordpress\/category\/aktuelles\/\" class=\"advgb-post-tax-term\">SC Preu\u00dfen M\u00fcnster<\/a>","<a href=\"https:\/\/www.fanprojekt-muenster.de\/wordpress\/category\/aktuelles\/\" class=\"advgb-post-tax-term\">Von Fans f\u00fcr Fans<\/a>"],"unlinked":["<span class=\"advgb-post-tax-term\">SC Preu\u00dfen M\u00fcnster<\/span>","<span class=\"advgb-post-tax-term\">Von Fans f\u00fcr Fans<\/span>"]}},"comment_count":"0","relative_dates":{"created":"Posted 1\u00a0Jahr ago","modified":"Updated 1\u00a0Jahr ago"},"absolute_dates":{"created":"Posted on 3. November 2024","modified":"Updated on 4. November 2024"},"absolute_dates_time":{"created":"Posted on 3. November 2024 22:35","modified":"Updated on 4. November 2024 14:38"},"featured_img_caption":"","series_order":"","_links":{"self":[{"href":"https:\/\/www.fanprojekt-muenster.de\/wordpress\/wp-json\/wp\/v2\/posts\/9548","targetHints":{"allow":["GET"]}}],"collection":[{"href":"https:\/\/www.fanprojekt-muenster.de\/wordpress\/wp-json\/wp\/v2\/posts"}],"about":[{"href":"https:\/\/www.fanprojekt-muenster.de\/wordpress\/wp-json\/wp\/v2\/types\/post"}],"author":[{"embeddable":true,"href":"https:\/\/www.fanprojekt-muenster.de\/wordpress\/wp-json\/wp\/v2\/users\/11"}],"replies":[{"embeddable":true,"href":"https:\/\/www.fanprojekt-muenster.de\/wordpress\/wp-json\/wp\/v2\/comments?post=9548"}],"version-history":[{"count":2,"href":"https:\/\/www.fanprojekt-muenster.de\/wordpress\/wp-json\/wp\/v2\/posts\/9548\/revisions"}],"predecessor-version":[{"id":9552,"href":"https:\/\/www.fanprojekt-muenster.de\/wordpress\/wp-json\/wp\/v2\/posts\/9548\/revisions\/9552"}],"wp:featuredmedia":[{"embeddable":true,"href":"https:\/\/www.fanprojekt-muenster.de\/wordpress\/wp-json\/wp\/v2\/media\/9553"}],"wp:attachment":[{"href":"https:\/\/www.fanprojekt-muenster.de\/wordpress\/wp-json\/wp\/v2\/media?parent=9548"}],"wp:term":[{"taxonomy":"category","embeddable":true,"href":"https:\/\/www.fanprojekt-muenster.de\/wordpress\/wp-json\/wp\/v2\/categories?post=9548"},{"taxonomy":"post_tag","embeddable":true,"href":"https:\/\/www.fanprojekt-muenster.de\/wordpress\/wp-json\/wp\/v2\/tags?post=9548"}],"curies":[{"name":"wp","href":"https:\/\/api.w.org\/{rel}","templated":true}]}}