{"id":9516,"date":"2024-10-21T23:37:05","date_gmt":"2024-10-21T21:37:05","guid":{"rendered":"https:\/\/www.fanprojekt-muenster.de\/wordpress\/?p=9516"},"modified":"2024-10-21T23:37:06","modified_gmt":"2024-10-21T21:37:06","slug":"stellungnahme-der-ag-preussenstadion-zum-stadion-entwurf","status":"publish","type":"post","link":"https:\/\/www.fanprojekt-muenster.de\/wordpress\/stellungnahme-der-ag-preussenstadion-zum-stadion-entwurf\/","title":{"rendered":"Stellungnahme der AG Preu\u00dfenstadion zum Stadion-Entwurf"},"content":{"rendered":"\n<p>Als am 16. September die Stadt M\u00fcnster gemeinsam mit den Stadtwerken und dem SC Preu\u00dfen die Hellmich Unternehmensgruppe als Total\u00fcbernehmer vorstellte, endete auch ein langer Prozess der Ausschreibung. Lobend erw\u00e4hnt sei an dieser Stelle, dass wir als Fans in dieser Zeit immer wieder Gelegenheit hatten, unsere Perspektiven einzubringen. Die spannende Frage, wie das umgebaute Stadion zu den Anforderungen von Verein, Fans und Stadt passt, wurde mit den ersten ver\u00f6ffentlichten Pl\u00e4nen nun (zumindest in gro\u00dfen Teilen) beantwortet. Als erstes Ergebnis k\u00f6nnen wir feststellen, dass viele Fan-Anregungen ber\u00fccksichtigt wurden.<\/p>\n\n\n\n<p>Zu Beginn des Arbeitsprozesses hatte sich die AG Preu\u00dfenstadion f\u00fcr eine Verlegung des G\u00e4stebereichs in den S\u00fcdwesten des Stadionneubaus eingesetzt, um damit f\u00fcr Heimfans einen m\u00f6glichst gro\u00dfen Umlauf im und um das Stadion herum zu erm\u00f6glichen. F\u00fcr den Heimbereich in der Fiffi-Gerritzen-Kurve haben wir einen Verzicht auf Mundl\u00f6cher als zentralen Trib\u00fcnenzugang angeregt. Auch das wurde umgesetzt. Diese Punkte sind nur einige von denen, die beispielhaft zeigen, dass unsere Eingaben ernst genommen worden sind und sich auch in den bekannten Entwurfspl\u00e4nen wiederfinden.   <\/p>\n\n\n\n<p><strong>Optimierungspotentiale weiter vorhanden<\/strong><\/p>\n\n\n\n<p>Im jetzigen Entwurf sehen wir trotzdem noch M\u00f6glichkeiten, den Komfort f\u00fcr uns Zuschauer zu verbessern und weitere, bereits im \u201e<a href=\"https:\/\/www.fanprojekt-muenster.de\/wordpress\/ideenkonzept-ag-preussenstadion\/\">Ideenkonzept Preu\u00dfenstadion<\/a>&#8220; formulierte W\u00fcnsche umzusetzen. Ein zentraler Aspekt ist der Erhalt des traditionellen Stadionnamens \u201ePreu\u00dfenstadion&#8220;. Da im Rahmen der Umbauarbeiten unvermeidbar viel des Charmes eingeb\u00fc\u00dft werden wird, erachten wir den Erhalt des identit\u00e4tsstiftenden Namens f\u00fcr die Heimat aller Preu\u00dfenfans als essenziell. Wir sind uns sicher, dass wir hier, wie bei den anderen bereits umgesetzten Punkten, eine f\u00fcr alle Seiten zufriedenstellende L\u00f6sung finden. F\u00fcr den Heimbereich sehen wir noch Optimierungsbedarf bei der endg\u00fcltigen Ausgestaltung der Fiffi-Gerritzen-Kurve, sodass dort m\u00f6glichst viele Zaunfahnen untergebracht werden k\u00f6nnen. Dies ist ein weiterer, zentraler Punkt des \u201eIdeenkonzepts Preu\u00dfenstadion\u201c zur Umsetzung einer werbefreien Kurve. Als weiteren Punkt regen wir ein Verlegen des Mundlochs im G\u00e4steblock an um auch G\u00e4stefans ein m\u00f6glichst geschlossenes Zusammenstehen zu erm\u00f6glichen. Im Zuge der barrierearmen Ausgestaltung eines neuen Preu\u00dfenstadions treten wir daf\u00fcr ein, keine sichtfeldbehindernden Metallstangen als Gel\u00e4nder anzubringen.<\/p>\n\n\n\n<p>Als AG Preu\u00dfenstadion stehen wir weiterhin in engem Kontakt zum Verein und arbeiten gemeinsam m\u00f6gliche weitere Verbesserungen heraus.<\/p>\n\n\n\n<figure class=\"wp-block-image size-large\"><img loading=\"lazy\" decoding=\"async\" width=\"1024\" height=\"767\" src=\"https:\/\/www.fanprojekt-muenster.de\/wordpress\/wp-content\/uploads\/2024\/10\/WhatsApp-Image-2024-10-21-at-23.22.30-1024x767.jpeg\" alt=\"\" class=\"wp-image-9533\" srcset=\"https:\/\/www.fanprojekt-muenster.de\/wordpress\/wp-content\/uploads\/2024\/10\/WhatsApp-Image-2024-10-21-at-23.22.30-1024x767.jpeg 1024w, https:\/\/www.fanprojekt-muenster.de\/wordpress\/wp-content\/uploads\/2024\/10\/WhatsApp-Image-2024-10-21-at-23.22.30-300x225.jpeg 300w, https:\/\/www.fanprojekt-muenster.de\/wordpress\/wp-content\/uploads\/2024\/10\/WhatsApp-Image-2024-10-21-at-23.22.30-768x575.jpeg 768w, https:\/\/www.fanprojekt-muenster.de\/wordpress\/wp-content\/uploads\/2024\/10\/WhatsApp-Image-2024-10-21-at-23.22.30-1536x1151.jpeg 1536w, https:\/\/www.fanprojekt-muenster.de\/wordpress\/wp-content\/uploads\/2024\/10\/WhatsApp-Image-2024-10-21-at-23.22.30-2048x1534.jpeg 2048w, https:\/\/www.fanprojekt-muenster.de\/wordpress\/wp-content\/uploads\/2024\/10\/WhatsApp-Image-2024-10-21-at-23.22.30-576x432.jpeg 576w\" sizes=\"auto, (max-width: 1024px) 100vw, 1024px\" \/><\/figure>\n","protected":false},"excerpt":{"rendered":"<p>Als am 16. September die Stadt M\u00fcnster gemeinsam mit den Stadtwerken und dem SC Preu\u00dfen die Hellmich Unternehmensgruppe als Total\u00fcbernehmer vorstellte, endete auch ein langer Prozess der Ausschreibung. Lobend erw\u00e4hnt&#8230; <a class=\"read-more-link\" href=\"https:\/\/www.fanprojekt-muenster.de\/wordpress\/stellungnahme-der-ag-preussenstadion-zum-stadion-entwurf\/\">Read more &raquo;<\/a><\/p>\n","protected":false},"author":7,"featured_media":9533,"comment_status":"closed","ping_status":"open","sticky":false,"template":"","format":"standard","meta":{"advgb_blocks_editor_width":"","advgb_blocks_columns_visual_guide":"","footnotes":""},"categories":[314,3,326],"tags":[],"class_list":["post-9516","post","type-post","status-publish","format-standard","has-post-thumbnail","hentry","category-ag-preussenstadion","category-aktuelles","category-stellungnahmen"],"featured_image_src":"https:\/\/www.fanprojekt-muenster.de\/wordpress\/wp-content\/uploads\/2024\/10\/WhatsApp-Image-2024-10-21-at-23.22.30-scaled.jpeg","author_info":{"display_name":"CJO","author_link":"https:\/\/www.fanprojekt-muenster.de\/wordpress\/author\/jogy\/"},"yoast_head":"<!-- This site is optimized with the Yoast SEO plugin v27.2 - https:\/\/yoast.com\/product\/yoast-seo-wordpress\/ -->\n<title>Stellungnahme der AG Preu\u00dfenstadion zum Stadion-Entwurf - Fangemeinschaft Preu\u00dfen M\u00fcnster e. V.<\/title>\n<meta name=\"robots\" content=\"index, follow, max-snippet:-1, max-image-preview:large, max-video-preview:-1\" \/>\n<link rel=\"canonical\" href=\"https:\/\/www.fanprojekt-muenster.de\/wordpress\/stellungnahme-der-ag-preussenstadion-zum-stadion-entwurf\/\" \/>\n<meta property=\"og:locale\" content=\"de_DE\" \/>\n<meta property=\"og:type\" content=\"article\" \/>\n<meta property=\"og:title\" content=\"Stellungnahme der AG Preu\u00dfenstadion zum Stadion-Entwurf - Fangemeinschaft Preu\u00dfen M\u00fcnster e. V.\" \/>\n<meta property=\"og:description\" content=\"Als am 16. September die Stadt M\u00fcnster gemeinsam mit den Stadtwerken und dem SC Preu\u00dfen die Hellmich Unternehmensgruppe als Total\u00fcbernehmer vorstellte, endete auch ein langer Prozess der Ausschreibung. Lobend erw\u00e4hnt... Read more &raquo;\" \/>\n<meta property=\"og:url\" content=\"https:\/\/www.fanprojekt-muenster.de\/wordpress\/stellungnahme-der-ag-preussenstadion-zum-stadion-entwurf\/\" \/>\n<meta property=\"og:site_name\" content=\"Fangemeinschaft Preu\u00dfen M\u00fcnster e. V.\" \/>\n<meta property=\"article:published_time\" content=\"2024-10-21T21:37:05+00:00\" \/>\n<meta property=\"article:modified_time\" content=\"2024-10-21T21:37:06+00:00\" \/>\n<meta property=\"og:image\" content=\"https:\/\/www.fanprojekt-muenster.de\/wordpress\/wp-content\/uploads\/2024\/10\/WhatsApp-Image-2024-10-21-at-23.22.30-scaled.jpeg\" \/>\n\t<meta property=\"og:image:width\" content=\"2560\" \/>\n\t<meta property=\"og:image:height\" content=\"1918\" \/>\n\t<meta property=\"og:image:type\" content=\"image\/jpeg\" \/>\n<meta name=\"author\" content=\"CJO\" \/>\n<meta name=\"twitter:card\" content=\"summary_large_image\" \/>\n<meta name=\"twitter:label1\" content=\"Verfasst von\" \/>\n\t<meta name=\"twitter:data1\" content=\"CJO\" \/>\n\t<meta name=\"twitter:label2\" content=\"Gesch\u00e4tzte Lesezeit\" \/>\n\t<meta name=\"twitter:data2\" content=\"3\u00a0Minuten\" \/>\n<script type=\"application\/ld+json\" class=\"yoast-schema-graph\">{\"@context\":\"https:\/\/schema.org\",\"@graph\":[{\"@type\":\"Article\",\"@id\":\"https:\/\/www.fanprojekt-muenster.de\/wordpress\/stellungnahme-der-ag-preussenstadion-zum-stadion-entwurf\/#article\",\"isPartOf\":{\"@id\":\"https:\/\/www.fanprojekt-muenster.de\/wordpress\/stellungnahme-der-ag-preussenstadion-zum-stadion-entwurf\/\"},\"author\":{\"name\":\"CJO\",\"@id\":\"https:\/\/www.fanprojekt-muenster.de\/wordpress\/#\/schema\/person\/744936f7caad5b07423673506682ba59\"},\"headline\":\"Stellungnahme der AG Preu\u00dfenstadion zum Stadion-Entwurf\",\"datePublished\":\"2024-10-21T21:37:05+00:00\",\"dateModified\":\"2024-10-21T21:37:06+00:00\",\"mainEntityOfPage\":{\"@id\":\"https:\/\/www.fanprojekt-muenster.de\/wordpress\/stellungnahme-der-ag-preussenstadion-zum-stadion-entwurf\/\"},\"wordCount\":396,\"publisher\":{\"@id\":\"https:\/\/www.fanprojekt-muenster.de\/wordpress\/#organization\"},\"image\":{\"@id\":\"https:\/\/www.fanprojekt-muenster.de\/wordpress\/stellungnahme-der-ag-preussenstadion-zum-stadion-entwurf\/#primaryimage\"},\"thumbnailUrl\":\"https:\/\/www.fanprojekt-muenster.de\/wordpress\/wp-content\/uploads\/2024\/10\/WhatsApp-Image-2024-10-21-at-23.22.30-scaled.jpeg\",\"articleSection\":[\"AG Preu\u00dfenstadion\",\"Aktuelles\",\"Stellungnahmen\"],\"inLanguage\":\"de\"},{\"@type\":\"WebPage\",\"@id\":\"https:\/\/www.fanprojekt-muenster.de\/wordpress\/stellungnahme-der-ag-preussenstadion-zum-stadion-entwurf\/\",\"url\":\"https:\/\/www.fanprojekt-muenster.de\/wordpress\/stellungnahme-der-ag-preussenstadion-zum-stadion-entwurf\/\",\"name\":\"Stellungnahme der AG Preu\u00dfenstadion zum Stadion-Entwurf - Fangemeinschaft Preu\u00dfen M\u00fcnster e. V.\",\"isPartOf\":{\"@id\":\"https:\/\/www.fanprojekt-muenster.de\/wordpress\/#website\"},\"primaryImageOfPage\":{\"@id\":\"https:\/\/www.fanprojekt-muenster.de\/wordpress\/stellungnahme-der-ag-preussenstadion-zum-stadion-entwurf\/#primaryimage\"},\"image\":{\"@id\":\"https:\/\/www.fanprojekt-muenster.de\/wordpress\/stellungnahme-der-ag-preussenstadion-zum-stadion-entwurf\/#primaryimage\"},\"thumbnailUrl\":\"https:\/\/www.fanprojekt-muenster.de\/wordpress\/wp-content\/uploads\/2024\/10\/WhatsApp-Image-2024-10-21-at-23.22.30-scaled.jpeg\",\"datePublished\":\"2024-10-21T21:37:05+00:00\",\"dateModified\":\"2024-10-21T21:37:06+00:00\",\"breadcrumb\":{\"@id\":\"https:\/\/www.fanprojekt-muenster.de\/wordpress\/stellungnahme-der-ag-preussenstadion-zum-stadion-entwurf\/#breadcrumb\"},\"inLanguage\":\"de\",\"potentialAction\":[{\"@type\":\"ReadAction\",\"target\":[\"https:\/\/www.fanprojekt-muenster.de\/wordpress\/stellungnahme-der-ag-preussenstadion-zum-stadion-entwurf\/\"]}]},{\"@type\":\"ImageObject\",\"inLanguage\":\"de\",\"@id\":\"https:\/\/www.fanprojekt-muenster.de\/wordpress\/stellungnahme-der-ag-preussenstadion-zum-stadion-entwurf\/#primaryimage\",\"url\":\"https:\/\/www.fanprojekt-muenster.de\/wordpress\/wp-content\/uploads\/2024\/10\/WhatsApp-Image-2024-10-21-at-23.22.30-scaled.jpeg\",\"contentUrl\":\"https:\/\/www.fanprojekt-muenster.de\/wordpress\/wp-content\/uploads\/2024\/10\/WhatsApp-Image-2024-10-21-at-23.22.30-scaled.jpeg\",\"width\":2560,\"height\":1918},{\"@type\":\"BreadcrumbList\",\"@id\":\"https:\/\/www.fanprojekt-muenster.de\/wordpress\/stellungnahme-der-ag-preussenstadion-zum-stadion-entwurf\/#breadcrumb\",\"itemListElement\":[{\"@type\":\"ListItem\",\"position\":1,\"name\":\"Startseite\",\"item\":\"https:\/\/www.fanprojekt-muenster.de\/wordpress\/\"},{\"@type\":\"ListItem\",\"position\":2,\"name\":\"Stellungnahme der AG Preu\u00dfenstadion zum Stadion-Entwurf\"}]},{\"@type\":\"WebSite\",\"@id\":\"https:\/\/www.fanprojekt-muenster.de\/wordpress\/#website\",\"url\":\"https:\/\/www.fanprojekt-muenster.de\/wordpress\/\",\"name\":\"Fangemeinschaft Preu\u00dfen M\u00fcnster e. V.\",\"description\":\"\",\"publisher\":{\"@id\":\"https:\/\/www.fanprojekt-muenster.de\/wordpress\/#organization\"},\"potentialAction\":[{\"@type\":\"SearchAction\",\"target\":{\"@type\":\"EntryPoint\",\"urlTemplate\":\"https:\/\/www.fanprojekt-muenster.de\/wordpress\/?s={search_term_string}\"},\"query-input\":{\"@type\":\"PropertyValueSpecification\",\"valueRequired\":true,\"valueName\":\"search_term_string\"}}],\"inLanguage\":\"de\"},{\"@type\":\"Organization\",\"@id\":\"https:\/\/www.fanprojekt-muenster.de\/wordpress\/#organization\",\"name\":\"Fangemeinschaft Preu\u00dfen M\u00fcnster e. V.\",\"url\":\"https:\/\/www.fanprojekt-muenster.de\/wordpress\/\",\"logo\":{\"@type\":\"ImageObject\",\"inLanguage\":\"de\",\"@id\":\"https:\/\/www.fanprojekt-muenster.de\/wordpress\/#\/schema\/logo\/image\/\",\"url\":\"https:\/\/www.fanprojekt-muenster.de\/wordpress\/wp-content\/uploads\/2019\/07\/cropped-Website_Logo3-9.png\",\"contentUrl\":\"https:\/\/www.fanprojekt-muenster.de\/wordpress\/wp-content\/uploads\/2019\/07\/cropped-Website_Logo3-9.png\",\"width\":224,\"height\":42,\"caption\":\"Fangemeinschaft Preu\u00dfen M\u00fcnster e. V.\"},\"image\":{\"@id\":\"https:\/\/www.fanprojekt-muenster.de\/wordpress\/#\/schema\/logo\/image\/\"}},{\"@type\":\"Person\",\"@id\":\"https:\/\/www.fanprojekt-muenster.de\/wordpress\/#\/schema\/person\/744936f7caad5b07423673506682ba59\",\"name\":\"CJO\",\"url\":\"https:\/\/www.fanprojekt-muenster.de\/wordpress\/author\/jogy\/\"}]}<\/script>\n<!-- \/ Yoast SEO plugin. -->","yoast_head_json":{"title":"Stellungnahme der AG Preu\u00dfenstadion zum Stadion-Entwurf - Fangemeinschaft Preu\u00dfen M\u00fcnster e. V.","robots":{"index":"index","follow":"follow","max-snippet":"max-snippet:-1","max-image-preview":"max-image-preview:large","max-video-preview":"max-video-preview:-1"},"canonical":"https:\/\/www.fanprojekt-muenster.de\/wordpress\/stellungnahme-der-ag-preussenstadion-zum-stadion-entwurf\/","og_locale":"de_DE","og_type":"article","og_title":"Stellungnahme der AG Preu\u00dfenstadion zum Stadion-Entwurf - Fangemeinschaft Preu\u00dfen M\u00fcnster e. V.","og_description":"Als am 16. September die Stadt M\u00fcnster gemeinsam mit den Stadtwerken und dem SC Preu\u00dfen die Hellmich Unternehmensgruppe als Total\u00fcbernehmer vorstellte, endete auch ein langer Prozess der Ausschreibung. Lobend erw\u00e4hnt... Read more &raquo;","og_url":"https:\/\/www.fanprojekt-muenster.de\/wordpress\/stellungnahme-der-ag-preussenstadion-zum-stadion-entwurf\/","og_site_name":"Fangemeinschaft Preu\u00dfen M\u00fcnster e. V.","article_published_time":"2024-10-21T21:37:05+00:00","article_modified_time":"2024-10-21T21:37:06+00:00","og_image":[{"width":2560,"height":1918,"url":"https:\/\/www.fanprojekt-muenster.de\/wordpress\/wp-content\/uploads\/2024\/10\/WhatsApp-Image-2024-10-21-at-23.22.30-scaled.jpeg","type":"image\/jpeg"}],"author":"CJO","twitter_card":"summary_large_image","twitter_misc":{"Verfasst von":"CJO","Gesch\u00e4tzte Lesezeit":"3\u00a0Minuten"},"schema":{"@context":"https:\/\/schema.org","@graph":[{"@type":"Article","@id":"https:\/\/www.fanprojekt-muenster.de\/wordpress\/stellungnahme-der-ag-preussenstadion-zum-stadion-entwurf\/#article","isPartOf":{"@id":"https:\/\/www.fanprojekt-muenster.de\/wordpress\/stellungnahme-der-ag-preussenstadion-zum-stadion-entwurf\/"},"author":{"name":"CJO","@id":"https:\/\/www.fanprojekt-muenster.de\/wordpress\/#\/schema\/person\/744936f7caad5b07423673506682ba59"},"headline":"Stellungnahme der AG Preu\u00dfenstadion zum Stadion-Entwurf","datePublished":"2024-10-21T21:37:05+00:00","dateModified":"2024-10-21T21:37:06+00:00","mainEntityOfPage":{"@id":"https:\/\/www.fanprojekt-muenster.de\/wordpress\/stellungnahme-der-ag-preussenstadion-zum-stadion-entwurf\/"},"wordCount":396,"publisher":{"@id":"https:\/\/www.fanprojekt-muenster.de\/wordpress\/#organization"},"image":{"@id":"https:\/\/www.fanprojekt-muenster.de\/wordpress\/stellungnahme-der-ag-preussenstadion-zum-stadion-entwurf\/#primaryimage"},"thumbnailUrl":"https:\/\/www.fanprojekt-muenster.de\/wordpress\/wp-content\/uploads\/2024\/10\/WhatsApp-Image-2024-10-21-at-23.22.30-scaled.jpeg","articleSection":["AG Preu\u00dfenstadion","Aktuelles","Stellungnahmen"],"inLanguage":"de"},{"@type":"WebPage","@id":"https:\/\/www.fanprojekt-muenster.de\/wordpress\/stellungnahme-der-ag-preussenstadion-zum-stadion-entwurf\/","url":"https:\/\/www.fanprojekt-muenster.de\/wordpress\/stellungnahme-der-ag-preussenstadion-zum-stadion-entwurf\/","name":"Stellungnahme der AG Preu\u00dfenstadion zum Stadion-Entwurf - Fangemeinschaft Preu\u00dfen M\u00fcnster e. V.","isPartOf":{"@id":"https:\/\/www.fanprojekt-muenster.de\/wordpress\/#website"},"primaryImageOfPage":{"@id":"https:\/\/www.fanprojekt-muenster.de\/wordpress\/stellungnahme-der-ag-preussenstadion-zum-stadion-entwurf\/#primaryimage"},"image":{"@id":"https:\/\/www.fanprojekt-muenster.de\/wordpress\/stellungnahme-der-ag-preussenstadion-zum-stadion-entwurf\/#primaryimage"},"thumbnailUrl":"https:\/\/www.fanprojekt-muenster.de\/wordpress\/wp-content\/uploads\/2024\/10\/WhatsApp-Image-2024-10-21-at-23.22.30-scaled.jpeg","datePublished":"2024-10-21T21:37:05+00:00","dateModified":"2024-10-21T21:37:06+00:00","breadcrumb":{"@id":"https:\/\/www.fanprojekt-muenster.de\/wordpress\/stellungnahme-der-ag-preussenstadion-zum-stadion-entwurf\/#breadcrumb"},"inLanguage":"de","potentialAction":[{"@type":"ReadAction","target":["https:\/\/www.fanprojekt-muenster.de\/wordpress\/stellungnahme-der-ag-preussenstadion-zum-stadion-entwurf\/"]}]},{"@type":"ImageObject","inLanguage":"de","@id":"https:\/\/www.fanprojekt-muenster.de\/wordpress\/stellungnahme-der-ag-preussenstadion-zum-stadion-entwurf\/#primaryimage","url":"https:\/\/www.fanprojekt-muenster.de\/wordpress\/wp-content\/uploads\/2024\/10\/WhatsApp-Image-2024-10-21-at-23.22.30-scaled.jpeg","contentUrl":"https:\/\/www.fanprojekt-muenster.de\/wordpress\/wp-content\/uploads\/2024\/10\/WhatsApp-Image-2024-10-21-at-23.22.30-scaled.jpeg","width":2560,"height":1918},{"@type":"BreadcrumbList","@id":"https:\/\/www.fanprojekt-muenster.de\/wordpress\/stellungnahme-der-ag-preussenstadion-zum-stadion-entwurf\/#breadcrumb","itemListElement":[{"@type":"ListItem","position":1,"name":"Startseite","item":"https:\/\/www.fanprojekt-muenster.de\/wordpress\/"},{"@type":"ListItem","position":2,"name":"Stellungnahme der AG Preu\u00dfenstadion zum Stadion-Entwurf"}]},{"@type":"WebSite","@id":"https:\/\/www.fanprojekt-muenster.de\/wordpress\/#website","url":"https:\/\/www.fanprojekt-muenster.de\/wordpress\/","name":"Fangemeinschaft Preu\u00dfen M\u00fcnster e. V.","description":"","publisher":{"@id":"https:\/\/www.fanprojekt-muenster.de\/wordpress\/#organization"},"potentialAction":[{"@type":"SearchAction","target":{"@type":"EntryPoint","urlTemplate":"https:\/\/www.fanprojekt-muenster.de\/wordpress\/?s={search_term_string}"},"query-input":{"@type":"PropertyValueSpecification","valueRequired":true,"valueName":"search_term_string"}}],"inLanguage":"de"},{"@type":"Organization","@id":"https:\/\/www.fanprojekt-muenster.de\/wordpress\/#organization","name":"Fangemeinschaft Preu\u00dfen M\u00fcnster e. V.","url":"https:\/\/www.fanprojekt-muenster.de\/wordpress\/","logo":{"@type":"ImageObject","inLanguage":"de","@id":"https:\/\/www.fanprojekt-muenster.de\/wordpress\/#\/schema\/logo\/image\/","url":"https:\/\/www.fanprojekt-muenster.de\/wordpress\/wp-content\/uploads\/2019\/07\/cropped-Website_Logo3-9.png","contentUrl":"https:\/\/www.fanprojekt-muenster.de\/wordpress\/wp-content\/uploads\/2019\/07\/cropped-Website_Logo3-9.png","width":224,"height":42,"caption":"Fangemeinschaft Preu\u00dfen M\u00fcnster e. V."},"image":{"@id":"https:\/\/www.fanprojekt-muenster.de\/wordpress\/#\/schema\/logo\/image\/"}},{"@type":"Person","@id":"https:\/\/www.fanprojekt-muenster.de\/wordpress\/#\/schema\/person\/744936f7caad5b07423673506682ba59","name":"CJO","url":"https:\/\/www.fanprojekt-muenster.de\/wordpress\/author\/jogy\/"}]}},"author_meta":{"display_name":"CJO","author_link":"https:\/\/www.fanprojekt-muenster.de\/wordpress\/author\/jogy\/"},"featured_img":"https:\/\/www.fanprojekt-muenster.de\/wordpress\/wp-content\/uploads\/2024\/10\/WhatsApp-Image-2024-10-21-at-23.22.30-300x225.jpeg","coauthors":[],"tax_additional":{"categories":{"linked":["<a href=\"https:\/\/www.fanprojekt-muenster.de\/wordpress\/category\/ag-preussenstadion\/\" class=\"advgb-post-tax-term\">AG Preu\u00dfenstadion<\/a>","<a href=\"https:\/\/www.fanprojekt-muenster.de\/wordpress\/category\/aktuelles\/\" class=\"advgb-post-tax-term\">Aktuelles<\/a>","<a href=\"https:\/\/www.fanprojekt-muenster.de\/wordpress\/category\/stellungnahmen\/\" class=\"advgb-post-tax-term\">Stellungnahmen<\/a>"],"unlinked":["<span class=\"advgb-post-tax-term\">AG Preu\u00dfenstadion<\/span>","<span class=\"advgb-post-tax-term\">Aktuelles<\/span>","<span class=\"advgb-post-tax-term\">Stellungnahmen<\/span>"]}},"comment_count":"0","relative_dates":{"created":"Posted 2\u00a0Jahren ago","modified":"Updated 2\u00a0Jahren ago"},"absolute_dates":{"created":"Posted on 21. Oktober 2024","modified":"Updated on 21. Oktober 2024"},"absolute_dates_time":{"created":"Posted on 21. Oktober 2024 23:37","modified":"Updated on 21. Oktober 2024 23:37"},"featured_img_caption":"","series_order":"","_links":{"self":[{"href":"https:\/\/www.fanprojekt-muenster.de\/wordpress\/wp-json\/wp\/v2\/posts\/9516","targetHints":{"allow":["GET"]}}],"collection":[{"href":"https:\/\/www.fanprojekt-muenster.de\/wordpress\/wp-json\/wp\/v2\/posts"}],"about":[{"href":"https:\/\/www.fanprojekt-muenster.de\/wordpress\/wp-json\/wp\/v2\/types\/post"}],"author":[{"embeddable":true,"href":"https:\/\/www.fanprojekt-muenster.de\/wordpress\/wp-json\/wp\/v2\/users\/7"}],"replies":[{"embeddable":true,"href":"https:\/\/www.fanprojekt-muenster.de\/wordpress\/wp-json\/wp\/v2\/comments?post=9516"}],"version-history":[{"count":14,"href":"https:\/\/www.fanprojekt-muenster.de\/wordpress\/wp-json\/wp\/v2\/posts\/9516\/revisions"}],"predecessor-version":[{"id":9534,"href":"https:\/\/www.fanprojekt-muenster.de\/wordpress\/wp-json\/wp\/v2\/posts\/9516\/revisions\/9534"}],"wp:featuredmedia":[{"embeddable":true,"href":"https:\/\/www.fanprojekt-muenster.de\/wordpress\/wp-json\/wp\/v2\/media\/9533"}],"wp:attachment":[{"href":"https:\/\/www.fanprojekt-muenster.de\/wordpress\/wp-json\/wp\/v2\/media?parent=9516"}],"wp:term":[{"taxonomy":"category","embeddable":true,"href":"https:\/\/www.fanprojekt-muenster.de\/wordpress\/wp-json\/wp\/v2\/categories?post=9516"},{"taxonomy":"post_tag","embeddable":true,"href":"https:\/\/www.fanprojekt-muenster.de\/wordpress\/wp-json\/wp\/v2\/tags?post=9516"}],"curies":[{"name":"wp","href":"https:\/\/api.w.org\/{rel}","templated":true}]}}