{"id":9295,"date":"2024-09-16T18:46:54","date_gmt":"2024-09-16T16:46:54","guid":{"rendered":"https:\/\/www.fanprojekt-muenster.de\/wordpress\/?p=9295"},"modified":"2024-09-16T18:48:57","modified_gmt":"2024-09-16T16:48:57","slug":"save-the-date-10-november-2024-sonderzug-zum-ksc-rollt","status":"publish","type":"post","link":"https:\/\/www.fanprojekt-muenster.de\/wordpress\/save-the-date-10-november-2024-sonderzug-zum-ksc-rollt\/","title":{"rendered":"+++ SAVE THE DATE: 10. November 2024 +++ Sonderzug zum KSC rollt +++"},"content":{"rendered":"\n<p>Alle Preussenfans sollten sich diesen Termin dick im Terminkalender eintragen. Fangemeinschaft und Fiffi-Gerritzen Kurve organisieren am Sonntag, <strong>10. November um 13:30<\/strong> zum Spiel im Karlsruher Wildpark einen Sonderzug. Infos zu Preis, Fahrtzeit und Ticketverkauf folgen in den kommenden Tagen.<\/p>\n\n\n\n<p><\/p>\n\n\n\n<figure class=\"wp-block-image size-large\"><img loading=\"lazy\" decoding=\"async\" width=\"1024\" height=\"1024\" src=\"https:\/\/www.fanprojekt-muenster.de\/wordpress\/wp-content\/uploads\/2024\/09\/WhatsApp-Image-2024-09-16-at-12.15.44-1024x1024.jpeg\" alt=\"\" class=\"wp-image-9297\" srcset=\"https:\/\/www.fanprojekt-muenster.de\/wordpress\/wp-content\/uploads\/2024\/09\/WhatsApp-Image-2024-09-16-at-12.15.44-1024x1024.jpeg 1024w, https:\/\/www.fanprojekt-muenster.de\/wordpress\/wp-content\/uploads\/2024\/09\/WhatsApp-Image-2024-09-16-at-12.15.44-300x300.jpeg 300w, https:\/\/www.fanprojekt-muenster.de\/wordpress\/wp-content\/uploads\/2024\/09\/WhatsApp-Image-2024-09-16-at-12.15.44-150x150.jpeg 150w, https:\/\/www.fanprojekt-muenster.de\/wordpress\/wp-content\/uploads\/2024\/09\/WhatsApp-Image-2024-09-16-at-12.15.44-768x768.jpeg 768w, https:\/\/www.fanprojekt-muenster.de\/wordpress\/wp-content\/uploads\/2024\/09\/WhatsApp-Image-2024-09-16-at-12.15.44-1536x1536.jpeg 1536w, https:\/\/www.fanprojekt-muenster.de\/wordpress\/wp-content\/uploads\/2024\/09\/WhatsApp-Image-2024-09-16-at-12.15.44-2048x2048.jpeg 2048w, https:\/\/www.fanprojekt-muenster.de\/wordpress\/wp-content\/uploads\/2024\/09\/WhatsApp-Image-2024-09-16-at-12.15.44-576x576.jpeg 576w\" sizes=\"auto, (max-width: 1024px) 100vw, 1024px\" \/><\/figure>\n","protected":false},"excerpt":{"rendered":"<p>Alle Preussenfans sollten sich diesen Termin dick im Terminkalender eintragen. Fangemeinschaft und Fiffi-Gerritzen Kurve organisieren am Sonntag, 10. November um 13:30 zum Spiel im Karlsruher Wildpark einen Sonderzug. Infos zu&#8230; <a class=\"read-more-link\" href=\"https:\/\/www.fanprojekt-muenster.de\/wordpress\/save-the-date-10-november-2024-sonderzug-zum-ksc-rollt\/\">Read more &raquo;<\/a><\/p>\n","protected":false},"author":11,"featured_media":9296,"comment_status":"closed","ping_status":"open","sticky":false,"template":"","format":"standard","meta":{"advgb_blocks_editor_width":"","advgb_blocks_columns_visual_guide":"","footnotes":""},"categories":[4],"tags":[49,283],"class_list":["post-9295","post","type-post","status-publish","format-standard","has-post-thumbnail","hentry","category-auswarts","tag-auswaertsfahrt","tag-von-fans-fuer-fans"],"featured_image_src":"https:\/\/www.fanprojekt-muenster.de\/wordpress\/wp-content\/uploads\/2024\/09\/WhatsApp-Image-2024-09-16-at-12.40.08-scaled.jpeg","author_info":{"display_name":"Julius","author_link":"https:\/\/www.fanprojekt-muenster.de\/wordpress\/author\/juliush\/"},"yoast_head":"<!-- This site is optimized with the Yoast SEO plugin v27.2 - https:\/\/yoast.com\/product\/yoast-seo-wordpress\/ -->\n<title>+++ SAVE THE DATE: 10. November 2024 +++ Sonderzug zum KSC rollt +++ - Fangemeinschaft Preu\u00dfen M\u00fcnster e. V.<\/title>\n<meta name=\"robots\" content=\"index, follow, max-snippet:-1, max-image-preview:large, max-video-preview:-1\" \/>\n<link rel=\"canonical\" href=\"https:\/\/www.fanprojekt-muenster.de\/wordpress\/save-the-date-10-november-2024-sonderzug-zum-ksc-rollt\/\" \/>\n<meta property=\"og:locale\" content=\"de_DE\" \/>\n<meta property=\"og:type\" content=\"article\" \/>\n<meta property=\"og:title\" content=\"+++ SAVE THE DATE: 10. November 2024 +++ Sonderzug zum KSC rollt +++ - Fangemeinschaft Preu\u00dfen M\u00fcnster e. V.\" \/>\n<meta property=\"og:description\" content=\"Alle Preussenfans sollten sich diesen Termin dick im Terminkalender eintragen. Fangemeinschaft und Fiffi-Gerritzen Kurve organisieren am Sonntag, 10. November um 13:30 zum Spiel im Karlsruher Wildpark einen Sonderzug. Infos zu... Read more &raquo;\" \/>\n<meta property=\"og:url\" content=\"https:\/\/www.fanprojekt-muenster.de\/wordpress\/save-the-date-10-november-2024-sonderzug-zum-ksc-rollt\/\" \/>\n<meta property=\"og:site_name\" content=\"Fangemeinschaft Preu\u00dfen M\u00fcnster e. V.\" \/>\n<meta property=\"article:published_time\" content=\"2024-09-16T16:46:54+00:00\" \/>\n<meta property=\"article:modified_time\" content=\"2024-09-16T16:48:57+00:00\" \/>\n<meta property=\"og:image\" content=\"https:\/\/www.fanprojekt-muenster.de\/wordpress\/wp-content\/uploads\/2024\/09\/WhatsApp-Image-2024-09-16-at-12.40.08-scaled.jpeg\" \/>\n\t<meta property=\"og:image:width\" content=\"2560\" \/>\n\t<meta property=\"og:image:height\" content=\"1923\" \/>\n\t<meta property=\"og:image:type\" content=\"image\/jpeg\" \/>\n<meta name=\"author\" content=\"Julius\" \/>\n<meta name=\"twitter:card\" content=\"summary_large_image\" \/>\n<meta name=\"twitter:label1\" content=\"Verfasst von\" \/>\n\t<meta name=\"twitter:data1\" content=\"Julius\" \/>\n\t<meta name=\"twitter:label2\" content=\"Gesch\u00e4tzte Lesezeit\" \/>\n\t<meta name=\"twitter:data2\" content=\"1\u00a0Minute\" \/>\n<script type=\"application\/ld+json\" class=\"yoast-schema-graph\">{\"@context\":\"https:\/\/schema.org\",\"@graph\":[{\"@type\":\"Article\",\"@id\":\"https:\/\/www.fanprojekt-muenster.de\/wordpress\/save-the-date-10-november-2024-sonderzug-zum-ksc-rollt\/#article\",\"isPartOf\":{\"@id\":\"https:\/\/www.fanprojekt-muenster.de\/wordpress\/save-the-date-10-november-2024-sonderzug-zum-ksc-rollt\/\"},\"author\":{\"name\":\"Julius\",\"@id\":\"https:\/\/www.fanprojekt-muenster.de\/wordpress\/#\/schema\/person\/d6f23c25f1746fe09de1ce0642a01dc0\"},\"headline\":\"+++ SAVE THE DATE: 10. November 2024 +++ Sonderzug zum KSC rollt +++\",\"datePublished\":\"2024-09-16T16:46:54+00:00\",\"dateModified\":\"2024-09-16T16:48:57+00:00\",\"mainEntityOfPage\":{\"@id\":\"https:\/\/www.fanprojekt-muenster.de\/wordpress\/save-the-date-10-november-2024-sonderzug-zum-ksc-rollt\/\"},\"wordCount\":45,\"publisher\":{\"@id\":\"https:\/\/www.fanprojekt-muenster.de\/wordpress\/#organization\"},\"image\":{\"@id\":\"https:\/\/www.fanprojekt-muenster.de\/wordpress\/save-the-date-10-november-2024-sonderzug-zum-ksc-rollt\/#primaryimage\"},\"thumbnailUrl\":\"https:\/\/www.fanprojekt-muenster.de\/wordpress\/wp-content\/uploads\/2024\/09\/WhatsApp-Image-2024-09-16-at-12.40.08-scaled.jpeg\",\"keywords\":[\"Ausw\u00e4rtsfahrt\",\"Von Fans f\u00fcr Fans\"],\"articleSection\":[\"Ausw\u00e4rts\"],\"inLanguage\":\"de\"},{\"@type\":\"WebPage\",\"@id\":\"https:\/\/www.fanprojekt-muenster.de\/wordpress\/save-the-date-10-november-2024-sonderzug-zum-ksc-rollt\/\",\"url\":\"https:\/\/www.fanprojekt-muenster.de\/wordpress\/save-the-date-10-november-2024-sonderzug-zum-ksc-rollt\/\",\"name\":\"+++ SAVE THE DATE: 10. November 2024 +++ Sonderzug zum KSC rollt +++ - Fangemeinschaft Preu\u00dfen M\u00fcnster e. V.\",\"isPartOf\":{\"@id\":\"https:\/\/www.fanprojekt-muenster.de\/wordpress\/#website\"},\"primaryImageOfPage\":{\"@id\":\"https:\/\/www.fanprojekt-muenster.de\/wordpress\/save-the-date-10-november-2024-sonderzug-zum-ksc-rollt\/#primaryimage\"},\"image\":{\"@id\":\"https:\/\/www.fanprojekt-muenster.de\/wordpress\/save-the-date-10-november-2024-sonderzug-zum-ksc-rollt\/#primaryimage\"},\"thumbnailUrl\":\"https:\/\/www.fanprojekt-muenster.de\/wordpress\/wp-content\/uploads\/2024\/09\/WhatsApp-Image-2024-09-16-at-12.40.08-scaled.jpeg\",\"datePublished\":\"2024-09-16T16:46:54+00:00\",\"dateModified\":\"2024-09-16T16:48:57+00:00\",\"breadcrumb\":{\"@id\":\"https:\/\/www.fanprojekt-muenster.de\/wordpress\/save-the-date-10-november-2024-sonderzug-zum-ksc-rollt\/#breadcrumb\"},\"inLanguage\":\"de\",\"potentialAction\":[{\"@type\":\"ReadAction\",\"target\":[\"https:\/\/www.fanprojekt-muenster.de\/wordpress\/save-the-date-10-november-2024-sonderzug-zum-ksc-rollt\/\"]}]},{\"@type\":\"ImageObject\",\"inLanguage\":\"de\",\"@id\":\"https:\/\/www.fanprojekt-muenster.de\/wordpress\/save-the-date-10-november-2024-sonderzug-zum-ksc-rollt\/#primaryimage\",\"url\":\"https:\/\/www.fanprojekt-muenster.de\/wordpress\/wp-content\/uploads\/2024\/09\/WhatsApp-Image-2024-09-16-at-12.40.08-scaled.jpeg\",\"contentUrl\":\"https:\/\/www.fanprojekt-muenster.de\/wordpress\/wp-content\/uploads\/2024\/09\/WhatsApp-Image-2024-09-16-at-12.40.08-scaled.jpeg\",\"width\":2560,\"height\":1923},{\"@type\":\"BreadcrumbList\",\"@id\":\"https:\/\/www.fanprojekt-muenster.de\/wordpress\/save-the-date-10-november-2024-sonderzug-zum-ksc-rollt\/#breadcrumb\",\"itemListElement\":[{\"@type\":\"ListItem\",\"position\":1,\"name\":\"Startseite\",\"item\":\"https:\/\/www.fanprojekt-muenster.de\/wordpress\/\"},{\"@type\":\"ListItem\",\"position\":2,\"name\":\"+++ SAVE THE DATE: 10. November 2024 +++ Sonderzug zum KSC rollt +++\"}]},{\"@type\":\"WebSite\",\"@id\":\"https:\/\/www.fanprojekt-muenster.de\/wordpress\/#website\",\"url\":\"https:\/\/www.fanprojekt-muenster.de\/wordpress\/\",\"name\":\"Fangemeinschaft Preu\u00dfen M\u00fcnster e. V.\",\"description\":\"\",\"publisher\":{\"@id\":\"https:\/\/www.fanprojekt-muenster.de\/wordpress\/#organization\"},\"potentialAction\":[{\"@type\":\"SearchAction\",\"target\":{\"@type\":\"EntryPoint\",\"urlTemplate\":\"https:\/\/www.fanprojekt-muenster.de\/wordpress\/?s={search_term_string}\"},\"query-input\":{\"@type\":\"PropertyValueSpecification\",\"valueRequired\":true,\"valueName\":\"search_term_string\"}}],\"inLanguage\":\"de\"},{\"@type\":\"Organization\",\"@id\":\"https:\/\/www.fanprojekt-muenster.de\/wordpress\/#organization\",\"name\":\"Fangemeinschaft Preu\u00dfen M\u00fcnster e. V.\",\"url\":\"https:\/\/www.fanprojekt-muenster.de\/wordpress\/\",\"logo\":{\"@type\":\"ImageObject\",\"inLanguage\":\"de\",\"@id\":\"https:\/\/www.fanprojekt-muenster.de\/wordpress\/#\/schema\/logo\/image\/\",\"url\":\"https:\/\/www.fanprojekt-muenster.de\/wordpress\/wp-content\/uploads\/2019\/07\/cropped-Website_Logo3-9.png\",\"contentUrl\":\"https:\/\/www.fanprojekt-muenster.de\/wordpress\/wp-content\/uploads\/2019\/07\/cropped-Website_Logo3-9.png\",\"width\":224,\"height\":42,\"caption\":\"Fangemeinschaft Preu\u00dfen M\u00fcnster e. V.\"},\"image\":{\"@id\":\"https:\/\/www.fanprojekt-muenster.de\/wordpress\/#\/schema\/logo\/image\/\"}},{\"@type\":\"Person\",\"@id\":\"https:\/\/www.fanprojekt-muenster.de\/wordpress\/#\/schema\/person\/d6f23c25f1746fe09de1ce0642a01dc0\",\"name\":\"Julius\",\"url\":\"https:\/\/www.fanprojekt-muenster.de\/wordpress\/author\/juliush\/\"}]}<\/script>\n<!-- \/ Yoast SEO plugin. -->","yoast_head_json":{"title":"+++ SAVE THE DATE: 10. November 2024 +++ Sonderzug zum KSC rollt +++ - Fangemeinschaft Preu\u00dfen M\u00fcnster e. V.","robots":{"index":"index","follow":"follow","max-snippet":"max-snippet:-1","max-image-preview":"max-image-preview:large","max-video-preview":"max-video-preview:-1"},"canonical":"https:\/\/www.fanprojekt-muenster.de\/wordpress\/save-the-date-10-november-2024-sonderzug-zum-ksc-rollt\/","og_locale":"de_DE","og_type":"article","og_title":"+++ SAVE THE DATE: 10. November 2024 +++ Sonderzug zum KSC rollt +++ - Fangemeinschaft Preu\u00dfen M\u00fcnster e. V.","og_description":"Alle Preussenfans sollten sich diesen Termin dick im Terminkalender eintragen. Fangemeinschaft und Fiffi-Gerritzen Kurve organisieren am Sonntag, 10. November um 13:30 zum Spiel im Karlsruher Wildpark einen Sonderzug. Infos zu... Read more &raquo;","og_url":"https:\/\/www.fanprojekt-muenster.de\/wordpress\/save-the-date-10-november-2024-sonderzug-zum-ksc-rollt\/","og_site_name":"Fangemeinschaft Preu\u00dfen M\u00fcnster e. V.","article_published_time":"2024-09-16T16:46:54+00:00","article_modified_time":"2024-09-16T16:48:57+00:00","og_image":[{"width":2560,"height":1923,"url":"https:\/\/www.fanprojekt-muenster.de\/wordpress\/wp-content\/uploads\/2024\/09\/WhatsApp-Image-2024-09-16-at-12.40.08-scaled.jpeg","type":"image\/jpeg"}],"author":"Julius","twitter_card":"summary_large_image","twitter_misc":{"Verfasst von":"Julius","Gesch\u00e4tzte Lesezeit":"1\u00a0Minute"},"schema":{"@context":"https:\/\/schema.org","@graph":[{"@type":"Article","@id":"https:\/\/www.fanprojekt-muenster.de\/wordpress\/save-the-date-10-november-2024-sonderzug-zum-ksc-rollt\/#article","isPartOf":{"@id":"https:\/\/www.fanprojekt-muenster.de\/wordpress\/save-the-date-10-november-2024-sonderzug-zum-ksc-rollt\/"},"author":{"name":"Julius","@id":"https:\/\/www.fanprojekt-muenster.de\/wordpress\/#\/schema\/person\/d6f23c25f1746fe09de1ce0642a01dc0"},"headline":"+++ SAVE THE DATE: 10. November 2024 +++ Sonderzug zum KSC rollt +++","datePublished":"2024-09-16T16:46:54+00:00","dateModified":"2024-09-16T16:48:57+00:00","mainEntityOfPage":{"@id":"https:\/\/www.fanprojekt-muenster.de\/wordpress\/save-the-date-10-november-2024-sonderzug-zum-ksc-rollt\/"},"wordCount":45,"publisher":{"@id":"https:\/\/www.fanprojekt-muenster.de\/wordpress\/#organization"},"image":{"@id":"https:\/\/www.fanprojekt-muenster.de\/wordpress\/save-the-date-10-november-2024-sonderzug-zum-ksc-rollt\/#primaryimage"},"thumbnailUrl":"https:\/\/www.fanprojekt-muenster.de\/wordpress\/wp-content\/uploads\/2024\/09\/WhatsApp-Image-2024-09-16-at-12.40.08-scaled.jpeg","keywords":["Ausw\u00e4rtsfahrt","Von Fans f\u00fcr Fans"],"articleSection":["Ausw\u00e4rts"],"inLanguage":"de"},{"@type":"WebPage","@id":"https:\/\/www.fanprojekt-muenster.de\/wordpress\/save-the-date-10-november-2024-sonderzug-zum-ksc-rollt\/","url":"https:\/\/www.fanprojekt-muenster.de\/wordpress\/save-the-date-10-november-2024-sonderzug-zum-ksc-rollt\/","name":"+++ SAVE THE DATE: 10. November 2024 +++ Sonderzug zum KSC rollt +++ - Fangemeinschaft Preu\u00dfen M\u00fcnster e. V.","isPartOf":{"@id":"https:\/\/www.fanprojekt-muenster.de\/wordpress\/#website"},"primaryImageOfPage":{"@id":"https:\/\/www.fanprojekt-muenster.de\/wordpress\/save-the-date-10-november-2024-sonderzug-zum-ksc-rollt\/#primaryimage"},"image":{"@id":"https:\/\/www.fanprojekt-muenster.de\/wordpress\/save-the-date-10-november-2024-sonderzug-zum-ksc-rollt\/#primaryimage"},"thumbnailUrl":"https:\/\/www.fanprojekt-muenster.de\/wordpress\/wp-content\/uploads\/2024\/09\/WhatsApp-Image-2024-09-16-at-12.40.08-scaled.jpeg","datePublished":"2024-09-16T16:46:54+00:00","dateModified":"2024-09-16T16:48:57+00:00","breadcrumb":{"@id":"https:\/\/www.fanprojekt-muenster.de\/wordpress\/save-the-date-10-november-2024-sonderzug-zum-ksc-rollt\/#breadcrumb"},"inLanguage":"de","potentialAction":[{"@type":"ReadAction","target":["https:\/\/www.fanprojekt-muenster.de\/wordpress\/save-the-date-10-november-2024-sonderzug-zum-ksc-rollt\/"]}]},{"@type":"ImageObject","inLanguage":"de","@id":"https:\/\/www.fanprojekt-muenster.de\/wordpress\/save-the-date-10-november-2024-sonderzug-zum-ksc-rollt\/#primaryimage","url":"https:\/\/www.fanprojekt-muenster.de\/wordpress\/wp-content\/uploads\/2024\/09\/WhatsApp-Image-2024-09-16-at-12.40.08-scaled.jpeg","contentUrl":"https:\/\/www.fanprojekt-muenster.de\/wordpress\/wp-content\/uploads\/2024\/09\/WhatsApp-Image-2024-09-16-at-12.40.08-scaled.jpeg","width":2560,"height":1923},{"@type":"BreadcrumbList","@id":"https:\/\/www.fanprojekt-muenster.de\/wordpress\/save-the-date-10-november-2024-sonderzug-zum-ksc-rollt\/#breadcrumb","itemListElement":[{"@type":"ListItem","position":1,"name":"Startseite","item":"https:\/\/www.fanprojekt-muenster.de\/wordpress\/"},{"@type":"ListItem","position":2,"name":"+++ SAVE THE DATE: 10. November 2024 +++ Sonderzug zum KSC rollt +++"}]},{"@type":"WebSite","@id":"https:\/\/www.fanprojekt-muenster.de\/wordpress\/#website","url":"https:\/\/www.fanprojekt-muenster.de\/wordpress\/","name":"Fangemeinschaft Preu\u00dfen M\u00fcnster e. V.","description":"","publisher":{"@id":"https:\/\/www.fanprojekt-muenster.de\/wordpress\/#organization"},"potentialAction":[{"@type":"SearchAction","target":{"@type":"EntryPoint","urlTemplate":"https:\/\/www.fanprojekt-muenster.de\/wordpress\/?s={search_term_string}"},"query-input":{"@type":"PropertyValueSpecification","valueRequired":true,"valueName":"search_term_string"}}],"inLanguage":"de"},{"@type":"Organization","@id":"https:\/\/www.fanprojekt-muenster.de\/wordpress\/#organization","name":"Fangemeinschaft Preu\u00dfen M\u00fcnster e. V.","url":"https:\/\/www.fanprojekt-muenster.de\/wordpress\/","logo":{"@type":"ImageObject","inLanguage":"de","@id":"https:\/\/www.fanprojekt-muenster.de\/wordpress\/#\/schema\/logo\/image\/","url":"https:\/\/www.fanprojekt-muenster.de\/wordpress\/wp-content\/uploads\/2019\/07\/cropped-Website_Logo3-9.png","contentUrl":"https:\/\/www.fanprojekt-muenster.de\/wordpress\/wp-content\/uploads\/2019\/07\/cropped-Website_Logo3-9.png","width":224,"height":42,"caption":"Fangemeinschaft Preu\u00dfen M\u00fcnster e. V."},"image":{"@id":"https:\/\/www.fanprojekt-muenster.de\/wordpress\/#\/schema\/logo\/image\/"}},{"@type":"Person","@id":"https:\/\/www.fanprojekt-muenster.de\/wordpress\/#\/schema\/person\/d6f23c25f1746fe09de1ce0642a01dc0","name":"Julius","url":"https:\/\/www.fanprojekt-muenster.de\/wordpress\/author\/juliush\/"}]}},"author_meta":{"display_name":"Julius","author_link":"https:\/\/www.fanprojekt-muenster.de\/wordpress\/author\/juliush\/"},"featured_img":"https:\/\/www.fanprojekt-muenster.de\/wordpress\/wp-content\/uploads\/2024\/09\/WhatsApp-Image-2024-09-16-at-12.40.08-300x225.jpeg","coauthors":[],"tax_additional":{"categories":{"linked":["<a href=\"https:\/\/www.fanprojekt-muenster.de\/wordpress\/category\/auswarts\/\" class=\"advgb-post-tax-term\">Ausw\u00e4rts<\/a>"],"unlinked":["<span class=\"advgb-post-tax-term\">Ausw\u00e4rts<\/span>"]},"tags":{"linked":["<a href=\"https:\/\/www.fanprojekt-muenster.de\/wordpress\/category\/auswarts\/\" class=\"advgb-post-tax-term\">Ausw\u00e4rtsfahrt<\/a>","<a href=\"https:\/\/www.fanprojekt-muenster.de\/wordpress\/category\/auswarts\/\" class=\"advgb-post-tax-term\">Von Fans f\u00fcr Fans<\/a>"],"unlinked":["<span class=\"advgb-post-tax-term\">Ausw\u00e4rtsfahrt<\/span>","<span class=\"advgb-post-tax-term\">Von Fans f\u00fcr Fans<\/span>"]}},"comment_count":"0","relative_dates":{"created":"Posted 2\u00a0Jahren ago","modified":"Updated 2\u00a0Jahren ago"},"absolute_dates":{"created":"Posted on 16. September 2024","modified":"Updated on 16. September 2024"},"absolute_dates_time":{"created":"Posted on 16. September 2024 18:46","modified":"Updated on 16. September 2024 18:48"},"featured_img_caption":"","series_order":"","_links":{"self":[{"href":"https:\/\/www.fanprojekt-muenster.de\/wordpress\/wp-json\/wp\/v2\/posts\/9295","targetHints":{"allow":["GET"]}}],"collection":[{"href":"https:\/\/www.fanprojekt-muenster.de\/wordpress\/wp-json\/wp\/v2\/posts"}],"about":[{"href":"https:\/\/www.fanprojekt-muenster.de\/wordpress\/wp-json\/wp\/v2\/types\/post"}],"author":[{"embeddable":true,"href":"https:\/\/www.fanprojekt-muenster.de\/wordpress\/wp-json\/wp\/v2\/users\/11"}],"replies":[{"embeddable":true,"href":"https:\/\/www.fanprojekt-muenster.de\/wordpress\/wp-json\/wp\/v2\/comments?post=9295"}],"version-history":[{"count":2,"href":"https:\/\/www.fanprojekt-muenster.de\/wordpress\/wp-json\/wp\/v2\/posts\/9295\/revisions"}],"predecessor-version":[{"id":9300,"href":"https:\/\/www.fanprojekt-muenster.de\/wordpress\/wp-json\/wp\/v2\/posts\/9295\/revisions\/9300"}],"wp:featuredmedia":[{"embeddable":true,"href":"https:\/\/www.fanprojekt-muenster.de\/wordpress\/wp-json\/wp\/v2\/media\/9296"}],"wp:attachment":[{"href":"https:\/\/www.fanprojekt-muenster.de\/wordpress\/wp-json\/wp\/v2\/media?parent=9295"}],"wp:term":[{"taxonomy":"category","embeddable":true,"href":"https:\/\/www.fanprojekt-muenster.de\/wordpress\/wp-json\/wp\/v2\/categories?post=9295"},{"taxonomy":"post_tag","embeddable":true,"href":"https:\/\/www.fanprojekt-muenster.de\/wordpress\/wp-json\/wp\/v2\/tags?post=9295"}],"curies":[{"name":"wp","href":"https:\/\/api.w.org\/{rel}","templated":true}]}}