{"id":9277,"date":"2024-08-23T10:11:50","date_gmt":"2024-08-23T08:11:50","guid":{"rendered":"https:\/\/www.fanprojekt-muenster.de\/wordpress\/?p=9277"},"modified":"2024-08-23T10:14:14","modified_gmt":"2024-08-23T08:14:14","slug":"nostalgisches-heimspiel-wochenende-buchvorbestellung-zu-20-jahre-ultras-in-muenster-jubilaeum-der-rude-boys","status":"publish","type":"post","link":"https:\/\/www.fanprojekt-muenster.de\/wordpress\/nostalgisches-heimspiel-wochenende-buchvorbestellung-zu-20-jahre-ultras-in-muenster-jubilaeum-der-rude-boys\/","title":{"rendered":"Nostalgisches Heimspiel-Wochenende: Buchvorbestellung zu 20 Jahre Ultras in M\u00fcnster &amp; Jubil\u00e4um der Rude Boys"},"content":{"rendered":"\n<p>Preu\u00dfenfans, vielleicht habt ihr es schon geh\u00f6rt, im Zuge der Ausstellung \u201e<em>20 Jahre Ultras in M\u00fcnster\u201c<\/em> steht das dazugeh\u00f6rige Buch in den Startl\u00f6chern. Am Samstag beim Heimspiel gegen Kaiserslautern sowie am Dienstag beim Pokalspiel gegen Stuttgart k\u00f6nnt ihr euch vor Spielbeginn in Wurfweite vom Shop der Fiffi-Gerritzen Kurve euer Exemplar in Vorbestellung sichern. Danach ist eine Bestellung nicht mehr m\u00f6glich. Auf \u00fcber 400 Seiten wird anhand von vielen zuvor nicht ver\u00f6ffentlichten Bildern und Texten auf die letzten zwei Jahrzehnte Ultras mit all seinen Facetten zur\u00fcckgeblickt. Euer Exemplar k\u00f6nnt ihr euch f\u00fcr 40 Euro (Vorkasse) vorbestellen. Die fertigen B\u00fccher werden nach Fertigstellung im und ums Stadion ausgegeben. Wir halten euch auf dem Laufenden.<\/p>\n\n\n\n<p><em>Viel los am Fancontainer: 30 Jahre Rude Boys<\/em><\/p>\n\n\n\n<p>Gegr\u00fcndet in der Sommerpause 1994 in den tristen Zeiten der altehrw\u00fcrdigen Regionalliga West\/S\u00fcdwest bestehen die Rude Boys nun seit drei\u00dfig Jahren. Ein stolzes Jubil\u00e4um, das gefeiert werden muss. Das passiert vor und nach dem Heimspiel am Samstag am Fancontainer. Dort gibt es neben diversen Getr\u00e4nken zu je 2 Euro feine Musik direkt von der Vinyl-Platte auf die Ohren. Der Erl\u00f6s geht nach Abzug der Kosten jeweils zur H\u00e4lfte als Spende an den F\u00f6rder-Club Preu\u00dfen M\u00fcnster e.V. (FCPM) sowie die Fiffi-Gerritzen-Kurve.<\/p>\n\n\n\n<figure class=\"wp-block-gallery has-nested-images columns-default is-cropped wp-block-gallery-1 is-layout-flex wp-block-gallery-is-layout-flex\">\n<figure class=\"wp-block-image size-large\"><img loading=\"lazy\" decoding=\"async\" width=\"1024\" height=\"576\" data-id=\"9285\" src=\"https:\/\/www.fanprojekt-muenster.de\/wordpress\/wp-content\/uploads\/2024\/08\/IMG-20240804-WA0022-2-1024x576.jpg\" alt=\"\" class=\"wp-image-9285\" srcset=\"https:\/\/www.fanprojekt-muenster.de\/wordpress\/wp-content\/uploads\/2024\/08\/IMG-20240804-WA0022-2-1024x576.jpg 1024w, https:\/\/www.fanprojekt-muenster.de\/wordpress\/wp-content\/uploads\/2024\/08\/IMG-20240804-WA0022-2-300x169.jpg 300w, https:\/\/www.fanprojekt-muenster.de\/wordpress\/wp-content\/uploads\/2024\/08\/IMG-20240804-WA0022-2-768x432.jpg 768w, https:\/\/www.fanprojekt-muenster.de\/wordpress\/wp-content\/uploads\/2024\/08\/IMG-20240804-WA0022-2-1536x864.jpg 1536w, https:\/\/www.fanprojekt-muenster.de\/wordpress\/wp-content\/uploads\/2024\/08\/IMG-20240804-WA0022-2.jpg 1600w\" sizes=\"auto, (max-width: 1024px) 100vw, 1024px\" \/><\/figure>\n\n\n\n<figure class=\"wp-block-image size-large\"><img loading=\"lazy\" decoding=\"async\" width=\"1024\" height=\"576\" data-id=\"9286\" src=\"https:\/\/www.fanprojekt-muenster.de\/wordpress\/wp-content\/uploads\/2024\/08\/IMG-20230301-WA0015-2-1024x576.jpg\" alt=\"\" class=\"wp-image-9286\" srcset=\"https:\/\/www.fanprojekt-muenster.de\/wordpress\/wp-content\/uploads\/2024\/08\/IMG-20230301-WA0015-2-1024x576.jpg 1024w, https:\/\/www.fanprojekt-muenster.de\/wordpress\/wp-content\/uploads\/2024\/08\/IMG-20230301-WA0015-2-300x169.jpg 300w, https:\/\/www.fanprojekt-muenster.de\/wordpress\/wp-content\/uploads\/2024\/08\/IMG-20230301-WA0015-2-768x432.jpg 768w, https:\/\/www.fanprojekt-muenster.de\/wordpress\/wp-content\/uploads\/2024\/08\/IMG-20230301-WA0015-2-1536x864.jpg 1536w, https:\/\/www.fanprojekt-muenster.de\/wordpress\/wp-content\/uploads\/2024\/08\/IMG-20230301-WA0015-2-rotated.jpg 2048w\" sizes=\"auto, (max-width: 1024px) 100vw, 1024px\" \/><\/figure>\n\n\n\n<figure class=\"wp-block-image size-large\"><img loading=\"lazy\" decoding=\"async\" width=\"663\" height=\"784\" data-id=\"9287\" src=\"https:\/\/www.fanprojekt-muenster.de\/wordpress\/wp-content\/uploads\/2024\/08\/IMG-20240813-WA0001-2.jpg\" alt=\"\" class=\"wp-image-9287\" srcset=\"https:\/\/www.fanprojekt-muenster.de\/wordpress\/wp-content\/uploads\/2024\/08\/IMG-20240813-WA0001-2.jpg 663w, https:\/\/www.fanprojekt-muenster.de\/wordpress\/wp-content\/uploads\/2024\/08\/IMG-20240813-WA0001-2-254x300.jpg 254w\" sizes=\"auto, (max-width: 663px) 100vw, 663px\" \/><\/figure>\n<\/figure>\n","protected":false},"excerpt":{"rendered":"<p>Preu\u00dfenfans, vielleicht habt ihr es schon geh\u00f6rt, im Zuge der Ausstellung \u201e20 Jahre Ultras in M\u00fcnster\u201c steht das dazugeh\u00f6rige Buch in den Startl\u00f6chern. Am Samstag beim Heimspiel gegen Kaiserslautern sowie&#8230; <a class=\"read-more-link\" href=\"https:\/\/www.fanprojekt-muenster.de\/wordpress\/nostalgisches-heimspiel-wochenende-buchvorbestellung-zu-20-jahre-ultras-in-muenster-jubilaeum-der-rude-boys\/\">Read more &raquo;<\/a><\/p>\n","protected":false},"author":11,"featured_media":9278,"comment_status":"closed","ping_status":"open","sticky":false,"template":"","format":"standard","meta":{"advgb_blocks_editor_width":"","advgb_blocks_columns_visual_guide":"","footnotes":""},"categories":[1],"tags":[],"class_list":["post-9277","post","type-post","status-publish","format-standard","has-post-thumbnail","hentry","category-allgemein"],"featured_image_src":"https:\/\/www.fanprojekt-muenster.de\/wordpress\/wp-content\/uploads\/2024\/08\/WhatsApp-Image-2024-08-21-at-17.46.10-scaled.jpeg","author_info":{"display_name":"Julius","author_link":"https:\/\/www.fanprojekt-muenster.de\/wordpress\/author\/juliush\/"},"yoast_head":"<!-- This site is optimized with the Yoast SEO plugin v27.2 - https:\/\/yoast.com\/product\/yoast-seo-wordpress\/ -->\n<title>Nostalgisches Heimspiel-Wochenende: Buchvorbestellung zu 20 Jahre Ultras in M\u00fcnster &amp; Jubil\u00e4um der Rude Boys - Fangemeinschaft Preu\u00dfen M\u00fcnster e. V.<\/title>\n<meta name=\"robots\" content=\"index, follow, max-snippet:-1, max-image-preview:large, max-video-preview:-1\" \/>\n<link rel=\"canonical\" href=\"https:\/\/www.fanprojekt-muenster.de\/wordpress\/nostalgisches-heimspiel-wochenende-buchvorbestellung-zu-20-jahre-ultras-in-muenster-jubilaeum-der-rude-boys\/\" \/>\n<meta property=\"og:locale\" content=\"de_DE\" \/>\n<meta property=\"og:type\" content=\"article\" \/>\n<meta property=\"og:title\" content=\"Nostalgisches Heimspiel-Wochenende: Buchvorbestellung zu 20 Jahre Ultras in M\u00fcnster &amp; Jubil\u00e4um der Rude Boys - Fangemeinschaft Preu\u00dfen M\u00fcnster e. V.\" \/>\n<meta property=\"og:description\" content=\"Preu\u00dfenfans, vielleicht habt ihr es schon geh\u00f6rt, im Zuge der Ausstellung \u201e20 Jahre Ultras in M\u00fcnster\u201c steht das dazugeh\u00f6rige Buch in den Startl\u00f6chern. Am Samstag beim Heimspiel gegen Kaiserslautern sowie... Read more &raquo;\" \/>\n<meta property=\"og:url\" content=\"https:\/\/www.fanprojekt-muenster.de\/wordpress\/nostalgisches-heimspiel-wochenende-buchvorbestellung-zu-20-jahre-ultras-in-muenster-jubilaeum-der-rude-boys\/\" \/>\n<meta property=\"og:site_name\" content=\"Fangemeinschaft Preu\u00dfen M\u00fcnster e. V.\" \/>\n<meta property=\"article:published_time\" content=\"2024-08-23T08:11:50+00:00\" \/>\n<meta property=\"article:modified_time\" content=\"2024-08-23T08:14:14+00:00\" \/>\n<meta property=\"og:image\" content=\"https:\/\/www.fanprojekt-muenster.de\/wordpress\/wp-content\/uploads\/2024\/08\/WhatsApp-Image-2024-08-21-at-17.46.10-scaled.jpeg\" \/>\n\t<meta property=\"og:image:width\" content=\"2560\" \/>\n\t<meta property=\"og:image:height\" content=\"2560\" \/>\n\t<meta property=\"og:image:type\" content=\"image\/jpeg\" \/>\n<meta name=\"author\" content=\"Julius\" \/>\n<meta name=\"twitter:card\" content=\"summary_large_image\" \/>\n<meta name=\"twitter:label1\" content=\"Verfasst von\" \/>\n\t<meta name=\"twitter:data1\" content=\"Julius\" \/>\n\t<meta name=\"twitter:label2\" content=\"Gesch\u00e4tzte Lesezeit\" \/>\n\t<meta name=\"twitter:data2\" content=\"2\u00a0Minuten\" \/>\n<script type=\"application\/ld+json\" class=\"yoast-schema-graph\">{\"@context\":\"https:\/\/schema.org\",\"@graph\":[{\"@type\":\"Article\",\"@id\":\"https:\/\/www.fanprojekt-muenster.de\/wordpress\/nostalgisches-heimspiel-wochenende-buchvorbestellung-zu-20-jahre-ultras-in-muenster-jubilaeum-der-rude-boys\/#article\",\"isPartOf\":{\"@id\":\"https:\/\/www.fanprojekt-muenster.de\/wordpress\/nostalgisches-heimspiel-wochenende-buchvorbestellung-zu-20-jahre-ultras-in-muenster-jubilaeum-der-rude-boys\/\"},\"author\":{\"name\":\"Julius\",\"@id\":\"https:\/\/www.fanprojekt-muenster.de\/wordpress\/#\/schema\/person\/d6f23c25f1746fe09de1ce0642a01dc0\"},\"headline\":\"Nostalgisches Heimspiel-Wochenende: Buchvorbestellung zu 20 Jahre Ultras in M\u00fcnster &amp; Jubil\u00e4um der Rude Boys\",\"datePublished\":\"2024-08-23T08:11:50+00:00\",\"dateModified\":\"2024-08-23T08:14:14+00:00\",\"mainEntityOfPage\":{\"@id\":\"https:\/\/www.fanprojekt-muenster.de\/wordpress\/nostalgisches-heimspiel-wochenende-buchvorbestellung-zu-20-jahre-ultras-in-muenster-jubilaeum-der-rude-boys\/\"},\"wordCount\":234,\"publisher\":{\"@id\":\"https:\/\/www.fanprojekt-muenster.de\/wordpress\/#organization\"},\"image\":{\"@id\":\"https:\/\/www.fanprojekt-muenster.de\/wordpress\/nostalgisches-heimspiel-wochenende-buchvorbestellung-zu-20-jahre-ultras-in-muenster-jubilaeum-der-rude-boys\/#primaryimage\"},\"thumbnailUrl\":\"https:\/\/www.fanprojekt-muenster.de\/wordpress\/wp-content\/uploads\/2024\/08\/WhatsApp-Image-2024-08-21-at-17.46.10-scaled.jpeg\",\"inLanguage\":\"de\"},{\"@type\":\"WebPage\",\"@id\":\"https:\/\/www.fanprojekt-muenster.de\/wordpress\/nostalgisches-heimspiel-wochenende-buchvorbestellung-zu-20-jahre-ultras-in-muenster-jubilaeum-der-rude-boys\/\",\"url\":\"https:\/\/www.fanprojekt-muenster.de\/wordpress\/nostalgisches-heimspiel-wochenende-buchvorbestellung-zu-20-jahre-ultras-in-muenster-jubilaeum-der-rude-boys\/\",\"name\":\"Nostalgisches Heimspiel-Wochenende: Buchvorbestellung zu 20 Jahre Ultras in M\u00fcnster &amp; Jubil\u00e4um der Rude Boys - Fangemeinschaft Preu\u00dfen M\u00fcnster e. V.\",\"isPartOf\":{\"@id\":\"https:\/\/www.fanprojekt-muenster.de\/wordpress\/#website\"},\"primaryImageOfPage\":{\"@id\":\"https:\/\/www.fanprojekt-muenster.de\/wordpress\/nostalgisches-heimspiel-wochenende-buchvorbestellung-zu-20-jahre-ultras-in-muenster-jubilaeum-der-rude-boys\/#primaryimage\"},\"image\":{\"@id\":\"https:\/\/www.fanprojekt-muenster.de\/wordpress\/nostalgisches-heimspiel-wochenende-buchvorbestellung-zu-20-jahre-ultras-in-muenster-jubilaeum-der-rude-boys\/#primaryimage\"},\"thumbnailUrl\":\"https:\/\/www.fanprojekt-muenster.de\/wordpress\/wp-content\/uploads\/2024\/08\/WhatsApp-Image-2024-08-21-at-17.46.10-scaled.jpeg\",\"datePublished\":\"2024-08-23T08:11:50+00:00\",\"dateModified\":\"2024-08-23T08:14:14+00:00\",\"breadcrumb\":{\"@id\":\"https:\/\/www.fanprojekt-muenster.de\/wordpress\/nostalgisches-heimspiel-wochenende-buchvorbestellung-zu-20-jahre-ultras-in-muenster-jubilaeum-der-rude-boys\/#breadcrumb\"},\"inLanguage\":\"de\",\"potentialAction\":[{\"@type\":\"ReadAction\",\"target\":[\"https:\/\/www.fanprojekt-muenster.de\/wordpress\/nostalgisches-heimspiel-wochenende-buchvorbestellung-zu-20-jahre-ultras-in-muenster-jubilaeum-der-rude-boys\/\"]}]},{\"@type\":\"ImageObject\",\"inLanguage\":\"de\",\"@id\":\"https:\/\/www.fanprojekt-muenster.de\/wordpress\/nostalgisches-heimspiel-wochenende-buchvorbestellung-zu-20-jahre-ultras-in-muenster-jubilaeum-der-rude-boys\/#primaryimage\",\"url\":\"https:\/\/www.fanprojekt-muenster.de\/wordpress\/wp-content\/uploads\/2024\/08\/WhatsApp-Image-2024-08-21-at-17.46.10-scaled.jpeg\",\"contentUrl\":\"https:\/\/www.fanprojekt-muenster.de\/wordpress\/wp-content\/uploads\/2024\/08\/WhatsApp-Image-2024-08-21-at-17.46.10-scaled.jpeg\",\"width\":2560,\"height\":2560},{\"@type\":\"BreadcrumbList\",\"@id\":\"https:\/\/www.fanprojekt-muenster.de\/wordpress\/nostalgisches-heimspiel-wochenende-buchvorbestellung-zu-20-jahre-ultras-in-muenster-jubilaeum-der-rude-boys\/#breadcrumb\",\"itemListElement\":[{\"@type\":\"ListItem\",\"position\":1,\"name\":\"Startseite\",\"item\":\"https:\/\/www.fanprojekt-muenster.de\/wordpress\/\"},{\"@type\":\"ListItem\",\"position\":2,\"name\":\"Nostalgisches Heimspiel-Wochenende: Buchvorbestellung zu 20 Jahre Ultras in M\u00fcnster &amp; Jubil\u00e4um der Rude Boys\"}]},{\"@type\":\"WebSite\",\"@id\":\"https:\/\/www.fanprojekt-muenster.de\/wordpress\/#website\",\"url\":\"https:\/\/www.fanprojekt-muenster.de\/wordpress\/\",\"name\":\"Fangemeinschaft Preu\u00dfen M\u00fcnster e. V.\",\"description\":\"\",\"publisher\":{\"@id\":\"https:\/\/www.fanprojekt-muenster.de\/wordpress\/#organization\"},\"potentialAction\":[{\"@type\":\"SearchAction\",\"target\":{\"@type\":\"EntryPoint\",\"urlTemplate\":\"https:\/\/www.fanprojekt-muenster.de\/wordpress\/?s={search_term_string}\"},\"query-input\":{\"@type\":\"PropertyValueSpecification\",\"valueRequired\":true,\"valueName\":\"search_term_string\"}}],\"inLanguage\":\"de\"},{\"@type\":\"Organization\",\"@id\":\"https:\/\/www.fanprojekt-muenster.de\/wordpress\/#organization\",\"name\":\"Fangemeinschaft Preu\u00dfen M\u00fcnster e. V.\",\"url\":\"https:\/\/www.fanprojekt-muenster.de\/wordpress\/\",\"logo\":{\"@type\":\"ImageObject\",\"inLanguage\":\"de\",\"@id\":\"https:\/\/www.fanprojekt-muenster.de\/wordpress\/#\/schema\/logo\/image\/\",\"url\":\"https:\/\/www.fanprojekt-muenster.de\/wordpress\/wp-content\/uploads\/2019\/07\/cropped-Website_Logo3-9.png\",\"contentUrl\":\"https:\/\/www.fanprojekt-muenster.de\/wordpress\/wp-content\/uploads\/2019\/07\/cropped-Website_Logo3-9.png\",\"width\":224,\"height\":42,\"caption\":\"Fangemeinschaft Preu\u00dfen M\u00fcnster e. V.\"},\"image\":{\"@id\":\"https:\/\/www.fanprojekt-muenster.de\/wordpress\/#\/schema\/logo\/image\/\"}},{\"@type\":\"Person\",\"@id\":\"https:\/\/www.fanprojekt-muenster.de\/wordpress\/#\/schema\/person\/d6f23c25f1746fe09de1ce0642a01dc0\",\"name\":\"Julius\",\"url\":\"https:\/\/www.fanprojekt-muenster.de\/wordpress\/author\/juliush\/\"}]}<\/script>\n<!-- \/ Yoast SEO plugin. -->","yoast_head_json":{"title":"Nostalgisches Heimspiel-Wochenende: Buchvorbestellung zu 20 Jahre Ultras in M\u00fcnster &amp; Jubil\u00e4um der Rude Boys - Fangemeinschaft Preu\u00dfen M\u00fcnster e. V.","robots":{"index":"index","follow":"follow","max-snippet":"max-snippet:-1","max-image-preview":"max-image-preview:large","max-video-preview":"max-video-preview:-1"},"canonical":"https:\/\/www.fanprojekt-muenster.de\/wordpress\/nostalgisches-heimspiel-wochenende-buchvorbestellung-zu-20-jahre-ultras-in-muenster-jubilaeum-der-rude-boys\/","og_locale":"de_DE","og_type":"article","og_title":"Nostalgisches Heimspiel-Wochenende: Buchvorbestellung zu 20 Jahre Ultras in M\u00fcnster &amp; Jubil\u00e4um der Rude Boys - Fangemeinschaft Preu\u00dfen M\u00fcnster e. V.","og_description":"Preu\u00dfenfans, vielleicht habt ihr es schon geh\u00f6rt, im Zuge der Ausstellung \u201e20 Jahre Ultras in M\u00fcnster\u201c steht das dazugeh\u00f6rige Buch in den Startl\u00f6chern. Am Samstag beim Heimspiel gegen Kaiserslautern sowie... Read more &raquo;","og_url":"https:\/\/www.fanprojekt-muenster.de\/wordpress\/nostalgisches-heimspiel-wochenende-buchvorbestellung-zu-20-jahre-ultras-in-muenster-jubilaeum-der-rude-boys\/","og_site_name":"Fangemeinschaft Preu\u00dfen M\u00fcnster e. V.","article_published_time":"2024-08-23T08:11:50+00:00","article_modified_time":"2024-08-23T08:14:14+00:00","og_image":[{"width":2560,"height":2560,"url":"https:\/\/www.fanprojekt-muenster.de\/wordpress\/wp-content\/uploads\/2024\/08\/WhatsApp-Image-2024-08-21-at-17.46.10-scaled.jpeg","type":"image\/jpeg"}],"author":"Julius","twitter_card":"summary_large_image","twitter_misc":{"Verfasst von":"Julius","Gesch\u00e4tzte Lesezeit":"2\u00a0Minuten"},"schema":{"@context":"https:\/\/schema.org","@graph":[{"@type":"Article","@id":"https:\/\/www.fanprojekt-muenster.de\/wordpress\/nostalgisches-heimspiel-wochenende-buchvorbestellung-zu-20-jahre-ultras-in-muenster-jubilaeum-der-rude-boys\/#article","isPartOf":{"@id":"https:\/\/www.fanprojekt-muenster.de\/wordpress\/nostalgisches-heimspiel-wochenende-buchvorbestellung-zu-20-jahre-ultras-in-muenster-jubilaeum-der-rude-boys\/"},"author":{"name":"Julius","@id":"https:\/\/www.fanprojekt-muenster.de\/wordpress\/#\/schema\/person\/d6f23c25f1746fe09de1ce0642a01dc0"},"headline":"Nostalgisches Heimspiel-Wochenende: Buchvorbestellung zu 20 Jahre Ultras in M\u00fcnster &amp; Jubil\u00e4um der Rude Boys","datePublished":"2024-08-23T08:11:50+00:00","dateModified":"2024-08-23T08:14:14+00:00","mainEntityOfPage":{"@id":"https:\/\/www.fanprojekt-muenster.de\/wordpress\/nostalgisches-heimspiel-wochenende-buchvorbestellung-zu-20-jahre-ultras-in-muenster-jubilaeum-der-rude-boys\/"},"wordCount":234,"publisher":{"@id":"https:\/\/www.fanprojekt-muenster.de\/wordpress\/#organization"},"image":{"@id":"https:\/\/www.fanprojekt-muenster.de\/wordpress\/nostalgisches-heimspiel-wochenende-buchvorbestellung-zu-20-jahre-ultras-in-muenster-jubilaeum-der-rude-boys\/#primaryimage"},"thumbnailUrl":"https:\/\/www.fanprojekt-muenster.de\/wordpress\/wp-content\/uploads\/2024\/08\/WhatsApp-Image-2024-08-21-at-17.46.10-scaled.jpeg","inLanguage":"de"},{"@type":"WebPage","@id":"https:\/\/www.fanprojekt-muenster.de\/wordpress\/nostalgisches-heimspiel-wochenende-buchvorbestellung-zu-20-jahre-ultras-in-muenster-jubilaeum-der-rude-boys\/","url":"https:\/\/www.fanprojekt-muenster.de\/wordpress\/nostalgisches-heimspiel-wochenende-buchvorbestellung-zu-20-jahre-ultras-in-muenster-jubilaeum-der-rude-boys\/","name":"Nostalgisches Heimspiel-Wochenende: Buchvorbestellung zu 20 Jahre Ultras in M\u00fcnster &amp; Jubil\u00e4um der Rude Boys - Fangemeinschaft Preu\u00dfen M\u00fcnster e. V.","isPartOf":{"@id":"https:\/\/www.fanprojekt-muenster.de\/wordpress\/#website"},"primaryImageOfPage":{"@id":"https:\/\/www.fanprojekt-muenster.de\/wordpress\/nostalgisches-heimspiel-wochenende-buchvorbestellung-zu-20-jahre-ultras-in-muenster-jubilaeum-der-rude-boys\/#primaryimage"},"image":{"@id":"https:\/\/www.fanprojekt-muenster.de\/wordpress\/nostalgisches-heimspiel-wochenende-buchvorbestellung-zu-20-jahre-ultras-in-muenster-jubilaeum-der-rude-boys\/#primaryimage"},"thumbnailUrl":"https:\/\/www.fanprojekt-muenster.de\/wordpress\/wp-content\/uploads\/2024\/08\/WhatsApp-Image-2024-08-21-at-17.46.10-scaled.jpeg","datePublished":"2024-08-23T08:11:50+00:00","dateModified":"2024-08-23T08:14:14+00:00","breadcrumb":{"@id":"https:\/\/www.fanprojekt-muenster.de\/wordpress\/nostalgisches-heimspiel-wochenende-buchvorbestellung-zu-20-jahre-ultras-in-muenster-jubilaeum-der-rude-boys\/#breadcrumb"},"inLanguage":"de","potentialAction":[{"@type":"ReadAction","target":["https:\/\/www.fanprojekt-muenster.de\/wordpress\/nostalgisches-heimspiel-wochenende-buchvorbestellung-zu-20-jahre-ultras-in-muenster-jubilaeum-der-rude-boys\/"]}]},{"@type":"ImageObject","inLanguage":"de","@id":"https:\/\/www.fanprojekt-muenster.de\/wordpress\/nostalgisches-heimspiel-wochenende-buchvorbestellung-zu-20-jahre-ultras-in-muenster-jubilaeum-der-rude-boys\/#primaryimage","url":"https:\/\/www.fanprojekt-muenster.de\/wordpress\/wp-content\/uploads\/2024\/08\/WhatsApp-Image-2024-08-21-at-17.46.10-scaled.jpeg","contentUrl":"https:\/\/www.fanprojekt-muenster.de\/wordpress\/wp-content\/uploads\/2024\/08\/WhatsApp-Image-2024-08-21-at-17.46.10-scaled.jpeg","width":2560,"height":2560},{"@type":"BreadcrumbList","@id":"https:\/\/www.fanprojekt-muenster.de\/wordpress\/nostalgisches-heimspiel-wochenende-buchvorbestellung-zu-20-jahre-ultras-in-muenster-jubilaeum-der-rude-boys\/#breadcrumb","itemListElement":[{"@type":"ListItem","position":1,"name":"Startseite","item":"https:\/\/www.fanprojekt-muenster.de\/wordpress\/"},{"@type":"ListItem","position":2,"name":"Nostalgisches Heimspiel-Wochenende: Buchvorbestellung zu 20 Jahre Ultras in M\u00fcnster &amp; Jubil\u00e4um der Rude Boys"}]},{"@type":"WebSite","@id":"https:\/\/www.fanprojekt-muenster.de\/wordpress\/#website","url":"https:\/\/www.fanprojekt-muenster.de\/wordpress\/","name":"Fangemeinschaft Preu\u00dfen M\u00fcnster e. V.","description":"","publisher":{"@id":"https:\/\/www.fanprojekt-muenster.de\/wordpress\/#organization"},"potentialAction":[{"@type":"SearchAction","target":{"@type":"EntryPoint","urlTemplate":"https:\/\/www.fanprojekt-muenster.de\/wordpress\/?s={search_term_string}"},"query-input":{"@type":"PropertyValueSpecification","valueRequired":true,"valueName":"search_term_string"}}],"inLanguage":"de"},{"@type":"Organization","@id":"https:\/\/www.fanprojekt-muenster.de\/wordpress\/#organization","name":"Fangemeinschaft Preu\u00dfen M\u00fcnster e. V.","url":"https:\/\/www.fanprojekt-muenster.de\/wordpress\/","logo":{"@type":"ImageObject","inLanguage":"de","@id":"https:\/\/www.fanprojekt-muenster.de\/wordpress\/#\/schema\/logo\/image\/","url":"https:\/\/www.fanprojekt-muenster.de\/wordpress\/wp-content\/uploads\/2019\/07\/cropped-Website_Logo3-9.png","contentUrl":"https:\/\/www.fanprojekt-muenster.de\/wordpress\/wp-content\/uploads\/2019\/07\/cropped-Website_Logo3-9.png","width":224,"height":42,"caption":"Fangemeinschaft Preu\u00dfen M\u00fcnster e. V."},"image":{"@id":"https:\/\/www.fanprojekt-muenster.de\/wordpress\/#\/schema\/logo\/image\/"}},{"@type":"Person","@id":"https:\/\/www.fanprojekt-muenster.de\/wordpress\/#\/schema\/person\/d6f23c25f1746fe09de1ce0642a01dc0","name":"Julius","url":"https:\/\/www.fanprojekt-muenster.de\/wordpress\/author\/juliush\/"}]}},"author_meta":{"display_name":"Julius","author_link":"https:\/\/www.fanprojekt-muenster.de\/wordpress\/author\/juliush\/"},"featured_img":"https:\/\/www.fanprojekt-muenster.de\/wordpress\/wp-content\/uploads\/2024\/08\/WhatsApp-Image-2024-08-21-at-17.46.10-300x300.jpeg","coauthors":[],"tax_additional":{"categories":{"linked":["<a href=\"https:\/\/www.fanprojekt-muenster.de\/wordpress\/category\/allgemein\/\" class=\"advgb-post-tax-term\">Allgemein<\/a>"],"unlinked":["<span class=\"advgb-post-tax-term\">Allgemein<\/span>"]}},"comment_count":"0","relative_dates":{"created":"Posted 2\u00a0Jahren ago","modified":"Updated 2\u00a0Jahren ago"},"absolute_dates":{"created":"Posted on 23. August 2024","modified":"Updated on 23. August 2024"},"absolute_dates_time":{"created":"Posted on 23. August 2024 10:11","modified":"Updated on 23. August 2024 10:14"},"featured_img_caption":"","series_order":"","_links":{"self":[{"href":"https:\/\/www.fanprojekt-muenster.de\/wordpress\/wp-json\/wp\/v2\/posts\/9277","targetHints":{"allow":["GET"]}}],"collection":[{"href":"https:\/\/www.fanprojekt-muenster.de\/wordpress\/wp-json\/wp\/v2\/posts"}],"about":[{"href":"https:\/\/www.fanprojekt-muenster.de\/wordpress\/wp-json\/wp\/v2\/types\/post"}],"author":[{"embeddable":true,"href":"https:\/\/www.fanprojekt-muenster.de\/wordpress\/wp-json\/wp\/v2\/users\/11"}],"replies":[{"embeddable":true,"href":"https:\/\/www.fanprojekt-muenster.de\/wordpress\/wp-json\/wp\/v2\/comments?post=9277"}],"version-history":[{"count":4,"href":"https:\/\/www.fanprojekt-muenster.de\/wordpress\/wp-json\/wp\/v2\/posts\/9277\/revisions"}],"predecessor-version":[{"id":9292,"href":"https:\/\/www.fanprojekt-muenster.de\/wordpress\/wp-json\/wp\/v2\/posts\/9277\/revisions\/9292"}],"wp:featuredmedia":[{"embeddable":true,"href":"https:\/\/www.fanprojekt-muenster.de\/wordpress\/wp-json\/wp\/v2\/media\/9278"}],"wp:attachment":[{"href":"https:\/\/www.fanprojekt-muenster.de\/wordpress\/wp-json\/wp\/v2\/media?parent=9277"}],"wp:term":[{"taxonomy":"category","embeddable":true,"href":"https:\/\/www.fanprojekt-muenster.de\/wordpress\/wp-json\/wp\/v2\/categories?post=9277"},{"taxonomy":"post_tag","embeddable":true,"href":"https:\/\/www.fanprojekt-muenster.de\/wordpress\/wp-json\/wp\/v2\/tags?post=9277"}],"curies":[{"name":"wp","href":"https:\/\/api.w.org\/{rel}","templated":true}]}}