{"id":9253,"date":"2024-06-07T07:45:39","date_gmt":"2024-06-07T05:45:39","guid":{"rendered":"https:\/\/www.fanprojekt-muenster.de\/wordpress\/?p=9253"},"modified":"2024-06-07T08:22:43","modified_gmt":"2024-06-07T06:22:43","slug":"fangemeinschaft-uebergibt-spende-an-sc-preussen-muenster","status":"publish","type":"post","link":"https:\/\/www.fanprojekt-muenster.de\/wordpress\/fangemeinschaft-uebergibt-spende-an-sc-preussen-muenster\/","title":{"rendered":"Fangemeinschaft \u00fcbergibt Spende an SC Preu\u00dfen M\u00fcnster"},"content":{"rendered":"\n<figure class=\"wp-block-image size-large\"><img loading=\"lazy\" decoding=\"async\" width=\"1024\" height=\"684\" src=\"https:\/\/www.fanprojekt-muenster.de\/wordpress\/wp-content\/uploads\/2024\/06\/spende_fangemeinschaft_bearbeitet-1-1024x684.jpg\" alt=\"\" class=\"wp-image-9255\" srcset=\"https:\/\/www.fanprojekt-muenster.de\/wordpress\/wp-content\/uploads\/2024\/06\/spende_fangemeinschaft_bearbeitet-1-1024x684.jpg 1024w, https:\/\/www.fanprojekt-muenster.de\/wordpress\/wp-content\/uploads\/2024\/06\/spende_fangemeinschaft_bearbeitet-1-300x200.jpg 300w, https:\/\/www.fanprojekt-muenster.de\/wordpress\/wp-content\/uploads\/2024\/06\/spende_fangemeinschaft_bearbeitet-1-768x513.jpg 768w, https:\/\/www.fanprojekt-muenster.de\/wordpress\/wp-content\/uploads\/2024\/06\/spende_fangemeinschaft_bearbeitet-1-1536x1026.jpg 1536w, https:\/\/www.fanprojekt-muenster.de\/wordpress\/wp-content\/uploads\/2024\/06\/spende_fangemeinschaft_bearbeitet-1-2048x1368.jpg 2048w, https:\/\/www.fanprojekt-muenster.de\/wordpress\/wp-content\/uploads\/2024\/06\/spende_fangemeinschaft_bearbeitet-1-576x384.jpg 576w\" sizes=\"auto, (max-width: 1024px) 100vw, 1024px\" \/><\/figure>\n\n\n\n<p>Die Fangemeinschaft des Fu\u00dfball-Zweitligisten SC Preu\u00dfen M\u00fcnster hat in den vergangenen Monaten unterschiedliche Aktionen durchgef\u00fchrt, um die Preu\u00dfen bez\u00fcglich der DFB-Strafe nach dem Pokalspiel in der vergangenen Saison gegen den FC Bayern M\u00fcnchen zu unterst\u00fctzen. 21.906 Euro sind insgesamt zusammengekommen. Diese tolle Summe haben nun Julius Holdschlag (Fangemeinschaft) und Sven Scholz (Fanmagazin nullsechs.de) stellvertretend f\u00fcr alle Spenderinnen und Spender an Burkhard Br\u00fcx (Pr\u00e4sidium SC Preu\u00dfen) \u00fcbergeben.<\/p>\n\n\n\n<p><em>Ob Poster-Aktion, Rad-Auktion oder Weihnachtsmarkt\u2026<\/em><\/p>\n\n\n\n<p>Anlass f\u00fcr diverse Spendenaktionen war die Abmilderung der aus Sicht der Fangemeinschaft v\u00f6llig unverh\u00e4ltnism\u00e4\u00dfig hohen Rekordstrafe von 106.950 Euro im Nachgang an das Abbrennen pyrotechnischer Gegenst\u00e4nde aus dem DFB-Pokalspiel gegen den FC Bayern. Neben vielen Einzelspenden von Fans und Unterst\u00fctzern des Vereins aus allen Bereichen des Stadions gab es beispielsweise eine gro\u00dfe Poster-Verkaufsaktion, den Verkauf von Tennisb\u00e4llen durch Borussia M\u00fcnster oder den traditionellen Weihnachtsmarkt der Fangemeinschaft, dessen Erl\u00f6se diesmal in den Spendentopf flossen. Zum Abschluss haben die Fangemeinschaft mit \u201eLeeze Bikes\u201c aus Havixbeck ein hochwertiges Gravel-Bike im eigens gestalteten Preu\u00dfen-Design versteigert. Allein das brachte noch einmal 1.916 Euro. \u201eWir sind stolz, dass die Fans des SC Preu\u00dfen M\u00fcnster den Verein mit einer so stattlichen Summe unterst\u00fctzen konnten. Das Strafensystem des DFB halten wir f\u00fcr v\u00f6llig aus dem Ruder gelaufen\u201c, so Julius Holdschlag am Rande der Spenden\u00fcbergabe im Stadion.<\/p>\n","protected":false},"excerpt":{"rendered":"<p>Die Fangemeinschaft des Fu\u00dfball-Zweitligisten SC Preu\u00dfen M\u00fcnster hat in den vergangenen Monaten unterschiedliche Aktionen durchgef\u00fchrt, um die Preu\u00dfen bez\u00fcglich der DFB-Strafe nach dem Pokalspiel in der vergangenen Saison gegen den&#8230; <a class=\"read-more-link\" href=\"https:\/\/www.fanprojekt-muenster.de\/wordpress\/fangemeinschaft-uebergibt-spende-an-sc-preussen-muenster\/\">Read more &raquo;<\/a><\/p>\n","protected":false},"author":11,"featured_media":9257,"comment_status":"closed","ping_status":"open","sticky":false,"template":"","format":"standard","meta":{"advgb_blocks_editor_width":"","advgb_blocks_columns_visual_guide":"","footnotes":""},"categories":[2],"tags":[],"class_list":["post-9253","post","type-post","status-publish","format-standard","has-post-thumbnail","hentry","category-aktionen"],"featured_image_src":"https:\/\/www.fanprojekt-muenster.de\/wordpress\/wp-content\/uploads\/2024\/06\/WhatsApp-Image-2024-06-07-at-07.52.52-scaled.jpeg","author_info":{"display_name":"Julius","author_link":"https:\/\/www.fanprojekt-muenster.de\/wordpress\/author\/juliush\/"},"yoast_head":"<!-- This site is optimized with the Yoast SEO plugin v27.2 - https:\/\/yoast.com\/product\/yoast-seo-wordpress\/ -->\n<title>Fangemeinschaft \u00fcbergibt Spende an SC Preu\u00dfen M\u00fcnster - Fangemeinschaft Preu\u00dfen M\u00fcnster e. V.<\/title>\n<meta name=\"robots\" content=\"index, follow, max-snippet:-1, max-image-preview:large, max-video-preview:-1\" \/>\n<link rel=\"canonical\" href=\"https:\/\/www.fanprojekt-muenster.de\/wordpress\/fangemeinschaft-uebergibt-spende-an-sc-preussen-muenster\/\" \/>\n<meta property=\"og:locale\" content=\"de_DE\" \/>\n<meta property=\"og:type\" content=\"article\" \/>\n<meta property=\"og:title\" content=\"Fangemeinschaft \u00fcbergibt Spende an SC Preu\u00dfen M\u00fcnster - Fangemeinschaft Preu\u00dfen M\u00fcnster e. V.\" \/>\n<meta property=\"og:description\" content=\"Die Fangemeinschaft des Fu\u00dfball-Zweitligisten SC Preu\u00dfen M\u00fcnster hat in den vergangenen Monaten unterschiedliche Aktionen durchgef\u00fchrt, um die Preu\u00dfen bez\u00fcglich der DFB-Strafe nach dem Pokalspiel in der vergangenen Saison gegen den... Read more &raquo;\" \/>\n<meta property=\"og:url\" content=\"https:\/\/www.fanprojekt-muenster.de\/wordpress\/fangemeinschaft-uebergibt-spende-an-sc-preussen-muenster\/\" \/>\n<meta property=\"og:site_name\" content=\"Fangemeinschaft Preu\u00dfen M\u00fcnster e. V.\" \/>\n<meta property=\"article:published_time\" content=\"2024-06-07T05:45:39+00:00\" \/>\n<meta property=\"article:modified_time\" content=\"2024-06-07T06:22:43+00:00\" \/>\n<meta property=\"og:image\" content=\"https:\/\/www.fanprojekt-muenster.de\/wordpress\/wp-content\/uploads\/2024\/06\/WhatsApp-Image-2024-06-07-at-07.52.52-scaled.jpeg\" \/>\n\t<meta property=\"og:image:width\" content=\"2560\" \/>\n\t<meta property=\"og:image:height\" content=\"1951\" \/>\n\t<meta property=\"og:image:type\" content=\"image\/jpeg\" \/>\n<meta name=\"author\" content=\"Julius\" \/>\n<meta name=\"twitter:card\" content=\"summary_large_image\" \/>\n<meta name=\"twitter:label1\" content=\"Verfasst von\" \/>\n\t<meta name=\"twitter:data1\" content=\"Julius\" \/>\n\t<meta name=\"twitter:label2\" content=\"Gesch\u00e4tzte Lesezeit\" \/>\n\t<meta name=\"twitter:data2\" content=\"2\u00a0Minuten\" \/>\n<script type=\"application\/ld+json\" class=\"yoast-schema-graph\">{\"@context\":\"https:\/\/schema.org\",\"@graph\":[{\"@type\":\"Article\",\"@id\":\"https:\/\/www.fanprojekt-muenster.de\/wordpress\/fangemeinschaft-uebergibt-spende-an-sc-preussen-muenster\/#article\",\"isPartOf\":{\"@id\":\"https:\/\/www.fanprojekt-muenster.de\/wordpress\/fangemeinschaft-uebergibt-spende-an-sc-preussen-muenster\/\"},\"author\":{\"name\":\"Julius\",\"@id\":\"https:\/\/www.fanprojekt-muenster.de\/wordpress\/#\/schema\/person\/d6f23c25f1746fe09de1ce0642a01dc0\"},\"headline\":\"Fangemeinschaft \u00fcbergibt Spende an SC Preu\u00dfen M\u00fcnster\",\"datePublished\":\"2024-06-07T05:45:39+00:00\",\"dateModified\":\"2024-06-07T06:22:43+00:00\",\"mainEntityOfPage\":{\"@id\":\"https:\/\/www.fanprojekt-muenster.de\/wordpress\/fangemeinschaft-uebergibt-spende-an-sc-preussen-muenster\/\"},\"wordCount\":245,\"publisher\":{\"@id\":\"https:\/\/www.fanprojekt-muenster.de\/wordpress\/#organization\"},\"image\":{\"@id\":\"https:\/\/www.fanprojekt-muenster.de\/wordpress\/fangemeinschaft-uebergibt-spende-an-sc-preussen-muenster\/#primaryimage\"},\"thumbnailUrl\":\"https:\/\/www.fanprojekt-muenster.de\/wordpress\/wp-content\/uploads\/2024\/06\/WhatsApp-Image-2024-06-07-at-07.52.52-scaled.jpeg\",\"articleSection\":[\"Aktionen\"],\"inLanguage\":\"de\"},{\"@type\":\"WebPage\",\"@id\":\"https:\/\/www.fanprojekt-muenster.de\/wordpress\/fangemeinschaft-uebergibt-spende-an-sc-preussen-muenster\/\",\"url\":\"https:\/\/www.fanprojekt-muenster.de\/wordpress\/fangemeinschaft-uebergibt-spende-an-sc-preussen-muenster\/\",\"name\":\"Fangemeinschaft \u00fcbergibt Spende an SC Preu\u00dfen M\u00fcnster - Fangemeinschaft Preu\u00dfen M\u00fcnster e. V.\",\"isPartOf\":{\"@id\":\"https:\/\/www.fanprojekt-muenster.de\/wordpress\/#website\"},\"primaryImageOfPage\":{\"@id\":\"https:\/\/www.fanprojekt-muenster.de\/wordpress\/fangemeinschaft-uebergibt-spende-an-sc-preussen-muenster\/#primaryimage\"},\"image\":{\"@id\":\"https:\/\/www.fanprojekt-muenster.de\/wordpress\/fangemeinschaft-uebergibt-spende-an-sc-preussen-muenster\/#primaryimage\"},\"thumbnailUrl\":\"https:\/\/www.fanprojekt-muenster.de\/wordpress\/wp-content\/uploads\/2024\/06\/WhatsApp-Image-2024-06-07-at-07.52.52-scaled.jpeg\",\"datePublished\":\"2024-06-07T05:45:39+00:00\",\"dateModified\":\"2024-06-07T06:22:43+00:00\",\"breadcrumb\":{\"@id\":\"https:\/\/www.fanprojekt-muenster.de\/wordpress\/fangemeinschaft-uebergibt-spende-an-sc-preussen-muenster\/#breadcrumb\"},\"inLanguage\":\"de\",\"potentialAction\":[{\"@type\":\"ReadAction\",\"target\":[\"https:\/\/www.fanprojekt-muenster.de\/wordpress\/fangemeinschaft-uebergibt-spende-an-sc-preussen-muenster\/\"]}]},{\"@type\":\"ImageObject\",\"inLanguage\":\"de\",\"@id\":\"https:\/\/www.fanprojekt-muenster.de\/wordpress\/fangemeinschaft-uebergibt-spende-an-sc-preussen-muenster\/#primaryimage\",\"url\":\"https:\/\/www.fanprojekt-muenster.de\/wordpress\/wp-content\/uploads\/2024\/06\/WhatsApp-Image-2024-06-07-at-07.52.52-scaled.jpeg\",\"contentUrl\":\"https:\/\/www.fanprojekt-muenster.de\/wordpress\/wp-content\/uploads\/2024\/06\/WhatsApp-Image-2024-06-07-at-07.52.52-scaled.jpeg\",\"width\":2560,\"height\":1951},{\"@type\":\"BreadcrumbList\",\"@id\":\"https:\/\/www.fanprojekt-muenster.de\/wordpress\/fangemeinschaft-uebergibt-spende-an-sc-preussen-muenster\/#breadcrumb\",\"itemListElement\":[{\"@type\":\"ListItem\",\"position\":1,\"name\":\"Startseite\",\"item\":\"https:\/\/www.fanprojekt-muenster.de\/wordpress\/\"},{\"@type\":\"ListItem\",\"position\":2,\"name\":\"Fangemeinschaft \u00fcbergibt Spende an SC Preu\u00dfen M\u00fcnster\"}]},{\"@type\":\"WebSite\",\"@id\":\"https:\/\/www.fanprojekt-muenster.de\/wordpress\/#website\",\"url\":\"https:\/\/www.fanprojekt-muenster.de\/wordpress\/\",\"name\":\"Fangemeinschaft Preu\u00dfen M\u00fcnster e. V.\",\"description\":\"\",\"publisher\":{\"@id\":\"https:\/\/www.fanprojekt-muenster.de\/wordpress\/#organization\"},\"potentialAction\":[{\"@type\":\"SearchAction\",\"target\":{\"@type\":\"EntryPoint\",\"urlTemplate\":\"https:\/\/www.fanprojekt-muenster.de\/wordpress\/?s={search_term_string}\"},\"query-input\":{\"@type\":\"PropertyValueSpecification\",\"valueRequired\":true,\"valueName\":\"search_term_string\"}}],\"inLanguage\":\"de\"},{\"@type\":\"Organization\",\"@id\":\"https:\/\/www.fanprojekt-muenster.de\/wordpress\/#organization\",\"name\":\"Fangemeinschaft Preu\u00dfen M\u00fcnster e. V.\",\"url\":\"https:\/\/www.fanprojekt-muenster.de\/wordpress\/\",\"logo\":{\"@type\":\"ImageObject\",\"inLanguage\":\"de\",\"@id\":\"https:\/\/www.fanprojekt-muenster.de\/wordpress\/#\/schema\/logo\/image\/\",\"url\":\"https:\/\/www.fanprojekt-muenster.de\/wordpress\/wp-content\/uploads\/2019\/07\/cropped-Website_Logo3-9.png\",\"contentUrl\":\"https:\/\/www.fanprojekt-muenster.de\/wordpress\/wp-content\/uploads\/2019\/07\/cropped-Website_Logo3-9.png\",\"width\":224,\"height\":42,\"caption\":\"Fangemeinschaft Preu\u00dfen M\u00fcnster e. V.\"},\"image\":{\"@id\":\"https:\/\/www.fanprojekt-muenster.de\/wordpress\/#\/schema\/logo\/image\/\"}},{\"@type\":\"Person\",\"@id\":\"https:\/\/www.fanprojekt-muenster.de\/wordpress\/#\/schema\/person\/d6f23c25f1746fe09de1ce0642a01dc0\",\"name\":\"Julius\",\"url\":\"https:\/\/www.fanprojekt-muenster.de\/wordpress\/author\/juliush\/\"}]}<\/script>\n<!-- \/ Yoast SEO plugin. -->","yoast_head_json":{"title":"Fangemeinschaft \u00fcbergibt Spende an SC Preu\u00dfen M\u00fcnster - Fangemeinschaft Preu\u00dfen M\u00fcnster e. V.","robots":{"index":"index","follow":"follow","max-snippet":"max-snippet:-1","max-image-preview":"max-image-preview:large","max-video-preview":"max-video-preview:-1"},"canonical":"https:\/\/www.fanprojekt-muenster.de\/wordpress\/fangemeinschaft-uebergibt-spende-an-sc-preussen-muenster\/","og_locale":"de_DE","og_type":"article","og_title":"Fangemeinschaft \u00fcbergibt Spende an SC Preu\u00dfen M\u00fcnster - Fangemeinschaft Preu\u00dfen M\u00fcnster e. V.","og_description":"Die Fangemeinschaft des Fu\u00dfball-Zweitligisten SC Preu\u00dfen M\u00fcnster hat in den vergangenen Monaten unterschiedliche Aktionen durchgef\u00fchrt, um die Preu\u00dfen bez\u00fcglich der DFB-Strafe nach dem Pokalspiel in der vergangenen Saison gegen den... Read more &raquo;","og_url":"https:\/\/www.fanprojekt-muenster.de\/wordpress\/fangemeinschaft-uebergibt-spende-an-sc-preussen-muenster\/","og_site_name":"Fangemeinschaft Preu\u00dfen M\u00fcnster e. V.","article_published_time":"2024-06-07T05:45:39+00:00","article_modified_time":"2024-06-07T06:22:43+00:00","og_image":[{"width":2560,"height":1951,"url":"https:\/\/www.fanprojekt-muenster.de\/wordpress\/wp-content\/uploads\/2024\/06\/WhatsApp-Image-2024-06-07-at-07.52.52-scaled.jpeg","type":"image\/jpeg"}],"author":"Julius","twitter_card":"summary_large_image","twitter_misc":{"Verfasst von":"Julius","Gesch\u00e4tzte Lesezeit":"2\u00a0Minuten"},"schema":{"@context":"https:\/\/schema.org","@graph":[{"@type":"Article","@id":"https:\/\/www.fanprojekt-muenster.de\/wordpress\/fangemeinschaft-uebergibt-spende-an-sc-preussen-muenster\/#article","isPartOf":{"@id":"https:\/\/www.fanprojekt-muenster.de\/wordpress\/fangemeinschaft-uebergibt-spende-an-sc-preussen-muenster\/"},"author":{"name":"Julius","@id":"https:\/\/www.fanprojekt-muenster.de\/wordpress\/#\/schema\/person\/d6f23c25f1746fe09de1ce0642a01dc0"},"headline":"Fangemeinschaft \u00fcbergibt Spende an SC Preu\u00dfen M\u00fcnster","datePublished":"2024-06-07T05:45:39+00:00","dateModified":"2024-06-07T06:22:43+00:00","mainEntityOfPage":{"@id":"https:\/\/www.fanprojekt-muenster.de\/wordpress\/fangemeinschaft-uebergibt-spende-an-sc-preussen-muenster\/"},"wordCount":245,"publisher":{"@id":"https:\/\/www.fanprojekt-muenster.de\/wordpress\/#organization"},"image":{"@id":"https:\/\/www.fanprojekt-muenster.de\/wordpress\/fangemeinschaft-uebergibt-spende-an-sc-preussen-muenster\/#primaryimage"},"thumbnailUrl":"https:\/\/www.fanprojekt-muenster.de\/wordpress\/wp-content\/uploads\/2024\/06\/WhatsApp-Image-2024-06-07-at-07.52.52-scaled.jpeg","articleSection":["Aktionen"],"inLanguage":"de"},{"@type":"WebPage","@id":"https:\/\/www.fanprojekt-muenster.de\/wordpress\/fangemeinschaft-uebergibt-spende-an-sc-preussen-muenster\/","url":"https:\/\/www.fanprojekt-muenster.de\/wordpress\/fangemeinschaft-uebergibt-spende-an-sc-preussen-muenster\/","name":"Fangemeinschaft \u00fcbergibt Spende an SC Preu\u00dfen M\u00fcnster - Fangemeinschaft Preu\u00dfen M\u00fcnster e. V.","isPartOf":{"@id":"https:\/\/www.fanprojekt-muenster.de\/wordpress\/#website"},"primaryImageOfPage":{"@id":"https:\/\/www.fanprojekt-muenster.de\/wordpress\/fangemeinschaft-uebergibt-spende-an-sc-preussen-muenster\/#primaryimage"},"image":{"@id":"https:\/\/www.fanprojekt-muenster.de\/wordpress\/fangemeinschaft-uebergibt-spende-an-sc-preussen-muenster\/#primaryimage"},"thumbnailUrl":"https:\/\/www.fanprojekt-muenster.de\/wordpress\/wp-content\/uploads\/2024\/06\/WhatsApp-Image-2024-06-07-at-07.52.52-scaled.jpeg","datePublished":"2024-06-07T05:45:39+00:00","dateModified":"2024-06-07T06:22:43+00:00","breadcrumb":{"@id":"https:\/\/www.fanprojekt-muenster.de\/wordpress\/fangemeinschaft-uebergibt-spende-an-sc-preussen-muenster\/#breadcrumb"},"inLanguage":"de","potentialAction":[{"@type":"ReadAction","target":["https:\/\/www.fanprojekt-muenster.de\/wordpress\/fangemeinschaft-uebergibt-spende-an-sc-preussen-muenster\/"]}]},{"@type":"ImageObject","inLanguage":"de","@id":"https:\/\/www.fanprojekt-muenster.de\/wordpress\/fangemeinschaft-uebergibt-spende-an-sc-preussen-muenster\/#primaryimage","url":"https:\/\/www.fanprojekt-muenster.de\/wordpress\/wp-content\/uploads\/2024\/06\/WhatsApp-Image-2024-06-07-at-07.52.52-scaled.jpeg","contentUrl":"https:\/\/www.fanprojekt-muenster.de\/wordpress\/wp-content\/uploads\/2024\/06\/WhatsApp-Image-2024-06-07-at-07.52.52-scaled.jpeg","width":2560,"height":1951},{"@type":"BreadcrumbList","@id":"https:\/\/www.fanprojekt-muenster.de\/wordpress\/fangemeinschaft-uebergibt-spende-an-sc-preussen-muenster\/#breadcrumb","itemListElement":[{"@type":"ListItem","position":1,"name":"Startseite","item":"https:\/\/www.fanprojekt-muenster.de\/wordpress\/"},{"@type":"ListItem","position":2,"name":"Fangemeinschaft \u00fcbergibt Spende an SC Preu\u00dfen M\u00fcnster"}]},{"@type":"WebSite","@id":"https:\/\/www.fanprojekt-muenster.de\/wordpress\/#website","url":"https:\/\/www.fanprojekt-muenster.de\/wordpress\/","name":"Fangemeinschaft Preu\u00dfen M\u00fcnster e. V.","description":"","publisher":{"@id":"https:\/\/www.fanprojekt-muenster.de\/wordpress\/#organization"},"potentialAction":[{"@type":"SearchAction","target":{"@type":"EntryPoint","urlTemplate":"https:\/\/www.fanprojekt-muenster.de\/wordpress\/?s={search_term_string}"},"query-input":{"@type":"PropertyValueSpecification","valueRequired":true,"valueName":"search_term_string"}}],"inLanguage":"de"},{"@type":"Organization","@id":"https:\/\/www.fanprojekt-muenster.de\/wordpress\/#organization","name":"Fangemeinschaft Preu\u00dfen M\u00fcnster e. V.","url":"https:\/\/www.fanprojekt-muenster.de\/wordpress\/","logo":{"@type":"ImageObject","inLanguage":"de","@id":"https:\/\/www.fanprojekt-muenster.de\/wordpress\/#\/schema\/logo\/image\/","url":"https:\/\/www.fanprojekt-muenster.de\/wordpress\/wp-content\/uploads\/2019\/07\/cropped-Website_Logo3-9.png","contentUrl":"https:\/\/www.fanprojekt-muenster.de\/wordpress\/wp-content\/uploads\/2019\/07\/cropped-Website_Logo3-9.png","width":224,"height":42,"caption":"Fangemeinschaft Preu\u00dfen M\u00fcnster e. V."},"image":{"@id":"https:\/\/www.fanprojekt-muenster.de\/wordpress\/#\/schema\/logo\/image\/"}},{"@type":"Person","@id":"https:\/\/www.fanprojekt-muenster.de\/wordpress\/#\/schema\/person\/d6f23c25f1746fe09de1ce0642a01dc0","name":"Julius","url":"https:\/\/www.fanprojekt-muenster.de\/wordpress\/author\/juliush\/"}]}},"author_meta":{"display_name":"Julius","author_link":"https:\/\/www.fanprojekt-muenster.de\/wordpress\/author\/juliush\/"},"featured_img":"https:\/\/www.fanprojekt-muenster.de\/wordpress\/wp-content\/uploads\/2024\/06\/WhatsApp-Image-2024-06-07-at-07.52.52-300x229.jpeg","coauthors":[],"tax_additional":{"categories":{"linked":["<a href=\"https:\/\/www.fanprojekt-muenster.de\/wordpress\/category\/aktionen\/\" class=\"advgb-post-tax-term\">Aktionen<\/a>"],"unlinked":["<span class=\"advgb-post-tax-term\">Aktionen<\/span>"]}},"comment_count":"0","relative_dates":{"created":"Posted 2\u00a0Jahren ago","modified":"Updated 2\u00a0Jahren ago"},"absolute_dates":{"created":"Posted on 7. Juni 2024","modified":"Updated on 7. Juni 2024"},"absolute_dates_time":{"created":"Posted on 7. Juni 2024 7:45","modified":"Updated on 7. Juni 2024 8:22"},"featured_img_caption":"","series_order":"","_links":{"self":[{"href":"https:\/\/www.fanprojekt-muenster.de\/wordpress\/wp-json\/wp\/v2\/posts\/9253","targetHints":{"allow":["GET"]}}],"collection":[{"href":"https:\/\/www.fanprojekt-muenster.de\/wordpress\/wp-json\/wp\/v2\/posts"}],"about":[{"href":"https:\/\/www.fanprojekt-muenster.de\/wordpress\/wp-json\/wp\/v2\/types\/post"}],"author":[{"embeddable":true,"href":"https:\/\/www.fanprojekt-muenster.de\/wordpress\/wp-json\/wp\/v2\/users\/11"}],"replies":[{"embeddable":true,"href":"https:\/\/www.fanprojekt-muenster.de\/wordpress\/wp-json\/wp\/v2\/comments?post=9253"}],"version-history":[{"count":1,"href":"https:\/\/www.fanprojekt-muenster.de\/wordpress\/wp-json\/wp\/v2\/posts\/9253\/revisions"}],"predecessor-version":[{"id":9256,"href":"https:\/\/www.fanprojekt-muenster.de\/wordpress\/wp-json\/wp\/v2\/posts\/9253\/revisions\/9256"}],"wp:featuredmedia":[{"embeddable":true,"href":"https:\/\/www.fanprojekt-muenster.de\/wordpress\/wp-json\/wp\/v2\/media\/9257"}],"wp:attachment":[{"href":"https:\/\/www.fanprojekt-muenster.de\/wordpress\/wp-json\/wp\/v2\/media?parent=9253"}],"wp:term":[{"taxonomy":"category","embeddable":true,"href":"https:\/\/www.fanprojekt-muenster.de\/wordpress\/wp-json\/wp\/v2\/categories?post=9253"},{"taxonomy":"post_tag","embeddable":true,"href":"https:\/\/www.fanprojekt-muenster.de\/wordpress\/wp-json\/wp\/v2\/tags?post=9253"}],"curies":[{"name":"wp","href":"https:\/\/api.w.org\/{rel}","templated":true}]}}