{"id":9191,"date":"2024-04-18T20:42:46","date_gmt":"2024-04-18T18:42:46","guid":{"rendered":"https:\/\/www.fanprojekt-muenster.de\/wordpress\/?p=9191"},"modified":"2024-04-18T21:28:06","modified_gmt":"2024-04-18T19:28:06","slug":"fangemeinschaft-radversteigerung-schliesst-spendenaktion-ab","status":"publish","type":"post","link":"https:\/\/www.fanprojekt-muenster.de\/wordpress\/fangemeinschaft-radversteigerung-schliesst-spendenaktion-ab\/","title":{"rendered":"Radversteigerung schlie\u00dft Spendenaktion ab"},"content":{"rendered":"\n<figure class=\"wp-block-image size-large\"><img loading=\"lazy\" decoding=\"async\" width=\"1024\" height=\"1024\" src=\"https:\/\/www.fanprojekt-muenster.de\/wordpress\/wp-content\/uploads\/2024\/04\/WhatsApp-Image-2024-04-18-at-20.19.02-1-1024x1024.jpeg\" alt=\"\" class=\"wp-image-9205\" srcset=\"https:\/\/www.fanprojekt-muenster.de\/wordpress\/wp-content\/uploads\/2024\/04\/WhatsApp-Image-2024-04-18-at-20.19.02-1-1024x1024.jpeg 1024w, https:\/\/www.fanprojekt-muenster.de\/wordpress\/wp-content\/uploads\/2024\/04\/WhatsApp-Image-2024-04-18-at-20.19.02-1-300x300.jpeg 300w, https:\/\/www.fanprojekt-muenster.de\/wordpress\/wp-content\/uploads\/2024\/04\/WhatsApp-Image-2024-04-18-at-20.19.02-1-150x150.jpeg 150w, https:\/\/www.fanprojekt-muenster.de\/wordpress\/wp-content\/uploads\/2024\/04\/WhatsApp-Image-2024-04-18-at-20.19.02-1-768x768.jpeg 768w, https:\/\/www.fanprojekt-muenster.de\/wordpress\/wp-content\/uploads\/2024\/04\/WhatsApp-Image-2024-04-18-at-20.19.02-1-1536x1536.jpeg 1536w, https:\/\/www.fanprojekt-muenster.de\/wordpress\/wp-content\/uploads\/2024\/04\/WhatsApp-Image-2024-04-18-at-20.19.02-1-2048x2048.jpeg 2048w, https:\/\/www.fanprojekt-muenster.de\/wordpress\/wp-content\/uploads\/2024\/04\/WhatsApp-Image-2024-04-18-at-20.19.02-1-576x576.jpeg 576w\" sizes=\"auto, (max-width: 1024px) 100vw, 1024px\" \/><\/figure>\n\n\n\n<p>Ersteigere ein exklusives Leeze Gravel-Bike mit Sonderlackierung im Preu\u00dfen M\u00fcnster-Design! Die Fangemeinschaft schlie\u00dft mit der angelaufenen Versteigerung die Spendenaktion aus dem Dezember 2023 ab. Knapp 20.000 Euro sind mittlerweile zusammengekommen, doch da geht noch mehr!<\/p>\n\n\n\n<p>Zum gro\u00dfen Finale der Aktion versteigern die Fangemeinschaft und Leeze Bikes aus Havixbeck ab sofort ein hochwertiges Gravel-Bike (VK ohne Lackierung: 2.099 Euro). Die Auktion ist noch bis zum 28. April online und wartet auf H\u00f6chstgebote. Das Startgebot: Nat\u00fcrlich 1.906\u20ac. Das Rad ist speziell f\u00fcr den Einsatz auf unbefestigten Wegen, Schotterstra\u00dfen und Waldwegen entwickelt worden. Doch auch als sportliches Stadtrad ist es ideal f\u00fcr Pendler und allt\u00e4gliche Stadtfahrten durch M\u00fcnster und das M\u00fcnsterland.<\/p>\n\n\n\n<p>Seit mehr als zehn Jahren steht die Firma Leeze \u00fcber die Grenzen des M\u00fcnsterlandes hinaus f\u00fcr h\u00f6chste Qualit\u00e4t im Laufradbau und den Vertrieb von Rennr\u00e4dern und Gravelbikes &#8211; fest verwurzelt und verbunden mit dem M\u00fcnsterland.<\/p>\n\n\n\n<p>Das Gravel-Bike in SCP-Sonderlackierung \u2013 von Fans f\u00fcr Fans. So wurde zum Beispiel das Design von Fans entworfen und auch die Lackierung der Leeze ist ehrenamtlich von langj\u00e4hrigen Stadiong\u00e4ngern durchgef\u00fchrt worden. Der vielseitige Aluminiumrahmen bietet die M\u00f6glichkeit, nachtr\u00e4glich Schutzbleche, einen Gep\u00e4cktr\u00e4ger sowie einen Rad-St\u00e4nder zu montieren. Dadurch f\u00fchlt sich das Rad in allen Einsatzgebieten zu Hause und f\u00e4hrt gleicherma\u00dfen gerne \u00fcber die Waldwege der Baumberge als auch \u00fcber den Prinzipalmarkt und die Hammer Stra\u00dfe in Richtung Heimspiel.<\/p>\n\n\n\n<p class=\"has-text-align-left\"><\/p>\n\n\n\n<h2 class=\"wp-block-heading has-text-align-center\"><strong><a href=\"https:\/\/www.ebay.de\/itm\/395348025041?mkcid=16&amp;mkevt=1&amp;mkrid=707-127634-2357-0&amp;ssspo=2nof7pyasl2&amp;sssrc=4429486&amp;ssuid=&amp;var=&amp;widget_ver=artemis&amp;media=WHATS_APP\" target=\"_blank\" rel=\"noreferrer noopener\">>>> LINK ZUM BIKE &lt;&lt;&lt;<\/a><\/strong><\/h2>\n\n\n\n<p><\/p>\n\n\n\n<p><strong>Fakten zur Leeze:<\/strong><\/p>\n\n\n\n<p>Rahmengr\u00f6\u00dfe 55 (passend f\u00fcr Personen von 175-185cm, siehe Geometrieschaubild)<br>Aluminiumrahmen<br>Carbon Gabel<br>Carbon Sattelst\u00fctze<br>Aluminium Lenker (42cm) und Vorbau (100mm)<br>Shimano GRX 1&#215;11 Schaltung<br>hydraulische Scheibenbremsen<br>Leeze AC25 Disc Basic Laufradsatz<br>Continental Terra Speed Bereifung<br>Leeze Flaschenhalter (2x)<br>M-Wave Freedom SL Plattformpedale<br><br>Der normale Verkaufspreis ohne Sonderlackierung f\u00fcr diese Ausstattung liegt bei 2099 Euro.<br><br>Als Bonus gibt es noch eine Besonderheit bei der Ausstattung:<br>Die Firma Leeze tauscht ab einem Spendenerl\u00f6s von 2500 Euro den aktuell verbauten Laufradsatz aus und ersetzt diesen durch den Gravel-Verkaufsschlager. Aufgewertet wird das Bike dann durch einen Leeze CH40 Allroad BASIC (UVP 899 Euro).<br><br>Die Leeze steht im Leeze Bikestore Havixbeck zum Anschauen und auch f\u00fcr Probefahrten bereit. Kommt einfach vorbei und nutzt die Gelegenheit, dieses absolute Einzelst\u00fcck zu begutachten und im Anschluss zu ersteigern.<\/p>\n\n\n\n<figure class=\"wp-block-gallery has-nested-images columns-default is-cropped wp-block-gallery-1 is-layout-flex wp-block-gallery-is-layout-flex\">\n<figure class=\"wp-block-image size-large\"><img loading=\"lazy\" decoding=\"async\" width=\"1024\" height=\"656\" data-id=\"9192\" src=\"https:\/\/www.fanprojekt-muenster.de\/wordpress\/wp-content\/uploads\/2024\/04\/1-AC-25-1024x656.png\" alt=\"\" class=\"wp-image-9192\" srcset=\"https:\/\/www.fanprojekt-muenster.de\/wordpress\/wp-content\/uploads\/2024\/04\/1-AC-25-1024x656.png 1024w, https:\/\/www.fanprojekt-muenster.de\/wordpress\/wp-content\/uploads\/2024\/04\/1-AC-25-300x192.png 300w, https:\/\/www.fanprojekt-muenster.de\/wordpress\/wp-content\/uploads\/2024\/04\/1-AC-25-768x492.png 768w, https:\/\/www.fanprojekt-muenster.de\/wordpress\/wp-content\/uploads\/2024\/04\/1-AC-25-1536x984.png 1536w, https:\/\/www.fanprojekt-muenster.de\/wordpress\/wp-content\/uploads\/2024\/04\/1-AC-25-2048x1312.png 2048w\" sizes=\"auto, (max-width: 1024px) 100vw, 1024px\" \/><\/figure>\n\n\n\n<figure class=\"wp-block-image size-large\"><img loading=\"lazy\" decoding=\"async\" width=\"1024\" height=\"732\" data-id=\"9193\" src=\"https:\/\/www.fanprojekt-muenster.de\/wordpress\/wp-content\/uploads\/2024\/04\/1-CH-40-1024x732.png\" alt=\"\" class=\"wp-image-9193\" srcset=\"https:\/\/www.fanprojekt-muenster.de\/wordpress\/wp-content\/uploads\/2024\/04\/1-CH-40-1024x732.png 1024w, https:\/\/www.fanprojekt-muenster.de\/wordpress\/wp-content\/uploads\/2024\/04\/1-CH-40-300x214.png 300w, https:\/\/www.fanprojekt-muenster.de\/wordpress\/wp-content\/uploads\/2024\/04\/1-CH-40-768x549.png 768w, https:\/\/www.fanprojekt-muenster.de\/wordpress\/wp-content\/uploads\/2024\/04\/1-CH-40-1536x1097.png 1536w, https:\/\/www.fanprojekt-muenster.de\/wordpress\/wp-content\/uploads\/2024\/04\/1-CH-40-2048x1463.png 2048w\" sizes=\"auto, (max-width: 1024px) 100vw, 1024px\" \/><\/figure>\n\n\n\n<figure class=\"wp-block-image size-large\"><img loading=\"lazy\" decoding=\"async\" width=\"1024\" height=\"576\" data-id=\"9197\" src=\"https:\/\/www.fanprojekt-muenster.de\/wordpress\/wp-content\/uploads\/2024\/04\/2-1024x576.png\" alt=\"\" class=\"wp-image-9197\" srcset=\"https:\/\/www.fanprojekt-muenster.de\/wordpress\/wp-content\/uploads\/2024\/04\/2-1024x576.png 1024w, https:\/\/www.fanprojekt-muenster.de\/wordpress\/wp-content\/uploads\/2024\/04\/2-300x169.png 300w, https:\/\/www.fanprojekt-muenster.de\/wordpress\/wp-content\/uploads\/2024\/04\/2-768x432.png 768w, https:\/\/www.fanprojekt-muenster.de\/wordpress\/wp-content\/uploads\/2024\/04\/2-1536x864.png 1536w, https:\/\/www.fanprojekt-muenster.de\/wordpress\/wp-content\/uploads\/2024\/04\/2-2048x1152.png 2048w\" sizes=\"auto, (max-width: 1024px) 100vw, 1024px\" \/><\/figure>\n\n\n\n<figure class=\"wp-block-image size-large\"><img loading=\"lazy\" decoding=\"async\" width=\"576\" height=\"1024\" data-id=\"9195\" src=\"https:\/\/www.fanprojekt-muenster.de\/wordpress\/wp-content\/uploads\/2024\/04\/3-576x1024.png\" alt=\"\" class=\"wp-image-9195\" srcset=\"https:\/\/www.fanprojekt-muenster.de\/wordpress\/wp-content\/uploads\/2024\/04\/3-576x1024.png 576w, https:\/\/www.fanprojekt-muenster.de\/wordpress\/wp-content\/uploads\/2024\/04\/3-169x300.png 169w, https:\/\/www.fanprojekt-muenster.de\/wordpress\/wp-content\/uploads\/2024\/04\/3-768x1365.png 768w, https:\/\/www.fanprojekt-muenster.de\/wordpress\/wp-content\/uploads\/2024\/04\/3-864x1536.png 864w, https:\/\/www.fanprojekt-muenster.de\/wordpress\/wp-content\/uploads\/2024\/04\/3-1152x2048.png 1152w\" sizes=\"auto, (max-width: 576px) 100vw, 576px\" \/><\/figure>\n\n\n\n<figure class=\"wp-block-image size-large\"><img loading=\"lazy\" decoding=\"async\" width=\"3376\" height=\"6000\" data-id=\"9196\" src=\"https:\/\/www.fanprojekt-muenster.de\/wordpress\/wp-content\/uploads\/2024\/04\/4-576x1024.png\" alt=\"\" class=\"wp-image-9196\" srcset=\"https:\/\/www.fanprojekt-muenster.de\/wordpress\/wp-content\/uploads\/2024\/04\/4-576x1024.png 576w, https:\/\/www.fanprojekt-muenster.de\/wordpress\/wp-content\/uploads\/2024\/04\/4-169x300.png 169w, https:\/\/www.fanprojekt-muenster.de\/wordpress\/wp-content\/uploads\/2024\/04\/4-768x1365.png 768w, https:\/\/www.fanprojekt-muenster.de\/wordpress\/wp-content\/uploads\/2024\/04\/4-864x1536.png 864w, https:\/\/www.fanprojekt-muenster.de\/wordpress\/wp-content\/uploads\/2024\/04\/4-1152x2048.png 1152w\" sizes=\"auto, (max-width: 3376px) 100vw, 3376px\" \/><\/figure>\n\n\n\n<figure class=\"wp-block-image size-large\"><img loading=\"lazy\" decoding=\"async\" width=\"1024\" height=\"461\" data-id=\"9194\" src=\"https:\/\/www.fanprojekt-muenster.de\/wordpress\/wp-content\/uploads\/2024\/04\/5-1024x461.png\" alt=\"\" class=\"wp-image-9194\" srcset=\"https:\/\/www.fanprojekt-muenster.de\/wordpress\/wp-content\/uploads\/2024\/04\/5-1024x461.png 1024w, https:\/\/www.fanprojekt-muenster.de\/wordpress\/wp-content\/uploads\/2024\/04\/5-300x135.png 300w, https:\/\/www.fanprojekt-muenster.de\/wordpress\/wp-content\/uploads\/2024\/04\/5-768x345.png 768w, https:\/\/www.fanprojekt-muenster.de\/wordpress\/wp-content\/uploads\/2024\/04\/5-1536x691.png 1536w, https:\/\/www.fanprojekt-muenster.de\/wordpress\/wp-content\/uploads\/2024\/04\/5-2048x921.png 2048w\" sizes=\"auto, (max-width: 1024px) 100vw, 1024px\" \/><\/figure>\n\n\n\n<figure class=\"wp-block-image size-large\"><img loading=\"lazy\" decoding=\"async\" width=\"615\" height=\"1024\" data-id=\"9198\" src=\"https:\/\/www.fanprojekt-muenster.de\/wordpress\/wp-content\/uploads\/2024\/04\/6-615x1024.png\" alt=\"\" class=\"wp-image-9198\" srcset=\"https:\/\/www.fanprojekt-muenster.de\/wordpress\/wp-content\/uploads\/2024\/04\/6-615x1024.png 615w, https:\/\/www.fanprojekt-muenster.de\/wordpress\/wp-content\/uploads\/2024\/04\/6-180x300.png 180w, https:\/\/www.fanprojekt-muenster.de\/wordpress\/wp-content\/uploads\/2024\/04\/6-768x1279.png 768w, https:\/\/www.fanprojekt-muenster.de\/wordpress\/wp-content\/uploads\/2024\/04\/6-922x1536.png 922w, https:\/\/www.fanprojekt-muenster.de\/wordpress\/wp-content\/uploads\/2024\/04\/6-1230x2048.png 1230w\" sizes=\"auto, (max-width: 615px) 100vw, 615px\" \/><\/figure>\n\n\n\n<figure class=\"wp-block-image size-large\"><img loading=\"lazy\" decoding=\"async\" width=\"878\" height=\"1024\" data-id=\"9199\" src=\"https:\/\/www.fanprojekt-muenster.de\/wordpress\/wp-content\/uploads\/2024\/04\/7-878x1024.png\" alt=\"\" class=\"wp-image-9199\" srcset=\"https:\/\/www.fanprojekt-muenster.de\/wordpress\/wp-content\/uploads\/2024\/04\/7-878x1024.png 878w, https:\/\/www.fanprojekt-muenster.de\/wordpress\/wp-content\/uploads\/2024\/04\/7-257x300.png 257w, https:\/\/www.fanprojekt-muenster.de\/wordpress\/wp-content\/uploads\/2024\/04\/7-768x896.png 768w, https:\/\/www.fanprojekt-muenster.de\/wordpress\/wp-content\/uploads\/2024\/04\/7-1317x1536.png 1317w, https:\/\/www.fanprojekt-muenster.de\/wordpress\/wp-content\/uploads\/2024\/04\/7-1756x2048.png 1756w\" sizes=\"auto, (max-width: 878px) 100vw, 878px\" \/><\/figure>\n\n\n\n<figure class=\"wp-block-image size-large\"><img loading=\"lazy\" decoding=\"async\" width=\"592\" height=\"357\" data-id=\"9200\" src=\"https:\/\/www.fanprojekt-muenster.de\/wordpress\/wp-content\/uploads\/2024\/04\/Geometrie-Gravel-Rahmen.jpeg\" alt=\"\" class=\"wp-image-9200\" srcset=\"https:\/\/www.fanprojekt-muenster.de\/wordpress\/wp-content\/uploads\/2024\/04\/Geometrie-Gravel-Rahmen.jpeg 592w, https:\/\/www.fanprojekt-muenster.de\/wordpress\/wp-content\/uploads\/2024\/04\/Geometrie-Gravel-Rahmen-300x181.jpeg 300w, https:\/\/www.fanprojekt-muenster.de\/wordpress\/wp-content\/uploads\/2024\/04\/Geometrie-Gravel-Rahmen-576x346.jpeg 576w\" sizes=\"auto, (max-width: 592px) 100vw, 592px\" \/><\/figure>\n<\/figure>\n","protected":false},"excerpt":{"rendered":"<p>Ersteigere ein exklusives Leeze Gravel-Bike mit Sonderlackierung im Preu\u00dfen M\u00fcnster-Design! Die Fangemeinschaft schlie\u00dft mit der angelaufenen Versteigerung die Spendenaktion aus dem Dezember 2023 ab. Knapp 20.000 Euro sind mittlerweile zusammengekommen,&#8230; <a class=\"read-more-link\" href=\"https:\/\/www.fanprojekt-muenster.de\/wordpress\/fangemeinschaft-radversteigerung-schliesst-spendenaktion-ab\/\">Read more &raquo;<\/a><\/p>\n","protected":false},"author":11,"featured_media":9212,"comment_status":"closed","ping_status":"open","sticky":false,"template":"","format":"standard","meta":{"advgb_blocks_editor_width":"","advgb_blocks_columns_visual_guide":"","footnotes":""},"categories":[1],"tags":[],"class_list":["post-9191","post","type-post","status-publish","format-standard","has-post-thumbnail","hentry","category-allgemein"],"featured_image_src":"https:\/\/www.fanprojekt-muenster.de\/wordpress\/wp-content\/uploads\/2024\/04\/WhatsApp-Image-2024-04-18-at-21.00.16-scaled.jpeg","author_info":{"display_name":"Julius","author_link":"https:\/\/www.fanprojekt-muenster.de\/wordpress\/author\/juliush\/"},"yoast_head":"<!-- This site is optimized with the Yoast SEO plugin v27.2 - https:\/\/yoast.com\/product\/yoast-seo-wordpress\/ -->\n<title>Radversteigerung schlie\u00dft Spendenaktion ab - Fangemeinschaft Preu\u00dfen M\u00fcnster e. V.<\/title>\n<meta name=\"robots\" content=\"index, follow, max-snippet:-1, max-image-preview:large, max-video-preview:-1\" \/>\n<link rel=\"canonical\" href=\"https:\/\/www.fanprojekt-muenster.de\/wordpress\/fangemeinschaft-radversteigerung-schliesst-spendenaktion-ab\/\" \/>\n<meta property=\"og:locale\" content=\"de_DE\" \/>\n<meta property=\"og:type\" content=\"article\" \/>\n<meta property=\"og:title\" content=\"Radversteigerung schlie\u00dft Spendenaktion ab - Fangemeinschaft Preu\u00dfen M\u00fcnster e. V.\" \/>\n<meta property=\"og:description\" content=\"Ersteigere ein exklusives Leeze Gravel-Bike mit Sonderlackierung im Preu\u00dfen M\u00fcnster-Design! Die Fangemeinschaft schlie\u00dft mit der angelaufenen Versteigerung die Spendenaktion aus dem Dezember 2023 ab. Knapp 20.000 Euro sind mittlerweile zusammengekommen,... Read more &raquo;\" \/>\n<meta property=\"og:url\" content=\"https:\/\/www.fanprojekt-muenster.de\/wordpress\/fangemeinschaft-radversteigerung-schliesst-spendenaktion-ab\/\" \/>\n<meta property=\"og:site_name\" content=\"Fangemeinschaft Preu\u00dfen M\u00fcnster e. V.\" \/>\n<meta property=\"article:published_time\" content=\"2024-04-18T18:42:46+00:00\" \/>\n<meta property=\"article:modified_time\" content=\"2024-04-18T19:28:06+00:00\" \/>\n<meta property=\"og:image\" content=\"https:\/\/www.fanprojekt-muenster.de\/wordpress\/wp-content\/uploads\/2024\/04\/WhatsApp-Image-2024-04-18-at-21.00.16-scaled.jpeg\" \/>\n\t<meta property=\"og:image:width\" content=\"2560\" \/>\n\t<meta property=\"og:image:height\" content=\"1938\" \/>\n\t<meta property=\"og:image:type\" content=\"image\/jpeg\" \/>\n<meta name=\"author\" content=\"Julius\" \/>\n<meta name=\"twitter:card\" content=\"summary_large_image\" \/>\n<meta name=\"twitter:label1\" content=\"Verfasst von\" \/>\n\t<meta name=\"twitter:data1\" content=\"Julius\" \/>\n\t<meta name=\"twitter:label2\" content=\"Gesch\u00e4tzte Lesezeit\" \/>\n\t<meta name=\"twitter:data2\" content=\"5\u00a0Minuten\" \/>\n<script type=\"application\/ld+json\" class=\"yoast-schema-graph\">{\"@context\":\"https:\/\/schema.org\",\"@graph\":[{\"@type\":\"Article\",\"@id\":\"https:\/\/www.fanprojekt-muenster.de\/wordpress\/fangemeinschaft-radversteigerung-schliesst-spendenaktion-ab\/#article\",\"isPartOf\":{\"@id\":\"https:\/\/www.fanprojekt-muenster.de\/wordpress\/fangemeinschaft-radversteigerung-schliesst-spendenaktion-ab\/\"},\"author\":{\"name\":\"Julius\",\"@id\":\"https:\/\/www.fanprojekt-muenster.de\/wordpress\/#\/schema\/person\/d6f23c25f1746fe09de1ce0642a01dc0\"},\"headline\":\"Radversteigerung schlie\u00dft Spendenaktion ab\",\"datePublished\":\"2024-04-18T18:42:46+00:00\",\"dateModified\":\"2024-04-18T19:28:06+00:00\",\"mainEntityOfPage\":{\"@id\":\"https:\/\/www.fanprojekt-muenster.de\/wordpress\/fangemeinschaft-radversteigerung-schliesst-spendenaktion-ab\/\"},\"wordCount\":386,\"publisher\":{\"@id\":\"https:\/\/www.fanprojekt-muenster.de\/wordpress\/#organization\"},\"image\":{\"@id\":\"https:\/\/www.fanprojekt-muenster.de\/wordpress\/fangemeinschaft-radversteigerung-schliesst-spendenaktion-ab\/#primaryimage\"},\"thumbnailUrl\":\"https:\/\/www.fanprojekt-muenster.de\/wordpress\/wp-content\/uploads\/2024\/04\/WhatsApp-Image-2024-04-18-at-21.00.16-scaled.jpeg\",\"inLanguage\":\"de\"},{\"@type\":\"WebPage\",\"@id\":\"https:\/\/www.fanprojekt-muenster.de\/wordpress\/fangemeinschaft-radversteigerung-schliesst-spendenaktion-ab\/\",\"url\":\"https:\/\/www.fanprojekt-muenster.de\/wordpress\/fangemeinschaft-radversteigerung-schliesst-spendenaktion-ab\/\",\"name\":\"Radversteigerung schlie\u00dft Spendenaktion ab - Fangemeinschaft Preu\u00dfen M\u00fcnster e. V.\",\"isPartOf\":{\"@id\":\"https:\/\/www.fanprojekt-muenster.de\/wordpress\/#website\"},\"primaryImageOfPage\":{\"@id\":\"https:\/\/www.fanprojekt-muenster.de\/wordpress\/fangemeinschaft-radversteigerung-schliesst-spendenaktion-ab\/#primaryimage\"},\"image\":{\"@id\":\"https:\/\/www.fanprojekt-muenster.de\/wordpress\/fangemeinschaft-radversteigerung-schliesst-spendenaktion-ab\/#primaryimage\"},\"thumbnailUrl\":\"https:\/\/www.fanprojekt-muenster.de\/wordpress\/wp-content\/uploads\/2024\/04\/WhatsApp-Image-2024-04-18-at-21.00.16-scaled.jpeg\",\"datePublished\":\"2024-04-18T18:42:46+00:00\",\"dateModified\":\"2024-04-18T19:28:06+00:00\",\"breadcrumb\":{\"@id\":\"https:\/\/www.fanprojekt-muenster.de\/wordpress\/fangemeinschaft-radversteigerung-schliesst-spendenaktion-ab\/#breadcrumb\"},\"inLanguage\":\"de\",\"potentialAction\":[{\"@type\":\"ReadAction\",\"target\":[\"https:\/\/www.fanprojekt-muenster.de\/wordpress\/fangemeinschaft-radversteigerung-schliesst-spendenaktion-ab\/\"]}]},{\"@type\":\"ImageObject\",\"inLanguage\":\"de\",\"@id\":\"https:\/\/www.fanprojekt-muenster.de\/wordpress\/fangemeinschaft-radversteigerung-schliesst-spendenaktion-ab\/#primaryimage\",\"url\":\"https:\/\/www.fanprojekt-muenster.de\/wordpress\/wp-content\/uploads\/2024\/04\/WhatsApp-Image-2024-04-18-at-21.00.16-scaled.jpeg\",\"contentUrl\":\"https:\/\/www.fanprojekt-muenster.de\/wordpress\/wp-content\/uploads\/2024\/04\/WhatsApp-Image-2024-04-18-at-21.00.16-scaled.jpeg\",\"width\":2560,\"height\":1938},{\"@type\":\"BreadcrumbList\",\"@id\":\"https:\/\/www.fanprojekt-muenster.de\/wordpress\/fangemeinschaft-radversteigerung-schliesst-spendenaktion-ab\/#breadcrumb\",\"itemListElement\":[{\"@type\":\"ListItem\",\"position\":1,\"name\":\"Startseite\",\"item\":\"https:\/\/www.fanprojekt-muenster.de\/wordpress\/\"},{\"@type\":\"ListItem\",\"position\":2,\"name\":\"Radversteigerung schlie\u00dft Spendenaktion ab\"}]},{\"@type\":\"WebSite\",\"@id\":\"https:\/\/www.fanprojekt-muenster.de\/wordpress\/#website\",\"url\":\"https:\/\/www.fanprojekt-muenster.de\/wordpress\/\",\"name\":\"Fangemeinschaft Preu\u00dfen M\u00fcnster e. V.\",\"description\":\"\",\"publisher\":{\"@id\":\"https:\/\/www.fanprojekt-muenster.de\/wordpress\/#organization\"},\"potentialAction\":[{\"@type\":\"SearchAction\",\"target\":{\"@type\":\"EntryPoint\",\"urlTemplate\":\"https:\/\/www.fanprojekt-muenster.de\/wordpress\/?s={search_term_string}\"},\"query-input\":{\"@type\":\"PropertyValueSpecification\",\"valueRequired\":true,\"valueName\":\"search_term_string\"}}],\"inLanguage\":\"de\"},{\"@type\":\"Organization\",\"@id\":\"https:\/\/www.fanprojekt-muenster.de\/wordpress\/#organization\",\"name\":\"Fangemeinschaft Preu\u00dfen M\u00fcnster e. V.\",\"url\":\"https:\/\/www.fanprojekt-muenster.de\/wordpress\/\",\"logo\":{\"@type\":\"ImageObject\",\"inLanguage\":\"de\",\"@id\":\"https:\/\/www.fanprojekt-muenster.de\/wordpress\/#\/schema\/logo\/image\/\",\"url\":\"https:\/\/www.fanprojekt-muenster.de\/wordpress\/wp-content\/uploads\/2019\/07\/cropped-Website_Logo3-9.png\",\"contentUrl\":\"https:\/\/www.fanprojekt-muenster.de\/wordpress\/wp-content\/uploads\/2019\/07\/cropped-Website_Logo3-9.png\",\"width\":224,\"height\":42,\"caption\":\"Fangemeinschaft Preu\u00dfen M\u00fcnster e. V.\"},\"image\":{\"@id\":\"https:\/\/www.fanprojekt-muenster.de\/wordpress\/#\/schema\/logo\/image\/\"}},{\"@type\":\"Person\",\"@id\":\"https:\/\/www.fanprojekt-muenster.de\/wordpress\/#\/schema\/person\/d6f23c25f1746fe09de1ce0642a01dc0\",\"name\":\"Julius\",\"url\":\"https:\/\/www.fanprojekt-muenster.de\/wordpress\/author\/juliush\/\"}]}<\/script>\n<!-- \/ Yoast SEO plugin. -->","yoast_head_json":{"title":"Radversteigerung schlie\u00dft Spendenaktion ab - Fangemeinschaft Preu\u00dfen M\u00fcnster e. V.","robots":{"index":"index","follow":"follow","max-snippet":"max-snippet:-1","max-image-preview":"max-image-preview:large","max-video-preview":"max-video-preview:-1"},"canonical":"https:\/\/www.fanprojekt-muenster.de\/wordpress\/fangemeinschaft-radversteigerung-schliesst-spendenaktion-ab\/","og_locale":"de_DE","og_type":"article","og_title":"Radversteigerung schlie\u00dft Spendenaktion ab - Fangemeinschaft Preu\u00dfen M\u00fcnster e. V.","og_description":"Ersteigere ein exklusives Leeze Gravel-Bike mit Sonderlackierung im Preu\u00dfen M\u00fcnster-Design! Die Fangemeinschaft schlie\u00dft mit der angelaufenen Versteigerung die Spendenaktion aus dem Dezember 2023 ab. Knapp 20.000 Euro sind mittlerweile zusammengekommen,... Read more &raquo;","og_url":"https:\/\/www.fanprojekt-muenster.de\/wordpress\/fangemeinschaft-radversteigerung-schliesst-spendenaktion-ab\/","og_site_name":"Fangemeinschaft Preu\u00dfen M\u00fcnster e. V.","article_published_time":"2024-04-18T18:42:46+00:00","article_modified_time":"2024-04-18T19:28:06+00:00","og_image":[{"width":2560,"height":1938,"url":"https:\/\/www.fanprojekt-muenster.de\/wordpress\/wp-content\/uploads\/2024\/04\/WhatsApp-Image-2024-04-18-at-21.00.16-scaled.jpeg","type":"image\/jpeg"}],"author":"Julius","twitter_card":"summary_large_image","twitter_misc":{"Verfasst von":"Julius","Gesch\u00e4tzte Lesezeit":"5\u00a0Minuten"},"schema":{"@context":"https:\/\/schema.org","@graph":[{"@type":"Article","@id":"https:\/\/www.fanprojekt-muenster.de\/wordpress\/fangemeinschaft-radversteigerung-schliesst-spendenaktion-ab\/#article","isPartOf":{"@id":"https:\/\/www.fanprojekt-muenster.de\/wordpress\/fangemeinschaft-radversteigerung-schliesst-spendenaktion-ab\/"},"author":{"name":"Julius","@id":"https:\/\/www.fanprojekt-muenster.de\/wordpress\/#\/schema\/person\/d6f23c25f1746fe09de1ce0642a01dc0"},"headline":"Radversteigerung schlie\u00dft Spendenaktion ab","datePublished":"2024-04-18T18:42:46+00:00","dateModified":"2024-04-18T19:28:06+00:00","mainEntityOfPage":{"@id":"https:\/\/www.fanprojekt-muenster.de\/wordpress\/fangemeinschaft-radversteigerung-schliesst-spendenaktion-ab\/"},"wordCount":386,"publisher":{"@id":"https:\/\/www.fanprojekt-muenster.de\/wordpress\/#organization"},"image":{"@id":"https:\/\/www.fanprojekt-muenster.de\/wordpress\/fangemeinschaft-radversteigerung-schliesst-spendenaktion-ab\/#primaryimage"},"thumbnailUrl":"https:\/\/www.fanprojekt-muenster.de\/wordpress\/wp-content\/uploads\/2024\/04\/WhatsApp-Image-2024-04-18-at-21.00.16-scaled.jpeg","inLanguage":"de"},{"@type":"WebPage","@id":"https:\/\/www.fanprojekt-muenster.de\/wordpress\/fangemeinschaft-radversteigerung-schliesst-spendenaktion-ab\/","url":"https:\/\/www.fanprojekt-muenster.de\/wordpress\/fangemeinschaft-radversteigerung-schliesst-spendenaktion-ab\/","name":"Radversteigerung schlie\u00dft Spendenaktion ab - Fangemeinschaft Preu\u00dfen M\u00fcnster e. V.","isPartOf":{"@id":"https:\/\/www.fanprojekt-muenster.de\/wordpress\/#website"},"primaryImageOfPage":{"@id":"https:\/\/www.fanprojekt-muenster.de\/wordpress\/fangemeinschaft-radversteigerung-schliesst-spendenaktion-ab\/#primaryimage"},"image":{"@id":"https:\/\/www.fanprojekt-muenster.de\/wordpress\/fangemeinschaft-radversteigerung-schliesst-spendenaktion-ab\/#primaryimage"},"thumbnailUrl":"https:\/\/www.fanprojekt-muenster.de\/wordpress\/wp-content\/uploads\/2024\/04\/WhatsApp-Image-2024-04-18-at-21.00.16-scaled.jpeg","datePublished":"2024-04-18T18:42:46+00:00","dateModified":"2024-04-18T19:28:06+00:00","breadcrumb":{"@id":"https:\/\/www.fanprojekt-muenster.de\/wordpress\/fangemeinschaft-radversteigerung-schliesst-spendenaktion-ab\/#breadcrumb"},"inLanguage":"de","potentialAction":[{"@type":"ReadAction","target":["https:\/\/www.fanprojekt-muenster.de\/wordpress\/fangemeinschaft-radversteigerung-schliesst-spendenaktion-ab\/"]}]},{"@type":"ImageObject","inLanguage":"de","@id":"https:\/\/www.fanprojekt-muenster.de\/wordpress\/fangemeinschaft-radversteigerung-schliesst-spendenaktion-ab\/#primaryimage","url":"https:\/\/www.fanprojekt-muenster.de\/wordpress\/wp-content\/uploads\/2024\/04\/WhatsApp-Image-2024-04-18-at-21.00.16-scaled.jpeg","contentUrl":"https:\/\/www.fanprojekt-muenster.de\/wordpress\/wp-content\/uploads\/2024\/04\/WhatsApp-Image-2024-04-18-at-21.00.16-scaled.jpeg","width":2560,"height":1938},{"@type":"BreadcrumbList","@id":"https:\/\/www.fanprojekt-muenster.de\/wordpress\/fangemeinschaft-radversteigerung-schliesst-spendenaktion-ab\/#breadcrumb","itemListElement":[{"@type":"ListItem","position":1,"name":"Startseite","item":"https:\/\/www.fanprojekt-muenster.de\/wordpress\/"},{"@type":"ListItem","position":2,"name":"Radversteigerung schlie\u00dft Spendenaktion ab"}]},{"@type":"WebSite","@id":"https:\/\/www.fanprojekt-muenster.de\/wordpress\/#website","url":"https:\/\/www.fanprojekt-muenster.de\/wordpress\/","name":"Fangemeinschaft Preu\u00dfen M\u00fcnster e. V.","description":"","publisher":{"@id":"https:\/\/www.fanprojekt-muenster.de\/wordpress\/#organization"},"potentialAction":[{"@type":"SearchAction","target":{"@type":"EntryPoint","urlTemplate":"https:\/\/www.fanprojekt-muenster.de\/wordpress\/?s={search_term_string}"},"query-input":{"@type":"PropertyValueSpecification","valueRequired":true,"valueName":"search_term_string"}}],"inLanguage":"de"},{"@type":"Organization","@id":"https:\/\/www.fanprojekt-muenster.de\/wordpress\/#organization","name":"Fangemeinschaft Preu\u00dfen M\u00fcnster e. V.","url":"https:\/\/www.fanprojekt-muenster.de\/wordpress\/","logo":{"@type":"ImageObject","inLanguage":"de","@id":"https:\/\/www.fanprojekt-muenster.de\/wordpress\/#\/schema\/logo\/image\/","url":"https:\/\/www.fanprojekt-muenster.de\/wordpress\/wp-content\/uploads\/2019\/07\/cropped-Website_Logo3-9.png","contentUrl":"https:\/\/www.fanprojekt-muenster.de\/wordpress\/wp-content\/uploads\/2019\/07\/cropped-Website_Logo3-9.png","width":224,"height":42,"caption":"Fangemeinschaft Preu\u00dfen M\u00fcnster e. V."},"image":{"@id":"https:\/\/www.fanprojekt-muenster.de\/wordpress\/#\/schema\/logo\/image\/"}},{"@type":"Person","@id":"https:\/\/www.fanprojekt-muenster.de\/wordpress\/#\/schema\/person\/d6f23c25f1746fe09de1ce0642a01dc0","name":"Julius","url":"https:\/\/www.fanprojekt-muenster.de\/wordpress\/author\/juliush\/"}]}},"author_meta":{"display_name":"Julius","author_link":"https:\/\/www.fanprojekt-muenster.de\/wordpress\/author\/juliush\/"},"featured_img":"https:\/\/www.fanprojekt-muenster.de\/wordpress\/wp-content\/uploads\/2024\/04\/WhatsApp-Image-2024-04-18-at-21.00.16-300x227.jpeg","coauthors":[],"tax_additional":{"categories":{"linked":["<a href=\"https:\/\/www.fanprojekt-muenster.de\/wordpress\/category\/allgemein\/\" class=\"advgb-post-tax-term\">Allgemein<\/a>"],"unlinked":["<span class=\"advgb-post-tax-term\">Allgemein<\/span>"]}},"comment_count":"0","relative_dates":{"created":"Posted 2\u00a0Jahren ago","modified":"Updated 2\u00a0Jahren ago"},"absolute_dates":{"created":"Posted on 18. April 2024","modified":"Updated on 18. April 2024"},"absolute_dates_time":{"created":"Posted on 18. April 2024 20:42","modified":"Updated on 18. April 2024 21:28"},"featured_img_caption":"","series_order":"","_links":{"self":[{"href":"https:\/\/www.fanprojekt-muenster.de\/wordpress\/wp-json\/wp\/v2\/posts\/9191","targetHints":{"allow":["GET"]}}],"collection":[{"href":"https:\/\/www.fanprojekt-muenster.de\/wordpress\/wp-json\/wp\/v2\/posts"}],"about":[{"href":"https:\/\/www.fanprojekt-muenster.de\/wordpress\/wp-json\/wp\/v2\/types\/post"}],"author":[{"embeddable":true,"href":"https:\/\/www.fanprojekt-muenster.de\/wordpress\/wp-json\/wp\/v2\/users\/11"}],"replies":[{"embeddable":true,"href":"https:\/\/www.fanprojekt-muenster.de\/wordpress\/wp-json\/wp\/v2\/comments?post=9191"}],"version-history":[{"count":8,"href":"https:\/\/www.fanprojekt-muenster.de\/wordpress\/wp-json\/wp\/v2\/posts\/9191\/revisions"}],"predecessor-version":[{"id":9216,"href":"https:\/\/www.fanprojekt-muenster.de\/wordpress\/wp-json\/wp\/v2\/posts\/9191\/revisions\/9216"}],"wp:featuredmedia":[{"embeddable":true,"href":"https:\/\/www.fanprojekt-muenster.de\/wordpress\/wp-json\/wp\/v2\/media\/9212"}],"wp:attachment":[{"href":"https:\/\/www.fanprojekt-muenster.de\/wordpress\/wp-json\/wp\/v2\/media?parent=9191"}],"wp:term":[{"taxonomy":"category","embeddable":true,"href":"https:\/\/www.fanprojekt-muenster.de\/wordpress\/wp-json\/wp\/v2\/categories?post=9191"},{"taxonomy":"post_tag","embeddable":true,"href":"https:\/\/www.fanprojekt-muenster.de\/wordpress\/wp-json\/wp\/v2\/tags?post=9191"}],"curies":[{"name":"wp","href":"https:\/\/api.w.org\/{rel}","templated":true}]}}