{"id":9170,"date":"2024-03-29T21:18:33","date_gmt":"2024-03-29T20:18:33","guid":{"rendered":"https:\/\/www.fanprojekt-muenster.de\/wordpress\/?p=9170"},"modified":"2024-03-29T21:24:57","modified_gmt":"2024-03-29T20:24:57","slug":"morgen-kartenvorverkauf-fuer-ulm-ab-jetzt-fg-stand-im-stadion","status":"publish","type":"post","link":"https:\/\/www.fanprojekt-muenster.de\/wordpress\/morgen-kartenvorverkauf-fuer-ulm-ab-jetzt-fg-stand-im-stadion\/","title":{"rendered":"Morgen: Kartenvorverkauf f\u00fcr Ulm +++ Ab jetzt: FG-Stand im Stadion"},"content":{"rendered":"\n<p>Wie bereits gestern vom SC Preu\u00dfen M\u00fcnster kommuniziert, wird morgen zwischen 10:00 und 11:30 Uhr an den Kassenh\u00e4uschen des Preussenstadions der Mitglieder-Vorverkauf f\u00fcr die wichtige Ausw\u00e4rtspartie in Ulm am Samstag, 13. April stattfinden. Neben Vereinsmitgliedern des SC Preu\u00dfen, erhalten auch Mitglieder der Fangemeinschaft ein Vorkaufsrecht. Als FG-Mitglied k\u00f6nnt ihr euch pro Person eine Karte sichern. Zum Nachweis haltet bitte euren Personalausweis bereit!<\/p>\n\n\n\n<p>Von nun an: Stand der Fangemeinschaft im Stadion<\/p>\n\n\n\n<p>Das Vorkaufsrecht f\u00fcr FG-Mitglieder zeigt es noch einmal deutlich: Eine Mitgliedschaft in der Fangemeinschaft lohnt sich. Die Mitgliedschaft kostet euch j\u00e4hrlich nur 12\u20ac. Mitglied k\u00f6nnt ihr entweder hier werden oder morgen ganz einfach am Stand der Fangemeinschaft. Ab morgen und f\u00fcr den Rest der Saison findet ihr unseren Stand als feste Anlaufstelle auf dem Vorplatz zum Stadion. Dort erhaltet ihr morgen erneut die Chance, Karten f\u00fcr den Vereinsgeburtstag am 30.04. in der Gastst\u00e4tte Vennemann zu erwerben.<\/p>\n","protected":false},"excerpt":{"rendered":"<p>Wie bereits gestern vom SC Preu\u00dfen M\u00fcnster kommuniziert, wird morgen zwischen 10:00 und 11:30 Uhr an den Kassenh\u00e4uschen des Preussenstadions der Mitglieder-Vorverkauf f\u00fcr die wichtige Ausw\u00e4rtspartie in Ulm am Samstag,&#8230; <a class=\"read-more-link\" href=\"https:\/\/www.fanprojekt-muenster.de\/wordpress\/morgen-kartenvorverkauf-fuer-ulm-ab-jetzt-fg-stand-im-stadion\/\">Read more &raquo;<\/a><\/p>\n","protected":false},"author":11,"featured_media":9171,"comment_status":"closed","ping_status":"open","sticky":false,"template":"","format":"standard","meta":{"advgb_blocks_editor_width":"","advgb_blocks_columns_visual_guide":"","footnotes":""},"categories":[1],"tags":[],"class_list":["post-9170","post","type-post","status-publish","format-standard","has-post-thumbnail","hentry","category-allgemein"],"featured_image_src":"https:\/\/www.fanprojekt-muenster.de\/wordpress\/wp-content\/uploads\/2024\/03\/VVK_Ulm.png","author_info":{"display_name":"Julius","author_link":"https:\/\/www.fanprojekt-muenster.de\/wordpress\/author\/juliush\/"},"yoast_head":"<!-- This site is optimized with the Yoast SEO plugin v27.2 - https:\/\/yoast.com\/product\/yoast-seo-wordpress\/ -->\n<title>Morgen: Kartenvorverkauf f\u00fcr Ulm +++ Ab jetzt: FG-Stand im Stadion - Fangemeinschaft Preu\u00dfen M\u00fcnster e. V.<\/title>\n<meta name=\"robots\" content=\"index, follow, max-snippet:-1, max-image-preview:large, max-video-preview:-1\" \/>\n<link rel=\"canonical\" href=\"https:\/\/www.fanprojekt-muenster.de\/wordpress\/morgen-kartenvorverkauf-fuer-ulm-ab-jetzt-fg-stand-im-stadion\/\" \/>\n<meta property=\"og:locale\" content=\"de_DE\" \/>\n<meta property=\"og:type\" content=\"article\" \/>\n<meta property=\"og:title\" content=\"Morgen: Kartenvorverkauf f\u00fcr Ulm +++ Ab jetzt: FG-Stand im Stadion - Fangemeinschaft Preu\u00dfen M\u00fcnster e. V.\" \/>\n<meta property=\"og:description\" content=\"Wie bereits gestern vom SC Preu\u00dfen M\u00fcnster kommuniziert, wird morgen zwischen 10:00 und 11:30 Uhr an den Kassenh\u00e4uschen des Preussenstadions der Mitglieder-Vorverkauf f\u00fcr die wichtige Ausw\u00e4rtspartie in Ulm am Samstag,... Read more &raquo;\" \/>\n<meta property=\"og:url\" content=\"https:\/\/www.fanprojekt-muenster.de\/wordpress\/morgen-kartenvorverkauf-fuer-ulm-ab-jetzt-fg-stand-im-stadion\/\" \/>\n<meta property=\"og:site_name\" content=\"Fangemeinschaft Preu\u00dfen M\u00fcnster e. V.\" \/>\n<meta property=\"article:published_time\" content=\"2024-03-29T20:18:33+00:00\" \/>\n<meta property=\"article:modified_time\" content=\"2024-03-29T20:24:57+00:00\" \/>\n<meta property=\"og:image\" content=\"https:\/\/www.fanprojekt-muenster.de\/wordpress\/wp-content\/uploads\/2024\/03\/VVK_Ulm.png\" \/>\n\t<meta property=\"og:image:width\" content=\"1280\" \/>\n\t<meta property=\"og:image:height\" content=\"720\" \/>\n\t<meta property=\"og:image:type\" content=\"image\/png\" \/>\n<meta name=\"author\" content=\"Julius\" \/>\n<meta name=\"twitter:card\" content=\"summary_large_image\" \/>\n<meta name=\"twitter:label1\" content=\"Verfasst von\" \/>\n\t<meta name=\"twitter:data1\" content=\"Julius\" \/>\n\t<meta name=\"twitter:label2\" content=\"Gesch\u00e4tzte Lesezeit\" \/>\n\t<meta name=\"twitter:data2\" content=\"2\u00a0Minuten\" \/>\n<script type=\"application\/ld+json\" class=\"yoast-schema-graph\">{\"@context\":\"https:\/\/schema.org\",\"@graph\":[{\"@type\":\"Article\",\"@id\":\"https:\/\/www.fanprojekt-muenster.de\/wordpress\/morgen-kartenvorverkauf-fuer-ulm-ab-jetzt-fg-stand-im-stadion\/#article\",\"isPartOf\":{\"@id\":\"https:\/\/www.fanprojekt-muenster.de\/wordpress\/morgen-kartenvorverkauf-fuer-ulm-ab-jetzt-fg-stand-im-stadion\/\"},\"author\":{\"name\":\"Julius\",\"@id\":\"https:\/\/www.fanprojekt-muenster.de\/wordpress\/#\/schema\/person\/d6f23c25f1746fe09de1ce0642a01dc0\"},\"headline\":\"Morgen: Kartenvorverkauf f\u00fcr Ulm +++ Ab jetzt: FG-Stand im Stadion\",\"datePublished\":\"2024-03-29T20:18:33+00:00\",\"dateModified\":\"2024-03-29T20:24:57+00:00\",\"mainEntityOfPage\":{\"@id\":\"https:\/\/www.fanprojekt-muenster.de\/wordpress\/morgen-kartenvorverkauf-fuer-ulm-ab-jetzt-fg-stand-im-stadion\/\"},\"wordCount\":164,\"publisher\":{\"@id\":\"https:\/\/www.fanprojekt-muenster.de\/wordpress\/#organization\"},\"image\":{\"@id\":\"https:\/\/www.fanprojekt-muenster.de\/wordpress\/morgen-kartenvorverkauf-fuer-ulm-ab-jetzt-fg-stand-im-stadion\/#primaryimage\"},\"thumbnailUrl\":\"https:\/\/www.fanprojekt-muenster.de\/wordpress\/wp-content\/uploads\/2024\/03\/VVK_Ulm.png\",\"inLanguage\":\"de\"},{\"@type\":\"WebPage\",\"@id\":\"https:\/\/www.fanprojekt-muenster.de\/wordpress\/morgen-kartenvorverkauf-fuer-ulm-ab-jetzt-fg-stand-im-stadion\/\",\"url\":\"https:\/\/www.fanprojekt-muenster.de\/wordpress\/morgen-kartenvorverkauf-fuer-ulm-ab-jetzt-fg-stand-im-stadion\/\",\"name\":\"Morgen: Kartenvorverkauf f\u00fcr Ulm +++ Ab jetzt: FG-Stand im Stadion - Fangemeinschaft Preu\u00dfen M\u00fcnster e. V.\",\"isPartOf\":{\"@id\":\"https:\/\/www.fanprojekt-muenster.de\/wordpress\/#website\"},\"primaryImageOfPage\":{\"@id\":\"https:\/\/www.fanprojekt-muenster.de\/wordpress\/morgen-kartenvorverkauf-fuer-ulm-ab-jetzt-fg-stand-im-stadion\/#primaryimage\"},\"image\":{\"@id\":\"https:\/\/www.fanprojekt-muenster.de\/wordpress\/morgen-kartenvorverkauf-fuer-ulm-ab-jetzt-fg-stand-im-stadion\/#primaryimage\"},\"thumbnailUrl\":\"https:\/\/www.fanprojekt-muenster.de\/wordpress\/wp-content\/uploads\/2024\/03\/VVK_Ulm.png\",\"datePublished\":\"2024-03-29T20:18:33+00:00\",\"dateModified\":\"2024-03-29T20:24:57+00:00\",\"breadcrumb\":{\"@id\":\"https:\/\/www.fanprojekt-muenster.de\/wordpress\/morgen-kartenvorverkauf-fuer-ulm-ab-jetzt-fg-stand-im-stadion\/#breadcrumb\"},\"inLanguage\":\"de\",\"potentialAction\":[{\"@type\":\"ReadAction\",\"target\":[\"https:\/\/www.fanprojekt-muenster.de\/wordpress\/morgen-kartenvorverkauf-fuer-ulm-ab-jetzt-fg-stand-im-stadion\/\"]}]},{\"@type\":\"ImageObject\",\"inLanguage\":\"de\",\"@id\":\"https:\/\/www.fanprojekt-muenster.de\/wordpress\/morgen-kartenvorverkauf-fuer-ulm-ab-jetzt-fg-stand-im-stadion\/#primaryimage\",\"url\":\"https:\/\/www.fanprojekt-muenster.de\/wordpress\/wp-content\/uploads\/2024\/03\/VVK_Ulm.png\",\"contentUrl\":\"https:\/\/www.fanprojekt-muenster.de\/wordpress\/wp-content\/uploads\/2024\/03\/VVK_Ulm.png\",\"width\":1280,\"height\":720},{\"@type\":\"BreadcrumbList\",\"@id\":\"https:\/\/www.fanprojekt-muenster.de\/wordpress\/morgen-kartenvorverkauf-fuer-ulm-ab-jetzt-fg-stand-im-stadion\/#breadcrumb\",\"itemListElement\":[{\"@type\":\"ListItem\",\"position\":1,\"name\":\"Startseite\",\"item\":\"https:\/\/www.fanprojekt-muenster.de\/wordpress\/\"},{\"@type\":\"ListItem\",\"position\":2,\"name\":\"Morgen: Kartenvorverkauf f\u00fcr Ulm +++ Ab jetzt: FG-Stand im Stadion\"}]},{\"@type\":\"WebSite\",\"@id\":\"https:\/\/www.fanprojekt-muenster.de\/wordpress\/#website\",\"url\":\"https:\/\/www.fanprojekt-muenster.de\/wordpress\/\",\"name\":\"Fangemeinschaft Preu\u00dfen M\u00fcnster e. V.\",\"description\":\"\",\"publisher\":{\"@id\":\"https:\/\/www.fanprojekt-muenster.de\/wordpress\/#organization\"},\"potentialAction\":[{\"@type\":\"SearchAction\",\"target\":{\"@type\":\"EntryPoint\",\"urlTemplate\":\"https:\/\/www.fanprojekt-muenster.de\/wordpress\/?s={search_term_string}\"},\"query-input\":{\"@type\":\"PropertyValueSpecification\",\"valueRequired\":true,\"valueName\":\"search_term_string\"}}],\"inLanguage\":\"de\"},{\"@type\":\"Organization\",\"@id\":\"https:\/\/www.fanprojekt-muenster.de\/wordpress\/#organization\",\"name\":\"Fangemeinschaft Preu\u00dfen M\u00fcnster e. V.\",\"url\":\"https:\/\/www.fanprojekt-muenster.de\/wordpress\/\",\"logo\":{\"@type\":\"ImageObject\",\"inLanguage\":\"de\",\"@id\":\"https:\/\/www.fanprojekt-muenster.de\/wordpress\/#\/schema\/logo\/image\/\",\"url\":\"https:\/\/www.fanprojekt-muenster.de\/wordpress\/wp-content\/uploads\/2019\/07\/cropped-Website_Logo3-9.png\",\"contentUrl\":\"https:\/\/www.fanprojekt-muenster.de\/wordpress\/wp-content\/uploads\/2019\/07\/cropped-Website_Logo3-9.png\",\"width\":224,\"height\":42,\"caption\":\"Fangemeinschaft Preu\u00dfen M\u00fcnster e. V.\"},\"image\":{\"@id\":\"https:\/\/www.fanprojekt-muenster.de\/wordpress\/#\/schema\/logo\/image\/\"}},{\"@type\":\"Person\",\"@id\":\"https:\/\/www.fanprojekt-muenster.de\/wordpress\/#\/schema\/person\/d6f23c25f1746fe09de1ce0642a01dc0\",\"name\":\"Julius\",\"url\":\"https:\/\/www.fanprojekt-muenster.de\/wordpress\/author\/juliush\/\"}]}<\/script>\n<!-- \/ Yoast SEO plugin. -->","yoast_head_json":{"title":"Morgen: Kartenvorverkauf f\u00fcr Ulm +++ Ab jetzt: FG-Stand im Stadion - Fangemeinschaft Preu\u00dfen M\u00fcnster e. V.","robots":{"index":"index","follow":"follow","max-snippet":"max-snippet:-1","max-image-preview":"max-image-preview:large","max-video-preview":"max-video-preview:-1"},"canonical":"https:\/\/www.fanprojekt-muenster.de\/wordpress\/morgen-kartenvorverkauf-fuer-ulm-ab-jetzt-fg-stand-im-stadion\/","og_locale":"de_DE","og_type":"article","og_title":"Morgen: Kartenvorverkauf f\u00fcr Ulm +++ Ab jetzt: FG-Stand im Stadion - Fangemeinschaft Preu\u00dfen M\u00fcnster e. V.","og_description":"Wie bereits gestern vom SC Preu\u00dfen M\u00fcnster kommuniziert, wird morgen zwischen 10:00 und 11:30 Uhr an den Kassenh\u00e4uschen des Preussenstadions der Mitglieder-Vorverkauf f\u00fcr die wichtige Ausw\u00e4rtspartie in Ulm am Samstag,... Read more &raquo;","og_url":"https:\/\/www.fanprojekt-muenster.de\/wordpress\/morgen-kartenvorverkauf-fuer-ulm-ab-jetzt-fg-stand-im-stadion\/","og_site_name":"Fangemeinschaft Preu\u00dfen M\u00fcnster e. V.","article_published_time":"2024-03-29T20:18:33+00:00","article_modified_time":"2024-03-29T20:24:57+00:00","og_image":[{"width":1280,"height":720,"url":"https:\/\/www.fanprojekt-muenster.de\/wordpress\/wp-content\/uploads\/2024\/03\/VVK_Ulm.png","type":"image\/png"}],"author":"Julius","twitter_card":"summary_large_image","twitter_misc":{"Verfasst von":"Julius","Gesch\u00e4tzte Lesezeit":"2\u00a0Minuten"},"schema":{"@context":"https:\/\/schema.org","@graph":[{"@type":"Article","@id":"https:\/\/www.fanprojekt-muenster.de\/wordpress\/morgen-kartenvorverkauf-fuer-ulm-ab-jetzt-fg-stand-im-stadion\/#article","isPartOf":{"@id":"https:\/\/www.fanprojekt-muenster.de\/wordpress\/morgen-kartenvorverkauf-fuer-ulm-ab-jetzt-fg-stand-im-stadion\/"},"author":{"name":"Julius","@id":"https:\/\/www.fanprojekt-muenster.de\/wordpress\/#\/schema\/person\/d6f23c25f1746fe09de1ce0642a01dc0"},"headline":"Morgen: Kartenvorverkauf f\u00fcr Ulm +++ Ab jetzt: FG-Stand im Stadion","datePublished":"2024-03-29T20:18:33+00:00","dateModified":"2024-03-29T20:24:57+00:00","mainEntityOfPage":{"@id":"https:\/\/www.fanprojekt-muenster.de\/wordpress\/morgen-kartenvorverkauf-fuer-ulm-ab-jetzt-fg-stand-im-stadion\/"},"wordCount":164,"publisher":{"@id":"https:\/\/www.fanprojekt-muenster.de\/wordpress\/#organization"},"image":{"@id":"https:\/\/www.fanprojekt-muenster.de\/wordpress\/morgen-kartenvorverkauf-fuer-ulm-ab-jetzt-fg-stand-im-stadion\/#primaryimage"},"thumbnailUrl":"https:\/\/www.fanprojekt-muenster.de\/wordpress\/wp-content\/uploads\/2024\/03\/VVK_Ulm.png","inLanguage":"de"},{"@type":"WebPage","@id":"https:\/\/www.fanprojekt-muenster.de\/wordpress\/morgen-kartenvorverkauf-fuer-ulm-ab-jetzt-fg-stand-im-stadion\/","url":"https:\/\/www.fanprojekt-muenster.de\/wordpress\/morgen-kartenvorverkauf-fuer-ulm-ab-jetzt-fg-stand-im-stadion\/","name":"Morgen: Kartenvorverkauf f\u00fcr Ulm +++ Ab jetzt: FG-Stand im Stadion - Fangemeinschaft Preu\u00dfen M\u00fcnster e. V.","isPartOf":{"@id":"https:\/\/www.fanprojekt-muenster.de\/wordpress\/#website"},"primaryImageOfPage":{"@id":"https:\/\/www.fanprojekt-muenster.de\/wordpress\/morgen-kartenvorverkauf-fuer-ulm-ab-jetzt-fg-stand-im-stadion\/#primaryimage"},"image":{"@id":"https:\/\/www.fanprojekt-muenster.de\/wordpress\/morgen-kartenvorverkauf-fuer-ulm-ab-jetzt-fg-stand-im-stadion\/#primaryimage"},"thumbnailUrl":"https:\/\/www.fanprojekt-muenster.de\/wordpress\/wp-content\/uploads\/2024\/03\/VVK_Ulm.png","datePublished":"2024-03-29T20:18:33+00:00","dateModified":"2024-03-29T20:24:57+00:00","breadcrumb":{"@id":"https:\/\/www.fanprojekt-muenster.de\/wordpress\/morgen-kartenvorverkauf-fuer-ulm-ab-jetzt-fg-stand-im-stadion\/#breadcrumb"},"inLanguage":"de","potentialAction":[{"@type":"ReadAction","target":["https:\/\/www.fanprojekt-muenster.de\/wordpress\/morgen-kartenvorverkauf-fuer-ulm-ab-jetzt-fg-stand-im-stadion\/"]}]},{"@type":"ImageObject","inLanguage":"de","@id":"https:\/\/www.fanprojekt-muenster.de\/wordpress\/morgen-kartenvorverkauf-fuer-ulm-ab-jetzt-fg-stand-im-stadion\/#primaryimage","url":"https:\/\/www.fanprojekt-muenster.de\/wordpress\/wp-content\/uploads\/2024\/03\/VVK_Ulm.png","contentUrl":"https:\/\/www.fanprojekt-muenster.de\/wordpress\/wp-content\/uploads\/2024\/03\/VVK_Ulm.png","width":1280,"height":720},{"@type":"BreadcrumbList","@id":"https:\/\/www.fanprojekt-muenster.de\/wordpress\/morgen-kartenvorverkauf-fuer-ulm-ab-jetzt-fg-stand-im-stadion\/#breadcrumb","itemListElement":[{"@type":"ListItem","position":1,"name":"Startseite","item":"https:\/\/www.fanprojekt-muenster.de\/wordpress\/"},{"@type":"ListItem","position":2,"name":"Morgen: Kartenvorverkauf f\u00fcr Ulm +++ Ab jetzt: FG-Stand im Stadion"}]},{"@type":"WebSite","@id":"https:\/\/www.fanprojekt-muenster.de\/wordpress\/#website","url":"https:\/\/www.fanprojekt-muenster.de\/wordpress\/","name":"Fangemeinschaft Preu\u00dfen M\u00fcnster e. V.","description":"","publisher":{"@id":"https:\/\/www.fanprojekt-muenster.de\/wordpress\/#organization"},"potentialAction":[{"@type":"SearchAction","target":{"@type":"EntryPoint","urlTemplate":"https:\/\/www.fanprojekt-muenster.de\/wordpress\/?s={search_term_string}"},"query-input":{"@type":"PropertyValueSpecification","valueRequired":true,"valueName":"search_term_string"}}],"inLanguage":"de"},{"@type":"Organization","@id":"https:\/\/www.fanprojekt-muenster.de\/wordpress\/#organization","name":"Fangemeinschaft Preu\u00dfen M\u00fcnster e. V.","url":"https:\/\/www.fanprojekt-muenster.de\/wordpress\/","logo":{"@type":"ImageObject","inLanguage":"de","@id":"https:\/\/www.fanprojekt-muenster.de\/wordpress\/#\/schema\/logo\/image\/","url":"https:\/\/www.fanprojekt-muenster.de\/wordpress\/wp-content\/uploads\/2019\/07\/cropped-Website_Logo3-9.png","contentUrl":"https:\/\/www.fanprojekt-muenster.de\/wordpress\/wp-content\/uploads\/2019\/07\/cropped-Website_Logo3-9.png","width":224,"height":42,"caption":"Fangemeinschaft Preu\u00dfen M\u00fcnster e. V."},"image":{"@id":"https:\/\/www.fanprojekt-muenster.de\/wordpress\/#\/schema\/logo\/image\/"}},{"@type":"Person","@id":"https:\/\/www.fanprojekt-muenster.de\/wordpress\/#\/schema\/person\/d6f23c25f1746fe09de1ce0642a01dc0","name":"Julius","url":"https:\/\/www.fanprojekt-muenster.de\/wordpress\/author\/juliush\/"}]}},"author_meta":{"display_name":"Julius","author_link":"https:\/\/www.fanprojekt-muenster.de\/wordpress\/author\/juliush\/"},"featured_img":"https:\/\/www.fanprojekt-muenster.de\/wordpress\/wp-content\/uploads\/2024\/03\/VVK_Ulm-300x169.png","coauthors":[],"tax_additional":{"categories":{"linked":["<a href=\"https:\/\/www.fanprojekt-muenster.de\/wordpress\/category\/allgemein\/\" class=\"advgb-post-tax-term\">Allgemein<\/a>"],"unlinked":["<span class=\"advgb-post-tax-term\">Allgemein<\/span>"]}},"comment_count":"0","relative_dates":{"created":"Posted 2\u00a0Jahren ago","modified":"Updated 2\u00a0Jahren ago"},"absolute_dates":{"created":"Posted on 29. M\u00e4rz 2024","modified":"Updated on 29. M\u00e4rz 2024"},"absolute_dates_time":{"created":"Posted on 29. M\u00e4rz 2024 21:18","modified":"Updated on 29. M\u00e4rz 2024 21:24"},"featured_img_caption":"","series_order":"","_links":{"self":[{"href":"https:\/\/www.fanprojekt-muenster.de\/wordpress\/wp-json\/wp\/v2\/posts\/9170","targetHints":{"allow":["GET"]}}],"collection":[{"href":"https:\/\/www.fanprojekt-muenster.de\/wordpress\/wp-json\/wp\/v2\/posts"}],"about":[{"href":"https:\/\/www.fanprojekt-muenster.de\/wordpress\/wp-json\/wp\/v2\/types\/post"}],"author":[{"embeddable":true,"href":"https:\/\/www.fanprojekt-muenster.de\/wordpress\/wp-json\/wp\/v2\/users\/11"}],"replies":[{"embeddable":true,"href":"https:\/\/www.fanprojekt-muenster.de\/wordpress\/wp-json\/wp\/v2\/comments?post=9170"}],"version-history":[{"count":4,"href":"https:\/\/www.fanprojekt-muenster.de\/wordpress\/wp-json\/wp\/v2\/posts\/9170\/revisions"}],"predecessor-version":[{"id":9175,"href":"https:\/\/www.fanprojekt-muenster.de\/wordpress\/wp-json\/wp\/v2\/posts\/9170\/revisions\/9175"}],"wp:featuredmedia":[{"embeddable":true,"href":"https:\/\/www.fanprojekt-muenster.de\/wordpress\/wp-json\/wp\/v2\/media\/9171"}],"wp:attachment":[{"href":"https:\/\/www.fanprojekt-muenster.de\/wordpress\/wp-json\/wp\/v2\/media?parent=9170"}],"wp:term":[{"taxonomy":"category","embeddable":true,"href":"https:\/\/www.fanprojekt-muenster.de\/wordpress\/wp-json\/wp\/v2\/categories?post=9170"},{"taxonomy":"post_tag","embeddable":true,"href":"https:\/\/www.fanprojekt-muenster.de\/wordpress\/wp-json\/wp\/v2\/tags?post=9170"}],"curies":[{"name":"wp","href":"https:\/\/api.w.org\/{rel}","templated":true}]}}