{"id":9157,"date":"2024-03-08T14:25:34","date_gmt":"2024-03-08T13:25:34","guid":{"rendered":"https:\/\/www.fanprojekt-muenster.de\/wordpress\/?p=9157"},"modified":"2024-03-08T14:47:08","modified_gmt":"2024-03-08T13:47:08","slug":"der-adler-wird-118-das-muss-gefeiert-werden","status":"publish","type":"post","link":"https:\/\/www.fanprojekt-muenster.de\/wordpress\/der-adler-wird-118-das-muss-gefeiert-werden\/","title":{"rendered":"Der Adler wird 118 \u2013 Das muss gefeiert werden"},"content":{"rendered":"\n<p><strong>Am 30. April feiert der SC Preu\u00dfen M\u00fcnster seinen Vereinsgeburtstag. Und es bereits zum 118. Mal. Das soll geb\u00fchrend im Biergarten Vennemann gefeiert werden.<\/strong><\/p>\n\n\n\n<figure class=\"wp-block-image size-medium is-resized\"><img loading=\"lazy\" decoding=\"async\" width=\"300\" height=\"218\" src=\"https:\/\/www.fanprojekt-muenster.de\/wordpress\/wp-content\/uploads\/2024\/03\/ff01575e-fc6a-4f73-a7f8-12b6cb9cf1c6-2-300x218.jpg\" alt=\"\" class=\"wp-image-9165\" style=\"width:850px;height:auto\" srcset=\"https:\/\/www.fanprojekt-muenster.de\/wordpress\/wp-content\/uploads\/2024\/03\/ff01575e-fc6a-4f73-a7f8-12b6cb9cf1c6-2-300x218.jpg 300w, https:\/\/www.fanprojekt-muenster.de\/wordpress\/wp-content\/uploads\/2024\/03\/ff01575e-fc6a-4f73-a7f8-12b6cb9cf1c6-2-1024x744.jpg 1024w, https:\/\/www.fanprojekt-muenster.de\/wordpress\/wp-content\/uploads\/2024\/03\/ff01575e-fc6a-4f73-a7f8-12b6cb9cf1c6-2-768x558.jpg 768w, https:\/\/www.fanprojekt-muenster.de\/wordpress\/wp-content\/uploads\/2024\/03\/ff01575e-fc6a-4f73-a7f8-12b6cb9cf1c6-2.jpg 1536w\" sizes=\"auto, (max-width: 300px) 100vw, 300px\" \/><\/figure>\n\n\n\n<p>Was bereits im vergangenen Jahr eine erfolgreiche Premiere erlebte, soll nun auch im Jahr 2024 wiederholt werden. F\u00fcr alle Preu\u00dfenfans soll am Preu\u00dfen-Geburtstag ab 18 Uhr im Biergarten Vennemann (Hammer Stra\u00dfe 460), nur ein paar Hundert Meter vom Preu\u00dfenstadion entfernt, gefeiert werden. Der Sch\u00fctzenk\u00f6nig oder die Sch\u00fctzenk\u00f6nigin wird dann beim \u201eSch\u00fctzenfest\u201c (nur f\u00fcr Vereins-Mitglieder) ab 19:06 Uhr ermittelt \u2013 und das zum Jubil\u00e4ums-tr\u00e4chtigen 50. Mal. Daneben sorgen verschiedene Aktionen und Musik von Stadionsprecher und DJ Martin \u201eKerni\u201c Kehrenberg f\u00fcr zus\u00e4tzliche Unterhaltung unter Flutlicht.<\/p>\n\n\n\n<p>Tickets f\u00fcr den Preu\u00dfen-Geburtstag sind ab dem morgigen Heimspiel gegen den Halleschen FC (ab 15 Uhr) am Fan-Container und ab Montag in den M\u00fcnster Arkaden erh\u00e4ltlich. Die Besucherzahl ist auf 250 Personen begrenzt. Im Vorverkauf kostet ein Ticket 10,00 Euro, an der Tageskasse 12,00 Euro. Darin sind bereits zwei Wertmarken enthalten. Kinder und Jugendliche unter 16 Jahren haben freien Eintritt.<\/p>\n","protected":false},"excerpt":{"rendered":"<p>Was bereits im vergangenen Jahr eine erfolgreiche Premiere erlebte, soll nun auch im Jahr 2024 wiederholt werden. F\u00fcr alle Preu\u00dfenfans soll am Preu\u00dfen-Geburtstag ab 18 Uhr im Biergarten Vennemann (Hammer Stra\u00dfe 460), nur ein paar Hundo, an der Tageskasse 12,00 Euro. Darin sind bereits zwei Wertmarken enthalten. Kinder und Jugendliche unter 16 Jahren haben freien Eintritt.<\/p>\n","protected":false},"author":11,"featured_media":9158,"comment_status":"closed","ping_status":"open","sticky":false,"template":"","format":"standard","meta":{"advgb_blocks_editor_width":"","advgb_blocks_columns_visual_guide":"","footnotes":""},"categories":[1],"tags":[],"class_list":["post-9157","post","type-post","status-publish","format-standard","has-post-thumbnail","hentry","category-allgemein"],"featured_image_src":"https:\/\/www.fanprojekt-muenster.de\/wordpress\/wp-content\/uploads\/2024\/03\/ff01575e-fc6a-4f73-a7f8-12b6cb9cf1c6.jpg","author_info":{"display_name":"Julius","author_link":"https:\/\/www.fanprojekt-muenster.de\/wordpress\/author\/juliush\/"},"yoast_head":"<!-- This site is optimized with the Yoast SEO plugin v27.2 - https:\/\/yoast.com\/product\/yoast-seo-wordpress\/ -->\n<title>Der Adler wird 118 \u2013 Das muss gefeiert werden - Fangemeinschaft Preu\u00dfen M\u00fcnster e. V.<\/title>\n<meta name=\"robots\" content=\"index, follow, max-snippet:-1, max-image-preview:large, max-video-preview:-1\" \/>\n<link rel=\"canonical\" href=\"https:\/\/www.fanprojekt-muenster.de\/wordpress\/der-adler-wird-118-das-muss-gefeiert-werden\/\" \/>\n<meta property=\"og:locale\" content=\"de_DE\" \/>\n<meta property=\"og:type\" content=\"article\" \/>\n<meta property=\"og:title\" content=\"Der Adler wird 118 \u2013 Das muss gefeiert werden - Fangemeinschaft Preu\u00dfen M\u00fcnster e. V.\" \/>\n<meta property=\"og:description\" content=\"Was bereits im vergangenen Jahr eine erfolgreiche Premiere erlebte, soll nun auch im Jahr 2024 wiederholt werden. F\u00fcr alle Preu\u00dfenfans soll am Preu\u00dfen-Geburtstag ab 18 Uhr im Biergarten Vennemann (Hammer Stra\u00dfe 460), nur ein paar Hundo, an der Tageskasse 12,00 Euro. Darin sind bereits zwei Wertmarken enthalten. Kinder und Jugendliche unter 16 Jahren haben freien Eintritt.\" \/>\n<meta property=\"og:url\" content=\"https:\/\/www.fanprojekt-muenster.de\/wordpress\/der-adler-wird-118-das-muss-gefeiert-werden\/\" \/>\n<meta property=\"og:site_name\" content=\"Fangemeinschaft Preu\u00dfen M\u00fcnster e. V.\" \/>\n<meta property=\"article:published_time\" content=\"2024-03-08T13:25:34+00:00\" \/>\n<meta property=\"article:modified_time\" content=\"2024-03-08T13:47:08+00:00\" \/>\n<meta property=\"og:image\" content=\"https:\/\/www.fanprojekt-muenster.de\/wordpress\/wp-content\/uploads\/2024\/03\/ff01575e-fc6a-4f73-a7f8-12b6cb9cf1c6.jpg\" \/>\n\t<meta property=\"og:image:width\" content=\"1536\" \/>\n\t<meta property=\"og:image:height\" content=\"2048\" \/>\n\t<meta property=\"og:image:type\" content=\"image\/jpeg\" \/>\n<meta name=\"author\" content=\"Julius\" \/>\n<meta name=\"twitter:card\" content=\"summary_large_image\" \/>\n<meta name=\"twitter:label1\" content=\"Verfasst von\" \/>\n\t<meta name=\"twitter:data1\" content=\"Julius\" \/>\n\t<meta name=\"twitter:label2\" content=\"Gesch\u00e4tzte Lesezeit\" \/>\n\t<meta name=\"twitter:data2\" content=\"2\u00a0Minuten\" \/>\n<script type=\"application\/ld+json\" class=\"yoast-schema-graph\">{\"@context\":\"https:\/\/schema.org\",\"@graph\":[{\"@type\":\"Article\",\"@id\":\"https:\/\/www.fanprojekt-muenster.de\/wordpress\/der-adler-wird-118-das-muss-gefeiert-werden\/#article\",\"isPartOf\":{\"@id\":\"https:\/\/www.fanprojekt-muenster.de\/wordpress\/der-adler-wird-118-das-muss-gefeiert-werden\/\"},\"author\":{\"name\":\"Julius\",\"@id\":\"https:\/\/www.fanprojekt-muenster.de\/wordpress\/#\/schema\/person\/d6f23c25f1746fe09de1ce0642a01dc0\"},\"headline\":\"Der Adler wird 118 \u2013 Das muss gefeiert werden\",\"datePublished\":\"2024-03-08T13:25:34+00:00\",\"dateModified\":\"2024-03-08T13:47:08+00:00\",\"mainEntityOfPage\":{\"@id\":\"https:\/\/www.fanprojekt-muenster.de\/wordpress\/der-adler-wird-118-das-muss-gefeiert-werden\/\"},\"wordCount\":183,\"publisher\":{\"@id\":\"https:\/\/www.fanprojekt-muenster.de\/wordpress\/#organization\"},\"image\":{\"@id\":\"https:\/\/www.fanprojekt-muenster.de\/wordpress\/der-adler-wird-118-das-muss-gefeiert-werden\/#primaryimage\"},\"thumbnailUrl\":\"https:\/\/www.fanprojekt-muenster.de\/wordpress\/wp-content\/uploads\/2024\/03\/ff01575e-fc6a-4f73-a7f8-12b6cb9cf1c6.jpg\",\"inLanguage\":\"de\"},{\"@type\":\"WebPage\",\"@id\":\"https:\/\/www.fanprojekt-muenster.de\/wordpress\/der-adler-wird-118-das-muss-gefeiert-werden\/\",\"url\":\"https:\/\/www.fanprojekt-muenster.de\/wordpress\/der-adler-wird-118-das-muss-gefeiert-werden\/\",\"name\":\"Der Adler wird 118 \u2013 Das muss gefeiert werden - Fangemeinschaft Preu\u00dfen M\u00fcnster e. V.\",\"isPartOf\":{\"@id\":\"https:\/\/www.fanprojekt-muenster.de\/wordpress\/#website\"},\"primaryImageOfPage\":{\"@id\":\"https:\/\/www.fanprojekt-muenster.de\/wordpress\/der-adler-wird-118-das-muss-gefeiert-werden\/#primaryimage\"},\"image\":{\"@id\":\"https:\/\/www.fanprojekt-muenster.de\/wordpress\/der-adler-wird-118-das-muss-gefeiert-werden\/#primaryimage\"},\"thumbnailUrl\":\"https:\/\/www.fanprojekt-muenster.de\/wordpress\/wp-content\/uploads\/2024\/03\/ff01575e-fc6a-4f73-a7f8-12b6cb9cf1c6.jpg\",\"datePublished\":\"2024-03-08T13:25:34+00:00\",\"dateModified\":\"2024-03-08T13:47:08+00:00\",\"breadcrumb\":{\"@id\":\"https:\/\/www.fanprojekt-muenster.de\/wordpress\/der-adler-wird-118-das-muss-gefeiert-werden\/#breadcrumb\"},\"inLanguage\":\"de\",\"potentialAction\":[{\"@type\":\"ReadAction\",\"target\":[\"https:\/\/www.fanprojekt-muenster.de\/wordpress\/der-adler-wird-118-das-muss-gefeiert-werden\/\"]}]},{\"@type\":\"ImageObject\",\"inLanguage\":\"de\",\"@id\":\"https:\/\/www.fanprojekt-muenster.de\/wordpress\/der-adler-wird-118-das-muss-gefeiert-werden\/#primaryimage\",\"url\":\"https:\/\/www.fanprojekt-muenster.de\/wordpress\/wp-content\/uploads\/2024\/03\/ff01575e-fc6a-4f73-a7f8-12b6cb9cf1c6.jpg\",\"contentUrl\":\"https:\/\/www.fanprojekt-muenster.de\/wordpress\/wp-content\/uploads\/2024\/03\/ff01575e-fc6a-4f73-a7f8-12b6cb9cf1c6.jpg\",\"width\":1536,\"height\":2048},{\"@type\":\"BreadcrumbList\",\"@id\":\"https:\/\/www.fanprojekt-muenster.de\/wordpress\/der-adler-wird-118-das-muss-gefeiert-werden\/#breadcrumb\",\"itemListElement\":[{\"@type\":\"ListItem\",\"position\":1,\"name\":\"Startseite\",\"item\":\"https:\/\/www.fanprojekt-muenster.de\/wordpress\/\"},{\"@type\":\"ListItem\",\"position\":2,\"name\":\"Der Adler wird 118 \u2013 Das muss gefeiert werden\"}]},{\"@type\":\"WebSite\",\"@id\":\"https:\/\/www.fanprojekt-muenster.de\/wordpress\/#website\",\"url\":\"https:\/\/www.fanprojekt-muenster.de\/wordpress\/\",\"name\":\"Fangemeinschaft Preu\u00dfen M\u00fcnster e. V.\",\"description\":\"\",\"publisher\":{\"@id\":\"https:\/\/www.fanprojekt-muenster.de\/wordpress\/#organization\"},\"potentialAction\":[{\"@type\":\"SearchAction\",\"target\":{\"@type\":\"EntryPoint\",\"urlTemplate\":\"https:\/\/www.fanprojekt-muenster.de\/wordpress\/?s={search_term_string}\"},\"query-input\":{\"@type\":\"PropertyValueSpecification\",\"valueRequired\":true,\"valueName\":\"search_term_string\"}}],\"inLanguage\":\"de\"},{\"@type\":\"Organization\",\"@id\":\"https:\/\/www.fanprojekt-muenster.de\/wordpress\/#organization\",\"name\":\"Fangemeinschaft Preu\u00dfen M\u00fcnster e. V.\",\"url\":\"https:\/\/www.fanprojekt-muenster.de\/wordpress\/\",\"logo\":{\"@type\":\"ImageObject\",\"inLanguage\":\"de\",\"@id\":\"https:\/\/www.fanprojekt-muenster.de\/wordpress\/#\/schema\/logo\/image\/\",\"url\":\"https:\/\/www.fanprojekt-muenster.de\/wordpress\/wp-content\/uploads\/2019\/07\/cropped-Website_Logo3-9.png\",\"contentUrl\":\"https:\/\/www.fanprojekt-muenster.de\/wordpress\/wp-content\/uploads\/2019\/07\/cropped-Website_Logo3-9.png\",\"width\":224,\"height\":42,\"caption\":\"Fangemeinschaft Preu\u00dfen M\u00fcnster e. V.\"},\"image\":{\"@id\":\"https:\/\/www.fanprojekt-muenster.de\/wordpress\/#\/schema\/logo\/image\/\"}},{\"@type\":\"Person\",\"@id\":\"https:\/\/www.fanprojekt-muenster.de\/wordpress\/#\/schema\/person\/d6f23c25f1746fe09de1ce0642a01dc0\",\"name\":\"Julius\",\"url\":\"https:\/\/www.fanprojekt-muenster.de\/wordpress\/author\/juliush\/\"}]}<\/script>\n<!-- \/ Yoast SEO plugin. -->","yoast_head_json":{"title":"Der Adler wird 118 \u2013 Das muss gefeiert werden - Fangemeinschaft Preu\u00dfen M\u00fcnster e. V.","robots":{"index":"index","follow":"follow","max-snippet":"max-snippet:-1","max-image-preview":"max-image-preview:large","max-video-preview":"max-video-preview:-1"},"canonical":"https:\/\/www.fanprojekt-muenster.de\/wordpress\/der-adler-wird-118-das-muss-gefeiert-werden\/","og_locale":"de_DE","og_type":"article","og_title":"Der Adler wird 118 \u2013 Das muss gefeiert werden - Fangemeinschaft Preu\u00dfen M\u00fcnster e. V.","og_description":"Was bereits im vergangenen Jahr eine erfolgreiche Premiere erlebte, soll nun auch im Jahr 2024 wiederholt werden. F\u00fcr alle Preu\u00dfenfans soll am Preu\u00dfen-Geburtstag ab 18 Uhr im Biergarten Vennemann (Hammer Stra\u00dfe 460), nur ein paar Hundo, an der Tageskasse 12,00 Euro. Darin sind bereits zwei Wertmarken enthalten. Kinder und Jugendliche unter 16 Jahren haben freien Eintritt.","og_url":"https:\/\/www.fanprojekt-muenster.de\/wordpress\/der-adler-wird-118-das-muss-gefeiert-werden\/","og_site_name":"Fangemeinschaft Preu\u00dfen M\u00fcnster e. V.","article_published_time":"2024-03-08T13:25:34+00:00","article_modified_time":"2024-03-08T13:47:08+00:00","og_image":[{"width":1536,"height":2048,"url":"https:\/\/www.fanprojekt-muenster.de\/wordpress\/wp-content\/uploads\/2024\/03\/ff01575e-fc6a-4f73-a7f8-12b6cb9cf1c6.jpg","type":"image\/jpeg"}],"author":"Julius","twitter_card":"summary_large_image","twitter_misc":{"Verfasst von":"Julius","Gesch\u00e4tzte Lesezeit":"2\u00a0Minuten"},"schema":{"@context":"https:\/\/schema.org","@graph":[{"@type":"Article","@id":"https:\/\/www.fanprojekt-muenster.de\/wordpress\/der-adler-wird-118-das-muss-gefeiert-werden\/#article","isPartOf":{"@id":"https:\/\/www.fanprojekt-muenster.de\/wordpress\/der-adler-wird-118-das-muss-gefeiert-werden\/"},"author":{"name":"Julius","@id":"https:\/\/www.fanprojekt-muenster.de\/wordpress\/#\/schema\/person\/d6f23c25f1746fe09de1ce0642a01dc0"},"headline":"Der Adler wird 118 \u2013 Das muss gefeiert werden","datePublished":"2024-03-08T13:25:34+00:00","dateModified":"2024-03-08T13:47:08+00:00","mainEntityOfPage":{"@id":"https:\/\/www.fanprojekt-muenster.de\/wordpress\/der-adler-wird-118-das-muss-gefeiert-werden\/"},"wordCount":183,"publisher":{"@id":"https:\/\/www.fanprojekt-muenster.de\/wordpress\/#organization"},"image":{"@id":"https:\/\/www.fanprojekt-muenster.de\/wordpress\/der-adler-wird-118-das-muss-gefeiert-werden\/#primaryimage"},"thumbnailUrl":"https:\/\/www.fanprojekt-muenster.de\/wordpress\/wp-content\/uploads\/2024\/03\/ff01575e-fc6a-4f73-a7f8-12b6cb9cf1c6.jpg","inLanguage":"de"},{"@type":"WebPage","@id":"https:\/\/www.fanprojekt-muenster.de\/wordpress\/der-adler-wird-118-das-muss-gefeiert-werden\/","url":"https:\/\/www.fanprojekt-muenster.de\/wordpress\/der-adler-wird-118-das-muss-gefeiert-werden\/","name":"Der Adler wird 118 \u2013 Das muss gefeiert werden - Fangemeinschaft Preu\u00dfen M\u00fcnster e. V.","isPartOf":{"@id":"https:\/\/www.fanprojekt-muenster.de\/wordpress\/#website"},"primaryImageOfPage":{"@id":"https:\/\/www.fanprojekt-muenster.de\/wordpress\/der-adler-wird-118-das-muss-gefeiert-werden\/#primaryimage"},"image":{"@id":"https:\/\/www.fanprojekt-muenster.de\/wordpress\/der-adler-wird-118-das-muss-gefeiert-werden\/#primaryimage"},"thumbnailUrl":"https:\/\/www.fanprojekt-muenster.de\/wordpress\/wp-content\/uploads\/2024\/03\/ff01575e-fc6a-4f73-a7f8-12b6cb9cf1c6.jpg","datePublished":"2024-03-08T13:25:34+00:00","dateModified":"2024-03-08T13:47:08+00:00","breadcrumb":{"@id":"https:\/\/www.fanprojekt-muenster.de\/wordpress\/der-adler-wird-118-das-muss-gefeiert-werden\/#breadcrumb"},"inLanguage":"de","potentialAction":[{"@type":"ReadAction","target":["https:\/\/www.fanprojekt-muenster.de\/wordpress\/der-adler-wird-118-das-muss-gefeiert-werden\/"]}]},{"@type":"ImageObject","inLanguage":"de","@id":"https:\/\/www.fanprojekt-muenster.de\/wordpress\/der-adler-wird-118-das-muss-gefeiert-werden\/#primaryimage","url":"https:\/\/www.fanprojekt-muenster.de\/wordpress\/wp-content\/uploads\/2024\/03\/ff01575e-fc6a-4f73-a7f8-12b6cb9cf1c6.jpg","contentUrl":"https:\/\/www.fanprojekt-muenster.de\/wordpress\/wp-content\/uploads\/2024\/03\/ff01575e-fc6a-4f73-a7f8-12b6cb9cf1c6.jpg","width":1536,"height":2048},{"@type":"BreadcrumbList","@id":"https:\/\/www.fanprojekt-muenster.de\/wordpress\/der-adler-wird-118-das-muss-gefeiert-werden\/#breadcrumb","itemListElement":[{"@type":"ListItem","position":1,"name":"Startseite","item":"https:\/\/www.fanprojekt-muenster.de\/wordpress\/"},{"@type":"ListItem","position":2,"name":"Der Adler wird 118 \u2013 Das muss gefeiert werden"}]},{"@type":"WebSite","@id":"https:\/\/www.fanprojekt-muenster.de\/wordpress\/#website","url":"https:\/\/www.fanprojekt-muenster.de\/wordpress\/","name":"Fangemeinschaft Preu\u00dfen M\u00fcnster e. V.","description":"","publisher":{"@id":"https:\/\/www.fanprojekt-muenster.de\/wordpress\/#organization"},"potentialAction":[{"@type":"SearchAction","target":{"@type":"EntryPoint","urlTemplate":"https:\/\/www.fanprojekt-muenster.de\/wordpress\/?s={search_term_string}"},"query-input":{"@type":"PropertyValueSpecification","valueRequired":true,"valueName":"search_term_string"}}],"inLanguage":"de"},{"@type":"Organization","@id":"https:\/\/www.fanprojekt-muenster.de\/wordpress\/#organization","name":"Fangemeinschaft Preu\u00dfen M\u00fcnster e. V.","url":"https:\/\/www.fanprojekt-muenster.de\/wordpress\/","logo":{"@type":"ImageObject","inLanguage":"de","@id":"https:\/\/www.fanprojekt-muenster.de\/wordpress\/#\/schema\/logo\/image\/","url":"https:\/\/www.fanprojekt-muenster.de\/wordpress\/wp-content\/uploads\/2019\/07\/cropped-Website_Logo3-9.png","contentUrl":"https:\/\/www.fanprojekt-muenster.de\/wordpress\/wp-content\/uploads\/2019\/07\/cropped-Website_Logo3-9.png","width":224,"height":42,"caption":"Fangemeinschaft Preu\u00dfen M\u00fcnster e. V."},"image":{"@id":"https:\/\/www.fanprojekt-muenster.de\/wordpress\/#\/schema\/logo\/image\/"}},{"@type":"Person","@id":"https:\/\/www.fanprojekt-muenster.de\/wordpress\/#\/schema\/person\/d6f23c25f1746fe09de1ce0642a01dc0","name":"Julius","url":"https:\/\/www.fanprojekt-muenster.de\/wordpress\/author\/juliush\/"}]}},"author_meta":{"display_name":"Julius","author_link":"https:\/\/www.fanprojekt-muenster.de\/wordpress\/author\/juliush\/"},"featured_img":"https:\/\/www.fanprojekt-muenster.de\/wordpress\/wp-content\/uploads\/2024\/03\/ff01575e-fc6a-4f73-a7f8-12b6cb9cf1c6-225x300.jpg","coauthors":[],"tax_additional":{"categories":{"linked":["<a href=\"https:\/\/www.fanprojekt-muenster.de\/wordpress\/category\/allgemein\/\" class=\"advgb-post-tax-term\">Allgemein<\/a>"],"unlinked":["<span class=\"advgb-post-tax-term\">Allgemein<\/span>"]}},"comment_count":"0","relative_dates":{"created":"Posted 2\u00a0Jahren ago","modified":"Updated 2\u00a0Jahren ago"},"absolute_dates":{"created":"Posted on 8. M\u00e4rz 2024","modified":"Updated on 8. M\u00e4rz 2024"},"absolute_dates_time":{"created":"Posted on 8. M\u00e4rz 2024 14:25","modified":"Updated on 8. M\u00e4rz 2024 14:47"},"featured_img_caption":"","series_order":"","_links":{"self":[{"href":"https:\/\/www.fanprojekt-muenster.de\/wordpress\/wp-json\/wp\/v2\/posts\/9157","targetHints":{"allow":["GET"]}}],"collection":[{"href":"https:\/\/www.fanprojekt-muenster.de\/wordpress\/wp-json\/wp\/v2\/posts"}],"about":[{"href":"https:\/\/www.fanprojekt-muenster.de\/wordpress\/wp-json\/wp\/v2\/types\/post"}],"author":[{"embeddable":true,"href":"https:\/\/www.fanprojekt-muenster.de\/wordpress\/wp-json\/wp\/v2\/users\/11"}],"replies":[{"embeddable":true,"href":"https:\/\/www.fanprojekt-muenster.de\/wordpress\/wp-json\/wp\/v2\/comments?post=9157"}],"version-history":[{"count":4,"href":"https:\/\/www.fanprojekt-muenster.de\/wordpress\/wp-json\/wp\/v2\/posts\/9157\/revisions"}],"predecessor-version":[{"id":9166,"href":"https:\/\/www.fanprojekt-muenster.de\/wordpress\/wp-json\/wp\/v2\/posts\/9157\/revisions\/9166"}],"wp:featuredmedia":[{"embeddable":true,"href":"https:\/\/www.fanprojekt-muenster.de\/wordpress\/wp-json\/wp\/v2\/media\/9158"}],"wp:attachment":[{"href":"https:\/\/www.fanprojekt-muenster.de\/wordpress\/wp-json\/wp\/v2\/media?parent=9157"}],"wp:term":[{"taxonomy":"category","embeddable":true,"href":"https:\/\/www.fanprojekt-muenster.de\/wordpress\/wp-json\/wp\/v2\/categories?post=9157"},{"taxonomy":"post_tag","embeddable":true,"href":"https:\/\/www.fanprojekt-muenster.de\/wordpress\/wp-json\/wp\/v2\/tags?post=9157"}],"curies":[{"name":"wp","href":"https:\/\/api.w.org\/{rel}","templated":true}]}}