{"id":9138,"date":"2024-01-22T12:53:42","date_gmt":"2024-01-22T11:53:42","guid":{"rendered":"https:\/\/www.fanprojekt-muenster.de\/wordpress\/?p=9138"},"modified":"2024-01-22T13:20:41","modified_gmt":"2024-01-22T12:20:41","slug":"gemeinsame-statement-von-fanhilfe-muenster-und-fangemeinschaft-preussen-muenster-viel-aerger-rund-um-das-derby-gegen-arminia-bielefeld","status":"publish","type":"post","link":"https:\/\/www.fanprojekt-muenster.de\/wordpress\/gemeinsame-statement-von-fanhilfe-muenster-und-fangemeinschaft-preussen-muenster-viel-aerger-rund-um-das-derby-gegen-arminia-bielefeld\/","title":{"rendered":"Gemeinsames Statement von Fanhilfe M\u00fcnster und Fangemeinschaft Preu\u00dfen M\u00fcnster: Viel \u00c4rger rund um das Derby gegen Arminia Bielefeld"},"content":{"rendered":"\n<p><strong>Katastrophale Einlasssituation tr\u00fcbt die Stimmung um den ersten Derbysieg im Jahr 2024<\/strong><\/p>\n\n\n\n<p>Der SC Preu\u00dfen hat Revanche genommen f\u00fcr die herbe 0:4-Klatsche im Hinspiel Mitte August 2023. Trotz einer leidenschaftlich und erfolgreich k\u00e4mpfenden Elf im Preu\u00dfenstadion m\u00fcssen wir Sonntagabend vor allem \u00fcber eine v\u00f6llig aus dem Ruder gelaufene Einlasssituation am Stadioneingang sprechen. Positiv, dass der Verein hier bereits am Sonntagabend mit einer Stellungnahme ein identisches <a href=\"https:\/\/scpreussen-muenster.de\/news\/einlasssituation-beim-derby-muss-mit-sicherheitsbehoerden-aufgearbeitet-werden\/\">Bild<\/a> unserer Wahrnehmung an den Einlasstoren wiedergegeben hat.<\/p>\n\n\n\n<p><em>Was war passiert? +++ Brenzlige Situation vor und hinter den Stadiontoren<\/em><\/p>\n\n\n\n<p>W\u00e4hrend das Spiel bereits einige Minuten lief, warteten noch hunderte Fans vor den Toren auf Einlass. Als Begr\u00fcndung wurde eine besondere polizeiliche Pr\u00e4senz im Bereich der Materialkontrolle genannt. Durch diese willk\u00fcrliche Ma\u00dfnahme verz\u00f6gerte sich der Einlass deutlich. \u00dcber nachr\u00fcckende Zuschauer auf dem Vorplatz und in einer immer hektischeren Stimmung agierte die Polizei ohne Absprache auf dem Vereinsgel\u00e4nde des SC Preu\u00dfen, sperrte Eing\u00e4nge, kesselte wahllos Preu\u00dfenfans ein, um sie wenig sp\u00e4ter dann doch wieder passieren zu lassen. Kurzum: Es regierte das Chaos in einer v\u00f6llig unkoordinierten Einlasssituation. Eine aggressive Polizeieinheit schwang sich dazu auf, Tickets zu kontrollieren und anlasslos Personalien aufzunehmen. Sichtlich \u00fcberfordert wurden in dieser Situation unterschiedliche Preu\u00dfenfans aus allen Teilen des Stadions von der Polizei gesto\u00dfen und bedroht. Nur der au\u00dferordentlichen Besonnenheit der Preu\u00dfenfans ist es zu verdanken, dass keine Massenpanik mit schlimmeren Folgen entstand. Vereinsvertreter von Preu\u00dfen M\u00fcnster, Fanszene, der FANport, die Fanhilfe und viele andere versuchten verzweifelt, die Situation zu entsch\u00e4rfen. Dies wurde aber vom Einsatzleiter abgelehnt, der bezeichnenderweise gar nicht vor Ort war und sein warmes B\u00fcro vorzog.<\/p>\n\n\n\n<p><em>Konsequenzen ziehen \u2013 vertrauensvolle Kommunikation hinterfragen<\/em><\/p>\n\n\n\n<p>F\u00fcr den Polizeieinsatz am Sonntag im Eingangsbereich des Preu\u00dfenstadions fehlt uns als Fangemeinschaft bzw. Fanhilfe jegliches Verst\u00e4ndnis. Am Ende bleibt die Frage nach dem Sinn der Ma\u00dfnahmen. Wir w\u00fcnschen uns, dass die Vereinsvertreter des SC Preu\u00dfen selbst intern Konsequenzen aus den Vorg\u00e4ngen ziehen und die Ereignisse aufgearbeitet werden. Das Vorgehen der Polizei muss kritisch hinterfragt werden. Der SC Preu\u00dfen sollte k\u00fcnftig auch gegen\u00fcber der Polizei konsequent vom eigenen Hausrecht Gebrauch machen. Unsere Forderung: Keine Polizei im Eingangsbereich des Stadions. Derbys und brisante Gegner werden auch zuk\u00fcnftig regelm\u00e4\u00dfig im Preu\u00dfenstadion stattfinden. Bei ausverkauften Spielen wird ein Andrang wie gestern regelm\u00e4\u00dfig entstehen. Bis zu einem erfolgreichen Stadionumbau werden die Rahmenbedingungen am Einlass weiterhin kompliziert sein. Gegen Rot Wei\u00df Essen darf sich am kommenden Sonntag ein \u00e4hnliches Vorgehen nicht wiederholen. Unser Dank gilt allen Personen, die mit Besonnenheit versucht haben, die Situation zu entspannen.<\/p>\n\n\n\n<p><em>Fanhilfe vermittelt<\/em> Ihr seid selbst zu Schaden gekommen oder habt konkrete Hinweise auf ein Fehlverhalten entdeckt und k\u00f6nnt es bezeugen? Dann wendet euch an die Fanhilfe unter der Mailadresse <a href=\"mailto:info@fanhilfe.ms\">info@fanhilfe.ms<\/a><\/p>\n\n\n\n<figure class=\"wp-block-gallery has-nested-images columns-default is-cropped wp-block-gallery-1 is-layout-flex wp-block-gallery-is-layout-flex\">\n<figure class=\"wp-block-image size-large\"><img loading=\"lazy\" decoding=\"async\" width=\"640\" height=\"480\" data-id=\"9141\" src=\"https:\/\/www.fanprojekt-muenster.de\/wordpress\/wp-content\/uploads\/2024\/01\/IMG_6613-1.jpg\" alt=\"\" class=\"wp-image-9141\" srcset=\"https:\/\/www.fanprojekt-muenster.de\/wordpress\/wp-content\/uploads\/2024\/01\/IMG_6613-1.jpg 640w, https:\/\/www.fanprojekt-muenster.de\/wordpress\/wp-content\/uploads\/2024\/01\/IMG_6613-1-300x225.jpg 300w, https:\/\/www.fanprojekt-muenster.de\/wordpress\/wp-content\/uploads\/2024\/01\/IMG_6613-1-576x432.jpg 576w\" sizes=\"auto, (max-width: 640px) 100vw, 640px\" \/><\/figure>\n\n\n\n<figure class=\"wp-block-image size-large\"><img loading=\"lazy\" decoding=\"async\" width=\"768\" height=\"1024\" data-id=\"9142\" src=\"https:\/\/www.fanprojekt-muenster.de\/wordpress\/wp-content\/uploads\/2024\/01\/09a9a7a2-d4b9-42d2-80d1-2c012cbfa5c7.jpg\" alt=\"\" class=\"wp-image-9142\" srcset=\"https:\/\/www.fanprojekt-muenster.de\/wordpress\/wp-content\/uploads\/2024\/01\/09a9a7a2-d4b9-42d2-80d1-2c012cbfa5c7.jpg 768w, https:\/\/www.fanprojekt-muenster.de\/wordpress\/wp-content\/uploads\/2024\/01\/09a9a7a2-d4b9-42d2-80d1-2c012cbfa5c7-225x300.jpg 225w\" sizes=\"auto, (max-width: 768px) 100vw, 768px\" \/><\/figure>\n<\/figure>\n","protected":false},"excerpt":{"rendered":"<p>Katastrophale Einlasssituation tr\u00fcbt die Stimmung um den ersten Derbysieg im Jahr 2024 Der SC Preu\u00dfen hat Revanche genommen f\u00fcr die herbe 0:4-Klatsche im Hinspiel Mitte August 2023. Trotz einer leidenschaftlich&#8230; <a class=\"read-more-link\" href=\"https:\/\/www.fanprojekt-muenster.de\/wordpress\/gemeinsame-statement-von-fanhilfe-muenster-und-fangemeinschaft-preussen-muenster-viel-aerger-rund-um-das-derby-gegen-arminia-bielefeld\/\">Read more &raquo;<\/a><\/p>\n","protected":false},"author":11,"featured_media":9142,"comment_status":"closed","ping_status":"open","sticky":false,"template":"","format":"standard","meta":{"advgb_blocks_editor_width":"","advgb_blocks_columns_visual_guide":"","footnotes":""},"categories":[1,313],"tags":[],"class_list":["post-9138","post","type-post","status-publish","format-standard","has-post-thumbnail","hentry","category-allgemein","category-fans"],"featured_image_src":"https:\/\/www.fanprojekt-muenster.de\/wordpress\/wp-content\/uploads\/2024\/01\/09a9a7a2-d4b9-42d2-80d1-2c012cbfa5c7.jpg","author_info":{"display_name":"Julius","author_link":"https:\/\/www.fanprojekt-muenster.de\/wordpress\/author\/juliush\/"},"yoast_head":"<!-- This site is optimized with the Yoast SEO plugin v27.2 - https:\/\/yoast.com\/product\/yoast-seo-wordpress\/ -->\n<title>Gemeinsames Statement von Fanhilfe M\u00fcnster und Fangemeinschaft Preu\u00dfen M\u00fcnster: Viel \u00c4rger rund um das Derby gegen Arminia Bielefeld - Fangemeinschaft Preu\u00dfen M\u00fcnster e. V.<\/title>\n<meta name=\"robots\" content=\"index, follow, max-snippet:-1, max-image-preview:large, max-video-preview:-1\" \/>\n<link rel=\"canonical\" href=\"https:\/\/www.fanprojekt-muenster.de\/wordpress\/gemeinsame-statement-von-fanhilfe-muenster-und-fangemeinschaft-preussen-muenster-viel-aerger-rund-um-das-derby-gegen-arminia-bielefeld\/\" \/>\n<meta property=\"og:locale\" content=\"de_DE\" \/>\n<meta property=\"og:type\" content=\"article\" \/>\n<meta property=\"og:title\" content=\"Gemeinsames Statement von Fanhilfe M\u00fcnster und Fangemeinschaft Preu\u00dfen M\u00fcnster: Viel \u00c4rger rund um das Derby gegen Arminia Bielefeld - Fangemeinschaft Preu\u00dfen M\u00fcnster e. V.\" \/>\n<meta property=\"og:description\" content=\"Katastrophale Einlasssituation tr\u00fcbt die Stimmung um den ersten Derbysieg im Jahr 2024 Der SC Preu\u00dfen hat Revanche genommen f\u00fcr die herbe 0:4-Klatsche im Hinspiel Mitte August 2023. Trotz einer leidenschaftlich... Read more &raquo;\" \/>\n<meta property=\"og:url\" content=\"https:\/\/www.fanprojekt-muenster.de\/wordpress\/gemeinsame-statement-von-fanhilfe-muenster-und-fangemeinschaft-preussen-muenster-viel-aerger-rund-um-das-derby-gegen-arminia-bielefeld\/\" \/>\n<meta property=\"og:site_name\" content=\"Fangemeinschaft Preu\u00dfen M\u00fcnster e. V.\" \/>\n<meta property=\"article:published_time\" content=\"2024-01-22T11:53:42+00:00\" \/>\n<meta property=\"article:modified_time\" content=\"2024-01-22T12:20:41+00:00\" \/>\n<meta property=\"og:image\" content=\"https:\/\/www.fanprojekt-muenster.de\/wordpress\/wp-content\/uploads\/2024\/01\/09a9a7a2-d4b9-42d2-80d1-2c012cbfa5c7.jpg\" \/>\n\t<meta property=\"og:image:width\" content=\"768\" \/>\n\t<meta property=\"og:image:height\" content=\"1024\" \/>\n\t<meta property=\"og:image:type\" content=\"image\/jpeg\" \/>\n<meta name=\"author\" content=\"Julius\" \/>\n<meta name=\"twitter:card\" content=\"summary_large_image\" \/>\n<meta name=\"twitter:label1\" content=\"Verfasst von\" \/>\n\t<meta name=\"twitter:data1\" content=\"Julius\" \/>\n\t<meta name=\"twitter:label2\" content=\"Gesch\u00e4tzte Lesezeit\" \/>\n\t<meta name=\"twitter:data2\" content=\"4\u00a0Minuten\" \/>\n<script type=\"application\/ld+json\" class=\"yoast-schema-graph\">{\"@context\":\"https:\/\/schema.org\",\"@graph\":[{\"@type\":\"Article\",\"@id\":\"https:\/\/www.fanprojekt-muenster.de\/wordpress\/gemeinsame-statement-von-fanhilfe-muenster-und-fangemeinschaft-preussen-muenster-viel-aerger-rund-um-das-derby-gegen-arminia-bielefeld\/#article\",\"isPartOf\":{\"@id\":\"https:\/\/www.fanprojekt-muenster.de\/wordpress\/gemeinsame-statement-von-fanhilfe-muenster-und-fangemeinschaft-preussen-muenster-viel-aerger-rund-um-das-derby-gegen-arminia-bielefeld\/\"},\"author\":{\"name\":\"Julius\",\"@id\":\"https:\/\/www.fanprojekt-muenster.de\/wordpress\/#\/schema\/person\/d6f23c25f1746fe09de1ce0642a01dc0\"},\"headline\":\"Gemeinsames Statement von Fanhilfe M\u00fcnster und Fangemeinschaft Preu\u00dfen M\u00fcnster: Viel \u00c4rger rund um das Derby gegen Arminia Bielefeld\",\"datePublished\":\"2024-01-22T11:53:42+00:00\",\"dateModified\":\"2024-01-22T12:20:41+00:00\",\"mainEntityOfPage\":{\"@id\":\"https:\/\/www.fanprojekt-muenster.de\/wordpress\/gemeinsame-statement-von-fanhilfe-muenster-und-fangemeinschaft-preussen-muenster-viel-aerger-rund-um-das-derby-gegen-arminia-bielefeld\/\"},\"wordCount\":495,\"publisher\":{\"@id\":\"https:\/\/www.fanprojekt-muenster.de\/wordpress\/#organization\"},\"image\":{\"@id\":\"https:\/\/www.fanprojekt-muenster.de\/wordpress\/gemeinsame-statement-von-fanhilfe-muenster-und-fangemeinschaft-preussen-muenster-viel-aerger-rund-um-das-derby-gegen-arminia-bielefeld\/#primaryimage\"},\"thumbnailUrl\":\"https:\/\/www.fanprojekt-muenster.de\/wordpress\/wp-content\/uploads\/2024\/01\/09a9a7a2-d4b9-42d2-80d1-2c012cbfa5c7.jpg\",\"articleSection\":{\"1\":\"Fans\"},\"inLanguage\":\"de\"},{\"@type\":\"WebPage\",\"@id\":\"https:\/\/www.fanprojekt-muenster.de\/wordpress\/gemeinsame-statement-von-fanhilfe-muenster-und-fangemeinschaft-preussen-muenster-viel-aerger-rund-um-das-derby-gegen-arminia-bielefeld\/\",\"url\":\"https:\/\/www.fanprojekt-muenster.de\/wordpress\/gemeinsame-statement-von-fanhilfe-muenster-und-fangemeinschaft-preussen-muenster-viel-aerger-rund-um-das-derby-gegen-arminia-bielefeld\/\",\"name\":\"Gemeinsames Statement von Fanhilfe M\u00fcnster und Fangemeinschaft Preu\u00dfen M\u00fcnster: Viel \u00c4rger rund um das Derby gegen Arminia Bielefeld - Fangemeinschaft Preu\u00dfen M\u00fcnster e. V.\",\"isPartOf\":{\"@id\":\"https:\/\/www.fanprojekt-muenster.de\/wordpress\/#website\"},\"primaryImageOfPage\":{\"@id\":\"https:\/\/www.fanprojekt-muenster.de\/wordpress\/gemeinsame-statement-von-fanhilfe-muenster-und-fangemeinschaft-preussen-muenster-viel-aerger-rund-um-das-derby-gegen-arminia-bielefeld\/#primaryimage\"},\"image\":{\"@id\":\"https:\/\/www.fanprojekt-muenster.de\/wordpress\/gemeinsame-statement-von-fanhilfe-muenster-und-fangemeinschaft-preussen-muenster-viel-aerger-rund-um-das-derby-gegen-arminia-bielefeld\/#primaryimage\"},\"thumbnailUrl\":\"https:\/\/www.fanprojekt-muenster.de\/wordpress\/wp-content\/uploads\/2024\/01\/09a9a7a2-d4b9-42d2-80d1-2c012cbfa5c7.jpg\",\"datePublished\":\"2024-01-22T11:53:42+00:00\",\"dateModified\":\"2024-01-22T12:20:41+00:00\",\"breadcrumb\":{\"@id\":\"https:\/\/www.fanprojekt-muenster.de\/wordpress\/gemeinsame-statement-von-fanhilfe-muenster-und-fangemeinschaft-preussen-muenster-viel-aerger-rund-um-das-derby-gegen-arminia-bielefeld\/#breadcrumb\"},\"inLanguage\":\"de\",\"potentialAction\":[{\"@type\":\"ReadAction\",\"target\":[\"https:\/\/www.fanprojekt-muenster.de\/wordpress\/gemeinsame-statement-von-fanhilfe-muenster-und-fangemeinschaft-preussen-muenster-viel-aerger-rund-um-das-derby-gegen-arminia-bielefeld\/\"]}]},{\"@type\":\"ImageObject\",\"inLanguage\":\"de\",\"@id\":\"https:\/\/www.fanprojekt-muenster.de\/wordpress\/gemeinsame-statement-von-fanhilfe-muenster-und-fangemeinschaft-preussen-muenster-viel-aerger-rund-um-das-derby-gegen-arminia-bielefeld\/#primaryimage\",\"url\":\"https:\/\/www.fanprojekt-muenster.de\/wordpress\/wp-content\/uploads\/2024\/01\/09a9a7a2-d4b9-42d2-80d1-2c012cbfa5c7.jpg\",\"contentUrl\":\"https:\/\/www.fanprojekt-muenster.de\/wordpress\/wp-content\/uploads\/2024\/01\/09a9a7a2-d4b9-42d2-80d1-2c012cbfa5c7.jpg\",\"width\":768,\"height\":1024},{\"@type\":\"BreadcrumbList\",\"@id\":\"https:\/\/www.fanprojekt-muenster.de\/wordpress\/gemeinsame-statement-von-fanhilfe-muenster-und-fangemeinschaft-preussen-muenster-viel-aerger-rund-um-das-derby-gegen-arminia-bielefeld\/#breadcrumb\",\"itemListElement\":[{\"@type\":\"ListItem\",\"position\":1,\"name\":\"Startseite\",\"item\":\"https:\/\/www.fanprojekt-muenster.de\/wordpress\/\"},{\"@type\":\"ListItem\",\"position\":2,\"name\":\"Gemeinsames Statement von Fanhilfe M\u00fcnster und Fangemeinschaft Preu\u00dfen M\u00fcnster: Viel \u00c4rger rund um das Derby gegen Arminia Bielefeld\"}]},{\"@type\":\"WebSite\",\"@id\":\"https:\/\/www.fanprojekt-muenster.de\/wordpress\/#website\",\"url\":\"https:\/\/www.fanprojekt-muenster.de\/wordpress\/\",\"name\":\"Fangemeinschaft Preu\u00dfen M\u00fcnster e. V.\",\"description\":\"\",\"publisher\":{\"@id\":\"https:\/\/www.fanprojekt-muenster.de\/wordpress\/#organization\"},\"potentialAction\":[{\"@type\":\"SearchAction\",\"target\":{\"@type\":\"EntryPoint\",\"urlTemplate\":\"https:\/\/www.fanprojekt-muenster.de\/wordpress\/?s={search_term_string}\"},\"query-input\":{\"@type\":\"PropertyValueSpecification\",\"valueRequired\":true,\"valueName\":\"search_term_string\"}}],\"inLanguage\":\"de\"},{\"@type\":\"Organization\",\"@id\":\"https:\/\/www.fanprojekt-muenster.de\/wordpress\/#organization\",\"name\":\"Fangemeinschaft Preu\u00dfen M\u00fcnster e. V.\",\"url\":\"https:\/\/www.fanprojekt-muenster.de\/wordpress\/\",\"logo\":{\"@type\":\"ImageObject\",\"inLanguage\":\"de\",\"@id\":\"https:\/\/www.fanprojekt-muenster.de\/wordpress\/#\/schema\/logo\/image\/\",\"url\":\"https:\/\/www.fanprojekt-muenster.de\/wordpress\/wp-content\/uploads\/2019\/07\/cropped-Website_Logo3-9.png\",\"contentUrl\":\"https:\/\/www.fanprojekt-muenster.de\/wordpress\/wp-content\/uploads\/2019\/07\/cropped-Website_Logo3-9.png\",\"width\":224,\"height\":42,\"caption\":\"Fangemeinschaft Preu\u00dfen M\u00fcnster e. V.\"},\"image\":{\"@id\":\"https:\/\/www.fanprojekt-muenster.de\/wordpress\/#\/schema\/logo\/image\/\"}},{\"@type\":\"Person\",\"@id\":\"https:\/\/www.fanprojekt-muenster.de\/wordpress\/#\/schema\/person\/d6f23c25f1746fe09de1ce0642a01dc0\",\"name\":\"Julius\",\"url\":\"https:\/\/www.fanprojekt-muenster.de\/wordpress\/author\/juliush\/\"}]}<\/script>\n<!-- \/ Yoast SEO plugin. -->","yoast_head_json":{"title":"Gemeinsames Statement von Fanhilfe M\u00fcnster und Fangemeinschaft Preu\u00dfen M\u00fcnster: Viel \u00c4rger rund um das Derby gegen Arminia Bielefeld - Fangemeinschaft Preu\u00dfen M\u00fcnster e. V.","robots":{"index":"index","follow":"follow","max-snippet":"max-snippet:-1","max-image-preview":"max-image-preview:large","max-video-preview":"max-video-preview:-1"},"canonical":"https:\/\/www.fanprojekt-muenster.de\/wordpress\/gemeinsame-statement-von-fanhilfe-muenster-und-fangemeinschaft-preussen-muenster-viel-aerger-rund-um-das-derby-gegen-arminia-bielefeld\/","og_locale":"de_DE","og_type":"article","og_title":"Gemeinsames Statement von Fanhilfe M\u00fcnster und Fangemeinschaft Preu\u00dfen M\u00fcnster: Viel \u00c4rger rund um das Derby gegen Arminia Bielefeld - Fangemeinschaft Preu\u00dfen M\u00fcnster e. V.","og_description":"Katastrophale Einlasssituation tr\u00fcbt die Stimmung um den ersten Derbysieg im Jahr 2024 Der SC Preu\u00dfen hat Revanche genommen f\u00fcr die herbe 0:4-Klatsche im Hinspiel Mitte August 2023. Trotz einer leidenschaftlich... Read more &raquo;","og_url":"https:\/\/www.fanprojekt-muenster.de\/wordpress\/gemeinsame-statement-von-fanhilfe-muenster-und-fangemeinschaft-preussen-muenster-viel-aerger-rund-um-das-derby-gegen-arminia-bielefeld\/","og_site_name":"Fangemeinschaft Preu\u00dfen M\u00fcnster e. V.","article_published_time":"2024-01-22T11:53:42+00:00","article_modified_time":"2024-01-22T12:20:41+00:00","og_image":[{"width":768,"height":1024,"url":"https:\/\/www.fanprojekt-muenster.de\/wordpress\/wp-content\/uploads\/2024\/01\/09a9a7a2-d4b9-42d2-80d1-2c012cbfa5c7.jpg","type":"image\/jpeg"}],"author":"Julius","twitter_card":"summary_large_image","twitter_misc":{"Verfasst von":"Julius","Gesch\u00e4tzte Lesezeit":"4\u00a0Minuten"},"schema":{"@context":"https:\/\/schema.org","@graph":[{"@type":"Article","@id":"https:\/\/www.fanprojekt-muenster.de\/wordpress\/gemeinsame-statement-von-fanhilfe-muenster-und-fangemeinschaft-preussen-muenster-viel-aerger-rund-um-das-derby-gegen-arminia-bielefeld\/#article","isPartOf":{"@id":"https:\/\/www.fanprojekt-muenster.de\/wordpress\/gemeinsame-statement-von-fanhilfe-muenster-und-fangemeinschaft-preussen-muenster-viel-aerger-rund-um-das-derby-gegen-arminia-bielefeld\/"},"author":{"name":"Julius","@id":"https:\/\/www.fanprojekt-muenster.de\/wordpress\/#\/schema\/person\/d6f23c25f1746fe09de1ce0642a01dc0"},"headline":"Gemeinsames Statement von Fanhilfe M\u00fcnster und Fangemeinschaft Preu\u00dfen M\u00fcnster: Viel \u00c4rger rund um das Derby gegen Arminia Bielefeld","datePublished":"2024-01-22T11:53:42+00:00","dateModified":"2024-01-22T12:20:41+00:00","mainEntityOfPage":{"@id":"https:\/\/www.fanprojekt-muenster.de\/wordpress\/gemeinsame-statement-von-fanhilfe-muenster-und-fangemeinschaft-preussen-muenster-viel-aerger-rund-um-das-derby-gegen-arminia-bielefeld\/"},"wordCount":495,"publisher":{"@id":"https:\/\/www.fanprojekt-muenster.de\/wordpress\/#organization"},"image":{"@id":"https:\/\/www.fanprojekt-muenster.de\/wordpress\/gemeinsame-statement-von-fanhilfe-muenster-und-fangemeinschaft-preussen-muenster-viel-aerger-rund-um-das-derby-gegen-arminia-bielefeld\/#primaryimage"},"thumbnailUrl":"https:\/\/www.fanprojekt-muenster.de\/wordpress\/wp-content\/uploads\/2024\/01\/09a9a7a2-d4b9-42d2-80d1-2c012cbfa5c7.jpg","articleSection":{"1":"Fans"},"inLanguage":"de"},{"@type":"WebPage","@id":"https:\/\/www.fanprojekt-muenster.de\/wordpress\/gemeinsame-statement-von-fanhilfe-muenster-und-fangemeinschaft-preussen-muenster-viel-aerger-rund-um-das-derby-gegen-arminia-bielefeld\/","url":"https:\/\/www.fanprojekt-muenster.de\/wordpress\/gemeinsame-statement-von-fanhilfe-muenster-und-fangemeinschaft-preussen-muenster-viel-aerger-rund-um-das-derby-gegen-arminia-bielefeld\/","name":"Gemeinsames Statement von Fanhilfe M\u00fcnster und Fangemeinschaft Preu\u00dfen M\u00fcnster: Viel \u00c4rger rund um das Derby gegen Arminia Bielefeld - Fangemeinschaft Preu\u00dfen M\u00fcnster e. V.","isPartOf":{"@id":"https:\/\/www.fanprojekt-muenster.de\/wordpress\/#website"},"primaryImageOfPage":{"@id":"https:\/\/www.fanprojekt-muenster.de\/wordpress\/gemeinsame-statement-von-fanhilfe-muenster-und-fangemeinschaft-preussen-muenster-viel-aerger-rund-um-das-derby-gegen-arminia-bielefeld\/#primaryimage"},"image":{"@id":"https:\/\/www.fanprojekt-muenster.de\/wordpress\/gemeinsame-statement-von-fanhilfe-muenster-und-fangemeinschaft-preussen-muenster-viel-aerger-rund-um-das-derby-gegen-arminia-bielefeld\/#primaryimage"},"thumbnailUrl":"https:\/\/www.fanprojekt-muenster.de\/wordpress\/wp-content\/uploads\/2024\/01\/09a9a7a2-d4b9-42d2-80d1-2c012cbfa5c7.jpg","datePublished":"2024-01-22T11:53:42+00:00","dateModified":"2024-01-22T12:20:41+00:00","breadcrumb":{"@id":"https:\/\/www.fanprojekt-muenster.de\/wordpress\/gemeinsame-statement-von-fanhilfe-muenster-und-fangemeinschaft-preussen-muenster-viel-aerger-rund-um-das-derby-gegen-arminia-bielefeld\/#breadcrumb"},"inLanguage":"de","potentialAction":[{"@type":"ReadAction","target":["https:\/\/www.fanprojekt-muenster.de\/wordpress\/gemeinsame-statement-von-fanhilfe-muenster-und-fangemeinschaft-preussen-muenster-viel-aerger-rund-um-das-derby-gegen-arminia-bielefeld\/"]}]},{"@type":"ImageObject","inLanguage":"de","@id":"https:\/\/www.fanprojekt-muenster.de\/wordpress\/gemeinsame-statement-von-fanhilfe-muenster-und-fangemeinschaft-preussen-muenster-viel-aerger-rund-um-das-derby-gegen-arminia-bielefeld\/#primaryimage","url":"https:\/\/www.fanprojekt-muenster.de\/wordpress\/wp-content\/uploads\/2024\/01\/09a9a7a2-d4b9-42d2-80d1-2c012cbfa5c7.jpg","contentUrl":"https:\/\/www.fanprojekt-muenster.de\/wordpress\/wp-content\/uploads\/2024\/01\/09a9a7a2-d4b9-42d2-80d1-2c012cbfa5c7.jpg","width":768,"height":1024},{"@type":"BreadcrumbList","@id":"https:\/\/www.fanprojekt-muenster.de\/wordpress\/gemeinsame-statement-von-fanhilfe-muenster-und-fangemeinschaft-preussen-muenster-viel-aerger-rund-um-das-derby-gegen-arminia-bielefeld\/#breadcrumb","itemListElement":[{"@type":"ListItem","position":1,"name":"Startseite","item":"https:\/\/www.fanprojekt-muenster.de\/wordpress\/"},{"@type":"ListItem","position":2,"name":"Gemeinsames Statement von Fanhilfe M\u00fcnster und Fangemeinschaft Preu\u00dfen M\u00fcnster: Viel \u00c4rger rund um das Derby gegen Arminia Bielefeld"}]},{"@type":"WebSite","@id":"https:\/\/www.fanprojekt-muenster.de\/wordpress\/#website","url":"https:\/\/www.fanprojekt-muenster.de\/wordpress\/","name":"Fangemeinschaft Preu\u00dfen M\u00fcnster e. V.","description":"","publisher":{"@id":"https:\/\/www.fanprojekt-muenster.de\/wordpress\/#organization"},"potentialAction":[{"@type":"SearchAction","target":{"@type":"EntryPoint","urlTemplate":"https:\/\/www.fanprojekt-muenster.de\/wordpress\/?s={search_term_string}"},"query-input":{"@type":"PropertyValueSpecification","valueRequired":true,"valueName":"search_term_string"}}],"inLanguage":"de"},{"@type":"Organization","@id":"https:\/\/www.fanprojekt-muenster.de\/wordpress\/#organization","name":"Fangemeinschaft Preu\u00dfen M\u00fcnster e. V.","url":"https:\/\/www.fanprojekt-muenster.de\/wordpress\/","logo":{"@type":"ImageObject","inLanguage":"de","@id":"https:\/\/www.fanprojekt-muenster.de\/wordpress\/#\/schema\/logo\/image\/","url":"https:\/\/www.fanprojekt-muenster.de\/wordpress\/wp-content\/uploads\/2019\/07\/cropped-Website_Logo3-9.png","contentUrl":"https:\/\/www.fanprojekt-muenster.de\/wordpress\/wp-content\/uploads\/2019\/07\/cropped-Website_Logo3-9.png","width":224,"height":42,"caption":"Fangemeinschaft Preu\u00dfen M\u00fcnster e. V."},"image":{"@id":"https:\/\/www.fanprojekt-muenster.de\/wordpress\/#\/schema\/logo\/image\/"}},{"@type":"Person","@id":"https:\/\/www.fanprojekt-muenster.de\/wordpress\/#\/schema\/person\/d6f23c25f1746fe09de1ce0642a01dc0","name":"Julius","url":"https:\/\/www.fanprojekt-muenster.de\/wordpress\/author\/juliush\/"}]}},"author_meta":{"display_name":"Julius","author_link":"https:\/\/www.fanprojekt-muenster.de\/wordpress\/author\/juliush\/"},"featured_img":"https:\/\/www.fanprojekt-muenster.de\/wordpress\/wp-content\/uploads\/2024\/01\/09a9a7a2-d4b9-42d2-80d1-2c012cbfa5c7-225x300.jpg","coauthors":[],"tax_additional":{"categories":{"linked":["<a href=\"https:\/\/www.fanprojekt-muenster.de\/wordpress\/category\/allgemein\/\" class=\"advgb-post-tax-term\">Allgemein<\/a>","<a href=\"https:\/\/www.fanprojekt-muenster.de\/wordpress\/category\/fans\/\" class=\"advgb-post-tax-term\">Fans<\/a>"],"unlinked":["<span class=\"advgb-post-tax-term\">Allgemein<\/span>","<span class=\"advgb-post-tax-term\">Fans<\/span>"]}},"comment_count":"1","relative_dates":{"created":"Posted 2\u00a0Jahren ago","modified":"Updated 2\u00a0Jahren ago"},"absolute_dates":{"created":"Posted on 22. Januar 2024","modified":"Updated on 22. Januar 2024"},"absolute_dates_time":{"created":"Posted on 22. Januar 2024 12:53","modified":"Updated on 22. Januar 2024 13:20"},"featured_img_caption":"","series_order":"","_links":{"self":[{"href":"https:\/\/www.fanprojekt-muenster.de\/wordpress\/wp-json\/wp\/v2\/posts\/9138","targetHints":{"allow":["GET"]}}],"collection":[{"href":"https:\/\/www.fanprojekt-muenster.de\/wordpress\/wp-json\/wp\/v2\/posts"}],"about":[{"href":"https:\/\/www.fanprojekt-muenster.de\/wordpress\/wp-json\/wp\/v2\/types\/post"}],"author":[{"embeddable":true,"href":"https:\/\/www.fanprojekt-muenster.de\/wordpress\/wp-json\/wp\/v2\/users\/11"}],"replies":[{"embeddable":true,"href":"https:\/\/www.fanprojekt-muenster.de\/wordpress\/wp-json\/wp\/v2\/comments?post=9138"}],"version-history":[{"count":5,"href":"https:\/\/www.fanprojekt-muenster.de\/wordpress\/wp-json\/wp\/v2\/posts\/9138\/revisions"}],"predecessor-version":[{"id":9147,"href":"https:\/\/www.fanprojekt-muenster.de\/wordpress\/wp-json\/wp\/v2\/posts\/9138\/revisions\/9147"}],"wp:featuredmedia":[{"embeddable":true,"href":"https:\/\/www.fanprojekt-muenster.de\/wordpress\/wp-json\/wp\/v2\/media\/9142"}],"wp:attachment":[{"href":"https:\/\/www.fanprojekt-muenster.de\/wordpress\/wp-json\/wp\/v2\/media?parent=9138"}],"wp:term":[{"taxonomy":"category","embeddable":true,"href":"https:\/\/www.fanprojekt-muenster.de\/wordpress\/wp-json\/wp\/v2\/categories?post=9138"},{"taxonomy":"post_tag","embeddable":true,"href":"https:\/\/www.fanprojekt-muenster.de\/wordpress\/wp-json\/wp\/v2\/tags?post=9138"}],"curies":[{"name":"wp","href":"https:\/\/api.w.org\/{rel}","templated":true}]}}