{"id":9097,"date":"2023-12-28T20:05:42","date_gmt":"2023-12-28T19:05:42","guid":{"rendered":"https:\/\/www.fanprojekt-muenster.de\/wordpress\/?p=9097"},"modified":"2023-12-28T20:08:44","modified_gmt":"2023-12-28T19:08:44","slug":"die-ersten-fuenfzig-tage-der-neuen-fangemeinschaft-ein-rueckblick","status":"publish","type":"post","link":"https:\/\/www.fanprojekt-muenster.de\/wordpress\/die-ersten-fuenfzig-tage-der-neuen-fangemeinschaft-ein-rueckblick\/","title":{"rendered":"+++ Die ersten f\u00fcnfzig Tage der neuen Fangemeinschaft: Ein R\u00fcckblick +++"},"content":{"rendered":"\n<p>Vor rund neun Wochen hat sich die Fangemeinschaft, so der neue Name des ehemaligen Fanprojekts, neu aufgestellt. Seitdem hat sich schon einiges getan. Mit dem Sonderzug nach Saarbr\u00fccken, der Spendenaktion zur DFB-Strafe und dem j\u00e4hrlichen Weihnachtsmarkt konnten einige Highlights gesetzt werden. Im Jahr 2024 planen wir weitere Aktionen \u2026<\/p>\n\n\n\n<p><strong>Spendenaktion zur DFB-Strafe<\/strong><\/p>\n\n\n\n<p>Zusammen mit Preu\u00dfenfans aus allen Bereichen des Stadions wurden seit November diverse Aktionen gestartet, um den SC Preu\u00dfen M\u00fcnster bez\u00fcglich der DFB-Strafe nach dem Pokalspiel gegen Bayern M\u00fcnchen zu unterst\u00fctzen. Bisher wurden schon \u00fcber <strong>16.000 Euro<\/strong> auf verschiedenen Wegen gesammelt. Das ist klasse und zeigt den starken Zusammenhalt innerhalb der gesamten Fanszene. <strong>Vielen Dank allen Spendern! Aber: Da geht noch mehr.<\/strong><\/p>\n\n\n\n<p><strong>Posterverkauf<\/strong><\/p>\n\n\n\n<p>Rund 2.000 limitierte Poster mit den Motiven der Choreo aus dem DFB-Pokalspiel sowie dem Fahnenmeer aus dem letzten Regionalliga-Heimspiel konnten im Nachgang an das letzte Heimspiel vor Weihnachten unter die Kalinen und Seegers gebracht werden. Den Posterverkauf werden wir im ersten Heimspiel im Jahr 2024 am 21. Januar gegen Arminia Bielefeld erneut anbieten.<\/p>\n\n\n\n<p><strong>Weihnachtsmarkt<\/strong><\/p>\n\n\n\n<p>Fast schon traditionell fand im Vorfeld des letzten Heimspiels vor Weihnachten der allj\u00e4hrliche Weihnachtsmarkt am Fanport statt. Bevor wir alle mit drei Punkten gegen den SC Verl beschenkt wurden, wurde an den zahlreichen St\u00e4nden nach Lust und Laune obligatorischer Gl\u00fchwein, Bratwurst oder Champignons und Steaks geschlemmt. Auch Aufkleber und Becherhalter waren im Angebot. Ein Gro\u00dfteil der erzielten Erl\u00f6se kam auch hier der Spendenaktion zur DFB-Strafe zugute.<\/p>\n\n\n\n<p><strong>Sonderzug nach Saarbr\u00fccken<\/strong><\/p>\n\n\n\n<p>Ein Highlight zum ersten Adventswochenende f\u00fcr alle Preu\u00dfenfans war das Ausw\u00e4rtsspiel beim 1. FC Saarbr\u00fccken. Knapp 700 Preu\u00dfen bestiegen kurz vor 5 Uhr am Samstagmorgen den ersten Sonderzug seit einigen Jahren. Organisiert wurde das Ganze von der Kurve und der Fangemeinschaft. Bei bester Stimmung und klarem, kalten Wetter wurde beim 0:0 ein Punkt mit zur\u00fcck ins M\u00fcnsterland genommen, wo der Zug nach einer feuchtfr\u00f6hlichen R\u00fcckfahrt gegen halb 2 Uhr wieder heimische Gefilde erreichte. Abgesehen von einem <a href=\"https:\/\/www.fanhilfe.ms\/stellungnahme-zum-polizeieinsatz-beim-auswaertsspiel-in-saarbruecken\/\">Zwischenfall<\/a> kurz vor der R\u00fcckfahrt ein rundum gelungener Trip, der in Erinnerung bleiben wird.<\/p>\n\n\n\n<p><strong>Spendenaktion geht weiter<\/strong><\/p>\n\n\n\n<p>Im Januar werden wir die Spendenaktion zur Abmilderung der DFB-Strafe fortsetzen. Derweil k\u00f6nnt ihr weiterhin Geldspenden direkt an das PayPal-Konto unserer Partner von Nullsechs.de (ehemals Preu\u00dfenForum) \u00fcberweisen oder per Bank\u00fcberweisung spenden.<\/p>\n\n\n\n<p><em>Per Bank\u00fcberweisung:<br>Name: Fanprojekt Preu\u00dfen M\u00fcnster e.V.<br>IBAN: DE 37 4005 0150 0000 3931 16<\/em><\/p>\n\n\n\n<p><em>Per Paypal:<br><\/em><strong>Adresse: https:\/\/paypal.me\/Preussenforum<\/strong><\/p>\n\n\n\n<p>Wenn ihr euch mit eigenen Aktionen oder Ideen einbringen m\u00f6chtet, kontaktiert uns gern \u00fcber kontakt@fanprojekt-muenster.de.<\/p>\n\n\n\n<p>Kommt gut ins neue Jahr 2024!<\/p>\n\n\n\n<figure class=\"wp-block-gallery has-nested-images columns-default is-cropped wp-block-gallery-1 is-layout-flex wp-block-gallery-is-layout-flex\">\n<figure class=\"wp-block-image size-full\"><img loading=\"lazy\" decoding=\"async\" width=\"768\" height=\"1024\" data-id=\"9101\" src=\"https:\/\/www.fanprojekt-muenster.de\/wordpress\/wp-content\/uploads\/2023\/12\/WhatsApp-Image-2023-12-27-at-16.11.26-1.jpeg\" alt=\"\" class=\"wp-image-9101\" srcset=\"https:\/\/www.fanprojekt-muenster.de\/wordpress\/wp-content\/uploads\/2023\/12\/WhatsApp-Image-2023-12-27-at-16.11.26-1.jpeg 768w, https:\/\/www.fanprojekt-muenster.de\/wordpress\/wp-content\/uploads\/2023\/12\/WhatsApp-Image-2023-12-27-at-16.11.26-1-225x300.jpeg 225w\" sizes=\"auto, (max-width: 768px) 100vw, 768px\" \/><\/figure>\n\n\n\n<figure class=\"wp-block-image size-large\"><img loading=\"lazy\" decoding=\"async\" width=\"768\" height=\"1024\" data-id=\"9099\" src=\"https:\/\/www.fanprojekt-muenster.de\/wordpress\/wp-content\/uploads\/2023\/12\/WhatsApp-Image-2023-12-27-at-15.58.41-768x1024.jpeg\" alt=\"\" class=\"wp-image-9099\" srcset=\"https:\/\/www.fanprojekt-muenster.de\/wordpress\/wp-content\/uploads\/2023\/12\/WhatsApp-Image-2023-12-27-at-15.58.41-768x1024.jpeg 768w, https:\/\/www.fanprojekt-muenster.de\/wordpress\/wp-content\/uploads\/2023\/12\/WhatsApp-Image-2023-12-27-at-15.58.41-225x300.jpeg 225w, https:\/\/www.fanprojekt-muenster.de\/wordpress\/wp-content\/uploads\/2023\/12\/WhatsApp-Image-2023-12-27-at-15.58.41-1152x1536.jpeg 1152w, https:\/\/www.fanprojekt-muenster.de\/wordpress\/wp-content\/uploads\/2023\/12\/WhatsApp-Image-2023-12-27-at-15.58.41.jpeg 1536w\" sizes=\"auto, (max-width: 768px) 100vw, 768px\" \/><\/figure>\n\n\n\n<figure class=\"wp-block-image size-large\"><img loading=\"lazy\" decoding=\"async\" width=\"963\" height=\"1024\" data-id=\"9103\" src=\"https:\/\/www.fanprojekt-muenster.de\/wordpress\/wp-content\/uploads\/2023\/12\/f141d586-094d-4c1e-9821-4a394d13a469-963x1024.jpg\" alt=\"\" class=\"wp-image-9103\" srcset=\"https:\/\/www.fanprojekt-muenster.de\/wordpress\/wp-content\/uploads\/2023\/12\/f141d586-094d-4c1e-9821-4a394d13a469-963x1024.jpg 963w, https:\/\/www.fanprojekt-muenster.de\/wordpress\/wp-content\/uploads\/2023\/12\/f141d586-094d-4c1e-9821-4a394d13a469-282x300.jpg 282w, https:\/\/www.fanprojekt-muenster.de\/wordpress\/wp-content\/uploads\/2023\/12\/f141d586-094d-4c1e-9821-4a394d13a469-768x817.jpg 768w, https:\/\/www.fanprojekt-muenster.de\/wordpress\/wp-content\/uploads\/2023\/12\/f141d586-094d-4c1e-9821-4a394d13a469-1445x1536.jpg 1445w, https:\/\/www.fanprojekt-muenster.de\/wordpress\/wp-content\/uploads\/2023\/12\/f141d586-094d-4c1e-9821-4a394d13a469.jpg 1536w\" sizes=\"auto, (max-width: 963px) 100vw, 963px\" \/><\/figure>\n\n\n\n<figure class=\"wp-block-image size-large\"><img loading=\"lazy\" decoding=\"async\" width=\"502\" height=\"629\" data-id=\"9104\" src=\"https:\/\/www.fanprojekt-muenster.de\/wordpress\/wp-content\/uploads\/2023\/12\/Bild1-1.jpg\" alt=\"\" class=\"wp-image-9104\" srcset=\"https:\/\/www.fanprojekt-muenster.de\/wordpress\/wp-content\/uploads\/2023\/12\/Bild1-1.jpg 502w, https:\/\/www.fanprojekt-muenster.de\/wordpress\/wp-content\/uploads\/2023\/12\/Bild1-1-239x300.jpg 239w\" sizes=\"auto, (max-width: 502px) 100vw, 502px\" \/><\/figure>\n<\/figure>\n","protected":false},"excerpt":{"rendered":"<p>Vor rund neun Wochen hat sich die Fangemeinschaft, so der neue Name des ehemaligen Fanprojekts, neu aufgestellt. Seitdem hat sich schon einiges getan. Mit dem Sonderzug nach Saarbr\u00fccken, der Spendenaktion&#8230; <a class=\"read-more-link\" href=\"https:\/\/www.fanprojekt-muenster.de\/wordpress\/die-ersten-fuenfzig-tage-der-neuen-fangemeinschaft-ein-rueckblick\/\">Read more &raquo;<\/a><\/p>\n","protected":false},"author":11,"featured_media":9070,"comment_status":"closed","ping_status":"open","sticky":false,"template":"","format":"standard","meta":{"advgb_blocks_editor_width":"","advgb_blocks_columns_visual_guide":"","footnotes":""},"categories":[1],"tags":[],"class_list":["post-9097","post","type-post","status-publish","format-standard","has-post-thumbnail","hentry","category-allgemein"],"featured_image_src":"https:\/\/www.fanprojekt-muenster.de\/wordpress\/wp-content\/uploads\/2023\/11\/cropped-Logo_FP-400x300-512x432-1.jpg","author_info":{"display_name":"Julius","author_link":"https:\/\/www.fanprojekt-muenster.de\/wordpress\/author\/juliush\/"},"yoast_head":"<!-- This site is optimized with the Yoast SEO plugin v27.2 - https:\/\/yoast.com\/product\/yoast-seo-wordpress\/ -->\n<title>+++ Die ersten f\u00fcnfzig Tage der neuen Fangemeinschaft: Ein R\u00fcckblick +++ - Fangemeinschaft Preu\u00dfen M\u00fcnster e. V.<\/title>\n<meta name=\"robots\" content=\"index, follow, max-snippet:-1, max-image-preview:large, max-video-preview:-1\" \/>\n<link rel=\"canonical\" href=\"https:\/\/www.fanprojekt-muenster.de\/wordpress\/die-ersten-fuenfzig-tage-der-neuen-fangemeinschaft-ein-rueckblick\/\" \/>\n<meta property=\"og:locale\" content=\"de_DE\" \/>\n<meta property=\"og:type\" content=\"article\" \/>\n<meta property=\"og:title\" content=\"+++ Die ersten f\u00fcnfzig Tage der neuen Fangemeinschaft: Ein R\u00fcckblick +++ - Fangemeinschaft Preu\u00dfen M\u00fcnster e. V.\" \/>\n<meta property=\"og:description\" content=\"Vor rund neun Wochen hat sich die Fangemeinschaft, so der neue Name des ehemaligen Fanprojekts, neu aufgestellt. Seitdem hat sich schon einiges getan. Mit dem Sonderzug nach Saarbr\u00fccken, der Spendenaktion... Read more &raquo;\" \/>\n<meta property=\"og:url\" content=\"https:\/\/www.fanprojekt-muenster.de\/wordpress\/die-ersten-fuenfzig-tage-der-neuen-fangemeinschaft-ein-rueckblick\/\" \/>\n<meta property=\"og:site_name\" content=\"Fangemeinschaft Preu\u00dfen M\u00fcnster e. V.\" \/>\n<meta property=\"article:published_time\" content=\"2023-12-28T19:05:42+00:00\" \/>\n<meta property=\"article:modified_time\" content=\"2023-12-28T19:08:44+00:00\" \/>\n<meta property=\"og:image\" content=\"https:\/\/www.fanprojekt-muenster.de\/wordpress\/wp-content\/uploads\/2023\/11\/cropped-Logo_FP-400x300-512x432-1.jpg\" \/>\n\t<meta property=\"og:image:width\" content=\"512\" \/>\n\t<meta property=\"og:image:height\" content=\"432\" \/>\n\t<meta property=\"og:image:type\" content=\"image\/jpeg\" \/>\n<meta name=\"author\" content=\"Julius\" \/>\n<meta name=\"twitter:card\" content=\"summary_large_image\" \/>\n<meta name=\"twitter:label1\" content=\"Verfasst von\" \/>\n\t<meta name=\"twitter:data1\" content=\"Julius\" \/>\n\t<meta name=\"twitter:label2\" content=\"Gesch\u00e4tzte Lesezeit\" \/>\n\t<meta name=\"twitter:data2\" content=\"4\u00a0Minuten\" \/>\n<script type=\"application\/ld+json\" class=\"yoast-schema-graph\">{\"@context\":\"https:\/\/schema.org\",\"@graph\":[{\"@type\":\"Article\",\"@id\":\"https:\/\/www.fanprojekt-muenster.de\/wordpress\/die-ersten-fuenfzig-tage-der-neuen-fangemeinschaft-ein-rueckblick\/#article\",\"isPartOf\":{\"@id\":\"https:\/\/www.fanprojekt-muenster.de\/wordpress\/die-ersten-fuenfzig-tage-der-neuen-fangemeinschaft-ein-rueckblick\/\"},\"author\":{\"name\":\"Julius\",\"@id\":\"https:\/\/www.fanprojekt-muenster.de\/wordpress\/#\/schema\/person\/d6f23c25f1746fe09de1ce0642a01dc0\"},\"headline\":\"+++ Die ersten f\u00fcnfzig Tage der neuen Fangemeinschaft: Ein R\u00fcckblick +++\",\"datePublished\":\"2023-12-28T19:05:42+00:00\",\"dateModified\":\"2023-12-28T19:08:44+00:00\",\"mainEntityOfPage\":{\"@id\":\"https:\/\/www.fanprojekt-muenster.de\/wordpress\/die-ersten-fuenfzig-tage-der-neuen-fangemeinschaft-ein-rueckblick\/\"},\"wordCount\":432,\"publisher\":{\"@id\":\"https:\/\/www.fanprojekt-muenster.de\/wordpress\/#organization\"},\"image\":{\"@id\":\"https:\/\/www.fanprojekt-muenster.de\/wordpress\/die-ersten-fuenfzig-tage-der-neuen-fangemeinschaft-ein-rueckblick\/#primaryimage\"},\"thumbnailUrl\":\"https:\/\/www.fanprojekt-muenster.de\/wordpress\/wp-content\/uploads\/2023\/11\/cropped-Logo_FP-400x300-512x432-1.jpg\",\"inLanguage\":\"de\"},{\"@type\":\"WebPage\",\"@id\":\"https:\/\/www.fanprojekt-muenster.de\/wordpress\/die-ersten-fuenfzig-tage-der-neuen-fangemeinschaft-ein-rueckblick\/\",\"url\":\"https:\/\/www.fanprojekt-muenster.de\/wordpress\/die-ersten-fuenfzig-tage-der-neuen-fangemeinschaft-ein-rueckblick\/\",\"name\":\"+++ Die ersten f\u00fcnfzig Tage der neuen Fangemeinschaft: Ein R\u00fcckblick +++ - Fangemeinschaft Preu\u00dfen M\u00fcnster e. V.\",\"isPartOf\":{\"@id\":\"https:\/\/www.fanprojekt-muenster.de\/wordpress\/#website\"},\"primaryImageOfPage\":{\"@id\":\"https:\/\/www.fanprojekt-muenster.de\/wordpress\/die-ersten-fuenfzig-tage-der-neuen-fangemeinschaft-ein-rueckblick\/#primaryimage\"},\"image\":{\"@id\":\"https:\/\/www.fanprojekt-muenster.de\/wordpress\/die-ersten-fuenfzig-tage-der-neuen-fangemeinschaft-ein-rueckblick\/#primaryimage\"},\"thumbnailUrl\":\"https:\/\/www.fanprojekt-muenster.de\/wordpress\/wp-content\/uploads\/2023\/11\/cropped-Logo_FP-400x300-512x432-1.jpg\",\"datePublished\":\"2023-12-28T19:05:42+00:00\",\"dateModified\":\"2023-12-28T19:08:44+00:00\",\"breadcrumb\":{\"@id\":\"https:\/\/www.fanprojekt-muenster.de\/wordpress\/die-ersten-fuenfzig-tage-der-neuen-fangemeinschaft-ein-rueckblick\/#breadcrumb\"},\"inLanguage\":\"de\",\"potentialAction\":[{\"@type\":\"ReadAction\",\"target\":[\"https:\/\/www.fanprojekt-muenster.de\/wordpress\/die-ersten-fuenfzig-tage-der-neuen-fangemeinschaft-ein-rueckblick\/\"]}]},{\"@type\":\"ImageObject\",\"inLanguage\":\"de\",\"@id\":\"https:\/\/www.fanprojekt-muenster.de\/wordpress\/die-ersten-fuenfzig-tage-der-neuen-fangemeinschaft-ein-rueckblick\/#primaryimage\",\"url\":\"https:\/\/www.fanprojekt-muenster.de\/wordpress\/wp-content\/uploads\/2023\/11\/cropped-Logo_FP-400x300-512x432-1.jpg\",\"contentUrl\":\"https:\/\/www.fanprojekt-muenster.de\/wordpress\/wp-content\/uploads\/2023\/11\/cropped-Logo_FP-400x300-512x432-1.jpg\",\"width\":512,\"height\":432},{\"@type\":\"BreadcrumbList\",\"@id\":\"https:\/\/www.fanprojekt-muenster.de\/wordpress\/die-ersten-fuenfzig-tage-der-neuen-fangemeinschaft-ein-rueckblick\/#breadcrumb\",\"itemListElement\":[{\"@type\":\"ListItem\",\"position\":1,\"name\":\"Startseite\",\"item\":\"https:\/\/www.fanprojekt-muenster.de\/wordpress\/\"},{\"@type\":\"ListItem\",\"position\":2,\"name\":\"+++ Die ersten f\u00fcnfzig Tage der neuen Fangemeinschaft: Ein R\u00fcckblick +++\"}]},{\"@type\":\"WebSite\",\"@id\":\"https:\/\/www.fanprojekt-muenster.de\/wordpress\/#website\",\"url\":\"https:\/\/www.fanprojekt-muenster.de\/wordpress\/\",\"name\":\"Fangemeinschaft Preu\u00dfen M\u00fcnster e. V.\",\"description\":\"\",\"publisher\":{\"@id\":\"https:\/\/www.fanprojekt-muenster.de\/wordpress\/#organization\"},\"potentialAction\":[{\"@type\":\"SearchAction\",\"target\":{\"@type\":\"EntryPoint\",\"urlTemplate\":\"https:\/\/www.fanprojekt-muenster.de\/wordpress\/?s={search_term_string}\"},\"query-input\":{\"@type\":\"PropertyValueSpecification\",\"valueRequired\":true,\"valueName\":\"search_term_string\"}}],\"inLanguage\":\"de\"},{\"@type\":\"Organization\",\"@id\":\"https:\/\/www.fanprojekt-muenster.de\/wordpress\/#organization\",\"name\":\"Fangemeinschaft Preu\u00dfen M\u00fcnster e. V.\",\"url\":\"https:\/\/www.fanprojekt-muenster.de\/wordpress\/\",\"logo\":{\"@type\":\"ImageObject\",\"inLanguage\":\"de\",\"@id\":\"https:\/\/www.fanprojekt-muenster.de\/wordpress\/#\/schema\/logo\/image\/\",\"url\":\"https:\/\/www.fanprojekt-muenster.de\/wordpress\/wp-content\/uploads\/2019\/07\/cropped-Website_Logo3-9.png\",\"contentUrl\":\"https:\/\/www.fanprojekt-muenster.de\/wordpress\/wp-content\/uploads\/2019\/07\/cropped-Website_Logo3-9.png\",\"width\":224,\"height\":42,\"caption\":\"Fangemeinschaft Preu\u00dfen M\u00fcnster e. V.\"},\"image\":{\"@id\":\"https:\/\/www.fanprojekt-muenster.de\/wordpress\/#\/schema\/logo\/image\/\"}},{\"@type\":\"Person\",\"@id\":\"https:\/\/www.fanprojekt-muenster.de\/wordpress\/#\/schema\/person\/d6f23c25f1746fe09de1ce0642a01dc0\",\"name\":\"Julius\",\"url\":\"https:\/\/www.fanprojekt-muenster.de\/wordpress\/author\/juliush\/\"}]}<\/script>\n<!-- \/ Yoast SEO plugin. -->","yoast_head_json":{"title":"+++ Die ersten f\u00fcnfzig Tage der neuen Fangemeinschaft: Ein R\u00fcckblick +++ - Fangemeinschaft Preu\u00dfen M\u00fcnster e. V.","robots":{"index":"index","follow":"follow","max-snippet":"max-snippet:-1","max-image-preview":"max-image-preview:large","max-video-preview":"max-video-preview:-1"},"canonical":"https:\/\/www.fanprojekt-muenster.de\/wordpress\/die-ersten-fuenfzig-tage-der-neuen-fangemeinschaft-ein-rueckblick\/","og_locale":"de_DE","og_type":"article","og_title":"+++ Die ersten f\u00fcnfzig Tage der neuen Fangemeinschaft: Ein R\u00fcckblick +++ - Fangemeinschaft Preu\u00dfen M\u00fcnster e. V.","og_description":"Vor rund neun Wochen hat sich die Fangemeinschaft, so der neue Name des ehemaligen Fanprojekts, neu aufgestellt. Seitdem hat sich schon einiges getan. Mit dem Sonderzug nach Saarbr\u00fccken, der Spendenaktion... Read more &raquo;","og_url":"https:\/\/www.fanprojekt-muenster.de\/wordpress\/die-ersten-fuenfzig-tage-der-neuen-fangemeinschaft-ein-rueckblick\/","og_site_name":"Fangemeinschaft Preu\u00dfen M\u00fcnster e. V.","article_published_time":"2023-12-28T19:05:42+00:00","article_modified_time":"2023-12-28T19:08:44+00:00","og_image":[{"width":512,"height":432,"url":"https:\/\/www.fanprojekt-muenster.de\/wordpress\/wp-content\/uploads\/2023\/11\/cropped-Logo_FP-400x300-512x432-1.jpg","type":"image\/jpeg"}],"author":"Julius","twitter_card":"summary_large_image","twitter_misc":{"Verfasst von":"Julius","Gesch\u00e4tzte Lesezeit":"4\u00a0Minuten"},"schema":{"@context":"https:\/\/schema.org","@graph":[{"@type":"Article","@id":"https:\/\/www.fanprojekt-muenster.de\/wordpress\/die-ersten-fuenfzig-tage-der-neuen-fangemeinschaft-ein-rueckblick\/#article","isPartOf":{"@id":"https:\/\/www.fanprojekt-muenster.de\/wordpress\/die-ersten-fuenfzig-tage-der-neuen-fangemeinschaft-ein-rueckblick\/"},"author":{"name":"Julius","@id":"https:\/\/www.fanprojekt-muenster.de\/wordpress\/#\/schema\/person\/d6f23c25f1746fe09de1ce0642a01dc0"},"headline":"+++ Die ersten f\u00fcnfzig Tage der neuen Fangemeinschaft: Ein R\u00fcckblick +++","datePublished":"2023-12-28T19:05:42+00:00","dateModified":"2023-12-28T19:08:44+00:00","mainEntityOfPage":{"@id":"https:\/\/www.fanprojekt-muenster.de\/wordpress\/die-ersten-fuenfzig-tage-der-neuen-fangemeinschaft-ein-rueckblick\/"},"wordCount":432,"publisher":{"@id":"https:\/\/www.fanprojekt-muenster.de\/wordpress\/#organization"},"image":{"@id":"https:\/\/www.fanprojekt-muenster.de\/wordpress\/die-ersten-fuenfzig-tage-der-neuen-fangemeinschaft-ein-rueckblick\/#primaryimage"},"thumbnailUrl":"https:\/\/www.fanprojekt-muenster.de\/wordpress\/wp-content\/uploads\/2023\/11\/cropped-Logo_FP-400x300-512x432-1.jpg","inLanguage":"de"},{"@type":"WebPage","@id":"https:\/\/www.fanprojekt-muenster.de\/wordpress\/die-ersten-fuenfzig-tage-der-neuen-fangemeinschaft-ein-rueckblick\/","url":"https:\/\/www.fanprojekt-muenster.de\/wordpress\/die-ersten-fuenfzig-tage-der-neuen-fangemeinschaft-ein-rueckblick\/","name":"+++ Die ersten f\u00fcnfzig Tage der neuen Fangemeinschaft: Ein R\u00fcckblick +++ - Fangemeinschaft Preu\u00dfen M\u00fcnster e. V.","isPartOf":{"@id":"https:\/\/www.fanprojekt-muenster.de\/wordpress\/#website"},"primaryImageOfPage":{"@id":"https:\/\/www.fanprojekt-muenster.de\/wordpress\/die-ersten-fuenfzig-tage-der-neuen-fangemeinschaft-ein-rueckblick\/#primaryimage"},"image":{"@id":"https:\/\/www.fanprojekt-muenster.de\/wordpress\/die-ersten-fuenfzig-tage-der-neuen-fangemeinschaft-ein-rueckblick\/#primaryimage"},"thumbnailUrl":"https:\/\/www.fanprojekt-muenster.de\/wordpress\/wp-content\/uploads\/2023\/11\/cropped-Logo_FP-400x300-512x432-1.jpg","datePublished":"2023-12-28T19:05:42+00:00","dateModified":"2023-12-28T19:08:44+00:00","breadcrumb":{"@id":"https:\/\/www.fanprojekt-muenster.de\/wordpress\/die-ersten-fuenfzig-tage-der-neuen-fangemeinschaft-ein-rueckblick\/#breadcrumb"},"inLanguage":"de","potentialAction":[{"@type":"ReadAction","target":["https:\/\/www.fanprojekt-muenster.de\/wordpress\/die-ersten-fuenfzig-tage-der-neuen-fangemeinschaft-ein-rueckblick\/"]}]},{"@type":"ImageObject","inLanguage":"de","@id":"https:\/\/www.fanprojekt-muenster.de\/wordpress\/die-ersten-fuenfzig-tage-der-neuen-fangemeinschaft-ein-rueckblick\/#primaryimage","url":"https:\/\/www.fanprojekt-muenster.de\/wordpress\/wp-content\/uploads\/2023\/11\/cropped-Logo_FP-400x300-512x432-1.jpg","contentUrl":"https:\/\/www.fanprojekt-muenster.de\/wordpress\/wp-content\/uploads\/2023\/11\/cropped-Logo_FP-400x300-512x432-1.jpg","width":512,"height":432},{"@type":"BreadcrumbList","@id":"https:\/\/www.fanprojekt-muenster.de\/wordpress\/die-ersten-fuenfzig-tage-der-neuen-fangemeinschaft-ein-rueckblick\/#breadcrumb","itemListElement":[{"@type":"ListItem","position":1,"name":"Startseite","item":"https:\/\/www.fanprojekt-muenster.de\/wordpress\/"},{"@type":"ListItem","position":2,"name":"+++ Die ersten f\u00fcnfzig Tage der neuen Fangemeinschaft: Ein R\u00fcckblick +++"}]},{"@type":"WebSite","@id":"https:\/\/www.fanprojekt-muenster.de\/wordpress\/#website","url":"https:\/\/www.fanprojekt-muenster.de\/wordpress\/","name":"Fangemeinschaft Preu\u00dfen M\u00fcnster e. V.","description":"","publisher":{"@id":"https:\/\/www.fanprojekt-muenster.de\/wordpress\/#organization"},"potentialAction":[{"@type":"SearchAction","target":{"@type":"EntryPoint","urlTemplate":"https:\/\/www.fanprojekt-muenster.de\/wordpress\/?s={search_term_string}"},"query-input":{"@type":"PropertyValueSpecification","valueRequired":true,"valueName":"search_term_string"}}],"inLanguage":"de"},{"@type":"Organization","@id":"https:\/\/www.fanprojekt-muenster.de\/wordpress\/#organization","name":"Fangemeinschaft Preu\u00dfen M\u00fcnster e. V.","url":"https:\/\/www.fanprojekt-muenster.de\/wordpress\/","logo":{"@type":"ImageObject","inLanguage":"de","@id":"https:\/\/www.fanprojekt-muenster.de\/wordpress\/#\/schema\/logo\/image\/","url":"https:\/\/www.fanprojekt-muenster.de\/wordpress\/wp-content\/uploads\/2019\/07\/cropped-Website_Logo3-9.png","contentUrl":"https:\/\/www.fanprojekt-muenster.de\/wordpress\/wp-content\/uploads\/2019\/07\/cropped-Website_Logo3-9.png","width":224,"height":42,"caption":"Fangemeinschaft Preu\u00dfen M\u00fcnster e. V."},"image":{"@id":"https:\/\/www.fanprojekt-muenster.de\/wordpress\/#\/schema\/logo\/image\/"}},{"@type":"Person","@id":"https:\/\/www.fanprojekt-muenster.de\/wordpress\/#\/schema\/person\/d6f23c25f1746fe09de1ce0642a01dc0","name":"Julius","url":"https:\/\/www.fanprojekt-muenster.de\/wordpress\/author\/juliush\/"}]}},"author_meta":{"display_name":"Julius","author_link":"https:\/\/www.fanprojekt-muenster.de\/wordpress\/author\/juliush\/"},"featured_img":"https:\/\/www.fanprojekt-muenster.de\/wordpress\/wp-content\/uploads\/2023\/11\/cropped-Logo_FP-400x300-512x432-1-300x253.jpg","coauthors":[],"tax_additional":{"categories":{"linked":["<a href=\"https:\/\/www.fanprojekt-muenster.de\/wordpress\/category\/allgemein\/\" class=\"advgb-post-tax-term\">Allgemein<\/a>"],"unlinked":["<span class=\"advgb-post-tax-term\">Allgemein<\/span>"]}},"comment_count":"0","relative_dates":{"created":"Posted 2\u00a0Jahren ago","modified":"Updated 2\u00a0Jahren ago"},"absolute_dates":{"created":"Posted on 28. Dezember 2023","modified":"Updated on 28. Dezember 2023"},"absolute_dates_time":{"created":"Posted on 28. Dezember 2023 20:05","modified":"Updated on 28. Dezember 2023 20:08"},"featured_img_caption":"","series_order":"","_links":{"self":[{"href":"https:\/\/www.fanprojekt-muenster.de\/wordpress\/wp-json\/wp\/v2\/posts\/9097","targetHints":{"allow":["GET"]}}],"collection":[{"href":"https:\/\/www.fanprojekt-muenster.de\/wordpress\/wp-json\/wp\/v2\/posts"}],"about":[{"href":"https:\/\/www.fanprojekt-muenster.de\/wordpress\/wp-json\/wp\/v2\/types\/post"}],"author":[{"embeddable":true,"href":"https:\/\/www.fanprojekt-muenster.de\/wordpress\/wp-json\/wp\/v2\/users\/11"}],"replies":[{"embeddable":true,"href":"https:\/\/www.fanprojekt-muenster.de\/wordpress\/wp-json\/wp\/v2\/comments?post=9097"}],"version-history":[{"count":3,"href":"https:\/\/www.fanprojekt-muenster.de\/wordpress\/wp-json\/wp\/v2\/posts\/9097\/revisions"}],"predecessor-version":[{"id":9106,"href":"https:\/\/www.fanprojekt-muenster.de\/wordpress\/wp-json\/wp\/v2\/posts\/9097\/revisions\/9106"}],"wp:featuredmedia":[{"embeddable":true,"href":"https:\/\/www.fanprojekt-muenster.de\/wordpress\/wp-json\/wp\/v2\/media\/9070"}],"wp:attachment":[{"href":"https:\/\/www.fanprojekt-muenster.de\/wordpress\/wp-json\/wp\/v2\/media?parent=9097"}],"wp:term":[{"taxonomy":"category","embeddable":true,"href":"https:\/\/www.fanprojekt-muenster.de\/wordpress\/wp-json\/wp\/v2\/categories?post=9097"},{"taxonomy":"post_tag","embeddable":true,"href":"https:\/\/www.fanprojekt-muenster.de\/wordpress\/wp-json\/wp\/v2\/tags?post=9097"}],"curies":[{"name":"wp","href":"https:\/\/api.w.org\/{rel}","templated":true}]}}