{"id":9078,"date":"2023-11-30T00:20:13","date_gmt":"2023-11-29T23:20:13","guid":{"rendered":"https:\/\/www.fanprojekt-muenster.de\/wordpress\/?p=9078"},"modified":"2023-11-30T00:24:49","modified_gmt":"2023-11-29T23:24:49","slug":"hier-sind-sie-die-infos-zum-sonderzug-nach-saarbruecken-25-ticket-ruecklaeufer-noch-zu-haben","status":"publish","type":"post","link":"https:\/\/www.fanprojekt-muenster.de\/wordpress\/hier-sind-sie-die-infos-zum-sonderzug-nach-saarbruecken-25-ticket-ruecklaeufer-noch-zu-haben\/","title":{"rendered":">>> Letzte Infos zum Sonderzug nach Saarbr\u00fccken +++ 25 Ticket-R\u00fcckl\u00e4ufer noch zu haben <<<"},"content":{"rendered":"\n<p>Liebe Preu\u00dfenfans, am Samstag, 2. Dezember, rollt endlich unser Sonderzug nach Saarbr\u00fccken. Nachdem ihr eure Tickets abgeholt habt, sind noch <strong>25 Ticketr\u00fcckl\u00e4ufer verf\u00fcgbar<\/strong>. Diese sind nun wieder zum Preis von 75\u20ac zu haben. Wenn ihr noch spontan mitfahren m\u00f6chtet, meldet euch \u00fcber unsere Social Media-Kan\u00e4le oder der Mailadresse sonderzug@fanprojekt-muenster.de<\/p>\n\n\n\n<p><strong>Glasflaschenverbot<\/strong><\/p>\n\n\n\n<p class=\"has-text-align-left\">Wichtig! Im Zug herrscht Glasflaschenverbot. Plastikflaschen und Dosen k\u00f6nnt ihr mitnehmen. Werdet kreativ beim Umf\u00fcllen \ud83d\ude09<\/p>\n\n\n\n<p><strong>Abfahrts- und Ankunftszeiten:<\/strong><br>Ihr m\u00fcsst fr\u00fch aufstehen. Die Abfahrt ab M\u00fcnster ist <strong>um 04:56 Uhr<\/strong>. Das Abfahrtsgleis wird spontan bekannt gegeben. Zur\u00fcck ist die Abfahrt f\u00fcr 17:10 Uhr geplant, Ankunft in M\u00fcnster soll um <strong>0:56 Uhr<\/strong> sein. Der Grund f\u00fcr die lange Fahrtzeit von rund sieben Stunden sind laut Deutscher Bahn Baustellen auf der Strecke sowie das samstags sehr hohe Verkehrsaufkommen auf den Schienen.<\/p>\n\n\n\n<p><strong>Catering:<\/strong><br>Der gute B\u00e4cker Krimphove \u00f6ffnet am Samstagmorgen seine Filiale im Hauptbahnhof bereits extra f\u00fcr uns um 04:15 Uhr. Also nutzt die Chance auf ein Fr\u00fchst\u00fcck. Ansonsten wird es auch an Bord Catering und Musik im \u201eSambawagen\u201c geben: Wir bieten euch u. a. Kaffee, Softdrinks, Bier und weitere Getr\u00e4nke. Schnitzel, Frikadellenbr\u00f6tchen, Vegetarisches und Snacks runden unser Angebot ab.<\/p>\n\n\n\n<p><strong>An Bord:<\/strong><\/p>\n\n\n\n<p>In jedem Abteil wird es einen aus der Fanszene bestimmten Ordner geben. Wir bitten euch, mit dem Zug respektvoll und pfleglich umzugehen. Vor allem aber freuen wir uns am Samstag auf eine einmalige Tour und w\u00fcnschen allen Mitreisenden schon viel Spa\u00df. Auf drei Punkte im Saarland!<\/p>\n\n\n\n<figure class=\"wp-block-image size-large is-resized\"><img loading=\"lazy\" decoding=\"async\" src=\"https:\/\/www.fanprojekt-muenster.de\/wordpress\/wp-content\/uploads\/2023\/11\/SB_SONDERZUG-3-1024x576.jpg\" alt=\"\" class=\"wp-image-9084\" width=\"851\" height=\"479\" srcset=\"https:\/\/www.fanprojekt-muenster.de\/wordpress\/wp-content\/uploads\/2023\/11\/SB_SONDERZUG-3-1024x576.jpg 1024w, https:\/\/www.fanprojekt-muenster.de\/wordpress\/wp-content\/uploads\/2023\/11\/SB_SONDERZUG-3-300x169.jpg 300w, https:\/\/www.fanprojekt-muenster.de\/wordpress\/wp-content\/uploads\/2023\/11\/SB_SONDERZUG-3-768x432.jpg 768w, https:\/\/www.fanprojekt-muenster.de\/wordpress\/wp-content\/uploads\/2023\/11\/SB_SONDERZUG-3.jpg 1280w\" sizes=\"auto, (max-width: 851px) 100vw, 851px\" \/><\/figure>\n","protected":false},"excerpt":{"rendered":"<p>Liebe Preu\u00dfenfans, am Samstag, 2. Dezember, rollt endlich unser Sonderzug nach Saarbr\u00fccken. Nachdem ihr eure Tickets abgeholt habt, sind noch 25 Ticketr\u00fcckl\u00e4ufer verf\u00fcgbar. Diese sind nun wieder zum Preis von&#8230; <a class=\"read-more-link\" href=\"https:\/\/www.fanprojekt-muenster.de\/wordpress\/hier-sind-sie-die-infos-zum-sonderzug-nach-saarbruecken-25-ticket-ruecklaeufer-noch-zu-haben\/\">Read more &raquo;<\/a><\/p>\n","protected":false},"author":11,"featured_media":9084,"comment_status":"closed","ping_status":"open","sticky":false,"template":"","format":"standard","meta":{"advgb_blocks_editor_width":"","advgb_blocks_columns_visual_guide":"","footnotes":""},"categories":[4,320],"tags":[],"class_list":["post-9078","post","type-post","status-publish","format-standard","has-post-thumbnail","hentry","category-auswarts","category-sonderzug-nach-saarbruecken"],"featured_image_src":"https:\/\/www.fanprojekt-muenster.de\/wordpress\/wp-content\/uploads\/2023\/11\/SB_SONDERZUG-3.jpg","author_info":{"display_name":"Julius","author_link":"https:\/\/www.fanprojekt-muenster.de\/wordpress\/author\/juliush\/"},"yoast_head":"<!-- This site is optimized with the Yoast SEO plugin v27.2 - https:\/\/yoast.com\/product\/yoast-seo-wordpress\/ -->\n<title>&gt;&gt;&gt; Letzte Infos zum Sonderzug nach Saarbr\u00fccken +++ 25 Ticket-R\u00fcckl\u00e4ufer noch zu haben<\/title>\n<meta name=\"robots\" content=\"index, follow, max-snippet:-1, max-image-preview:large, max-video-preview:-1\" \/>\n<link rel=\"canonical\" href=\"https:\/\/www.fanprojekt-muenster.de\/wordpress\/hier-sind-sie-die-infos-zum-sonderzug-nach-saarbruecken-25-ticket-ruecklaeufer-noch-zu-haben\/\" \/>\n<meta property=\"og:locale\" content=\"de_DE\" \/>\n<meta property=\"og:type\" content=\"article\" \/>\n<meta property=\"og:title\" content=\"&gt;&gt;&gt; Letzte Infos zum Sonderzug nach Saarbr\u00fccken +++ 25 Ticket-R\u00fcckl\u00e4ufer noch zu haben\" \/>\n<meta property=\"og:description\" content=\"Liebe Preu\u00dfenfans, am Samstag, 2. Dezember, rollt endlich unser Sonderzug nach Saarbr\u00fccken. Nachdem ihr eure Tickets abgeholt habt, sind noch 25 Ticketr\u00fcckl\u00e4ufer verf\u00fcgbar. Diese sind nun wieder zum Preis von... Read more &raquo;\" \/>\n<meta property=\"og:url\" content=\"https:\/\/www.fanprojekt-muenster.de\/wordpress\/hier-sind-sie-die-infos-zum-sonderzug-nach-saarbruecken-25-ticket-ruecklaeufer-noch-zu-haben\/\" \/>\n<meta property=\"og:site_name\" content=\"Fangemeinschaft Preu\u00dfen M\u00fcnster e. V.\" \/>\n<meta property=\"article:published_time\" content=\"2023-11-29T23:20:13+00:00\" \/>\n<meta property=\"article:modified_time\" content=\"2023-11-29T23:24:49+00:00\" \/>\n<meta property=\"og:image\" content=\"https:\/\/www.fanprojekt-muenster.de\/wordpress\/wp-content\/uploads\/2023\/11\/SB_SONDERZUG-3.jpg\" \/>\n\t<meta property=\"og:image:width\" content=\"1280\" \/>\n\t<meta property=\"og:image:height\" content=\"720\" \/>\n\t<meta property=\"og:image:type\" content=\"image\/jpeg\" \/>\n<meta name=\"author\" content=\"Julius\" \/>\n<meta name=\"twitter:card\" content=\"summary_large_image\" \/>\n<meta name=\"twitter:label1\" content=\"Verfasst von\" \/>\n\t<meta name=\"twitter:data1\" content=\"Julius\" \/>\n\t<meta name=\"twitter:label2\" content=\"Gesch\u00e4tzte Lesezeit\" \/>\n\t<meta name=\"twitter:data2\" content=\"2\u00a0Minuten\" \/>\n<script type=\"application\/ld+json\" class=\"yoast-schema-graph\">{\"@context\":\"https:\/\/schema.org\",\"@graph\":[{\"@type\":\"Article\",\"@id\":\"https:\/\/www.fanprojekt-muenster.de\/wordpress\/hier-sind-sie-die-infos-zum-sonderzug-nach-saarbruecken-25-ticket-ruecklaeufer-noch-zu-haben\/#article\",\"isPartOf\":{\"@id\":\"https:\/\/www.fanprojekt-muenster.de\/wordpress\/hier-sind-sie-die-infos-zum-sonderzug-nach-saarbruecken-25-ticket-ruecklaeufer-noch-zu-haben\/\"},\"author\":{\"name\":\"Julius\",\"@id\":\"https:\/\/www.fanprojekt-muenster.de\/wordpress\/#\/schema\/person\/d6f23c25f1746fe09de1ce0642a01dc0\"},\"headline\":\">>> Letzte Infos zum Sonderzug nach Saarbr\u00fccken +++ 25 Ticket-R\u00fcckl\u00e4ufer noch zu haben\",\"datePublished\":\"2023-11-29T23:20:13+00:00\",\"dateModified\":\"2023-11-29T23:24:49+00:00\",\"mainEntityOfPage\":{\"@id\":\"https:\/\/www.fanprojekt-muenster.de\/wordpress\/hier-sind-sie-die-infos-zum-sonderzug-nach-saarbruecken-25-ticket-ruecklaeufer-noch-zu-haben\/\"},\"wordCount\":13,\"publisher\":{\"@id\":\"https:\/\/www.fanprojekt-muenster.de\/wordpress\/#organization\"},\"image\":{\"@id\":\"https:\/\/www.fanprojekt-muenster.de\/wordpress\/hier-sind-sie-die-infos-zum-sonderzug-nach-saarbruecken-25-ticket-ruecklaeufer-noch-zu-haben\/#primaryimage\"},\"thumbnailUrl\":\"https:\/\/www.fanprojekt-muenster.de\/wordpress\/wp-content\/uploads\/2023\/11\/SB_SONDERZUG-3.jpg\",\"articleSection\":[\"Ausw\u00e4rts\",\"Sonderzug nach Saarbr\u00fccken\"],\"inLanguage\":\"de\"},{\"@type\":\"WebPage\",\"@id\":\"https:\/\/www.fanprojekt-muenster.de\/wordpress\/hier-sind-sie-die-infos-zum-sonderzug-nach-saarbruecken-25-ticket-ruecklaeufer-noch-zu-haben\/\",\"url\":\"https:\/\/www.fanprojekt-muenster.de\/wordpress\/hier-sind-sie-die-infos-zum-sonderzug-nach-saarbruecken-25-ticket-ruecklaeufer-noch-zu-haben\/\",\"name\":\">>> Letzte Infos zum Sonderzug nach Saarbr\u00fccken +++ 25 Ticket-R\u00fcckl\u00e4ufer noch zu haben\",\"isPartOf\":{\"@id\":\"https:\/\/www.fanprojekt-muenster.de\/wordpress\/#website\"},\"primaryImageOfPage\":{\"@id\":\"https:\/\/www.fanprojekt-muenster.de\/wordpress\/hier-sind-sie-die-infos-zum-sonderzug-nach-saarbruecken-25-ticket-ruecklaeufer-noch-zu-haben\/#primaryimage\"},\"image\":{\"@id\":\"https:\/\/www.fanprojekt-muenster.de\/wordpress\/hier-sind-sie-die-infos-zum-sonderzug-nach-saarbruecken-25-ticket-ruecklaeufer-noch-zu-haben\/#primaryimage\"},\"thumbnailUrl\":\"https:\/\/www.fanprojekt-muenster.de\/wordpress\/wp-content\/uploads\/2023\/11\/SB_SONDERZUG-3.jpg\",\"datePublished\":\"2023-11-29T23:20:13+00:00\",\"dateModified\":\"2023-11-29T23:24:49+00:00\",\"breadcrumb\":{\"@id\":\"https:\/\/www.fanprojekt-muenster.de\/wordpress\/hier-sind-sie-die-infos-zum-sonderzug-nach-saarbruecken-25-ticket-ruecklaeufer-noch-zu-haben\/#breadcrumb\"},\"inLanguage\":\"de\",\"potentialAction\":[{\"@type\":\"ReadAction\",\"target\":[\"https:\/\/www.fanprojekt-muenster.de\/wordpress\/hier-sind-sie-die-infos-zum-sonderzug-nach-saarbruecken-25-ticket-ruecklaeufer-noch-zu-haben\/\"]}]},{\"@type\":\"ImageObject\",\"inLanguage\":\"de\",\"@id\":\"https:\/\/www.fanprojekt-muenster.de\/wordpress\/hier-sind-sie-die-infos-zum-sonderzug-nach-saarbruecken-25-ticket-ruecklaeufer-noch-zu-haben\/#primaryimage\",\"url\":\"https:\/\/www.fanprojekt-muenster.de\/wordpress\/wp-content\/uploads\/2023\/11\/SB_SONDERZUG-3.jpg\",\"contentUrl\":\"https:\/\/www.fanprojekt-muenster.de\/wordpress\/wp-content\/uploads\/2023\/11\/SB_SONDERZUG-3.jpg\",\"width\":1280,\"height\":720},{\"@type\":\"BreadcrumbList\",\"@id\":\"https:\/\/www.fanprojekt-muenster.de\/wordpress\/hier-sind-sie-die-infos-zum-sonderzug-nach-saarbruecken-25-ticket-ruecklaeufer-noch-zu-haben\/#breadcrumb\",\"itemListElement\":[{\"@type\":\"ListItem\",\"position\":1,\"name\":\"Startseite\",\"item\":\"https:\/\/www.fanprojekt-muenster.de\/wordpress\/\"},{\"@type\":\"ListItem\",\"position\":2,\"name\":\">>> Letzte Infos zum Sonderzug nach Saarbr\u00fccken +++ 25 Ticket-R\u00fcckl\u00e4ufer noch zu haben\"}]},{\"@type\":\"WebSite\",\"@id\":\"https:\/\/www.fanprojekt-muenster.de\/wordpress\/#website\",\"url\":\"https:\/\/www.fanprojekt-muenster.de\/wordpress\/\",\"name\":\"Fangemeinschaft Preu\u00dfen M\u00fcnster e. V.\",\"description\":\"\",\"publisher\":{\"@id\":\"https:\/\/www.fanprojekt-muenster.de\/wordpress\/#organization\"},\"potentialAction\":[{\"@type\":\"SearchAction\",\"target\":{\"@type\":\"EntryPoint\",\"urlTemplate\":\"https:\/\/www.fanprojekt-muenster.de\/wordpress\/?s={search_term_string}\"},\"query-input\":{\"@type\":\"PropertyValueSpecification\",\"valueRequired\":true,\"valueName\":\"search_term_string\"}}],\"inLanguage\":\"de\"},{\"@type\":\"Organization\",\"@id\":\"https:\/\/www.fanprojekt-muenster.de\/wordpress\/#organization\",\"name\":\"Fangemeinschaft Preu\u00dfen M\u00fcnster e. V.\",\"url\":\"https:\/\/www.fanprojekt-muenster.de\/wordpress\/\",\"logo\":{\"@type\":\"ImageObject\",\"inLanguage\":\"de\",\"@id\":\"https:\/\/www.fanprojekt-muenster.de\/wordpress\/#\/schema\/logo\/image\/\",\"url\":\"https:\/\/www.fanprojekt-muenster.de\/wordpress\/wp-content\/uploads\/2019\/07\/cropped-Website_Logo3-9.png\",\"contentUrl\":\"https:\/\/www.fanprojekt-muenster.de\/wordpress\/wp-content\/uploads\/2019\/07\/cropped-Website_Logo3-9.png\",\"width\":224,\"height\":42,\"caption\":\"Fangemeinschaft Preu\u00dfen M\u00fcnster e. V.\"},\"image\":{\"@id\":\"https:\/\/www.fanprojekt-muenster.de\/wordpress\/#\/schema\/logo\/image\/\"}},{\"@type\":\"Person\",\"@id\":\"https:\/\/www.fanprojekt-muenster.de\/wordpress\/#\/schema\/person\/d6f23c25f1746fe09de1ce0642a01dc0\",\"name\":\"Julius\",\"url\":\"https:\/\/www.fanprojekt-muenster.de\/wordpress\/author\/juliush\/\"}]}<\/script>\n<!-- \/ Yoast SEO plugin. -->","yoast_head_json":{"title":">>> Letzte Infos zum Sonderzug nach Saarbr\u00fccken +++ 25 Ticket-R\u00fcckl\u00e4ufer noch zu haben","robots":{"index":"index","follow":"follow","max-snippet":"max-snippet:-1","max-image-preview":"max-image-preview:large","max-video-preview":"max-video-preview:-1"},"canonical":"https:\/\/www.fanprojekt-muenster.de\/wordpress\/hier-sind-sie-die-infos-zum-sonderzug-nach-saarbruecken-25-ticket-ruecklaeufer-noch-zu-haben\/","og_locale":"de_DE","og_type":"article","og_title":">>> Letzte Infos zum Sonderzug nach Saarbr\u00fccken +++ 25 Ticket-R\u00fcckl\u00e4ufer noch zu haben","og_description":"Liebe Preu\u00dfenfans, am Samstag, 2. Dezember, rollt endlich unser Sonderzug nach Saarbr\u00fccken. Nachdem ihr eure Tickets abgeholt habt, sind noch 25 Ticketr\u00fcckl\u00e4ufer verf\u00fcgbar. Diese sind nun wieder zum Preis von... Read more &raquo;","og_url":"https:\/\/www.fanprojekt-muenster.de\/wordpress\/hier-sind-sie-die-infos-zum-sonderzug-nach-saarbruecken-25-ticket-ruecklaeufer-noch-zu-haben\/","og_site_name":"Fangemeinschaft Preu\u00dfen M\u00fcnster e. V.","article_published_time":"2023-11-29T23:20:13+00:00","article_modified_time":"2023-11-29T23:24:49+00:00","og_image":[{"width":1280,"height":720,"url":"https:\/\/www.fanprojekt-muenster.de\/wordpress\/wp-content\/uploads\/2023\/11\/SB_SONDERZUG-3.jpg","type":"image\/jpeg"}],"author":"Julius","twitter_card":"summary_large_image","twitter_misc":{"Verfasst von":"Julius","Gesch\u00e4tzte Lesezeit":"2\u00a0Minuten"},"schema":{"@context":"https:\/\/schema.org","@graph":[{"@type":"Article","@id":"https:\/\/www.fanprojekt-muenster.de\/wordpress\/hier-sind-sie-die-infos-zum-sonderzug-nach-saarbruecken-25-ticket-ruecklaeufer-noch-zu-haben\/#article","isPartOf":{"@id":"https:\/\/www.fanprojekt-muenster.de\/wordpress\/hier-sind-sie-die-infos-zum-sonderzug-nach-saarbruecken-25-ticket-ruecklaeufer-noch-zu-haben\/"},"author":{"name":"Julius","@id":"https:\/\/www.fanprojekt-muenster.de\/wordpress\/#\/schema\/person\/d6f23c25f1746fe09de1ce0642a01dc0"},"headline":">>> Letzte Infos zum Sonderzug nach Saarbr\u00fccken +++ 25 Ticket-R\u00fcckl\u00e4ufer noch zu haben","datePublished":"2023-11-29T23:20:13+00:00","dateModified":"2023-11-29T23:24:49+00:00","mainEntityOfPage":{"@id":"https:\/\/www.fanprojekt-muenster.de\/wordpress\/hier-sind-sie-die-infos-zum-sonderzug-nach-saarbruecken-25-ticket-ruecklaeufer-noch-zu-haben\/"},"wordCount":13,"publisher":{"@id":"https:\/\/www.fanprojekt-muenster.de\/wordpress\/#organization"},"image":{"@id":"https:\/\/www.fanprojekt-muenster.de\/wordpress\/hier-sind-sie-die-infos-zum-sonderzug-nach-saarbruecken-25-ticket-ruecklaeufer-noch-zu-haben\/#primaryimage"},"thumbnailUrl":"https:\/\/www.fanprojekt-muenster.de\/wordpress\/wp-content\/uploads\/2023\/11\/SB_SONDERZUG-3.jpg","articleSection":["Ausw\u00e4rts","Sonderzug nach Saarbr\u00fccken"],"inLanguage":"de"},{"@type":"WebPage","@id":"https:\/\/www.fanprojekt-muenster.de\/wordpress\/hier-sind-sie-die-infos-zum-sonderzug-nach-saarbruecken-25-ticket-ruecklaeufer-noch-zu-haben\/","url":"https:\/\/www.fanprojekt-muenster.de\/wordpress\/hier-sind-sie-die-infos-zum-sonderzug-nach-saarbruecken-25-ticket-ruecklaeufer-noch-zu-haben\/","name":">>> Letzte Infos zum Sonderzug nach Saarbr\u00fccken +++ 25 Ticket-R\u00fcckl\u00e4ufer noch zu haben","isPartOf":{"@id":"https:\/\/www.fanprojekt-muenster.de\/wordpress\/#website"},"primaryImageOfPage":{"@id":"https:\/\/www.fanprojekt-muenster.de\/wordpress\/hier-sind-sie-die-infos-zum-sonderzug-nach-saarbruecken-25-ticket-ruecklaeufer-noch-zu-haben\/#primaryimage"},"image":{"@id":"https:\/\/www.fanprojekt-muenster.de\/wordpress\/hier-sind-sie-die-infos-zum-sonderzug-nach-saarbruecken-25-ticket-ruecklaeufer-noch-zu-haben\/#primaryimage"},"thumbnailUrl":"https:\/\/www.fanprojekt-muenster.de\/wordpress\/wp-content\/uploads\/2023\/11\/SB_SONDERZUG-3.jpg","datePublished":"2023-11-29T23:20:13+00:00","dateModified":"2023-11-29T23:24:49+00:00","breadcrumb":{"@id":"https:\/\/www.fanprojekt-muenster.de\/wordpress\/hier-sind-sie-die-infos-zum-sonderzug-nach-saarbruecken-25-ticket-ruecklaeufer-noch-zu-haben\/#breadcrumb"},"inLanguage":"de","potentialAction":[{"@type":"ReadAction","target":["https:\/\/www.fanprojekt-muenster.de\/wordpress\/hier-sind-sie-die-infos-zum-sonderzug-nach-saarbruecken-25-ticket-ruecklaeufer-noch-zu-haben\/"]}]},{"@type":"ImageObject","inLanguage":"de","@id":"https:\/\/www.fanprojekt-muenster.de\/wordpress\/hier-sind-sie-die-infos-zum-sonderzug-nach-saarbruecken-25-ticket-ruecklaeufer-noch-zu-haben\/#primaryimage","url":"https:\/\/www.fanprojekt-muenster.de\/wordpress\/wp-content\/uploads\/2023\/11\/SB_SONDERZUG-3.jpg","contentUrl":"https:\/\/www.fanprojekt-muenster.de\/wordpress\/wp-content\/uploads\/2023\/11\/SB_SONDERZUG-3.jpg","width":1280,"height":720},{"@type":"BreadcrumbList","@id":"https:\/\/www.fanprojekt-muenster.de\/wordpress\/hier-sind-sie-die-infos-zum-sonderzug-nach-saarbruecken-25-ticket-ruecklaeufer-noch-zu-haben\/#breadcrumb","itemListElement":[{"@type":"ListItem","position":1,"name":"Startseite","item":"https:\/\/www.fanprojekt-muenster.de\/wordpress\/"},{"@type":"ListItem","position":2,"name":">>> Letzte Infos zum Sonderzug nach Saarbr\u00fccken +++ 25 Ticket-R\u00fcckl\u00e4ufer noch zu haben"}]},{"@type":"WebSite","@id":"https:\/\/www.fanprojekt-muenster.de\/wordpress\/#website","url":"https:\/\/www.fanprojekt-muenster.de\/wordpress\/","name":"Fangemeinschaft Preu\u00dfen M\u00fcnster e. V.","description":"","publisher":{"@id":"https:\/\/www.fanprojekt-muenster.de\/wordpress\/#organization"},"potentialAction":[{"@type":"SearchAction","target":{"@type":"EntryPoint","urlTemplate":"https:\/\/www.fanprojekt-muenster.de\/wordpress\/?s={search_term_string}"},"query-input":{"@type":"PropertyValueSpecification","valueRequired":true,"valueName":"search_term_string"}}],"inLanguage":"de"},{"@type":"Organization","@id":"https:\/\/www.fanprojekt-muenster.de\/wordpress\/#organization","name":"Fangemeinschaft Preu\u00dfen M\u00fcnster e. V.","url":"https:\/\/www.fanprojekt-muenster.de\/wordpress\/","logo":{"@type":"ImageObject","inLanguage":"de","@id":"https:\/\/www.fanprojekt-muenster.de\/wordpress\/#\/schema\/logo\/image\/","url":"https:\/\/www.fanprojekt-muenster.de\/wordpress\/wp-content\/uploads\/2019\/07\/cropped-Website_Logo3-9.png","contentUrl":"https:\/\/www.fanprojekt-muenster.de\/wordpress\/wp-content\/uploads\/2019\/07\/cropped-Website_Logo3-9.png","width":224,"height":42,"caption":"Fangemeinschaft Preu\u00dfen M\u00fcnster e. V."},"image":{"@id":"https:\/\/www.fanprojekt-muenster.de\/wordpress\/#\/schema\/logo\/image\/"}},{"@type":"Person","@id":"https:\/\/www.fanprojekt-muenster.de\/wordpress\/#\/schema\/person\/d6f23c25f1746fe09de1ce0642a01dc0","name":"Julius","url":"https:\/\/www.fanprojekt-muenster.de\/wordpress\/author\/juliush\/"}]}},"author_meta":{"display_name":"Julius","author_link":"https:\/\/www.fanprojekt-muenster.de\/wordpress\/author\/juliush\/"},"featured_img":"https:\/\/www.fanprojekt-muenster.de\/wordpress\/wp-content\/uploads\/2023\/11\/SB_SONDERZUG-3-300x169.jpg","coauthors":[],"tax_additional":{"categories":{"linked":["<a href=\"https:\/\/www.fanprojekt-muenster.de\/wordpress\/category\/auswarts\/\" class=\"advgb-post-tax-term\">Ausw\u00e4rts<\/a>","<a href=\"https:\/\/www.fanprojekt-muenster.de\/wordpress\/category\/auswarts\/sonderzug-nach-saarbruecken\/\" class=\"advgb-post-tax-term\">Sonderzug nach Saarbr\u00fccken<\/a>"],"unlinked":["<span class=\"advgb-post-tax-term\">Ausw\u00e4rts<\/span>","<span class=\"advgb-post-tax-term\">Sonderzug nach Saarbr\u00fccken<\/span>"]}},"comment_count":"0","relative_dates":{"created":"Posted 2\u00a0Jahren ago","modified":"Updated 2\u00a0Jahren ago"},"absolute_dates":{"created":"Posted on 30. November 2023","modified":"Updated on 30. November 2023"},"absolute_dates_time":{"created":"Posted on 30. November 2023 0:20","modified":"Updated on 30. November 2023 0:24"},"featured_img_caption":"","series_order":"","_links":{"self":[{"href":"https:\/\/www.fanprojekt-muenster.de\/wordpress\/wp-json\/wp\/v2\/posts\/9078","targetHints":{"allow":["GET"]}}],"collection":[{"href":"https:\/\/www.fanprojekt-muenster.de\/wordpress\/wp-json\/wp\/v2\/posts"}],"about":[{"href":"https:\/\/www.fanprojekt-muenster.de\/wordpress\/wp-json\/wp\/v2\/types\/post"}],"author":[{"embeddable":true,"href":"https:\/\/www.fanprojekt-muenster.de\/wordpress\/wp-json\/wp\/v2\/users\/11"}],"replies":[{"embeddable":true,"href":"https:\/\/www.fanprojekt-muenster.de\/wordpress\/wp-json\/wp\/v2\/comments?post=9078"}],"version-history":[{"count":4,"href":"https:\/\/www.fanprojekt-muenster.de\/wordpress\/wp-json\/wp\/v2\/posts\/9078\/revisions"}],"predecessor-version":[{"id":9087,"href":"https:\/\/www.fanprojekt-muenster.de\/wordpress\/wp-json\/wp\/v2\/posts\/9078\/revisions\/9087"}],"wp:featuredmedia":[{"embeddable":true,"href":"https:\/\/www.fanprojekt-muenster.de\/wordpress\/wp-json\/wp\/v2\/media\/9084"}],"wp:attachment":[{"href":"https:\/\/www.fanprojekt-muenster.de\/wordpress\/wp-json\/wp\/v2\/media?parent=9078"}],"wp:term":[{"taxonomy":"category","embeddable":true,"href":"https:\/\/www.fanprojekt-muenster.de\/wordpress\/wp-json\/wp\/v2\/categories?post=9078"},{"taxonomy":"post_tag","embeddable":true,"href":"https:\/\/www.fanprojekt-muenster.de\/wordpress\/wp-json\/wp\/v2\/tags?post=9078"}],"curies":[{"name":"wp","href":"https:\/\/api.w.org\/{rel}","templated":true}]}}