{"id":9074,"date":"2023-11-23T16:08:27","date_gmt":"2023-11-23T15:08:27","guid":{"rendered":"https:\/\/www.fanprojekt-muenster.de\/wordpress\/?p=9074"},"modified":"2023-11-23T16:08:28","modified_gmt":"2023-11-23T15:08:28","slug":"infos-zur-zugfahrt-nach-saarbruecken","status":"publish","type":"post","link":"https:\/\/www.fanprojekt-muenster.de\/wordpress\/infos-zur-zugfahrt-nach-saarbruecken\/","title":{"rendered":"Infos zur Zugfahrt nach Saarbr\u00fccken"},"content":{"rendered":"\n<p class=\"has-text-align-left\"><strong>Liebe Preu\u00dfenfans, am Samstag, 2. Dezember, rollt endlich der erste Sonderzug nach mehr als vier Jahren. Wir haben Details f\u00fcr die Tour ins Saarland f\u00fcr euch:<\/strong><\/p>\n\n\n\n<p><strong>Tickets\/Bezahlung\/<\/strong><strong> Platzvergabe:<\/strong><\/p>\n\n\n\n<p class=\"has-text-align-left\">Das Wichtigste vorab: Ihr <strong>M\u00dcSST <\/strong>eure Zugtickets am Sonntag vor bzw. beim Heimspiel gegen Viktoria K\u00f6ln abholen und bezahlen. Wenn ihr selbst nicht k\u00f6nnt, beauftragt bitte jemanden aus eurem Umfeld, das f\u00fcr euch zu erledigen. Der einfachste Weg ist die Zahlung der <strong>75 \u20ac in bar<\/strong>. Per \u00dcberweisung ist eine Zahlung notwendig, die bis Freitag auf dem Konto des Fanprojekts eingegangen sein muss. Nochmal die Kontodaten hierf\u00fcr:<\/p>\n\n\n\n<p><strong>Name: Fanprojekt Preu\u00dfen M\u00fcnster e.V.<\/strong><\/p>\n\n\n\n<p><strong>IBAN: DE 37 4005 0150 0000 3931 16<\/strong><\/p>\n\n\n\n<p>Wir haben eigens f\u00fcnf Kassenh\u00e4uschen am Sonntag daf\u00fcr abgestellt, um Zahlung und Ticketausgabe reibungslos zu organisieren. Sofern ihr euch in einer kleineren Gruppe und nicht als Einzelperson angemeldet habt, macht es uns bitte so einfach wie m\u00f6glich und stellt eine Person dazu ab, Bezahlung und Ticket\u00fcbernahme zu organisieren.<\/p>\n\n\n\n<p>Im Vorfeld haben wir euch gem\u00e4\u00df eurer W\u00fcnsche auf die Abteile zugeteilt. Gemeinsam angemeldete Gruppen sitzen in jedem Fall in einem Abteil. Eure Platznummern entnehmt ihr bitte den Fahrkarten.<\/p>\n\n\n\n<p><strong>Abfahrts- und Ankunftszeiten:<\/strong><br>Ihr m\u00fcsst fr\u00fch aufstehen. Die Abfahrt ab M\u00fcnster ist <strong>um 04:56 Uhr<\/strong>. Geplante Ankunftszeit in Saarbr\u00fccken ist um 12:00 Uhr. Zur\u00fcck ist die Abfahrt f\u00fcr 17:27 Uhr geplant, Ankunft in M\u00fcnster soll um <strong>0:57 Uhr<\/strong> sein. Der Grund f\u00fcr die lange Fahrtzeit von rund sieben Stunden sind laut Deutscher Bahn Baustellen auf der Strecke sowie das samstags sehr hohe Verkehrsaufkommen auf den Schienen. Wir k\u00f6nnen die Zeiten nicht beeinflussen, freuen uns aber umso mehr auf eine l\u00e4ngere und sicherlich tolle Zeit unter Preu\u00dfenfans im Zug. Oberstes Ziel ist es nat\u00fcrlich, dass wir p\u00fcnktlich zum Spiel kommen und auch einen kleinen Puffer haben, falls w\u00e4hrend der Fahrt Verz\u00f6gerungen auftreten. Wir bitten um euer Verst\u00e4ndnis hierf\u00fcr.<br><br><strong>Catering:<\/strong><br>Die Verpflegung und Musik im \u201eSambawagen\u201c werden vollst\u00e4ndig in Eigenregie organisiert: Wir bieten euch dort u. a. Kaffee, Softdrinks, Bier, Schnaps und Longdrinks an. F\u00fcr das leibliche Wohl sorgen wir mit Schnitzeln, Frikadellenbr\u00f6tchen, Vegetarischem und Snacks, die das Angebot abrunden.<\/p>\n\n\n\n<p class=\"has-text-align-left\">Auf drei Punkte im Saarland \u2013 Wir freuen uns!<\/p>\n","protected":false},"excerpt":{"rendered":"<p>Liebe Preu\u00dfenfans, am Samstag, 2. Dezember, rollt endlich der erste Sonderzug nach mehr als vier Jahren. Wir haben Details f\u00fcr die Tour ins Saarland f\u00fcr euch: Tickets\/Bezahlung\/ Platzvergabe: Das Wichtigste&#8230; <a class=\"read-more-link\" href=\"https:\/\/www.fanprojekt-muenster.de\/wordpress\/infos-zur-zugfahrt-nach-saarbruecken\/\">Read more &raquo;<\/a><\/p>\n","protected":false},"author":11,"featured_media":9076,"comment_status":"closed","ping_status":"open","sticky":false,"template":"","format":"standard","meta":{"advgb_blocks_editor_width":"","advgb_blocks_columns_visual_guide":"","footnotes":""},"categories":[4,320],"tags":[],"class_list":["post-9074","post","type-post","status-publish","format-standard","has-post-thumbnail","hentry","category-auswarts","category-sonderzug-nach-saarbruecken"],"featured_image_src":"https:\/\/www.fanprojekt-muenster.de\/wordpress\/wp-content\/uploads\/2023\/11\/Plakat-e1700750216671.jpg","author_info":{"display_name":"Julius","author_link":"https:\/\/www.fanprojekt-muenster.de\/wordpress\/author\/juliush\/"},"yoast_head":"<!-- This site is optimized with the Yoast SEO plugin v27.2 - https:\/\/yoast.com\/product\/yoast-seo-wordpress\/ -->\n<title>Infos zur Zugfahrt nach Saarbr\u00fccken - Fangemeinschaft Preu\u00dfen M\u00fcnster e. V.<\/title>\n<meta name=\"robots\" content=\"index, follow, max-snippet:-1, max-image-preview:large, max-video-preview:-1\" \/>\n<link rel=\"canonical\" href=\"https:\/\/www.fanprojekt-muenster.de\/wordpress\/infos-zur-zugfahrt-nach-saarbruecken\/\" \/>\n<meta property=\"og:locale\" content=\"de_DE\" \/>\n<meta property=\"og:type\" content=\"article\" \/>\n<meta property=\"og:title\" content=\"Infos zur Zugfahrt nach Saarbr\u00fccken - Fangemeinschaft Preu\u00dfen M\u00fcnster e. V.\" \/>\n<meta property=\"og:description\" content=\"Liebe Preu\u00dfenfans, am Samstag, 2. Dezember, rollt endlich der erste Sonderzug nach mehr als vier Jahren. Wir haben Details f\u00fcr die Tour ins Saarland f\u00fcr euch: Tickets\/Bezahlung\/ Platzvergabe: Das Wichtigste... Read more &raquo;\" \/>\n<meta property=\"og:url\" content=\"https:\/\/www.fanprojekt-muenster.de\/wordpress\/infos-zur-zugfahrt-nach-saarbruecken\/\" \/>\n<meta property=\"og:site_name\" content=\"Fangemeinschaft Preu\u00dfen M\u00fcnster e. V.\" \/>\n<meta property=\"article:published_time\" content=\"2023-11-23T15:08:27+00:00\" \/>\n<meta property=\"article:modified_time\" content=\"2023-11-23T15:08:28+00:00\" \/>\n<meta property=\"og:image\" content=\"https:\/\/www.fanprojekt-muenster.de\/wordpress\/wp-content\/uploads\/2023\/11\/Plakat-e1700750216671.jpg\" \/>\n\t<meta property=\"og:image:width\" content=\"960\" \/>\n\t<meta property=\"og:image:height\" content=\"628\" \/>\n\t<meta property=\"og:image:type\" content=\"image\/jpeg\" \/>\n<meta name=\"author\" content=\"Julius\" \/>\n<meta name=\"twitter:card\" content=\"summary_large_image\" \/>\n<meta name=\"twitter:label1\" content=\"Verfasst von\" \/>\n\t<meta name=\"twitter:data1\" content=\"Julius\" \/>\n\t<meta name=\"twitter:label2\" content=\"Gesch\u00e4tzte Lesezeit\" \/>\n\t<meta name=\"twitter:data2\" content=\"2\u00a0Minuten\" \/>\n<script type=\"application\/ld+json\" class=\"yoast-schema-graph\">{\"@context\":\"https:\/\/schema.org\",\"@graph\":[{\"@type\":\"Article\",\"@id\":\"https:\/\/www.fanprojekt-muenster.de\/wordpress\/infos-zur-zugfahrt-nach-saarbruecken\/#article\",\"isPartOf\":{\"@id\":\"https:\/\/www.fanprojekt-muenster.de\/wordpress\/infos-zur-zugfahrt-nach-saarbruecken\/\"},\"author\":{\"name\":\"Julius\",\"@id\":\"https:\/\/www.fanprojekt-muenster.de\/wordpress\/#\/schema\/person\/d6f23c25f1746fe09de1ce0642a01dc0\"},\"headline\":\"Infos zur Zugfahrt nach Saarbr\u00fccken\",\"datePublished\":\"2023-11-23T15:08:27+00:00\",\"dateModified\":\"2023-11-23T15:08:28+00:00\",\"mainEntityOfPage\":{\"@id\":\"https:\/\/www.fanprojekt-muenster.de\/wordpress\/infos-zur-zugfahrt-nach-saarbruecken\/\"},\"wordCount\":382,\"publisher\":{\"@id\":\"https:\/\/www.fanprojekt-muenster.de\/wordpress\/#organization\"},\"image\":{\"@id\":\"https:\/\/www.fanprojekt-muenster.de\/wordpress\/infos-zur-zugfahrt-nach-saarbruecken\/#primaryimage\"},\"thumbnailUrl\":\"https:\/\/www.fanprojekt-muenster.de\/wordpress\/wp-content\/uploads\/2023\/11\/Plakat-e1700750216671.jpg\",\"articleSection\":[\"Ausw\u00e4rts\",\"Sonderzug nach Saarbr\u00fccken\"],\"inLanguage\":\"de\"},{\"@type\":\"WebPage\",\"@id\":\"https:\/\/www.fanprojekt-muenster.de\/wordpress\/infos-zur-zugfahrt-nach-saarbruecken\/\",\"url\":\"https:\/\/www.fanprojekt-muenster.de\/wordpress\/infos-zur-zugfahrt-nach-saarbruecken\/\",\"name\":\"Infos zur Zugfahrt nach Saarbr\u00fccken - Fangemeinschaft Preu\u00dfen M\u00fcnster e. V.\",\"isPartOf\":{\"@id\":\"https:\/\/www.fanprojekt-muenster.de\/wordpress\/#website\"},\"primaryImageOfPage\":{\"@id\":\"https:\/\/www.fanprojekt-muenster.de\/wordpress\/infos-zur-zugfahrt-nach-saarbruecken\/#primaryimage\"},\"image\":{\"@id\":\"https:\/\/www.fanprojekt-muenster.de\/wordpress\/infos-zur-zugfahrt-nach-saarbruecken\/#primaryimage\"},\"thumbnailUrl\":\"https:\/\/www.fanprojekt-muenster.de\/wordpress\/wp-content\/uploads\/2023\/11\/Plakat-e1700750216671.jpg\",\"datePublished\":\"2023-11-23T15:08:27+00:00\",\"dateModified\":\"2023-11-23T15:08:28+00:00\",\"breadcrumb\":{\"@id\":\"https:\/\/www.fanprojekt-muenster.de\/wordpress\/infos-zur-zugfahrt-nach-saarbruecken\/#breadcrumb\"},\"inLanguage\":\"de\",\"potentialAction\":[{\"@type\":\"ReadAction\",\"target\":[\"https:\/\/www.fanprojekt-muenster.de\/wordpress\/infos-zur-zugfahrt-nach-saarbruecken\/\"]}]},{\"@type\":\"ImageObject\",\"inLanguage\":\"de\",\"@id\":\"https:\/\/www.fanprojekt-muenster.de\/wordpress\/infos-zur-zugfahrt-nach-saarbruecken\/#primaryimage\",\"url\":\"https:\/\/www.fanprojekt-muenster.de\/wordpress\/wp-content\/uploads\/2023\/11\/Plakat-e1700750216671.jpg\",\"contentUrl\":\"https:\/\/www.fanprojekt-muenster.de\/wordpress\/wp-content\/uploads\/2023\/11\/Plakat-e1700750216671.jpg\",\"width\":960,\"height\":628},{\"@type\":\"BreadcrumbList\",\"@id\":\"https:\/\/www.fanprojekt-muenster.de\/wordpress\/infos-zur-zugfahrt-nach-saarbruecken\/#breadcrumb\",\"itemListElement\":[{\"@type\":\"ListItem\",\"position\":1,\"name\":\"Startseite\",\"item\":\"https:\/\/www.fanprojekt-muenster.de\/wordpress\/\"},{\"@type\":\"ListItem\",\"position\":2,\"name\":\"Infos zur Zugfahrt nach Saarbr\u00fccken\"}]},{\"@type\":\"WebSite\",\"@id\":\"https:\/\/www.fanprojekt-muenster.de\/wordpress\/#website\",\"url\":\"https:\/\/www.fanprojekt-muenster.de\/wordpress\/\",\"name\":\"Fangemeinschaft Preu\u00dfen M\u00fcnster e. V.\",\"description\":\"\",\"publisher\":{\"@id\":\"https:\/\/www.fanprojekt-muenster.de\/wordpress\/#organization\"},\"potentialAction\":[{\"@type\":\"SearchAction\",\"target\":{\"@type\":\"EntryPoint\",\"urlTemplate\":\"https:\/\/www.fanprojekt-muenster.de\/wordpress\/?s={search_term_string}\"},\"query-input\":{\"@type\":\"PropertyValueSpecification\",\"valueRequired\":true,\"valueName\":\"search_term_string\"}}],\"inLanguage\":\"de\"},{\"@type\":\"Organization\",\"@id\":\"https:\/\/www.fanprojekt-muenster.de\/wordpress\/#organization\",\"name\":\"Fangemeinschaft Preu\u00dfen M\u00fcnster e. V.\",\"url\":\"https:\/\/www.fanprojekt-muenster.de\/wordpress\/\",\"logo\":{\"@type\":\"ImageObject\",\"inLanguage\":\"de\",\"@id\":\"https:\/\/www.fanprojekt-muenster.de\/wordpress\/#\/schema\/logo\/image\/\",\"url\":\"https:\/\/www.fanprojekt-muenster.de\/wordpress\/wp-content\/uploads\/2019\/07\/cropped-Website_Logo3-9.png\",\"contentUrl\":\"https:\/\/www.fanprojekt-muenster.de\/wordpress\/wp-content\/uploads\/2019\/07\/cropped-Website_Logo3-9.png\",\"width\":224,\"height\":42,\"caption\":\"Fangemeinschaft Preu\u00dfen M\u00fcnster e. V.\"},\"image\":{\"@id\":\"https:\/\/www.fanprojekt-muenster.de\/wordpress\/#\/schema\/logo\/image\/\"}},{\"@type\":\"Person\",\"@id\":\"https:\/\/www.fanprojekt-muenster.de\/wordpress\/#\/schema\/person\/d6f23c25f1746fe09de1ce0642a01dc0\",\"name\":\"Julius\",\"url\":\"https:\/\/www.fanprojekt-muenster.de\/wordpress\/author\/juliush\/\"}]}<\/script>\n<!-- \/ Yoast SEO plugin. -->","yoast_head_json":{"title":"Infos zur Zugfahrt nach Saarbr\u00fccken - Fangemeinschaft Preu\u00dfen M\u00fcnster e. V.","robots":{"index":"index","follow":"follow","max-snippet":"max-snippet:-1","max-image-preview":"max-image-preview:large","max-video-preview":"max-video-preview:-1"},"canonical":"https:\/\/www.fanprojekt-muenster.de\/wordpress\/infos-zur-zugfahrt-nach-saarbruecken\/","og_locale":"de_DE","og_type":"article","og_title":"Infos zur Zugfahrt nach Saarbr\u00fccken - Fangemeinschaft Preu\u00dfen M\u00fcnster e. V.","og_description":"Liebe Preu\u00dfenfans, am Samstag, 2. Dezember, rollt endlich der erste Sonderzug nach mehr als vier Jahren. Wir haben Details f\u00fcr die Tour ins Saarland f\u00fcr euch: Tickets\/Bezahlung\/ Platzvergabe: Das Wichtigste... Read more &raquo;","og_url":"https:\/\/www.fanprojekt-muenster.de\/wordpress\/infos-zur-zugfahrt-nach-saarbruecken\/","og_site_name":"Fangemeinschaft Preu\u00dfen M\u00fcnster e. V.","article_published_time":"2023-11-23T15:08:27+00:00","article_modified_time":"2023-11-23T15:08:28+00:00","og_image":[{"width":960,"height":628,"url":"https:\/\/www.fanprojekt-muenster.de\/wordpress\/wp-content\/uploads\/2023\/11\/Plakat-e1700750216671.jpg","type":"image\/jpeg"}],"author":"Julius","twitter_card":"summary_large_image","twitter_misc":{"Verfasst von":"Julius","Gesch\u00e4tzte Lesezeit":"2\u00a0Minuten"},"schema":{"@context":"https:\/\/schema.org","@graph":[{"@type":"Article","@id":"https:\/\/www.fanprojekt-muenster.de\/wordpress\/infos-zur-zugfahrt-nach-saarbruecken\/#article","isPartOf":{"@id":"https:\/\/www.fanprojekt-muenster.de\/wordpress\/infos-zur-zugfahrt-nach-saarbruecken\/"},"author":{"name":"Julius","@id":"https:\/\/www.fanprojekt-muenster.de\/wordpress\/#\/schema\/person\/d6f23c25f1746fe09de1ce0642a01dc0"},"headline":"Infos zur Zugfahrt nach Saarbr\u00fccken","datePublished":"2023-11-23T15:08:27+00:00","dateModified":"2023-11-23T15:08:28+00:00","mainEntityOfPage":{"@id":"https:\/\/www.fanprojekt-muenster.de\/wordpress\/infos-zur-zugfahrt-nach-saarbruecken\/"},"wordCount":382,"publisher":{"@id":"https:\/\/www.fanprojekt-muenster.de\/wordpress\/#organization"},"image":{"@id":"https:\/\/www.fanprojekt-muenster.de\/wordpress\/infos-zur-zugfahrt-nach-saarbruecken\/#primaryimage"},"thumbnailUrl":"https:\/\/www.fanprojekt-muenster.de\/wordpress\/wp-content\/uploads\/2023\/11\/Plakat-e1700750216671.jpg","articleSection":["Ausw\u00e4rts","Sonderzug nach Saarbr\u00fccken"],"inLanguage":"de"},{"@type":"WebPage","@id":"https:\/\/www.fanprojekt-muenster.de\/wordpress\/infos-zur-zugfahrt-nach-saarbruecken\/","url":"https:\/\/www.fanprojekt-muenster.de\/wordpress\/infos-zur-zugfahrt-nach-saarbruecken\/","name":"Infos zur Zugfahrt nach Saarbr\u00fccken - Fangemeinschaft Preu\u00dfen M\u00fcnster e. V.","isPartOf":{"@id":"https:\/\/www.fanprojekt-muenster.de\/wordpress\/#website"},"primaryImageOfPage":{"@id":"https:\/\/www.fanprojekt-muenster.de\/wordpress\/infos-zur-zugfahrt-nach-saarbruecken\/#primaryimage"},"image":{"@id":"https:\/\/www.fanprojekt-muenster.de\/wordpress\/infos-zur-zugfahrt-nach-saarbruecken\/#primaryimage"},"thumbnailUrl":"https:\/\/www.fanprojekt-muenster.de\/wordpress\/wp-content\/uploads\/2023\/11\/Plakat-e1700750216671.jpg","datePublished":"2023-11-23T15:08:27+00:00","dateModified":"2023-11-23T15:08:28+00:00","breadcrumb":{"@id":"https:\/\/www.fanprojekt-muenster.de\/wordpress\/infos-zur-zugfahrt-nach-saarbruecken\/#breadcrumb"},"inLanguage":"de","potentialAction":[{"@type":"ReadAction","target":["https:\/\/www.fanprojekt-muenster.de\/wordpress\/infos-zur-zugfahrt-nach-saarbruecken\/"]}]},{"@type":"ImageObject","inLanguage":"de","@id":"https:\/\/www.fanprojekt-muenster.de\/wordpress\/infos-zur-zugfahrt-nach-saarbruecken\/#primaryimage","url":"https:\/\/www.fanprojekt-muenster.de\/wordpress\/wp-content\/uploads\/2023\/11\/Plakat-e1700750216671.jpg","contentUrl":"https:\/\/www.fanprojekt-muenster.de\/wordpress\/wp-content\/uploads\/2023\/11\/Plakat-e1700750216671.jpg","width":960,"height":628},{"@type":"BreadcrumbList","@id":"https:\/\/www.fanprojekt-muenster.de\/wordpress\/infos-zur-zugfahrt-nach-saarbruecken\/#breadcrumb","itemListElement":[{"@type":"ListItem","position":1,"name":"Startseite","item":"https:\/\/www.fanprojekt-muenster.de\/wordpress\/"},{"@type":"ListItem","position":2,"name":"Infos zur Zugfahrt nach Saarbr\u00fccken"}]},{"@type":"WebSite","@id":"https:\/\/www.fanprojekt-muenster.de\/wordpress\/#website","url":"https:\/\/www.fanprojekt-muenster.de\/wordpress\/","name":"Fangemeinschaft Preu\u00dfen M\u00fcnster e. V.","description":"","publisher":{"@id":"https:\/\/www.fanprojekt-muenster.de\/wordpress\/#organization"},"potentialAction":[{"@type":"SearchAction","target":{"@type":"EntryPoint","urlTemplate":"https:\/\/www.fanprojekt-muenster.de\/wordpress\/?s={search_term_string}"},"query-input":{"@type":"PropertyValueSpecification","valueRequired":true,"valueName":"search_term_string"}}],"inLanguage":"de"},{"@type":"Organization","@id":"https:\/\/www.fanprojekt-muenster.de\/wordpress\/#organization","name":"Fangemeinschaft Preu\u00dfen M\u00fcnster e. V.","url":"https:\/\/www.fanprojekt-muenster.de\/wordpress\/","logo":{"@type":"ImageObject","inLanguage":"de","@id":"https:\/\/www.fanprojekt-muenster.de\/wordpress\/#\/schema\/logo\/image\/","url":"https:\/\/www.fanprojekt-muenster.de\/wordpress\/wp-content\/uploads\/2019\/07\/cropped-Website_Logo3-9.png","contentUrl":"https:\/\/www.fanprojekt-muenster.de\/wordpress\/wp-content\/uploads\/2019\/07\/cropped-Website_Logo3-9.png","width":224,"height":42,"caption":"Fangemeinschaft Preu\u00dfen M\u00fcnster e. V."},"image":{"@id":"https:\/\/www.fanprojekt-muenster.de\/wordpress\/#\/schema\/logo\/image\/"}},{"@type":"Person","@id":"https:\/\/www.fanprojekt-muenster.de\/wordpress\/#\/schema\/person\/d6f23c25f1746fe09de1ce0642a01dc0","name":"Julius","url":"https:\/\/www.fanprojekt-muenster.de\/wordpress\/author\/juliush\/"}]}},"author_meta":{"display_name":"Julius","author_link":"https:\/\/www.fanprojekt-muenster.de\/wordpress\/author\/juliush\/"},"featured_img":"https:\/\/www.fanprojekt-muenster.de\/wordpress\/wp-content\/uploads\/2023\/11\/Plakat-e1700750216671-300x196.jpg","coauthors":[],"tax_additional":{"categories":{"linked":["<a href=\"https:\/\/www.fanprojekt-muenster.de\/wordpress\/category\/auswarts\/\" class=\"advgb-post-tax-term\">Ausw\u00e4rts<\/a>","<a href=\"https:\/\/www.fanprojekt-muenster.de\/wordpress\/category\/auswarts\/sonderzug-nach-saarbruecken\/\" class=\"advgb-post-tax-term\">Sonderzug nach Saarbr\u00fccken<\/a>"],"unlinked":["<span class=\"advgb-post-tax-term\">Ausw\u00e4rts<\/span>","<span class=\"advgb-post-tax-term\">Sonderzug nach Saarbr\u00fccken<\/span>"]}},"comment_count":"0","relative_dates":{"created":"Posted 2\u00a0Jahren ago","modified":"Updated 2\u00a0Jahren ago"},"absolute_dates":{"created":"Posted on 23. November 2023","modified":"Updated on 23. November 2023"},"absolute_dates_time":{"created":"Posted on 23. November 2023 16:08","modified":"Updated on 23. November 2023 16:08"},"featured_img_caption":"","series_order":"","_links":{"self":[{"href":"https:\/\/www.fanprojekt-muenster.de\/wordpress\/wp-json\/wp\/v2\/posts\/9074","targetHints":{"allow":["GET"]}}],"collection":[{"href":"https:\/\/www.fanprojekt-muenster.de\/wordpress\/wp-json\/wp\/v2\/posts"}],"about":[{"href":"https:\/\/www.fanprojekt-muenster.de\/wordpress\/wp-json\/wp\/v2\/types\/post"}],"author":[{"embeddable":true,"href":"https:\/\/www.fanprojekt-muenster.de\/wordpress\/wp-json\/wp\/v2\/users\/11"}],"replies":[{"embeddable":true,"href":"https:\/\/www.fanprojekt-muenster.de\/wordpress\/wp-json\/wp\/v2\/comments?post=9074"}],"version-history":[{"count":1,"href":"https:\/\/www.fanprojekt-muenster.de\/wordpress\/wp-json\/wp\/v2\/posts\/9074\/revisions"}],"predecessor-version":[{"id":9077,"href":"https:\/\/www.fanprojekt-muenster.de\/wordpress\/wp-json\/wp\/v2\/posts\/9074\/revisions\/9077"}],"wp:featuredmedia":[{"embeddable":true,"href":"https:\/\/www.fanprojekt-muenster.de\/wordpress\/wp-json\/wp\/v2\/media\/9076"}],"wp:attachment":[{"href":"https:\/\/www.fanprojekt-muenster.de\/wordpress\/wp-json\/wp\/v2\/media?parent=9074"}],"wp:term":[{"taxonomy":"category","embeddable":true,"href":"https:\/\/www.fanprojekt-muenster.de\/wordpress\/wp-json\/wp\/v2\/categories?post=9074"},{"taxonomy":"post_tag","embeddable":true,"href":"https:\/\/www.fanprojekt-muenster.de\/wordpress\/wp-json\/wp\/v2\/tags?post=9074"}],"curies":[{"name":"wp","href":"https:\/\/api.w.org\/{rel}","templated":true}]}}