{"id":9069,"date":"2023-11-22T20:08:38","date_gmt":"2023-11-22T19:08:38","guid":{"rendered":"https:\/\/www.fanprojekt-muenster.de\/wordpress\/?p=9069"},"modified":"2023-11-22T20:08:39","modified_gmt":"2023-11-22T19:08:39","slug":"die-fangemeinschaft-initiiert-aktionen-zugunsten-des-sc-preussen-muenster","status":"publish","type":"post","link":"https:\/\/www.fanprojekt-muenster.de\/wordpress\/die-fangemeinschaft-initiiert-aktionen-zugunsten-des-sc-preussen-muenster\/","title":{"rendered":"Die Fangemeinschaft initiiert Aktionen zugunsten des SC Preu\u00dfen M\u00fcnster"},"content":{"rendered":"\n<p><strong>DFB-Strafe aus dem Pokalspiel gegen den FC Bayern M\u00fcnchen soll abgemildert werden<\/strong><\/p>\n\n\n\n<p class=\"has-text-align-left\">Am vergangenen Freitag erhielt der SC Preu\u00dfen M\u00fcnster vom Sportgericht des Deutschen Fu\u00dfball-Bundes (DFB) eine nie dagewesene Strafe in H\u00f6he von 106.950 Euro f\u00fcr das Abbrennen pyrotechnischer Gegenst\u00e4nde. Die Fangemeinschaft Preu\u00dfen M\u00fcnster bezieht dazu wie folgt Stellung:<\/p>\n\n\n\n<p>In den vergangenen Jahren hat sich das Verh\u00e4ltnis zwischen Vereinsf\u00fchrung und den vielen Fangruppen des SC Preu\u00dfen M\u00fcnster deutlich verbessert. Aus diesem Gef\u00fchl des Zusammenhalts erwuchs neue St\u00e4rke. Wir haben zusammen sportliche R\u00fcckschl\u00e4ge wie den sportlichen Abstieg in die Regionalliga verarbeitet und sind st\u00e4rker als zuvor in der dritten Liga angekommen. Der Wunsch der Fangemeinschaft Preu\u00dfen M\u00fcnster ist es, dass dieser Weg weiterhin auf allen Ebenen gemeinsam weitergegangen wird.<\/p>\n\n\n\n<p>Die verh\u00e4ngte DFB-Strafe nach dem Pokalspiel gegen den FC Bayern M\u00fcnchen birgt das Risiko, einen Keil zwischen Verein und Fans zu treiben. Das Strafensystem des DFB ist vollkommen au\u00dfer Kontrolle geraten. Daraus resultiert eine absurde, nie dagewesene Strafh\u00f6he, die Konsequenzen f\u00fcr den Alltag unseres Vereins hat. Das Geld fehlt an vielen Stellen. Die Fangemeinschaft als Dachverband f\u00fcr Preu\u00dfenfans aus allen Bereichen des Stadions m\u00f6chte ein Zeichen daf\u00fcr setzen, dass Fans, Fanszene und Verein sich nicht entzweien lassen.<\/p>\n\n\n\n<p>Wir wollen dem SC Preu\u00dfen M\u00fcnster finanziell zur Seite stehen, um die negativen Folgen der DFB-Strafe abzumildern. Wir hoffen, dass sich uns in den kommenden Tagen und Wochen viele Freunde, Fans und F\u00f6rderer anschlie\u00dfen und die verschiedenen Aktionen unterst\u00fctzen. Zu den geplanten Aktionen werden wir uns zeitnah detailliert melden!<\/p>\n\n\n\n<p>Unabh\u00e4ngig von den geplanten Aktionen k\u00f6nnt ihr euch bereits jetzt mit einer Geldsumme eurer Wahl direkt beteiligen.<\/p>\n\n\n\n<p><\/p>\n\n\n\n<p>Wir nutzen das <strong>PayPal-Konto von Nullsechs.de <\/strong>(ehemals Preu\u00dfenForum), damit Geldspenden ohne zus\u00e4tzliche Geb\u00fchren eingesammelt und zu 100 Prozent an den Verein weitergeleitet werden k\u00f6nnen.<\/p>\n\n\n\n<p><strong>Adresse: <a href=\"https:\/\/paypal.me\/Preussenforum\">https:\/\/paypal.me\/Preussenforum<\/a><\/strong><\/p>\n\n\n\n<p>Wenn ihr euch mit eigenen Aktionen oder Ideen einbringen m\u00f6chtet, kontaktiert uns gern \u00fcber<\/p>\n\n\n\n<p><a href=\"mailto:kontakt@fanprojekt-muenster.de\">kontakt@fanprojekt-muenster.de<\/a><\/p>\n","protected":false},"excerpt":{"rendered":"<p>DFB-Strafe aus dem Pokalspiel gegen den FC Bayern M\u00fcnchen soll abgemildert werden Am vergangenen Freitag erhielt der SC Preu\u00dfen M\u00fcnster vom Sportgericht des Deutschen Fu\u00dfball-Bundes (DFB) eine nie dagewesene Strafe&#8230; <a class=\"read-more-link\" href=\"https:\/\/www.fanprojekt-muenster.de\/wordpress\/die-fangemeinschaft-initiiert-aktionen-zugunsten-des-sc-preussen-muenster\/\">Read more &raquo;<\/a><\/p>\n","protected":false},"author":11,"featured_media":9071,"comment_status":"closed","ping_status":"open","sticky":false,"template":"","format":"standard","meta":{"advgb_blocks_editor_width":"","advgb_blocks_columns_visual_guide":"","footnotes":""},"categories":[1],"tags":[],"class_list":["post-9069","post","type-post","status-publish","format-standard","has-post-thumbnail","hentry","category-allgemein"],"featured_image_src":"https:\/\/www.fanprojekt-muenster.de\/wordpress\/wp-content\/uploads\/2023\/11\/cropped-Logo_FP-400x300-512x432-2.jpg","author_info":{"display_name":"Julius","author_link":"https:\/\/www.fanprojekt-muenster.de\/wordpress\/author\/juliush\/"},"yoast_head":"<!-- This site is optimized with the Yoast SEO plugin v27.2 - https:\/\/yoast.com\/product\/yoast-seo-wordpress\/ -->\n<title>Die Fangemeinschaft initiiert Aktionen zugunsten des SC Preu\u00dfen M\u00fcnster - Fangemeinschaft Preu\u00dfen M\u00fcnster e. V.<\/title>\n<meta name=\"robots\" content=\"index, follow, max-snippet:-1, max-image-preview:large, max-video-preview:-1\" \/>\n<link rel=\"canonical\" href=\"https:\/\/www.fanprojekt-muenster.de\/wordpress\/die-fangemeinschaft-initiiert-aktionen-zugunsten-des-sc-preussen-muenster\/\" \/>\n<meta property=\"og:locale\" content=\"de_DE\" \/>\n<meta property=\"og:type\" content=\"article\" \/>\n<meta property=\"og:title\" content=\"Die Fangemeinschaft initiiert Aktionen zugunsten des SC Preu\u00dfen M\u00fcnster - Fangemeinschaft Preu\u00dfen M\u00fcnster e. V.\" \/>\n<meta property=\"og:description\" content=\"DFB-Strafe aus dem Pokalspiel gegen den FC Bayern M\u00fcnchen soll abgemildert werden Am vergangenen Freitag erhielt der SC Preu\u00dfen M\u00fcnster vom Sportgericht des Deutschen Fu\u00dfball-Bundes (DFB) eine nie dagewesene Strafe... Read more &raquo;\" \/>\n<meta property=\"og:url\" content=\"https:\/\/www.fanprojekt-muenster.de\/wordpress\/die-fangemeinschaft-initiiert-aktionen-zugunsten-des-sc-preussen-muenster\/\" \/>\n<meta property=\"og:site_name\" content=\"Fangemeinschaft Preu\u00dfen M\u00fcnster e. V.\" \/>\n<meta property=\"article:published_time\" content=\"2023-11-22T19:08:38+00:00\" \/>\n<meta property=\"article:modified_time\" content=\"2023-11-22T19:08:39+00:00\" \/>\n<meta property=\"og:image\" content=\"https:\/\/www.fanprojekt-muenster.de\/wordpress\/wp-content\/uploads\/2023\/11\/cropped-Logo_FP-400x300-512x432-2.jpg\" \/>\n\t<meta property=\"og:image:width\" content=\"512\" \/>\n\t<meta property=\"og:image:height\" content=\"432\" \/>\n\t<meta property=\"og:image:type\" content=\"image\/jpeg\" \/>\n<meta name=\"author\" content=\"Julius\" \/>\n<meta name=\"twitter:card\" content=\"summary_large_image\" \/>\n<meta name=\"twitter:label1\" content=\"Verfasst von\" \/>\n\t<meta name=\"twitter:data1\" content=\"Julius\" \/>\n\t<meta name=\"twitter:label2\" content=\"Gesch\u00e4tzte Lesezeit\" \/>\n\t<meta name=\"twitter:data2\" content=\"2\u00a0Minuten\" \/>\n<script type=\"application\/ld+json\" class=\"yoast-schema-graph\">{\"@context\":\"https:\/\/schema.org\",\"@graph\":[{\"@type\":\"Article\",\"@id\":\"https:\/\/www.fanprojekt-muenster.de\/wordpress\/die-fangemeinschaft-initiiert-aktionen-zugunsten-des-sc-preussen-muenster\/#article\",\"isPartOf\":{\"@id\":\"https:\/\/www.fanprojekt-muenster.de\/wordpress\/die-fangemeinschaft-initiiert-aktionen-zugunsten-des-sc-preussen-muenster\/\"},\"author\":{\"name\":\"Julius\",\"@id\":\"https:\/\/www.fanprojekt-muenster.de\/wordpress\/#\/schema\/person\/d6f23c25f1746fe09de1ce0642a01dc0\"},\"headline\":\"Die Fangemeinschaft initiiert Aktionen zugunsten des SC Preu\u00dfen M\u00fcnster\",\"datePublished\":\"2023-11-22T19:08:38+00:00\",\"dateModified\":\"2023-11-22T19:08:39+00:00\",\"mainEntityOfPage\":{\"@id\":\"https:\/\/www.fanprojekt-muenster.de\/wordpress\/die-fangemeinschaft-initiiert-aktionen-zugunsten-des-sc-preussen-muenster\/\"},\"wordCount\":358,\"publisher\":{\"@id\":\"https:\/\/www.fanprojekt-muenster.de\/wordpress\/#organization\"},\"image\":{\"@id\":\"https:\/\/www.fanprojekt-muenster.de\/wordpress\/die-fangemeinschaft-initiiert-aktionen-zugunsten-des-sc-preussen-muenster\/#primaryimage\"},\"thumbnailUrl\":\"https:\/\/www.fanprojekt-muenster.de\/wordpress\/wp-content\/uploads\/2023\/11\/cropped-Logo_FP-400x300-512x432-2.jpg\",\"inLanguage\":\"de\"},{\"@type\":\"WebPage\",\"@id\":\"https:\/\/www.fanprojekt-muenster.de\/wordpress\/die-fangemeinschaft-initiiert-aktionen-zugunsten-des-sc-preussen-muenster\/\",\"url\":\"https:\/\/www.fanprojekt-muenster.de\/wordpress\/die-fangemeinschaft-initiiert-aktionen-zugunsten-des-sc-preussen-muenster\/\",\"name\":\"Die Fangemeinschaft initiiert Aktionen zugunsten des SC Preu\u00dfen M\u00fcnster - Fangemeinschaft Preu\u00dfen M\u00fcnster e. V.\",\"isPartOf\":{\"@id\":\"https:\/\/www.fanprojekt-muenster.de\/wordpress\/#website\"},\"primaryImageOfPage\":{\"@id\":\"https:\/\/www.fanprojekt-muenster.de\/wordpress\/die-fangemeinschaft-initiiert-aktionen-zugunsten-des-sc-preussen-muenster\/#primaryimage\"},\"image\":{\"@id\":\"https:\/\/www.fanprojekt-muenster.de\/wordpress\/die-fangemeinschaft-initiiert-aktionen-zugunsten-des-sc-preussen-muenster\/#primaryimage\"},\"thumbnailUrl\":\"https:\/\/www.fanprojekt-muenster.de\/wordpress\/wp-content\/uploads\/2023\/11\/cropped-Logo_FP-400x300-512x432-2.jpg\",\"datePublished\":\"2023-11-22T19:08:38+00:00\",\"dateModified\":\"2023-11-22T19:08:39+00:00\",\"breadcrumb\":{\"@id\":\"https:\/\/www.fanprojekt-muenster.de\/wordpress\/die-fangemeinschaft-initiiert-aktionen-zugunsten-des-sc-preussen-muenster\/#breadcrumb\"},\"inLanguage\":\"de\",\"potentialAction\":[{\"@type\":\"ReadAction\",\"target\":[\"https:\/\/www.fanprojekt-muenster.de\/wordpress\/die-fangemeinschaft-initiiert-aktionen-zugunsten-des-sc-preussen-muenster\/\"]}]},{\"@type\":\"ImageObject\",\"inLanguage\":\"de\",\"@id\":\"https:\/\/www.fanprojekt-muenster.de\/wordpress\/die-fangemeinschaft-initiiert-aktionen-zugunsten-des-sc-preussen-muenster\/#primaryimage\",\"url\":\"https:\/\/www.fanprojekt-muenster.de\/wordpress\/wp-content\/uploads\/2023\/11\/cropped-Logo_FP-400x300-512x432-2.jpg\",\"contentUrl\":\"https:\/\/www.fanprojekt-muenster.de\/wordpress\/wp-content\/uploads\/2023\/11\/cropped-Logo_FP-400x300-512x432-2.jpg\",\"width\":512,\"height\":432},{\"@type\":\"BreadcrumbList\",\"@id\":\"https:\/\/www.fanprojekt-muenster.de\/wordpress\/die-fangemeinschaft-initiiert-aktionen-zugunsten-des-sc-preussen-muenster\/#breadcrumb\",\"itemListElement\":[{\"@type\":\"ListItem\",\"position\":1,\"name\":\"Startseite\",\"item\":\"https:\/\/www.fanprojekt-muenster.de\/wordpress\/\"},{\"@type\":\"ListItem\",\"position\":2,\"name\":\"Die Fangemeinschaft initiiert Aktionen zugunsten des SC Preu\u00dfen M\u00fcnster\"}]},{\"@type\":\"WebSite\",\"@id\":\"https:\/\/www.fanprojekt-muenster.de\/wordpress\/#website\",\"url\":\"https:\/\/www.fanprojekt-muenster.de\/wordpress\/\",\"name\":\"Fangemeinschaft Preu\u00dfen M\u00fcnster e. V.\",\"description\":\"\",\"publisher\":{\"@id\":\"https:\/\/www.fanprojekt-muenster.de\/wordpress\/#organization\"},\"potentialAction\":[{\"@type\":\"SearchAction\",\"target\":{\"@type\":\"EntryPoint\",\"urlTemplate\":\"https:\/\/www.fanprojekt-muenster.de\/wordpress\/?s={search_term_string}\"},\"query-input\":{\"@type\":\"PropertyValueSpecification\",\"valueRequired\":true,\"valueName\":\"search_term_string\"}}],\"inLanguage\":\"de\"},{\"@type\":\"Organization\",\"@id\":\"https:\/\/www.fanprojekt-muenster.de\/wordpress\/#organization\",\"name\":\"Fangemeinschaft Preu\u00dfen M\u00fcnster e. V.\",\"url\":\"https:\/\/www.fanprojekt-muenster.de\/wordpress\/\",\"logo\":{\"@type\":\"ImageObject\",\"inLanguage\":\"de\",\"@id\":\"https:\/\/www.fanprojekt-muenster.de\/wordpress\/#\/schema\/logo\/image\/\",\"url\":\"https:\/\/www.fanprojekt-muenster.de\/wordpress\/wp-content\/uploads\/2019\/07\/cropped-Website_Logo3-9.png\",\"contentUrl\":\"https:\/\/www.fanprojekt-muenster.de\/wordpress\/wp-content\/uploads\/2019\/07\/cropped-Website_Logo3-9.png\",\"width\":224,\"height\":42,\"caption\":\"Fangemeinschaft Preu\u00dfen M\u00fcnster e. V.\"},\"image\":{\"@id\":\"https:\/\/www.fanprojekt-muenster.de\/wordpress\/#\/schema\/logo\/image\/\"}},{\"@type\":\"Person\",\"@id\":\"https:\/\/www.fanprojekt-muenster.de\/wordpress\/#\/schema\/person\/d6f23c25f1746fe09de1ce0642a01dc0\",\"name\":\"Julius\",\"url\":\"https:\/\/www.fanprojekt-muenster.de\/wordpress\/author\/juliush\/\"}]}<\/script>\n<!-- \/ Yoast SEO plugin. -->","yoast_head_json":{"title":"Die Fangemeinschaft initiiert Aktionen zugunsten des SC Preu\u00dfen M\u00fcnster - Fangemeinschaft Preu\u00dfen M\u00fcnster e. V.","robots":{"index":"index","follow":"follow","max-snippet":"max-snippet:-1","max-image-preview":"max-image-preview:large","max-video-preview":"max-video-preview:-1"},"canonical":"https:\/\/www.fanprojekt-muenster.de\/wordpress\/die-fangemeinschaft-initiiert-aktionen-zugunsten-des-sc-preussen-muenster\/","og_locale":"de_DE","og_type":"article","og_title":"Die Fangemeinschaft initiiert Aktionen zugunsten des SC Preu\u00dfen M\u00fcnster - Fangemeinschaft Preu\u00dfen M\u00fcnster e. V.","og_description":"DFB-Strafe aus dem Pokalspiel gegen den FC Bayern M\u00fcnchen soll abgemildert werden Am vergangenen Freitag erhielt der SC Preu\u00dfen M\u00fcnster vom Sportgericht des Deutschen Fu\u00dfball-Bundes (DFB) eine nie dagewesene Strafe... Read more &raquo;","og_url":"https:\/\/www.fanprojekt-muenster.de\/wordpress\/die-fangemeinschaft-initiiert-aktionen-zugunsten-des-sc-preussen-muenster\/","og_site_name":"Fangemeinschaft Preu\u00dfen M\u00fcnster e. V.","article_published_time":"2023-11-22T19:08:38+00:00","article_modified_time":"2023-11-22T19:08:39+00:00","og_image":[{"width":512,"height":432,"url":"https:\/\/www.fanprojekt-muenster.de\/wordpress\/wp-content\/uploads\/2023\/11\/cropped-Logo_FP-400x300-512x432-2.jpg","type":"image\/jpeg"}],"author":"Julius","twitter_card":"summary_large_image","twitter_misc":{"Verfasst von":"Julius","Gesch\u00e4tzte Lesezeit":"2\u00a0Minuten"},"schema":{"@context":"https:\/\/schema.org","@graph":[{"@type":"Article","@id":"https:\/\/www.fanprojekt-muenster.de\/wordpress\/die-fangemeinschaft-initiiert-aktionen-zugunsten-des-sc-preussen-muenster\/#article","isPartOf":{"@id":"https:\/\/www.fanprojekt-muenster.de\/wordpress\/die-fangemeinschaft-initiiert-aktionen-zugunsten-des-sc-preussen-muenster\/"},"author":{"name":"Julius","@id":"https:\/\/www.fanprojekt-muenster.de\/wordpress\/#\/schema\/person\/d6f23c25f1746fe09de1ce0642a01dc0"},"headline":"Die Fangemeinschaft initiiert Aktionen zugunsten des SC Preu\u00dfen M\u00fcnster","datePublished":"2023-11-22T19:08:38+00:00","dateModified":"2023-11-22T19:08:39+00:00","mainEntityOfPage":{"@id":"https:\/\/www.fanprojekt-muenster.de\/wordpress\/die-fangemeinschaft-initiiert-aktionen-zugunsten-des-sc-preussen-muenster\/"},"wordCount":358,"publisher":{"@id":"https:\/\/www.fanprojekt-muenster.de\/wordpress\/#organization"},"image":{"@id":"https:\/\/www.fanprojekt-muenster.de\/wordpress\/die-fangemeinschaft-initiiert-aktionen-zugunsten-des-sc-preussen-muenster\/#primaryimage"},"thumbnailUrl":"https:\/\/www.fanprojekt-muenster.de\/wordpress\/wp-content\/uploads\/2023\/11\/cropped-Logo_FP-400x300-512x432-2.jpg","inLanguage":"de"},{"@type":"WebPage","@id":"https:\/\/www.fanprojekt-muenster.de\/wordpress\/die-fangemeinschaft-initiiert-aktionen-zugunsten-des-sc-preussen-muenster\/","url":"https:\/\/www.fanprojekt-muenster.de\/wordpress\/die-fangemeinschaft-initiiert-aktionen-zugunsten-des-sc-preussen-muenster\/","name":"Die Fangemeinschaft initiiert Aktionen zugunsten des SC Preu\u00dfen M\u00fcnster - Fangemeinschaft Preu\u00dfen M\u00fcnster e. V.","isPartOf":{"@id":"https:\/\/www.fanprojekt-muenster.de\/wordpress\/#website"},"primaryImageOfPage":{"@id":"https:\/\/www.fanprojekt-muenster.de\/wordpress\/die-fangemeinschaft-initiiert-aktionen-zugunsten-des-sc-preussen-muenster\/#primaryimage"},"image":{"@id":"https:\/\/www.fanprojekt-muenster.de\/wordpress\/die-fangemeinschaft-initiiert-aktionen-zugunsten-des-sc-preussen-muenster\/#primaryimage"},"thumbnailUrl":"https:\/\/www.fanprojekt-muenster.de\/wordpress\/wp-content\/uploads\/2023\/11\/cropped-Logo_FP-400x300-512x432-2.jpg","datePublished":"2023-11-22T19:08:38+00:00","dateModified":"2023-11-22T19:08:39+00:00","breadcrumb":{"@id":"https:\/\/www.fanprojekt-muenster.de\/wordpress\/die-fangemeinschaft-initiiert-aktionen-zugunsten-des-sc-preussen-muenster\/#breadcrumb"},"inLanguage":"de","potentialAction":[{"@type":"ReadAction","target":["https:\/\/www.fanprojekt-muenster.de\/wordpress\/die-fangemeinschaft-initiiert-aktionen-zugunsten-des-sc-preussen-muenster\/"]}]},{"@type":"ImageObject","inLanguage":"de","@id":"https:\/\/www.fanprojekt-muenster.de\/wordpress\/die-fangemeinschaft-initiiert-aktionen-zugunsten-des-sc-preussen-muenster\/#primaryimage","url":"https:\/\/www.fanprojekt-muenster.de\/wordpress\/wp-content\/uploads\/2023\/11\/cropped-Logo_FP-400x300-512x432-2.jpg","contentUrl":"https:\/\/www.fanprojekt-muenster.de\/wordpress\/wp-content\/uploads\/2023\/11\/cropped-Logo_FP-400x300-512x432-2.jpg","width":512,"height":432},{"@type":"BreadcrumbList","@id":"https:\/\/www.fanprojekt-muenster.de\/wordpress\/die-fangemeinschaft-initiiert-aktionen-zugunsten-des-sc-preussen-muenster\/#breadcrumb","itemListElement":[{"@type":"ListItem","position":1,"name":"Startseite","item":"https:\/\/www.fanprojekt-muenster.de\/wordpress\/"},{"@type":"ListItem","position":2,"name":"Die Fangemeinschaft initiiert Aktionen zugunsten des SC Preu\u00dfen M\u00fcnster"}]},{"@type":"WebSite","@id":"https:\/\/www.fanprojekt-muenster.de\/wordpress\/#website","url":"https:\/\/www.fanprojekt-muenster.de\/wordpress\/","name":"Fangemeinschaft Preu\u00dfen M\u00fcnster e. V.","description":"","publisher":{"@id":"https:\/\/www.fanprojekt-muenster.de\/wordpress\/#organization"},"potentialAction":[{"@type":"SearchAction","target":{"@type":"EntryPoint","urlTemplate":"https:\/\/www.fanprojekt-muenster.de\/wordpress\/?s={search_term_string}"},"query-input":{"@type":"PropertyValueSpecification","valueRequired":true,"valueName":"search_term_string"}}],"inLanguage":"de"},{"@type":"Organization","@id":"https:\/\/www.fanprojekt-muenster.de\/wordpress\/#organization","name":"Fangemeinschaft Preu\u00dfen M\u00fcnster e. V.","url":"https:\/\/www.fanprojekt-muenster.de\/wordpress\/","logo":{"@type":"ImageObject","inLanguage":"de","@id":"https:\/\/www.fanprojekt-muenster.de\/wordpress\/#\/schema\/logo\/image\/","url":"https:\/\/www.fanprojekt-muenster.de\/wordpress\/wp-content\/uploads\/2019\/07\/cropped-Website_Logo3-9.png","contentUrl":"https:\/\/www.fanprojekt-muenster.de\/wordpress\/wp-content\/uploads\/2019\/07\/cropped-Website_Logo3-9.png","width":224,"height":42,"caption":"Fangemeinschaft Preu\u00dfen M\u00fcnster e. V."},"image":{"@id":"https:\/\/www.fanprojekt-muenster.de\/wordpress\/#\/schema\/logo\/image\/"}},{"@type":"Person","@id":"https:\/\/www.fanprojekt-muenster.de\/wordpress\/#\/schema\/person\/d6f23c25f1746fe09de1ce0642a01dc0","name":"Julius","url":"https:\/\/www.fanprojekt-muenster.de\/wordpress\/author\/juliush\/"}]}},"author_meta":{"display_name":"Julius","author_link":"https:\/\/www.fanprojekt-muenster.de\/wordpress\/author\/juliush\/"},"featured_img":"https:\/\/www.fanprojekt-muenster.de\/wordpress\/wp-content\/uploads\/2023\/11\/cropped-Logo_FP-400x300-512x432-2-300x253.jpg","coauthors":[],"tax_additional":{"categories":{"linked":["<a href=\"https:\/\/www.fanprojekt-muenster.de\/wordpress\/category\/allgemein\/\" class=\"advgb-post-tax-term\">Allgemein<\/a>"],"unlinked":["<span class=\"advgb-post-tax-term\">Allgemein<\/span>"]}},"comment_count":"1","relative_dates":{"created":"Posted 2\u00a0Jahren ago","modified":"Updated 2\u00a0Jahren ago"},"absolute_dates":{"created":"Posted on 22. November 2023","modified":"Updated on 22. November 2023"},"absolute_dates_time":{"created":"Posted on 22. November 2023 20:08","modified":"Updated on 22. November 2023 20:08"},"featured_img_caption":"","series_order":"","_links":{"self":[{"href":"https:\/\/www.fanprojekt-muenster.de\/wordpress\/wp-json\/wp\/v2\/posts\/9069","targetHints":{"allow":["GET"]}}],"collection":[{"href":"https:\/\/www.fanprojekt-muenster.de\/wordpress\/wp-json\/wp\/v2\/posts"}],"about":[{"href":"https:\/\/www.fanprojekt-muenster.de\/wordpress\/wp-json\/wp\/v2\/types\/post"}],"author":[{"embeddable":true,"href":"https:\/\/www.fanprojekt-muenster.de\/wordpress\/wp-json\/wp\/v2\/users\/11"}],"replies":[{"embeddable":true,"href":"https:\/\/www.fanprojekt-muenster.de\/wordpress\/wp-json\/wp\/v2\/comments?post=9069"}],"version-history":[{"count":1,"href":"https:\/\/www.fanprojekt-muenster.de\/wordpress\/wp-json\/wp\/v2\/posts\/9069\/revisions"}],"predecessor-version":[{"id":9073,"href":"https:\/\/www.fanprojekt-muenster.de\/wordpress\/wp-json\/wp\/v2\/posts\/9069\/revisions\/9073"}],"wp:featuredmedia":[{"embeddable":true,"href":"https:\/\/www.fanprojekt-muenster.de\/wordpress\/wp-json\/wp\/v2\/media\/9071"}],"wp:attachment":[{"href":"https:\/\/www.fanprojekt-muenster.de\/wordpress\/wp-json\/wp\/v2\/media?parent=9069"}],"wp:term":[{"taxonomy":"category","embeddable":true,"href":"https:\/\/www.fanprojekt-muenster.de\/wordpress\/wp-json\/wp\/v2\/categories?post=9069"},{"taxonomy":"post_tag","embeddable":true,"href":"https:\/\/www.fanprojekt-muenster.de\/wordpress\/wp-json\/wp\/v2\/tags?post=9069"}],"curies":[{"name":"wp","href":"https:\/\/api.w.org\/{rel}","templated":true}]}}