{"id":9052,"date":"2023-11-10T19:09:42","date_gmt":"2023-11-10T18:09:42","guid":{"rendered":"https:\/\/www.fanprojekt-muenster.de\/wordpress\/?p=9052"},"modified":"2023-11-10T22:35:43","modified_gmt":"2023-11-10T21:35:43","slug":"jetzt-noch-schnell-anmelden-faq-was-ich-zum-sonderzug-nach-saarbruecken-alles-wissen-muss","status":"publish","type":"post","link":"https:\/\/www.fanprojekt-muenster.de\/wordpress\/jetzt-noch-schnell-anmelden-faq-was-ich-zum-sonderzug-nach-saarbruecken-alles-wissen-muss\/","title":{"rendered":"Jetzt noch schnell anmelden &#038; FAQ: Was ich zum Sonderzug nach Saarbr\u00fccken alles wissen muss"},"content":{"rendered":"\n<p>Am Samstag, 2. Dezember setzen Fede Nerblo und die Fangemeinschaft Preu\u00dfen M\u00fcnster einen Sonderzug zum Ausw\u00e4rtsspiel beim 1. FC Saarbr\u00fccken ein. Anmeldungen werden seit dem Heimspiel gegen den SSV Ulm vergangenen Sonntag angenommen.<\/p>\n\n\n\n<p>&nbsp;<\/p>\n\n\n\n<p><strong><em>Kann ich mich noch f\u00fcr den Sonderzug anmelden?<\/em><\/strong><\/p>\n\n\n\n<p>Der Sonderzug nach Saarbr\u00fccken ist nahezu ausverkauft. Jetzt m\u00fcsst ihr schnell sein. Eine Anmeldung f\u00fcr einen der verbleibenden rund 100 Pl\u00e4tze kann entweder<\/p>\n\n\n\n<ul class=\"wp-block-list\">\n<li>vor dem kommenden Westfalenpokalspiel am Samstag, 18.11. 13:00 Uhr gegen die SpVgg. Erkenschwick am Kassenh\u00e4uschen vorgenommen werden<\/li>\n\n\n\n<li>\u00fcber folgendes Online-Formular: <a href=\"https:\/\/www.fanprojekt-muenster.de\/wordpress\/auswaertsspiele\/auswaertsfahrten\/sonderzug-2023-nach-saarbrucken\" target=\"_blank\" rel=\"noreferrer noopener\">HIER KLICKEN<\/a><\/li>\n<\/ul>\n\n\n\n<p>&nbsp;<\/p>\n\n\n\n<p><strong><em>Ab wann wird meine Anmeldung verbindlich und wie bezahle ich mein Ticket?<\/em><\/strong><\/p>\n\n\n\n<p>Mit eurer Anmeldung habt ihr euch einen Platz im Sonderzug nach Saarbr\u00fccken reserviert. Den reservierten Platz <strong><u>m\u00fcsst<\/u><\/strong> ihr bis zum Heimspiel gegen Viktoria K\u00f6ln (So, 26.11 19:30) bezahlen.<\/p>\n\n\n\n<p>&nbsp;<\/p>\n\n\n\n<p><strong><em>Welche Bezahlm\u00f6glichkeiten habe ich?<\/em><\/strong><\/p>\n\n\n\n<p>Ab dem heutigen Freitag, 10.11.23 bitten wir euch, euren Platz im Sonderzug zu bezahlen. Der Preis von 75\u20ac kann \u00fcber folgende Optionen bezahlt werden:<\/p>\n\n\n\n<ul class=\"wp-block-list\">\n<li>in <strong>Bar am Kassenh\u00e4uschen<\/strong> beim Heimspiel gegen Viktoria K\u00f6ln (So, 26.11 19:30).<\/li>\n\n\n\n<li>per <strong>\u00dcberweisung <\/strong>an:<\/li>\n<\/ul>\n\n\n\n<p><strong>Name: Fanprojekt Preu\u00dfen M\u00fcnster e.V.<\/strong><\/p>\n\n\n\n<p><strong>IBAN: DE 37 4005 0150 0000 3931 16<\/strong><\/p>\n\n\n\n<p>&nbsp;<\/p>\n\n\n\n<p><strong><em>Bekomme ich ein Ticket bzw. eine Zahlungsbest\u00e4tigung?<\/em><\/strong><\/p>\n\n\n\n<p>Beim Heimspiel gegen Viktoria K\u00f6ln (So, 26.11 19:30) holt ihr euch bitte eure Tickets, Platzkarten und Zahlungsbest\u00e4tigungen an den Kassenh\u00e4uschen ab. K\u00f6nnt ihr nicht da sein, organisiert euch bitte eine Person, die das Ticket f\u00fcr euch bezahlen und\/oder abholen kann.<\/p>\n\n\n\n<p>&nbsp;<\/p>\n\n\n\n<p><strong><em>Welche Abfahrtzeiten hat der Sonderzug?<\/em><\/strong><\/p>\n\n\n\n<p>Die genauen Abfahrts- und Ankunftszeiten werden kurzfristig bekannt gegeben.<\/p>\n\n\n\n<p>&nbsp;<\/p>\n\n\n\n<p><strong><em>Ihr habt weitere Fragen?<\/em><\/strong><\/p>\n\n\n\n<p>Bei Fragen kontaktiert bitte <a href=\"mailto:sonderzug@fanprojekt-preussenmuenster.de\">sonderzug@fanprojekt-muenster.de<\/a> per Mail oder schreibt uns auf unseren Social-Media-Kan\u00e4len.<\/p>\n\n\n\n<p>&nbsp;<\/p>\n\n\n\n<p>Eure Fangemeinschaft Preu\u00dfen M\u00fcnster<\/p>\n\n\n\n<p class=\"has-text-align-center\"><img loading=\"lazy\" decoding=\"async\" width=\"454\" height=\"321\" class=\"wp-image-8964\" style=\"width: 454px;\" src=\"https:\/\/www.fanprojekt-muenster.de\/wordpress\/wp-content\/uploads\/2023\/11\/sdz_saarbruecken.png\" alt=\"\" srcset=\"https:\/\/www.fanprojekt-muenster.de\/wordpress\/wp-content\/uploads\/2023\/11\/sdz_saarbruecken.png 454w, https:\/\/www.fanprojekt-muenster.de\/wordpress\/wp-content\/uploads\/2023\/11\/sdz_saarbruecken-300x212.png 300w\" sizes=\"auto, (max-width: 454px) 100vw, 454px\" \/><\/p>\n","protected":false},"excerpt":{"rendered":"<p>Am Samstag, 2. Dezember setzen Fede Nerblo und die Fangemeinschaft Preu\u00dfen M\u00fcnster einen Sonderzug zum Ausw\u00e4rtsspiel beim 1. FC Saarbr\u00fccken ein. Anmeldungen werden seit dem Heimspiel gegen den SSV Ulm&#8230; <a class=\"read-more-link\" href=\"https:\/\/www.fanprojekt-muenster.de\/wordpress\/jetzt-noch-schnell-anmelden-faq-was-ich-zum-sonderzug-nach-saarbruecken-alles-wissen-muss\/\">Read more &raquo;<\/a><\/p>\n","protected":false},"author":11,"featured_media":8964,"comment_status":"closed","ping_status":"open","sticky":false,"template":"","format":"standard","meta":{"advgb_blocks_editor_width":"","advgb_blocks_columns_visual_guide":"","footnotes":""},"categories":[1,4,320],"tags":[],"class_list":["post-9052","post","type-post","status-publish","format-standard","has-post-thumbnail","hentry","category-allgemein","category-auswarts","category-sonderzug-nach-saarbruecken"],"featured_image_src":"https:\/\/www.fanprojekt-muenster.de\/wordpress\/wp-content\/uploads\/2023\/11\/sdz_saarbruecken.png","author_info":{"display_name":"Julius","author_link":"https:\/\/www.fanprojekt-muenster.de\/wordpress\/author\/juliush\/"},"yoast_head":"<!-- This site is optimized with the Yoast SEO plugin v27.2 - https:\/\/yoast.com\/product\/yoast-seo-wordpress\/ -->\n<title>Jetzt noch schnell anmelden &amp; FAQ: Was ich zum Sonderzug nach Saarbr\u00fccken alles wissen muss - Fangemeinschaft Preu\u00dfen M\u00fcnster e. V.<\/title>\n<meta name=\"robots\" content=\"index, follow, max-snippet:-1, max-image-preview:large, max-video-preview:-1\" \/>\n<link rel=\"canonical\" href=\"https:\/\/www.fanprojekt-muenster.de\/wordpress\/jetzt-noch-schnell-anmelden-faq-was-ich-zum-sonderzug-nach-saarbruecken-alles-wissen-muss\/\" \/>\n<meta property=\"og:locale\" content=\"de_DE\" \/>\n<meta property=\"og:type\" content=\"article\" \/>\n<meta property=\"og:title\" content=\"Jetzt noch schnell anmelden &amp; FAQ: Was ich zum Sonderzug nach Saarbr\u00fccken alles wissen muss - Fangemeinschaft Preu\u00dfen M\u00fcnster e. V.\" \/>\n<meta property=\"og:description\" content=\"Am Samstag, 2. Dezember setzen Fede Nerblo und die Fangemeinschaft Preu\u00dfen M\u00fcnster einen Sonderzug zum Ausw\u00e4rtsspiel beim 1. FC Saarbr\u00fccken ein. Anmeldungen werden seit dem Heimspiel gegen den SSV Ulm... Read more &raquo;\" \/>\n<meta property=\"og:url\" content=\"https:\/\/www.fanprojekt-muenster.de\/wordpress\/jetzt-noch-schnell-anmelden-faq-was-ich-zum-sonderzug-nach-saarbruecken-alles-wissen-muss\/\" \/>\n<meta property=\"og:site_name\" content=\"Fangemeinschaft Preu\u00dfen M\u00fcnster e. V.\" \/>\n<meta property=\"article:published_time\" content=\"2023-11-10T18:09:42+00:00\" \/>\n<meta property=\"article:modified_time\" content=\"2023-11-10T21:35:43+00:00\" \/>\n<meta property=\"og:image\" content=\"https:\/\/www.fanprojekt-muenster.de\/wordpress\/wp-content\/uploads\/2023\/11\/sdz_saarbruecken.png\" \/>\n\t<meta property=\"og:image:width\" content=\"454\" \/>\n\t<meta property=\"og:image:height\" content=\"321\" \/>\n\t<meta property=\"og:image:type\" content=\"image\/png\" \/>\n<meta name=\"author\" content=\"Julius\" \/>\n<meta name=\"twitter:card\" content=\"summary_large_image\" \/>\n<meta name=\"twitter:label1\" content=\"Verfasst von\" \/>\n\t<meta name=\"twitter:data1\" content=\"Julius\" \/>\n\t<meta name=\"twitter:label2\" content=\"Gesch\u00e4tzte Lesezeit\" \/>\n\t<meta name=\"twitter:data2\" content=\"2\u00a0Minuten\" \/>\n<script type=\"application\/ld+json\" class=\"yoast-schema-graph\">{\"@context\":\"https:\/\/schema.org\",\"@graph\":[{\"@type\":\"Article\",\"@id\":\"https:\/\/www.fanprojekt-muenster.de\/wordpress\/jetzt-noch-schnell-anmelden-faq-was-ich-zum-sonderzug-nach-saarbruecken-alles-wissen-muss\/#article\",\"isPartOf\":{\"@id\":\"https:\/\/www.fanprojekt-muenster.de\/wordpress\/jetzt-noch-schnell-anmelden-faq-was-ich-zum-sonderzug-nach-saarbruecken-alles-wissen-muss\/\"},\"author\":{\"name\":\"Julius\",\"@id\":\"https:\/\/www.fanprojekt-muenster.de\/wordpress\/#\/schema\/person\/d6f23c25f1746fe09de1ce0642a01dc0\"},\"headline\":\"Jetzt noch schnell anmelden &#038; FAQ: Was ich zum Sonderzug nach Saarbr\u00fccken alles wissen muss\",\"datePublished\":\"2023-11-10T18:09:42+00:00\",\"dateModified\":\"2023-11-10T21:35:43+00:00\",\"mainEntityOfPage\":{\"@id\":\"https:\/\/www.fanprojekt-muenster.de\/wordpress\/jetzt-noch-schnell-anmelden-faq-was-ich-zum-sonderzug-nach-saarbruecken-alles-wissen-muss\/\"},\"wordCount\":298,\"publisher\":{\"@id\":\"https:\/\/www.fanprojekt-muenster.de\/wordpress\/#organization\"},\"image\":{\"@id\":\"https:\/\/www.fanprojekt-muenster.de\/wordpress\/jetzt-noch-schnell-anmelden-faq-was-ich-zum-sonderzug-nach-saarbruecken-alles-wissen-muss\/#primaryimage\"},\"thumbnailUrl\":\"https:\/\/www.fanprojekt-muenster.de\/wordpress\/wp-content\/uploads\/2023\/11\/sdz_saarbruecken.png\",\"articleSection\":{\"1\":\"Ausw\u00e4rts\",\"2\":\"Sonderzug nach Saarbr\u00fccken\"},\"inLanguage\":\"de\"},{\"@type\":\"WebPage\",\"@id\":\"https:\/\/www.fanprojekt-muenster.de\/wordpress\/jetzt-noch-schnell-anmelden-faq-was-ich-zum-sonderzug-nach-saarbruecken-alles-wissen-muss\/\",\"url\":\"https:\/\/www.fanprojekt-muenster.de\/wordpress\/jetzt-noch-schnell-anmelden-faq-was-ich-zum-sonderzug-nach-saarbruecken-alles-wissen-muss\/\",\"name\":\"Jetzt noch schnell anmelden & FAQ: Was ich zum Sonderzug nach Saarbr\u00fccken alles wissen muss - Fangemeinschaft Preu\u00dfen M\u00fcnster e. V.\",\"isPartOf\":{\"@id\":\"https:\/\/www.fanprojekt-muenster.de\/wordpress\/#website\"},\"primaryImageOfPage\":{\"@id\":\"https:\/\/www.fanprojekt-muenster.de\/wordpress\/jetzt-noch-schnell-anmelden-faq-was-ich-zum-sonderzug-nach-saarbruecken-alles-wissen-muss\/#primaryimage\"},\"image\":{\"@id\":\"https:\/\/www.fanprojekt-muenster.de\/wordpress\/jetzt-noch-schnell-anmelden-faq-was-ich-zum-sonderzug-nach-saarbruecken-alles-wissen-muss\/#primaryimage\"},\"thumbnailUrl\":\"https:\/\/www.fanprojekt-muenster.de\/wordpress\/wp-content\/uploads\/2023\/11\/sdz_saarbruecken.png\",\"datePublished\":\"2023-11-10T18:09:42+00:00\",\"dateModified\":\"2023-11-10T21:35:43+00:00\",\"breadcrumb\":{\"@id\":\"https:\/\/www.fanprojekt-muenster.de\/wordpress\/jetzt-noch-schnell-anmelden-faq-was-ich-zum-sonderzug-nach-saarbruecken-alles-wissen-muss\/#breadcrumb\"},\"inLanguage\":\"de\",\"potentialAction\":[{\"@type\":\"ReadAction\",\"target\":[\"https:\/\/www.fanprojekt-muenster.de\/wordpress\/jetzt-noch-schnell-anmelden-faq-was-ich-zum-sonderzug-nach-saarbruecken-alles-wissen-muss\/\"]}]},{\"@type\":\"ImageObject\",\"inLanguage\":\"de\",\"@id\":\"https:\/\/www.fanprojekt-muenster.de\/wordpress\/jetzt-noch-schnell-anmelden-faq-was-ich-zum-sonderzug-nach-saarbruecken-alles-wissen-muss\/#primaryimage\",\"url\":\"https:\/\/www.fanprojekt-muenster.de\/wordpress\/wp-content\/uploads\/2023\/11\/sdz_saarbruecken.png\",\"contentUrl\":\"https:\/\/www.fanprojekt-muenster.de\/wordpress\/wp-content\/uploads\/2023\/11\/sdz_saarbruecken.png\",\"width\":454,\"height\":321},{\"@type\":\"BreadcrumbList\",\"@id\":\"https:\/\/www.fanprojekt-muenster.de\/wordpress\/jetzt-noch-schnell-anmelden-faq-was-ich-zum-sonderzug-nach-saarbruecken-alles-wissen-muss\/#breadcrumb\",\"itemListElement\":[{\"@type\":\"ListItem\",\"position\":1,\"name\":\"Startseite\",\"item\":\"https:\/\/www.fanprojekt-muenster.de\/wordpress\/\"},{\"@type\":\"ListItem\",\"position\":2,\"name\":\"Jetzt noch schnell anmelden &#038; FAQ: Was ich zum Sonderzug nach Saarbr\u00fccken alles wissen muss\"}]},{\"@type\":\"WebSite\",\"@id\":\"https:\/\/www.fanprojekt-muenster.de\/wordpress\/#website\",\"url\":\"https:\/\/www.fanprojekt-muenster.de\/wordpress\/\",\"name\":\"Fangemeinschaft Preu\u00dfen M\u00fcnster e. V.\",\"description\":\"\",\"publisher\":{\"@id\":\"https:\/\/www.fanprojekt-muenster.de\/wordpress\/#organization\"},\"potentialAction\":[{\"@type\":\"SearchAction\",\"target\":{\"@type\":\"EntryPoint\",\"urlTemplate\":\"https:\/\/www.fanprojekt-muenster.de\/wordpress\/?s={search_term_string}\"},\"query-input\":{\"@type\":\"PropertyValueSpecification\",\"valueRequired\":true,\"valueName\":\"search_term_string\"}}],\"inLanguage\":\"de\"},{\"@type\":\"Organization\",\"@id\":\"https:\/\/www.fanprojekt-muenster.de\/wordpress\/#organization\",\"name\":\"Fangemeinschaft Preu\u00dfen M\u00fcnster e. V.\",\"url\":\"https:\/\/www.fanprojekt-muenster.de\/wordpress\/\",\"logo\":{\"@type\":\"ImageObject\",\"inLanguage\":\"de\",\"@id\":\"https:\/\/www.fanprojekt-muenster.de\/wordpress\/#\/schema\/logo\/image\/\",\"url\":\"https:\/\/www.fanprojekt-muenster.de\/wordpress\/wp-content\/uploads\/2019\/07\/cropped-Website_Logo3-9.png\",\"contentUrl\":\"https:\/\/www.fanprojekt-muenster.de\/wordpress\/wp-content\/uploads\/2019\/07\/cropped-Website_Logo3-9.png\",\"width\":224,\"height\":42,\"caption\":\"Fangemeinschaft Preu\u00dfen M\u00fcnster e. V.\"},\"image\":{\"@id\":\"https:\/\/www.fanprojekt-muenster.de\/wordpress\/#\/schema\/logo\/image\/\"}},{\"@type\":\"Person\",\"@id\":\"https:\/\/www.fanprojekt-muenster.de\/wordpress\/#\/schema\/person\/d6f23c25f1746fe09de1ce0642a01dc0\",\"name\":\"Julius\",\"url\":\"https:\/\/www.fanprojekt-muenster.de\/wordpress\/author\/juliush\/\"}]}<\/script>\n<!-- \/ Yoast SEO plugin. -->","yoast_head_json":{"title":"Jetzt noch schnell anmelden & FAQ: Was ich zum Sonderzug nach Saarbr\u00fccken alles wissen muss - Fangemeinschaft Preu\u00dfen M\u00fcnster e. V.","robots":{"index":"index","follow":"follow","max-snippet":"max-snippet:-1","max-image-preview":"max-image-preview:large","max-video-preview":"max-video-preview:-1"},"canonical":"https:\/\/www.fanprojekt-muenster.de\/wordpress\/jetzt-noch-schnell-anmelden-faq-was-ich-zum-sonderzug-nach-saarbruecken-alles-wissen-muss\/","og_locale":"de_DE","og_type":"article","og_title":"Jetzt noch schnell anmelden & FAQ: Was ich zum Sonderzug nach Saarbr\u00fccken alles wissen muss - Fangemeinschaft Preu\u00dfen M\u00fcnster e. V.","og_description":"Am Samstag, 2. Dezember setzen Fede Nerblo und die Fangemeinschaft Preu\u00dfen M\u00fcnster einen Sonderzug zum Ausw\u00e4rtsspiel beim 1. FC Saarbr\u00fccken ein. Anmeldungen werden seit dem Heimspiel gegen den SSV Ulm... Read more &raquo;","og_url":"https:\/\/www.fanprojekt-muenster.de\/wordpress\/jetzt-noch-schnell-anmelden-faq-was-ich-zum-sonderzug-nach-saarbruecken-alles-wissen-muss\/","og_site_name":"Fangemeinschaft Preu\u00dfen M\u00fcnster e. V.","article_published_time":"2023-11-10T18:09:42+00:00","article_modified_time":"2023-11-10T21:35:43+00:00","og_image":[{"width":454,"height":321,"url":"https:\/\/www.fanprojekt-muenster.de\/wordpress\/wp-content\/uploads\/2023\/11\/sdz_saarbruecken.png","type":"image\/png"}],"author":"Julius","twitter_card":"summary_large_image","twitter_misc":{"Verfasst von":"Julius","Gesch\u00e4tzte Lesezeit":"2\u00a0Minuten"},"schema":{"@context":"https:\/\/schema.org","@graph":[{"@type":"Article","@id":"https:\/\/www.fanprojekt-muenster.de\/wordpress\/jetzt-noch-schnell-anmelden-faq-was-ich-zum-sonderzug-nach-saarbruecken-alles-wissen-muss\/#article","isPartOf":{"@id":"https:\/\/www.fanprojekt-muenster.de\/wordpress\/jetzt-noch-schnell-anmelden-faq-was-ich-zum-sonderzug-nach-saarbruecken-alles-wissen-muss\/"},"author":{"name":"Julius","@id":"https:\/\/www.fanprojekt-muenster.de\/wordpress\/#\/schema\/person\/d6f23c25f1746fe09de1ce0642a01dc0"},"headline":"Jetzt noch schnell anmelden &#038; FAQ: Was ich zum Sonderzug nach Saarbr\u00fccken alles wissen muss","datePublished":"2023-11-10T18:09:42+00:00","dateModified":"2023-11-10T21:35:43+00:00","mainEntityOfPage":{"@id":"https:\/\/www.fanprojekt-muenster.de\/wordpress\/jetzt-noch-schnell-anmelden-faq-was-ich-zum-sonderzug-nach-saarbruecken-alles-wissen-muss\/"},"wordCount":298,"publisher":{"@id":"https:\/\/www.fanprojekt-muenster.de\/wordpress\/#organization"},"image":{"@id":"https:\/\/www.fanprojekt-muenster.de\/wordpress\/jetzt-noch-schnell-anmelden-faq-was-ich-zum-sonderzug-nach-saarbruecken-alles-wissen-muss\/#primaryimage"},"thumbnailUrl":"https:\/\/www.fanprojekt-muenster.de\/wordpress\/wp-content\/uploads\/2023\/11\/sdz_saarbruecken.png","articleSection":{"1":"Ausw\u00e4rts","2":"Sonderzug nach Saarbr\u00fccken"},"inLanguage":"de"},{"@type":"WebPage","@id":"https:\/\/www.fanprojekt-muenster.de\/wordpress\/jetzt-noch-schnell-anmelden-faq-was-ich-zum-sonderzug-nach-saarbruecken-alles-wissen-muss\/","url":"https:\/\/www.fanprojekt-muenster.de\/wordpress\/jetzt-noch-schnell-anmelden-faq-was-ich-zum-sonderzug-nach-saarbruecken-alles-wissen-muss\/","name":"Jetzt noch schnell anmelden & FAQ: Was ich zum Sonderzug nach Saarbr\u00fccken alles wissen muss - Fangemeinschaft Preu\u00dfen M\u00fcnster e. V.","isPartOf":{"@id":"https:\/\/www.fanprojekt-muenster.de\/wordpress\/#website"},"primaryImageOfPage":{"@id":"https:\/\/www.fanprojekt-muenster.de\/wordpress\/jetzt-noch-schnell-anmelden-faq-was-ich-zum-sonderzug-nach-saarbruecken-alles-wissen-muss\/#primaryimage"},"image":{"@id":"https:\/\/www.fanprojekt-muenster.de\/wordpress\/jetzt-noch-schnell-anmelden-faq-was-ich-zum-sonderzug-nach-saarbruecken-alles-wissen-muss\/#primaryimage"},"thumbnailUrl":"https:\/\/www.fanprojekt-muenster.de\/wordpress\/wp-content\/uploads\/2023\/11\/sdz_saarbruecken.png","datePublished":"2023-11-10T18:09:42+00:00","dateModified":"2023-11-10T21:35:43+00:00","breadcrumb":{"@id":"https:\/\/www.fanprojekt-muenster.de\/wordpress\/jetzt-noch-schnell-anmelden-faq-was-ich-zum-sonderzug-nach-saarbruecken-alles-wissen-muss\/#breadcrumb"},"inLanguage":"de","potentialAction":[{"@type":"ReadAction","target":["https:\/\/www.fanprojekt-muenster.de\/wordpress\/jetzt-noch-schnell-anmelden-faq-was-ich-zum-sonderzug-nach-saarbruecken-alles-wissen-muss\/"]}]},{"@type":"ImageObject","inLanguage":"de","@id":"https:\/\/www.fanprojekt-muenster.de\/wordpress\/jetzt-noch-schnell-anmelden-faq-was-ich-zum-sonderzug-nach-saarbruecken-alles-wissen-muss\/#primaryimage","url":"https:\/\/www.fanprojekt-muenster.de\/wordpress\/wp-content\/uploads\/2023\/11\/sdz_saarbruecken.png","contentUrl":"https:\/\/www.fanprojekt-muenster.de\/wordpress\/wp-content\/uploads\/2023\/11\/sdz_saarbruecken.png","width":454,"height":321},{"@type":"BreadcrumbList","@id":"https:\/\/www.fanprojekt-muenster.de\/wordpress\/jetzt-noch-schnell-anmelden-faq-was-ich-zum-sonderzug-nach-saarbruecken-alles-wissen-muss\/#breadcrumb","itemListElement":[{"@type":"ListItem","position":1,"name":"Startseite","item":"https:\/\/www.fanprojekt-muenster.de\/wordpress\/"},{"@type":"ListItem","position":2,"name":"Jetzt noch schnell anmelden &#038; FAQ: Was ich zum Sonderzug nach Saarbr\u00fccken alles wissen muss"}]},{"@type":"WebSite","@id":"https:\/\/www.fanprojekt-muenster.de\/wordpress\/#website","url":"https:\/\/www.fanprojekt-muenster.de\/wordpress\/","name":"Fangemeinschaft Preu\u00dfen M\u00fcnster e. V.","description":"","publisher":{"@id":"https:\/\/www.fanprojekt-muenster.de\/wordpress\/#organization"},"potentialAction":[{"@type":"SearchAction","target":{"@type":"EntryPoint","urlTemplate":"https:\/\/www.fanprojekt-muenster.de\/wordpress\/?s={search_term_string}"},"query-input":{"@type":"PropertyValueSpecification","valueRequired":true,"valueName":"search_term_string"}}],"inLanguage":"de"},{"@type":"Organization","@id":"https:\/\/www.fanprojekt-muenster.de\/wordpress\/#organization","name":"Fangemeinschaft Preu\u00dfen M\u00fcnster e. V.","url":"https:\/\/www.fanprojekt-muenster.de\/wordpress\/","logo":{"@type":"ImageObject","inLanguage":"de","@id":"https:\/\/www.fanprojekt-muenster.de\/wordpress\/#\/schema\/logo\/image\/","url":"https:\/\/www.fanprojekt-muenster.de\/wordpress\/wp-content\/uploads\/2019\/07\/cropped-Website_Logo3-9.png","contentUrl":"https:\/\/www.fanprojekt-muenster.de\/wordpress\/wp-content\/uploads\/2019\/07\/cropped-Website_Logo3-9.png","width":224,"height":42,"caption":"Fangemeinschaft Preu\u00dfen M\u00fcnster e. V."},"image":{"@id":"https:\/\/www.fanprojekt-muenster.de\/wordpress\/#\/schema\/logo\/image\/"}},{"@type":"Person","@id":"https:\/\/www.fanprojekt-muenster.de\/wordpress\/#\/schema\/person\/d6f23c25f1746fe09de1ce0642a01dc0","name":"Julius","url":"https:\/\/www.fanprojekt-muenster.de\/wordpress\/author\/juliush\/"}]}},"author_meta":{"display_name":"Julius","author_link":"https:\/\/www.fanprojekt-muenster.de\/wordpress\/author\/juliush\/"},"featured_img":"https:\/\/www.fanprojekt-muenster.de\/wordpress\/wp-content\/uploads\/2023\/11\/sdz_saarbruecken-300x212.png","coauthors":[],"tax_additional":{"categories":{"linked":["<a href=\"https:\/\/www.fanprojekt-muenster.de\/wordpress\/category\/allgemein\/\" class=\"advgb-post-tax-term\">Allgemein<\/a>","<a href=\"https:\/\/www.fanprojekt-muenster.de\/wordpress\/category\/auswarts\/\" class=\"advgb-post-tax-term\">Ausw\u00e4rts<\/a>","<a href=\"https:\/\/www.fanprojekt-muenster.de\/wordpress\/category\/auswarts\/sonderzug-nach-saarbruecken\/\" class=\"advgb-post-tax-term\">Sonderzug nach Saarbr\u00fccken<\/a>"],"unlinked":["<span class=\"advgb-post-tax-term\">Allgemein<\/span>","<span class=\"advgb-post-tax-term\">Ausw\u00e4rts<\/span>","<span class=\"advgb-post-tax-term\">Sonderzug nach Saarbr\u00fccken<\/span>"]}},"comment_count":"0","relative_dates":{"created":"Posted 2\u00a0Jahren ago","modified":"Updated 2\u00a0Jahren ago"},"absolute_dates":{"created":"Posted on 10. November 2023","modified":"Updated on 10. November 2023"},"absolute_dates_time":{"created":"Posted on 10. November 2023 19:09","modified":"Updated on 10. November 2023 22:35"},"featured_img_caption":"","series_order":"","_links":{"self":[{"href":"https:\/\/www.fanprojekt-muenster.de\/wordpress\/wp-json\/wp\/v2\/posts\/9052","targetHints":{"allow":["GET"]}}],"collection":[{"href":"https:\/\/www.fanprojekt-muenster.de\/wordpress\/wp-json\/wp\/v2\/posts"}],"about":[{"href":"https:\/\/www.fanprojekt-muenster.de\/wordpress\/wp-json\/wp\/v2\/types\/post"}],"author":[{"embeddable":true,"href":"https:\/\/www.fanprojekt-muenster.de\/wordpress\/wp-json\/wp\/v2\/users\/11"}],"replies":[{"embeddable":true,"href":"https:\/\/www.fanprojekt-muenster.de\/wordpress\/wp-json\/wp\/v2\/comments?post=9052"}],"version-history":[{"count":8,"href":"https:\/\/www.fanprojekt-muenster.de\/wordpress\/wp-json\/wp\/v2\/posts\/9052\/revisions"}],"predecessor-version":[{"id":9067,"href":"https:\/\/www.fanprojekt-muenster.de\/wordpress\/wp-json\/wp\/v2\/posts\/9052\/revisions\/9067"}],"wp:featuredmedia":[{"embeddable":true,"href":"https:\/\/www.fanprojekt-muenster.de\/wordpress\/wp-json\/wp\/v2\/media\/8964"}],"wp:attachment":[{"href":"https:\/\/www.fanprojekt-muenster.de\/wordpress\/wp-json\/wp\/v2\/media?parent=9052"}],"wp:term":[{"taxonomy":"category","embeddable":true,"href":"https:\/\/www.fanprojekt-muenster.de\/wordpress\/wp-json\/wp\/v2\/categories?post=9052"},{"taxonomy":"post_tag","embeddable":true,"href":"https:\/\/www.fanprojekt-muenster.de\/wordpress\/wp-json\/wp\/v2\/tags?post=9052"}],"curies":[{"name":"wp","href":"https:\/\/api.w.org\/{rel}","templated":true}]}}