{"id":8962,"date":"2023-11-03T17:22:30","date_gmt":"2023-11-03T16:22:30","guid":{"rendered":"https:\/\/www.fanprojekt-muenster.de\/wordpress\/?p=8962"},"modified":"2023-11-04T17:13:16","modified_gmt":"2023-11-04T16:13:16","slug":"ab-geht-die-wilde-fahrt-anmeldung-fuer-den-sonderzug-nach-saarbruecken-startet-beim-heimspiel-gegen-ulm","status":"publish","type":"post","link":"https:\/\/www.fanprojekt-muenster.de\/wordpress\/ab-geht-die-wilde-fahrt-anmeldung-fuer-den-sonderzug-nach-saarbruecken-startet-beim-heimspiel-gegen-ulm\/","title":{"rendered":"Ab geht die wilde Fahrt: Anmeldung f\u00fcr den Sonderzug nach Saarbr\u00fccken startet beim Heimspiel gegen Ulm"},"content":{"rendered":"\n<h3 class=\"wp-block-heading\"><u>Mit 700 Preu\u00dfen gemeinsam zum Ausw\u00e4rtsspiel<\/u><\/h3>\n\n\n\n<p>Am Samstag, 2.&nbsp;Dezember, soll er rollen: Der erste Sonderzug f\u00fcr Preu\u00dfenfans seit rund vier Jahren (damals nach M\u00fcnchen) f\u00e4hrt ins Saarland zum Spiel des SCP beim Bayern-Bezwinger. Beim vorletzten Ausw\u00e4rtsspiel der Hinrunde sollen die Adlertr\u00e4ger dann von mindestens 700 Fans plus x im Ausw\u00e4rtsspiel beim 1.&nbsp;FC&nbsp;Saarbr\u00fccken unterst\u00fctzt werden.<\/p>\n\n\n\n<p>Anmeldungen sind am Sonntag vor Spielbeginn beim Heimspiel gegen Ulm am Kassenhaus des Haupteingangs oder beim Stand der Fede Nerblo m\u00f6glich. Der Fahrpreis betr\u00e4gt 75&nbsp;Euro pro Person. Die Tickets m\u00fcssen beim Heimspiel gegen Viktoria K\u00f6ln am Sonntag, 26.&nbsp;November, bezahlt und abgeholt werden.<br>Es gilt: first come, first serve. Die Kapazit\u00e4t von 700&nbsp;Sitzpl\u00e4tzen im Sonderzug kann nicht erweitert werden.<\/p>\n\n\n\n<p>Bei der Anmeldung k\u00f6nnen sich die Preu\u00dfenfans gleichzeitig ihre Wunsch-Abteilungskategorie eintragen und aus Fiffi-Gerritzen-Kurve, Gegengerade, A-Block, Hiltruper Bus oder Preu\u00dfen-Fans w\u00e4hlen. Anmeldungen f\u00fcr Abteilungen f\u00fcr sechs Personen, die zusammensitzen m\u00f6chten, sind ebenso m\u00f6glich wie Einzel-Anmeldungen.<\/p>\n\n\n\n<p>Weitere Informationen u. a. zu den genauen Abfahrts- und Ankunftszeiten folgen in K\u00fcrze auf den bekannten Kan\u00e4len der Fangemeinschaft Preu\u00dfen M\u00fcnster.<\/p>\n\n\n\n<p class=\"has-text-align-center\"><img loading=\"lazy\" decoding=\"async\" width=\"454\" height=\"321\" class=\"wp-image-8964\" style=\"width: 454px;\" src=\"https:\/\/www.fanprojekt-muenster.de\/wordpress\/wp-content\/uploads\/2023\/11\/sdz_saarbruecken.png\" alt=\"\" srcset=\"https:\/\/www.fanprojekt-muenster.de\/wordpress\/wp-content\/uploads\/2023\/11\/sdz_saarbruecken.png 454w, https:\/\/www.fanprojekt-muenster.de\/wordpress\/wp-content\/uploads\/2023\/11\/sdz_saarbruecken-300x212.png 300w\" sizes=\"auto, (max-width: 454px) 100vw, 454px\" \/><\/p>\n","protected":false},"excerpt":{"rendered":"<p>Am Samstag, 2.\u00a0Dezember, soll er rollen: Der erste Sonderzug f\u00fcr Preu\u00dfenfans seit rund vier Jahren (damals nach M\u00fcnchen) f\u00e4hrt ins Saarland zum Spiel des SCP beim Bayern-Bezwinger. <a class=\"read-more-link\" href=\"ab-geht-die-wilde-fahrt-anmeldung-fuer-den-sonderzug-nach-saarbruecken-startet-beim-heimspiel-gegen-ulm\/\">Read more \u00bb<\/a><\/p>\n","protected":false},"author":7,"featured_media":8964,"comment_status":"closed","ping_status":"open","sticky":false,"template":"","format":"standard","meta":{"advgb_blocks_editor_width":"","advgb_blocks_columns_visual_guide":"","footnotes":""},"categories":[4,320,16],"tags":[],"class_list":["post-8962","post","type-post","status-publish","format-standard","has-post-thumbnail","hentry","category-auswarts","category-sonderzug-nach-saarbruecken","category-veranstaltungen"],"featured_image_src":"https:\/\/www.fanprojekt-muenster.de\/wordpress\/wp-content\/uploads\/2023\/11\/sdz_saarbruecken.png","author_info":{"display_name":"CJO","author_link":"https:\/\/www.fanprojekt-muenster.de\/wordpress\/author\/jogy\/"},"yoast_head":"<!-- This site is optimized with the Yoast SEO plugin v27.2 - https:\/\/yoast.com\/product\/yoast-seo-wordpress\/ -->\n<title>Ab geht die wilde Fahrt: Anmeldung f\u00fcr den Sonderzug nach Saarbr\u00fccken startet beim Heimspiel gegen Ulm - Fangemeinschaft Preu\u00dfen M\u00fcnster e. V.<\/title>\n<meta name=\"robots\" content=\"index, follow, max-snippet:-1, max-image-preview:large, max-video-preview:-1\" \/>\n<link rel=\"canonical\" href=\"https:\/\/www.fanprojekt-muenster.de\/wordpress\/ab-geht-die-wilde-fahrt-anmeldung-fuer-den-sonderzug-nach-saarbruecken-startet-beim-heimspiel-gegen-ulm\/\" \/>\n<meta property=\"og:locale\" content=\"de_DE\" \/>\n<meta property=\"og:type\" content=\"article\" \/>\n<meta property=\"og:title\" content=\"Ab geht die wilde Fahrt: Anmeldung f\u00fcr den Sonderzug nach Saarbr\u00fccken startet beim Heimspiel gegen Ulm - Fangemeinschaft Preu\u00dfen M\u00fcnster e. V.\" \/>\n<meta property=\"og:description\" content=\"Am Samstag, 2.\u00a0Dezember, soll er rollen: Der erste Sonderzug f\u00fcr Preu\u00dfenfans seit rund vier Jahren (damals nach M\u00fcnchen) f\u00e4hrt ins Saarland zum Spiel des SCP beim Bayern-Bezwinger. Read more \u00bb\" \/>\n<meta property=\"og:url\" content=\"https:\/\/www.fanprojekt-muenster.de\/wordpress\/ab-geht-die-wilde-fahrt-anmeldung-fuer-den-sonderzug-nach-saarbruecken-startet-beim-heimspiel-gegen-ulm\/\" \/>\n<meta property=\"og:site_name\" content=\"Fangemeinschaft Preu\u00dfen M\u00fcnster e. V.\" \/>\n<meta property=\"article:published_time\" content=\"2023-11-03T16:22:30+00:00\" \/>\n<meta property=\"article:modified_time\" content=\"2023-11-04T16:13:16+00:00\" \/>\n<meta property=\"og:image\" content=\"https:\/\/www.fanprojekt-muenster.de\/wordpress\/wp-content\/uploads\/2023\/11\/sdz_saarbruecken.png\" \/>\n\t<meta property=\"og:image:width\" content=\"454\" \/>\n\t<meta property=\"og:image:height\" content=\"321\" \/>\n\t<meta property=\"og:image:type\" content=\"image\/png\" \/>\n<meta name=\"author\" content=\"CJO\" \/>\n<meta name=\"twitter:card\" content=\"summary_large_image\" \/>\n<meta name=\"twitter:label1\" content=\"Verfasst von\" \/>\n\t<meta name=\"twitter:data1\" content=\"CJO\" \/>\n\t<meta name=\"twitter:label2\" content=\"Gesch\u00e4tzte Lesezeit\" \/>\n\t<meta name=\"twitter:data2\" content=\"2\u00a0Minuten\" \/>\n<script type=\"application\/ld+json\" class=\"yoast-schema-graph\">{\"@context\":\"https:\/\/schema.org\",\"@graph\":[{\"@type\":\"Article\",\"@id\":\"https:\/\/www.fanprojekt-muenster.de\/wordpress\/ab-geht-die-wilde-fahrt-anmeldung-fuer-den-sonderzug-nach-saarbruecken-startet-beim-heimspiel-gegen-ulm\/#article\",\"isPartOf\":{\"@id\":\"https:\/\/www.fanprojekt-muenster.de\/wordpress\/ab-geht-die-wilde-fahrt-anmeldung-fuer-den-sonderzug-nach-saarbruecken-startet-beim-heimspiel-gegen-ulm\/\"},\"author\":{\"name\":\"CJO\",\"@id\":\"https:\/\/www.fanprojekt-muenster.de\/wordpress\/#\/schema\/person\/744936f7caad5b07423673506682ba59\"},\"headline\":\"Ab geht die wilde Fahrt: Anmeldung f\u00fcr den Sonderzug nach Saarbr\u00fccken startet beim Heimspiel gegen Ulm\",\"datePublished\":\"2023-11-03T16:22:30+00:00\",\"dateModified\":\"2023-11-04T16:13:16+00:00\",\"mainEntityOfPage\":{\"@id\":\"https:\/\/www.fanprojekt-muenster.de\/wordpress\/ab-geht-die-wilde-fahrt-anmeldung-fuer-den-sonderzug-nach-saarbruecken-startet-beim-heimspiel-gegen-ulm\/\"},\"wordCount\":220,\"publisher\":{\"@id\":\"https:\/\/www.fanprojekt-muenster.de\/wordpress\/#organization\"},\"image\":{\"@id\":\"https:\/\/www.fanprojekt-muenster.de\/wordpress\/ab-geht-die-wilde-fahrt-anmeldung-fuer-den-sonderzug-nach-saarbruecken-startet-beim-heimspiel-gegen-ulm\/#primaryimage\"},\"thumbnailUrl\":\"https:\/\/www.fanprojekt-muenster.de\/wordpress\/wp-content\/uploads\/2023\/11\/sdz_saarbruecken.png\",\"articleSection\":[\"Ausw\u00e4rts\",\"Sonderzug nach Saarbr\u00fccken\",\"Veranstaltungen\"],\"inLanguage\":\"de\"},{\"@type\":\"WebPage\",\"@id\":\"https:\/\/www.fanprojekt-muenster.de\/wordpress\/ab-geht-die-wilde-fahrt-anmeldung-fuer-den-sonderzug-nach-saarbruecken-startet-beim-heimspiel-gegen-ulm\/\",\"url\":\"https:\/\/www.fanprojekt-muenster.de\/wordpress\/ab-geht-die-wilde-fahrt-anmeldung-fuer-den-sonderzug-nach-saarbruecken-startet-beim-heimspiel-gegen-ulm\/\",\"name\":\"Ab geht die wilde Fahrt: Anmeldung f\u00fcr den Sonderzug nach Saarbr\u00fccken startet beim Heimspiel gegen Ulm - Fangemeinschaft Preu\u00dfen M\u00fcnster e. V.\",\"isPartOf\":{\"@id\":\"https:\/\/www.fanprojekt-muenster.de\/wordpress\/#website\"},\"primaryImageOfPage\":{\"@id\":\"https:\/\/www.fanprojekt-muenster.de\/wordpress\/ab-geht-die-wilde-fahrt-anmeldung-fuer-den-sonderzug-nach-saarbruecken-startet-beim-heimspiel-gegen-ulm\/#primaryimage\"},\"image\":{\"@id\":\"https:\/\/www.fanprojekt-muenster.de\/wordpress\/ab-geht-die-wilde-fahrt-anmeldung-fuer-den-sonderzug-nach-saarbruecken-startet-beim-heimspiel-gegen-ulm\/#primaryimage\"},\"thumbnailUrl\":\"https:\/\/www.fanprojekt-muenster.de\/wordpress\/wp-content\/uploads\/2023\/11\/sdz_saarbruecken.png\",\"datePublished\":\"2023-11-03T16:22:30+00:00\",\"dateModified\":\"2023-11-04T16:13:16+00:00\",\"breadcrumb\":{\"@id\":\"https:\/\/www.fanprojekt-muenster.de\/wordpress\/ab-geht-die-wilde-fahrt-anmeldung-fuer-den-sonderzug-nach-saarbruecken-startet-beim-heimspiel-gegen-ulm\/#breadcrumb\"},\"inLanguage\":\"de\",\"potentialAction\":[{\"@type\":\"ReadAction\",\"target\":[\"https:\/\/www.fanprojekt-muenster.de\/wordpress\/ab-geht-die-wilde-fahrt-anmeldung-fuer-den-sonderzug-nach-saarbruecken-startet-beim-heimspiel-gegen-ulm\/\"]}]},{\"@type\":\"ImageObject\",\"inLanguage\":\"de\",\"@id\":\"https:\/\/www.fanprojekt-muenster.de\/wordpress\/ab-geht-die-wilde-fahrt-anmeldung-fuer-den-sonderzug-nach-saarbruecken-startet-beim-heimspiel-gegen-ulm\/#primaryimage\",\"url\":\"https:\/\/www.fanprojekt-muenster.de\/wordpress\/wp-content\/uploads\/2023\/11\/sdz_saarbruecken.png\",\"contentUrl\":\"https:\/\/www.fanprojekt-muenster.de\/wordpress\/wp-content\/uploads\/2023\/11\/sdz_saarbruecken.png\",\"width\":454,\"height\":321},{\"@type\":\"BreadcrumbList\",\"@id\":\"https:\/\/www.fanprojekt-muenster.de\/wordpress\/ab-geht-die-wilde-fahrt-anmeldung-fuer-den-sonderzug-nach-saarbruecken-startet-beim-heimspiel-gegen-ulm\/#breadcrumb\",\"itemListElement\":[{\"@type\":\"ListItem\",\"position\":1,\"name\":\"Startseite\",\"item\":\"https:\/\/www.fanprojekt-muenster.de\/wordpress\/\"},{\"@type\":\"ListItem\",\"position\":2,\"name\":\"Ab geht die wilde Fahrt: Anmeldung f\u00fcr den Sonderzug nach Saarbr\u00fccken startet beim Heimspiel gegen Ulm\"}]},{\"@type\":\"WebSite\",\"@id\":\"https:\/\/www.fanprojekt-muenster.de\/wordpress\/#website\",\"url\":\"https:\/\/www.fanprojekt-muenster.de\/wordpress\/\",\"name\":\"Fangemeinschaft Preu\u00dfen M\u00fcnster e. V.\",\"description\":\"\",\"publisher\":{\"@id\":\"https:\/\/www.fanprojekt-muenster.de\/wordpress\/#organization\"},\"potentialAction\":[{\"@type\":\"SearchAction\",\"target\":{\"@type\":\"EntryPoint\",\"urlTemplate\":\"https:\/\/www.fanprojekt-muenster.de\/wordpress\/?s={search_term_string}\"},\"query-input\":{\"@type\":\"PropertyValueSpecification\",\"valueRequired\":true,\"valueName\":\"search_term_string\"}}],\"inLanguage\":\"de\"},{\"@type\":\"Organization\",\"@id\":\"https:\/\/www.fanprojekt-muenster.de\/wordpress\/#organization\",\"name\":\"Fangemeinschaft Preu\u00dfen M\u00fcnster e. V.\",\"url\":\"https:\/\/www.fanprojekt-muenster.de\/wordpress\/\",\"logo\":{\"@type\":\"ImageObject\",\"inLanguage\":\"de\",\"@id\":\"https:\/\/www.fanprojekt-muenster.de\/wordpress\/#\/schema\/logo\/image\/\",\"url\":\"https:\/\/www.fanprojekt-muenster.de\/wordpress\/wp-content\/uploads\/2019\/07\/cropped-Website_Logo3-9.png\",\"contentUrl\":\"https:\/\/www.fanprojekt-muenster.de\/wordpress\/wp-content\/uploads\/2019\/07\/cropped-Website_Logo3-9.png\",\"width\":224,\"height\":42,\"caption\":\"Fangemeinschaft Preu\u00dfen M\u00fcnster e. V.\"},\"image\":{\"@id\":\"https:\/\/www.fanprojekt-muenster.de\/wordpress\/#\/schema\/logo\/image\/\"}},{\"@type\":\"Person\",\"@id\":\"https:\/\/www.fanprojekt-muenster.de\/wordpress\/#\/schema\/person\/744936f7caad5b07423673506682ba59\",\"name\":\"CJO\",\"url\":\"https:\/\/www.fanprojekt-muenster.de\/wordpress\/author\/jogy\/\"}]}<\/script>\n<!-- \/ Yoast SEO plugin. -->","yoast_head_json":{"title":"Ab geht die wilde Fahrt: Anmeldung f\u00fcr den Sonderzug nach Saarbr\u00fccken startet beim Heimspiel gegen Ulm - Fangemeinschaft Preu\u00dfen M\u00fcnster e. V.","robots":{"index":"index","follow":"follow","max-snippet":"max-snippet:-1","max-image-preview":"max-image-preview:large","max-video-preview":"max-video-preview:-1"},"canonical":"https:\/\/www.fanprojekt-muenster.de\/wordpress\/ab-geht-die-wilde-fahrt-anmeldung-fuer-den-sonderzug-nach-saarbruecken-startet-beim-heimspiel-gegen-ulm\/","og_locale":"de_DE","og_type":"article","og_title":"Ab geht die wilde Fahrt: Anmeldung f\u00fcr den Sonderzug nach Saarbr\u00fccken startet beim Heimspiel gegen Ulm - Fangemeinschaft Preu\u00dfen M\u00fcnster e. V.","og_description":"Am Samstag, 2.\u00a0Dezember, soll er rollen: Der erste Sonderzug f\u00fcr Preu\u00dfenfans seit rund vier Jahren (damals nach M\u00fcnchen) f\u00e4hrt ins Saarland zum Spiel des SCP beim Bayern-Bezwinger. Read more \u00bb","og_url":"https:\/\/www.fanprojekt-muenster.de\/wordpress\/ab-geht-die-wilde-fahrt-anmeldung-fuer-den-sonderzug-nach-saarbruecken-startet-beim-heimspiel-gegen-ulm\/","og_site_name":"Fangemeinschaft Preu\u00dfen M\u00fcnster e. V.","article_published_time":"2023-11-03T16:22:30+00:00","article_modified_time":"2023-11-04T16:13:16+00:00","og_image":[{"width":454,"height":321,"url":"https:\/\/www.fanprojekt-muenster.de\/wordpress\/wp-content\/uploads\/2023\/11\/sdz_saarbruecken.png","type":"image\/png"}],"author":"CJO","twitter_card":"summary_large_image","twitter_misc":{"Verfasst von":"CJO","Gesch\u00e4tzte Lesezeit":"2\u00a0Minuten"},"schema":{"@context":"https:\/\/schema.org","@graph":[{"@type":"Article","@id":"https:\/\/www.fanprojekt-muenster.de\/wordpress\/ab-geht-die-wilde-fahrt-anmeldung-fuer-den-sonderzug-nach-saarbruecken-startet-beim-heimspiel-gegen-ulm\/#article","isPartOf":{"@id":"https:\/\/www.fanprojekt-muenster.de\/wordpress\/ab-geht-die-wilde-fahrt-anmeldung-fuer-den-sonderzug-nach-saarbruecken-startet-beim-heimspiel-gegen-ulm\/"},"author":{"name":"CJO","@id":"https:\/\/www.fanprojekt-muenster.de\/wordpress\/#\/schema\/person\/744936f7caad5b07423673506682ba59"},"headline":"Ab geht die wilde Fahrt: Anmeldung f\u00fcr den Sonderzug nach Saarbr\u00fccken startet beim Heimspiel gegen Ulm","datePublished":"2023-11-03T16:22:30+00:00","dateModified":"2023-11-04T16:13:16+00:00","mainEntityOfPage":{"@id":"https:\/\/www.fanprojekt-muenster.de\/wordpress\/ab-geht-die-wilde-fahrt-anmeldung-fuer-den-sonderzug-nach-saarbruecken-startet-beim-heimspiel-gegen-ulm\/"},"wordCount":220,"publisher":{"@id":"https:\/\/www.fanprojekt-muenster.de\/wordpress\/#organization"},"image":{"@id":"https:\/\/www.fanprojekt-muenster.de\/wordpress\/ab-geht-die-wilde-fahrt-anmeldung-fuer-den-sonderzug-nach-saarbruecken-startet-beim-heimspiel-gegen-ulm\/#primaryimage"},"thumbnailUrl":"https:\/\/www.fanprojekt-muenster.de\/wordpress\/wp-content\/uploads\/2023\/11\/sdz_saarbruecken.png","articleSection":["Ausw\u00e4rts","Sonderzug nach Saarbr\u00fccken","Veranstaltungen"],"inLanguage":"de"},{"@type":"WebPage","@id":"https:\/\/www.fanprojekt-muenster.de\/wordpress\/ab-geht-die-wilde-fahrt-anmeldung-fuer-den-sonderzug-nach-saarbruecken-startet-beim-heimspiel-gegen-ulm\/","url":"https:\/\/www.fanprojekt-muenster.de\/wordpress\/ab-geht-die-wilde-fahrt-anmeldung-fuer-den-sonderzug-nach-saarbruecken-startet-beim-heimspiel-gegen-ulm\/","name":"Ab geht die wilde Fahrt: Anmeldung f\u00fcr den Sonderzug nach Saarbr\u00fccken startet beim Heimspiel gegen Ulm - Fangemeinschaft Preu\u00dfen M\u00fcnster e. V.","isPartOf":{"@id":"https:\/\/www.fanprojekt-muenster.de\/wordpress\/#website"},"primaryImageOfPage":{"@id":"https:\/\/www.fanprojekt-muenster.de\/wordpress\/ab-geht-die-wilde-fahrt-anmeldung-fuer-den-sonderzug-nach-saarbruecken-startet-beim-heimspiel-gegen-ulm\/#primaryimage"},"image":{"@id":"https:\/\/www.fanprojekt-muenster.de\/wordpress\/ab-geht-die-wilde-fahrt-anmeldung-fuer-den-sonderzug-nach-saarbruecken-startet-beim-heimspiel-gegen-ulm\/#primaryimage"},"thumbnailUrl":"https:\/\/www.fanprojekt-muenster.de\/wordpress\/wp-content\/uploads\/2023\/11\/sdz_saarbruecken.png","datePublished":"2023-11-03T16:22:30+00:00","dateModified":"2023-11-04T16:13:16+00:00","breadcrumb":{"@id":"https:\/\/www.fanprojekt-muenster.de\/wordpress\/ab-geht-die-wilde-fahrt-anmeldung-fuer-den-sonderzug-nach-saarbruecken-startet-beim-heimspiel-gegen-ulm\/#breadcrumb"},"inLanguage":"de","potentialAction":[{"@type":"ReadAction","target":["https:\/\/www.fanprojekt-muenster.de\/wordpress\/ab-geht-die-wilde-fahrt-anmeldung-fuer-den-sonderzug-nach-saarbruecken-startet-beim-heimspiel-gegen-ulm\/"]}]},{"@type":"ImageObject","inLanguage":"de","@id":"https:\/\/www.fanprojekt-muenster.de\/wordpress\/ab-geht-die-wilde-fahrt-anmeldung-fuer-den-sonderzug-nach-saarbruecken-startet-beim-heimspiel-gegen-ulm\/#primaryimage","url":"https:\/\/www.fanprojekt-muenster.de\/wordpress\/wp-content\/uploads\/2023\/11\/sdz_saarbruecken.png","contentUrl":"https:\/\/www.fanprojekt-muenster.de\/wordpress\/wp-content\/uploads\/2023\/11\/sdz_saarbruecken.png","width":454,"height":321},{"@type":"BreadcrumbList","@id":"https:\/\/www.fanprojekt-muenster.de\/wordpress\/ab-geht-die-wilde-fahrt-anmeldung-fuer-den-sonderzug-nach-saarbruecken-startet-beim-heimspiel-gegen-ulm\/#breadcrumb","itemListElement":[{"@type":"ListItem","position":1,"name":"Startseite","item":"https:\/\/www.fanprojekt-muenster.de\/wordpress\/"},{"@type":"ListItem","position":2,"name":"Ab geht die wilde Fahrt: Anmeldung f\u00fcr den Sonderzug nach Saarbr\u00fccken startet beim Heimspiel gegen Ulm"}]},{"@type":"WebSite","@id":"https:\/\/www.fanprojekt-muenster.de\/wordpress\/#website","url":"https:\/\/www.fanprojekt-muenster.de\/wordpress\/","name":"Fangemeinschaft Preu\u00dfen M\u00fcnster e. V.","description":"","publisher":{"@id":"https:\/\/www.fanprojekt-muenster.de\/wordpress\/#organization"},"potentialAction":[{"@type":"SearchAction","target":{"@type":"EntryPoint","urlTemplate":"https:\/\/www.fanprojekt-muenster.de\/wordpress\/?s={search_term_string}"},"query-input":{"@type":"PropertyValueSpecification","valueRequired":true,"valueName":"search_term_string"}}],"inLanguage":"de"},{"@type":"Organization","@id":"https:\/\/www.fanprojekt-muenster.de\/wordpress\/#organization","name":"Fangemeinschaft Preu\u00dfen M\u00fcnster e. V.","url":"https:\/\/www.fanprojekt-muenster.de\/wordpress\/","logo":{"@type":"ImageObject","inLanguage":"de","@id":"https:\/\/www.fanprojekt-muenster.de\/wordpress\/#\/schema\/logo\/image\/","url":"https:\/\/www.fanprojekt-muenster.de\/wordpress\/wp-content\/uploads\/2019\/07\/cropped-Website_Logo3-9.png","contentUrl":"https:\/\/www.fanprojekt-muenster.de\/wordpress\/wp-content\/uploads\/2019\/07\/cropped-Website_Logo3-9.png","width":224,"height":42,"caption":"Fangemeinschaft Preu\u00dfen M\u00fcnster e. V."},"image":{"@id":"https:\/\/www.fanprojekt-muenster.de\/wordpress\/#\/schema\/logo\/image\/"}},{"@type":"Person","@id":"https:\/\/www.fanprojekt-muenster.de\/wordpress\/#\/schema\/person\/744936f7caad5b07423673506682ba59","name":"CJO","url":"https:\/\/www.fanprojekt-muenster.de\/wordpress\/author\/jogy\/"}]}},"author_meta":{"display_name":"CJO","author_link":"https:\/\/www.fanprojekt-muenster.de\/wordpress\/author\/jogy\/"},"featured_img":"https:\/\/www.fanprojekt-muenster.de\/wordpress\/wp-content\/uploads\/2023\/11\/sdz_saarbruecken-300x212.png","coauthors":[],"tax_additional":{"categories":{"linked":["<a href=\"https:\/\/www.fanprojekt-muenster.de\/wordpress\/category\/auswarts\/\" class=\"advgb-post-tax-term\">Ausw\u00e4rts<\/a>","<a href=\"https:\/\/www.fanprojekt-muenster.de\/wordpress\/category\/auswarts\/sonderzug-nach-saarbruecken\/\" class=\"advgb-post-tax-term\">Sonderzug nach Saarbr\u00fccken<\/a>","<a href=\"https:\/\/www.fanprojekt-muenster.de\/wordpress\/category\/veranstaltungen\/\" class=\"advgb-post-tax-term\">Veranstaltungen<\/a>"],"unlinked":["<span class=\"advgb-post-tax-term\">Ausw\u00e4rts<\/span>","<span class=\"advgb-post-tax-term\">Sonderzug nach Saarbr\u00fccken<\/span>","<span class=\"advgb-post-tax-term\">Veranstaltungen<\/span>"]}},"comment_count":"0","relative_dates":{"created":"Posted 2\u00a0Jahren ago","modified":"Updated 2\u00a0Jahren ago"},"absolute_dates":{"created":"Posted on 3. November 2023","modified":"Updated on 4. November 2023"},"absolute_dates_time":{"created":"Posted on 3. November 2023 17:22","modified":"Updated on 4. November 2023 17:13"},"featured_img_caption":"","series_order":"","_links":{"self":[{"href":"https:\/\/www.fanprojekt-muenster.de\/wordpress\/wp-json\/wp\/v2\/posts\/8962","targetHints":{"allow":["GET"]}}],"collection":[{"href":"https:\/\/www.fanprojekt-muenster.de\/wordpress\/wp-json\/wp\/v2\/posts"}],"about":[{"href":"https:\/\/www.fanprojekt-muenster.de\/wordpress\/wp-json\/wp\/v2\/types\/post"}],"author":[{"embeddable":true,"href":"https:\/\/www.fanprojekt-muenster.de\/wordpress\/wp-json\/wp\/v2\/users\/7"}],"replies":[{"embeddable":true,"href":"https:\/\/www.fanprojekt-muenster.de\/wordpress\/wp-json\/wp\/v2\/comments?post=8962"}],"version-history":[{"count":11,"href":"https:\/\/www.fanprojekt-muenster.de\/wordpress\/wp-json\/wp\/v2\/posts\/8962\/revisions"}],"predecessor-version":[{"id":8974,"href":"https:\/\/www.fanprojekt-muenster.de\/wordpress\/wp-json\/wp\/v2\/posts\/8962\/revisions\/8974"}],"wp:featuredmedia":[{"embeddable":true,"href":"https:\/\/www.fanprojekt-muenster.de\/wordpress\/wp-json\/wp\/v2\/media\/8964"}],"wp:attachment":[{"href":"https:\/\/www.fanprojekt-muenster.de\/wordpress\/wp-json\/wp\/v2\/media?parent=8962"}],"wp:term":[{"taxonomy":"category","embeddable":true,"href":"https:\/\/www.fanprojekt-muenster.de\/wordpress\/wp-json\/wp\/v2\/categories?post=8962"},{"taxonomy":"post_tag","embeddable":true,"href":"https:\/\/www.fanprojekt-muenster.de\/wordpress\/wp-json\/wp\/v2\/tags?post=8962"}],"curies":[{"name":"wp","href":"https:\/\/api.w.org\/{rel}","templated":true}]}}