{"id":8936,"date":"2023-10-26T13:27:03","date_gmt":"2023-10-26T11:27:03","guid":{"rendered":"https:\/\/www.fanprojekt-muenster.de\/wordpress\/?p=8936"},"modified":"2023-10-26T13:28:03","modified_gmt":"2023-10-26T11:28:03","slug":"mitgliederversammlung-in-der-fangemeinschaft-die-zeichen-stehen-auf-aufbruch","status":"publish","type":"post","link":"https:\/\/www.fanprojekt-muenster.de\/wordpress\/mitgliederversammlung-in-der-fangemeinschaft-die-zeichen-stehen-auf-aufbruch\/","title":{"rendered":"Mitgliederversammlung in der Fangemeinschaft: Die Zeichen stehen auf Aufbruch"},"content":{"rendered":"\n<h3 class=\"wp-block-heading\"><u>Vorstandwahlen und ein neuer Name sollen frischen Wind bringen<\/u><\/h3>\n\n\n\n<p>Am Mittwochabend zur gewohnten Zeit um 19:06 fand erneut die ordentliche Mitgliederversammlung des Fanprojekts statt. Mit 59 stimmberechtigten Mitgliedern konnten damit deutlich mehr Interessierte als im Jahr zuvor angelockt werden. Das lag nicht zuletzt an der geplanten Neuausrichtung. In den neuen Vorstand wurden mit den Torben Maunz (1.\u00a0Vorsitz) und Julius Holdschlag (Kommunikation) zun\u00e4chst zwei neue Gesichter gew\u00e4hlt. Mit Melanie Shinwari-Lenk (2.\u00a0Vorsitz), Julian Rosery (Kassenwart) und Christian Johanns (Schriftf\u00fchrer) setzen auch drei verdiente Vorstandsmitglieder ihre Arbeit fort. Marcel Fark (Mitglieder- &amp; Fanclubbetreuung) und Hendrik Br\u00fcggemann (Gesch\u00e4ftsstelle) sollen im Laufe des kommenden Jahres den Vorstand erg\u00e4nzen. Die Ambitionen der Angetretenen sind vor allem darin begr\u00fcndet, den e.V. wieder mit Leben zu f\u00fcllen. Denn zuletzt war die Arbeit des Fanprojekts etwas untergegangen. Mit dem Aufstieg in die dritte Liga str\u00f6men nicht nur die Fans in deutlich gr\u00f6\u00dferen Massen ins Stadion an der Hammer Stra\u00dfe. Auch die Anforderungen an einen Dachverband aller Fans steigen. Das Fanprojekt soll daf\u00fcr Rahmen sein, unter dem sich m\u00f6glichst viele Menschen rund um den Verein wiederfinden k\u00f6nnen.<\/p>\n\n\n\n<p>&nbsp;<\/p>\n\n\n\n<h6 class=\"wp-block-heading\"><em>Neuer Name Fangemeinschaft, Sonderzug und Arbeitsgruppen als Impulse<\/em><\/h6>\n\n\n\n<p>Das wohl deutlichste Zeichen des Aufbruchs geht mit der Namens\u00e4nderung des Fanprojekt einher. Eine Differenzierung vom sozialp\u00e4dagogischen Fanprojekt ist einer der Gr\u00fcnde f\u00fcr die Umbenennung des e.V.. Viel st\u00e4rker soll die \u00c4nderung des Namens jedoch als sichtbares Zeichen der Neuaufstellung verstanden sein. Insgesamt zwei \u00fcber Antr\u00e4ge eingebrachte Namensvorschl\u00e4ge (Anm.: ein Antrag wurde zur\u00fcckgezogen) standen den 59 anwesenden Mitgliedern am Mittwoch in der Haupttrib\u00fcne des Preu\u00dfenstadions zur Wahl. Mit deutlicher Mehrheit wurde der neue Name <em>Fangemeinschaft Preu\u00dfen M\u00fcnster<\/em> angenommen. Die Neufirmierung soll gleichzeitig Startschuss f\u00fcr einen Neuanfang sein und Taten folgen lassen. Geplant ist es, den Namen in den kommenden Wochen notariell \u00e4ndern zu lassen. Damit einher geht auch die Logo\u00e4nderung, die in den kommenden Wochen umgesetzt werden soll.<\/p>\n\n\n\n<p>Als Kern der Arbeit sind in der neuen Ausrichtung der Fangemeinschaft Arbeitsgruppen rund um folgende Themen geplant:<\/p>\n\n\n\n<ul class=\"wp-block-list\">\n<li>120 Jahre SCP\u00a0\/\u00a0100 Jahre Preu\u00dfenstadion im Jahr 2026<\/li>\n\n\n\n<li>Fanclubs und Mitglieder<\/li>\n\n\n\n<li>interne und externe Kommunikation<\/li>\n\n\n\n<li>\u201eneues\u201c Preu\u00dfenstadion<\/li>\n\n\n\n<li>Vereinsarbeit<\/li>\n\n\n\n<li>Veranstaltungen<\/li>\n<\/ul>\n\n\n\n<p>Letztere Arbeitsgruppe konnte bereits erste Erfolge erzielen und einen geplanten Sonderzug zum Ausw\u00e4rtsspiel in Saarbr\u00fccken am 2.\u00a0Dezember anmelden, was in den R\u00e4umlichkeiten der gut gef\u00fcllten Haupttrib\u00fcne ein sehr positives Echo fand. Dazu in K\u00fcrze mehr.<\/p>\n\n\n\n<p>&nbsp;<\/p>\n\n\n\n<h6 class=\"wp-block-heading\"><em>Eure Unterst\u00fctzung ist gefragt<\/em><\/h6>\n\n\n\n<p>Ohne die Unterst\u00fctzung vieler engagierter Mitglieder der Fangemeinschaft werden die anstehenden Aufgaben in den Arbeitsgruppen nur schwer umsetzbar sein. Auch heute ist der Kreis der engagierten Mitglieder bereits deutlich gr\u00f6\u00dfer. Diese Entwicklung m\u00f6chten wir fortsetzen. Zeitnah werden wir offene Treffen f\u00fcr Interessierte kommunizieren. M\u00f6chtest du die Arbeit der Fangemeinschaft dar\u00fcber hinaus unterst\u00fctzen, werde Mitglied. Hier geht\u2019s zum <a href=\"http:\/\/www.fanprojekt-muenster.de\/wordpress\/kontakt\/formulare\/mitgliedsantrag\/\">Mitgliedsantrag<\/a>!<\/p>\n\n\n\n<p>Abschlie\u00dfend m\u00f6chte sich die Fangemeinschaft bei allen Menschen bedanken, die eine Vorarbeit am heutigen e.V. geleistet haben. Wir freuen uns \u00fcber weitere Mitstreiterinnen und Mitstreiter, die sich in der AG- und Gremienarbeit engagieren m\u00f6chten. Viele positive Signale konnten wir auf der Mitgliederversammlung bereits erhalten. Jetzt gilt es den Ank\u00fcndigungen und ersten Taten weitere folgen zu lassen.<\/p>\n","protected":false},"excerpt":{"rendered":"<p>Vorstandwahlen und ein neuer Name sollen frischen Wind bringen Am Mittwochabend zur gewohnten Zeit um 19:06 fand erneut die ordentliche Mitgliederversammlung des Fanprojekts statt. Mit 59 stimmberechtigten Mitgliedern konnten damit&#8230; <a class=\"read-more-link\" href=\"https:\/\/www.fanprojekt-muenster.de\/wordpress\/mitgliederversammlung-in-der-fangemeinschaft-die-zeichen-stehen-auf-aufbruch\/\">Read more &raquo;<\/a><\/p>\n","protected":false},"author":7,"featured_media":8958,"comment_status":"closed","ping_status":"open","sticky":false,"template":"","format":"standard","meta":{"advgb_blocks_editor_width":"","advgb_blocks_columns_visual_guide":"","footnotes":""},"categories":[1],"tags":[],"class_list":["post-8936","post","type-post","status-publish","format-standard","has-post-thumbnail","hentry","category-allgemein"],"featured_image_src":"https:\/\/www.fanprojekt-muenster.de\/wordpress\/wp-content\/uploads\/2023\/10\/jhv202324_1.jpg","author_info":{"display_name":"CJO","author_link":"https:\/\/www.fanprojekt-muenster.de\/wordpress\/author\/jogy\/"},"yoast_head":"<!-- This site is optimized with the Yoast SEO plugin v27.2 - https:\/\/yoast.com\/product\/yoast-seo-wordpress\/ -->\n<title>Mitgliederversammlung in der Fangemeinschaft: Die Zeichen stehen auf Aufbruch - Fangemeinschaft Preu\u00dfen M\u00fcnster e. V.<\/title>\n<meta name=\"robots\" content=\"index, follow, max-snippet:-1, max-image-preview:large, max-video-preview:-1\" \/>\n<link rel=\"canonical\" href=\"https:\/\/www.fanprojekt-muenster.de\/wordpress\/mitgliederversammlung-in-der-fangemeinschaft-die-zeichen-stehen-auf-aufbruch\/\" \/>\n<meta property=\"og:locale\" content=\"de_DE\" \/>\n<meta property=\"og:type\" content=\"article\" \/>\n<meta property=\"og:title\" content=\"Mitgliederversammlung in der Fangemeinschaft: Die Zeichen stehen auf Aufbruch - Fangemeinschaft Preu\u00dfen M\u00fcnster e. V.\" \/>\n<meta property=\"og:description\" content=\"Vorstandwahlen und ein neuer Name sollen frischen Wind bringen Am Mittwochabend zur gewohnten Zeit um 19:06 fand erneut die ordentliche Mitgliederversammlung des Fanprojekts statt. Mit 59 stimmberechtigten Mitgliedern konnten damit... Read more &raquo;\" \/>\n<meta property=\"og:url\" content=\"https:\/\/www.fanprojekt-muenster.de\/wordpress\/mitgliederversammlung-in-der-fangemeinschaft-die-zeichen-stehen-auf-aufbruch\/\" \/>\n<meta property=\"og:site_name\" content=\"Fangemeinschaft Preu\u00dfen M\u00fcnster e. V.\" \/>\n<meta property=\"article:published_time\" content=\"2023-10-26T11:27:03+00:00\" \/>\n<meta property=\"article:modified_time\" content=\"2023-10-26T11:28:03+00:00\" \/>\n<meta property=\"og:image\" content=\"https:\/\/www.fanprojekt-muenster.de\/wordpress\/wp-content\/uploads\/2023\/10\/jhv202324_1.jpg\" \/>\n\t<meta property=\"og:image:width\" content=\"1039\" \/>\n\t<meta property=\"og:image:height\" content=\"693\" \/>\n\t<meta property=\"og:image:type\" content=\"image\/jpeg\" \/>\n<meta name=\"author\" content=\"CJO\" \/>\n<meta name=\"twitter:card\" content=\"summary_large_image\" \/>\n<meta name=\"twitter:label1\" content=\"Verfasst von\" \/>\n\t<meta name=\"twitter:data1\" content=\"CJO\" \/>\n\t<meta name=\"twitter:label2\" content=\"Gesch\u00e4tzte Lesezeit\" \/>\n\t<meta name=\"twitter:data2\" content=\"3\u00a0Minuten\" \/>\n<script type=\"application\/ld+json\" class=\"yoast-schema-graph\">{\"@context\":\"https:\/\/schema.org\",\"@graph\":[{\"@type\":\"Article\",\"@id\":\"https:\/\/www.fanprojekt-muenster.de\/wordpress\/mitgliederversammlung-in-der-fangemeinschaft-die-zeichen-stehen-auf-aufbruch\/#article\",\"isPartOf\":{\"@id\":\"https:\/\/www.fanprojekt-muenster.de\/wordpress\/mitgliederversammlung-in-der-fangemeinschaft-die-zeichen-stehen-auf-aufbruch\/\"},\"author\":{\"name\":\"CJO\",\"@id\":\"https:\/\/www.fanprojekt-muenster.de\/wordpress\/#\/schema\/person\/744936f7caad5b07423673506682ba59\"},\"headline\":\"Mitgliederversammlung in der Fangemeinschaft: Die Zeichen stehen auf Aufbruch\",\"datePublished\":\"2023-10-26T11:27:03+00:00\",\"dateModified\":\"2023-10-26T11:28:03+00:00\",\"mainEntityOfPage\":{\"@id\":\"https:\/\/www.fanprojekt-muenster.de\/wordpress\/mitgliederversammlung-in-der-fangemeinschaft-die-zeichen-stehen-auf-aufbruch\/\"},\"wordCount\":550,\"publisher\":{\"@id\":\"https:\/\/www.fanprojekt-muenster.de\/wordpress\/#organization\"},\"image\":{\"@id\":\"https:\/\/www.fanprojekt-muenster.de\/wordpress\/mitgliederversammlung-in-der-fangemeinschaft-die-zeichen-stehen-auf-aufbruch\/#primaryimage\"},\"thumbnailUrl\":\"https:\/\/www.fanprojekt-muenster.de\/wordpress\/wp-content\/uploads\/2023\/10\/jhv202324_1.jpg\",\"inLanguage\":\"de\"},{\"@type\":\"WebPage\",\"@id\":\"https:\/\/www.fanprojekt-muenster.de\/wordpress\/mitgliederversammlung-in-der-fangemeinschaft-die-zeichen-stehen-auf-aufbruch\/\",\"url\":\"https:\/\/www.fanprojekt-muenster.de\/wordpress\/mitgliederversammlung-in-der-fangemeinschaft-die-zeichen-stehen-auf-aufbruch\/\",\"name\":\"Mitgliederversammlung in der Fangemeinschaft: Die Zeichen stehen auf Aufbruch - Fangemeinschaft Preu\u00dfen M\u00fcnster e. V.\",\"isPartOf\":{\"@id\":\"https:\/\/www.fanprojekt-muenster.de\/wordpress\/#website\"},\"primaryImageOfPage\":{\"@id\":\"https:\/\/www.fanprojekt-muenster.de\/wordpress\/mitgliederversammlung-in-der-fangemeinschaft-die-zeichen-stehen-auf-aufbruch\/#primaryimage\"},\"image\":{\"@id\":\"https:\/\/www.fanprojekt-muenster.de\/wordpress\/mitgliederversammlung-in-der-fangemeinschaft-die-zeichen-stehen-auf-aufbruch\/#primaryimage\"},\"thumbnailUrl\":\"https:\/\/www.fanprojekt-muenster.de\/wordpress\/wp-content\/uploads\/2023\/10\/jhv202324_1.jpg\",\"datePublished\":\"2023-10-26T11:27:03+00:00\",\"dateModified\":\"2023-10-26T11:28:03+00:00\",\"breadcrumb\":{\"@id\":\"https:\/\/www.fanprojekt-muenster.de\/wordpress\/mitgliederversammlung-in-der-fangemeinschaft-die-zeichen-stehen-auf-aufbruch\/#breadcrumb\"},\"inLanguage\":\"de\",\"potentialAction\":[{\"@type\":\"ReadAction\",\"target\":[\"https:\/\/www.fanprojekt-muenster.de\/wordpress\/mitgliederversammlung-in-der-fangemeinschaft-die-zeichen-stehen-auf-aufbruch\/\"]}]},{\"@type\":\"ImageObject\",\"inLanguage\":\"de\",\"@id\":\"https:\/\/www.fanprojekt-muenster.de\/wordpress\/mitgliederversammlung-in-der-fangemeinschaft-die-zeichen-stehen-auf-aufbruch\/#primaryimage\",\"url\":\"https:\/\/www.fanprojekt-muenster.de\/wordpress\/wp-content\/uploads\/2023\/10\/jhv202324_1.jpg\",\"contentUrl\":\"https:\/\/www.fanprojekt-muenster.de\/wordpress\/wp-content\/uploads\/2023\/10\/jhv202324_1.jpg\",\"width\":1039,\"height\":693},{\"@type\":\"BreadcrumbList\",\"@id\":\"https:\/\/www.fanprojekt-muenster.de\/wordpress\/mitgliederversammlung-in-der-fangemeinschaft-die-zeichen-stehen-auf-aufbruch\/#breadcrumb\",\"itemListElement\":[{\"@type\":\"ListItem\",\"position\":1,\"name\":\"Startseite\",\"item\":\"https:\/\/www.fanprojekt-muenster.de\/wordpress\/\"},{\"@type\":\"ListItem\",\"position\":2,\"name\":\"Mitgliederversammlung in der Fangemeinschaft: Die Zeichen stehen auf Aufbruch\"}]},{\"@type\":\"WebSite\",\"@id\":\"https:\/\/www.fanprojekt-muenster.de\/wordpress\/#website\",\"url\":\"https:\/\/www.fanprojekt-muenster.de\/wordpress\/\",\"name\":\"Fangemeinschaft Preu\u00dfen M\u00fcnster e. V.\",\"description\":\"\",\"publisher\":{\"@id\":\"https:\/\/www.fanprojekt-muenster.de\/wordpress\/#organization\"},\"potentialAction\":[{\"@type\":\"SearchAction\",\"target\":{\"@type\":\"EntryPoint\",\"urlTemplate\":\"https:\/\/www.fanprojekt-muenster.de\/wordpress\/?s={search_term_string}\"},\"query-input\":{\"@type\":\"PropertyValueSpecification\",\"valueRequired\":true,\"valueName\":\"search_term_string\"}}],\"inLanguage\":\"de\"},{\"@type\":\"Organization\",\"@id\":\"https:\/\/www.fanprojekt-muenster.de\/wordpress\/#organization\",\"name\":\"Fangemeinschaft Preu\u00dfen M\u00fcnster e. V.\",\"url\":\"https:\/\/www.fanprojekt-muenster.de\/wordpress\/\",\"logo\":{\"@type\":\"ImageObject\",\"inLanguage\":\"de\",\"@id\":\"https:\/\/www.fanprojekt-muenster.de\/wordpress\/#\/schema\/logo\/image\/\",\"url\":\"https:\/\/www.fanprojekt-muenster.de\/wordpress\/wp-content\/uploads\/2019\/07\/cropped-Website_Logo3-9.png\",\"contentUrl\":\"https:\/\/www.fanprojekt-muenster.de\/wordpress\/wp-content\/uploads\/2019\/07\/cropped-Website_Logo3-9.png\",\"width\":224,\"height\":42,\"caption\":\"Fangemeinschaft Preu\u00dfen M\u00fcnster e. V.\"},\"image\":{\"@id\":\"https:\/\/www.fanprojekt-muenster.de\/wordpress\/#\/schema\/logo\/image\/\"}},{\"@type\":\"Person\",\"@id\":\"https:\/\/www.fanprojekt-muenster.de\/wordpress\/#\/schema\/person\/744936f7caad5b07423673506682ba59\",\"name\":\"CJO\",\"url\":\"https:\/\/www.fanprojekt-muenster.de\/wordpress\/author\/jogy\/\"}]}<\/script>\n<!-- \/ Yoast SEO plugin. -->","yoast_head_json":{"title":"Mitgliederversammlung in der Fangemeinschaft: Die Zeichen stehen auf Aufbruch - Fangemeinschaft Preu\u00dfen M\u00fcnster e. V.","robots":{"index":"index","follow":"follow","max-snippet":"max-snippet:-1","max-image-preview":"max-image-preview:large","max-video-preview":"max-video-preview:-1"},"canonical":"https:\/\/www.fanprojekt-muenster.de\/wordpress\/mitgliederversammlung-in-der-fangemeinschaft-die-zeichen-stehen-auf-aufbruch\/","og_locale":"de_DE","og_type":"article","og_title":"Mitgliederversammlung in der Fangemeinschaft: Die Zeichen stehen auf Aufbruch - Fangemeinschaft Preu\u00dfen M\u00fcnster e. V.","og_description":"Vorstandwahlen und ein neuer Name sollen frischen Wind bringen Am Mittwochabend zur gewohnten Zeit um 19:06 fand erneut die ordentliche Mitgliederversammlung des Fanprojekts statt. Mit 59 stimmberechtigten Mitgliedern konnten damit... Read more &raquo;","og_url":"https:\/\/www.fanprojekt-muenster.de\/wordpress\/mitgliederversammlung-in-der-fangemeinschaft-die-zeichen-stehen-auf-aufbruch\/","og_site_name":"Fangemeinschaft Preu\u00dfen M\u00fcnster e. V.","article_published_time":"2023-10-26T11:27:03+00:00","article_modified_time":"2023-10-26T11:28:03+00:00","og_image":[{"width":1039,"height":693,"url":"https:\/\/www.fanprojekt-muenster.de\/wordpress\/wp-content\/uploads\/2023\/10\/jhv202324_1.jpg","type":"image\/jpeg"}],"author":"CJO","twitter_card":"summary_large_image","twitter_misc":{"Verfasst von":"CJO","Gesch\u00e4tzte Lesezeit":"3\u00a0Minuten"},"schema":{"@context":"https:\/\/schema.org","@graph":[{"@type":"Article","@id":"https:\/\/www.fanprojekt-muenster.de\/wordpress\/mitgliederversammlung-in-der-fangemeinschaft-die-zeichen-stehen-auf-aufbruch\/#article","isPartOf":{"@id":"https:\/\/www.fanprojekt-muenster.de\/wordpress\/mitgliederversammlung-in-der-fangemeinschaft-die-zeichen-stehen-auf-aufbruch\/"},"author":{"name":"CJO","@id":"https:\/\/www.fanprojekt-muenster.de\/wordpress\/#\/schema\/person\/744936f7caad5b07423673506682ba59"},"headline":"Mitgliederversammlung in der Fangemeinschaft: Die Zeichen stehen auf Aufbruch","datePublished":"2023-10-26T11:27:03+00:00","dateModified":"2023-10-26T11:28:03+00:00","mainEntityOfPage":{"@id":"https:\/\/www.fanprojekt-muenster.de\/wordpress\/mitgliederversammlung-in-der-fangemeinschaft-die-zeichen-stehen-auf-aufbruch\/"},"wordCount":550,"publisher":{"@id":"https:\/\/www.fanprojekt-muenster.de\/wordpress\/#organization"},"image":{"@id":"https:\/\/www.fanprojekt-muenster.de\/wordpress\/mitgliederversammlung-in-der-fangemeinschaft-die-zeichen-stehen-auf-aufbruch\/#primaryimage"},"thumbnailUrl":"https:\/\/www.fanprojekt-muenster.de\/wordpress\/wp-content\/uploads\/2023\/10\/jhv202324_1.jpg","inLanguage":"de"},{"@type":"WebPage","@id":"https:\/\/www.fanprojekt-muenster.de\/wordpress\/mitgliederversammlung-in-der-fangemeinschaft-die-zeichen-stehen-auf-aufbruch\/","url":"https:\/\/www.fanprojekt-muenster.de\/wordpress\/mitgliederversammlung-in-der-fangemeinschaft-die-zeichen-stehen-auf-aufbruch\/","name":"Mitgliederversammlung in der Fangemeinschaft: Die Zeichen stehen auf Aufbruch - Fangemeinschaft Preu\u00dfen M\u00fcnster e. V.","isPartOf":{"@id":"https:\/\/www.fanprojekt-muenster.de\/wordpress\/#website"},"primaryImageOfPage":{"@id":"https:\/\/www.fanprojekt-muenster.de\/wordpress\/mitgliederversammlung-in-der-fangemeinschaft-die-zeichen-stehen-auf-aufbruch\/#primaryimage"},"image":{"@id":"https:\/\/www.fanprojekt-muenster.de\/wordpress\/mitgliederversammlung-in-der-fangemeinschaft-die-zeichen-stehen-auf-aufbruch\/#primaryimage"},"thumbnailUrl":"https:\/\/www.fanprojekt-muenster.de\/wordpress\/wp-content\/uploads\/2023\/10\/jhv202324_1.jpg","datePublished":"2023-10-26T11:27:03+00:00","dateModified":"2023-10-26T11:28:03+00:00","breadcrumb":{"@id":"https:\/\/www.fanprojekt-muenster.de\/wordpress\/mitgliederversammlung-in-der-fangemeinschaft-die-zeichen-stehen-auf-aufbruch\/#breadcrumb"},"inLanguage":"de","potentialAction":[{"@type":"ReadAction","target":["https:\/\/www.fanprojekt-muenster.de\/wordpress\/mitgliederversammlung-in-der-fangemeinschaft-die-zeichen-stehen-auf-aufbruch\/"]}]},{"@type":"ImageObject","inLanguage":"de","@id":"https:\/\/www.fanprojekt-muenster.de\/wordpress\/mitgliederversammlung-in-der-fangemeinschaft-die-zeichen-stehen-auf-aufbruch\/#primaryimage","url":"https:\/\/www.fanprojekt-muenster.de\/wordpress\/wp-content\/uploads\/2023\/10\/jhv202324_1.jpg","contentUrl":"https:\/\/www.fanprojekt-muenster.de\/wordpress\/wp-content\/uploads\/2023\/10\/jhv202324_1.jpg","width":1039,"height":693},{"@type":"BreadcrumbList","@id":"https:\/\/www.fanprojekt-muenster.de\/wordpress\/mitgliederversammlung-in-der-fangemeinschaft-die-zeichen-stehen-auf-aufbruch\/#breadcrumb","itemListElement":[{"@type":"ListItem","position":1,"name":"Startseite","item":"https:\/\/www.fanprojekt-muenster.de\/wordpress\/"},{"@type":"ListItem","position":2,"name":"Mitgliederversammlung in der Fangemeinschaft: Die Zeichen stehen auf Aufbruch"}]},{"@type":"WebSite","@id":"https:\/\/www.fanprojekt-muenster.de\/wordpress\/#website","url":"https:\/\/www.fanprojekt-muenster.de\/wordpress\/","name":"Fangemeinschaft Preu\u00dfen M\u00fcnster e. V.","description":"","publisher":{"@id":"https:\/\/www.fanprojekt-muenster.de\/wordpress\/#organization"},"potentialAction":[{"@type":"SearchAction","target":{"@type":"EntryPoint","urlTemplate":"https:\/\/www.fanprojekt-muenster.de\/wordpress\/?s={search_term_string}"},"query-input":{"@type":"PropertyValueSpecification","valueRequired":true,"valueName":"search_term_string"}}],"inLanguage":"de"},{"@type":"Organization","@id":"https:\/\/www.fanprojekt-muenster.de\/wordpress\/#organization","name":"Fangemeinschaft Preu\u00dfen M\u00fcnster e. V.","url":"https:\/\/www.fanprojekt-muenster.de\/wordpress\/","logo":{"@type":"ImageObject","inLanguage":"de","@id":"https:\/\/www.fanprojekt-muenster.de\/wordpress\/#\/schema\/logo\/image\/","url":"https:\/\/www.fanprojekt-muenster.de\/wordpress\/wp-content\/uploads\/2019\/07\/cropped-Website_Logo3-9.png","contentUrl":"https:\/\/www.fanprojekt-muenster.de\/wordpress\/wp-content\/uploads\/2019\/07\/cropped-Website_Logo3-9.png","width":224,"height":42,"caption":"Fangemeinschaft Preu\u00dfen M\u00fcnster e. V."},"image":{"@id":"https:\/\/www.fanprojekt-muenster.de\/wordpress\/#\/schema\/logo\/image\/"}},{"@type":"Person","@id":"https:\/\/www.fanprojekt-muenster.de\/wordpress\/#\/schema\/person\/744936f7caad5b07423673506682ba59","name":"CJO","url":"https:\/\/www.fanprojekt-muenster.de\/wordpress\/author\/jogy\/"}]}},"author_meta":{"display_name":"CJO","author_link":"https:\/\/www.fanprojekt-muenster.de\/wordpress\/author\/jogy\/"},"featured_img":"https:\/\/www.fanprojekt-muenster.de\/wordpress\/wp-content\/uploads\/2023\/10\/jhv202324_1-300x200.jpg","coauthors":[],"tax_additional":{"categories":{"linked":["<a href=\"https:\/\/www.fanprojekt-muenster.de\/wordpress\/category\/allgemein\/\" class=\"advgb-post-tax-term\">Allgemein<\/a>"],"unlinked":["<span class=\"advgb-post-tax-term\">Allgemein<\/span>"]}},"comment_count":"0","relative_dates":{"created":"Posted 3\u00a0Jahren ago","modified":"Updated 3\u00a0Jahren ago"},"absolute_dates":{"created":"Posted on 26. Oktober 2023","modified":"Updated on 26. Oktober 2023"},"absolute_dates_time":{"created":"Posted on 26. Oktober 2023 13:27","modified":"Updated on 26. Oktober 2023 13:28"},"featured_img_caption":"","series_order":"","_links":{"self":[{"href":"https:\/\/www.fanprojekt-muenster.de\/wordpress\/wp-json\/wp\/v2\/posts\/8936","targetHints":{"allow":["GET"]}}],"collection":[{"href":"https:\/\/www.fanprojekt-muenster.de\/wordpress\/wp-json\/wp\/v2\/posts"}],"about":[{"href":"https:\/\/www.fanprojekt-muenster.de\/wordpress\/wp-json\/wp\/v2\/types\/post"}],"author":[{"embeddable":true,"href":"https:\/\/www.fanprojekt-muenster.de\/wordpress\/wp-json\/wp\/v2\/users\/7"}],"replies":[{"embeddable":true,"href":"https:\/\/www.fanprojekt-muenster.de\/wordpress\/wp-json\/wp\/v2\/comments?post=8936"}],"version-history":[{"count":13,"href":"https:\/\/www.fanprojekt-muenster.de\/wordpress\/wp-json\/wp\/v2\/posts\/8936\/revisions"}],"predecessor-version":[{"id":8959,"href":"https:\/\/www.fanprojekt-muenster.de\/wordpress\/wp-json\/wp\/v2\/posts\/8936\/revisions\/8959"}],"wp:featuredmedia":[{"embeddable":true,"href":"https:\/\/www.fanprojekt-muenster.de\/wordpress\/wp-json\/wp\/v2\/media\/8958"}],"wp:attachment":[{"href":"https:\/\/www.fanprojekt-muenster.de\/wordpress\/wp-json\/wp\/v2\/media?parent=8936"}],"wp:term":[{"taxonomy":"category","embeddable":true,"href":"https:\/\/www.fanprojekt-muenster.de\/wordpress\/wp-json\/wp\/v2\/categories?post=8936"},{"taxonomy":"post_tag","embeddable":true,"href":"https:\/\/www.fanprojekt-muenster.de\/wordpress\/wp-json\/wp\/v2\/tags?post=8936"}],"curies":[{"name":"wp","href":"https:\/\/api.w.org\/{rel}","templated":true}]}}