{"id":8921,"date":"2023-10-20T00:46:36","date_gmt":"2023-10-19T22:46:36","guid":{"rendered":"https:\/\/www.fanprojekt-muenster.de\/wordpress\/?p=8921"},"modified":"2023-10-26T11:49:18","modified_gmt":"2023-10-26T09:49:18","slug":"unpdate-jahreshauptversammlung-2023-24","status":"publish","type":"post","link":"https:\/\/www.fanprojekt-muenster.de\/wordpress\/unpdate-jahreshauptversammlung-2023-24\/","title":{"rendered":"Update: Jahreshauptversammlung 2023\/24"},"content":{"rendered":"\n<p>Liebe Mitglieder,<\/p>\n\n\n\n<p>mit dieser Ver\u00f6ffentlichung m\u00f6chten wir Euch zur ordentlichen Mitgliederversammlung im Gesch\u00e4ftsjahr 2023\/2024 herzlichst einladen. Am Mittwoch, den 25. Oktober 2023 stehen ab ab 19:06 Uhr im ersten Obergeschoss der Haupttrib\u00fcne des Preu\u00dfenstadions folgende Tagesordnungspunkte an:<\/p>\n\n\n\n<ul style=\"list-style: none; margin-left: 06em;\">\n<li>TOP&nbsp;01&nbsp;&nbsp;&nbsp;Begr\u00fc\u00dfung<\/li>\n<li>TOP&nbsp;02&nbsp;&nbsp;&nbsp;Bericht des Vorstandes<\/li>\n<li>TOP&nbsp;03&nbsp;&nbsp;&nbsp;Kassenbericht<\/li>\n<li>TOP&nbsp;04&nbsp;&nbsp;&nbsp;Kassenpr\u00fcferbericht<\/li>\n<li>TOP&nbsp;05&nbsp;&nbsp;&nbsp;Bericht des Ehrenrates<\/li>\n<li>TOP&nbsp;06&nbsp;&nbsp;&nbsp;Entlastung des Vorstandes<\/li>\n<li>TOP&nbsp;07&nbsp;&nbsp;&nbsp;Neuwahl des Vorstandes<\/li>\n<li>TOP&nbsp;08&nbsp;&nbsp;&nbsp;Neuwahl des Kassenpr\u00fcfers<\/li>\n<li>TOP&nbsp;09&nbsp;&nbsp;&nbsp;Neuwahl des Ehrenrates<\/li>\n<li>TOP&nbsp;10&nbsp;&nbsp;&nbsp;Beschlussfassung \u00fcber \u00c4nderung der Satzung \u00a71<\/li>\n<li>TOP&nbsp;11&nbsp;&nbsp;&nbsp;Antr\u00e4ge<\/li>\n<li>TOP&nbsp;12&nbsp;&nbsp;&nbsp;Verschiedenes<\/li>\n<\/ul>\n\n\n\n<p>Alle Mitglieder m\u00fcssen sich mit ihrem Mitglieds- oder einem Lichtbildausweis an der Anmeldung ausweisen.<\/p>\n\n\n\n<p>Beachtet bitte, dass die Mitgliederversammlung unabh\u00e4ngig von der Anzahl anwesender Mitglieder beschlussf\u00e4hig ist.<\/p>\n\n\n\n<p><br>Wir freuen uns auf euer Erscheinen,<br><em>euer Vorstand<\/em>.<\/p>\n\n\n\n<p><br><em>P.S. Aktualsierung am 19.10.2023, da fristgerecht ein dritter Antrag zur Satzungs\u00e4nderung (&#8222;Anlage C&#8220;) eingereicht wurde.<\/em><\/p>\n\n\n\n<p><br><\/p>\n\n\n\n<p><hr\/><\/p>\n\n\n\n<div class=\"wp-block-group\"><div class=\"wp-block-group__inner-container is-layout-constrained wp-block-group-is-layout-constrained\">\n<div class=\"wp-block-group\"><div class=\"wp-block-group__inner-container is-layout-constrained wp-block-group-is-layout-constrained\">\n<p class=\"has-text-align-left\"><u><em>Anlage A:<\/em><\/u> <em><strong>Antrag zur \u00c4nderung \u00a71 der Satzung des Fanprojekt Preu\u00dfen M\u00fcnster e.V.<\/strong><\/em><\/p>\n\n\n\n<p class=\"has-text-align-left\"><em>Sehr geehrter Vorstand, liebe Mitglieder,<\/em><\/p>\n\n\n\n<p class=\"has-text-align-left\"><em>hiermit beantrage ich, Christian Johanns (Mitgliedsnr. 0623), als Schriftf\u00fchrer des oben genannten Vereins, dessen Satzung in der g\u00fcltigen Fassung vom 09.05.2016:<\/em><\/p>\n\n\n\n<p class=\"has-text-align-left\"><em>\u201e\u00a7 1 Name, Sitz und Gesch\u00e4ftsjahr<br>[1] Der Verein f\u00fchrt den Namen \u201eFanprojekt Preu\u00dfen M\u00fcnster\u201c mit dem Zusatz \u201ee.V.\u201c und hat seinen Sitz in M\u00fcnster. Das Gesch\u00e4ftsjahr entspricht dem des Deutschen Fu\u00dfballbundes (DFB). Es l\u00e4uft (zurzeit) vom 01.07. bis zum 30.06.\u201c<\/em><\/p>\n\n\n\n<p class=\"has-text-align-left\"><em>zu \u00e4ndern in:<\/em><\/p>\n\n\n\n<p class=\"has-text-align-left\"><em>\u201e\u00a7 1 Name, Sitz und Gesch\u00e4ftsjahr<br>[1] Der Verein f\u00fchrt den Namen \u201eFankollektiv SCP\u201c mit dem Zusatz \u201ee.V.\u201c und hat seinen Sitz in M\u00fcnster. Das Gesch\u00e4ftsjahr entspricht dem des Deutschen Fu\u00dfballbundes (DFB). Es l\u00e4uft (zurzeit) vom 01.07. bis zum 30.06.\u201c<\/em><\/p>\n\n\n\n<p class=\"has-text-align-left\"><em>Der bei der Gr\u00fcndung selbst gew\u00e4hlte Name \u201eFanprojekt\u201c war zwar naheliegend, ist aber inzwischen anders konnotiert. Die heute &#8211; bei zumindest allen Vereinen\/Gesellschaften im professionellen Fu\u00dfball &#8211; etablierte (sozialp\u00e4dagogische) Fanarbeit steckte im Jahr 2001 noch in den Kinderschuhen und firmiert inzwischen an nahezu allen der mehr als 70 Standorten deutschlandweit als \u201e(sozialp\u00e4dagogisches) Fanprojekt\u201c, z.B. seit 2011 das \u201esozialp\u00e4dagogische Fanprojekt FANport M\u00fcnster\u201c.<br>Um zuk\u00fcnftig die immer h\u00e4ufiger werdenden Verwechslungen, falsch adressierte Postsendungen und \u201eFehleinladungen\u201c zu vermeiden, soll sich der Verein durch eine Namens\u00e4nderung (deutlicher) abgrenzen. Der Verein pflegt ein gutes Verh\u00e4ltnis zum FANport und hat gro\u00dfen Respekt vor der professionellen sozialp\u00e4dagogische Arbeit; will und vor allem kann diese aber gar nicht leisten, sondern fungiert (wie auch in der Satzung \u00a73) verankert als Dachverband aller Preu\u00dfenfans. Diesem Umstand und der klareren Differenzierung soll der vorgeschlagene Name \u201eFankollektiv SCP\u201c Rechnung tragen.<\/em><\/p>\n\n\n\n<p class=\"has-text-align-left\"><em>M\u00fcnster, den 08. Oktober 2023,<\/em><br><em>Christian Johanns<\/em><\/p>\n<\/div><\/div>\n<\/div><\/div>\n\n\n\n<p><hr\/><\/p>\n\n\n\n<p><br><\/p>\n\n\n\n<p><hr\/><\/p>\n\n\n\n<p class=\"has-text-align-left\"><u><em>Anlage B:<\/em><\/u> <em><strong>Antrag zur \u00c4nderung \u00a71 der Satzung des Fanprojekt Preu\u00dfen M\u00fcnster e.V.<\/strong><\/em><\/p>\n\n\n\n<p class=\"has-text-align-left\"><em>Sehr geehrter Vorstand, liebe Mitglieder,<\/em><\/p>\n\n\n\n<p class=\"has-text-align-left\"><em>hiermit beantrage ich, Christian Johanns (Mitgliedsnr. 0623), als Schriftf\u00fchrer des oben genannten Vereins, dessen Satzung in der g\u00fcltigen Fassung vom 09.05.2016:<\/em><\/p>\n\n\n\n<p class=\"has-text-align-left\"><em>\u201e\u00a7 1 Name, Sitz und Gesch\u00e4ftsjahr<br>[1] Der Verein f\u00fchrt den Namen \u201eFanprojekt Preu\u00dfen M\u00fcnster\u201c mit dem Zusatz \u201ee.V.\u201c und hat seinen Sitz in M\u00fcnster. Das Gesch\u00e4ftsjahr entspricht dem des Deutschen Fu\u00dfballbundes (DFB). Es l\u00e4uft (zurzeit) vom 01.07. bis zum 30.06.\u201c<\/em><\/p>\n\n\n\n<p class=\"has-text-align-left\"><em>zu \u00e4ndern in:<\/em><\/p>\n\n\n\n<p class=\"has-text-align-left\"><em>\u201e\u00a7 1 Name, Sitz und Gesch\u00e4ftsjahr<br>[1] Der Verein f\u00fchrt den Namen \u201eFangemeinschaft Preu\u00dfen M\u00fcnster\u201c mit dem Zusatz \u201ee.V.\u201c und hat seinen Sitz in M\u00fcnster. Das Gesch\u00e4ftsjahr entspricht dem des Deutschen Fu\u00dfballbundes (DFB). Es l\u00e4uft (zurzeit) vom 01.07. bis zum 30.06.\u201c<\/em><\/p>\n\n\n\n<p class=\"has-text-align-left\"><em>Der bei der Gr\u00fcndung selbst gew\u00e4hlte Name \u201eFanprojekt\u201c war zwar naheliegend, ist aber inzwischen anders konnotiert. Die heute &#8211; bei zumindest allen Vereinen\/Gesellschaften im professionellen Fu\u00dfball &#8211; etablierte (sozialp\u00e4dagogische) Fanarbeit steckte im Jahr 2001 noch in den Kinderschuhen und firmiert inzwischen an nahezu allen der mehr als 70 Standorten deutschlandweit als \u201e(sozialp\u00e4dagogisches) Fanprojekt\u201c, z.B. seit 2011 das \u201esozialp\u00e4dagogische Fanprojekt FANport M\u00fcnster\u201c.<br>Um zuk\u00fcnftig die immer h\u00e4ufiger werdenden Verwechslungen, falsch adressierte Postsendungen und \u201eFehleinladungen\u201c zu vermeiden, soll sich der Verein durch eine Namens\u00e4nderung (deutlicher) abgrenzen. Der Verein pflegt ein gutes Verh\u00e4ltnis zum FANport und hat gro\u00dfen Respekt vor der professionellen sozialp\u00e4dagogische Arbeit; will und vor allem kann diese aber gar nicht leisten, sondern fungiert (wie auch in der Satzung \u00a73) verankert als Dachverband aller Preu\u00dfenfans. Diesem Umstand und der klareren Differenzierung soll der vorgeschlagene Name \u201eFangemeinschaft Preu\u00dfen M\u00fcnster\u201c Rechnung tragen.<\/em><\/p>\n\n\n\n<p class=\"has-text-align-left\"><em>M\u00fcnster, den 08. Oktober 2023,<\/em><br><em>Christian Johanns<\/em><\/p>\n\n\n\n<p><hr\/><\/p>\n\n\n\n<p><br><\/p>\n\n\n\n<p><hr\/><\/p>\n\n\n\n<p class=\"has-text-align-left\"><u><em>Anlage C:<\/em><\/u> <em><strong>Antrag zur \u00c4nderung \u00a71 der Satzung des Fanprojekt Preu\u00dfen M\u00fcnster e.V.<\/strong><\/em><\/p>\n\n\n\n<p class=\"has-text-align-left\"><em>Sehr geehrter Vorstand, liebe Mitglieder,<\/em><\/p>\n\n\n\n<p class=\"has-text-align-left\"><em>hiermit beantrage ich, Claudia Brannekemper (Mitgliedsnr. 0515), die \u00c4nderung der Satzung des o.g. Vereins in der g\u00fcltigen Fassung vom 09.05.2016:<\/em><\/p>\n\n\n\n<p class=\"has-text-align-left\"><em>\u201e\u00a7 1 Name, Sitz und Gesch\u00e4ftsjahr<br>[1] Der Verein f\u00fchrt den Namen \u201eFanprojekt Preu\u00dfen M\u00fcnster\u201c mit dem Zusatz \u201ee.V.\u201c und hat seinen Sitz in M\u00fcnster. Das Gesch\u00e4ftsjahr entspricht dem des Deutschen Fu\u00dfballbundes (DFB). Es l\u00e4uft (zurzeit) vom 01.07. bis zum 30.06.\u201c<\/em><\/p>\n\n\n\n<p class=\"has-text-align-left\"><em>zu \u00e4ndern in:<\/em><\/p>\n\n\n\n<p class=\"has-text-align-left\"><em>\u201e\u00a7 1 Name, Sitz und Gesch\u00e4ftsjahr<br>[1] [1] Der Verein f\u00fchrt den Namen \u201eFankollektiv Preu\u00dfen M\u00fcnster\u201c mit dem Zusatz \u201ee.V.\u201c und hat seinen Sitz in M\u00fcnster. Das Gesch\u00e4ftsjahr entspricht dem des Deutschen Fu\u00dfballbundes (DFB). Es l\u00e4uft (zurzeit) vom 01.07. bis zum 30.06.\u201c<\/em><\/p>\n\n\n\n<p class=\"has-text-align-left\"><em>Zur Begr\u00fcndung schlie\u00dfe ich mich den Ausf\u00fchrungen von Christian Johanns bez\u00fcglich seiner Antr\u00e4ge an: \u201eDer bei der Gr\u00fcndung selbst gew\u00e4hlte Name \u201eFanprojekt\u201c war zwar naheliegend, ist aber inzwischen anders konnotiert. Die heute &#8211; bei zumindest allen Vereinen\/Gesellschaften im professionellen Fu\u00dfball &#8211; etablierte (sozialp\u00e4dagogische) Fanarbeit steckte im Jahr 2001 noch in den Kinderschuhen und firmiert inzwischen an nahezu allen der mehr als 70 Standorten deutschlandweit als \u201e(sozialp\u00e4dagogisches) Fanprojekt\u201c, z.B. seit 2011 das \u201esozialp\u00e4dagogische Fanprojekt FANport M\u00fcnster\u201c.<br>Um zuk\u00fcnftig die immer h\u00e4ufiger werdenden Verwechslungen, falsch adressierte Postsendungen und \u201eFehleinladungen\u201c zu vermeiden, soll sich der Verein durch eine Namens\u00e4nderung (deutlicher) abgrenzen. Der Verein pflegt ein gutes Verh\u00e4ltnis zum FANport und hat gro\u00dfen Respekt vor der professionellen sozialp\u00e4dagogische Arbeit; will und vor allem kann diese aber gar nicht leisten, sondern fungiert (wie auch in der Satzung \u00a73) verankert als Dachverband aller Preu\u00dfenfans. Diesem Umstand und der klareren Differenzierung soll der vorgeschlagene Name \u201eFankollektiv Preu\u00dfen M\u00fcnster\u201c Rechnung tragen.\u201c Der Antrag hingehend eines dritten Namensvorschlages erfolgt, weil f\u00fcr mich Der Zusatz \u201ePreu\u00dfen M\u00fcnster\u201c harmonischer ist und durch ihn deutlicher gemacht wird, f\u00fcr welchen Verein wir stehen.<\/em><\/p>\n\n\n\n<p class=\"has-text-align-left\"><em>M\u00fcnster, den 17. Oktober 2023,<\/em><br><em>Claudia Brannekemper<\/em><\/p>\n\n\n\n<p><hr\/><\/p>\n\n\n\n<p><hr\/><\/p>\n\n\n\n<p><br><\/p>\n\n\n\n<p><em><strong>P.S.:<\/strong><\/em> Die Einladung inkl. der Antr\u00e4ge zur Satzungs\u00e4nderung (TOP 10) als pdf zum Download findet ihr <a href=\"https:\/\/www.fanprojekt-muenster.de\/wordpress\/wp-content\/uploads\/2023\/10\/fpms_einladung-jhv2023-24_anlagen_neu.pdf\">hier<\/a>.<\/p>\n","protected":false},"excerpt":{"rendered":"<p>Liebe Mitglieder, mit dieser Ver\u00f6ffentlichung m\u00f6chten wir Euch zur ordentlichen Mitgliederversammlung im Gesch\u00e4ftsjahr 2023\/2024 herzlichst einladen. Am Mittwoch, den 25. Oktober 2023 stehen ab ab 19:06 Uhr im ersten Obergeschoss&#8230; <a class=\"read-more-link\" href=\"https:\/\/www.fanprojekt-muenster.de\/wordpress\/unpdate-jahreshauptversammlung-2023-24\/\">Read more &raquo;<\/a><\/p>\n","protected":false},"author":7,"featured_media":6859,"comment_status":"closed","ping_status":"open","sticky":false,"template":"","format":"standard","meta":{"advgb_blocks_editor_width":"","advgb_blocks_columns_visual_guide":"","footnotes":""},"categories":[1],"tags":[],"class_list":["post-8921","post","type-post","status-publish","format-standard","has-post-thumbnail","hentry","category-allgemein"],"featured_image_src":"https:\/\/www.fanprojekt-muenster.de\/wordpress\/wp-content\/uploads\/2019\/07\/Preussenadler_FP-1024x1024-400x300.png","author_info":{"display_name":"CJO","author_link":"https:\/\/www.fanprojekt-muenster.de\/wordpress\/author\/jogy\/"},"yoast_head":"<!-- This site is optimized with the Yoast SEO plugin v27.2 - https:\/\/yoast.com\/product\/yoast-seo-wordpress\/ -->\n<title>Update: Jahreshauptversammlung 2023\/24 - Fangemeinschaft Preu\u00dfen M\u00fcnster e. V.<\/title>\n<meta name=\"robots\" content=\"index, follow, max-snippet:-1, max-image-preview:large, max-video-preview:-1\" \/>\n<link rel=\"canonical\" href=\"https:\/\/www.fanprojekt-muenster.de\/wordpress\/unpdate-jahreshauptversammlung-2023-24\/\" \/>\n<meta property=\"og:locale\" content=\"de_DE\" \/>\n<meta property=\"og:type\" content=\"article\" \/>\n<meta property=\"og:title\" content=\"Update: Jahreshauptversammlung 2023\/24 - Fangemeinschaft Preu\u00dfen M\u00fcnster e. V.\" \/>\n<meta property=\"og:description\" content=\"Liebe Mitglieder, mit dieser Ver\u00f6ffentlichung m\u00f6chten wir Euch zur ordentlichen Mitgliederversammlung im Gesch\u00e4ftsjahr 2023\/2024 herzlichst einladen. Am Mittwoch, den 25. Oktober 2023 stehen ab ab 19:06 Uhr im ersten Obergeschoss... Read more &raquo;\" \/>\n<meta property=\"og:url\" content=\"https:\/\/www.fanprojekt-muenster.de\/wordpress\/unpdate-jahreshauptversammlung-2023-24\/\" \/>\n<meta property=\"og:site_name\" content=\"Fangemeinschaft Preu\u00dfen M\u00fcnster e. V.\" \/>\n<meta property=\"article:published_time\" content=\"2023-10-19T22:46:36+00:00\" \/>\n<meta property=\"article:modified_time\" content=\"2023-10-26T09:49:18+00:00\" \/>\n<meta property=\"og:image\" content=\"https:\/\/www.fanprojekt-muenster.de\/wordpress\/wp-content\/uploads\/2019\/07\/Preussenadler_FP-1024x1024-400x300.png\" \/>\n\t<meta property=\"og:image:width\" content=\"400\" \/>\n\t<meta property=\"og:image:height\" content=\"300\" \/>\n\t<meta property=\"og:image:type\" content=\"image\/png\" \/>\n<meta name=\"author\" content=\"CJO\" \/>\n<meta name=\"twitter:card\" content=\"summary_large_image\" \/>\n<meta name=\"twitter:label1\" content=\"Verfasst von\" \/>\n\t<meta name=\"twitter:data1\" content=\"CJO\" \/>\n\t<meta name=\"twitter:label2\" content=\"Gesch\u00e4tzte Lesezeit\" \/>\n\t<meta name=\"twitter:data2\" content=\"6\u00a0Minuten\" \/>\n<script type=\"application\/ld+json\" class=\"yoast-schema-graph\">{\"@context\":\"https:\/\/schema.org\",\"@graph\":[{\"@type\":\"Article\",\"@id\":\"https:\/\/www.fanprojekt-muenster.de\/wordpress\/unpdate-jahreshauptversammlung-2023-24\/#article\",\"isPartOf\":{\"@id\":\"https:\/\/www.fanprojekt-muenster.de\/wordpress\/unpdate-jahreshauptversammlung-2023-24\/\"},\"author\":{\"name\":\"CJO\",\"@id\":\"https:\/\/www.fanprojekt-muenster.de\/wordpress\/#\/schema\/person\/744936f7caad5b07423673506682ba59\"},\"headline\":\"Update: Jahreshauptversammlung 2023\/24\",\"datePublished\":\"2023-10-19T22:46:36+00:00\",\"dateModified\":\"2023-10-26T09:49:18+00:00\",\"mainEntityOfPage\":{\"@id\":\"https:\/\/www.fanprojekt-muenster.de\/wordpress\/unpdate-jahreshauptversammlung-2023-24\/\"},\"wordCount\":1127,\"publisher\":{\"@id\":\"https:\/\/www.fanprojekt-muenster.de\/wordpress\/#organization\"},\"image\":{\"@id\":\"https:\/\/www.fanprojekt-muenster.de\/wordpress\/unpdate-jahreshauptversammlung-2023-24\/#primaryimage\"},\"thumbnailUrl\":\"https:\/\/www.fanprojekt-muenster.de\/wordpress\/wp-content\/uploads\/2019\/07\/Preussenadler_FP-1024x1024-400x300.png\",\"inLanguage\":\"de\"},{\"@type\":\"WebPage\",\"@id\":\"https:\/\/www.fanprojekt-muenster.de\/wordpress\/unpdate-jahreshauptversammlung-2023-24\/\",\"url\":\"https:\/\/www.fanprojekt-muenster.de\/wordpress\/unpdate-jahreshauptversammlung-2023-24\/\",\"name\":\"Update: Jahreshauptversammlung 2023\/24 - Fangemeinschaft Preu\u00dfen M\u00fcnster e. V.\",\"isPartOf\":{\"@id\":\"https:\/\/www.fanprojekt-muenster.de\/wordpress\/#website\"},\"primaryImageOfPage\":{\"@id\":\"https:\/\/www.fanprojekt-muenster.de\/wordpress\/unpdate-jahreshauptversammlung-2023-24\/#primaryimage\"},\"image\":{\"@id\":\"https:\/\/www.fanprojekt-muenster.de\/wordpress\/unpdate-jahreshauptversammlung-2023-24\/#primaryimage\"},\"thumbnailUrl\":\"https:\/\/www.fanprojekt-muenster.de\/wordpress\/wp-content\/uploads\/2019\/07\/Preussenadler_FP-1024x1024-400x300.png\",\"datePublished\":\"2023-10-19T22:46:36+00:00\",\"dateModified\":\"2023-10-26T09:49:18+00:00\",\"breadcrumb\":{\"@id\":\"https:\/\/www.fanprojekt-muenster.de\/wordpress\/unpdate-jahreshauptversammlung-2023-24\/#breadcrumb\"},\"inLanguage\":\"de\",\"potentialAction\":[{\"@type\":\"ReadAction\",\"target\":[\"https:\/\/www.fanprojekt-muenster.de\/wordpress\/unpdate-jahreshauptversammlung-2023-24\/\"]}]},{\"@type\":\"ImageObject\",\"inLanguage\":\"de\",\"@id\":\"https:\/\/www.fanprojekt-muenster.de\/wordpress\/unpdate-jahreshauptversammlung-2023-24\/#primaryimage\",\"url\":\"https:\/\/www.fanprojekt-muenster.de\/wordpress\/wp-content\/uploads\/2019\/07\/Preussenadler_FP-1024x1024-400x300.png\",\"contentUrl\":\"https:\/\/www.fanprojekt-muenster.de\/wordpress\/wp-content\/uploads\/2019\/07\/Preussenadler_FP-1024x1024-400x300.png\",\"width\":400,\"height\":300},{\"@type\":\"BreadcrumbList\",\"@id\":\"https:\/\/www.fanprojekt-muenster.de\/wordpress\/unpdate-jahreshauptversammlung-2023-24\/#breadcrumb\",\"itemListElement\":[{\"@type\":\"ListItem\",\"position\":1,\"name\":\"Startseite\",\"item\":\"https:\/\/www.fanprojekt-muenster.de\/wordpress\/\"},{\"@type\":\"ListItem\",\"position\":2,\"name\":\"Update: Jahreshauptversammlung 2023\/24\"}]},{\"@type\":\"WebSite\",\"@id\":\"https:\/\/www.fanprojekt-muenster.de\/wordpress\/#website\",\"url\":\"https:\/\/www.fanprojekt-muenster.de\/wordpress\/\",\"name\":\"Fangemeinschaft Preu\u00dfen M\u00fcnster e. V.\",\"description\":\"\",\"publisher\":{\"@id\":\"https:\/\/www.fanprojekt-muenster.de\/wordpress\/#organization\"},\"potentialAction\":[{\"@type\":\"SearchAction\",\"target\":{\"@type\":\"EntryPoint\",\"urlTemplate\":\"https:\/\/www.fanprojekt-muenster.de\/wordpress\/?s={search_term_string}\"},\"query-input\":{\"@type\":\"PropertyValueSpecification\",\"valueRequired\":true,\"valueName\":\"search_term_string\"}}],\"inLanguage\":\"de\"},{\"@type\":\"Organization\",\"@id\":\"https:\/\/www.fanprojekt-muenster.de\/wordpress\/#organization\",\"name\":\"Fangemeinschaft Preu\u00dfen M\u00fcnster e. V.\",\"url\":\"https:\/\/www.fanprojekt-muenster.de\/wordpress\/\",\"logo\":{\"@type\":\"ImageObject\",\"inLanguage\":\"de\",\"@id\":\"https:\/\/www.fanprojekt-muenster.de\/wordpress\/#\/schema\/logo\/image\/\",\"url\":\"https:\/\/www.fanprojekt-muenster.de\/wordpress\/wp-content\/uploads\/2019\/07\/cropped-Website_Logo3-9.png\",\"contentUrl\":\"https:\/\/www.fanprojekt-muenster.de\/wordpress\/wp-content\/uploads\/2019\/07\/cropped-Website_Logo3-9.png\",\"width\":224,\"height\":42,\"caption\":\"Fangemeinschaft Preu\u00dfen M\u00fcnster e. V.\"},\"image\":{\"@id\":\"https:\/\/www.fanprojekt-muenster.de\/wordpress\/#\/schema\/logo\/image\/\"}},{\"@type\":\"Person\",\"@id\":\"https:\/\/www.fanprojekt-muenster.de\/wordpress\/#\/schema\/person\/744936f7caad5b07423673506682ba59\",\"name\":\"CJO\",\"url\":\"https:\/\/www.fanprojekt-muenster.de\/wordpress\/author\/jogy\/\"}]}<\/script>\n<!-- \/ Yoast SEO plugin. -->","yoast_head_json":{"title":"Update: Jahreshauptversammlung 2023\/24 - Fangemeinschaft Preu\u00dfen M\u00fcnster e. V.","robots":{"index":"index","follow":"follow","max-snippet":"max-snippet:-1","max-image-preview":"max-image-preview:large","max-video-preview":"max-video-preview:-1"},"canonical":"https:\/\/www.fanprojekt-muenster.de\/wordpress\/unpdate-jahreshauptversammlung-2023-24\/","og_locale":"de_DE","og_type":"article","og_title":"Update: Jahreshauptversammlung 2023\/24 - Fangemeinschaft Preu\u00dfen M\u00fcnster e. V.","og_description":"Liebe Mitglieder, mit dieser Ver\u00f6ffentlichung m\u00f6chten wir Euch zur ordentlichen Mitgliederversammlung im Gesch\u00e4ftsjahr 2023\/2024 herzlichst einladen. Am Mittwoch, den 25. Oktober 2023 stehen ab ab 19:06 Uhr im ersten Obergeschoss... Read more &raquo;","og_url":"https:\/\/www.fanprojekt-muenster.de\/wordpress\/unpdate-jahreshauptversammlung-2023-24\/","og_site_name":"Fangemeinschaft Preu\u00dfen M\u00fcnster e. V.","article_published_time":"2023-10-19T22:46:36+00:00","article_modified_time":"2023-10-26T09:49:18+00:00","og_image":[{"width":400,"height":300,"url":"https:\/\/www.fanprojekt-muenster.de\/wordpress\/wp-content\/uploads\/2019\/07\/Preussenadler_FP-1024x1024-400x300.png","type":"image\/png"}],"author":"CJO","twitter_card":"summary_large_image","twitter_misc":{"Verfasst von":"CJO","Gesch\u00e4tzte Lesezeit":"6\u00a0Minuten"},"schema":{"@context":"https:\/\/schema.org","@graph":[{"@type":"Article","@id":"https:\/\/www.fanprojekt-muenster.de\/wordpress\/unpdate-jahreshauptversammlung-2023-24\/#article","isPartOf":{"@id":"https:\/\/www.fanprojekt-muenster.de\/wordpress\/unpdate-jahreshauptversammlung-2023-24\/"},"author":{"name":"CJO","@id":"https:\/\/www.fanprojekt-muenster.de\/wordpress\/#\/schema\/person\/744936f7caad5b07423673506682ba59"},"headline":"Update: Jahreshauptversammlung 2023\/24","datePublished":"2023-10-19T22:46:36+00:00","dateModified":"2023-10-26T09:49:18+00:00","mainEntityOfPage":{"@id":"https:\/\/www.fanprojekt-muenster.de\/wordpress\/unpdate-jahreshauptversammlung-2023-24\/"},"wordCount":1127,"publisher":{"@id":"https:\/\/www.fanprojekt-muenster.de\/wordpress\/#organization"},"image":{"@id":"https:\/\/www.fanprojekt-muenster.de\/wordpress\/unpdate-jahreshauptversammlung-2023-24\/#primaryimage"},"thumbnailUrl":"https:\/\/www.fanprojekt-muenster.de\/wordpress\/wp-content\/uploads\/2019\/07\/Preussenadler_FP-1024x1024-400x300.png","inLanguage":"de"},{"@type":"WebPage","@id":"https:\/\/www.fanprojekt-muenster.de\/wordpress\/unpdate-jahreshauptversammlung-2023-24\/","url":"https:\/\/www.fanprojekt-muenster.de\/wordpress\/unpdate-jahreshauptversammlung-2023-24\/","name":"Update: Jahreshauptversammlung 2023\/24 - Fangemeinschaft Preu\u00dfen M\u00fcnster e. V.","isPartOf":{"@id":"https:\/\/www.fanprojekt-muenster.de\/wordpress\/#website"},"primaryImageOfPage":{"@id":"https:\/\/www.fanprojekt-muenster.de\/wordpress\/unpdate-jahreshauptversammlung-2023-24\/#primaryimage"},"image":{"@id":"https:\/\/www.fanprojekt-muenster.de\/wordpress\/unpdate-jahreshauptversammlung-2023-24\/#primaryimage"},"thumbnailUrl":"https:\/\/www.fanprojekt-muenster.de\/wordpress\/wp-content\/uploads\/2019\/07\/Preussenadler_FP-1024x1024-400x300.png","datePublished":"2023-10-19T22:46:36+00:00","dateModified":"2023-10-26T09:49:18+00:00","breadcrumb":{"@id":"https:\/\/www.fanprojekt-muenster.de\/wordpress\/unpdate-jahreshauptversammlung-2023-24\/#breadcrumb"},"inLanguage":"de","potentialAction":[{"@type":"ReadAction","target":["https:\/\/www.fanprojekt-muenster.de\/wordpress\/unpdate-jahreshauptversammlung-2023-24\/"]}]},{"@type":"ImageObject","inLanguage":"de","@id":"https:\/\/www.fanprojekt-muenster.de\/wordpress\/unpdate-jahreshauptversammlung-2023-24\/#primaryimage","url":"https:\/\/www.fanprojekt-muenster.de\/wordpress\/wp-content\/uploads\/2019\/07\/Preussenadler_FP-1024x1024-400x300.png","contentUrl":"https:\/\/www.fanprojekt-muenster.de\/wordpress\/wp-content\/uploads\/2019\/07\/Preussenadler_FP-1024x1024-400x300.png","width":400,"height":300},{"@type":"BreadcrumbList","@id":"https:\/\/www.fanprojekt-muenster.de\/wordpress\/unpdate-jahreshauptversammlung-2023-24\/#breadcrumb","itemListElement":[{"@type":"ListItem","position":1,"name":"Startseite","item":"https:\/\/www.fanprojekt-muenster.de\/wordpress\/"},{"@type":"ListItem","position":2,"name":"Update: Jahreshauptversammlung 2023\/24"}]},{"@type":"WebSite","@id":"https:\/\/www.fanprojekt-muenster.de\/wordpress\/#website","url":"https:\/\/www.fanprojekt-muenster.de\/wordpress\/","name":"Fangemeinschaft Preu\u00dfen M\u00fcnster e. V.","description":"","publisher":{"@id":"https:\/\/www.fanprojekt-muenster.de\/wordpress\/#organization"},"potentialAction":[{"@type":"SearchAction","target":{"@type":"EntryPoint","urlTemplate":"https:\/\/www.fanprojekt-muenster.de\/wordpress\/?s={search_term_string}"},"query-input":{"@type":"PropertyValueSpecification","valueRequired":true,"valueName":"search_term_string"}}],"inLanguage":"de"},{"@type":"Organization","@id":"https:\/\/www.fanprojekt-muenster.de\/wordpress\/#organization","name":"Fangemeinschaft Preu\u00dfen M\u00fcnster e. V.","url":"https:\/\/www.fanprojekt-muenster.de\/wordpress\/","logo":{"@type":"ImageObject","inLanguage":"de","@id":"https:\/\/www.fanprojekt-muenster.de\/wordpress\/#\/schema\/logo\/image\/","url":"https:\/\/www.fanprojekt-muenster.de\/wordpress\/wp-content\/uploads\/2019\/07\/cropped-Website_Logo3-9.png","contentUrl":"https:\/\/www.fanprojekt-muenster.de\/wordpress\/wp-content\/uploads\/2019\/07\/cropped-Website_Logo3-9.png","width":224,"height":42,"caption":"Fangemeinschaft Preu\u00dfen M\u00fcnster e. V."},"image":{"@id":"https:\/\/www.fanprojekt-muenster.de\/wordpress\/#\/schema\/logo\/image\/"}},{"@type":"Person","@id":"https:\/\/www.fanprojekt-muenster.de\/wordpress\/#\/schema\/person\/744936f7caad5b07423673506682ba59","name":"CJO","url":"https:\/\/www.fanprojekt-muenster.de\/wordpress\/author\/jogy\/"}]}},"author_meta":{"display_name":"CJO","author_link":"https:\/\/www.fanprojekt-muenster.de\/wordpress\/author\/jogy\/"},"featured_img":"https:\/\/www.fanprojekt-muenster.de\/wordpress\/wp-content\/uploads\/2019\/07\/Preussenadler_FP-1024x1024-400x300-300x225.png","coauthors":[],"tax_additional":{"categories":{"linked":["<a href=\"https:\/\/www.fanprojekt-muenster.de\/wordpress\/category\/allgemein\/\" class=\"advgb-post-tax-term\">Allgemein<\/a>"],"unlinked":["<span class=\"advgb-post-tax-term\">Allgemein<\/span>"]}},"comment_count":"0","relative_dates":{"created":"Posted 3\u00a0Jahren ago","modified":"Updated 3\u00a0Jahren ago"},"absolute_dates":{"created":"Posted on 20. Oktober 2023","modified":"Updated on 26. Oktober 2023"},"absolute_dates_time":{"created":"Posted on 20. Oktober 2023 0:46","modified":"Updated on 26. Oktober 2023 11:49"},"featured_img_caption":"","series_order":"","_links":{"self":[{"href":"https:\/\/www.fanprojekt-muenster.de\/wordpress\/wp-json\/wp\/v2\/posts\/8921","targetHints":{"allow":["GET"]}}],"collection":[{"href":"https:\/\/www.fanprojekt-muenster.de\/wordpress\/wp-json\/wp\/v2\/posts"}],"about":[{"href":"https:\/\/www.fanprojekt-muenster.de\/wordpress\/wp-json\/wp\/v2\/types\/post"}],"author":[{"embeddable":true,"href":"https:\/\/www.fanprojekt-muenster.de\/wordpress\/wp-json\/wp\/v2\/users\/7"}],"replies":[{"embeddable":true,"href":"https:\/\/www.fanprojekt-muenster.de\/wordpress\/wp-json\/wp\/v2\/comments?post=8921"}],"version-history":[{"count":11,"href":"https:\/\/www.fanprojekt-muenster.de\/wordpress\/wp-json\/wp\/v2\/posts\/8921\/revisions"}],"predecessor-version":[{"id":8935,"href":"https:\/\/www.fanprojekt-muenster.de\/wordpress\/wp-json\/wp\/v2\/posts\/8921\/revisions\/8935"}],"wp:featuredmedia":[{"embeddable":true,"href":"https:\/\/www.fanprojekt-muenster.de\/wordpress\/wp-json\/wp\/v2\/media\/6859"}],"wp:attachment":[{"href":"https:\/\/www.fanprojekt-muenster.de\/wordpress\/wp-json\/wp\/v2\/media?parent=8921"}],"wp:term":[{"taxonomy":"category","embeddable":true,"href":"https:\/\/www.fanprojekt-muenster.de\/wordpress\/wp-json\/wp\/v2\/categories?post=8921"},{"taxonomy":"post_tag","embeddable":true,"href":"https:\/\/www.fanprojekt-muenster.de\/wordpress\/wp-json\/wp\/v2\/tags?post=8921"}],"curies":[{"name":"wp","href":"https:\/\/api.w.org\/{rel}","templated":true}]}}