{"id":8825,"date":"2023-10-11T23:14:27","date_gmt":"2023-10-11T21:14:27","guid":{"rendered":"https:\/\/www.fanprojekt-muenster.de\/wordpress\/?p=8825"},"modified":"2023-10-12T21:19:46","modified_gmt":"2023-10-12T19:19:46","slug":"neues-vom-fanprojekt","status":"publish","type":"post","link":"https:\/\/www.fanprojekt-muenster.de\/wordpress\/neues-vom-fanprojekt\/","title":{"rendered":"Neues vom Fanprojekt"},"content":{"rendered":"\n<p>Liebe Fanprojektmitglieder,<\/p>\n\n\n\n<p>hiermit laden wir euch herzlich zu unserer turnusm\u00e4\u00dfigen Jahreshauptversammlung am <strong>Mittwoch, 25. Oktober, um 19.06 Uhr<\/strong> ein. Die Veranstaltung wird in den R\u00e4umlichkeiten der <strong>Haupttrib\u00fcne des Preu\u00dfenstadions<\/strong> stattfinden.<br>Bitte nehmt diesen Termin wahr. Wir versprechen euch eine au\u00dfergew\u00f6hnliche Versammlung mit sehr spannenden Themen, die wir euch hier vorstellen:<\/p>\n\n\n\n<h3 class=\"wp-block-heading\" style=\"margin-top:2em;\">I. Antrag auf Namens\u00e4nderung<\/h3>\n\n\n\n<p>In der vergangenen Jahreshauptversammlung wurde einem Antrag auf Namens\u00e4nderung des bisherigen Namens \u201eFanprojekt Preu\u00dfen M\u00fcnster\u201c zugestimmt. Dazu d\u00fcrft ihr unter mehreren im Vorfeld erarbeiteten Vorschl\u00e4gen direkt vor Ort abstimmen.<br>Zum Hintergrund: Der jetzige Name wird h\u00e4ufig mit dem des \u201eSozialp\u00e4dagogischen Fanprojektes FANport M\u00fcnster\u201c verwechselt. Die heute etablierte sozialp\u00e4dagogische Fanarbeit bei den meisten Vereinen\/ Gesellschaften im professionellen Fu\u00dfball steckte in unserem Gr\u00fcndungsjahr 2001 noch in den Kinderschuhen und firmiert inzwischen an nahezu allen Standorten als &#8222;(sozialp\u00e4dagogisches) Fanprojekt&#8220;. Um uns als Dachverband aller Preu\u00dfenfans davon namentlich, nicht aber inhaltlich abzugrenzen, streben wir eine Umbenennung an.<\/p>\n\n\n\n<h3 class=\"wp-block-heading\" style=\"margin-top:2em;\">II. Wahl des neuen Vorstands<\/h3>\n\n\n\n<p>Des Weiteren stehen die Wahlen eines neuen Vorstandes an. Im Vorfeld haben sich engagierte Preu\u00dfenfans aus allen Bereichen des Stadions getroffen und wollen sich euch zur Wahl stellen.<\/p>\n\n\n\n<h4 class=\"wp-block-heading\" style=\"margin-bottom:-0.0em;\">II.a Vorstellung der Kandidaten<\/h4>\n\n\n\n<p>Die detaillierte Vorstellung der Kandidaten erfolgt im Rahmen der Jahreshauptversammlung. Angestrebt wird eine Blockwahl.<\/p>\n\n\n\n<p><u>F\u00fcr den Vorstand kandidieren:<\/u><\/p>\n\n\n\n<ul style=\"list-style: none; margin-top:-1em;\">\n<li>Torben Maunz<\/li>\n<li>Julius Holdschlag<\/li>\n<li>Christian Johanns<\/li>\n<li>Julian Rosery<\/li>\n<li>Melanie Shinwari-Lenk<\/li>\n<\/ul>\n\n\n\n<p>Als kooptierte Mitglieder:<\/p>\n\n\n\n<ul style=\"list-style: none; margin-top:-1em;\">\n<li>Hendrik Br\u00fcggemann (kooptiertes Mitglied ab Januar 2024)<\/li>\n<li>Marcel Fark (kooptiertes Mitglied ab Oktober 2024)<\/li>\n<\/ul>\n\n\n\n<h4 class=\"wp-block-heading\" style=\"margin-bottom:-0.0em;\">II.b Durchf\u00fchrung der Vorstandswahl<\/h4>\n\n\n\n<h3 class=\"wp-block-heading\" style=\"margin-top:2em;\">III. Bildung von Arbeitsgruppen<\/h3>\n\n\n\n<p>Das \u201eneue Fanprojekt\u201c m\u00f6chte sechs Arbeitsgruppen bilden (Fanclubs und Mitglieder, Veranstaltungen, Vereinsarbeit, Stadion, 120 Jahre SCP\/100 Jahre Preu\u00dfenstadion im Jahr 2026 sowie Kommunikation) und hat viel mit und f\u00fcr euch vor.<br>Geplant ist es, die Arbeitsgruppen mit interessierten Preu\u00dfenfans aus allen Bereichen personell ausreichend zu besetzen.<\/p>\n\n\n\n<h3 class=\"wp-block-heading\" style=\"margin-top:2em;\">IV. Sonstiges<\/h3>\n\n\n\n<p>Das Fanprojekt m\u00f6chte offen f\u00fcr alle Preu\u00dfenfans sein, die anstehende Arbeit auf mehr Schultern verteilen, Ressourcen und Talente von euch Mitgliedern erkennen und nutzen und mit viel Elan und Engagement das Fanprojekt neu beleben.<\/p>\n\n\n\n<p><br><\/p>\n\n\n\n<p>Also: Schaufelt euch den Termin frei und erscheint am 25. Oktober um 19.06 Uhr in der Trib\u00fcne! Wir freuen uns auf euch.<\/p>\n\n\n\n<p><em>Euer Fanprojekt<\/em><\/p>\n","protected":false},"excerpt":{"rendered":"<p>Liebe Fanprojektmitglieder, hiermit laden wir euch herzlich zu unserer turnusm\u00e4\u00dfigen Jahreshauptversammlung am Mittwoch, 25. Oktober, um 19.06 Uhr ein. Die Veranstaltung wird in den R\u00e4umlichkeiten der Haupttrib\u00fcne des Preu\u00dfenstadions stattfinden.Bitte&#8230; <a class=\"read-more-link\" href=\"https:\/\/www.fanprojekt-muenster.de\/wordpress\/neues-vom-fanprojekt\/\">Read more &raquo;<\/a><\/p>\n","protected":false},"author":7,"featured_media":6926,"comment_status":"closed","ping_status":"open","sticky":false,"template":"","format":"standard","meta":{"advgb_blocks_editor_width":"","advgb_blocks_columns_visual_guide":"","footnotes":""},"categories":[1,16],"tags":[],"class_list":["post-8825","post","type-post","status-publish","format-standard","has-post-thumbnail","hentry","category-allgemein","category-veranstaltungen"],"featured_image_src":"https:\/\/www.fanprojekt-muenster.de\/wordpress\/wp-content\/uploads\/2019\/05\/cropped-Logo_FP-400x300.jpg","author_info":{"display_name":"CJO","author_link":"https:\/\/www.fanprojekt-muenster.de\/wordpress\/author\/jogy\/"},"yoast_head":"<!-- This site is optimized with the Yoast SEO plugin v27.2 - https:\/\/yoast.com\/product\/yoast-seo-wordpress\/ -->\n<title>Neues vom Fanprojekt - Fangemeinschaft Preu\u00dfen M\u00fcnster e. V.<\/title>\n<meta name=\"robots\" content=\"index, follow, max-snippet:-1, max-image-preview:large, max-video-preview:-1\" \/>\n<link rel=\"canonical\" href=\"https:\/\/www.fanprojekt-muenster.de\/wordpress\/neues-vom-fanprojekt\/\" \/>\n<meta property=\"og:locale\" content=\"de_DE\" \/>\n<meta property=\"og:type\" content=\"article\" \/>\n<meta property=\"og:title\" content=\"Neues vom Fanprojekt - Fangemeinschaft Preu\u00dfen M\u00fcnster e. V.\" \/>\n<meta property=\"og:description\" content=\"Liebe Fanprojektmitglieder, hiermit laden wir euch herzlich zu unserer turnusm\u00e4\u00dfigen Jahreshauptversammlung am Mittwoch, 25. Oktober, um 19.06 Uhr ein. Die Veranstaltung wird in den R\u00e4umlichkeiten der Haupttrib\u00fcne des Preu\u00dfenstadions stattfinden.Bitte... Read more &raquo;\" \/>\n<meta property=\"og:url\" content=\"https:\/\/www.fanprojekt-muenster.de\/wordpress\/neues-vom-fanprojekt\/\" \/>\n<meta property=\"og:site_name\" content=\"Fangemeinschaft Preu\u00dfen M\u00fcnster e. V.\" \/>\n<meta property=\"article:published_time\" content=\"2023-10-11T21:14:27+00:00\" \/>\n<meta property=\"article:modified_time\" content=\"2023-10-12T19:19:46+00:00\" \/>\n<meta property=\"og:image\" content=\"https:\/\/www.fanprojekt-muenster.de\/wordpress\/wp-content\/uploads\/2019\/05\/cropped-Logo_FP-400x300.jpg\" \/>\n\t<meta property=\"og:image:width\" content=\"512\" \/>\n\t<meta property=\"og:image:height\" content=\"512\" \/>\n\t<meta property=\"og:image:type\" content=\"image\/jpeg\" \/>\n<meta name=\"author\" content=\"CJO\" \/>\n<meta name=\"twitter:card\" content=\"summary_large_image\" \/>\n<meta name=\"twitter:label1\" content=\"Verfasst von\" \/>\n\t<meta name=\"twitter:data1\" content=\"CJO\" \/>\n\t<meta name=\"twitter:label2\" content=\"Gesch\u00e4tzte Lesezeit\" \/>\n\t<meta name=\"twitter:data2\" content=\"2\u00a0Minuten\" \/>\n<script type=\"application\/ld+json\" class=\"yoast-schema-graph\">{\"@context\":\"https:\/\/schema.org\",\"@graph\":[{\"@type\":\"Article\",\"@id\":\"https:\/\/www.fanprojekt-muenster.de\/wordpress\/neues-vom-fanprojekt\/#article\",\"isPartOf\":{\"@id\":\"https:\/\/www.fanprojekt-muenster.de\/wordpress\/neues-vom-fanprojekt\/\"},\"author\":{\"name\":\"CJO\",\"@id\":\"https:\/\/www.fanprojekt-muenster.de\/wordpress\/#\/schema\/person\/744936f7caad5b07423673506682ba59\"},\"headline\":\"Neues vom Fanprojekt\",\"datePublished\":\"2023-10-11T21:14:27+00:00\",\"dateModified\":\"2023-10-12T19:19:46+00:00\",\"mainEntityOfPage\":{\"@id\":\"https:\/\/www.fanprojekt-muenster.de\/wordpress\/neues-vom-fanprojekt\/\"},\"wordCount\":371,\"publisher\":{\"@id\":\"https:\/\/www.fanprojekt-muenster.de\/wordpress\/#organization\"},\"image\":{\"@id\":\"https:\/\/www.fanprojekt-muenster.de\/wordpress\/neues-vom-fanprojekt\/#primaryimage\"},\"thumbnailUrl\":\"https:\/\/www.fanprojekt-muenster.de\/wordpress\/wp-content\/uploads\/2019\/05\/cropped-Logo_FP-400x300.jpg\",\"articleSection\":{\"1\":\"Veranstaltungen\"},\"inLanguage\":\"de\"},{\"@type\":\"WebPage\",\"@id\":\"https:\/\/www.fanprojekt-muenster.de\/wordpress\/neues-vom-fanprojekt\/\",\"url\":\"https:\/\/www.fanprojekt-muenster.de\/wordpress\/neues-vom-fanprojekt\/\",\"name\":\"Neues vom Fanprojekt - Fangemeinschaft Preu\u00dfen M\u00fcnster e. V.\",\"isPartOf\":{\"@id\":\"https:\/\/www.fanprojekt-muenster.de\/wordpress\/#website\"},\"primaryImageOfPage\":{\"@id\":\"https:\/\/www.fanprojekt-muenster.de\/wordpress\/neues-vom-fanprojekt\/#primaryimage\"},\"image\":{\"@id\":\"https:\/\/www.fanprojekt-muenster.de\/wordpress\/neues-vom-fanprojekt\/#primaryimage\"},\"thumbnailUrl\":\"https:\/\/www.fanprojekt-muenster.de\/wordpress\/wp-content\/uploads\/2019\/05\/cropped-Logo_FP-400x300.jpg\",\"datePublished\":\"2023-10-11T21:14:27+00:00\",\"dateModified\":\"2023-10-12T19:19:46+00:00\",\"breadcrumb\":{\"@id\":\"https:\/\/www.fanprojekt-muenster.de\/wordpress\/neues-vom-fanprojekt\/#breadcrumb\"},\"inLanguage\":\"de\",\"potentialAction\":[{\"@type\":\"ReadAction\",\"target\":[\"https:\/\/www.fanprojekt-muenster.de\/wordpress\/neues-vom-fanprojekt\/\"]}]},{\"@type\":\"ImageObject\",\"inLanguage\":\"de\",\"@id\":\"https:\/\/www.fanprojekt-muenster.de\/wordpress\/neues-vom-fanprojekt\/#primaryimage\",\"url\":\"https:\/\/www.fanprojekt-muenster.de\/wordpress\/wp-content\/uploads\/2019\/05\/cropped-Logo_FP-400x300.jpg\",\"contentUrl\":\"https:\/\/www.fanprojekt-muenster.de\/wordpress\/wp-content\/uploads\/2019\/05\/cropped-Logo_FP-400x300.jpg\",\"width\":512,\"height\":512},{\"@type\":\"BreadcrumbList\",\"@id\":\"https:\/\/www.fanprojekt-muenster.de\/wordpress\/neues-vom-fanprojekt\/#breadcrumb\",\"itemListElement\":[{\"@type\":\"ListItem\",\"position\":1,\"name\":\"Startseite\",\"item\":\"https:\/\/www.fanprojekt-muenster.de\/wordpress\/\"},{\"@type\":\"ListItem\",\"position\":2,\"name\":\"Neues vom Fanprojekt\"}]},{\"@type\":\"WebSite\",\"@id\":\"https:\/\/www.fanprojekt-muenster.de\/wordpress\/#website\",\"url\":\"https:\/\/www.fanprojekt-muenster.de\/wordpress\/\",\"name\":\"Fangemeinschaft Preu\u00dfen M\u00fcnster e. V.\",\"description\":\"\",\"publisher\":{\"@id\":\"https:\/\/www.fanprojekt-muenster.de\/wordpress\/#organization\"},\"potentialAction\":[{\"@type\":\"SearchAction\",\"target\":{\"@type\":\"EntryPoint\",\"urlTemplate\":\"https:\/\/www.fanprojekt-muenster.de\/wordpress\/?s={search_term_string}\"},\"query-input\":{\"@type\":\"PropertyValueSpecification\",\"valueRequired\":true,\"valueName\":\"search_term_string\"}}],\"inLanguage\":\"de\"},{\"@type\":\"Organization\",\"@id\":\"https:\/\/www.fanprojekt-muenster.de\/wordpress\/#organization\",\"name\":\"Fangemeinschaft Preu\u00dfen M\u00fcnster e. V.\",\"url\":\"https:\/\/www.fanprojekt-muenster.de\/wordpress\/\",\"logo\":{\"@type\":\"ImageObject\",\"inLanguage\":\"de\",\"@id\":\"https:\/\/www.fanprojekt-muenster.de\/wordpress\/#\/schema\/logo\/image\/\",\"url\":\"https:\/\/www.fanprojekt-muenster.de\/wordpress\/wp-content\/uploads\/2019\/07\/cropped-Website_Logo3-9.png\",\"contentUrl\":\"https:\/\/www.fanprojekt-muenster.de\/wordpress\/wp-content\/uploads\/2019\/07\/cropped-Website_Logo3-9.png\",\"width\":224,\"height\":42,\"caption\":\"Fangemeinschaft Preu\u00dfen M\u00fcnster e. V.\"},\"image\":{\"@id\":\"https:\/\/www.fanprojekt-muenster.de\/wordpress\/#\/schema\/logo\/image\/\"}},{\"@type\":\"Person\",\"@id\":\"https:\/\/www.fanprojekt-muenster.de\/wordpress\/#\/schema\/person\/744936f7caad5b07423673506682ba59\",\"name\":\"CJO\",\"url\":\"https:\/\/www.fanprojekt-muenster.de\/wordpress\/author\/jogy\/\"}]}<\/script>\n<!-- \/ Yoast SEO plugin. -->","yoast_head_json":{"title":"Neues vom Fanprojekt - Fangemeinschaft Preu\u00dfen M\u00fcnster e. V.","robots":{"index":"index","follow":"follow","max-snippet":"max-snippet:-1","max-image-preview":"max-image-preview:large","max-video-preview":"max-video-preview:-1"},"canonical":"https:\/\/www.fanprojekt-muenster.de\/wordpress\/neues-vom-fanprojekt\/","og_locale":"de_DE","og_type":"article","og_title":"Neues vom Fanprojekt - Fangemeinschaft Preu\u00dfen M\u00fcnster e. V.","og_description":"Liebe Fanprojektmitglieder, hiermit laden wir euch herzlich zu unserer turnusm\u00e4\u00dfigen Jahreshauptversammlung am Mittwoch, 25. Oktober, um 19.06 Uhr ein. Die Veranstaltung wird in den R\u00e4umlichkeiten der Haupttrib\u00fcne des Preu\u00dfenstadions stattfinden.Bitte... Read more &raquo;","og_url":"https:\/\/www.fanprojekt-muenster.de\/wordpress\/neues-vom-fanprojekt\/","og_site_name":"Fangemeinschaft Preu\u00dfen M\u00fcnster e. V.","article_published_time":"2023-10-11T21:14:27+00:00","article_modified_time":"2023-10-12T19:19:46+00:00","og_image":[{"width":512,"height":512,"url":"https:\/\/www.fanprojekt-muenster.de\/wordpress\/wp-content\/uploads\/2019\/05\/cropped-Logo_FP-400x300.jpg","type":"image\/jpeg"}],"author":"CJO","twitter_card":"summary_large_image","twitter_misc":{"Verfasst von":"CJO","Gesch\u00e4tzte Lesezeit":"2\u00a0Minuten"},"schema":{"@context":"https:\/\/schema.org","@graph":[{"@type":"Article","@id":"https:\/\/www.fanprojekt-muenster.de\/wordpress\/neues-vom-fanprojekt\/#article","isPartOf":{"@id":"https:\/\/www.fanprojekt-muenster.de\/wordpress\/neues-vom-fanprojekt\/"},"author":{"name":"CJO","@id":"https:\/\/www.fanprojekt-muenster.de\/wordpress\/#\/schema\/person\/744936f7caad5b07423673506682ba59"},"headline":"Neues vom Fanprojekt","datePublished":"2023-10-11T21:14:27+00:00","dateModified":"2023-10-12T19:19:46+00:00","mainEntityOfPage":{"@id":"https:\/\/www.fanprojekt-muenster.de\/wordpress\/neues-vom-fanprojekt\/"},"wordCount":371,"publisher":{"@id":"https:\/\/www.fanprojekt-muenster.de\/wordpress\/#organization"},"image":{"@id":"https:\/\/www.fanprojekt-muenster.de\/wordpress\/neues-vom-fanprojekt\/#primaryimage"},"thumbnailUrl":"https:\/\/www.fanprojekt-muenster.de\/wordpress\/wp-content\/uploads\/2019\/05\/cropped-Logo_FP-400x300.jpg","articleSection":{"1":"Veranstaltungen"},"inLanguage":"de"},{"@type":"WebPage","@id":"https:\/\/www.fanprojekt-muenster.de\/wordpress\/neues-vom-fanprojekt\/","url":"https:\/\/www.fanprojekt-muenster.de\/wordpress\/neues-vom-fanprojekt\/","name":"Neues vom Fanprojekt - Fangemeinschaft Preu\u00dfen M\u00fcnster e. V.","isPartOf":{"@id":"https:\/\/www.fanprojekt-muenster.de\/wordpress\/#website"},"primaryImageOfPage":{"@id":"https:\/\/www.fanprojekt-muenster.de\/wordpress\/neues-vom-fanprojekt\/#primaryimage"},"image":{"@id":"https:\/\/www.fanprojekt-muenster.de\/wordpress\/neues-vom-fanprojekt\/#primaryimage"},"thumbnailUrl":"https:\/\/www.fanprojekt-muenster.de\/wordpress\/wp-content\/uploads\/2019\/05\/cropped-Logo_FP-400x300.jpg","datePublished":"2023-10-11T21:14:27+00:00","dateModified":"2023-10-12T19:19:46+00:00","breadcrumb":{"@id":"https:\/\/www.fanprojekt-muenster.de\/wordpress\/neues-vom-fanprojekt\/#breadcrumb"},"inLanguage":"de","potentialAction":[{"@type":"ReadAction","target":["https:\/\/www.fanprojekt-muenster.de\/wordpress\/neues-vom-fanprojekt\/"]}]},{"@type":"ImageObject","inLanguage":"de","@id":"https:\/\/www.fanprojekt-muenster.de\/wordpress\/neues-vom-fanprojekt\/#primaryimage","url":"https:\/\/www.fanprojekt-muenster.de\/wordpress\/wp-content\/uploads\/2019\/05\/cropped-Logo_FP-400x300.jpg","contentUrl":"https:\/\/www.fanprojekt-muenster.de\/wordpress\/wp-content\/uploads\/2019\/05\/cropped-Logo_FP-400x300.jpg","width":512,"height":512},{"@type":"BreadcrumbList","@id":"https:\/\/www.fanprojekt-muenster.de\/wordpress\/neues-vom-fanprojekt\/#breadcrumb","itemListElement":[{"@type":"ListItem","position":1,"name":"Startseite","item":"https:\/\/www.fanprojekt-muenster.de\/wordpress\/"},{"@type":"ListItem","position":2,"name":"Neues vom Fanprojekt"}]},{"@type":"WebSite","@id":"https:\/\/www.fanprojekt-muenster.de\/wordpress\/#website","url":"https:\/\/www.fanprojekt-muenster.de\/wordpress\/","name":"Fangemeinschaft Preu\u00dfen M\u00fcnster e. V.","description":"","publisher":{"@id":"https:\/\/www.fanprojekt-muenster.de\/wordpress\/#organization"},"potentialAction":[{"@type":"SearchAction","target":{"@type":"EntryPoint","urlTemplate":"https:\/\/www.fanprojekt-muenster.de\/wordpress\/?s={search_term_string}"},"query-input":{"@type":"PropertyValueSpecification","valueRequired":true,"valueName":"search_term_string"}}],"inLanguage":"de"},{"@type":"Organization","@id":"https:\/\/www.fanprojekt-muenster.de\/wordpress\/#organization","name":"Fangemeinschaft Preu\u00dfen M\u00fcnster e. V.","url":"https:\/\/www.fanprojekt-muenster.de\/wordpress\/","logo":{"@type":"ImageObject","inLanguage":"de","@id":"https:\/\/www.fanprojekt-muenster.de\/wordpress\/#\/schema\/logo\/image\/","url":"https:\/\/www.fanprojekt-muenster.de\/wordpress\/wp-content\/uploads\/2019\/07\/cropped-Website_Logo3-9.png","contentUrl":"https:\/\/www.fanprojekt-muenster.de\/wordpress\/wp-content\/uploads\/2019\/07\/cropped-Website_Logo3-9.png","width":224,"height":42,"caption":"Fangemeinschaft Preu\u00dfen M\u00fcnster e. V."},"image":{"@id":"https:\/\/www.fanprojekt-muenster.de\/wordpress\/#\/schema\/logo\/image\/"}},{"@type":"Person","@id":"https:\/\/www.fanprojekt-muenster.de\/wordpress\/#\/schema\/person\/744936f7caad5b07423673506682ba59","name":"CJO","url":"https:\/\/www.fanprojekt-muenster.de\/wordpress\/author\/jogy\/"}]}},"author_meta":{"display_name":"CJO","author_link":"https:\/\/www.fanprojekt-muenster.de\/wordpress\/author\/jogy\/"},"featured_img":"https:\/\/www.fanprojekt-muenster.de\/wordpress\/wp-content\/uploads\/2019\/05\/cropped-Logo_FP-400x300-300x300.jpg","coauthors":[],"tax_additional":{"categories":{"linked":["<a href=\"https:\/\/www.fanprojekt-muenster.de\/wordpress\/category\/allgemein\/\" class=\"advgb-post-tax-term\">Allgemein<\/a>","<a href=\"https:\/\/www.fanprojekt-muenster.de\/wordpress\/category\/veranstaltungen\/\" class=\"advgb-post-tax-term\">Veranstaltungen<\/a>"],"unlinked":["<span class=\"advgb-post-tax-term\">Allgemein<\/span>","<span class=\"advgb-post-tax-term\">Veranstaltungen<\/span>"]}},"comment_count":"0","relative_dates":{"created":"Posted 3\u00a0Jahren ago","modified":"Updated 3\u00a0Jahren ago"},"absolute_dates":{"created":"Posted on 11. Oktober 2023","modified":"Updated on 12. Oktober 2023"},"absolute_dates_time":{"created":"Posted on 11. Oktober 2023 23:14","modified":"Updated on 12. Oktober 2023 21:19"},"featured_img_caption":"","series_order":"","_links":{"self":[{"href":"https:\/\/www.fanprojekt-muenster.de\/wordpress\/wp-json\/wp\/v2\/posts\/8825","targetHints":{"allow":["GET"]}}],"collection":[{"href":"https:\/\/www.fanprojekt-muenster.de\/wordpress\/wp-json\/wp\/v2\/posts"}],"about":[{"href":"https:\/\/www.fanprojekt-muenster.de\/wordpress\/wp-json\/wp\/v2\/types\/post"}],"author":[{"embeddable":true,"href":"https:\/\/www.fanprojekt-muenster.de\/wordpress\/wp-json\/wp\/v2\/users\/7"}],"replies":[{"embeddable":true,"href":"https:\/\/www.fanprojekt-muenster.de\/wordpress\/wp-json\/wp\/v2\/comments?post=8825"}],"version-history":[{"count":54,"href":"https:\/\/www.fanprojekt-muenster.de\/wordpress\/wp-json\/wp\/v2\/posts\/8825\/revisions"}],"predecessor-version":[{"id":8899,"href":"https:\/\/www.fanprojekt-muenster.de\/wordpress\/wp-json\/wp\/v2\/posts\/8825\/revisions\/8899"}],"wp:featuredmedia":[{"embeddable":true,"href":"https:\/\/www.fanprojekt-muenster.de\/wordpress\/wp-json\/wp\/v2\/media\/6926"}],"wp:attachment":[{"href":"https:\/\/www.fanprojekt-muenster.de\/wordpress\/wp-json\/wp\/v2\/media?parent=8825"}],"wp:term":[{"taxonomy":"category","embeddable":true,"href":"https:\/\/www.fanprojekt-muenster.de\/wordpress\/wp-json\/wp\/v2\/categories?post=8825"},{"taxonomy":"post_tag","embeddable":true,"href":"https:\/\/www.fanprojekt-muenster.de\/wordpress\/wp-json\/wp\/v2\/tags?post=8825"}],"curies":[{"name":"wp","href":"https:\/\/api.w.org\/{rel}","templated":true}]}}