{"id":8820,"date":"2023-09-03T19:02:55","date_gmt":"2023-09-03T17:02:55","guid":{"rendered":"https:\/\/www.fanprojekt-muenster.de\/wordpress\/?p=8820"},"modified":"2023-09-03T19:02:58","modified_gmt":"2023-09-03T17:02:58","slug":"container-bei-pokalspielen-im-september","status":"publish","type":"post","link":"https:\/\/www.fanprojekt-muenster.de\/wordpress\/container-bei-pokalspielen-im-september\/","title":{"rendered":"Container bei Pokalspielen im September"},"content":{"rendered":"<p>Wie hei\u00dft es doch so sch\u00f6n im Fu\u00dfball: der Pokal schreibt seine eigenen Gesetze! <em>(Jaja, f\u00fcr das Nutzen dieser Phrase wandern 3\u20ac in die Spendenb\u00fcchse (s.u.) \ud83d\ude09 <\/em>Ob demnach der (vermeintlich?) kleine gegen den gro\u00dfen Verein auch wirklich eine Chance hat, k\u00f6nnen wir im September gleich doppelt im Preu\u00dfenstadion verfolgen:<\/p>\n<p>Zun\u00e4chst am <strong>Mittwoch<\/strong>, den <strong>06.09.<\/strong> ab 19 Uhr in der zwoten Runde des Pokals auf Verbandsebene gegen DJK SV Borussia 07 e.V. M\u00fcnster. F\u00fcr dieses Nachbarschaftsduell weichen wir von den sonstigen Gepflogenheiten im Westfalenpokal ab und \u00f6ffnen den Container dieses Mal ab <strong>17:30 Uhr bis Anpfiff<\/strong> sowie <strong>kurz nach Abpfiff bis ca. 22 Uhr<\/strong>. Auch wenn wir als Preu\u00dfen nat\u00fcrlich hoffen, dass sich obige Phrase nicht best\u00e4tigt, sind alle (auch vom DJK!) herzlich zum Fachsimpeln bei leckeren Kaltgetr\u00e4nken willkommen. Die Einnahmen dieses Abends werden an die M\u00e4dchenabteilung unserer &#8222;Nachbarn von der Hammer Stra\u00dfe&#8220; gespendet gespendet<\/p>\n<p>Knapp drei Wochen (<strong>Di. 26.09.23<\/strong>) sp\u00e4ter folgt dann die Neuauflage von 2014 mit den Bayern in der ersten Runde des DFB-Pokals. Aufgrund der sp\u00e4ten Ansto\u00dfzeit (20:45 Uhr) wird der Container <strong>nach dem Spiel nicht mehr ge\u00f6ffnet<\/strong> werden! Daf\u00fcr geht es bei uns quasi bereits vorm Anpfiff in die Verl\u00e4ngerung inkl. Nachspielzeit und es wird <strong>ab 18.00 Uhr ge\u00f6ffnet<\/strong> sein. Vielleicht ist das ja ein gutes Omen und diesmal greifen die Gesetzm\u00e4\u00dfigkeiten des Pokals&#8230;<\/p>\n","protected":false},"excerpt":{"rendered":"<p>Wie hei\u00dft es doch so sch\u00f6n im Fu\u00dfball: der Pokal schreibt seine eigenen Gesetze! (Jaja, f\u00fcr das Nutzen dieser Phrase wandern 3\u20ac in die Spendenb\u00fcchse (s.u.) \ud83d\ude09 Ob demnach der&#8230; <a class=\"read-more-link\" href=\"https:\/\/www.fanprojekt-muenster.de\/wordpress\/container-bei-pokalspielen-im-september\/\">Read more &raquo;<\/a><\/p>\n","protected":false},"author":7,"featured_media":6145,"comment_status":"closed","ping_status":"open","sticky":false,"template":"","format":"standard","meta":{"advgb_blocks_editor_width":"","advgb_blocks_columns_visual_guide":"","footnotes":""},"categories":[1,16],"tags":[],"class_list":["post-8820","post","type-post","status-publish","format-standard","has-post-thumbnail","hentry","category-allgemein","category-veranstaltungen"],"featured_image_src":"https:\/\/www.fanprojekt-muenster.de\/wordpress\/wp-content\/uploads\/2019\/01\/Fancontainer_SchneeRaeumung.jpg","author_info":{"display_name":"CJO","author_link":"https:\/\/www.fanprojekt-muenster.de\/wordpress\/author\/jogy\/"},"yoast_head":"<!-- This site is optimized with the Yoast SEO plugin v27.2 - https:\/\/yoast.com\/product\/yoast-seo-wordpress\/ -->\n<title>Container bei Pokalspielen im September - Fangemeinschaft Preu\u00dfen M\u00fcnster e. V.<\/title>\n<meta name=\"robots\" content=\"index, follow, max-snippet:-1, max-image-preview:large, max-video-preview:-1\" \/>\n<link rel=\"canonical\" href=\"https:\/\/www.fanprojekt-muenster.de\/wordpress\/container-bei-pokalspielen-im-september\/\" \/>\n<meta property=\"og:locale\" content=\"de_DE\" \/>\n<meta property=\"og:type\" content=\"article\" \/>\n<meta property=\"og:title\" content=\"Container bei Pokalspielen im September - Fangemeinschaft Preu\u00dfen M\u00fcnster e. V.\" \/>\n<meta property=\"og:description\" content=\"Wie hei\u00dft es doch so sch\u00f6n im Fu\u00dfball: der Pokal schreibt seine eigenen Gesetze! (Jaja, f\u00fcr das Nutzen dieser Phrase wandern 3\u20ac in die Spendenb\u00fcchse (s.u.) \ud83d\ude09 Ob demnach der... Read more &raquo;\" \/>\n<meta property=\"og:url\" content=\"https:\/\/www.fanprojekt-muenster.de\/wordpress\/container-bei-pokalspielen-im-september\/\" \/>\n<meta property=\"og:site_name\" content=\"Fangemeinschaft Preu\u00dfen M\u00fcnster e. V.\" \/>\n<meta property=\"article:published_time\" content=\"2023-09-03T17:02:55+00:00\" \/>\n<meta property=\"article:modified_time\" content=\"2023-09-03T17:02:58+00:00\" \/>\n<meta property=\"og:image\" content=\"https:\/\/www.fanprojekt-muenster.de\/wordpress\/wp-content\/uploads\/2019\/01\/Fancontainer_SchneeRaeumung.jpg\" \/>\n\t<meta property=\"og:image:width\" content=\"957\" \/>\n\t<meta property=\"og:image:height\" content=\"505\" \/>\n\t<meta property=\"og:image:type\" content=\"image\/jpeg\" \/>\n<meta name=\"author\" content=\"CJO\" \/>\n<meta name=\"twitter:card\" content=\"summary_large_image\" \/>\n<meta name=\"twitter:label1\" content=\"Verfasst von\" \/>\n\t<meta name=\"twitter:data1\" content=\"CJO\" \/>\n\t<meta name=\"twitter:label2\" content=\"Gesch\u00e4tzte Lesezeit\" \/>\n\t<meta name=\"twitter:data2\" content=\"2\u00a0Minuten\" \/>\n<script type=\"application\/ld+json\" class=\"yoast-schema-graph\">{\"@context\":\"https:\/\/schema.org\",\"@graph\":[{\"@type\":\"Article\",\"@id\":\"https:\/\/www.fanprojekt-muenster.de\/wordpress\/container-bei-pokalspielen-im-september\/#article\",\"isPartOf\":{\"@id\":\"https:\/\/www.fanprojekt-muenster.de\/wordpress\/container-bei-pokalspielen-im-september\/\"},\"author\":{\"name\":\"CJO\",\"@id\":\"https:\/\/www.fanprojekt-muenster.de\/wordpress\/#\/schema\/person\/744936f7caad5b07423673506682ba59\"},\"headline\":\"Container bei Pokalspielen im September\",\"datePublished\":\"2023-09-03T17:02:55+00:00\",\"dateModified\":\"2023-09-03T17:02:58+00:00\",\"mainEntityOfPage\":{\"@id\":\"https:\/\/www.fanprojekt-muenster.de\/wordpress\/container-bei-pokalspielen-im-september\/\"},\"wordCount\":240,\"publisher\":{\"@id\":\"https:\/\/www.fanprojekt-muenster.de\/wordpress\/#organization\"},\"image\":{\"@id\":\"https:\/\/www.fanprojekt-muenster.de\/wordpress\/container-bei-pokalspielen-im-september\/#primaryimage\"},\"thumbnailUrl\":\"https:\/\/www.fanprojekt-muenster.de\/wordpress\/wp-content\/uploads\/2019\/01\/Fancontainer_SchneeRaeumung.jpg\",\"articleSection\":{\"1\":\"Veranstaltungen\"},\"inLanguage\":\"de\"},{\"@type\":\"WebPage\",\"@id\":\"https:\/\/www.fanprojekt-muenster.de\/wordpress\/container-bei-pokalspielen-im-september\/\",\"url\":\"https:\/\/www.fanprojekt-muenster.de\/wordpress\/container-bei-pokalspielen-im-september\/\",\"name\":\"Container bei Pokalspielen im September - Fangemeinschaft Preu\u00dfen M\u00fcnster e. V.\",\"isPartOf\":{\"@id\":\"https:\/\/www.fanprojekt-muenster.de\/wordpress\/#website\"},\"primaryImageOfPage\":{\"@id\":\"https:\/\/www.fanprojekt-muenster.de\/wordpress\/container-bei-pokalspielen-im-september\/#primaryimage\"},\"image\":{\"@id\":\"https:\/\/www.fanprojekt-muenster.de\/wordpress\/container-bei-pokalspielen-im-september\/#primaryimage\"},\"thumbnailUrl\":\"https:\/\/www.fanprojekt-muenster.de\/wordpress\/wp-content\/uploads\/2019\/01\/Fancontainer_SchneeRaeumung.jpg\",\"datePublished\":\"2023-09-03T17:02:55+00:00\",\"dateModified\":\"2023-09-03T17:02:58+00:00\",\"breadcrumb\":{\"@id\":\"https:\/\/www.fanprojekt-muenster.de\/wordpress\/container-bei-pokalspielen-im-september\/#breadcrumb\"},\"inLanguage\":\"de\",\"potentialAction\":[{\"@type\":\"ReadAction\",\"target\":[\"https:\/\/www.fanprojekt-muenster.de\/wordpress\/container-bei-pokalspielen-im-september\/\"]}]},{\"@type\":\"ImageObject\",\"inLanguage\":\"de\",\"@id\":\"https:\/\/www.fanprojekt-muenster.de\/wordpress\/container-bei-pokalspielen-im-september\/#primaryimage\",\"url\":\"https:\/\/www.fanprojekt-muenster.de\/wordpress\/wp-content\/uploads\/2019\/01\/Fancontainer_SchneeRaeumung.jpg\",\"contentUrl\":\"https:\/\/www.fanprojekt-muenster.de\/wordpress\/wp-content\/uploads\/2019\/01\/Fancontainer_SchneeRaeumung.jpg\",\"width\":957,\"height\":505},{\"@type\":\"BreadcrumbList\",\"@id\":\"https:\/\/www.fanprojekt-muenster.de\/wordpress\/container-bei-pokalspielen-im-september\/#breadcrumb\",\"itemListElement\":[{\"@type\":\"ListItem\",\"position\":1,\"name\":\"Startseite\",\"item\":\"https:\/\/www.fanprojekt-muenster.de\/wordpress\/\"},{\"@type\":\"ListItem\",\"position\":2,\"name\":\"Container bei Pokalspielen im September\"}]},{\"@type\":\"WebSite\",\"@id\":\"https:\/\/www.fanprojekt-muenster.de\/wordpress\/#website\",\"url\":\"https:\/\/www.fanprojekt-muenster.de\/wordpress\/\",\"name\":\"Fangemeinschaft Preu\u00dfen M\u00fcnster e. V.\",\"description\":\"\",\"publisher\":{\"@id\":\"https:\/\/www.fanprojekt-muenster.de\/wordpress\/#organization\"},\"potentialAction\":[{\"@type\":\"SearchAction\",\"target\":{\"@type\":\"EntryPoint\",\"urlTemplate\":\"https:\/\/www.fanprojekt-muenster.de\/wordpress\/?s={search_term_string}\"},\"query-input\":{\"@type\":\"PropertyValueSpecification\",\"valueRequired\":true,\"valueName\":\"search_term_string\"}}],\"inLanguage\":\"de\"},{\"@type\":\"Organization\",\"@id\":\"https:\/\/www.fanprojekt-muenster.de\/wordpress\/#organization\",\"name\":\"Fangemeinschaft Preu\u00dfen M\u00fcnster e. V.\",\"url\":\"https:\/\/www.fanprojekt-muenster.de\/wordpress\/\",\"logo\":{\"@type\":\"ImageObject\",\"inLanguage\":\"de\",\"@id\":\"https:\/\/www.fanprojekt-muenster.de\/wordpress\/#\/schema\/logo\/image\/\",\"url\":\"https:\/\/www.fanprojekt-muenster.de\/wordpress\/wp-content\/uploads\/2019\/07\/cropped-Website_Logo3-9.png\",\"contentUrl\":\"https:\/\/www.fanprojekt-muenster.de\/wordpress\/wp-content\/uploads\/2019\/07\/cropped-Website_Logo3-9.png\",\"width\":224,\"height\":42,\"caption\":\"Fangemeinschaft Preu\u00dfen M\u00fcnster e. V.\"},\"image\":{\"@id\":\"https:\/\/www.fanprojekt-muenster.de\/wordpress\/#\/schema\/logo\/image\/\"}},{\"@type\":\"Person\",\"@id\":\"https:\/\/www.fanprojekt-muenster.de\/wordpress\/#\/schema\/person\/744936f7caad5b07423673506682ba59\",\"name\":\"CJO\",\"url\":\"https:\/\/www.fanprojekt-muenster.de\/wordpress\/author\/jogy\/\"}]}<\/script>\n<!-- \/ Yoast SEO plugin. -->","yoast_head_json":{"title":"Container bei Pokalspielen im September - Fangemeinschaft Preu\u00dfen M\u00fcnster e. V.","robots":{"index":"index","follow":"follow","max-snippet":"max-snippet:-1","max-image-preview":"max-image-preview:large","max-video-preview":"max-video-preview:-1"},"canonical":"https:\/\/www.fanprojekt-muenster.de\/wordpress\/container-bei-pokalspielen-im-september\/","og_locale":"de_DE","og_type":"article","og_title":"Container bei Pokalspielen im September - Fangemeinschaft Preu\u00dfen M\u00fcnster e. V.","og_description":"Wie hei\u00dft es doch so sch\u00f6n im Fu\u00dfball: der Pokal schreibt seine eigenen Gesetze! (Jaja, f\u00fcr das Nutzen dieser Phrase wandern 3\u20ac in die Spendenb\u00fcchse (s.u.) \ud83d\ude09 Ob demnach der... Read more &raquo;","og_url":"https:\/\/www.fanprojekt-muenster.de\/wordpress\/container-bei-pokalspielen-im-september\/","og_site_name":"Fangemeinschaft Preu\u00dfen M\u00fcnster e. V.","article_published_time":"2023-09-03T17:02:55+00:00","article_modified_time":"2023-09-03T17:02:58+00:00","og_image":[{"width":957,"height":505,"url":"https:\/\/www.fanprojekt-muenster.de\/wordpress\/wp-content\/uploads\/2019\/01\/Fancontainer_SchneeRaeumung.jpg","type":"image\/jpeg"}],"author":"CJO","twitter_card":"summary_large_image","twitter_misc":{"Verfasst von":"CJO","Gesch\u00e4tzte Lesezeit":"2\u00a0Minuten"},"schema":{"@context":"https:\/\/schema.org","@graph":[{"@type":"Article","@id":"https:\/\/www.fanprojekt-muenster.de\/wordpress\/container-bei-pokalspielen-im-september\/#article","isPartOf":{"@id":"https:\/\/www.fanprojekt-muenster.de\/wordpress\/container-bei-pokalspielen-im-september\/"},"author":{"name":"CJO","@id":"https:\/\/www.fanprojekt-muenster.de\/wordpress\/#\/schema\/person\/744936f7caad5b07423673506682ba59"},"headline":"Container bei Pokalspielen im September","datePublished":"2023-09-03T17:02:55+00:00","dateModified":"2023-09-03T17:02:58+00:00","mainEntityOfPage":{"@id":"https:\/\/www.fanprojekt-muenster.de\/wordpress\/container-bei-pokalspielen-im-september\/"},"wordCount":240,"publisher":{"@id":"https:\/\/www.fanprojekt-muenster.de\/wordpress\/#organization"},"image":{"@id":"https:\/\/www.fanprojekt-muenster.de\/wordpress\/container-bei-pokalspielen-im-september\/#primaryimage"},"thumbnailUrl":"https:\/\/www.fanprojekt-muenster.de\/wordpress\/wp-content\/uploads\/2019\/01\/Fancontainer_SchneeRaeumung.jpg","articleSection":{"1":"Veranstaltungen"},"inLanguage":"de"},{"@type":"WebPage","@id":"https:\/\/www.fanprojekt-muenster.de\/wordpress\/container-bei-pokalspielen-im-september\/","url":"https:\/\/www.fanprojekt-muenster.de\/wordpress\/container-bei-pokalspielen-im-september\/","name":"Container bei Pokalspielen im September - Fangemeinschaft Preu\u00dfen M\u00fcnster e. V.","isPartOf":{"@id":"https:\/\/www.fanprojekt-muenster.de\/wordpress\/#website"},"primaryImageOfPage":{"@id":"https:\/\/www.fanprojekt-muenster.de\/wordpress\/container-bei-pokalspielen-im-september\/#primaryimage"},"image":{"@id":"https:\/\/www.fanprojekt-muenster.de\/wordpress\/container-bei-pokalspielen-im-september\/#primaryimage"},"thumbnailUrl":"https:\/\/www.fanprojekt-muenster.de\/wordpress\/wp-content\/uploads\/2019\/01\/Fancontainer_SchneeRaeumung.jpg","datePublished":"2023-09-03T17:02:55+00:00","dateModified":"2023-09-03T17:02:58+00:00","breadcrumb":{"@id":"https:\/\/www.fanprojekt-muenster.de\/wordpress\/container-bei-pokalspielen-im-september\/#breadcrumb"},"inLanguage":"de","potentialAction":[{"@type":"ReadAction","target":["https:\/\/www.fanprojekt-muenster.de\/wordpress\/container-bei-pokalspielen-im-september\/"]}]},{"@type":"ImageObject","inLanguage":"de","@id":"https:\/\/www.fanprojekt-muenster.de\/wordpress\/container-bei-pokalspielen-im-september\/#primaryimage","url":"https:\/\/www.fanprojekt-muenster.de\/wordpress\/wp-content\/uploads\/2019\/01\/Fancontainer_SchneeRaeumung.jpg","contentUrl":"https:\/\/www.fanprojekt-muenster.de\/wordpress\/wp-content\/uploads\/2019\/01\/Fancontainer_SchneeRaeumung.jpg","width":957,"height":505},{"@type":"BreadcrumbList","@id":"https:\/\/www.fanprojekt-muenster.de\/wordpress\/container-bei-pokalspielen-im-september\/#breadcrumb","itemListElement":[{"@type":"ListItem","position":1,"name":"Startseite","item":"https:\/\/www.fanprojekt-muenster.de\/wordpress\/"},{"@type":"ListItem","position":2,"name":"Container bei Pokalspielen im September"}]},{"@type":"WebSite","@id":"https:\/\/www.fanprojekt-muenster.de\/wordpress\/#website","url":"https:\/\/www.fanprojekt-muenster.de\/wordpress\/","name":"Fangemeinschaft Preu\u00dfen M\u00fcnster e. V.","description":"","publisher":{"@id":"https:\/\/www.fanprojekt-muenster.de\/wordpress\/#organization"},"potentialAction":[{"@type":"SearchAction","target":{"@type":"EntryPoint","urlTemplate":"https:\/\/www.fanprojekt-muenster.de\/wordpress\/?s={search_term_string}"},"query-input":{"@type":"PropertyValueSpecification","valueRequired":true,"valueName":"search_term_string"}}],"inLanguage":"de"},{"@type":"Organization","@id":"https:\/\/www.fanprojekt-muenster.de\/wordpress\/#organization","name":"Fangemeinschaft Preu\u00dfen M\u00fcnster e. V.","url":"https:\/\/www.fanprojekt-muenster.de\/wordpress\/","logo":{"@type":"ImageObject","inLanguage":"de","@id":"https:\/\/www.fanprojekt-muenster.de\/wordpress\/#\/schema\/logo\/image\/","url":"https:\/\/www.fanprojekt-muenster.de\/wordpress\/wp-content\/uploads\/2019\/07\/cropped-Website_Logo3-9.png","contentUrl":"https:\/\/www.fanprojekt-muenster.de\/wordpress\/wp-content\/uploads\/2019\/07\/cropped-Website_Logo3-9.png","width":224,"height":42,"caption":"Fangemeinschaft Preu\u00dfen M\u00fcnster e. V."},"image":{"@id":"https:\/\/www.fanprojekt-muenster.de\/wordpress\/#\/schema\/logo\/image\/"}},{"@type":"Person","@id":"https:\/\/www.fanprojekt-muenster.de\/wordpress\/#\/schema\/person\/744936f7caad5b07423673506682ba59","name":"CJO","url":"https:\/\/www.fanprojekt-muenster.de\/wordpress\/author\/jogy\/"}]}},"author_meta":{"display_name":"CJO","author_link":"https:\/\/www.fanprojekt-muenster.de\/wordpress\/author\/jogy\/"},"featured_img":"https:\/\/www.fanprojekt-muenster.de\/wordpress\/wp-content\/uploads\/2019\/01\/Fancontainer_SchneeRaeumung-300x158.jpg","coauthors":[],"tax_additional":{"categories":{"linked":["<a href=\"https:\/\/www.fanprojekt-muenster.de\/wordpress\/category\/allgemein\/\" class=\"advgb-post-tax-term\">Allgemein<\/a>","<a href=\"https:\/\/www.fanprojekt-muenster.de\/wordpress\/category\/veranstaltungen\/\" class=\"advgb-post-tax-term\">Veranstaltungen<\/a>"],"unlinked":["<span class=\"advgb-post-tax-term\">Allgemein<\/span>","<span class=\"advgb-post-tax-term\">Veranstaltungen<\/span>"]}},"comment_count":"0","relative_dates":{"created":"Posted 3\u00a0Jahren ago","modified":"Updated 3\u00a0Jahren ago"},"absolute_dates":{"created":"Posted on 3. September 2023","modified":"Updated on 3. September 2023"},"absolute_dates_time":{"created":"Posted on 3. September 2023 19:02","modified":"Updated on 3. September 2023 19:02"},"featured_img_caption":"","series_order":"","_links":{"self":[{"href":"https:\/\/www.fanprojekt-muenster.de\/wordpress\/wp-json\/wp\/v2\/posts\/8820","targetHints":{"allow":["GET"]}}],"collection":[{"href":"https:\/\/www.fanprojekt-muenster.de\/wordpress\/wp-json\/wp\/v2\/posts"}],"about":[{"href":"https:\/\/www.fanprojekt-muenster.de\/wordpress\/wp-json\/wp\/v2\/types\/post"}],"author":[{"embeddable":true,"href":"https:\/\/www.fanprojekt-muenster.de\/wordpress\/wp-json\/wp\/v2\/users\/7"}],"replies":[{"embeddable":true,"href":"https:\/\/www.fanprojekt-muenster.de\/wordpress\/wp-json\/wp\/v2\/comments?post=8820"}],"version-history":[{"count":2,"href":"https:\/\/www.fanprojekt-muenster.de\/wordpress\/wp-json\/wp\/v2\/posts\/8820\/revisions"}],"predecessor-version":[{"id":8822,"href":"https:\/\/www.fanprojekt-muenster.de\/wordpress\/wp-json\/wp\/v2\/posts\/8820\/revisions\/8822"}],"wp:featuredmedia":[{"embeddable":true,"href":"https:\/\/www.fanprojekt-muenster.de\/wordpress\/wp-json\/wp\/v2\/media\/6145"}],"wp:attachment":[{"href":"https:\/\/www.fanprojekt-muenster.de\/wordpress\/wp-json\/wp\/v2\/media?parent=8820"}],"wp:term":[{"taxonomy":"category","embeddable":true,"href":"https:\/\/www.fanprojekt-muenster.de\/wordpress\/wp-json\/wp\/v2\/categories?post=8820"},{"taxonomy":"post_tag","embeddable":true,"href":"https:\/\/www.fanprojekt-muenster.de\/wordpress\/wp-json\/wp\/v2\/tags?post=8820"}],"curies":[{"name":"wp","href":"https:\/\/api.w.org\/{rel}","templated":true}]}}