{"id":8804,"date":"2023-02-08T10:23:13","date_gmt":"2023-02-08T09:23:13","guid":{"rendered":"https:\/\/www.fanprojekt-muenster.de\/wordpress\/?p=8804"},"modified":"2023-02-08T10:23:17","modified_gmt":"2023-02-08T09:23:17","slug":"neujahrsemfang-des-fanprojekt-preussen-muenster-e-v","status":"publish","type":"post","link":"https:\/\/www.fanprojekt-muenster.de\/wordpress\/neujahrsemfang-des-fanprojekt-preussen-muenster-e-v\/","title":{"rendered":"Neujahrsemfang des Fanprojekt Preu\u00dfen M\u00fcnster e.V.\u00a0"},"content":{"rendered":"\n<p><strong>Adler im Herzen: Fans feiern und spenden f\u00fcr Greifv\u00f6gel<\/strong><br><br>Zum allj\u00e4hrlichen Neujahrsempfang des Fanprojekts Preu\u00dfen M\u00fcnster e.V. kamen Ende Januar rund 100 Mitglieder und Fans der Adlertr\u00e4ger, um gemeinsam das Jahr einzul\u00e4uten. Bei Gr\u00fcnkohl und Bier wurde \u00fcber Fu\u00dfball gefachsimpelt und sich euphorisch \u00fcber die aktuell sportliche Lage ausgetauscht. Auch der frisch gew\u00e4hlte Preu\u00dfen-Pr\u00e4sident Dr. Bernward Maasjost und die Spieler der Profimannschaft mischten sich unter die gut gelaunten G\u00e4ste und zeigten wahre Fann\u00e4he.\u00a0<\/p>\n\n\n\n<p>Auch der karitative Gedanke der Veranstaltung sollte nicht zu kurz kommen: Der H\u00f6hepunkt des Abends war die traditionelle Tombola, die im Vorfeld von zahlreichen Unternehmen aus der Region mit attraktiven Sachpreisen unterst\u00fctzt wurde. \u00dcber die Erl\u00f6se in H\u00f6he von 2.000 Euro konnten sich in diesem Jahr der NABU \u2013 Naturschutzbund Deutschland sowie die Jugendabteilung des Vereins, die Preu\u00dfen-YOUNGSTARS freuen. &nbsp;<\/p>\n\n\n\n<p>Melanie Shinwari-Lenk und Christoph Nientiedt vom Fanprojekt \u00fcberreichten die Spenden in der Haupttrib\u00fcne des Preu\u00dfenstadions. Dabei zeigte sich Thorsten Wiegers vom NABU NRW begeistert von der finanziellen Unterst\u00fctzung f\u00fcr die Adlerschutzprojekte des NABU. \u201eBesonders Schrei-, Stein- und Fischadler\u00a0sind bedroht und leiden unter dem R\u00fcckgang ihrer Lebensr\u00e4ume. Daher sind wir dankbar, dass die Preu\u00dfen-Fans unsere Arbeit unterst\u00fctzen und ein Herz f\u00fcr Adler haben!\u201c Auch die YOUNGSTARS wissen das Engagement zu sch\u00e4tzen. Ihre Spende flie\u00dft in ein Lernf\u00f6rderungsprojekt f\u00fcr Nachwuchsspieler.\u00a0<\/p>\n\n\n\n<p><strong>So hilft der NABU den Adlern:\u00a0<\/strong><\/p>\n\n\n\n<p>An erster Stelle steht der Erhalt der Lebensr\u00e4ume: Der NABU kauft und erh\u00e4lt Schutzgebiete wie beispielsweise im Unteren Recknitztal, damit die Adler weiterhin die unber\u00fchrte Natur vorfinden, die sie f\u00fcr die Brut ben\u00f6tigen. &nbsp;<\/p>\n\n\n\n<p>Naturschutz vor Ort: Die NABU-Ortsgruppen sind in ganz Deutschland aktiv f\u00fcr den Adlerschutz, indem sie beispielsweise Schutzgebiete artgerecht pflegen und Brutbest\u00e4nde im Auge behalten. Au\u00dferdem f\u00fchrt der NABU ein Aufzucht- und Auswilderungsprojekt f\u00fcr junge Schreiadler durch. So werden \u00fcberlebensunf\u00e4hige K\u00fcken gesch\u00fctzt.\u00a0 Auch die wissenschaftliche Arbeit tr\u00e4gt zum Schutz der Adler bei: Fisch- und Schreiadler werden vom NABU mit Satellitensendern ausgestattet, um mehr \u00fcber ihr Zugverhalten herauszufinden. Nur so sind wir in der Lage, wichtige Zugwege der Tiere zu sch\u00fctzen. Der NABU macht zudem auf die Gefahren von Strommasten aufmerksam und setzt sich f\u00fcr eine sorgsame und sichere Durchf\u00fchrung bei Netzbetreiber*innen und Entscheidungstr\u00e4ger*innen ein. Au\u00dferdem k\u00e4mpfen die NABU-Aktiven international gegen die illegale Jagd.<\/p>\n\n\n\n<p>Weitere Informationen unter: <a href=\"https:\/\/www.nabu.de\/spenden-und-mitmachen\/patenschaften\/adler\/index.html\">https:\/\/www.nabu.de\/spenden-und-mitmachen\/patenschaften\/adler\/index.html<\/a>\u00a0<br><\/p>\n\n\n\n<figure class=\"wp-block-image size-large\"><img loading=\"lazy\" decoding=\"async\" width=\"1024\" height=\"683\" src=\"https:\/\/www.fanprojekt-muenster.de\/wordpress\/wp-content\/uploads\/2023\/02\/2-Fanprojekt-Preussen-Muenster-1024x683.jpg\" alt=\"Thorsten Wiegers (2.v.l.) vom NABU und Tommy Indlekofer (2.v.r.) von den Preu\u00dfen-YOUNGSTARS freuen sich \u00fcber die finanzielle Unterst\u00fctzung durch das Fanprojekt Preu\u00dfen M\u00fcnster. Christoph Nientiedt (l.) und Melanie Shinwari-Lenk (r.) \u00fcbergaben die Spendensumme in H\u00f6he von 2.000 Euro.\nBildquelle: SC Preu\u00dfen M\u00fcnster\u00a0\" class=\"wp-image-8805\" srcset=\"https:\/\/www.fanprojekt-muenster.de\/wordpress\/wp-content\/uploads\/2023\/02\/2-Fanprojekt-Preussen-Muenster-1024x683.jpg 1024w, https:\/\/www.fanprojekt-muenster.de\/wordpress\/wp-content\/uploads\/2023\/02\/2-Fanprojekt-Preussen-Muenster-300x200.jpg 300w, https:\/\/www.fanprojekt-muenster.de\/wordpress\/wp-content\/uploads\/2023\/02\/2-Fanprojekt-Preussen-Muenster-768x513.jpg 768w, https:\/\/www.fanprojekt-muenster.de\/wordpress\/wp-content\/uploads\/2023\/02\/2-Fanprojekt-Preussen-Muenster-1536x1025.jpg 1536w, https:\/\/www.fanprojekt-muenster.de\/wordpress\/wp-content\/uploads\/2023\/02\/2-Fanprojekt-Preussen-Muenster-2048x1367.jpg 2048w, https:\/\/www.fanprojekt-muenster.de\/wordpress\/wp-content\/uploads\/2023\/02\/2-Fanprojekt-Preussen-Muenster-576x384.jpg 576w\" sizes=\"auto, (max-width: 1024px) 100vw, 1024px\" \/><figcaption class=\"wp-element-caption\">Thorsten Wiegers (2.v.l.) vom NABU und Tommy Indlekofer (2.v.r.) von den Preu\u00dfen-YOUNGSTARS freuen sich \u00fcber die finanzielle Unterst\u00fctzung durch das Fanprojekt Preu\u00dfen M\u00fcnster. Christoph Nientiedt (l.) und Melanie Shinwari-Lenk (r.) \u00fcbergaben die Spendensumme in H\u00f6he von 2.000 Euro.<br>Bildquelle: SC Preu\u00dfen M\u00fcnster\u00a0<br><br><br><\/figcaption><\/figure>\n","protected":false},"excerpt":{"rendered":"<p>Adler im Herzen: Fans feiern und spenden f\u00fcr Greifv\u00f6gel Zum allj\u00e4hrlichen Neujahrsempfang des Fanprojekts Preu\u00dfen M\u00fcnster e.V. kamen Ende Januar rund 100 Mitglieder und Fans der Adlertr\u00e4ger, um gemeinsam das&#8230; <a class=\"read-more-link\" href=\"https:\/\/www.fanprojekt-muenster.de\/wordpress\/neujahrsemfang-des-fanprojekt-preussen-muenster-e-v\/\">Read more &raquo;<\/a><\/p>\n","protected":false},"author":1,"featured_media":8808,"comment_status":"closed","ping_status":"open","sticky":false,"template":"","format":"standard","meta":{"advgb_blocks_editor_width":"","advgb_blocks_columns_visual_guide":"","footnotes":""},"categories":[1],"tags":[],"class_list":["post-8804","post","type-post","status-publish","format-standard","has-post-thumbnail","hentry","category-allgemein"],"featured_image_src":"https:\/\/www.fanprojekt-muenster.de\/wordpress\/wp-content\/uploads\/2023\/02\/bf8cacb2-0c61-41e5-aedd-609032440280.jpg","author_info":{"display_name":"DST","author_link":"https:\/\/www.fanprojekt-muenster.de\/wordpress\/author\/dst\/"},"yoast_head":"<!-- This site is optimized with the Yoast SEO plugin v27.2 - https:\/\/yoast.com\/product\/yoast-seo-wordpress\/ -->\n<title>Neujahrsemfang des Fanprojekt Preu\u00dfen M\u00fcnster e.V.\u00a0 - Fangemeinschaft Preu\u00dfen M\u00fcnster e. V.<\/title>\n<meta name=\"robots\" content=\"index, follow, max-snippet:-1, max-image-preview:large, max-video-preview:-1\" \/>\n<link rel=\"canonical\" href=\"https:\/\/www.fanprojekt-muenster.de\/wordpress\/neujahrsemfang-des-fanprojekt-preussen-muenster-e-v\/\" \/>\n<meta property=\"og:locale\" content=\"de_DE\" \/>\n<meta property=\"og:type\" content=\"article\" \/>\n<meta property=\"og:title\" content=\"Neujahrsemfang des Fanprojekt Preu\u00dfen M\u00fcnster e.V.\u00a0\" \/>\n<meta property=\"og:description\" content=\"Adler im Herzen: Fans feiern und spenden f\u00fcr Greifv\u00f6gel\" \/>\n<meta property=\"og:url\" content=\"https:\/\/www.fanprojekt-muenster.de\/wordpress\/neujahrsemfang-des-fanprojekt-preussen-muenster-e-v\/\" \/>\n<meta property=\"og:site_name\" content=\"Fangemeinschaft Preu\u00dfen M\u00fcnster e. V.\" \/>\n<meta property=\"article:published_time\" content=\"2023-02-08T09:23:13+00:00\" \/>\n<meta property=\"article:modified_time\" content=\"2023-02-08T09:23:17+00:00\" \/>\n<meta property=\"og:image\" content=\"https:\/\/www.fanprojekt-muenster.de\/wordpress\/wp-content\/uploads\/2023\/02\/bf8cacb2-0c61-41e5-aedd-609032440280.jpg\" \/>\n\t<meta property=\"og:image:width\" content=\"1308\" \/>\n\t<meta property=\"og:image:height\" content=\"1599\" \/>\n\t<meta property=\"og:image:type\" content=\"image\/jpeg\" \/>\n<meta name=\"author\" content=\"DST\" \/>\n<meta name=\"twitter:card\" content=\"summary_large_image\" \/>\n<meta name=\"twitter:title\" content=\"Neujahrsemfang des Fanprojekt Preu\u00dfen M\u00fcnster e.V.\u00a0\" \/>\n<meta name=\"twitter:description\" content=\"Adler im Herzen: Fans feiern und spenden f\u00fcr Greifv\u00f6gel\" \/>\n<meta name=\"twitter:image\" content=\"https:\/\/www.fanprojekt-muenster.de\/wordpress\/wp-content\/uploads\/2023\/02\/bf8cacb2-0c61-41e5-aedd-609032440280.jpg\" \/>\n<meta name=\"twitter:label1\" content=\"Verfasst von\" \/>\n\t<meta name=\"twitter:data1\" content=\"DST\" \/>\n\t<meta name=\"twitter:label2\" content=\"Gesch\u00e4tzte Lesezeit\" \/>\n\t<meta name=\"twitter:data2\" content=\"3\u00a0Minuten\" \/>\n<script type=\"application\/ld+json\" class=\"yoast-schema-graph\">{\"@context\":\"https:\/\/schema.org\",\"@graph\":[{\"@type\":\"Article\",\"@id\":\"https:\/\/www.fanprojekt-muenster.de\/wordpress\/neujahrsemfang-des-fanprojekt-preussen-muenster-e-v\/#article\",\"isPartOf\":{\"@id\":\"https:\/\/www.fanprojekt-muenster.de\/wordpress\/neujahrsemfang-des-fanprojekt-preussen-muenster-e-v\/\"},\"author\":{\"name\":\"DST\",\"@id\":\"https:\/\/www.fanprojekt-muenster.de\/wordpress\/#\/schema\/person\/eed51304a869b4de494727cd2e0c8203\"},\"headline\":\"Neujahrsemfang des Fanprojekt Preu\u00dfen M\u00fcnster e.V.\u00a0\",\"datePublished\":\"2023-02-08T09:23:13+00:00\",\"dateModified\":\"2023-02-08T09:23:17+00:00\",\"mainEntityOfPage\":{\"@id\":\"https:\/\/www.fanprojekt-muenster.de\/wordpress\/neujahrsemfang-des-fanprojekt-preussen-muenster-e-v\/\"},\"wordCount\":487,\"publisher\":{\"@id\":\"https:\/\/www.fanprojekt-muenster.de\/wordpress\/#organization\"},\"image\":{\"@id\":\"https:\/\/www.fanprojekt-muenster.de\/wordpress\/neujahrsemfang-des-fanprojekt-preussen-muenster-e-v\/#primaryimage\"},\"thumbnailUrl\":\"https:\/\/www.fanprojekt-muenster.de\/wordpress\/wp-content\/uploads\/2023\/02\/bf8cacb2-0c61-41e5-aedd-609032440280.jpg\",\"inLanguage\":\"de\"},{\"@type\":\"WebPage\",\"@id\":\"https:\/\/www.fanprojekt-muenster.de\/wordpress\/neujahrsemfang-des-fanprojekt-preussen-muenster-e-v\/\",\"url\":\"https:\/\/www.fanprojekt-muenster.de\/wordpress\/neujahrsemfang-des-fanprojekt-preussen-muenster-e-v\/\",\"name\":\"Neujahrsemfang des Fanprojekt Preu\u00dfen M\u00fcnster e.V.\u00a0 - Fangemeinschaft Preu\u00dfen M\u00fcnster e. V.\",\"isPartOf\":{\"@id\":\"https:\/\/www.fanprojekt-muenster.de\/wordpress\/#website\"},\"primaryImageOfPage\":{\"@id\":\"https:\/\/www.fanprojekt-muenster.de\/wordpress\/neujahrsemfang-des-fanprojekt-preussen-muenster-e-v\/#primaryimage\"},\"image\":{\"@id\":\"https:\/\/www.fanprojekt-muenster.de\/wordpress\/neujahrsemfang-des-fanprojekt-preussen-muenster-e-v\/#primaryimage\"},\"thumbnailUrl\":\"https:\/\/www.fanprojekt-muenster.de\/wordpress\/wp-content\/uploads\/2023\/02\/bf8cacb2-0c61-41e5-aedd-609032440280.jpg\",\"datePublished\":\"2023-02-08T09:23:13+00:00\",\"dateModified\":\"2023-02-08T09:23:17+00:00\",\"breadcrumb\":{\"@id\":\"https:\/\/www.fanprojekt-muenster.de\/wordpress\/neujahrsemfang-des-fanprojekt-preussen-muenster-e-v\/#breadcrumb\"},\"inLanguage\":\"de\",\"potentialAction\":[{\"@type\":\"ReadAction\",\"target\":[\"https:\/\/www.fanprojekt-muenster.de\/wordpress\/neujahrsemfang-des-fanprojekt-preussen-muenster-e-v\/\"]}]},{\"@type\":\"ImageObject\",\"inLanguage\":\"de\",\"@id\":\"https:\/\/www.fanprojekt-muenster.de\/wordpress\/neujahrsemfang-des-fanprojekt-preussen-muenster-e-v\/#primaryimage\",\"url\":\"https:\/\/www.fanprojekt-muenster.de\/wordpress\/wp-content\/uploads\/2023\/02\/bf8cacb2-0c61-41e5-aedd-609032440280.jpg\",\"contentUrl\":\"https:\/\/www.fanprojekt-muenster.de\/wordpress\/wp-content\/uploads\/2023\/02\/bf8cacb2-0c61-41e5-aedd-609032440280.jpg\",\"width\":1308,\"height\":1599},{\"@type\":\"BreadcrumbList\",\"@id\":\"https:\/\/www.fanprojekt-muenster.de\/wordpress\/neujahrsemfang-des-fanprojekt-preussen-muenster-e-v\/#breadcrumb\",\"itemListElement\":[{\"@type\":\"ListItem\",\"position\":1,\"name\":\"Startseite\",\"item\":\"https:\/\/www.fanprojekt-muenster.de\/wordpress\/\"},{\"@type\":\"ListItem\",\"position\":2,\"name\":\"Neujahrsemfang des Fanprojekt Preu\u00dfen M\u00fcnster e.V.\u00a0\"}]},{\"@type\":\"WebSite\",\"@id\":\"https:\/\/www.fanprojekt-muenster.de\/wordpress\/#website\",\"url\":\"https:\/\/www.fanprojekt-muenster.de\/wordpress\/\",\"name\":\"Fangemeinschaft Preu\u00dfen M\u00fcnster e. V.\",\"description\":\"\",\"publisher\":{\"@id\":\"https:\/\/www.fanprojekt-muenster.de\/wordpress\/#organization\"},\"potentialAction\":[{\"@type\":\"SearchAction\",\"target\":{\"@type\":\"EntryPoint\",\"urlTemplate\":\"https:\/\/www.fanprojekt-muenster.de\/wordpress\/?s={search_term_string}\"},\"query-input\":{\"@type\":\"PropertyValueSpecification\",\"valueRequired\":true,\"valueName\":\"search_term_string\"}}],\"inLanguage\":\"de\"},{\"@type\":\"Organization\",\"@id\":\"https:\/\/www.fanprojekt-muenster.de\/wordpress\/#organization\",\"name\":\"Fangemeinschaft Preu\u00dfen M\u00fcnster e. V.\",\"url\":\"https:\/\/www.fanprojekt-muenster.de\/wordpress\/\",\"logo\":{\"@type\":\"ImageObject\",\"inLanguage\":\"de\",\"@id\":\"https:\/\/www.fanprojekt-muenster.de\/wordpress\/#\/schema\/logo\/image\/\",\"url\":\"https:\/\/www.fanprojekt-muenster.de\/wordpress\/wp-content\/uploads\/2019\/07\/cropped-Website_Logo3-9.png\",\"contentUrl\":\"https:\/\/www.fanprojekt-muenster.de\/wordpress\/wp-content\/uploads\/2019\/07\/cropped-Website_Logo3-9.png\",\"width\":224,\"height\":42,\"caption\":\"Fangemeinschaft Preu\u00dfen M\u00fcnster e. V.\"},\"image\":{\"@id\":\"https:\/\/www.fanprojekt-muenster.de\/wordpress\/#\/schema\/logo\/image\/\"}},{\"@type\":\"Person\",\"@id\":\"https:\/\/www.fanprojekt-muenster.de\/wordpress\/#\/schema\/person\/eed51304a869b4de494727cd2e0c8203\",\"name\":\"DST\",\"url\":\"https:\/\/www.fanprojekt-muenster.de\/wordpress\/author\/dst\/\"}]}<\/script>\n<!-- \/ Yoast SEO plugin. -->","yoast_head_json":{"title":"Neujahrsemfang des Fanprojekt Preu\u00dfen M\u00fcnster e.V.\u00a0 - Fangemeinschaft Preu\u00dfen M\u00fcnster e. V.","robots":{"index":"index","follow":"follow","max-snippet":"max-snippet:-1","max-image-preview":"max-image-preview:large","max-video-preview":"max-video-preview:-1"},"canonical":"https:\/\/www.fanprojekt-muenster.de\/wordpress\/neujahrsemfang-des-fanprojekt-preussen-muenster-e-v\/","og_locale":"de_DE","og_type":"article","og_title":"Neujahrsemfang des Fanprojekt Preu\u00dfen M\u00fcnster e.V.\u00a0","og_description":"Adler im Herzen: Fans feiern und spenden f\u00fcr Greifv\u00f6gel","og_url":"https:\/\/www.fanprojekt-muenster.de\/wordpress\/neujahrsemfang-des-fanprojekt-preussen-muenster-e-v\/","og_site_name":"Fangemeinschaft Preu\u00dfen M\u00fcnster e. V.","article_published_time":"2023-02-08T09:23:13+00:00","article_modified_time":"2023-02-08T09:23:17+00:00","og_image":[{"width":1308,"height":1599,"url":"https:\/\/www.fanprojekt-muenster.de\/wordpress\/wp-content\/uploads\/2023\/02\/bf8cacb2-0c61-41e5-aedd-609032440280.jpg","type":"image\/jpeg"}],"author":"DST","twitter_card":"summary_large_image","twitter_title":"Neujahrsemfang des Fanprojekt Preu\u00dfen M\u00fcnster e.V.\u00a0","twitter_description":"Adler im Herzen: Fans feiern und spenden f\u00fcr Greifv\u00f6gel","twitter_image":"https:\/\/www.fanprojekt-muenster.de\/wordpress\/wp-content\/uploads\/2023\/02\/bf8cacb2-0c61-41e5-aedd-609032440280.jpg","twitter_misc":{"Verfasst von":"DST","Gesch\u00e4tzte Lesezeit":"3\u00a0Minuten"},"schema":{"@context":"https:\/\/schema.org","@graph":[{"@type":"Article","@id":"https:\/\/www.fanprojekt-muenster.de\/wordpress\/neujahrsemfang-des-fanprojekt-preussen-muenster-e-v\/#article","isPartOf":{"@id":"https:\/\/www.fanprojekt-muenster.de\/wordpress\/neujahrsemfang-des-fanprojekt-preussen-muenster-e-v\/"},"author":{"name":"DST","@id":"https:\/\/www.fanprojekt-muenster.de\/wordpress\/#\/schema\/person\/eed51304a869b4de494727cd2e0c8203"},"headline":"Neujahrsemfang des Fanprojekt Preu\u00dfen M\u00fcnster e.V.\u00a0","datePublished":"2023-02-08T09:23:13+00:00","dateModified":"2023-02-08T09:23:17+00:00","mainEntityOfPage":{"@id":"https:\/\/www.fanprojekt-muenster.de\/wordpress\/neujahrsemfang-des-fanprojekt-preussen-muenster-e-v\/"},"wordCount":487,"publisher":{"@id":"https:\/\/www.fanprojekt-muenster.de\/wordpress\/#organization"},"image":{"@id":"https:\/\/www.fanprojekt-muenster.de\/wordpress\/neujahrsemfang-des-fanprojekt-preussen-muenster-e-v\/#primaryimage"},"thumbnailUrl":"https:\/\/www.fanprojekt-muenster.de\/wordpress\/wp-content\/uploads\/2023\/02\/bf8cacb2-0c61-41e5-aedd-609032440280.jpg","inLanguage":"de"},{"@type":"WebPage","@id":"https:\/\/www.fanprojekt-muenster.de\/wordpress\/neujahrsemfang-des-fanprojekt-preussen-muenster-e-v\/","url":"https:\/\/www.fanprojekt-muenster.de\/wordpress\/neujahrsemfang-des-fanprojekt-preussen-muenster-e-v\/","name":"Neujahrsemfang des Fanprojekt Preu\u00dfen M\u00fcnster e.V.\u00a0 - Fangemeinschaft Preu\u00dfen M\u00fcnster e. V.","isPartOf":{"@id":"https:\/\/www.fanprojekt-muenster.de\/wordpress\/#website"},"primaryImageOfPage":{"@id":"https:\/\/www.fanprojekt-muenster.de\/wordpress\/neujahrsemfang-des-fanprojekt-preussen-muenster-e-v\/#primaryimage"},"image":{"@id":"https:\/\/www.fanprojekt-muenster.de\/wordpress\/neujahrsemfang-des-fanprojekt-preussen-muenster-e-v\/#primaryimage"},"thumbnailUrl":"https:\/\/www.fanprojekt-muenster.de\/wordpress\/wp-content\/uploads\/2023\/02\/bf8cacb2-0c61-41e5-aedd-609032440280.jpg","datePublished":"2023-02-08T09:23:13+00:00","dateModified":"2023-02-08T09:23:17+00:00","breadcrumb":{"@id":"https:\/\/www.fanprojekt-muenster.de\/wordpress\/neujahrsemfang-des-fanprojekt-preussen-muenster-e-v\/#breadcrumb"},"inLanguage":"de","potentialAction":[{"@type":"ReadAction","target":["https:\/\/www.fanprojekt-muenster.de\/wordpress\/neujahrsemfang-des-fanprojekt-preussen-muenster-e-v\/"]}]},{"@type":"ImageObject","inLanguage":"de","@id":"https:\/\/www.fanprojekt-muenster.de\/wordpress\/neujahrsemfang-des-fanprojekt-preussen-muenster-e-v\/#primaryimage","url":"https:\/\/www.fanprojekt-muenster.de\/wordpress\/wp-content\/uploads\/2023\/02\/bf8cacb2-0c61-41e5-aedd-609032440280.jpg","contentUrl":"https:\/\/www.fanprojekt-muenster.de\/wordpress\/wp-content\/uploads\/2023\/02\/bf8cacb2-0c61-41e5-aedd-609032440280.jpg","width":1308,"height":1599},{"@type":"BreadcrumbList","@id":"https:\/\/www.fanprojekt-muenster.de\/wordpress\/neujahrsemfang-des-fanprojekt-preussen-muenster-e-v\/#breadcrumb","itemListElement":[{"@type":"ListItem","position":1,"name":"Startseite","item":"https:\/\/www.fanprojekt-muenster.de\/wordpress\/"},{"@type":"ListItem","position":2,"name":"Neujahrsemfang des Fanprojekt Preu\u00dfen M\u00fcnster e.V.\u00a0"}]},{"@type":"WebSite","@id":"https:\/\/www.fanprojekt-muenster.de\/wordpress\/#website","url":"https:\/\/www.fanprojekt-muenster.de\/wordpress\/","name":"Fangemeinschaft Preu\u00dfen M\u00fcnster e. V.","description":"","publisher":{"@id":"https:\/\/www.fanprojekt-muenster.de\/wordpress\/#organization"},"potentialAction":[{"@type":"SearchAction","target":{"@type":"EntryPoint","urlTemplate":"https:\/\/www.fanprojekt-muenster.de\/wordpress\/?s={search_term_string}"},"query-input":{"@type":"PropertyValueSpecification","valueRequired":true,"valueName":"search_term_string"}}],"inLanguage":"de"},{"@type":"Organization","@id":"https:\/\/www.fanprojekt-muenster.de\/wordpress\/#organization","name":"Fangemeinschaft Preu\u00dfen M\u00fcnster e. V.","url":"https:\/\/www.fanprojekt-muenster.de\/wordpress\/","logo":{"@type":"ImageObject","inLanguage":"de","@id":"https:\/\/www.fanprojekt-muenster.de\/wordpress\/#\/schema\/logo\/image\/","url":"https:\/\/www.fanprojekt-muenster.de\/wordpress\/wp-content\/uploads\/2019\/07\/cropped-Website_Logo3-9.png","contentUrl":"https:\/\/www.fanprojekt-muenster.de\/wordpress\/wp-content\/uploads\/2019\/07\/cropped-Website_Logo3-9.png","width":224,"height":42,"caption":"Fangemeinschaft Preu\u00dfen M\u00fcnster e. V."},"image":{"@id":"https:\/\/www.fanprojekt-muenster.de\/wordpress\/#\/schema\/logo\/image\/"}},{"@type":"Person","@id":"https:\/\/www.fanprojekt-muenster.de\/wordpress\/#\/schema\/person\/eed51304a869b4de494727cd2e0c8203","name":"DST","url":"https:\/\/www.fanprojekt-muenster.de\/wordpress\/author\/dst\/"}]}},"author_meta":{"display_name":"DST","author_link":"https:\/\/www.fanprojekt-muenster.de\/wordpress\/author\/dst\/"},"featured_img":"https:\/\/www.fanprojekt-muenster.de\/wordpress\/wp-content\/uploads\/2023\/02\/bf8cacb2-0c61-41e5-aedd-609032440280-245x300.jpg","coauthors":[],"tax_additional":{"categories":{"linked":["<a href=\"https:\/\/www.fanprojekt-muenster.de\/wordpress\/category\/allgemein\/\" class=\"advgb-post-tax-term\">Allgemein<\/a>"],"unlinked":["<span class=\"advgb-post-tax-term\">Allgemein<\/span>"]}},"comment_count":"0","relative_dates":{"created":"Posted 3\u00a0Jahren ago","modified":"Updated 3\u00a0Jahren ago"},"absolute_dates":{"created":"Posted on 8. Februar 2023","modified":"Updated on 8. Februar 2023"},"absolute_dates_time":{"created":"Posted on 8. Februar 2023 10:23","modified":"Updated on 8. Februar 2023 10:23"},"featured_img_caption":"","series_order":"","_links":{"self":[{"href":"https:\/\/www.fanprojekt-muenster.de\/wordpress\/wp-json\/wp\/v2\/posts\/8804","targetHints":{"allow":["GET"]}}],"collection":[{"href":"https:\/\/www.fanprojekt-muenster.de\/wordpress\/wp-json\/wp\/v2\/posts"}],"about":[{"href":"https:\/\/www.fanprojekt-muenster.de\/wordpress\/wp-json\/wp\/v2\/types\/post"}],"author":[{"embeddable":true,"href":"https:\/\/www.fanprojekt-muenster.de\/wordpress\/wp-json\/wp\/v2\/users\/1"}],"replies":[{"embeddable":true,"href":"https:\/\/www.fanprojekt-muenster.de\/wordpress\/wp-json\/wp\/v2\/comments?post=8804"}],"version-history":[{"count":2,"href":"https:\/\/www.fanprojekt-muenster.de\/wordpress\/wp-json\/wp\/v2\/posts\/8804\/revisions"}],"predecessor-version":[{"id":8807,"href":"https:\/\/www.fanprojekt-muenster.de\/wordpress\/wp-json\/wp\/v2\/posts\/8804\/revisions\/8807"}],"wp:featuredmedia":[{"embeddable":true,"href":"https:\/\/www.fanprojekt-muenster.de\/wordpress\/wp-json\/wp\/v2\/media\/8808"}],"wp:attachment":[{"href":"https:\/\/www.fanprojekt-muenster.de\/wordpress\/wp-json\/wp\/v2\/media?parent=8804"}],"wp:term":[{"taxonomy":"category","embeddable":true,"href":"https:\/\/www.fanprojekt-muenster.de\/wordpress\/wp-json\/wp\/v2\/categories?post=8804"},{"taxonomy":"post_tag","embeddable":true,"href":"https:\/\/www.fanprojekt-muenster.de\/wordpress\/wp-json\/wp\/v2\/tags?post=8804"}],"curies":[{"name":"wp","href":"https:\/\/api.w.org\/{rel}","templated":true}]}}