{"id":8782,"date":"2023-02-03T22:08:23","date_gmt":"2023-02-03T21:08:23","guid":{"rendered":"https:\/\/www.fanprojekt-muenster.de\/wordpress\/?p=8782"},"modified":"2023-02-04T20:55:48","modified_gmt":"2023-02-04T19:55:48","slug":"doppelter-besuch-vom-praesidium","status":"publish","type":"post","link":"https:\/\/www.fanprojekt-muenster.de\/wordpress\/doppelter-besuch-vom-praesidium\/","title":{"rendered":"Doppelter Besuch vom Pr\u00e4sidium"},"content":{"rendered":"<p>Am Sonntag geht es gegen die Alemannia aus Aachen zum ersten Mal 2023 wieder um Punkte und auch der Fancontainer (Zuwegung rechts neben den Kassenh\u00e4uschen) wird wieder ge\u00f6ffnet sein: 90 min vor Anpfiff und 90 min nach Abpfiff f\u00fcr Schnack und Kaltgetr\u00e4nk(e). Und zum Auftakt gleich mit einer kleinen \u00dcberaschung: <strong>Das neue Pr\u00e4sidium des SC Preu\u00dfen 1906 e.V. M\u00fcnster hat sich angek\u00fcndigt!<\/strong> So soll nach der f\u00fcr SCP-Mitglieder exklusiven Veranstaltung am vergangenen Mittwoch der pers\u00f6nliche Austausch in freierer Runde fortgesetzt werden. Wir vom Fanprojekt-Vorstand begr\u00fc\u00dfen diese Art der Kontaktm\u00f6glichkeit ausdr\u00fccklich und freuen uns auf (hoffentlich) rege Teilnahme und gute Gespr\u00e4che!<\/p>\n<p>Dies ist aber nicht der erste Besuch der neuen Verantwortlichen im Hauptverein beim Fanprojekt: bereits am Samstag beim <strong>Neujahrsempfang<\/strong> waren einige Mitglieder dieses Gremium zu Gast. Pr\u00e4sident Dr. Bernward Maasjost z.B. stand zu Beginn Carsten und Marc Andr\u00e9, die als Moderatoren durch den Abend f\u00fchrten, Rede und Antwort. Nach leckerem Buffet mit Gr\u00fcnkohl und verschiedenen Pastavarianten rauchten den rund 90 anwesenden G\u00e4sten zun\u00e4chst bei einem Preu\u00dfen-Quiz die K\u00f6pfe, um die von Marc Andr\u00e9 abgefragten historischen und aktuellen Fakten parieren zu k\u00f6nnen.<\/p>\n<p>Bevor es locker ausklang, hie\u00df es aber noch flei\u00dfig Lose ziehen und Preise verteilen. Das dauerte zwar keine 06 Stunden, sorgte aber trotzdem f\u00fcr reichlich Kurzweil und Freude. Bedanken m\u00f6chten wir uns bei den beiden Losfeen Nilo und Claudia, aber vor allem bei Christoph, ohne dessen Kontakte und unersch\u00fctterlichen Eifer eine solche Tombola schlichtweg nicht m\u00f6glich w\u00e4re! Und nat\u00fcrlich auch den Sponsoren f\u00fcr Ihre Unterst\u00fctzung:<\/p>\n<ul style=\"list-style: none; margin-left: 06em;\">\n<li>AGRAVIS Raiffeisen<\/li>\n<li>Allwetterzoo M\u00fcnster<\/li>\n<li>Antenne M\u00fcnster<\/li>\n<li>Aral Tankstelle<\/li>\n<li>Aschendorff Verlag<\/li>\n<li>Atlantic Hotel<\/li>\n<li>Bechtle AG<\/li>\n<li>Bodrum Grill<\/li>\n<li>Caf\u00e9 &amp; B\u00e4ckerei B\u00f6lling<\/li>\n<li>Cineplex M\u00fcnster<\/li>\n<li>Deckenbrocks Kleiner Kiepenkerl<\/li>\n<li>Der gute B\u00e4cker H. Krimphove<\/li>\n<li>druck-drauf<\/li>\n<li>FANHILE M\u00dcNSTER<\/li>\n<li>Fede Nerblo<\/li>\n<li>feine art<\/li>\n<li>FIEGE Logistic<\/li>\n<li>Fr\u00fch bis sp\u00e4t &#8211; Restaurant &amp; Bar<\/li>\n<li>Gaarmann Overhaus Container<\/li>\n<li>Gazelle Club<\/li>\n<li>GOP Variet\u00e9-Theater M\u00fcnster<\/li>\n<li>Gorilla Bar<\/li>\n<li>Green Hell Records<\/li>\n<li>Heile Welt<\/li>\n<li>HEINZ training<\/li>\n<li>HomeBeis<\/li>\n<li>ISFORT B\u00fcroTIPP!<\/li>\n<li>Leezen Heroes<\/li>\n<li>LWL-Museum f\u00fcr Naturkunde<\/li>\n<li>MeisterSinger<\/li>\n<li>Moskito Promotion \/ Grover Records<\/li>\n<li>M\u00fcnster 4 Life<\/li>\n<li>M\u00fcnster Blackhawks American Football e.V.<\/li>\n<li>Mutter Birken &#8211; Zu Hause im Kreuzviertel<\/li>\n<li>Nordsch\u00e4nke &#8211; Die Sportkneipe im Kreuzviertel<\/li>\n<li>Nordwest Dental<\/li>\n<li>[pma:] Finanz- und Versicherungsmakler<\/li>\n<li>Produktpalette 24<\/li>\n<li>REWE Superm\u00e4rkte<\/li>\n<li>SC Preu\u00dfen 06 e.V. M\u00fcnster<\/li>\n<li>Segelschule Overschmidt<\/li>\n<li>SIEVERS-GROUP<\/li>\n<li>Sparkasse M\u00fcnsterland Ost<\/li>\n<li>Spooky&#8217;s &#8211; die Rock- und Blueskneipe<\/li>\n<li>Stadtwerke M\u00fcnster<\/li>\n<li>trinkgut Getr\u00e4nkemarkt Erbas<\/li>\n<li>USC M\u00fcnster e.V.<\/li>\n<li>Volksbak M\u00fcnsterland Nord<\/li>\n<li>WARSTEINER<\/li>\n<li>Weinhandlung Nientiedt<\/li>\n<li>WWU Baskets<\/li>\n<\/ul>\n<p>Der Erl\u00f6s wird diesmal aufgeteilt werden: 1500 \u20ac gehen an den NABU zur Erhaltung von Lebensraum f\u00fcr Adler (https:\/\/www.nabu.de\/spenden-und-mitmachen\/patenschaften\/adler\/) und 500 \u20ac an ein Projekt der Youngstars.<\/p>\n<p>Insgesamt wieder ein gelungener Jahresauftakt und entspannter Atmosph\u00e4re.<\/p>\n","protected":false},"excerpt":{"rendered":"<p>Am Sonntag geht es gegen die Alemannia aus Aachen zum ersten Mal 2023 wieder um Punkte und auch der Fancontainer (Zuwegung rechts neben den Kassenh\u00e4uschen) wird wieder ge\u00f6ffnet sein: 90&#8230; <a class=\"read-more-link\" href=\"https:\/\/www.fanprojekt-muenster.de\/wordpress\/doppelter-besuch-vom-praesidium\/\">Read more &raquo;<\/a><\/p>\n","protected":false},"author":7,"featured_media":7136,"comment_status":"closed","ping_status":"open","sticky":false,"template":"","format":"standard","meta":{"advgb_blocks_editor_width":"","advgb_blocks_columns_visual_guide":"","footnotes":""},"categories":[3,16],"tags":[],"class_list":["post-8782","post","type-post","status-publish","format-standard","has-post-thumbnail","hentry","category-aktuelles","category-veranstaltungen"],"featured_image_src":"https:\/\/www.fanprojekt-muenster.de\/wordpress\/wp-content\/uploads\/2020\/04\/20181215_122955-scaled.jpg","author_info":{"display_name":"CJO","author_link":"https:\/\/www.fanprojekt-muenster.de\/wordpress\/author\/jogy\/"},"yoast_head":"<!-- This site is optimized with the Yoast SEO plugin v27.2 - https:\/\/yoast.com\/product\/yoast-seo-wordpress\/ -->\n<title>Doppelter Besuch vom Pr\u00e4sidium - Fangemeinschaft Preu\u00dfen M\u00fcnster e. V.<\/title>\n<meta name=\"robots\" content=\"index, follow, max-snippet:-1, max-image-preview:large, max-video-preview:-1\" \/>\n<link rel=\"canonical\" href=\"https:\/\/www.fanprojekt-muenster.de\/wordpress\/doppelter-besuch-vom-praesidium\/\" \/>\n<meta property=\"og:locale\" content=\"de_DE\" \/>\n<meta property=\"og:type\" content=\"article\" \/>\n<meta property=\"og:title\" content=\"Doppelter Besuch vom Pr\u00e4sidium - Fangemeinschaft Preu\u00dfen M\u00fcnster e. V.\" \/>\n<meta property=\"og:description\" content=\"Am Sonntag geht es gegen die Alemannia aus Aachen zum ersten Mal 2023 wieder um Punkte und auch der Fancontainer (Zuwegung rechts neben den Kassenh\u00e4uschen) wird wieder ge\u00f6ffnet sein: 90... Read more &raquo;\" \/>\n<meta property=\"og:url\" content=\"https:\/\/www.fanprojekt-muenster.de\/wordpress\/doppelter-besuch-vom-praesidium\/\" \/>\n<meta property=\"og:site_name\" content=\"Fangemeinschaft Preu\u00dfen M\u00fcnster e. V.\" \/>\n<meta property=\"article:published_time\" content=\"2023-02-03T21:08:23+00:00\" \/>\n<meta property=\"article:modified_time\" content=\"2023-02-04T19:55:48+00:00\" \/>\n<meta property=\"og:image\" content=\"https:\/\/www.fanprojekt-muenster.de\/wordpress\/wp-content\/uploads\/2020\/04\/20181215_122955-scaled.jpg\" \/>\n\t<meta property=\"og:image:width\" content=\"2560\" \/>\n\t<meta property=\"og:image:height\" content=\"1920\" \/>\n\t<meta property=\"og:image:type\" content=\"image\/jpeg\" \/>\n<meta name=\"author\" content=\"CJO\" \/>\n<meta name=\"twitter:card\" content=\"summary_large_image\" \/>\n<meta name=\"twitter:label1\" content=\"Verfasst von\" \/>\n\t<meta name=\"twitter:data1\" content=\"CJO\" \/>\n\t<meta name=\"twitter:label2\" content=\"Gesch\u00e4tzte Lesezeit\" \/>\n\t<meta name=\"twitter:data2\" content=\"3\u00a0Minuten\" \/>\n<script type=\"application\/ld+json\" class=\"yoast-schema-graph\">{\"@context\":\"https:\/\/schema.org\",\"@graph\":[{\"@type\":\"Article\",\"@id\":\"https:\/\/www.fanprojekt-muenster.de\/wordpress\/doppelter-besuch-vom-praesidium\/#article\",\"isPartOf\":{\"@id\":\"https:\/\/www.fanprojekt-muenster.de\/wordpress\/doppelter-besuch-vom-praesidium\/\"},\"author\":{\"name\":\"CJO\",\"@id\":\"https:\/\/www.fanprojekt-muenster.de\/wordpress\/#\/schema\/person\/744936f7caad5b07423673506682ba59\"},\"headline\":\"Doppelter Besuch vom Pr\u00e4sidium\",\"datePublished\":\"2023-02-03T21:08:23+00:00\",\"dateModified\":\"2023-02-04T19:55:48+00:00\",\"mainEntityOfPage\":{\"@id\":\"https:\/\/www.fanprojekt-muenster.de\/wordpress\/doppelter-besuch-vom-praesidium\/\"},\"wordCount\":484,\"publisher\":{\"@id\":\"https:\/\/www.fanprojekt-muenster.de\/wordpress\/#organization\"},\"image\":{\"@id\":\"https:\/\/www.fanprojekt-muenster.de\/wordpress\/doppelter-besuch-vom-praesidium\/#primaryimage\"},\"thumbnailUrl\":\"https:\/\/www.fanprojekt-muenster.de\/wordpress\/wp-content\/uploads\/2020\/04\/20181215_122955-scaled.jpg\",\"articleSection\":[\"Aktuelles\",\"Veranstaltungen\"],\"inLanguage\":\"de\"},{\"@type\":\"WebPage\",\"@id\":\"https:\/\/www.fanprojekt-muenster.de\/wordpress\/doppelter-besuch-vom-praesidium\/\",\"url\":\"https:\/\/www.fanprojekt-muenster.de\/wordpress\/doppelter-besuch-vom-praesidium\/\",\"name\":\"Doppelter Besuch vom Pr\u00e4sidium - Fangemeinschaft Preu\u00dfen M\u00fcnster e. V.\",\"isPartOf\":{\"@id\":\"https:\/\/www.fanprojekt-muenster.de\/wordpress\/#website\"},\"primaryImageOfPage\":{\"@id\":\"https:\/\/www.fanprojekt-muenster.de\/wordpress\/doppelter-besuch-vom-praesidium\/#primaryimage\"},\"image\":{\"@id\":\"https:\/\/www.fanprojekt-muenster.de\/wordpress\/doppelter-besuch-vom-praesidium\/#primaryimage\"},\"thumbnailUrl\":\"https:\/\/www.fanprojekt-muenster.de\/wordpress\/wp-content\/uploads\/2020\/04\/20181215_122955-scaled.jpg\",\"datePublished\":\"2023-02-03T21:08:23+00:00\",\"dateModified\":\"2023-02-04T19:55:48+00:00\",\"breadcrumb\":{\"@id\":\"https:\/\/www.fanprojekt-muenster.de\/wordpress\/doppelter-besuch-vom-praesidium\/#breadcrumb\"},\"inLanguage\":\"de\",\"potentialAction\":[{\"@type\":\"ReadAction\",\"target\":[\"https:\/\/www.fanprojekt-muenster.de\/wordpress\/doppelter-besuch-vom-praesidium\/\"]}]},{\"@type\":\"ImageObject\",\"inLanguage\":\"de\",\"@id\":\"https:\/\/www.fanprojekt-muenster.de\/wordpress\/doppelter-besuch-vom-praesidium\/#primaryimage\",\"url\":\"https:\/\/www.fanprojekt-muenster.de\/wordpress\/wp-content\/uploads\/2020\/04\/20181215_122955-scaled.jpg\",\"contentUrl\":\"https:\/\/www.fanprojekt-muenster.de\/wordpress\/wp-content\/uploads\/2020\/04\/20181215_122955-scaled.jpg\",\"width\":2560,\"height\":1920},{\"@type\":\"BreadcrumbList\",\"@id\":\"https:\/\/www.fanprojekt-muenster.de\/wordpress\/doppelter-besuch-vom-praesidium\/#breadcrumb\",\"itemListElement\":[{\"@type\":\"ListItem\",\"position\":1,\"name\":\"Startseite\",\"item\":\"https:\/\/www.fanprojekt-muenster.de\/wordpress\/\"},{\"@type\":\"ListItem\",\"position\":2,\"name\":\"Doppelter Besuch vom Pr\u00e4sidium\"}]},{\"@type\":\"WebSite\",\"@id\":\"https:\/\/www.fanprojekt-muenster.de\/wordpress\/#website\",\"url\":\"https:\/\/www.fanprojekt-muenster.de\/wordpress\/\",\"name\":\"Fangemeinschaft Preu\u00dfen M\u00fcnster e. V.\",\"description\":\"\",\"publisher\":{\"@id\":\"https:\/\/www.fanprojekt-muenster.de\/wordpress\/#organization\"},\"potentialAction\":[{\"@type\":\"SearchAction\",\"target\":{\"@type\":\"EntryPoint\",\"urlTemplate\":\"https:\/\/www.fanprojekt-muenster.de\/wordpress\/?s={search_term_string}\"},\"query-input\":{\"@type\":\"PropertyValueSpecification\",\"valueRequired\":true,\"valueName\":\"search_term_string\"}}],\"inLanguage\":\"de\"},{\"@type\":\"Organization\",\"@id\":\"https:\/\/www.fanprojekt-muenster.de\/wordpress\/#organization\",\"name\":\"Fangemeinschaft Preu\u00dfen M\u00fcnster e. V.\",\"url\":\"https:\/\/www.fanprojekt-muenster.de\/wordpress\/\",\"logo\":{\"@type\":\"ImageObject\",\"inLanguage\":\"de\",\"@id\":\"https:\/\/www.fanprojekt-muenster.de\/wordpress\/#\/schema\/logo\/image\/\",\"url\":\"https:\/\/www.fanprojekt-muenster.de\/wordpress\/wp-content\/uploads\/2019\/07\/cropped-Website_Logo3-9.png\",\"contentUrl\":\"https:\/\/www.fanprojekt-muenster.de\/wordpress\/wp-content\/uploads\/2019\/07\/cropped-Website_Logo3-9.png\",\"width\":224,\"height\":42,\"caption\":\"Fangemeinschaft Preu\u00dfen M\u00fcnster e. V.\"},\"image\":{\"@id\":\"https:\/\/www.fanprojekt-muenster.de\/wordpress\/#\/schema\/logo\/image\/\"}},{\"@type\":\"Person\",\"@id\":\"https:\/\/www.fanprojekt-muenster.de\/wordpress\/#\/schema\/person\/744936f7caad5b07423673506682ba59\",\"name\":\"CJO\",\"url\":\"https:\/\/www.fanprojekt-muenster.de\/wordpress\/author\/jogy\/\"}]}<\/script>\n<!-- \/ Yoast SEO plugin. -->","yoast_head_json":{"title":"Doppelter Besuch vom Pr\u00e4sidium - Fangemeinschaft Preu\u00dfen M\u00fcnster e. V.","robots":{"index":"index","follow":"follow","max-snippet":"max-snippet:-1","max-image-preview":"max-image-preview:large","max-video-preview":"max-video-preview:-1"},"canonical":"https:\/\/www.fanprojekt-muenster.de\/wordpress\/doppelter-besuch-vom-praesidium\/","og_locale":"de_DE","og_type":"article","og_title":"Doppelter Besuch vom Pr\u00e4sidium - Fangemeinschaft Preu\u00dfen M\u00fcnster e. V.","og_description":"Am Sonntag geht es gegen die Alemannia aus Aachen zum ersten Mal 2023 wieder um Punkte und auch der Fancontainer (Zuwegung rechts neben den Kassenh\u00e4uschen) wird wieder ge\u00f6ffnet sein: 90... Read more &raquo;","og_url":"https:\/\/www.fanprojekt-muenster.de\/wordpress\/doppelter-besuch-vom-praesidium\/","og_site_name":"Fangemeinschaft Preu\u00dfen M\u00fcnster e. V.","article_published_time":"2023-02-03T21:08:23+00:00","article_modified_time":"2023-02-04T19:55:48+00:00","og_image":[{"width":2560,"height":1920,"url":"https:\/\/www.fanprojekt-muenster.de\/wordpress\/wp-content\/uploads\/2020\/04\/20181215_122955-scaled.jpg","type":"image\/jpeg"}],"author":"CJO","twitter_card":"summary_large_image","twitter_misc":{"Verfasst von":"CJO","Gesch\u00e4tzte Lesezeit":"3\u00a0Minuten"},"schema":{"@context":"https:\/\/schema.org","@graph":[{"@type":"Article","@id":"https:\/\/www.fanprojekt-muenster.de\/wordpress\/doppelter-besuch-vom-praesidium\/#article","isPartOf":{"@id":"https:\/\/www.fanprojekt-muenster.de\/wordpress\/doppelter-besuch-vom-praesidium\/"},"author":{"name":"CJO","@id":"https:\/\/www.fanprojekt-muenster.de\/wordpress\/#\/schema\/person\/744936f7caad5b07423673506682ba59"},"headline":"Doppelter Besuch vom Pr\u00e4sidium","datePublished":"2023-02-03T21:08:23+00:00","dateModified":"2023-02-04T19:55:48+00:00","mainEntityOfPage":{"@id":"https:\/\/www.fanprojekt-muenster.de\/wordpress\/doppelter-besuch-vom-praesidium\/"},"wordCount":484,"publisher":{"@id":"https:\/\/www.fanprojekt-muenster.de\/wordpress\/#organization"},"image":{"@id":"https:\/\/www.fanprojekt-muenster.de\/wordpress\/doppelter-besuch-vom-praesidium\/#primaryimage"},"thumbnailUrl":"https:\/\/www.fanprojekt-muenster.de\/wordpress\/wp-content\/uploads\/2020\/04\/20181215_122955-scaled.jpg","articleSection":["Aktuelles","Veranstaltungen"],"inLanguage":"de"},{"@type":"WebPage","@id":"https:\/\/www.fanprojekt-muenster.de\/wordpress\/doppelter-besuch-vom-praesidium\/","url":"https:\/\/www.fanprojekt-muenster.de\/wordpress\/doppelter-besuch-vom-praesidium\/","name":"Doppelter Besuch vom Pr\u00e4sidium - Fangemeinschaft Preu\u00dfen M\u00fcnster e. V.","isPartOf":{"@id":"https:\/\/www.fanprojekt-muenster.de\/wordpress\/#website"},"primaryImageOfPage":{"@id":"https:\/\/www.fanprojekt-muenster.de\/wordpress\/doppelter-besuch-vom-praesidium\/#primaryimage"},"image":{"@id":"https:\/\/www.fanprojekt-muenster.de\/wordpress\/doppelter-besuch-vom-praesidium\/#primaryimage"},"thumbnailUrl":"https:\/\/www.fanprojekt-muenster.de\/wordpress\/wp-content\/uploads\/2020\/04\/20181215_122955-scaled.jpg","datePublished":"2023-02-03T21:08:23+00:00","dateModified":"2023-02-04T19:55:48+00:00","breadcrumb":{"@id":"https:\/\/www.fanprojekt-muenster.de\/wordpress\/doppelter-besuch-vom-praesidium\/#breadcrumb"},"inLanguage":"de","potentialAction":[{"@type":"ReadAction","target":["https:\/\/www.fanprojekt-muenster.de\/wordpress\/doppelter-besuch-vom-praesidium\/"]}]},{"@type":"ImageObject","inLanguage":"de","@id":"https:\/\/www.fanprojekt-muenster.de\/wordpress\/doppelter-besuch-vom-praesidium\/#primaryimage","url":"https:\/\/www.fanprojekt-muenster.de\/wordpress\/wp-content\/uploads\/2020\/04\/20181215_122955-scaled.jpg","contentUrl":"https:\/\/www.fanprojekt-muenster.de\/wordpress\/wp-content\/uploads\/2020\/04\/20181215_122955-scaled.jpg","width":2560,"height":1920},{"@type":"BreadcrumbList","@id":"https:\/\/www.fanprojekt-muenster.de\/wordpress\/doppelter-besuch-vom-praesidium\/#breadcrumb","itemListElement":[{"@type":"ListItem","position":1,"name":"Startseite","item":"https:\/\/www.fanprojekt-muenster.de\/wordpress\/"},{"@type":"ListItem","position":2,"name":"Doppelter Besuch vom Pr\u00e4sidium"}]},{"@type":"WebSite","@id":"https:\/\/www.fanprojekt-muenster.de\/wordpress\/#website","url":"https:\/\/www.fanprojekt-muenster.de\/wordpress\/","name":"Fangemeinschaft Preu\u00dfen M\u00fcnster e. V.","description":"","publisher":{"@id":"https:\/\/www.fanprojekt-muenster.de\/wordpress\/#organization"},"potentialAction":[{"@type":"SearchAction","target":{"@type":"EntryPoint","urlTemplate":"https:\/\/www.fanprojekt-muenster.de\/wordpress\/?s={search_term_string}"},"query-input":{"@type":"PropertyValueSpecification","valueRequired":true,"valueName":"search_term_string"}}],"inLanguage":"de"},{"@type":"Organization","@id":"https:\/\/www.fanprojekt-muenster.de\/wordpress\/#organization","name":"Fangemeinschaft Preu\u00dfen M\u00fcnster e. V.","url":"https:\/\/www.fanprojekt-muenster.de\/wordpress\/","logo":{"@type":"ImageObject","inLanguage":"de","@id":"https:\/\/www.fanprojekt-muenster.de\/wordpress\/#\/schema\/logo\/image\/","url":"https:\/\/www.fanprojekt-muenster.de\/wordpress\/wp-content\/uploads\/2019\/07\/cropped-Website_Logo3-9.png","contentUrl":"https:\/\/www.fanprojekt-muenster.de\/wordpress\/wp-content\/uploads\/2019\/07\/cropped-Website_Logo3-9.png","width":224,"height":42,"caption":"Fangemeinschaft Preu\u00dfen M\u00fcnster e. V."},"image":{"@id":"https:\/\/www.fanprojekt-muenster.de\/wordpress\/#\/schema\/logo\/image\/"}},{"@type":"Person","@id":"https:\/\/www.fanprojekt-muenster.de\/wordpress\/#\/schema\/person\/744936f7caad5b07423673506682ba59","name":"CJO","url":"https:\/\/www.fanprojekt-muenster.de\/wordpress\/author\/jogy\/"}]}},"author_meta":{"display_name":"CJO","author_link":"https:\/\/www.fanprojekt-muenster.de\/wordpress\/author\/jogy\/"},"featured_img":"https:\/\/www.fanprojekt-muenster.de\/wordpress\/wp-content\/uploads\/2020\/04\/20181215_122955-300x225.jpg","coauthors":[],"tax_additional":{"categories":{"linked":["<a href=\"https:\/\/www.fanprojekt-muenster.de\/wordpress\/category\/aktuelles\/\" class=\"advgb-post-tax-term\">Aktuelles<\/a>","<a href=\"https:\/\/www.fanprojekt-muenster.de\/wordpress\/category\/veranstaltungen\/\" class=\"advgb-post-tax-term\">Veranstaltungen<\/a>"],"unlinked":["<span class=\"advgb-post-tax-term\">Aktuelles<\/span>","<span class=\"advgb-post-tax-term\">Veranstaltungen<\/span>"]}},"comment_count":"0","relative_dates":{"created":"Posted 3\u00a0Jahren ago","modified":"Updated 3\u00a0Jahren ago"},"absolute_dates":{"created":"Posted on 3. Februar 2023","modified":"Updated on 4. Februar 2023"},"absolute_dates_time":{"created":"Posted on 3. Februar 2023 22:08","modified":"Updated on 4. Februar 2023 20:55"},"featured_img_caption":"","series_order":"","_links":{"self":[{"href":"https:\/\/www.fanprojekt-muenster.de\/wordpress\/wp-json\/wp\/v2\/posts\/8782","targetHints":{"allow":["GET"]}}],"collection":[{"href":"https:\/\/www.fanprojekt-muenster.de\/wordpress\/wp-json\/wp\/v2\/posts"}],"about":[{"href":"https:\/\/www.fanprojekt-muenster.de\/wordpress\/wp-json\/wp\/v2\/types\/post"}],"author":[{"embeddable":true,"href":"https:\/\/www.fanprojekt-muenster.de\/wordpress\/wp-json\/wp\/v2\/users\/7"}],"replies":[{"embeddable":true,"href":"https:\/\/www.fanprojekt-muenster.de\/wordpress\/wp-json\/wp\/v2\/comments?post=8782"}],"version-history":[{"count":7,"href":"https:\/\/www.fanprojekt-muenster.de\/wordpress\/wp-json\/wp\/v2\/posts\/8782\/revisions"}],"predecessor-version":[{"id":8802,"href":"https:\/\/www.fanprojekt-muenster.de\/wordpress\/wp-json\/wp\/v2\/posts\/8782\/revisions\/8802"}],"wp:featuredmedia":[{"embeddable":true,"href":"https:\/\/www.fanprojekt-muenster.de\/wordpress\/wp-json\/wp\/v2\/media\/7136"}],"wp:attachment":[{"href":"https:\/\/www.fanprojekt-muenster.de\/wordpress\/wp-json\/wp\/v2\/media?parent=8782"}],"wp:term":[{"taxonomy":"category","embeddable":true,"href":"https:\/\/www.fanprojekt-muenster.de\/wordpress\/wp-json\/wp\/v2\/categories?post=8782"},{"taxonomy":"post_tag","embeddable":true,"href":"https:\/\/www.fanprojekt-muenster.de\/wordpress\/wp-json\/wp\/v2\/tags?post=8782"}],"curies":[{"name":"wp","href":"https:\/\/api.w.org\/{rel}","templated":true}]}}