{"id":8765,"date":"2022-10-20T07:58:24","date_gmt":"2022-10-20T05:58:24","guid":{"rendered":"https:\/\/www.fanprojekt-muenster.de\/wordpress\/?p=8765"},"modified":"2022-10-20T07:58:27","modified_gmt":"2022-10-20T05:58:27","slug":"awo-muenster-wm-in-katar-dieses-mal-kein-fair-play","status":"publish","type":"post","link":"https:\/\/www.fanprojekt-muenster.de\/wordpress\/awo-muenster-wm-in-katar-dieses-mal-kein-fair-play\/","title":{"rendered":"AWO M\u00fcnster: WM in Katar &#8211; Dieses mal kein Fair Play?"},"content":{"rendered":"\n<p>Der AWO Kreisverband M\u00fcnster l\u00e4dt am <strong>Mittwoch, den 26. Oktober 2022 um 19:00 Uhr<\/strong> in die Kneisterei (Steinfurter Str. 10, 48149 M\u00fcnster) zur Veranstaltung &#8222;WM in Katar &#8211; Dieses mal kein Fair Play?&#8220; ein.<\/p>\n\n\n\n<p>Da dies ein Thema ist, dass sicherlich auch viele von Euch besch\u00e4ftigt m\u00f6chten wir Euch diese Veranstaltung einmal Vorschlagen. M\u00f6glicherweise habt Ihr ja Zeit und geht hin.<br><br>Ein paar Themen\/Vortr\u00e4ge:<\/p>\n\n\n\n<ul class=\"wp-block-list\">\n<li>Pay Your Workers! Sandra Dusch Silva (Christliche Initiative Romero)<\/li>\n\n\n\n<li>Weltgewissen Du bist ein Fleck der Schande! Michael Scheffler (AWO Bezirk<br>Westliches Westfalen)<\/li>\n\n\n\n<li>Menschenrechte mit F\u00fc\u00dfen getreten! Christoph Str\u00e4sser (Pr\u00e4sident SC P reu\u00dfen<br>M\u00fcnster, ehemaliger Menschenrechtsbeauftragter der Bundesregierung)<\/li>\n\n\n\n<li>Die Causa Katar. Dietrich Schulze Marmeling (Freier Sportjournalist und Buchautor)<br>Kein Katar in unseren Gastronomien !!(Marcus Ge\u00dfler, art y vent GmbH)<br><br>Anbei der Flyer zur Veranstaltung:<br><a href=\"https:\/\/www.fanprojekt-muenster.de\/wordpress\/wp-content\/uploads\/2022\/10\/Poster_WM-Aktionen.pdf\">Flyer<\/a><\/li>\n<\/ul>\n","protected":false},"excerpt":{"rendered":"<p>Der AWO Kreisverband M\u00fcnster l\u00e4dt am Mittwoch, den 26. Oktober 2022 um 19:00 Uhr in die Kneisterei (Steinfurter Str. 10, 48149 M\u00fcnster) zur Veranstaltung &#8222;WM in Katar &#8211; Dieses mal&#8230; <a class=\"read-more-link\" href=\"https:\/\/www.fanprojekt-muenster.de\/wordpress\/awo-muenster-wm-in-katar-dieses-mal-kein-fair-play\/\">Read more &raquo;<\/a><\/p>\n","protected":false},"author":1,"featured_media":8767,"comment_status":"closed","ping_status":"open","sticky":false,"template":"","format":"standard","meta":{"advgb_blocks_editor_width":"","advgb_blocks_columns_visual_guide":"","footnotes":""},"categories":[1],"tags":[],"class_list":["post-8765","post","type-post","status-publish","format-standard","has-post-thumbnail","hentry","category-allgemein"],"featured_image_src":"https:\/\/www.fanprojekt-muenster.de\/wordpress\/wp-content\/uploads\/2022\/10\/swo.png","author_info":{"display_name":"DST","author_link":"https:\/\/www.fanprojekt-muenster.de\/wordpress\/author\/dst\/"},"yoast_head":"<!-- This site is optimized with the Yoast SEO plugin v27.2 - https:\/\/yoast.com\/product\/yoast-seo-wordpress\/ -->\n<title>AWO M\u00fcnster: WM in Katar - Dieses mal kein Fair Play? - Fangemeinschaft Preu\u00dfen M\u00fcnster e. V.<\/title>\n<meta name=\"robots\" content=\"index, follow, max-snippet:-1, max-image-preview:large, max-video-preview:-1\" \/>\n<link rel=\"canonical\" href=\"https:\/\/www.fanprojekt-muenster.de\/wordpress\/awo-muenster-wm-in-katar-dieses-mal-kein-fair-play\/\" \/>\n<meta property=\"og:locale\" content=\"de_DE\" \/>\n<meta property=\"og:type\" content=\"article\" \/>\n<meta property=\"og:title\" content=\"AWO M\u00fcnster: WM in Katar - Dieses mal kein Fair Play?\" \/>\n<meta property=\"og:description\" content=\"Der AWO Kreisverband M\u00fcnster l\u00e4dt am Mittwoch, den 26. Oktober 2022 um 19:00 Uhr in die Kneisterei (Steinfurter Str. 10, 48149 M\u00fcnster) zur Veranstaltung &quot;WM in Katar - Dieses mal kein Fair Play?&quot; ein.Da dies ein Thema ist, dass sicherlich auch viele von Euch besch\u00e4ftigt m\u00f6chten wir Euch diese Veranstaltung einmal Vorschlagen. M\u00f6glicherweise habt Ihr ja Zeit und geht hin.\" \/>\n<meta property=\"og:url\" content=\"https:\/\/www.fanprojekt-muenster.de\/wordpress\/awo-muenster-wm-in-katar-dieses-mal-kein-fair-play\/\" \/>\n<meta property=\"og:site_name\" content=\"Fangemeinschaft Preu\u00dfen M\u00fcnster e. V.\" \/>\n<meta property=\"article:published_time\" content=\"2022-10-20T05:58:24+00:00\" \/>\n<meta property=\"article:modified_time\" content=\"2022-10-20T05:58:27+00:00\" \/>\n<meta property=\"og:image\" content=\"https:\/\/www.fanprojekt-muenster.de\/wordpress\/wp-content\/uploads\/2022\/10\/swo.png\" \/>\n\t<meta property=\"og:image:width\" content=\"415\" \/>\n\t<meta property=\"og:image:height\" content=\"347\" \/>\n\t<meta property=\"og:image:type\" content=\"image\/png\" \/>\n<meta name=\"author\" content=\"DST\" \/>\n<meta name=\"twitter:card\" content=\"summary_large_image\" \/>\n<meta name=\"twitter:title\" content=\"AWO M\u00fcnster: WM in Katar - Dieses mal kein Fair Play?\" \/>\n<meta name=\"twitter:description\" content=\"Der AWO Kreisverband M\u00fcnster l\u00e4dt am Mittwoch, den 26. Oktober 2022 um 19:00 Uhr in die Kneisterei (Steinfurter Str. 10, 48149 M\u00fcnster) zur Veranstaltung &quot;WM in Katar - Dieses mal kein Fair Play?&quot; ein.Da dies ein Thema ist, dass sicherlich auch viele von Euch besch\u00e4ftigt m\u00f6chten wir Euch diese Veranstaltung einmal Vorschlagen. M\u00f6glicherweise habt Ihr ja Zeit und geht hin.\" \/>\n<meta name=\"twitter:image\" content=\"https:\/\/www.fanprojekt-muenster.de\/wordpress\/wp-content\/uploads\/2022\/10\/swo.png\" \/>\n<meta name=\"twitter:label1\" content=\"Verfasst von\" \/>\n\t<meta name=\"twitter:data1\" content=\"DST\" \/>\n\t<meta name=\"twitter:label2\" content=\"Gesch\u00e4tzte Lesezeit\" \/>\n\t<meta name=\"twitter:data2\" content=\"1\u00a0Minute\" \/>\n<script type=\"application\/ld+json\" class=\"yoast-schema-graph\">{\"@context\":\"https:\/\/schema.org\",\"@graph\":[{\"@type\":\"Article\",\"@id\":\"https:\/\/www.fanprojekt-muenster.de\/wordpress\/awo-muenster-wm-in-katar-dieses-mal-kein-fair-play\/#article\",\"isPartOf\":{\"@id\":\"https:\/\/www.fanprojekt-muenster.de\/wordpress\/awo-muenster-wm-in-katar-dieses-mal-kein-fair-play\/\"},\"author\":{\"name\":\"DST\",\"@id\":\"https:\/\/www.fanprojekt-muenster.de\/wordpress\/#\/schema\/person\/eed51304a869b4de494727cd2e0c8203\"},\"headline\":\"AWO M\u00fcnster: WM in Katar &#8211; Dieses mal kein Fair Play?\",\"datePublished\":\"2022-10-20T05:58:24+00:00\",\"dateModified\":\"2022-10-20T05:58:27+00:00\",\"mainEntityOfPage\":{\"@id\":\"https:\/\/www.fanprojekt-muenster.de\/wordpress\/awo-muenster-wm-in-katar-dieses-mal-kein-fair-play\/\"},\"wordCount\":147,\"publisher\":{\"@id\":\"https:\/\/www.fanprojekt-muenster.de\/wordpress\/#organization\"},\"image\":{\"@id\":\"https:\/\/www.fanprojekt-muenster.de\/wordpress\/awo-muenster-wm-in-katar-dieses-mal-kein-fair-play\/#primaryimage\"},\"thumbnailUrl\":\"https:\/\/www.fanprojekt-muenster.de\/wordpress\/wp-content\/uploads\/2022\/10\/swo.png\",\"inLanguage\":\"de\"},{\"@type\":\"WebPage\",\"@id\":\"https:\/\/www.fanprojekt-muenster.de\/wordpress\/awo-muenster-wm-in-katar-dieses-mal-kein-fair-play\/\",\"url\":\"https:\/\/www.fanprojekt-muenster.de\/wordpress\/awo-muenster-wm-in-katar-dieses-mal-kein-fair-play\/\",\"name\":\"AWO M\u00fcnster: WM in Katar - Dieses mal kein Fair Play? - Fangemeinschaft Preu\u00dfen M\u00fcnster e. V.\",\"isPartOf\":{\"@id\":\"https:\/\/www.fanprojekt-muenster.de\/wordpress\/#website\"},\"primaryImageOfPage\":{\"@id\":\"https:\/\/www.fanprojekt-muenster.de\/wordpress\/awo-muenster-wm-in-katar-dieses-mal-kein-fair-play\/#primaryimage\"},\"image\":{\"@id\":\"https:\/\/www.fanprojekt-muenster.de\/wordpress\/awo-muenster-wm-in-katar-dieses-mal-kein-fair-play\/#primaryimage\"},\"thumbnailUrl\":\"https:\/\/www.fanprojekt-muenster.de\/wordpress\/wp-content\/uploads\/2022\/10\/swo.png\",\"datePublished\":\"2022-10-20T05:58:24+00:00\",\"dateModified\":\"2022-10-20T05:58:27+00:00\",\"breadcrumb\":{\"@id\":\"https:\/\/www.fanprojekt-muenster.de\/wordpress\/awo-muenster-wm-in-katar-dieses-mal-kein-fair-play\/#breadcrumb\"},\"inLanguage\":\"de\",\"potentialAction\":[{\"@type\":\"ReadAction\",\"target\":[\"https:\/\/www.fanprojekt-muenster.de\/wordpress\/awo-muenster-wm-in-katar-dieses-mal-kein-fair-play\/\"]}]},{\"@type\":\"ImageObject\",\"inLanguage\":\"de\",\"@id\":\"https:\/\/www.fanprojekt-muenster.de\/wordpress\/awo-muenster-wm-in-katar-dieses-mal-kein-fair-play\/#primaryimage\",\"url\":\"https:\/\/www.fanprojekt-muenster.de\/wordpress\/wp-content\/uploads\/2022\/10\/swo.png\",\"contentUrl\":\"https:\/\/www.fanprojekt-muenster.de\/wordpress\/wp-content\/uploads\/2022\/10\/swo.png\",\"width\":415,\"height\":347},{\"@type\":\"BreadcrumbList\",\"@id\":\"https:\/\/www.fanprojekt-muenster.de\/wordpress\/awo-muenster-wm-in-katar-dieses-mal-kein-fair-play\/#breadcrumb\",\"itemListElement\":[{\"@type\":\"ListItem\",\"position\":1,\"name\":\"Startseite\",\"item\":\"https:\/\/www.fanprojekt-muenster.de\/wordpress\/\"},{\"@type\":\"ListItem\",\"position\":2,\"name\":\"AWO M\u00fcnster: WM in Katar &#8211; Dieses mal kein Fair Play?\"}]},{\"@type\":\"WebSite\",\"@id\":\"https:\/\/www.fanprojekt-muenster.de\/wordpress\/#website\",\"url\":\"https:\/\/www.fanprojekt-muenster.de\/wordpress\/\",\"name\":\"Fangemeinschaft Preu\u00dfen M\u00fcnster e. V.\",\"description\":\"\",\"publisher\":{\"@id\":\"https:\/\/www.fanprojekt-muenster.de\/wordpress\/#organization\"},\"potentialAction\":[{\"@type\":\"SearchAction\",\"target\":{\"@type\":\"EntryPoint\",\"urlTemplate\":\"https:\/\/www.fanprojekt-muenster.de\/wordpress\/?s={search_term_string}\"},\"query-input\":{\"@type\":\"PropertyValueSpecification\",\"valueRequired\":true,\"valueName\":\"search_term_string\"}}],\"inLanguage\":\"de\"},{\"@type\":\"Organization\",\"@id\":\"https:\/\/www.fanprojekt-muenster.de\/wordpress\/#organization\",\"name\":\"Fangemeinschaft Preu\u00dfen M\u00fcnster e. V.\",\"url\":\"https:\/\/www.fanprojekt-muenster.de\/wordpress\/\",\"logo\":{\"@type\":\"ImageObject\",\"inLanguage\":\"de\",\"@id\":\"https:\/\/www.fanprojekt-muenster.de\/wordpress\/#\/schema\/logo\/image\/\",\"url\":\"https:\/\/www.fanprojekt-muenster.de\/wordpress\/wp-content\/uploads\/2019\/07\/cropped-Website_Logo3-9.png\",\"contentUrl\":\"https:\/\/www.fanprojekt-muenster.de\/wordpress\/wp-content\/uploads\/2019\/07\/cropped-Website_Logo3-9.png\",\"width\":224,\"height\":42,\"caption\":\"Fangemeinschaft Preu\u00dfen M\u00fcnster e. V.\"},\"image\":{\"@id\":\"https:\/\/www.fanprojekt-muenster.de\/wordpress\/#\/schema\/logo\/image\/\"}},{\"@type\":\"Person\",\"@id\":\"https:\/\/www.fanprojekt-muenster.de\/wordpress\/#\/schema\/person\/eed51304a869b4de494727cd2e0c8203\",\"name\":\"DST\",\"url\":\"https:\/\/www.fanprojekt-muenster.de\/wordpress\/author\/dst\/\"}]}<\/script>\n<!-- \/ Yoast SEO plugin. -->","yoast_head_json":{"title":"AWO M\u00fcnster: WM in Katar - Dieses mal kein Fair Play? - Fangemeinschaft Preu\u00dfen M\u00fcnster e. V.","robots":{"index":"index","follow":"follow","max-snippet":"max-snippet:-1","max-image-preview":"max-image-preview:large","max-video-preview":"max-video-preview:-1"},"canonical":"https:\/\/www.fanprojekt-muenster.de\/wordpress\/awo-muenster-wm-in-katar-dieses-mal-kein-fair-play\/","og_locale":"de_DE","og_type":"article","og_title":"AWO M\u00fcnster: WM in Katar - Dieses mal kein Fair Play?","og_description":"Der AWO Kreisverband M\u00fcnster l\u00e4dt am Mittwoch, den 26. Oktober 2022 um 19:00 Uhr in die Kneisterei (Steinfurter Str. 10, 48149 M\u00fcnster) zur Veranstaltung \"WM in Katar - Dieses mal kein Fair Play?\" ein.Da dies ein Thema ist, dass sicherlich auch viele von Euch besch\u00e4ftigt m\u00f6chten wir Euch diese Veranstaltung einmal Vorschlagen. M\u00f6glicherweise habt Ihr ja Zeit und geht hin.","og_url":"https:\/\/www.fanprojekt-muenster.de\/wordpress\/awo-muenster-wm-in-katar-dieses-mal-kein-fair-play\/","og_site_name":"Fangemeinschaft Preu\u00dfen M\u00fcnster e. V.","article_published_time":"2022-10-20T05:58:24+00:00","article_modified_time":"2022-10-20T05:58:27+00:00","og_image":[{"width":415,"height":347,"url":"https:\/\/www.fanprojekt-muenster.de\/wordpress\/wp-content\/uploads\/2022\/10\/swo.png","type":"image\/png"}],"author":"DST","twitter_card":"summary_large_image","twitter_title":"AWO M\u00fcnster: WM in Katar - Dieses mal kein Fair Play?","twitter_description":"Der AWO Kreisverband M\u00fcnster l\u00e4dt am Mittwoch, den 26. Oktober 2022 um 19:00 Uhr in die Kneisterei (Steinfurter Str. 10, 48149 M\u00fcnster) zur Veranstaltung \"WM in Katar - Dieses mal kein Fair Play?\" ein.Da dies ein Thema ist, dass sicherlich auch viele von Euch besch\u00e4ftigt m\u00f6chten wir Euch diese Veranstaltung einmal Vorschlagen. M\u00f6glicherweise habt Ihr ja Zeit und geht hin.","twitter_image":"https:\/\/www.fanprojekt-muenster.de\/wordpress\/wp-content\/uploads\/2022\/10\/swo.png","twitter_misc":{"Verfasst von":"DST","Gesch\u00e4tzte Lesezeit":"1\u00a0Minute"},"schema":{"@context":"https:\/\/schema.org","@graph":[{"@type":"Article","@id":"https:\/\/www.fanprojekt-muenster.de\/wordpress\/awo-muenster-wm-in-katar-dieses-mal-kein-fair-play\/#article","isPartOf":{"@id":"https:\/\/www.fanprojekt-muenster.de\/wordpress\/awo-muenster-wm-in-katar-dieses-mal-kein-fair-play\/"},"author":{"name":"DST","@id":"https:\/\/www.fanprojekt-muenster.de\/wordpress\/#\/schema\/person\/eed51304a869b4de494727cd2e0c8203"},"headline":"AWO M\u00fcnster: WM in Katar &#8211; Dieses mal kein Fair Play?","datePublished":"2022-10-20T05:58:24+00:00","dateModified":"2022-10-20T05:58:27+00:00","mainEntityOfPage":{"@id":"https:\/\/www.fanprojekt-muenster.de\/wordpress\/awo-muenster-wm-in-katar-dieses-mal-kein-fair-play\/"},"wordCount":147,"publisher":{"@id":"https:\/\/www.fanprojekt-muenster.de\/wordpress\/#organization"},"image":{"@id":"https:\/\/www.fanprojekt-muenster.de\/wordpress\/awo-muenster-wm-in-katar-dieses-mal-kein-fair-play\/#primaryimage"},"thumbnailUrl":"https:\/\/www.fanprojekt-muenster.de\/wordpress\/wp-content\/uploads\/2022\/10\/swo.png","inLanguage":"de"},{"@type":"WebPage","@id":"https:\/\/www.fanprojekt-muenster.de\/wordpress\/awo-muenster-wm-in-katar-dieses-mal-kein-fair-play\/","url":"https:\/\/www.fanprojekt-muenster.de\/wordpress\/awo-muenster-wm-in-katar-dieses-mal-kein-fair-play\/","name":"AWO M\u00fcnster: WM in Katar - Dieses mal kein Fair Play? - Fangemeinschaft Preu\u00dfen M\u00fcnster e. V.","isPartOf":{"@id":"https:\/\/www.fanprojekt-muenster.de\/wordpress\/#website"},"primaryImageOfPage":{"@id":"https:\/\/www.fanprojekt-muenster.de\/wordpress\/awo-muenster-wm-in-katar-dieses-mal-kein-fair-play\/#primaryimage"},"image":{"@id":"https:\/\/www.fanprojekt-muenster.de\/wordpress\/awo-muenster-wm-in-katar-dieses-mal-kein-fair-play\/#primaryimage"},"thumbnailUrl":"https:\/\/www.fanprojekt-muenster.de\/wordpress\/wp-content\/uploads\/2022\/10\/swo.png","datePublished":"2022-10-20T05:58:24+00:00","dateModified":"2022-10-20T05:58:27+00:00","breadcrumb":{"@id":"https:\/\/www.fanprojekt-muenster.de\/wordpress\/awo-muenster-wm-in-katar-dieses-mal-kein-fair-play\/#breadcrumb"},"inLanguage":"de","potentialAction":[{"@type":"ReadAction","target":["https:\/\/www.fanprojekt-muenster.de\/wordpress\/awo-muenster-wm-in-katar-dieses-mal-kein-fair-play\/"]}]},{"@type":"ImageObject","inLanguage":"de","@id":"https:\/\/www.fanprojekt-muenster.de\/wordpress\/awo-muenster-wm-in-katar-dieses-mal-kein-fair-play\/#primaryimage","url":"https:\/\/www.fanprojekt-muenster.de\/wordpress\/wp-content\/uploads\/2022\/10\/swo.png","contentUrl":"https:\/\/www.fanprojekt-muenster.de\/wordpress\/wp-content\/uploads\/2022\/10\/swo.png","width":415,"height":347},{"@type":"BreadcrumbList","@id":"https:\/\/www.fanprojekt-muenster.de\/wordpress\/awo-muenster-wm-in-katar-dieses-mal-kein-fair-play\/#breadcrumb","itemListElement":[{"@type":"ListItem","position":1,"name":"Startseite","item":"https:\/\/www.fanprojekt-muenster.de\/wordpress\/"},{"@type":"ListItem","position":2,"name":"AWO M\u00fcnster: WM in Katar &#8211; Dieses mal kein Fair Play?"}]},{"@type":"WebSite","@id":"https:\/\/www.fanprojekt-muenster.de\/wordpress\/#website","url":"https:\/\/www.fanprojekt-muenster.de\/wordpress\/","name":"Fangemeinschaft Preu\u00dfen M\u00fcnster e. V.","description":"","publisher":{"@id":"https:\/\/www.fanprojekt-muenster.de\/wordpress\/#organization"},"potentialAction":[{"@type":"SearchAction","target":{"@type":"EntryPoint","urlTemplate":"https:\/\/www.fanprojekt-muenster.de\/wordpress\/?s={search_term_string}"},"query-input":{"@type":"PropertyValueSpecification","valueRequired":true,"valueName":"search_term_string"}}],"inLanguage":"de"},{"@type":"Organization","@id":"https:\/\/www.fanprojekt-muenster.de\/wordpress\/#organization","name":"Fangemeinschaft Preu\u00dfen M\u00fcnster e. V.","url":"https:\/\/www.fanprojekt-muenster.de\/wordpress\/","logo":{"@type":"ImageObject","inLanguage":"de","@id":"https:\/\/www.fanprojekt-muenster.de\/wordpress\/#\/schema\/logo\/image\/","url":"https:\/\/www.fanprojekt-muenster.de\/wordpress\/wp-content\/uploads\/2019\/07\/cropped-Website_Logo3-9.png","contentUrl":"https:\/\/www.fanprojekt-muenster.de\/wordpress\/wp-content\/uploads\/2019\/07\/cropped-Website_Logo3-9.png","width":224,"height":42,"caption":"Fangemeinschaft Preu\u00dfen M\u00fcnster e. V."},"image":{"@id":"https:\/\/www.fanprojekt-muenster.de\/wordpress\/#\/schema\/logo\/image\/"}},{"@type":"Person","@id":"https:\/\/www.fanprojekt-muenster.de\/wordpress\/#\/schema\/person\/eed51304a869b4de494727cd2e0c8203","name":"DST","url":"https:\/\/www.fanprojekt-muenster.de\/wordpress\/author\/dst\/"}]}},"author_meta":{"display_name":"DST","author_link":"https:\/\/www.fanprojekt-muenster.de\/wordpress\/author\/dst\/"},"featured_img":"https:\/\/www.fanprojekt-muenster.de\/wordpress\/wp-content\/uploads\/2022\/10\/swo-300x251.png","coauthors":[],"tax_additional":{"categories":{"linked":["<a href=\"https:\/\/www.fanprojekt-muenster.de\/wordpress\/category\/allgemein\/\" class=\"advgb-post-tax-term\">Allgemein<\/a>"],"unlinked":["<span class=\"advgb-post-tax-term\">Allgemein<\/span>"]}},"comment_count":"0","relative_dates":{"created":"Posted 4\u00a0Jahren ago","modified":"Updated 4\u00a0Jahren ago"},"absolute_dates":{"created":"Posted on 20. Oktober 2022","modified":"Updated on 20. Oktober 2022"},"absolute_dates_time":{"created":"Posted on 20. Oktober 2022 7:58","modified":"Updated on 20. Oktober 2022 7:58"},"featured_img_caption":"","series_order":"","_links":{"self":[{"href":"https:\/\/www.fanprojekt-muenster.de\/wordpress\/wp-json\/wp\/v2\/posts\/8765","targetHints":{"allow":["GET"]}}],"collection":[{"href":"https:\/\/www.fanprojekt-muenster.de\/wordpress\/wp-json\/wp\/v2\/posts"}],"about":[{"href":"https:\/\/www.fanprojekt-muenster.de\/wordpress\/wp-json\/wp\/v2\/types\/post"}],"author":[{"embeddable":true,"href":"https:\/\/www.fanprojekt-muenster.de\/wordpress\/wp-json\/wp\/v2\/users\/1"}],"replies":[{"embeddable":true,"href":"https:\/\/www.fanprojekt-muenster.de\/wordpress\/wp-json\/wp\/v2\/comments?post=8765"}],"version-history":[{"count":2,"href":"https:\/\/www.fanprojekt-muenster.de\/wordpress\/wp-json\/wp\/v2\/posts\/8765\/revisions"}],"predecessor-version":[{"id":8770,"href":"https:\/\/www.fanprojekt-muenster.de\/wordpress\/wp-json\/wp\/v2\/posts\/8765\/revisions\/8770"}],"wp:featuredmedia":[{"embeddable":true,"href":"https:\/\/www.fanprojekt-muenster.de\/wordpress\/wp-json\/wp\/v2\/media\/8767"}],"wp:attachment":[{"href":"https:\/\/www.fanprojekt-muenster.de\/wordpress\/wp-json\/wp\/v2\/media?parent=8765"}],"wp:term":[{"taxonomy":"category","embeddable":true,"href":"https:\/\/www.fanprojekt-muenster.de\/wordpress\/wp-json\/wp\/v2\/categories?post=8765"},{"taxonomy":"post_tag","embeddable":true,"href":"https:\/\/www.fanprojekt-muenster.de\/wordpress\/wp-json\/wp\/v2\/tags?post=8765"}],"curies":[{"name":"wp","href":"https:\/\/api.w.org\/{rel}","templated":true}]}}