{"id":8753,"date":"2022-09-05T20:52:21","date_gmt":"2022-09-05T18:52:21","guid":{"rendered":"https:\/\/www.fanprojekt-muenster.de\/wordpress\/?p=8753"},"modified":"2022-09-05T20:52:24","modified_gmt":"2022-09-05T18:52:24","slug":"die-ag-preussenstadion-zur-anstehenden-ratsentscheidung-zum-preussenstadion","status":"publish","type":"post","link":"https:\/\/www.fanprojekt-muenster.de\/wordpress\/die-ag-preussenstadion-zur-anstehenden-ratsentscheidung-zum-preussenstadion\/","title":{"rendered":"Die AG Preu\u00dfenstadion zur anstehenden Ratsentscheidung zum Preu\u00dfenstadion"},"content":{"rendered":"\n<p>Die \u201eArbeitsgemeinschaft Preu\u00dfenstadion\u201c (ein heterogener Zusammenschluss von Fans aus allen Bereichen des Stadions) besch\u00e4ftigt sich seit \u00fcber 2,5 Jahren intensiv mit dem Umbau des Preu\u00dfenstadions. In vielen von gegenseitigem Respekt gepr\u00e4gten Gespr\u00e4chen mit den politischen Parteien, der Verwaltung und dem SC Preu\u00dfen haben wir unsere Ideen f\u00fcr und Anforderungen an ein umgebautes Preu\u00dfenstadion eingebracht.<\/p>\n\n\n\n<p>Der nun anstehenden Entscheidung sehen wir hoffnungsvoll entgegen, denn die Chancen f\u00fcr die Stadt M\u00fcnster, den Stadtteil Berg Fidel und den SC Preu\u00dfen sind riesengro\u00df. Die geplante und auch vom Verein favorisierte Reihenfolge des Umbaus (West\u2010, Nord\u2010, Osttrib\u00fcne) ist auch aus unserer Sicht nachvollziehbar und logisch. Das umgebaute Stadion muss den Verein in die Lage versetzen, sich im Wettbewerb wirtschaftlich behaupten und auch die Pacht bezahlen zu k\u00f6nnen, um das Stadion zu refinanzieren.<br>\nGanz wichtig wird es aber sein, dass es einen verl\u00e4sslichen Zeitplan geben wird und die Osttrib\u00fcne, die Heimat der Fiffi\u2010Gerritzen\u2010Kurve, nicht dem Sparzwang zum Opfer f\u00e4llt und der Verein und die stehplatzbegeisterten Fans nicht im Regen stehen gelassen werden.<br>\nDass das Preu\u00dfenstadion laut Beschlussvorlage einen \u201cma\u00dfgeblichen Beitrag zur Umsetzung des Ziels Klimaneutralit\u00e4t M\u00fcnsters bis 2030 leisten\u201d soll, ist eine Aussage, die uns stolz macht. Denn genau dieser Blick \u00fcber den Tellerrand macht M\u00fcnster aus.<\/p>\n\n\n\n<p><br><\/p>\n\n\n\n<p>Wir freuen uns auf ein fanfreundliches, inklusives Stadion an einem traditionsreichen Standort, in dem sich alle wohl f\u00fchlen sollen.<br><\/p>\n","protected":false},"excerpt":{"rendered":"<p>Die \u201eArbeitsgemeinschaft Preu\u00dfenstadion\u201c (ein heterogener Zusammenschluss von Fans aus allen Bereichen des Stadions) besch\u00e4ftigt sich seit \u00fcber 2,5 Jahren intensiv mit dem Umbau des Preu\u00dfenstadions. In vielen von gegenseitigem Respekt&#8230; <a class=\"read-more-link\" href=\"https:\/\/www.fanprojekt-muenster.de\/wordpress\/die-ag-preussenstadion-zur-anstehenden-ratsentscheidung-zum-preussenstadion\/\">Read more &raquo;<\/a><\/p>\n","protected":false},"author":7,"featured_media":8184,"comment_status":"closed","ping_status":"open","sticky":false,"template":"","format":"standard","meta":{"advgb_blocks_editor_width":"","advgb_blocks_columns_visual_guide":"","footnotes":""},"categories":[314],"tags":[],"class_list":["post-8753","post","type-post","status-publish","format-standard","has-post-thumbnail","hentry","category-ag-preussenstadion"],"featured_image_src":"https:\/\/www.fanprojekt-muenster.de\/wordpress\/wp-content\/uploads\/2020\/12\/logo_ideenkonzept.jpg","author_info":{"display_name":"CJO","author_link":"https:\/\/www.fanprojekt-muenster.de\/wordpress\/author\/jogy\/"},"yoast_head":"<!-- This site is optimized with the Yoast SEO plugin v27.2 - https:\/\/yoast.com\/product\/yoast-seo-wordpress\/ -->\n<title>Die AG Preu\u00dfenstadion zur anstehenden Ratsentscheidung zum Preu\u00dfenstadion - Fangemeinschaft Preu\u00dfen M\u00fcnster e. V.<\/title>\n<meta name=\"robots\" content=\"index, follow, max-snippet:-1, max-image-preview:large, max-video-preview:-1\" \/>\n<link rel=\"canonical\" href=\"https:\/\/www.fanprojekt-muenster.de\/wordpress\/die-ag-preussenstadion-zur-anstehenden-ratsentscheidung-zum-preussenstadion\/\" \/>\n<meta property=\"og:locale\" content=\"de_DE\" \/>\n<meta property=\"og:type\" content=\"article\" \/>\n<meta property=\"og:title\" content=\"Die AG Preu\u00dfenstadion zur anstehenden Ratsentscheidung zum Preu\u00dfenstadion - Fangemeinschaft Preu\u00dfen M\u00fcnster e. V.\" \/>\n<meta property=\"og:description\" content=\"Die \u201eArbeitsgemeinschaft Preu\u00dfenstadion\u201c (ein heterogener Zusammenschluss von Fans aus allen Bereichen des Stadions) besch\u00e4ftigt sich seit \u00fcber 2,5 Jahren intensiv mit dem Umbau des Preu\u00dfenstadions. In vielen von gegenseitigem Respekt... Read more &raquo;\" \/>\n<meta property=\"og:url\" content=\"https:\/\/www.fanprojekt-muenster.de\/wordpress\/die-ag-preussenstadion-zur-anstehenden-ratsentscheidung-zum-preussenstadion\/\" \/>\n<meta property=\"og:site_name\" content=\"Fangemeinschaft Preu\u00dfen M\u00fcnster e. V.\" \/>\n<meta property=\"article:published_time\" content=\"2022-09-05T18:52:21+00:00\" \/>\n<meta property=\"article:modified_time\" content=\"2022-09-05T18:52:24+00:00\" \/>\n<meta property=\"og:image\" content=\"https:\/\/www.fanprojekt-muenster.de\/wordpress\/wp-content\/uploads\/2020\/12\/logo_ideenkonzept.jpg\" \/>\n\t<meta property=\"og:image:width\" content=\"600\" \/>\n\t<meta property=\"og:image:height\" content=\"450\" \/>\n\t<meta property=\"og:image:type\" content=\"image\/jpeg\" \/>\n<meta name=\"author\" content=\"CJO\" \/>\n<meta name=\"twitter:card\" content=\"summary_large_image\" \/>\n<meta name=\"twitter:label1\" content=\"Verfasst von\" \/>\n\t<meta name=\"twitter:data1\" content=\"CJO\" \/>\n\t<meta name=\"twitter:label2\" content=\"Gesch\u00e4tzte Lesezeit\" \/>\n\t<meta name=\"twitter:data2\" content=\"2\u00a0Minuten\" \/>\n<script type=\"application\/ld+json\" class=\"yoast-schema-graph\">{\"@context\":\"https:\/\/schema.org\",\"@graph\":[{\"@type\":\"Article\",\"@id\":\"https:\/\/www.fanprojekt-muenster.de\/wordpress\/die-ag-preussenstadion-zur-anstehenden-ratsentscheidung-zum-preussenstadion\/#article\",\"isPartOf\":{\"@id\":\"https:\/\/www.fanprojekt-muenster.de\/wordpress\/die-ag-preussenstadion-zur-anstehenden-ratsentscheidung-zum-preussenstadion\/\"},\"author\":{\"name\":\"CJO\",\"@id\":\"https:\/\/www.fanprojekt-muenster.de\/wordpress\/#\/schema\/person\/744936f7caad5b07423673506682ba59\"},\"headline\":\"Die AG Preu\u00dfenstadion zur anstehenden Ratsentscheidung zum Preu\u00dfenstadion\",\"datePublished\":\"2022-09-05T18:52:21+00:00\",\"dateModified\":\"2022-09-05T18:52:24+00:00\",\"mainEntityOfPage\":{\"@id\":\"https:\/\/www.fanprojekt-muenster.de\/wordpress\/die-ag-preussenstadion-zur-anstehenden-ratsentscheidung-zum-preussenstadion\/\"},\"wordCount\":252,\"publisher\":{\"@id\":\"https:\/\/www.fanprojekt-muenster.de\/wordpress\/#organization\"},\"image\":{\"@id\":\"https:\/\/www.fanprojekt-muenster.de\/wordpress\/die-ag-preussenstadion-zur-anstehenden-ratsentscheidung-zum-preussenstadion\/#primaryimage\"},\"thumbnailUrl\":\"https:\/\/www.fanprojekt-muenster.de\/wordpress\/wp-content\/uploads\/2020\/12\/logo_ideenkonzept.jpg\",\"articleSection\":[\"AG Preu\u00dfenstadion\"],\"inLanguage\":\"de\"},{\"@type\":\"WebPage\",\"@id\":\"https:\/\/www.fanprojekt-muenster.de\/wordpress\/die-ag-preussenstadion-zur-anstehenden-ratsentscheidung-zum-preussenstadion\/\",\"url\":\"https:\/\/www.fanprojekt-muenster.de\/wordpress\/die-ag-preussenstadion-zur-anstehenden-ratsentscheidung-zum-preussenstadion\/\",\"name\":\"Die AG Preu\u00dfenstadion zur anstehenden Ratsentscheidung zum Preu\u00dfenstadion - Fangemeinschaft Preu\u00dfen M\u00fcnster e. V.\",\"isPartOf\":{\"@id\":\"https:\/\/www.fanprojekt-muenster.de\/wordpress\/#website\"},\"primaryImageOfPage\":{\"@id\":\"https:\/\/www.fanprojekt-muenster.de\/wordpress\/die-ag-preussenstadion-zur-anstehenden-ratsentscheidung-zum-preussenstadion\/#primaryimage\"},\"image\":{\"@id\":\"https:\/\/www.fanprojekt-muenster.de\/wordpress\/die-ag-preussenstadion-zur-anstehenden-ratsentscheidung-zum-preussenstadion\/#primaryimage\"},\"thumbnailUrl\":\"https:\/\/www.fanprojekt-muenster.de\/wordpress\/wp-content\/uploads\/2020\/12\/logo_ideenkonzept.jpg\",\"datePublished\":\"2022-09-05T18:52:21+00:00\",\"dateModified\":\"2022-09-05T18:52:24+00:00\",\"breadcrumb\":{\"@id\":\"https:\/\/www.fanprojekt-muenster.de\/wordpress\/die-ag-preussenstadion-zur-anstehenden-ratsentscheidung-zum-preussenstadion\/#breadcrumb\"},\"inLanguage\":\"de\",\"potentialAction\":[{\"@type\":\"ReadAction\",\"target\":[\"https:\/\/www.fanprojekt-muenster.de\/wordpress\/die-ag-preussenstadion-zur-anstehenden-ratsentscheidung-zum-preussenstadion\/\"]}]},{\"@type\":\"ImageObject\",\"inLanguage\":\"de\",\"@id\":\"https:\/\/www.fanprojekt-muenster.de\/wordpress\/die-ag-preussenstadion-zur-anstehenden-ratsentscheidung-zum-preussenstadion\/#primaryimage\",\"url\":\"https:\/\/www.fanprojekt-muenster.de\/wordpress\/wp-content\/uploads\/2020\/12\/logo_ideenkonzept.jpg\",\"contentUrl\":\"https:\/\/www.fanprojekt-muenster.de\/wordpress\/wp-content\/uploads\/2020\/12\/logo_ideenkonzept.jpg\",\"width\":600,\"height\":450},{\"@type\":\"BreadcrumbList\",\"@id\":\"https:\/\/www.fanprojekt-muenster.de\/wordpress\/die-ag-preussenstadion-zur-anstehenden-ratsentscheidung-zum-preussenstadion\/#breadcrumb\",\"itemListElement\":[{\"@type\":\"ListItem\",\"position\":1,\"name\":\"Startseite\",\"item\":\"https:\/\/www.fanprojekt-muenster.de\/wordpress\/\"},{\"@type\":\"ListItem\",\"position\":2,\"name\":\"Die AG Preu\u00dfenstadion zur anstehenden Ratsentscheidung zum Preu\u00dfenstadion\"}]},{\"@type\":\"WebSite\",\"@id\":\"https:\/\/www.fanprojekt-muenster.de\/wordpress\/#website\",\"url\":\"https:\/\/www.fanprojekt-muenster.de\/wordpress\/\",\"name\":\"Fangemeinschaft Preu\u00dfen M\u00fcnster e. V.\",\"description\":\"\",\"publisher\":{\"@id\":\"https:\/\/www.fanprojekt-muenster.de\/wordpress\/#organization\"},\"potentialAction\":[{\"@type\":\"SearchAction\",\"target\":{\"@type\":\"EntryPoint\",\"urlTemplate\":\"https:\/\/www.fanprojekt-muenster.de\/wordpress\/?s={search_term_string}\"},\"query-input\":{\"@type\":\"PropertyValueSpecification\",\"valueRequired\":true,\"valueName\":\"search_term_string\"}}],\"inLanguage\":\"de\"},{\"@type\":\"Organization\",\"@id\":\"https:\/\/www.fanprojekt-muenster.de\/wordpress\/#organization\",\"name\":\"Fangemeinschaft Preu\u00dfen M\u00fcnster e. V.\",\"url\":\"https:\/\/www.fanprojekt-muenster.de\/wordpress\/\",\"logo\":{\"@type\":\"ImageObject\",\"inLanguage\":\"de\",\"@id\":\"https:\/\/www.fanprojekt-muenster.de\/wordpress\/#\/schema\/logo\/image\/\",\"url\":\"https:\/\/www.fanprojekt-muenster.de\/wordpress\/wp-content\/uploads\/2019\/07\/cropped-Website_Logo3-9.png\",\"contentUrl\":\"https:\/\/www.fanprojekt-muenster.de\/wordpress\/wp-content\/uploads\/2019\/07\/cropped-Website_Logo3-9.png\",\"width\":224,\"height\":42,\"caption\":\"Fangemeinschaft Preu\u00dfen M\u00fcnster e. V.\"},\"image\":{\"@id\":\"https:\/\/www.fanprojekt-muenster.de\/wordpress\/#\/schema\/logo\/image\/\"}},{\"@type\":\"Person\",\"@id\":\"https:\/\/www.fanprojekt-muenster.de\/wordpress\/#\/schema\/person\/744936f7caad5b07423673506682ba59\",\"name\":\"CJO\",\"url\":\"https:\/\/www.fanprojekt-muenster.de\/wordpress\/author\/jogy\/\"}]}<\/script>\n<!-- \/ Yoast SEO plugin. -->","yoast_head_json":{"title":"Die AG Preu\u00dfenstadion zur anstehenden Ratsentscheidung zum Preu\u00dfenstadion - Fangemeinschaft Preu\u00dfen M\u00fcnster e. V.","robots":{"index":"index","follow":"follow","max-snippet":"max-snippet:-1","max-image-preview":"max-image-preview:large","max-video-preview":"max-video-preview:-1"},"canonical":"https:\/\/www.fanprojekt-muenster.de\/wordpress\/die-ag-preussenstadion-zur-anstehenden-ratsentscheidung-zum-preussenstadion\/","og_locale":"de_DE","og_type":"article","og_title":"Die AG Preu\u00dfenstadion zur anstehenden Ratsentscheidung zum Preu\u00dfenstadion - Fangemeinschaft Preu\u00dfen M\u00fcnster e. V.","og_description":"Die \u201eArbeitsgemeinschaft Preu\u00dfenstadion\u201c (ein heterogener Zusammenschluss von Fans aus allen Bereichen des Stadions) besch\u00e4ftigt sich seit \u00fcber 2,5 Jahren intensiv mit dem Umbau des Preu\u00dfenstadions. In vielen von gegenseitigem Respekt... Read more &raquo;","og_url":"https:\/\/www.fanprojekt-muenster.de\/wordpress\/die-ag-preussenstadion-zur-anstehenden-ratsentscheidung-zum-preussenstadion\/","og_site_name":"Fangemeinschaft Preu\u00dfen M\u00fcnster e. V.","article_published_time":"2022-09-05T18:52:21+00:00","article_modified_time":"2022-09-05T18:52:24+00:00","og_image":[{"width":600,"height":450,"url":"https:\/\/www.fanprojekt-muenster.de\/wordpress\/wp-content\/uploads\/2020\/12\/logo_ideenkonzept.jpg","type":"image\/jpeg"}],"author":"CJO","twitter_card":"summary_large_image","twitter_misc":{"Verfasst von":"CJO","Gesch\u00e4tzte Lesezeit":"2\u00a0Minuten"},"schema":{"@context":"https:\/\/schema.org","@graph":[{"@type":"Article","@id":"https:\/\/www.fanprojekt-muenster.de\/wordpress\/die-ag-preussenstadion-zur-anstehenden-ratsentscheidung-zum-preussenstadion\/#article","isPartOf":{"@id":"https:\/\/www.fanprojekt-muenster.de\/wordpress\/die-ag-preussenstadion-zur-anstehenden-ratsentscheidung-zum-preussenstadion\/"},"author":{"name":"CJO","@id":"https:\/\/www.fanprojekt-muenster.de\/wordpress\/#\/schema\/person\/744936f7caad5b07423673506682ba59"},"headline":"Die AG Preu\u00dfenstadion zur anstehenden Ratsentscheidung zum Preu\u00dfenstadion","datePublished":"2022-09-05T18:52:21+00:00","dateModified":"2022-09-05T18:52:24+00:00","mainEntityOfPage":{"@id":"https:\/\/www.fanprojekt-muenster.de\/wordpress\/die-ag-preussenstadion-zur-anstehenden-ratsentscheidung-zum-preussenstadion\/"},"wordCount":252,"publisher":{"@id":"https:\/\/www.fanprojekt-muenster.de\/wordpress\/#organization"},"image":{"@id":"https:\/\/www.fanprojekt-muenster.de\/wordpress\/die-ag-preussenstadion-zur-anstehenden-ratsentscheidung-zum-preussenstadion\/#primaryimage"},"thumbnailUrl":"https:\/\/www.fanprojekt-muenster.de\/wordpress\/wp-content\/uploads\/2020\/12\/logo_ideenkonzept.jpg","articleSection":["AG Preu\u00dfenstadion"],"inLanguage":"de"},{"@type":"WebPage","@id":"https:\/\/www.fanprojekt-muenster.de\/wordpress\/die-ag-preussenstadion-zur-anstehenden-ratsentscheidung-zum-preussenstadion\/","url":"https:\/\/www.fanprojekt-muenster.de\/wordpress\/die-ag-preussenstadion-zur-anstehenden-ratsentscheidung-zum-preussenstadion\/","name":"Die AG Preu\u00dfenstadion zur anstehenden Ratsentscheidung zum Preu\u00dfenstadion - Fangemeinschaft Preu\u00dfen M\u00fcnster e. V.","isPartOf":{"@id":"https:\/\/www.fanprojekt-muenster.de\/wordpress\/#website"},"primaryImageOfPage":{"@id":"https:\/\/www.fanprojekt-muenster.de\/wordpress\/die-ag-preussenstadion-zur-anstehenden-ratsentscheidung-zum-preussenstadion\/#primaryimage"},"image":{"@id":"https:\/\/www.fanprojekt-muenster.de\/wordpress\/die-ag-preussenstadion-zur-anstehenden-ratsentscheidung-zum-preussenstadion\/#primaryimage"},"thumbnailUrl":"https:\/\/www.fanprojekt-muenster.de\/wordpress\/wp-content\/uploads\/2020\/12\/logo_ideenkonzept.jpg","datePublished":"2022-09-05T18:52:21+00:00","dateModified":"2022-09-05T18:52:24+00:00","breadcrumb":{"@id":"https:\/\/www.fanprojekt-muenster.de\/wordpress\/die-ag-preussenstadion-zur-anstehenden-ratsentscheidung-zum-preussenstadion\/#breadcrumb"},"inLanguage":"de","potentialAction":[{"@type":"ReadAction","target":["https:\/\/www.fanprojekt-muenster.de\/wordpress\/die-ag-preussenstadion-zur-anstehenden-ratsentscheidung-zum-preussenstadion\/"]}]},{"@type":"ImageObject","inLanguage":"de","@id":"https:\/\/www.fanprojekt-muenster.de\/wordpress\/die-ag-preussenstadion-zur-anstehenden-ratsentscheidung-zum-preussenstadion\/#primaryimage","url":"https:\/\/www.fanprojekt-muenster.de\/wordpress\/wp-content\/uploads\/2020\/12\/logo_ideenkonzept.jpg","contentUrl":"https:\/\/www.fanprojekt-muenster.de\/wordpress\/wp-content\/uploads\/2020\/12\/logo_ideenkonzept.jpg","width":600,"height":450},{"@type":"BreadcrumbList","@id":"https:\/\/www.fanprojekt-muenster.de\/wordpress\/die-ag-preussenstadion-zur-anstehenden-ratsentscheidung-zum-preussenstadion\/#breadcrumb","itemListElement":[{"@type":"ListItem","position":1,"name":"Startseite","item":"https:\/\/www.fanprojekt-muenster.de\/wordpress\/"},{"@type":"ListItem","position":2,"name":"Die AG Preu\u00dfenstadion zur anstehenden Ratsentscheidung zum Preu\u00dfenstadion"}]},{"@type":"WebSite","@id":"https:\/\/www.fanprojekt-muenster.de\/wordpress\/#website","url":"https:\/\/www.fanprojekt-muenster.de\/wordpress\/","name":"Fangemeinschaft Preu\u00dfen M\u00fcnster e. V.","description":"","publisher":{"@id":"https:\/\/www.fanprojekt-muenster.de\/wordpress\/#organization"},"potentialAction":[{"@type":"SearchAction","target":{"@type":"EntryPoint","urlTemplate":"https:\/\/www.fanprojekt-muenster.de\/wordpress\/?s={search_term_string}"},"query-input":{"@type":"PropertyValueSpecification","valueRequired":true,"valueName":"search_term_string"}}],"inLanguage":"de"},{"@type":"Organization","@id":"https:\/\/www.fanprojekt-muenster.de\/wordpress\/#organization","name":"Fangemeinschaft Preu\u00dfen M\u00fcnster e. V.","url":"https:\/\/www.fanprojekt-muenster.de\/wordpress\/","logo":{"@type":"ImageObject","inLanguage":"de","@id":"https:\/\/www.fanprojekt-muenster.de\/wordpress\/#\/schema\/logo\/image\/","url":"https:\/\/www.fanprojekt-muenster.de\/wordpress\/wp-content\/uploads\/2019\/07\/cropped-Website_Logo3-9.png","contentUrl":"https:\/\/www.fanprojekt-muenster.de\/wordpress\/wp-content\/uploads\/2019\/07\/cropped-Website_Logo3-9.png","width":224,"height":42,"caption":"Fangemeinschaft Preu\u00dfen M\u00fcnster e. V."},"image":{"@id":"https:\/\/www.fanprojekt-muenster.de\/wordpress\/#\/schema\/logo\/image\/"}},{"@type":"Person","@id":"https:\/\/www.fanprojekt-muenster.de\/wordpress\/#\/schema\/person\/744936f7caad5b07423673506682ba59","name":"CJO","url":"https:\/\/www.fanprojekt-muenster.de\/wordpress\/author\/jogy\/"}]}},"author_meta":{"display_name":"CJO","author_link":"https:\/\/www.fanprojekt-muenster.de\/wordpress\/author\/jogy\/"},"featured_img":"https:\/\/www.fanprojekt-muenster.de\/wordpress\/wp-content\/uploads\/2020\/12\/logo_ideenkonzept-300x225.jpg","coauthors":[],"tax_additional":{"categories":{"linked":["<a href=\"https:\/\/www.fanprojekt-muenster.de\/wordpress\/category\/ag-preussenstadion\/\" class=\"advgb-post-tax-term\">AG Preu\u00dfenstadion<\/a>"],"unlinked":["<span class=\"advgb-post-tax-term\">AG Preu\u00dfenstadion<\/span>"]}},"comment_count":"0","relative_dates":{"created":"Posted 4\u00a0Jahren ago","modified":"Updated 4\u00a0Jahren ago"},"absolute_dates":{"created":"Posted on 5. September 2022","modified":"Updated on 5. September 2022"},"absolute_dates_time":{"created":"Posted on 5. September 2022 20:52","modified":"Updated on 5. September 2022 20:52"},"featured_img_caption":"","series_order":"","_links":{"self":[{"href":"https:\/\/www.fanprojekt-muenster.de\/wordpress\/wp-json\/wp\/v2\/posts\/8753","targetHints":{"allow":["GET"]}}],"collection":[{"href":"https:\/\/www.fanprojekt-muenster.de\/wordpress\/wp-json\/wp\/v2\/posts"}],"about":[{"href":"https:\/\/www.fanprojekt-muenster.de\/wordpress\/wp-json\/wp\/v2\/types\/post"}],"author":[{"embeddable":true,"href":"https:\/\/www.fanprojekt-muenster.de\/wordpress\/wp-json\/wp\/v2\/users\/7"}],"replies":[{"embeddable":true,"href":"https:\/\/www.fanprojekt-muenster.de\/wordpress\/wp-json\/wp\/v2\/comments?post=8753"}],"version-history":[{"count":2,"href":"https:\/\/www.fanprojekt-muenster.de\/wordpress\/wp-json\/wp\/v2\/posts\/8753\/revisions"}],"predecessor-version":[{"id":8755,"href":"https:\/\/www.fanprojekt-muenster.de\/wordpress\/wp-json\/wp\/v2\/posts\/8753\/revisions\/8755"}],"wp:featuredmedia":[{"embeddable":true,"href":"https:\/\/www.fanprojekt-muenster.de\/wordpress\/wp-json\/wp\/v2\/media\/8184"}],"wp:attachment":[{"href":"https:\/\/www.fanprojekt-muenster.de\/wordpress\/wp-json\/wp\/v2\/media?parent=8753"}],"wp:term":[{"taxonomy":"category","embeddable":true,"href":"https:\/\/www.fanprojekt-muenster.de\/wordpress\/wp-json\/wp\/v2\/categories?post=8753"},{"taxonomy":"post_tag","embeddable":true,"href":"https:\/\/www.fanprojekt-muenster.de\/wordpress\/wp-json\/wp\/v2\/tags?post=8753"}],"curies":[{"name":"wp","href":"https:\/\/api.w.org\/{rel}","templated":true}]}}