{"id":8748,"date":"2022-08-28T18:02:16","date_gmt":"2022-08-28T16:02:16","guid":{"rendered":"https:\/\/www.fanprojekt-muenster.de\/wordpress\/?p=8748"},"modified":"2022-08-28T18:02:19","modified_gmt":"2022-08-28T16:02:19","slug":"jahreshauptversammlung-2022-2023","status":"publish","type":"post","link":"https:\/\/www.fanprojekt-muenster.de\/wordpress\/jahreshauptversammlung-2022-2023\/","title":{"rendered":"Jahreshauptversammlung 2022\/2023"},"content":{"rendered":"<p>Liebe Mitglieder,<\/p>\n<p>mit dieser Ver\u00f6ffentlichung m\u00f6chten wir euch herzlichst zur ordentlichen Mitgliederversammlung im Gesch\u00e4ftsjahr 2022\/2023 einladen. Am Montag, den 19. September 2022 werden ab 19:06 Uhr im ersten Obergeschoss der Haupttrib\u00fcne des st\u00e4dtischen Stadions an der Hammer Stra\u00dfe folgende Tagesordnungspunkte anstehen:<\/p>\n<ul style=\"list-style-type: none;\">\n<li>TOP&nbsp;01&nbsp;&nbsp;&nbsp;Begr\u00fc\u00dfung<\/li>\n<li>TOP&nbsp;02&nbsp;&nbsp;&nbsp;Bericht des Vorstandes<\/li>\n<li>TOP&nbsp;03&nbsp;&nbsp;&nbsp;Kassenbericht<\/li>\n<li>TOP&nbsp;04&nbsp;&nbsp;&nbsp;Kassenpr\u00fcferbericht<\/li>\n<li>TOP&nbsp;05&nbsp;&nbsp;&nbsp;Bericht des Ehrenrates<\/li>\n<li>TOP&nbsp;06&nbsp;&nbsp;&nbsp;Entlastung des Vorstandes<\/li>\n<li>TOP&nbsp;07&nbsp;&nbsp;&nbsp;Antr\u00e4ge<\/li>\n<li>TOP&nbsp;08&nbsp;&nbsp;&nbsp;Mitgliedsbeitr\u00e4ge<\/li>\n<li>TOP&nbsp;09&nbsp;&nbsp;&nbsp;Verschiedenes<\/li>\n<\/ul>\n<p>Alle Mitglieder m\u00fcssen sich mit ihrem Mitglieds- oder einem Lichtbildausweis an der Anmeldung ausweisen.<\/p>\n<p>Beachtet bitte, dass die Mitgliederversammlung unabh\u00e4ngig von der Anzahl anwesender Mitglieder beschlussf\u00e4hig ist.<\/p>\n<p>&nbsp;<\/p>\n<p>Wir freuen uns auf euer Erscheinen,<br \/>\neuer Vorstand.<\/p>\n","protected":false},"excerpt":{"rendered":"<p>Liebe Mitglieder, mit dieser Ver\u00f6ffentlichung m\u00f6chten wir euch herzlichst zur ordentlichen Mitgliederversammlung im Gesch\u00e4ftsjahr 2022\/2023 einladen. Am Montag, den 19. September 2022 werden ab 19:06 Uhr im ersten Obergeschoss der&#8230; <a class=\"read-more-link\" href=\"https:\/\/www.fanprojekt-muenster.de\/wordpress\/jahreshauptversammlung-2022-2023\/\">Read more &raquo;<\/a><\/p>\n","protected":false},"author":7,"featured_media":6859,"comment_status":"closed","ping_status":"open","sticky":false,"template":"","format":"standard","meta":{"advgb_blocks_editor_width":"","advgb_blocks_columns_visual_guide":"","footnotes":""},"categories":[1],"tags":[],"class_list":["post-8748","post","type-post","status-publish","format-standard","has-post-thumbnail","hentry","category-allgemein"],"featured_image_src":"https:\/\/www.fanprojekt-muenster.de\/wordpress\/wp-content\/uploads\/2019\/07\/Preussenadler_FP-1024x1024-400x300.png","author_info":{"display_name":"CJO","author_link":"https:\/\/www.fanprojekt-muenster.de\/wordpress\/author\/jogy\/"},"yoast_head":"<!-- This site is optimized with the Yoast SEO plugin v27.2 - https:\/\/yoast.com\/product\/yoast-seo-wordpress\/ -->\n<title>Jahreshauptversammlung 2022\/2023 - Fangemeinschaft Preu\u00dfen M\u00fcnster e. V.<\/title>\n<meta name=\"robots\" content=\"index, follow, max-snippet:-1, max-image-preview:large, max-video-preview:-1\" \/>\n<link rel=\"canonical\" href=\"https:\/\/www.fanprojekt-muenster.de\/wordpress\/jahreshauptversammlung-2022-2023\/\" \/>\n<meta property=\"og:locale\" content=\"de_DE\" \/>\n<meta property=\"og:type\" content=\"article\" \/>\n<meta property=\"og:title\" content=\"Jahreshauptversammlung 2022\/2023 - Fangemeinschaft Preu\u00dfen M\u00fcnster e. V.\" \/>\n<meta property=\"og:description\" content=\"Liebe Mitglieder, mit dieser Ver\u00f6ffentlichung m\u00f6chten wir euch herzlichst zur ordentlichen Mitgliederversammlung im Gesch\u00e4ftsjahr 2022\/2023 einladen. Am Montag, den 19. September 2022 werden ab 19:06 Uhr im ersten Obergeschoss der... Read more &raquo;\" \/>\n<meta property=\"og:url\" content=\"https:\/\/www.fanprojekt-muenster.de\/wordpress\/jahreshauptversammlung-2022-2023\/\" \/>\n<meta property=\"og:site_name\" content=\"Fangemeinschaft Preu\u00dfen M\u00fcnster e. V.\" \/>\n<meta property=\"article:published_time\" content=\"2022-08-28T16:02:16+00:00\" \/>\n<meta property=\"article:modified_time\" content=\"2022-08-28T16:02:19+00:00\" \/>\n<meta property=\"og:image\" content=\"https:\/\/www.fanprojekt-muenster.de\/wordpress\/wp-content\/uploads\/2019\/07\/Preussenadler_FP-1024x1024-400x300.png\" \/>\n\t<meta property=\"og:image:width\" content=\"400\" \/>\n\t<meta property=\"og:image:height\" content=\"300\" \/>\n\t<meta property=\"og:image:type\" content=\"image\/png\" \/>\n<meta name=\"author\" content=\"CJO\" \/>\n<meta name=\"twitter:card\" content=\"summary_large_image\" \/>\n<meta name=\"twitter:label1\" content=\"Verfasst von\" \/>\n\t<meta name=\"twitter:data1\" content=\"CJO\" \/>\n\t<meta name=\"twitter:label2\" content=\"Gesch\u00e4tzte Lesezeit\" \/>\n\t<meta name=\"twitter:data2\" content=\"1\u00a0Minute\" \/>\n<script type=\"application\/ld+json\" class=\"yoast-schema-graph\">{\"@context\":\"https:\/\/schema.org\",\"@graph\":[{\"@type\":\"Article\",\"@id\":\"https:\/\/www.fanprojekt-muenster.de\/wordpress\/jahreshauptversammlung-2022-2023\/#article\",\"isPartOf\":{\"@id\":\"https:\/\/www.fanprojekt-muenster.de\/wordpress\/jahreshauptversammlung-2022-2023\/\"},\"author\":{\"name\":\"CJO\",\"@id\":\"https:\/\/www.fanprojekt-muenster.de\/wordpress\/#\/schema\/person\/744936f7caad5b07423673506682ba59\"},\"headline\":\"Jahreshauptversammlung 2022\/2023\",\"datePublished\":\"2022-08-28T16:02:16+00:00\",\"dateModified\":\"2022-08-28T16:02:19+00:00\",\"mainEntityOfPage\":{\"@id\":\"https:\/\/www.fanprojekt-muenster.de\/wordpress\/jahreshauptversammlung-2022-2023\/\"},\"wordCount\":147,\"publisher\":{\"@id\":\"https:\/\/www.fanprojekt-muenster.de\/wordpress\/#organization\"},\"image\":{\"@id\":\"https:\/\/www.fanprojekt-muenster.de\/wordpress\/jahreshauptversammlung-2022-2023\/#primaryimage\"},\"thumbnailUrl\":\"https:\/\/www.fanprojekt-muenster.de\/wordpress\/wp-content\/uploads\/2019\/07\/Preussenadler_FP-1024x1024-400x300.png\",\"inLanguage\":\"de\"},{\"@type\":\"WebPage\",\"@id\":\"https:\/\/www.fanprojekt-muenster.de\/wordpress\/jahreshauptversammlung-2022-2023\/\",\"url\":\"https:\/\/www.fanprojekt-muenster.de\/wordpress\/jahreshauptversammlung-2022-2023\/\",\"name\":\"Jahreshauptversammlung 2022\/2023 - Fangemeinschaft Preu\u00dfen M\u00fcnster e. V.\",\"isPartOf\":{\"@id\":\"https:\/\/www.fanprojekt-muenster.de\/wordpress\/#website\"},\"primaryImageOfPage\":{\"@id\":\"https:\/\/www.fanprojekt-muenster.de\/wordpress\/jahreshauptversammlung-2022-2023\/#primaryimage\"},\"image\":{\"@id\":\"https:\/\/www.fanprojekt-muenster.de\/wordpress\/jahreshauptversammlung-2022-2023\/#primaryimage\"},\"thumbnailUrl\":\"https:\/\/www.fanprojekt-muenster.de\/wordpress\/wp-content\/uploads\/2019\/07\/Preussenadler_FP-1024x1024-400x300.png\",\"datePublished\":\"2022-08-28T16:02:16+00:00\",\"dateModified\":\"2022-08-28T16:02:19+00:00\",\"breadcrumb\":{\"@id\":\"https:\/\/www.fanprojekt-muenster.de\/wordpress\/jahreshauptversammlung-2022-2023\/#breadcrumb\"},\"inLanguage\":\"de\",\"potentialAction\":[{\"@type\":\"ReadAction\",\"target\":[\"https:\/\/www.fanprojekt-muenster.de\/wordpress\/jahreshauptversammlung-2022-2023\/\"]}]},{\"@type\":\"ImageObject\",\"inLanguage\":\"de\",\"@id\":\"https:\/\/www.fanprojekt-muenster.de\/wordpress\/jahreshauptversammlung-2022-2023\/#primaryimage\",\"url\":\"https:\/\/www.fanprojekt-muenster.de\/wordpress\/wp-content\/uploads\/2019\/07\/Preussenadler_FP-1024x1024-400x300.png\",\"contentUrl\":\"https:\/\/www.fanprojekt-muenster.de\/wordpress\/wp-content\/uploads\/2019\/07\/Preussenadler_FP-1024x1024-400x300.png\",\"width\":400,\"height\":300},{\"@type\":\"BreadcrumbList\",\"@id\":\"https:\/\/www.fanprojekt-muenster.de\/wordpress\/jahreshauptversammlung-2022-2023\/#breadcrumb\",\"itemListElement\":[{\"@type\":\"ListItem\",\"position\":1,\"name\":\"Startseite\",\"item\":\"https:\/\/www.fanprojekt-muenster.de\/wordpress\/\"},{\"@type\":\"ListItem\",\"position\":2,\"name\":\"Jahreshauptversammlung 2022\/2023\"}]},{\"@type\":\"WebSite\",\"@id\":\"https:\/\/www.fanprojekt-muenster.de\/wordpress\/#website\",\"url\":\"https:\/\/www.fanprojekt-muenster.de\/wordpress\/\",\"name\":\"Fangemeinschaft Preu\u00dfen M\u00fcnster e. V.\",\"description\":\"\",\"publisher\":{\"@id\":\"https:\/\/www.fanprojekt-muenster.de\/wordpress\/#organization\"},\"potentialAction\":[{\"@type\":\"SearchAction\",\"target\":{\"@type\":\"EntryPoint\",\"urlTemplate\":\"https:\/\/www.fanprojekt-muenster.de\/wordpress\/?s={search_term_string}\"},\"query-input\":{\"@type\":\"PropertyValueSpecification\",\"valueRequired\":true,\"valueName\":\"search_term_string\"}}],\"inLanguage\":\"de\"},{\"@type\":\"Organization\",\"@id\":\"https:\/\/www.fanprojekt-muenster.de\/wordpress\/#organization\",\"name\":\"Fangemeinschaft Preu\u00dfen M\u00fcnster e. V.\",\"url\":\"https:\/\/www.fanprojekt-muenster.de\/wordpress\/\",\"logo\":{\"@type\":\"ImageObject\",\"inLanguage\":\"de\",\"@id\":\"https:\/\/www.fanprojekt-muenster.de\/wordpress\/#\/schema\/logo\/image\/\",\"url\":\"https:\/\/www.fanprojekt-muenster.de\/wordpress\/wp-content\/uploads\/2019\/07\/cropped-Website_Logo3-9.png\",\"contentUrl\":\"https:\/\/www.fanprojekt-muenster.de\/wordpress\/wp-content\/uploads\/2019\/07\/cropped-Website_Logo3-9.png\",\"width\":224,\"height\":42,\"caption\":\"Fangemeinschaft Preu\u00dfen M\u00fcnster e. V.\"},\"image\":{\"@id\":\"https:\/\/www.fanprojekt-muenster.de\/wordpress\/#\/schema\/logo\/image\/\"}},{\"@type\":\"Person\",\"@id\":\"https:\/\/www.fanprojekt-muenster.de\/wordpress\/#\/schema\/person\/744936f7caad5b07423673506682ba59\",\"name\":\"CJO\",\"url\":\"https:\/\/www.fanprojekt-muenster.de\/wordpress\/author\/jogy\/\"}]}<\/script>\n<!-- \/ Yoast SEO plugin. -->","yoast_head_json":{"title":"Jahreshauptversammlung 2022\/2023 - Fangemeinschaft Preu\u00dfen M\u00fcnster e. V.","robots":{"index":"index","follow":"follow","max-snippet":"max-snippet:-1","max-image-preview":"max-image-preview:large","max-video-preview":"max-video-preview:-1"},"canonical":"https:\/\/www.fanprojekt-muenster.de\/wordpress\/jahreshauptversammlung-2022-2023\/","og_locale":"de_DE","og_type":"article","og_title":"Jahreshauptversammlung 2022\/2023 - Fangemeinschaft Preu\u00dfen M\u00fcnster e. V.","og_description":"Liebe Mitglieder, mit dieser Ver\u00f6ffentlichung m\u00f6chten wir euch herzlichst zur ordentlichen Mitgliederversammlung im Gesch\u00e4ftsjahr 2022\/2023 einladen. Am Montag, den 19. September 2022 werden ab 19:06 Uhr im ersten Obergeschoss der... Read more &raquo;","og_url":"https:\/\/www.fanprojekt-muenster.de\/wordpress\/jahreshauptversammlung-2022-2023\/","og_site_name":"Fangemeinschaft Preu\u00dfen M\u00fcnster e. V.","article_published_time":"2022-08-28T16:02:16+00:00","article_modified_time":"2022-08-28T16:02:19+00:00","og_image":[{"width":400,"height":300,"url":"https:\/\/www.fanprojekt-muenster.de\/wordpress\/wp-content\/uploads\/2019\/07\/Preussenadler_FP-1024x1024-400x300.png","type":"image\/png"}],"author":"CJO","twitter_card":"summary_large_image","twitter_misc":{"Verfasst von":"CJO","Gesch\u00e4tzte Lesezeit":"1\u00a0Minute"},"schema":{"@context":"https:\/\/schema.org","@graph":[{"@type":"Article","@id":"https:\/\/www.fanprojekt-muenster.de\/wordpress\/jahreshauptversammlung-2022-2023\/#article","isPartOf":{"@id":"https:\/\/www.fanprojekt-muenster.de\/wordpress\/jahreshauptversammlung-2022-2023\/"},"author":{"name":"CJO","@id":"https:\/\/www.fanprojekt-muenster.de\/wordpress\/#\/schema\/person\/744936f7caad5b07423673506682ba59"},"headline":"Jahreshauptversammlung 2022\/2023","datePublished":"2022-08-28T16:02:16+00:00","dateModified":"2022-08-28T16:02:19+00:00","mainEntityOfPage":{"@id":"https:\/\/www.fanprojekt-muenster.de\/wordpress\/jahreshauptversammlung-2022-2023\/"},"wordCount":147,"publisher":{"@id":"https:\/\/www.fanprojekt-muenster.de\/wordpress\/#organization"},"image":{"@id":"https:\/\/www.fanprojekt-muenster.de\/wordpress\/jahreshauptversammlung-2022-2023\/#primaryimage"},"thumbnailUrl":"https:\/\/www.fanprojekt-muenster.de\/wordpress\/wp-content\/uploads\/2019\/07\/Preussenadler_FP-1024x1024-400x300.png","inLanguage":"de"},{"@type":"WebPage","@id":"https:\/\/www.fanprojekt-muenster.de\/wordpress\/jahreshauptversammlung-2022-2023\/","url":"https:\/\/www.fanprojekt-muenster.de\/wordpress\/jahreshauptversammlung-2022-2023\/","name":"Jahreshauptversammlung 2022\/2023 - Fangemeinschaft Preu\u00dfen M\u00fcnster e. V.","isPartOf":{"@id":"https:\/\/www.fanprojekt-muenster.de\/wordpress\/#website"},"primaryImageOfPage":{"@id":"https:\/\/www.fanprojekt-muenster.de\/wordpress\/jahreshauptversammlung-2022-2023\/#primaryimage"},"image":{"@id":"https:\/\/www.fanprojekt-muenster.de\/wordpress\/jahreshauptversammlung-2022-2023\/#primaryimage"},"thumbnailUrl":"https:\/\/www.fanprojekt-muenster.de\/wordpress\/wp-content\/uploads\/2019\/07\/Preussenadler_FP-1024x1024-400x300.png","datePublished":"2022-08-28T16:02:16+00:00","dateModified":"2022-08-28T16:02:19+00:00","breadcrumb":{"@id":"https:\/\/www.fanprojekt-muenster.de\/wordpress\/jahreshauptversammlung-2022-2023\/#breadcrumb"},"inLanguage":"de","potentialAction":[{"@type":"ReadAction","target":["https:\/\/www.fanprojekt-muenster.de\/wordpress\/jahreshauptversammlung-2022-2023\/"]}]},{"@type":"ImageObject","inLanguage":"de","@id":"https:\/\/www.fanprojekt-muenster.de\/wordpress\/jahreshauptversammlung-2022-2023\/#primaryimage","url":"https:\/\/www.fanprojekt-muenster.de\/wordpress\/wp-content\/uploads\/2019\/07\/Preussenadler_FP-1024x1024-400x300.png","contentUrl":"https:\/\/www.fanprojekt-muenster.de\/wordpress\/wp-content\/uploads\/2019\/07\/Preussenadler_FP-1024x1024-400x300.png","width":400,"height":300},{"@type":"BreadcrumbList","@id":"https:\/\/www.fanprojekt-muenster.de\/wordpress\/jahreshauptversammlung-2022-2023\/#breadcrumb","itemListElement":[{"@type":"ListItem","position":1,"name":"Startseite","item":"https:\/\/www.fanprojekt-muenster.de\/wordpress\/"},{"@type":"ListItem","position":2,"name":"Jahreshauptversammlung 2022\/2023"}]},{"@type":"WebSite","@id":"https:\/\/www.fanprojekt-muenster.de\/wordpress\/#website","url":"https:\/\/www.fanprojekt-muenster.de\/wordpress\/","name":"Fangemeinschaft Preu\u00dfen M\u00fcnster e. V.","description":"","publisher":{"@id":"https:\/\/www.fanprojekt-muenster.de\/wordpress\/#organization"},"potentialAction":[{"@type":"SearchAction","target":{"@type":"EntryPoint","urlTemplate":"https:\/\/www.fanprojekt-muenster.de\/wordpress\/?s={search_term_string}"},"query-input":{"@type":"PropertyValueSpecification","valueRequired":true,"valueName":"search_term_string"}}],"inLanguage":"de"},{"@type":"Organization","@id":"https:\/\/www.fanprojekt-muenster.de\/wordpress\/#organization","name":"Fangemeinschaft Preu\u00dfen M\u00fcnster e. V.","url":"https:\/\/www.fanprojekt-muenster.de\/wordpress\/","logo":{"@type":"ImageObject","inLanguage":"de","@id":"https:\/\/www.fanprojekt-muenster.de\/wordpress\/#\/schema\/logo\/image\/","url":"https:\/\/www.fanprojekt-muenster.de\/wordpress\/wp-content\/uploads\/2019\/07\/cropped-Website_Logo3-9.png","contentUrl":"https:\/\/www.fanprojekt-muenster.de\/wordpress\/wp-content\/uploads\/2019\/07\/cropped-Website_Logo3-9.png","width":224,"height":42,"caption":"Fangemeinschaft Preu\u00dfen M\u00fcnster e. V."},"image":{"@id":"https:\/\/www.fanprojekt-muenster.de\/wordpress\/#\/schema\/logo\/image\/"}},{"@type":"Person","@id":"https:\/\/www.fanprojekt-muenster.de\/wordpress\/#\/schema\/person\/744936f7caad5b07423673506682ba59","name":"CJO","url":"https:\/\/www.fanprojekt-muenster.de\/wordpress\/author\/jogy\/"}]}},"author_meta":{"display_name":"CJO","author_link":"https:\/\/www.fanprojekt-muenster.de\/wordpress\/author\/jogy\/"},"featured_img":"https:\/\/www.fanprojekt-muenster.de\/wordpress\/wp-content\/uploads\/2019\/07\/Preussenadler_FP-1024x1024-400x300-300x225.png","coauthors":[],"tax_additional":{"categories":{"linked":["<a href=\"https:\/\/www.fanprojekt-muenster.de\/wordpress\/category\/allgemein\/\" class=\"advgb-post-tax-term\">Allgemein<\/a>"],"unlinked":["<span class=\"advgb-post-tax-term\">Allgemein<\/span>"]}},"comment_count":"0","relative_dates":{"created":"Posted 4\u00a0Jahren ago","modified":"Updated 4\u00a0Jahren ago"},"absolute_dates":{"created":"Posted on 28. August 2022","modified":"Updated on 28. August 2022"},"absolute_dates_time":{"created":"Posted on 28. August 2022 18:02","modified":"Updated on 28. August 2022 18:02"},"featured_img_caption":"","series_order":"","_links":{"self":[{"href":"https:\/\/www.fanprojekt-muenster.de\/wordpress\/wp-json\/wp\/v2\/posts\/8748","targetHints":{"allow":["GET"]}}],"collection":[{"href":"https:\/\/www.fanprojekt-muenster.de\/wordpress\/wp-json\/wp\/v2\/posts"}],"about":[{"href":"https:\/\/www.fanprojekt-muenster.de\/wordpress\/wp-json\/wp\/v2\/types\/post"}],"author":[{"embeddable":true,"href":"https:\/\/www.fanprojekt-muenster.de\/wordpress\/wp-json\/wp\/v2\/users\/7"}],"replies":[{"embeddable":true,"href":"https:\/\/www.fanprojekt-muenster.de\/wordpress\/wp-json\/wp\/v2\/comments?post=8748"}],"version-history":[{"count":2,"href":"https:\/\/www.fanprojekt-muenster.de\/wordpress\/wp-json\/wp\/v2\/posts\/8748\/revisions"}],"predecessor-version":[{"id":8750,"href":"https:\/\/www.fanprojekt-muenster.de\/wordpress\/wp-json\/wp\/v2\/posts\/8748\/revisions\/8750"}],"wp:featuredmedia":[{"embeddable":true,"href":"https:\/\/www.fanprojekt-muenster.de\/wordpress\/wp-json\/wp\/v2\/media\/6859"}],"wp:attachment":[{"href":"https:\/\/www.fanprojekt-muenster.de\/wordpress\/wp-json\/wp\/v2\/media?parent=8748"}],"wp:term":[{"taxonomy":"category","embeddable":true,"href":"https:\/\/www.fanprojekt-muenster.de\/wordpress\/wp-json\/wp\/v2\/categories?post=8748"},{"taxonomy":"post_tag","embeddable":true,"href":"https:\/\/www.fanprojekt-muenster.de\/wordpress\/wp-json\/wp\/v2\/tags?post=8748"}],"curies":[{"name":"wp","href":"https:\/\/api.w.org\/{rel}","templated":true}]}}