{"id":8724,"date":"2022-07-21T16:02:13","date_gmt":"2022-07-21T14:02:13","guid":{"rendered":"https:\/\/www.fanprojekt-muenster.de\/wordpress\/?p=8724"},"modified":"2022-07-21T16:02:16","modified_gmt":"2022-07-21T14:02:16","slug":"saisonfahrplan-2022-23","status":"publish","type":"post","link":"https:\/\/www.fanprojekt-muenster.de\/wordpress\/saisonfahrplan-2022-23\/","title":{"rendered":"Saisonfahrplan 2022\/23"},"content":{"rendered":"<p>Noch ist Sommer(pause), der Lorenz geiert, aber das erste Spiel der neuen Saison zum Greifen nah. Und das Fanprojekt?<br \/>\nNat\u00fcrlich erliegen wir auch den Verlockungen der fu\u00dfballfreien und warmen Jahreszeit, aber so ganz ohne Vorstandsarbeit geht es halt doch nicht. Und so m\u00f6chten wir auch an dieser Stelle einen kurzen <strong>Ausblick<\/strong> auf unser n\u00e4chstes Gesch\u00e4ftsjahr geben. Dabei planen wir grunds\u00e4tzlich erstmal ohne eventuelle Corona-Einschr\u00e4nkungen und w\u00fcrden ggf. dann kurzfristig reagieren (m\u00fcssen) und informieren.<\/p>\n<p><strong>Container<\/strong><br \/>\nRund um die Ligaheimspiele wird der Container ge\u00f6ffnet sein und zwar wie (einmal) gewohnt grunds\u00e4tzlich <strong>90min vor Anpfiff und 90min nach Abpfiff<\/strong> zum gem\u00fctlichen Zusammensein mit \u2018nem leckeren Getr\u00e4nk in der Hand. Bei eventuellen Pokalspielen im Preu\u00dfenstadion werden wir jeweils kurzfristig entscheiden, ob dies angesichts der Terminierung\/Uhrzeit m\u00f6glich sein wird.<br \/>\nGerne werden wir den Spieltagsbetrieb auch wieder an Fangruppierungen abgeben, wobei folgende Regen bestehen bleiben:<\/p>\n<ul>\n<li>Betrieb nur durch FP-Mitglieder<\/li>\n<li>Max. 3 Mal pro Saison von derselben Gruppe<\/li>\n<li>Einnahmen zur Finanzierung nur von \u201e\u00f6ffentlichen Preu\u00dfen-\/Fan-Veranstaltungen\u201c<\/li>\n<\/ul>\n<p>Mit dem dabei erzielten \u00dcberschuss haben z.B. <em>Radio Mottekstrehle<\/em>, <em>Nullsechs.de<\/em>, <em>Fanhilfe M\u00fcnster<\/em> oder das <em>Preu\u00dfen Schaufenster<\/em> ihre Fixkosten (zumindest teilweise) refinanziert. Meldet euch bei uns!<\/p>\n<p><strong>JHV<\/strong><br \/>\nIm\/Anfang <strong>September<\/strong> werden wir satzungsgem\u00e4\u00df unsere ordentlichen Jahreshauptversammlung 2022\/23 abhalten. Alle weiteren Details dazu folgen rechtzeitig (versprochen) mit der Einladung&#8230;<\/p>\n<p><strong>Mitgliedsbeitr\u00e4ge &amp; -ausweise<\/strong><br \/>\nAuf der JHV steht dann u.a. die finale Abstimmung \u00fcber die zuk\u00fcnftige H\u00f6he der Mitgliedsbeitr\u00e4ge im Fanprojekt Preu\u00dfen M\u00fcnster e.V. an. Erst nach dieser Entscheidung wird der Einzug dieser erfolgen und es anschlie\u00dfend auch neue Ausweise geben. D.h. die des Gesch\u00e4ftsjahres 2021\/22 behalten bis dahin ihre G\u00fcltigkeit!<\/p>\n<p><strong>Ausw\u00e4rtsfahrt<\/strong><br \/>\nNat\u00fcrlich m\u00f6chten wir gerne mal wieder mit Allen gemeinsam ausw\u00e4rts fahren, wer denkt nicht gerne an die Sonderzugtouren nach Halle oder M\u00fcnchen zur\u00fcck. Solche lohnen sich in der Regionalliga aufgrund der geringen Entfernungen aber nicht. Eine alternative Idee f\u00fcr Oberhausen lie\u00df sich leider nicht umsetzten.<br \/>\nAber wir bleiben am Ball &#8211; Anregungen oder Vorschl\u00e4ge sind hier nat\u00fcrlich besonders Willkommen!<\/p>\n<p><strong>Weihnachtsmarkt<\/strong><br \/>\nDer letztes Jahr ausgefallene \u201eWeihnachtsmarkt\u201c rund um den Container soll auf jeden Fall nachgeholt werden. Daf\u00fcr b\u00f6te sich das letzte Heimspiel des Jahres am <strong>ersten Dezemberwochenende 2022<\/strong> gegen Wiedenbr\u00fcck an.<\/p>\n<p><strong>Neujahrsempfang<\/strong><br \/>\nUnd auch der NJE soll nicht aufgehoben, sondern nur aufschoben worden sein. Haltet euch doch einfach mal einen noch n\u00e4her zu definierenden <strong>Samstagabend im Januar 2023<\/strong> frei \ud83d\ude09<\/p>\n<p>\u00dcber alle Termine werden wir genauer informieren, sobald sie endg\u00fcltig festgezurrt sind.<\/p>\n<p><strong>Verst\u00e4rkung<\/strong><br \/>\nZum Abschluss noch eine gute Nachricht: <strong>Torben Maunz<\/strong> m\u00f6chte den FP-Vorstand nicht nur aktiv bei seiner Arbeit unterst\u00fctzen, sondern auch Teil dessen sein. Dem sind wir nat\u00fcrlich gerne nachgekommen und haben ihn satzungskonform in den Vorstand aufgenommen. Damit ist einer der drei seit der letzten JHV vakanten Pl\u00e4tze (endlich) wieder besetzt!<\/p>\n<p><strong>Wir freuen uns mit euch auf eine tolle neue Saison!<\/strong><\/p>\n","protected":false},"excerpt":{"rendered":"<p>Noch ist Sommer(pause), der Lorenz geiert, aber das erste Spiel der neuen Saison zum Greifen nah. Und das Fanprojekt? Nat\u00fcrlich erliegen wir auch den Verlockungen der fu\u00dfballfreien und warmen Jahreszeit,&#8230; <a class=\"read-more-link\" href=\"https:\/\/www.fanprojekt-muenster.de\/wordpress\/saisonfahrplan-2022-23\/\">Read more &raquo;<\/a><\/p>\n","protected":false},"author":7,"featured_media":6859,"comment_status":"closed","ping_status":"open","sticky":false,"template":"","format":"standard","meta":{"advgb_blocks_editor_width":"","advgb_blocks_columns_visual_guide":"","footnotes":""},"categories":[1],"tags":[],"class_list":["post-8724","post","type-post","status-publish","format-standard","has-post-thumbnail","hentry","category-allgemein"],"featured_image_src":"https:\/\/www.fanprojekt-muenster.de\/wordpress\/wp-content\/uploads\/2019\/07\/Preussenadler_FP-1024x1024-400x300.png","author_info":{"display_name":"CJO","author_link":"https:\/\/www.fanprojekt-muenster.de\/wordpress\/author\/jogy\/"},"yoast_head":"<!-- This site is optimized with the Yoast SEO plugin v27.2 - https:\/\/yoast.com\/product\/yoast-seo-wordpress\/ -->\n<title>Saisonfahrplan 2022\/23 - Fangemeinschaft Preu\u00dfen M\u00fcnster e. V.<\/title>\n<meta name=\"robots\" content=\"index, follow, max-snippet:-1, max-image-preview:large, max-video-preview:-1\" \/>\n<link rel=\"canonical\" href=\"https:\/\/www.fanprojekt-muenster.de\/wordpress\/saisonfahrplan-2022-23\/\" \/>\n<meta property=\"og:locale\" content=\"de_DE\" \/>\n<meta property=\"og:type\" content=\"article\" \/>\n<meta property=\"og:title\" content=\"Saisonfahrplan 2022\/23 - Fangemeinschaft Preu\u00dfen M\u00fcnster e. V.\" \/>\n<meta property=\"og:description\" content=\"Noch ist Sommer(pause), der Lorenz geiert, aber das erste Spiel der neuen Saison zum Greifen nah. Und das Fanprojekt? Nat\u00fcrlich erliegen wir auch den Verlockungen der fu\u00dfballfreien und warmen Jahreszeit,... Read more &raquo;\" \/>\n<meta property=\"og:url\" content=\"https:\/\/www.fanprojekt-muenster.de\/wordpress\/saisonfahrplan-2022-23\/\" \/>\n<meta property=\"og:site_name\" content=\"Fangemeinschaft Preu\u00dfen M\u00fcnster e. V.\" \/>\n<meta property=\"article:published_time\" content=\"2022-07-21T14:02:13+00:00\" \/>\n<meta property=\"article:modified_time\" content=\"2022-07-21T14:02:16+00:00\" \/>\n<meta property=\"og:image\" content=\"https:\/\/www.fanprojekt-muenster.de\/wordpress\/wp-content\/uploads\/2019\/07\/Preussenadler_FP-1024x1024-400x300.png\" \/>\n\t<meta property=\"og:image:width\" content=\"400\" \/>\n\t<meta property=\"og:image:height\" content=\"300\" \/>\n\t<meta property=\"og:image:type\" content=\"image\/png\" \/>\n<meta name=\"author\" content=\"CJO\" \/>\n<meta name=\"twitter:card\" content=\"summary_large_image\" \/>\n<meta name=\"twitter:label1\" content=\"Verfasst von\" \/>\n\t<meta name=\"twitter:data1\" content=\"CJO\" \/>\n\t<meta name=\"twitter:label2\" content=\"Gesch\u00e4tzte Lesezeit\" \/>\n\t<meta name=\"twitter:data2\" content=\"3\u00a0Minuten\" \/>\n<script type=\"application\/ld+json\" class=\"yoast-schema-graph\">{\"@context\":\"https:\/\/schema.org\",\"@graph\":[{\"@type\":\"Article\",\"@id\":\"https:\/\/www.fanprojekt-muenster.de\/wordpress\/saisonfahrplan-2022-23\/#article\",\"isPartOf\":{\"@id\":\"https:\/\/www.fanprojekt-muenster.de\/wordpress\/saisonfahrplan-2022-23\/\"},\"author\":{\"name\":\"CJO\",\"@id\":\"https:\/\/www.fanprojekt-muenster.de\/wordpress\/#\/schema\/person\/744936f7caad5b07423673506682ba59\"},\"headline\":\"Saisonfahrplan 2022\/23\",\"datePublished\":\"2022-07-21T14:02:13+00:00\",\"dateModified\":\"2022-07-21T14:02:16+00:00\",\"mainEntityOfPage\":{\"@id\":\"https:\/\/www.fanprojekt-muenster.de\/wordpress\/saisonfahrplan-2022-23\/\"},\"wordCount\":499,\"publisher\":{\"@id\":\"https:\/\/www.fanprojekt-muenster.de\/wordpress\/#organization\"},\"image\":{\"@id\":\"https:\/\/www.fanprojekt-muenster.de\/wordpress\/saisonfahrplan-2022-23\/#primaryimage\"},\"thumbnailUrl\":\"https:\/\/www.fanprojekt-muenster.de\/wordpress\/wp-content\/uploads\/2019\/07\/Preussenadler_FP-1024x1024-400x300.png\",\"inLanguage\":\"de\"},{\"@type\":\"WebPage\",\"@id\":\"https:\/\/www.fanprojekt-muenster.de\/wordpress\/saisonfahrplan-2022-23\/\",\"url\":\"https:\/\/www.fanprojekt-muenster.de\/wordpress\/saisonfahrplan-2022-23\/\",\"name\":\"Saisonfahrplan 2022\/23 - Fangemeinschaft Preu\u00dfen M\u00fcnster e. V.\",\"isPartOf\":{\"@id\":\"https:\/\/www.fanprojekt-muenster.de\/wordpress\/#website\"},\"primaryImageOfPage\":{\"@id\":\"https:\/\/www.fanprojekt-muenster.de\/wordpress\/saisonfahrplan-2022-23\/#primaryimage\"},\"image\":{\"@id\":\"https:\/\/www.fanprojekt-muenster.de\/wordpress\/saisonfahrplan-2022-23\/#primaryimage\"},\"thumbnailUrl\":\"https:\/\/www.fanprojekt-muenster.de\/wordpress\/wp-content\/uploads\/2019\/07\/Preussenadler_FP-1024x1024-400x300.png\",\"datePublished\":\"2022-07-21T14:02:13+00:00\",\"dateModified\":\"2022-07-21T14:02:16+00:00\",\"breadcrumb\":{\"@id\":\"https:\/\/www.fanprojekt-muenster.de\/wordpress\/saisonfahrplan-2022-23\/#breadcrumb\"},\"inLanguage\":\"de\",\"potentialAction\":[{\"@type\":\"ReadAction\",\"target\":[\"https:\/\/www.fanprojekt-muenster.de\/wordpress\/saisonfahrplan-2022-23\/\"]}]},{\"@type\":\"ImageObject\",\"inLanguage\":\"de\",\"@id\":\"https:\/\/www.fanprojekt-muenster.de\/wordpress\/saisonfahrplan-2022-23\/#primaryimage\",\"url\":\"https:\/\/www.fanprojekt-muenster.de\/wordpress\/wp-content\/uploads\/2019\/07\/Preussenadler_FP-1024x1024-400x300.png\",\"contentUrl\":\"https:\/\/www.fanprojekt-muenster.de\/wordpress\/wp-content\/uploads\/2019\/07\/Preussenadler_FP-1024x1024-400x300.png\",\"width\":400,\"height\":300},{\"@type\":\"BreadcrumbList\",\"@id\":\"https:\/\/www.fanprojekt-muenster.de\/wordpress\/saisonfahrplan-2022-23\/#breadcrumb\",\"itemListElement\":[{\"@type\":\"ListItem\",\"position\":1,\"name\":\"Startseite\",\"item\":\"https:\/\/www.fanprojekt-muenster.de\/wordpress\/\"},{\"@type\":\"ListItem\",\"position\":2,\"name\":\"Saisonfahrplan 2022\/23\"}]},{\"@type\":\"WebSite\",\"@id\":\"https:\/\/www.fanprojekt-muenster.de\/wordpress\/#website\",\"url\":\"https:\/\/www.fanprojekt-muenster.de\/wordpress\/\",\"name\":\"Fangemeinschaft Preu\u00dfen M\u00fcnster e. V.\",\"description\":\"\",\"publisher\":{\"@id\":\"https:\/\/www.fanprojekt-muenster.de\/wordpress\/#organization\"},\"potentialAction\":[{\"@type\":\"SearchAction\",\"target\":{\"@type\":\"EntryPoint\",\"urlTemplate\":\"https:\/\/www.fanprojekt-muenster.de\/wordpress\/?s={search_term_string}\"},\"query-input\":{\"@type\":\"PropertyValueSpecification\",\"valueRequired\":true,\"valueName\":\"search_term_string\"}}],\"inLanguage\":\"de\"},{\"@type\":\"Organization\",\"@id\":\"https:\/\/www.fanprojekt-muenster.de\/wordpress\/#organization\",\"name\":\"Fangemeinschaft Preu\u00dfen M\u00fcnster e. V.\",\"url\":\"https:\/\/www.fanprojekt-muenster.de\/wordpress\/\",\"logo\":{\"@type\":\"ImageObject\",\"inLanguage\":\"de\",\"@id\":\"https:\/\/www.fanprojekt-muenster.de\/wordpress\/#\/schema\/logo\/image\/\",\"url\":\"https:\/\/www.fanprojekt-muenster.de\/wordpress\/wp-content\/uploads\/2019\/07\/cropped-Website_Logo3-9.png\",\"contentUrl\":\"https:\/\/www.fanprojekt-muenster.de\/wordpress\/wp-content\/uploads\/2019\/07\/cropped-Website_Logo3-9.png\",\"width\":224,\"height\":42,\"caption\":\"Fangemeinschaft Preu\u00dfen M\u00fcnster e. V.\"},\"image\":{\"@id\":\"https:\/\/www.fanprojekt-muenster.de\/wordpress\/#\/schema\/logo\/image\/\"}},{\"@type\":\"Person\",\"@id\":\"https:\/\/www.fanprojekt-muenster.de\/wordpress\/#\/schema\/person\/744936f7caad5b07423673506682ba59\",\"name\":\"CJO\",\"url\":\"https:\/\/www.fanprojekt-muenster.de\/wordpress\/author\/jogy\/\"}]}<\/script>\n<!-- \/ Yoast SEO plugin. -->","yoast_head_json":{"title":"Saisonfahrplan 2022\/23 - Fangemeinschaft Preu\u00dfen M\u00fcnster e. V.","robots":{"index":"index","follow":"follow","max-snippet":"max-snippet:-1","max-image-preview":"max-image-preview:large","max-video-preview":"max-video-preview:-1"},"canonical":"https:\/\/www.fanprojekt-muenster.de\/wordpress\/saisonfahrplan-2022-23\/","og_locale":"de_DE","og_type":"article","og_title":"Saisonfahrplan 2022\/23 - Fangemeinschaft Preu\u00dfen M\u00fcnster e. V.","og_description":"Noch ist Sommer(pause), der Lorenz geiert, aber das erste Spiel der neuen Saison zum Greifen nah. Und das Fanprojekt? Nat\u00fcrlich erliegen wir auch den Verlockungen der fu\u00dfballfreien und warmen Jahreszeit,... Read more &raquo;","og_url":"https:\/\/www.fanprojekt-muenster.de\/wordpress\/saisonfahrplan-2022-23\/","og_site_name":"Fangemeinschaft Preu\u00dfen M\u00fcnster e. V.","article_published_time":"2022-07-21T14:02:13+00:00","article_modified_time":"2022-07-21T14:02:16+00:00","og_image":[{"width":400,"height":300,"url":"https:\/\/www.fanprojekt-muenster.de\/wordpress\/wp-content\/uploads\/2019\/07\/Preussenadler_FP-1024x1024-400x300.png","type":"image\/png"}],"author":"CJO","twitter_card":"summary_large_image","twitter_misc":{"Verfasst von":"CJO","Gesch\u00e4tzte Lesezeit":"3\u00a0Minuten"},"schema":{"@context":"https:\/\/schema.org","@graph":[{"@type":"Article","@id":"https:\/\/www.fanprojekt-muenster.de\/wordpress\/saisonfahrplan-2022-23\/#article","isPartOf":{"@id":"https:\/\/www.fanprojekt-muenster.de\/wordpress\/saisonfahrplan-2022-23\/"},"author":{"name":"CJO","@id":"https:\/\/www.fanprojekt-muenster.de\/wordpress\/#\/schema\/person\/744936f7caad5b07423673506682ba59"},"headline":"Saisonfahrplan 2022\/23","datePublished":"2022-07-21T14:02:13+00:00","dateModified":"2022-07-21T14:02:16+00:00","mainEntityOfPage":{"@id":"https:\/\/www.fanprojekt-muenster.de\/wordpress\/saisonfahrplan-2022-23\/"},"wordCount":499,"publisher":{"@id":"https:\/\/www.fanprojekt-muenster.de\/wordpress\/#organization"},"image":{"@id":"https:\/\/www.fanprojekt-muenster.de\/wordpress\/saisonfahrplan-2022-23\/#primaryimage"},"thumbnailUrl":"https:\/\/www.fanprojekt-muenster.de\/wordpress\/wp-content\/uploads\/2019\/07\/Preussenadler_FP-1024x1024-400x300.png","inLanguage":"de"},{"@type":"WebPage","@id":"https:\/\/www.fanprojekt-muenster.de\/wordpress\/saisonfahrplan-2022-23\/","url":"https:\/\/www.fanprojekt-muenster.de\/wordpress\/saisonfahrplan-2022-23\/","name":"Saisonfahrplan 2022\/23 - Fangemeinschaft Preu\u00dfen M\u00fcnster e. V.","isPartOf":{"@id":"https:\/\/www.fanprojekt-muenster.de\/wordpress\/#website"},"primaryImageOfPage":{"@id":"https:\/\/www.fanprojekt-muenster.de\/wordpress\/saisonfahrplan-2022-23\/#primaryimage"},"image":{"@id":"https:\/\/www.fanprojekt-muenster.de\/wordpress\/saisonfahrplan-2022-23\/#primaryimage"},"thumbnailUrl":"https:\/\/www.fanprojekt-muenster.de\/wordpress\/wp-content\/uploads\/2019\/07\/Preussenadler_FP-1024x1024-400x300.png","datePublished":"2022-07-21T14:02:13+00:00","dateModified":"2022-07-21T14:02:16+00:00","breadcrumb":{"@id":"https:\/\/www.fanprojekt-muenster.de\/wordpress\/saisonfahrplan-2022-23\/#breadcrumb"},"inLanguage":"de","potentialAction":[{"@type":"ReadAction","target":["https:\/\/www.fanprojekt-muenster.de\/wordpress\/saisonfahrplan-2022-23\/"]}]},{"@type":"ImageObject","inLanguage":"de","@id":"https:\/\/www.fanprojekt-muenster.de\/wordpress\/saisonfahrplan-2022-23\/#primaryimage","url":"https:\/\/www.fanprojekt-muenster.de\/wordpress\/wp-content\/uploads\/2019\/07\/Preussenadler_FP-1024x1024-400x300.png","contentUrl":"https:\/\/www.fanprojekt-muenster.de\/wordpress\/wp-content\/uploads\/2019\/07\/Preussenadler_FP-1024x1024-400x300.png","width":400,"height":300},{"@type":"BreadcrumbList","@id":"https:\/\/www.fanprojekt-muenster.de\/wordpress\/saisonfahrplan-2022-23\/#breadcrumb","itemListElement":[{"@type":"ListItem","position":1,"name":"Startseite","item":"https:\/\/www.fanprojekt-muenster.de\/wordpress\/"},{"@type":"ListItem","position":2,"name":"Saisonfahrplan 2022\/23"}]},{"@type":"WebSite","@id":"https:\/\/www.fanprojekt-muenster.de\/wordpress\/#website","url":"https:\/\/www.fanprojekt-muenster.de\/wordpress\/","name":"Fangemeinschaft Preu\u00dfen M\u00fcnster e. V.","description":"","publisher":{"@id":"https:\/\/www.fanprojekt-muenster.de\/wordpress\/#organization"},"potentialAction":[{"@type":"SearchAction","target":{"@type":"EntryPoint","urlTemplate":"https:\/\/www.fanprojekt-muenster.de\/wordpress\/?s={search_term_string}"},"query-input":{"@type":"PropertyValueSpecification","valueRequired":true,"valueName":"search_term_string"}}],"inLanguage":"de"},{"@type":"Organization","@id":"https:\/\/www.fanprojekt-muenster.de\/wordpress\/#organization","name":"Fangemeinschaft Preu\u00dfen M\u00fcnster e. V.","url":"https:\/\/www.fanprojekt-muenster.de\/wordpress\/","logo":{"@type":"ImageObject","inLanguage":"de","@id":"https:\/\/www.fanprojekt-muenster.de\/wordpress\/#\/schema\/logo\/image\/","url":"https:\/\/www.fanprojekt-muenster.de\/wordpress\/wp-content\/uploads\/2019\/07\/cropped-Website_Logo3-9.png","contentUrl":"https:\/\/www.fanprojekt-muenster.de\/wordpress\/wp-content\/uploads\/2019\/07\/cropped-Website_Logo3-9.png","width":224,"height":42,"caption":"Fangemeinschaft Preu\u00dfen M\u00fcnster e. V."},"image":{"@id":"https:\/\/www.fanprojekt-muenster.de\/wordpress\/#\/schema\/logo\/image\/"}},{"@type":"Person","@id":"https:\/\/www.fanprojekt-muenster.de\/wordpress\/#\/schema\/person\/744936f7caad5b07423673506682ba59","name":"CJO","url":"https:\/\/www.fanprojekt-muenster.de\/wordpress\/author\/jogy\/"}]}},"author_meta":{"display_name":"CJO","author_link":"https:\/\/www.fanprojekt-muenster.de\/wordpress\/author\/jogy\/"},"featured_img":"https:\/\/www.fanprojekt-muenster.de\/wordpress\/wp-content\/uploads\/2019\/07\/Preussenadler_FP-1024x1024-400x300-300x225.png","coauthors":[],"tax_additional":{"categories":{"linked":["<a href=\"https:\/\/www.fanprojekt-muenster.de\/wordpress\/category\/allgemein\/\" class=\"advgb-post-tax-term\">Allgemein<\/a>"],"unlinked":["<span class=\"advgb-post-tax-term\">Allgemein<\/span>"]}},"comment_count":"0","relative_dates":{"created":"Posted 4\u00a0Jahren ago","modified":"Updated 4\u00a0Jahren ago"},"absolute_dates":{"created":"Posted on 21. Juli 2022","modified":"Updated on 21. Juli 2022"},"absolute_dates_time":{"created":"Posted on 21. Juli 2022 16:02","modified":"Updated on 21. Juli 2022 16:02"},"featured_img_caption":"","series_order":"","_links":{"self":[{"href":"https:\/\/www.fanprojekt-muenster.de\/wordpress\/wp-json\/wp\/v2\/posts\/8724","targetHints":{"allow":["GET"]}}],"collection":[{"href":"https:\/\/www.fanprojekt-muenster.de\/wordpress\/wp-json\/wp\/v2\/posts"}],"about":[{"href":"https:\/\/www.fanprojekt-muenster.de\/wordpress\/wp-json\/wp\/v2\/types\/post"}],"author":[{"embeddable":true,"href":"https:\/\/www.fanprojekt-muenster.de\/wordpress\/wp-json\/wp\/v2\/users\/7"}],"replies":[{"embeddable":true,"href":"https:\/\/www.fanprojekt-muenster.de\/wordpress\/wp-json\/wp\/v2\/comments?post=8724"}],"version-history":[{"count":11,"href":"https:\/\/www.fanprojekt-muenster.de\/wordpress\/wp-json\/wp\/v2\/posts\/8724\/revisions"}],"predecessor-version":[{"id":8735,"href":"https:\/\/www.fanprojekt-muenster.de\/wordpress\/wp-json\/wp\/v2\/posts\/8724\/revisions\/8735"}],"wp:featuredmedia":[{"embeddable":true,"href":"https:\/\/www.fanprojekt-muenster.de\/wordpress\/wp-json\/wp\/v2\/media\/6859"}],"wp:attachment":[{"href":"https:\/\/www.fanprojekt-muenster.de\/wordpress\/wp-json\/wp\/v2\/media?parent=8724"}],"wp:term":[{"taxonomy":"category","embeddable":true,"href":"https:\/\/www.fanprojekt-muenster.de\/wordpress\/wp-json\/wp\/v2\/categories?post=8724"},{"taxonomy":"post_tag","embeddable":true,"href":"https:\/\/www.fanprojekt-muenster.de\/wordpress\/wp-json\/wp\/v2\/tags?post=8724"}],"curies":[{"name":"wp","href":"https:\/\/api.w.org\/{rel}","templated":true}]}}