{"id":8660,"date":"2022-03-10T11:53:21","date_gmt":"2022-03-10T10:53:21","guid":{"rendered":"https:\/\/www.fanprojekt-muenster.de\/wordpress\/?p=8660"},"modified":"2022-03-10T18:55:01","modified_gmt":"2022-03-10T17:55:01","slug":"spenden-fuer-die-ukraine","status":"publish","type":"post","link":"https:\/\/www.fanprojekt-muenster.de\/wordpress\/spenden-fuer-die-ukraine\/","title":{"rendered":"Spenden f\u00fcr die Ukraine"},"content":{"rendered":"\n<p>Liebe Mitglieder,<\/p>\n\n\n\n<p>Seit nunmehr zwei Wochen werden wir mit unfassbaren Nachrichten und Bildern aus der Ukraine konfrontiert, die viele Menschen zur Flucht aus ihrer Heimat treiben. Wie sicherlich euch auch l\u00e4sst uns dies nicht unber\u00fchrt.<\/p>\n\n\n\n<p>Die gro\u00dfe Welle der humanit\u00e4ren Hilfe, vor allem in den angrenzenden Gebieten verdient unser aller Bewunderung! Zu diesem geh\u00f6rt, mit gerade einmal 100km Entfernung zur polnisch-ukrainischen Grenze, M\u00fcnsters Partnerstadt Lublin. Der F\u00f6rderverein M\u00fcnster-Lublin hat nun im Rahmen der humanit\u00e4ren Hilfe um Spenden f\u00fcr das &#8222;Lubliner Sozialkomitee f\u00fcr Hilfe f\u00fcr die Ukraine&#8220; (<a href=\"http:\/\/www.muenster.org\/muenster-lublin\/\">http:\/\/www.muenster.org\/muenster-lublin\/<\/a>) gebeten. <br>Dem kommen wir gerne nach und haben im Namen des Fanprojektes und all seiner Mitglieder 1906\u20ac \u00fcberwiesen, um den Hilfe suchenden Menschen zu helfen. <br><br>Aber auch in M\u00fcnster wird geholfen: so f\u00fchrt z.B. die Fede Nerblo ihre in Wuppertal begonnene Spendenaktion auch am Freitag beim Heimspiel gegen Fortuna K\u00f6ln fort. In allen Heimbereichen des Stadions kann Geld gespendet werden. Den Pressetext der Fede Nerblo m\u00f6chten wir Euch an dieser Stelle mit auf den Weg geben:<br><\/p>\n\n\n\n<blockquote class=\"wp-block-quote is-layout-flow wp-block-quote-is-layout-flow\"><p><em>Die Fanszene des SC Preu\u00dfen M\u00fcnster unterst\u00fctzt die Spendenaktion der Initiative \u201eUkraine Support Bochum\u201c. Wie schon beim Ausw\u00e4rtspiel in Wuppertal werden vor dem kommenden Heimspiel gegen Fortuna K\u00f6ln mehrere Spendenteams unterwegs sein, um sowohl am Haupteingang als auch an der Halle Berg Fidel Geldspenden entgegenzunehmen. Die Spendenteams werden an entsprechenden Schildern zu erkennen sein.<\/em><\/p><p><em>Die \u00dcbermittlung der Spenden an die hilfsbed\u00fcrftigen Menschen in der Ukraine erfolgt in Zusammenarbeit mit verschiedenen Vereinen und Organisationen aus ganz Deutschland. Zus\u00e4tzlich haben engagierte Personen aus dem Kreis der Initiative engen Kontakt zu eigenen Familienangeh\u00f6rigen, Freunden und Bekannten, die sich derzeit in der Ukraine befinden. Diese Menschen bilden vor Ort Communities und \u00fcbermitteln t\u00e4glich neue Bedarfslisten mit Produkten, die ben\u00f6tigt werden. Geldspenden k\u00f6nnen dann nach Bedarf in Sachspenden wie Nachtsichtger\u00e4te, Schutzwesten, Thermounterw\u00e4sche, Schlafs\u00e4cke, Funkger\u00e4te oder Erste-Hilfe Sets umgewandelt werden.<\/em><\/p><p><em>Wer es nicht zum Heimspiel schafft, aber dennoch etwas spenden m\u00f6chte, kann au\u00dferdem eine \u00dcberweisung an das folgende Konto richten:<\/em><\/p><p><em>IBAN: DE48 4306 0967 7918 8877 00<\/em><\/p><p><em>BIC: GENODEM1GLS<\/em><\/p><p><em>Verwendungszweck: ELINOR976PTT<\/em><\/p><\/blockquote>\n\n\n\n<p>Falls Ihr also am Freitag im Stadion seid und Spenden wollt, haltet Ausschau nach den Spendenboxen.<br><br>Euer Fanprojekt<\/p>\n\n\n\n<div class=\"wp-block-image is-style-default\"><figure class=\"aligncenter size-full is-resized\"><img loading=\"lazy\" decoding=\"async\" src=\"https:\/\/www.fanprojekt-muenster.de\/wordpress\/wp-content\/uploads\/2022\/03\/Bild_2022-03-10_113716.png\" alt=\"\" class=\"wp-image-8659\" width=\"413\" height=\"369\" srcset=\"https:\/\/www.fanprojekt-muenster.de\/wordpress\/wp-content\/uploads\/2022\/03\/Bild_2022-03-10_113716.png 825w, https:\/\/www.fanprojekt-muenster.de\/wordpress\/wp-content\/uploads\/2022\/03\/Bild_2022-03-10_113716-300x268.png 300w, https:\/\/www.fanprojekt-muenster.de\/wordpress\/wp-content\/uploads\/2022\/03\/Bild_2022-03-10_113716-768x686.png 768w\" sizes=\"auto, (max-width: 413px) 100vw, 413px\" \/><figcaption>Stop war, play Football!<\/figcaption><\/figure><\/div>\n","protected":false},"excerpt":{"rendered":"<p>Liebe Mitglieder, Seit nunmehr zwei Wochen werden wir mit unfassbaren Nachrichten und Bildern aus der Ukraine konfrontiert, die viele Menschen zur Flucht aus ihrer Heimat treiben. Wie sicherlich euch auch&#8230; <a class=\"read-more-link\" href=\"https:\/\/www.fanprojekt-muenster.de\/wordpress\/spenden-fuer-die-ukraine\/\">Read more &raquo;<\/a><\/p>\n","protected":false},"author":1,"featured_media":8659,"comment_status":"closed","ping_status":"open","sticky":false,"template":"","format":"standard","meta":{"advgb_blocks_editor_width":"","advgb_blocks_columns_visual_guide":"","footnotes":""},"categories":[1],"tags":[],"class_list":["post-8660","post","type-post","status-publish","format-standard","has-post-thumbnail","hentry","category-allgemein"],"featured_image_src":"https:\/\/www.fanprojekt-muenster.de\/wordpress\/wp-content\/uploads\/2022\/03\/Bild_2022-03-10_113716.png","author_info":{"display_name":"DST","author_link":"https:\/\/www.fanprojekt-muenster.de\/wordpress\/author\/dst\/"},"yoast_head":"<!-- This site is optimized with the Yoast SEO plugin v27.2 - https:\/\/yoast.com\/product\/yoast-seo-wordpress\/ -->\n<title>Spenden f\u00fcr die Ukraine - Fangemeinschaft Preu\u00dfen M\u00fcnster e. V.<\/title>\n<meta name=\"description\" content=\"Seit nunmehr zwei Wochen werden wir mit unfassbaren Nachrichten und Bildern aus der Ukraine konfrontiert, die viele Menschen zur Flucht aus ihrer Heimat treiben. Wie sicherlich euch auch l\u00e4sst uns dies nicht unber\u00fchrt.\" \/>\n<meta name=\"robots\" content=\"index, follow, max-snippet:-1, max-image-preview:large, max-video-preview:-1\" \/>\n<link rel=\"canonical\" href=\"https:\/\/www.fanprojekt-muenster.de\/wordpress\/spenden-fuer-die-ukraine\/\" \/>\n<meta property=\"og:locale\" content=\"de_DE\" \/>\n<meta property=\"og:type\" content=\"article\" \/>\n<meta property=\"og:title\" content=\"Spenden f\u00fcr die Ukraine\" \/>\n<meta property=\"og:description\" content=\"Seit nunmehr zwei Wochen werden wir mit unfassbaren Nachrichten und Bildern aus der Ukraine konfrontiert, die viele Menschen zur Flucht aus ihrer Heimat treiben. Wie sicherlich euch auch l\u00e4sst uns dies nicht unber\u00fchrt.\" \/>\n<meta property=\"og:url\" content=\"https:\/\/www.fanprojekt-muenster.de\/wordpress\/spenden-fuer-die-ukraine\/\" \/>\n<meta property=\"og:site_name\" content=\"Fangemeinschaft Preu\u00dfen M\u00fcnster e. V.\" \/>\n<meta property=\"article:published_time\" content=\"2022-03-10T10:53:21+00:00\" \/>\n<meta property=\"article:modified_time\" content=\"2022-03-10T17:55:01+00:00\" \/>\n<meta property=\"og:image\" content=\"https:\/\/www.fanprojekt-muenster.de\/wordpress\/wp-content\/uploads\/2022\/03\/Bild_2022-03-10_113716.png\" \/>\n\t<meta property=\"og:image:width\" content=\"825\" \/>\n\t<meta property=\"og:image:height\" content=\"737\" \/>\n\t<meta property=\"og:image:type\" content=\"image\/png\" \/>\n<meta name=\"author\" content=\"DST\" \/>\n<meta name=\"twitter:card\" content=\"summary_large_image\" \/>\n<meta name=\"twitter:title\" content=\"Spenden f\u00fcr die Ukraine\" \/>\n<meta name=\"twitter:description\" content=\"Seit nunmehr zwei Wochen werden wir mit unfassbaren Nachrichten und Bildern aus der Ukraine konfrontiert, die viele Menschen zur Flucht aus ihrer Heimat treiben. Wie sicherlich euch auch l\u00e4sst uns dies nicht unber\u00fchrt.\" \/>\n<meta name=\"twitter:image\" content=\"https:\/\/www.fanprojekt-muenster.de\/wordpress\/wp-content\/uploads\/2022\/03\/Bild_2022-03-10_113716.png\" \/>\n<meta name=\"twitter:label1\" content=\"Verfasst von\" \/>\n\t<meta name=\"twitter:data1\" content=\"DST\" \/>\n\t<meta name=\"twitter:label2\" content=\"Gesch\u00e4tzte Lesezeit\" \/>\n\t<meta name=\"twitter:data2\" content=\"3\u00a0Minuten\" \/>\n<script type=\"application\/ld+json\" class=\"yoast-schema-graph\">{\"@context\":\"https:\/\/schema.org\",\"@graph\":[{\"@type\":\"Article\",\"@id\":\"https:\/\/www.fanprojekt-muenster.de\/wordpress\/spenden-fuer-die-ukraine\/#article\",\"isPartOf\":{\"@id\":\"https:\/\/www.fanprojekt-muenster.de\/wordpress\/spenden-fuer-die-ukraine\/\"},\"author\":{\"name\":\"DST\",\"@id\":\"https:\/\/www.fanprojekt-muenster.de\/wordpress\/#\/schema\/person\/eed51304a869b4de494727cd2e0c8203\"},\"headline\":\"Spenden f\u00fcr die Ukraine\",\"datePublished\":\"2022-03-10T10:53:21+00:00\",\"dateModified\":\"2022-03-10T17:55:01+00:00\",\"mainEntityOfPage\":{\"@id\":\"https:\/\/www.fanprojekt-muenster.de\/wordpress\/spenden-fuer-die-ukraine\/\"},\"wordCount\":389,\"publisher\":{\"@id\":\"https:\/\/www.fanprojekt-muenster.de\/wordpress\/#organization\"},\"image\":{\"@id\":\"https:\/\/www.fanprojekt-muenster.de\/wordpress\/spenden-fuer-die-ukraine\/#primaryimage\"},\"thumbnailUrl\":\"https:\/\/www.fanprojekt-muenster.de\/wordpress\/wp-content\/uploads\/2022\/03\/Bild_2022-03-10_113716.png\",\"inLanguage\":\"de\"},{\"@type\":\"WebPage\",\"@id\":\"https:\/\/www.fanprojekt-muenster.de\/wordpress\/spenden-fuer-die-ukraine\/\",\"url\":\"https:\/\/www.fanprojekt-muenster.de\/wordpress\/spenden-fuer-die-ukraine\/\",\"name\":\"Spenden f\u00fcr die Ukraine - Fangemeinschaft Preu\u00dfen M\u00fcnster e. V.\",\"isPartOf\":{\"@id\":\"https:\/\/www.fanprojekt-muenster.de\/wordpress\/#website\"},\"primaryImageOfPage\":{\"@id\":\"https:\/\/www.fanprojekt-muenster.de\/wordpress\/spenden-fuer-die-ukraine\/#primaryimage\"},\"image\":{\"@id\":\"https:\/\/www.fanprojekt-muenster.de\/wordpress\/spenden-fuer-die-ukraine\/#primaryimage\"},\"thumbnailUrl\":\"https:\/\/www.fanprojekt-muenster.de\/wordpress\/wp-content\/uploads\/2022\/03\/Bild_2022-03-10_113716.png\",\"datePublished\":\"2022-03-10T10:53:21+00:00\",\"dateModified\":\"2022-03-10T17:55:01+00:00\",\"description\":\"Seit nunmehr zwei Wochen werden wir mit unfassbaren Nachrichten und Bildern aus der Ukraine konfrontiert, die viele Menschen zur Flucht aus ihrer Heimat treiben. Wie sicherlich euch auch l\u00e4sst uns dies nicht unber\u00fchrt.\",\"breadcrumb\":{\"@id\":\"https:\/\/www.fanprojekt-muenster.de\/wordpress\/spenden-fuer-die-ukraine\/#breadcrumb\"},\"inLanguage\":\"de\",\"potentialAction\":[{\"@type\":\"ReadAction\",\"target\":[\"https:\/\/www.fanprojekt-muenster.de\/wordpress\/spenden-fuer-die-ukraine\/\"]}]},{\"@type\":\"ImageObject\",\"inLanguage\":\"de\",\"@id\":\"https:\/\/www.fanprojekt-muenster.de\/wordpress\/spenden-fuer-die-ukraine\/#primaryimage\",\"url\":\"https:\/\/www.fanprojekt-muenster.de\/wordpress\/wp-content\/uploads\/2022\/03\/Bild_2022-03-10_113716.png\",\"contentUrl\":\"https:\/\/www.fanprojekt-muenster.de\/wordpress\/wp-content\/uploads\/2022\/03\/Bild_2022-03-10_113716.png\",\"width\":825,\"height\":737},{\"@type\":\"BreadcrumbList\",\"@id\":\"https:\/\/www.fanprojekt-muenster.de\/wordpress\/spenden-fuer-die-ukraine\/#breadcrumb\",\"itemListElement\":[{\"@type\":\"ListItem\",\"position\":1,\"name\":\"Startseite\",\"item\":\"https:\/\/www.fanprojekt-muenster.de\/wordpress\/\"},{\"@type\":\"ListItem\",\"position\":2,\"name\":\"Spenden f\u00fcr die Ukraine\"}]},{\"@type\":\"WebSite\",\"@id\":\"https:\/\/www.fanprojekt-muenster.de\/wordpress\/#website\",\"url\":\"https:\/\/www.fanprojekt-muenster.de\/wordpress\/\",\"name\":\"Fangemeinschaft Preu\u00dfen M\u00fcnster e. V.\",\"description\":\"\",\"publisher\":{\"@id\":\"https:\/\/www.fanprojekt-muenster.de\/wordpress\/#organization\"},\"potentialAction\":[{\"@type\":\"SearchAction\",\"target\":{\"@type\":\"EntryPoint\",\"urlTemplate\":\"https:\/\/www.fanprojekt-muenster.de\/wordpress\/?s={search_term_string}\"},\"query-input\":{\"@type\":\"PropertyValueSpecification\",\"valueRequired\":true,\"valueName\":\"search_term_string\"}}],\"inLanguage\":\"de\"},{\"@type\":\"Organization\",\"@id\":\"https:\/\/www.fanprojekt-muenster.de\/wordpress\/#organization\",\"name\":\"Fangemeinschaft Preu\u00dfen M\u00fcnster e. V.\",\"url\":\"https:\/\/www.fanprojekt-muenster.de\/wordpress\/\",\"logo\":{\"@type\":\"ImageObject\",\"inLanguage\":\"de\",\"@id\":\"https:\/\/www.fanprojekt-muenster.de\/wordpress\/#\/schema\/logo\/image\/\",\"url\":\"https:\/\/www.fanprojekt-muenster.de\/wordpress\/wp-content\/uploads\/2019\/07\/cropped-Website_Logo3-9.png\",\"contentUrl\":\"https:\/\/www.fanprojekt-muenster.de\/wordpress\/wp-content\/uploads\/2019\/07\/cropped-Website_Logo3-9.png\",\"width\":224,\"height\":42,\"caption\":\"Fangemeinschaft Preu\u00dfen M\u00fcnster e. V.\"},\"image\":{\"@id\":\"https:\/\/www.fanprojekt-muenster.de\/wordpress\/#\/schema\/logo\/image\/\"}},{\"@type\":\"Person\",\"@id\":\"https:\/\/www.fanprojekt-muenster.de\/wordpress\/#\/schema\/person\/eed51304a869b4de494727cd2e0c8203\",\"name\":\"DST\",\"url\":\"https:\/\/www.fanprojekt-muenster.de\/wordpress\/author\/dst\/\"}]}<\/script>\n<!-- \/ Yoast SEO plugin. -->","yoast_head_json":{"title":"Spenden f\u00fcr die Ukraine - Fangemeinschaft Preu\u00dfen M\u00fcnster e. V.","description":"Seit nunmehr zwei Wochen werden wir mit unfassbaren Nachrichten und Bildern aus der Ukraine konfrontiert, die viele Menschen zur Flucht aus ihrer Heimat treiben. Wie sicherlich euch auch l\u00e4sst uns dies nicht unber\u00fchrt.","robots":{"index":"index","follow":"follow","max-snippet":"max-snippet:-1","max-image-preview":"max-image-preview:large","max-video-preview":"max-video-preview:-1"},"canonical":"https:\/\/www.fanprojekt-muenster.de\/wordpress\/spenden-fuer-die-ukraine\/","og_locale":"de_DE","og_type":"article","og_title":"Spenden f\u00fcr die Ukraine","og_description":"Seit nunmehr zwei Wochen werden wir mit unfassbaren Nachrichten und Bildern aus der Ukraine konfrontiert, die viele Menschen zur Flucht aus ihrer Heimat treiben. Wie sicherlich euch auch l\u00e4sst uns dies nicht unber\u00fchrt.","og_url":"https:\/\/www.fanprojekt-muenster.de\/wordpress\/spenden-fuer-die-ukraine\/","og_site_name":"Fangemeinschaft Preu\u00dfen M\u00fcnster e. V.","article_published_time":"2022-03-10T10:53:21+00:00","article_modified_time":"2022-03-10T17:55:01+00:00","og_image":[{"width":825,"height":737,"url":"https:\/\/www.fanprojekt-muenster.de\/wordpress\/wp-content\/uploads\/2022\/03\/Bild_2022-03-10_113716.png","type":"image\/png"}],"author":"DST","twitter_card":"summary_large_image","twitter_title":"Spenden f\u00fcr die Ukraine","twitter_description":"Seit nunmehr zwei Wochen werden wir mit unfassbaren Nachrichten und Bildern aus der Ukraine konfrontiert, die viele Menschen zur Flucht aus ihrer Heimat treiben. Wie sicherlich euch auch l\u00e4sst uns dies nicht unber\u00fchrt.","twitter_image":"https:\/\/www.fanprojekt-muenster.de\/wordpress\/wp-content\/uploads\/2022\/03\/Bild_2022-03-10_113716.png","twitter_misc":{"Verfasst von":"DST","Gesch\u00e4tzte Lesezeit":"3\u00a0Minuten"},"schema":{"@context":"https:\/\/schema.org","@graph":[{"@type":"Article","@id":"https:\/\/www.fanprojekt-muenster.de\/wordpress\/spenden-fuer-die-ukraine\/#article","isPartOf":{"@id":"https:\/\/www.fanprojekt-muenster.de\/wordpress\/spenden-fuer-die-ukraine\/"},"author":{"name":"DST","@id":"https:\/\/www.fanprojekt-muenster.de\/wordpress\/#\/schema\/person\/eed51304a869b4de494727cd2e0c8203"},"headline":"Spenden f\u00fcr die Ukraine","datePublished":"2022-03-10T10:53:21+00:00","dateModified":"2022-03-10T17:55:01+00:00","mainEntityOfPage":{"@id":"https:\/\/www.fanprojekt-muenster.de\/wordpress\/spenden-fuer-die-ukraine\/"},"wordCount":389,"publisher":{"@id":"https:\/\/www.fanprojekt-muenster.de\/wordpress\/#organization"},"image":{"@id":"https:\/\/www.fanprojekt-muenster.de\/wordpress\/spenden-fuer-die-ukraine\/#primaryimage"},"thumbnailUrl":"https:\/\/www.fanprojekt-muenster.de\/wordpress\/wp-content\/uploads\/2022\/03\/Bild_2022-03-10_113716.png","inLanguage":"de"},{"@type":"WebPage","@id":"https:\/\/www.fanprojekt-muenster.de\/wordpress\/spenden-fuer-die-ukraine\/","url":"https:\/\/www.fanprojekt-muenster.de\/wordpress\/spenden-fuer-die-ukraine\/","name":"Spenden f\u00fcr die Ukraine - Fangemeinschaft Preu\u00dfen M\u00fcnster e. V.","isPartOf":{"@id":"https:\/\/www.fanprojekt-muenster.de\/wordpress\/#website"},"primaryImageOfPage":{"@id":"https:\/\/www.fanprojekt-muenster.de\/wordpress\/spenden-fuer-die-ukraine\/#primaryimage"},"image":{"@id":"https:\/\/www.fanprojekt-muenster.de\/wordpress\/spenden-fuer-die-ukraine\/#primaryimage"},"thumbnailUrl":"https:\/\/www.fanprojekt-muenster.de\/wordpress\/wp-content\/uploads\/2022\/03\/Bild_2022-03-10_113716.png","datePublished":"2022-03-10T10:53:21+00:00","dateModified":"2022-03-10T17:55:01+00:00","description":"Seit nunmehr zwei Wochen werden wir mit unfassbaren Nachrichten und Bildern aus der Ukraine konfrontiert, die viele Menschen zur Flucht aus ihrer Heimat treiben. Wie sicherlich euch auch l\u00e4sst uns dies nicht unber\u00fchrt.","breadcrumb":{"@id":"https:\/\/www.fanprojekt-muenster.de\/wordpress\/spenden-fuer-die-ukraine\/#breadcrumb"},"inLanguage":"de","potentialAction":[{"@type":"ReadAction","target":["https:\/\/www.fanprojekt-muenster.de\/wordpress\/spenden-fuer-die-ukraine\/"]}]},{"@type":"ImageObject","inLanguage":"de","@id":"https:\/\/www.fanprojekt-muenster.de\/wordpress\/spenden-fuer-die-ukraine\/#primaryimage","url":"https:\/\/www.fanprojekt-muenster.de\/wordpress\/wp-content\/uploads\/2022\/03\/Bild_2022-03-10_113716.png","contentUrl":"https:\/\/www.fanprojekt-muenster.de\/wordpress\/wp-content\/uploads\/2022\/03\/Bild_2022-03-10_113716.png","width":825,"height":737},{"@type":"BreadcrumbList","@id":"https:\/\/www.fanprojekt-muenster.de\/wordpress\/spenden-fuer-die-ukraine\/#breadcrumb","itemListElement":[{"@type":"ListItem","position":1,"name":"Startseite","item":"https:\/\/www.fanprojekt-muenster.de\/wordpress\/"},{"@type":"ListItem","position":2,"name":"Spenden f\u00fcr die Ukraine"}]},{"@type":"WebSite","@id":"https:\/\/www.fanprojekt-muenster.de\/wordpress\/#website","url":"https:\/\/www.fanprojekt-muenster.de\/wordpress\/","name":"Fangemeinschaft Preu\u00dfen M\u00fcnster e. V.","description":"","publisher":{"@id":"https:\/\/www.fanprojekt-muenster.de\/wordpress\/#organization"},"potentialAction":[{"@type":"SearchAction","target":{"@type":"EntryPoint","urlTemplate":"https:\/\/www.fanprojekt-muenster.de\/wordpress\/?s={search_term_string}"},"query-input":{"@type":"PropertyValueSpecification","valueRequired":true,"valueName":"search_term_string"}}],"inLanguage":"de"},{"@type":"Organization","@id":"https:\/\/www.fanprojekt-muenster.de\/wordpress\/#organization","name":"Fangemeinschaft Preu\u00dfen M\u00fcnster e. V.","url":"https:\/\/www.fanprojekt-muenster.de\/wordpress\/","logo":{"@type":"ImageObject","inLanguage":"de","@id":"https:\/\/www.fanprojekt-muenster.de\/wordpress\/#\/schema\/logo\/image\/","url":"https:\/\/www.fanprojekt-muenster.de\/wordpress\/wp-content\/uploads\/2019\/07\/cropped-Website_Logo3-9.png","contentUrl":"https:\/\/www.fanprojekt-muenster.de\/wordpress\/wp-content\/uploads\/2019\/07\/cropped-Website_Logo3-9.png","width":224,"height":42,"caption":"Fangemeinschaft Preu\u00dfen M\u00fcnster e. V."},"image":{"@id":"https:\/\/www.fanprojekt-muenster.de\/wordpress\/#\/schema\/logo\/image\/"}},{"@type":"Person","@id":"https:\/\/www.fanprojekt-muenster.de\/wordpress\/#\/schema\/person\/eed51304a869b4de494727cd2e0c8203","name":"DST","url":"https:\/\/www.fanprojekt-muenster.de\/wordpress\/author\/dst\/"}]}},"author_meta":{"display_name":"DST","author_link":"https:\/\/www.fanprojekt-muenster.de\/wordpress\/author\/dst\/"},"featured_img":"https:\/\/www.fanprojekt-muenster.de\/wordpress\/wp-content\/uploads\/2022\/03\/Bild_2022-03-10_113716-300x268.png","coauthors":[],"tax_additional":{"categories":{"linked":["<a href=\"https:\/\/www.fanprojekt-muenster.de\/wordpress\/category\/allgemein\/\" class=\"advgb-post-tax-term\">Allgemein<\/a>"],"unlinked":["<span class=\"advgb-post-tax-term\">Allgemein<\/span>"]}},"comment_count":"0","relative_dates":{"created":"Posted 4\u00a0Jahren ago","modified":"Updated 4\u00a0Jahren ago"},"absolute_dates":{"created":"Posted on 10. M\u00e4rz 2022","modified":"Updated on 10. M\u00e4rz 2022"},"absolute_dates_time":{"created":"Posted on 10. M\u00e4rz 2022 11:53","modified":"Updated on 10. M\u00e4rz 2022 18:55"},"featured_img_caption":"","series_order":"","_links":{"self":[{"href":"https:\/\/www.fanprojekt-muenster.de\/wordpress\/wp-json\/wp\/v2\/posts\/8660","targetHints":{"allow":["GET"]}}],"collection":[{"href":"https:\/\/www.fanprojekt-muenster.de\/wordpress\/wp-json\/wp\/v2\/posts"}],"about":[{"href":"https:\/\/www.fanprojekt-muenster.de\/wordpress\/wp-json\/wp\/v2\/types\/post"}],"author":[{"embeddable":true,"href":"https:\/\/www.fanprojekt-muenster.de\/wordpress\/wp-json\/wp\/v2\/users\/1"}],"replies":[{"embeddable":true,"href":"https:\/\/www.fanprojekt-muenster.de\/wordpress\/wp-json\/wp\/v2\/comments?post=8660"}],"version-history":[{"count":7,"href":"https:\/\/www.fanprojekt-muenster.de\/wordpress\/wp-json\/wp\/v2\/posts\/8660\/revisions"}],"predecessor-version":[{"id":8669,"href":"https:\/\/www.fanprojekt-muenster.de\/wordpress\/wp-json\/wp\/v2\/posts\/8660\/revisions\/8669"}],"wp:featuredmedia":[{"embeddable":true,"href":"https:\/\/www.fanprojekt-muenster.de\/wordpress\/wp-json\/wp\/v2\/media\/8659"}],"wp:attachment":[{"href":"https:\/\/www.fanprojekt-muenster.de\/wordpress\/wp-json\/wp\/v2\/media?parent=8660"}],"wp:term":[{"taxonomy":"category","embeddable":true,"href":"https:\/\/www.fanprojekt-muenster.de\/wordpress\/wp-json\/wp\/v2\/categories?post=8660"},{"taxonomy":"post_tag","embeddable":true,"href":"https:\/\/www.fanprojekt-muenster.de\/wordpress\/wp-json\/wp\/v2\/tags?post=8660"}],"curies":[{"name":"wp","href":"https:\/\/api.w.org\/{rel}","templated":true}]}}