{"id":8614,"date":"2022-01-16T15:49:04","date_gmt":"2022-01-16T14:49:04","guid":{"rendered":"https:\/\/www.fanprojekt-muenster.de\/wordpress\/?p=8614"},"modified":"2022-01-16T15:49:06","modified_gmt":"2022-01-16T14:49:06","slug":"stellungnahme-der-ag-preussenstadion-zur-ueberarbeiteten-machbarkeitsstudie","status":"publish","type":"post","link":"https:\/\/www.fanprojekt-muenster.de\/wordpress\/stellungnahme-der-ag-preussenstadion-zur-ueberarbeiteten-machbarkeitsstudie\/","title":{"rendered":"Stellungnahme der AG Preu\u00dfenstadion zur \u00fcberarbeiteten Machbarkeitsstudie"},"content":{"rendered":"\n<p>Weihnachten 2021: Den Preu\u00dfenfans wurden neue Stadionpl\u00e4ne vorgestellt. Die Arbeitsgemeinschaft Preu\u00dfenstadion hat sich mit der Pr\u00e4sentation der \u00fcberarbeiteten Machbarkeitsstudie sowie dem Auftrag an die Stadtwerke M\u00fcnster zur Umsetzung des Stadionbaus auseinandergesetzt.<br>\nHier die Stellungnahme der AG Preu\u00dfenstadion, dem Zusammenschluss verschiedener Vertreter aus allen Stadionbereichen von Ultra bis Trib\u00fcne:\n<\/p>\n\n\n\n<p>\u00a0<\/p>\n\n\n\n<p>Da wir auch vom WDR-Fernsehen zu unserer Meinung gefragt wurden, wie wir zu den Stadtwerken als durchf\u00fchrendes Organ stehen, l\u00e4sst sich dieses Thema schnell beantworten: Wir begr\u00fc\u00dfen es, dass die Stadtwerke als bekannt verl\u00e4sslicher Partner diese Aufgabe \u00fcbernehmen. Gerne w\u00fcrden wir auch mit den Stadtwerken \u00fcber die wichtigen Fanbelange bei der Errichtung des Stadions ins Gespr\u00e4ch gehen und sind zuversichtlich, dass uns das Gelingen wird.<br>\n<\/p>\n\n\n\n<p>\nDie \u00fcberarbeitete Machbarkeitsstudie von Drees und Sommer (s. <a href=\"https:\/\/www.presse-service.de\/data.aspx\/medien\/239107P.pdf\" target=\"_blank\" rel=\"noopener noreferrer\">hier<\/a>) hat uns in unserem Anliegen best\u00e4tigt, dass wir durch aktive Teilnahme in dem Workshop, vertrauensvolle Gespr\u00e4chen &#8211; gepr\u00e4gt von gegenseitigem Respekt &#8211; mit Gr\u00fcnen, CDU, SPD und Volt sowie der Stadtverwaltung und der Vereinsf\u00fchrung viele unserer Vorstellungen einbringen konnten, die auch ber\u00fccksichtigt wurden. Zur Pr\u00e4sentation der Studie wurden wir aufgrund unseres Engagements eingeladen.<\/p>\n\n\n\n<p>So legt die Machbarkeitsstudie Wert auf einen zentralen Zugang zum gesamten Heimbereich \u00fcber die Hammer Stra\u00dfe, so wie wir es kennen und auch sch\u00e4tzen. Egal auf welcher Trib\u00fcne wir uns niederlassen, im gemeinsamen Eingang findet sich immer die M\u00f6glichkeit zum gegenseitigen Kennenlernen und Gespr\u00e4che. Daf\u00fcr wurde der G\u00e4steblock in den S\u00fcden der Westtrib\u00fcne (linker Teil von der Ostkurve aus gesehen) verlagert, die H\u00e4lfte der Trib\u00fcne bleibt damit unseren G\u00e4stefans vorbehalten. Eine Unterbringung in der nordwestlichen Ecke, wie sie noch die erste Studie von Speer und Partnern vorsah, konnten wir abwenden.<br>\nDie Osttrib\u00fcne bleibt die zentrale Stehtrib\u00fcne f\u00fcr die Heimfans und bietet knapp 9000 Fans Platz. Hier sollten alle ihr neues Zuhause finden. Hinter dem Tor wurde wunschgem\u00e4\u00df auf Fluchttore verzichtet, so dass hier Platz f\u00fcr Zaunfahnen vorhanden sein wird. Fluchttore sollen nach unseren W\u00fcnschen m\u00f6glichst weit au\u00dfen angebracht werden.<br>\nEbenso wurde versucht, die Mundl\u00f6cher seitlich zu platzieren, so dass ein einheitliches zentrales Auftreten m\u00f6glicher wird. In der vorgeschlagenen Form erscheinen diese nicht mehr als trennend und wirken unauff\u00e4lliger. Leider kann eine Machbarkeitsstudie nicht alle Detailfragen beantworten, die wir f\u00fcr den Heimbereich haben. Das wird Aufgabe des endg\u00fcltigen architektonischen Entwurfs werden.<br>\nErfreut hat uns die hohe Zahl an Rollstuhlfahrerpl\u00e4tzen und die angedachten Pl\u00e4tze f\u00fcr Menschen mit anderen Einschr\u00e4nkungen wie Geh\u00f6r oder Sehen. Der geplante barrierefreie Zugang zu allen Heimbereichen erm\u00f6glicht es auch Menschen mit Einschr\u00e4nkungen, ein Fu\u00dfballspiel zu genie\u00dfen. Auch hier wurde dabei an die G\u00e4stefans gedacht, denn auch im G\u00e4stesektor sollen Pl\u00e4tze f\u00fcr Menschen mit Einschr\u00e4nkungen geschaffen werden.<br>\nPositiv bewerten wir auch die angedachte Ausr\u00fcstung der Stadiond\u00e4cher mit Photovoltaik-Anlagen, die rund 1 Million KW\/h im Jahr erzeugen sollen. Die vorgeschlagene Umr\u00fcstung des Pumpwerks entspricht ebenfalls unseren W\u00fcnschen.<\/p>\n\n\n\n<p>Allerdings sehen wir noch Bedarf an weiteren Verbesserungen im Konzept. So denken wir, dass ein Zugang \u00fcber eine Br\u00fccke in den G\u00e4stebereich nicht die erforderliche Willkommenskultur bietet. Wir w\u00fcrden uns w\u00fcnschen, dass hierf\u00fcr noch einmal die Anordnung der Parkpl\u00e4tze \u00fcberdacht wird, dass M\u00f6glichkeiten gesucht werden, eventuell mit Schleusentoren die Durchfahrt der Feuerwehr zu gew\u00e4hrleisten, ohne den Sektor zu klein und eng zu gestalten.<br>\nKritisch sehen wir auch die Unterbringung der Sicherheitsbeh\u00f6rden in der S\u00fcdost-Ecke. Eine Unterbringung im S\u00fcdwesten halten wir f\u00fcr sinnvoller, da hier bereits der direkte Zugang zum Stadioninnenraum f\u00fcr Rettungsfahrzeuge vorgesehen ist und auch der Fuhrpark hier untergebracht werden soll. K\u00fcrzere Wege sollten auch im Interesse der Handelnden liegen. Alternativ k\u00f6nnte die Unterbringung auch im Nordwesten erfolgen, da hier wie im S\u00fcdwesten ein direkter Zugang zur Stra\u00dfe am Berg Fidel besteht und die Rettungsfahrzeuge gar nicht weit vom jetzigen Standort weichen m\u00fcssten, aber die G\u00e4steparkpl\u00e4tze dann direkt an den G\u00e4steeingang verlagert werden k\u00f6nnten.<br> Irritiert hat uns die Unterbringung des FANports im geplanten Geb\u00e4ude S\u00fcdost. Der Standort w\u00e4re im sogenannten Sicherheitsring, der Zugang zu den R\u00e4umlichkeiten an Spieltagen und auch au\u00dferhalb dieser sehr kompliziert. Die gleichzeitige Unterbringung der Sicherheitszentrale im gleichen Geb\u00e4ude w\u00fcrde zudem zu einem Akzeptanzproblem der Einrichtung als direkte Anlaufstelle f\u00fchren. Weiterhin vermissen wir R\u00e4umlichkeiten f\u00fcr das Fanprojekt und allgemein zug\u00e4ngliche Fanr\u00e4ume. Eine M\u00f6glichkeit sehen wir daf\u00fcr am Standort des eventuell angedachten mehrgeschossigen Verwaltungsgeb\u00e4udes, das au\u00dferhalb des Sicherheitsrings liegt und gut erreichbar w\u00e4re. Falls sich neue R\u00e4umlichkeiten f\u00fcr die Gesch\u00e4ftsstelle ergeben, w\u00fcrden wir es gerne sehen, wenn das jetzige Geb\u00e4ude erhalten bleiben und zu einer jederzeit erreichbaren Anlaufstelle f\u00fcr Fans umgebaut werden w\u00fcrde. Mit den planenden Institutionen w\u00fcrden wir hierzu gerne ins Gespr\u00e4ch kommen.<br> Die dargestellten Mundl\u00f6cher im Heimbereich sind eine Verbesserung zu vielen anderen Stadien. Allerdings w\u00fcrden wir es in der Ostkurve weiterhin begr\u00fc\u00dfen, wenn es wie im jetzigen Stadion einen Zugang \u201cvon oben\u201d in den Block geben w\u00fcrde. Sollte aus Kostengr\u00fcnden der Wall, auf dem die jetzige Ostkurve gebaut wurde, erhalten bleiben, lie\u00dfe sich der Zugang von oben realisieren.<br> W\u00e4hrend der Vorstellung der Studie wurde angek\u00fcndigt, dass es eine separate Schleuse f\u00fcr Fanmaterial geben soll. Unsere Erfahrungen zeigen, dass solche Eing\u00e4nge in der Praxis am Spieltag keinen Mehrwert bieten und keine Akzeptanz finden. Zudem werden in der Vorlage Drehkreuze erw\u00e4hnt und da im Workshop explizit \u00fcber Ganzk\u00f6rperdrehkreuze gesprochen wurde, wollen wir klarstellen, dass Ganzk\u00f6rperdrehkreuze, sogenannte Fleischw\u00f6lfe, von uns abgelehnt werden.<br> In Fragen der Nachhaltigkeit bietet die Machbarkeitsstudie einige gute Anregungen und Umsetzungsvorschl\u00e4ge. Aber auch hier sehen wir noch mehr Potential, das ausgesch\u00f6pft werden sollte. \n<\/p>\n\n\n\n<p>&nbsp;<\/p>\n\n\n\n<h4 class=\"wp-block-heading\"> Fazit<\/h4>\n\n\n\n<p>Die ver\u00f6ffentlichte \u00fcberarbeitete Machbarkeitsstudie von Drees und Sommer ist ein wichtiger Schritt f\u00fcr den Umbau des Stadions an der Hammer Stra\u00dfe. Viele Dinge sind zu unserer Zufriedenheit umgesetzt worden, einige Fragen bleiben offen und Gespr\u00e4chsbedarf ist weiterhin vorhanden. Aber durch die bisherigen Bem\u00fchungen aller Partner sehen wir uns auf einem guten Weg und freuen uns, die konstruktive Zusammenarbeit auch in den kommenden Monaten\/Jahren fortzusetzen.<\/p>\n","protected":false},"excerpt":{"rendered":"<p>Weihnachten 2021: Den Preu\u00dfenfans wurden neue Stadionpl\u00e4ne vorgestellt. Die Arbeitsgemeinschaft Preu\u00dfenstadion hat sich mit der Pr\u00e4sentation der \u00fcberarbeiteten Machbarkeitsstudie sowie dem Auftrag an die Stadtwerke M\u00fcnster zur Umsetzung des Stadionbaus&#8230; <a class=\"read-more-link\" href=\"https:\/\/www.fanprojekt-muenster.de\/wordpress\/stellungnahme-der-ag-preussenstadion-zur-ueberarbeiteten-machbarkeitsstudie\/\">Read more &raquo;<\/a><\/p>\n","protected":false},"author":7,"featured_media":8185,"comment_status":"closed","ping_status":"open","sticky":false,"template":"","format":"standard","meta":{"advgb_blocks_editor_width":"","advgb_blocks_columns_visual_guide":"","footnotes":""},"categories":[314],"tags":[],"class_list":["post-8614","post","type-post","status-publish","format-standard","has-post-thumbnail","hentry","category-ag-preussenstadion"],"featured_image_src":"https:\/\/www.fanprojekt-muenster.de\/wordpress\/wp-content\/uploads\/2020\/12\/logo_ideenkonzept.png","author_info":{"display_name":"CJO","author_link":"https:\/\/www.fanprojekt-muenster.de\/wordpress\/author\/jogy\/"},"yoast_head":"<!-- This site is optimized with the Yoast SEO plugin v27.2 - https:\/\/yoast.com\/product\/yoast-seo-wordpress\/ -->\n<title>Stellungnahme der AG Preu\u00dfenstadion zur \u00fcberarbeiteten Machbarkeitsstudie - Fangemeinschaft Preu\u00dfen M\u00fcnster e. V.<\/title>\n<meta name=\"robots\" content=\"index, follow, max-snippet:-1, max-image-preview:large, max-video-preview:-1\" \/>\n<link rel=\"canonical\" href=\"https:\/\/www.fanprojekt-muenster.de\/wordpress\/stellungnahme-der-ag-preussenstadion-zur-ueberarbeiteten-machbarkeitsstudie\/\" \/>\n<meta property=\"og:locale\" content=\"de_DE\" \/>\n<meta property=\"og:type\" content=\"article\" \/>\n<meta property=\"og:title\" content=\"Stellungnahme der AG Preu\u00dfenstadion zur \u00fcberarbeiteten Machbarkeitsstudie - Fangemeinschaft Preu\u00dfen M\u00fcnster e. V.\" \/>\n<meta property=\"og:description\" content=\"Weihnachten 2021: Den Preu\u00dfenfans wurden neue Stadionpl\u00e4ne vorgestellt. Die Arbeitsgemeinschaft Preu\u00dfenstadion hat sich mit der Pr\u00e4sentation der \u00fcberarbeiteten Machbarkeitsstudie sowie dem Auftrag an die Stadtwerke M\u00fcnster zur Umsetzung des Stadionbaus... Read more &raquo;\" \/>\n<meta property=\"og:url\" content=\"https:\/\/www.fanprojekt-muenster.de\/wordpress\/stellungnahme-der-ag-preussenstadion-zur-ueberarbeiteten-machbarkeitsstudie\/\" \/>\n<meta property=\"og:site_name\" content=\"Fangemeinschaft Preu\u00dfen M\u00fcnster e. V.\" \/>\n<meta property=\"article:published_time\" content=\"2022-01-16T14:49:04+00:00\" \/>\n<meta property=\"article:modified_time\" content=\"2022-01-16T14:49:06+00:00\" \/>\n<meta property=\"og:image\" content=\"https:\/\/www.fanprojekt-muenster.de\/wordpress\/wp-content\/uploads\/2020\/12\/logo_ideenkonzept.png\" \/>\n\t<meta property=\"og:image:width\" content=\"600\" \/>\n\t<meta property=\"og:image:height\" content=\"450\" \/>\n\t<meta property=\"og:image:type\" content=\"image\/png\" \/>\n<meta name=\"author\" content=\"CJO\" \/>\n<meta name=\"twitter:card\" content=\"summary_large_image\" \/>\n<meta name=\"twitter:label1\" content=\"Verfasst von\" \/>\n\t<meta name=\"twitter:data1\" content=\"CJO\" \/>\n\t<meta name=\"twitter:label2\" content=\"Gesch\u00e4tzte Lesezeit\" \/>\n\t<meta name=\"twitter:data2\" content=\"5\u00a0Minuten\" \/>\n<script type=\"application\/ld+json\" class=\"yoast-schema-graph\">{\"@context\":\"https:\/\/schema.org\",\"@graph\":[{\"@type\":\"Article\",\"@id\":\"https:\/\/www.fanprojekt-muenster.de\/wordpress\/stellungnahme-der-ag-preussenstadion-zur-ueberarbeiteten-machbarkeitsstudie\/#article\",\"isPartOf\":{\"@id\":\"https:\/\/www.fanprojekt-muenster.de\/wordpress\/stellungnahme-der-ag-preussenstadion-zur-ueberarbeiteten-machbarkeitsstudie\/\"},\"author\":{\"name\":\"CJO\",\"@id\":\"https:\/\/www.fanprojekt-muenster.de\/wordpress\/#\/schema\/person\/744936f7caad5b07423673506682ba59\"},\"headline\":\"Stellungnahme der AG Preu\u00dfenstadion zur \u00fcberarbeiteten Machbarkeitsstudie\",\"datePublished\":\"2022-01-16T14:49:04+00:00\",\"dateModified\":\"2022-01-16T14:49:06+00:00\",\"mainEntityOfPage\":{\"@id\":\"https:\/\/www.fanprojekt-muenster.de\/wordpress\/stellungnahme-der-ag-preussenstadion-zur-ueberarbeiteten-machbarkeitsstudie\/\"},\"wordCount\":1075,\"publisher\":{\"@id\":\"https:\/\/www.fanprojekt-muenster.de\/wordpress\/#organization\"},\"image\":{\"@id\":\"https:\/\/www.fanprojekt-muenster.de\/wordpress\/stellungnahme-der-ag-preussenstadion-zur-ueberarbeiteten-machbarkeitsstudie\/#primaryimage\"},\"thumbnailUrl\":\"https:\/\/www.fanprojekt-muenster.de\/wordpress\/wp-content\/uploads\/2020\/12\/logo_ideenkonzept.png\",\"articleSection\":[\"AG Preu\u00dfenstadion\"],\"inLanguage\":\"de\"},{\"@type\":\"WebPage\",\"@id\":\"https:\/\/www.fanprojekt-muenster.de\/wordpress\/stellungnahme-der-ag-preussenstadion-zur-ueberarbeiteten-machbarkeitsstudie\/\",\"url\":\"https:\/\/www.fanprojekt-muenster.de\/wordpress\/stellungnahme-der-ag-preussenstadion-zur-ueberarbeiteten-machbarkeitsstudie\/\",\"name\":\"Stellungnahme der AG Preu\u00dfenstadion zur \u00fcberarbeiteten Machbarkeitsstudie - Fangemeinschaft Preu\u00dfen M\u00fcnster e. V.\",\"isPartOf\":{\"@id\":\"https:\/\/www.fanprojekt-muenster.de\/wordpress\/#website\"},\"primaryImageOfPage\":{\"@id\":\"https:\/\/www.fanprojekt-muenster.de\/wordpress\/stellungnahme-der-ag-preussenstadion-zur-ueberarbeiteten-machbarkeitsstudie\/#primaryimage\"},\"image\":{\"@id\":\"https:\/\/www.fanprojekt-muenster.de\/wordpress\/stellungnahme-der-ag-preussenstadion-zur-ueberarbeiteten-machbarkeitsstudie\/#primaryimage\"},\"thumbnailUrl\":\"https:\/\/www.fanprojekt-muenster.de\/wordpress\/wp-content\/uploads\/2020\/12\/logo_ideenkonzept.png\",\"datePublished\":\"2022-01-16T14:49:04+00:00\",\"dateModified\":\"2022-01-16T14:49:06+00:00\",\"breadcrumb\":{\"@id\":\"https:\/\/www.fanprojekt-muenster.de\/wordpress\/stellungnahme-der-ag-preussenstadion-zur-ueberarbeiteten-machbarkeitsstudie\/#breadcrumb\"},\"inLanguage\":\"de\",\"potentialAction\":[{\"@type\":\"ReadAction\",\"target\":[\"https:\/\/www.fanprojekt-muenster.de\/wordpress\/stellungnahme-der-ag-preussenstadion-zur-ueberarbeiteten-machbarkeitsstudie\/\"]}]},{\"@type\":\"ImageObject\",\"inLanguage\":\"de\",\"@id\":\"https:\/\/www.fanprojekt-muenster.de\/wordpress\/stellungnahme-der-ag-preussenstadion-zur-ueberarbeiteten-machbarkeitsstudie\/#primaryimage\",\"url\":\"https:\/\/www.fanprojekt-muenster.de\/wordpress\/wp-content\/uploads\/2020\/12\/logo_ideenkonzept.png\",\"contentUrl\":\"https:\/\/www.fanprojekt-muenster.de\/wordpress\/wp-content\/uploads\/2020\/12\/logo_ideenkonzept.png\",\"width\":600,\"height\":450,\"caption\":\"Logo Ideenkonzept AG Preu\u00dfenstadion\"},{\"@type\":\"BreadcrumbList\",\"@id\":\"https:\/\/www.fanprojekt-muenster.de\/wordpress\/stellungnahme-der-ag-preussenstadion-zur-ueberarbeiteten-machbarkeitsstudie\/#breadcrumb\",\"itemListElement\":[{\"@type\":\"ListItem\",\"position\":1,\"name\":\"Startseite\",\"item\":\"https:\/\/www.fanprojekt-muenster.de\/wordpress\/\"},{\"@type\":\"ListItem\",\"position\":2,\"name\":\"Stellungnahme der AG Preu\u00dfenstadion zur \u00fcberarbeiteten Machbarkeitsstudie\"}]},{\"@type\":\"WebSite\",\"@id\":\"https:\/\/www.fanprojekt-muenster.de\/wordpress\/#website\",\"url\":\"https:\/\/www.fanprojekt-muenster.de\/wordpress\/\",\"name\":\"Fangemeinschaft Preu\u00dfen M\u00fcnster e. V.\",\"description\":\"\",\"publisher\":{\"@id\":\"https:\/\/www.fanprojekt-muenster.de\/wordpress\/#organization\"},\"potentialAction\":[{\"@type\":\"SearchAction\",\"target\":{\"@type\":\"EntryPoint\",\"urlTemplate\":\"https:\/\/www.fanprojekt-muenster.de\/wordpress\/?s={search_term_string}\"},\"query-input\":{\"@type\":\"PropertyValueSpecification\",\"valueRequired\":true,\"valueName\":\"search_term_string\"}}],\"inLanguage\":\"de\"},{\"@type\":\"Organization\",\"@id\":\"https:\/\/www.fanprojekt-muenster.de\/wordpress\/#organization\",\"name\":\"Fangemeinschaft Preu\u00dfen M\u00fcnster e. V.\",\"url\":\"https:\/\/www.fanprojekt-muenster.de\/wordpress\/\",\"logo\":{\"@type\":\"ImageObject\",\"inLanguage\":\"de\",\"@id\":\"https:\/\/www.fanprojekt-muenster.de\/wordpress\/#\/schema\/logo\/image\/\",\"url\":\"https:\/\/www.fanprojekt-muenster.de\/wordpress\/wp-content\/uploads\/2019\/07\/cropped-Website_Logo3-9.png\",\"contentUrl\":\"https:\/\/www.fanprojekt-muenster.de\/wordpress\/wp-content\/uploads\/2019\/07\/cropped-Website_Logo3-9.png\",\"width\":224,\"height\":42,\"caption\":\"Fangemeinschaft Preu\u00dfen M\u00fcnster e. V.\"},\"image\":{\"@id\":\"https:\/\/www.fanprojekt-muenster.de\/wordpress\/#\/schema\/logo\/image\/\"}},{\"@type\":\"Person\",\"@id\":\"https:\/\/www.fanprojekt-muenster.de\/wordpress\/#\/schema\/person\/744936f7caad5b07423673506682ba59\",\"name\":\"CJO\",\"url\":\"https:\/\/www.fanprojekt-muenster.de\/wordpress\/author\/jogy\/\"}]}<\/script>\n<!-- \/ Yoast SEO plugin. -->","yoast_head_json":{"title":"Stellungnahme der AG Preu\u00dfenstadion zur \u00fcberarbeiteten Machbarkeitsstudie - Fangemeinschaft Preu\u00dfen M\u00fcnster e. V.","robots":{"index":"index","follow":"follow","max-snippet":"max-snippet:-1","max-image-preview":"max-image-preview:large","max-video-preview":"max-video-preview:-1"},"canonical":"https:\/\/www.fanprojekt-muenster.de\/wordpress\/stellungnahme-der-ag-preussenstadion-zur-ueberarbeiteten-machbarkeitsstudie\/","og_locale":"de_DE","og_type":"article","og_title":"Stellungnahme der AG Preu\u00dfenstadion zur \u00fcberarbeiteten Machbarkeitsstudie - Fangemeinschaft Preu\u00dfen M\u00fcnster e. V.","og_description":"Weihnachten 2021: Den Preu\u00dfenfans wurden neue Stadionpl\u00e4ne vorgestellt. Die Arbeitsgemeinschaft Preu\u00dfenstadion hat sich mit der Pr\u00e4sentation der \u00fcberarbeiteten Machbarkeitsstudie sowie dem Auftrag an die Stadtwerke M\u00fcnster zur Umsetzung des Stadionbaus... Read more &raquo;","og_url":"https:\/\/www.fanprojekt-muenster.de\/wordpress\/stellungnahme-der-ag-preussenstadion-zur-ueberarbeiteten-machbarkeitsstudie\/","og_site_name":"Fangemeinschaft Preu\u00dfen M\u00fcnster e. V.","article_published_time":"2022-01-16T14:49:04+00:00","article_modified_time":"2022-01-16T14:49:06+00:00","og_image":[{"width":600,"height":450,"url":"https:\/\/www.fanprojekt-muenster.de\/wordpress\/wp-content\/uploads\/2020\/12\/logo_ideenkonzept.png","type":"image\/png"}],"author":"CJO","twitter_card":"summary_large_image","twitter_misc":{"Verfasst von":"CJO","Gesch\u00e4tzte Lesezeit":"5\u00a0Minuten"},"schema":{"@context":"https:\/\/schema.org","@graph":[{"@type":"Article","@id":"https:\/\/www.fanprojekt-muenster.de\/wordpress\/stellungnahme-der-ag-preussenstadion-zur-ueberarbeiteten-machbarkeitsstudie\/#article","isPartOf":{"@id":"https:\/\/www.fanprojekt-muenster.de\/wordpress\/stellungnahme-der-ag-preussenstadion-zur-ueberarbeiteten-machbarkeitsstudie\/"},"author":{"name":"CJO","@id":"https:\/\/www.fanprojekt-muenster.de\/wordpress\/#\/schema\/person\/744936f7caad5b07423673506682ba59"},"headline":"Stellungnahme der AG Preu\u00dfenstadion zur \u00fcberarbeiteten Machbarkeitsstudie","datePublished":"2022-01-16T14:49:04+00:00","dateModified":"2022-01-16T14:49:06+00:00","mainEntityOfPage":{"@id":"https:\/\/www.fanprojekt-muenster.de\/wordpress\/stellungnahme-der-ag-preussenstadion-zur-ueberarbeiteten-machbarkeitsstudie\/"},"wordCount":1075,"publisher":{"@id":"https:\/\/www.fanprojekt-muenster.de\/wordpress\/#organization"},"image":{"@id":"https:\/\/www.fanprojekt-muenster.de\/wordpress\/stellungnahme-der-ag-preussenstadion-zur-ueberarbeiteten-machbarkeitsstudie\/#primaryimage"},"thumbnailUrl":"https:\/\/www.fanprojekt-muenster.de\/wordpress\/wp-content\/uploads\/2020\/12\/logo_ideenkonzept.png","articleSection":["AG Preu\u00dfenstadion"],"inLanguage":"de"},{"@type":"WebPage","@id":"https:\/\/www.fanprojekt-muenster.de\/wordpress\/stellungnahme-der-ag-preussenstadion-zur-ueberarbeiteten-machbarkeitsstudie\/","url":"https:\/\/www.fanprojekt-muenster.de\/wordpress\/stellungnahme-der-ag-preussenstadion-zur-ueberarbeiteten-machbarkeitsstudie\/","name":"Stellungnahme der AG Preu\u00dfenstadion zur \u00fcberarbeiteten Machbarkeitsstudie - Fangemeinschaft Preu\u00dfen M\u00fcnster e. V.","isPartOf":{"@id":"https:\/\/www.fanprojekt-muenster.de\/wordpress\/#website"},"primaryImageOfPage":{"@id":"https:\/\/www.fanprojekt-muenster.de\/wordpress\/stellungnahme-der-ag-preussenstadion-zur-ueberarbeiteten-machbarkeitsstudie\/#primaryimage"},"image":{"@id":"https:\/\/www.fanprojekt-muenster.de\/wordpress\/stellungnahme-der-ag-preussenstadion-zur-ueberarbeiteten-machbarkeitsstudie\/#primaryimage"},"thumbnailUrl":"https:\/\/www.fanprojekt-muenster.de\/wordpress\/wp-content\/uploads\/2020\/12\/logo_ideenkonzept.png","datePublished":"2022-01-16T14:49:04+00:00","dateModified":"2022-01-16T14:49:06+00:00","breadcrumb":{"@id":"https:\/\/www.fanprojekt-muenster.de\/wordpress\/stellungnahme-der-ag-preussenstadion-zur-ueberarbeiteten-machbarkeitsstudie\/#breadcrumb"},"inLanguage":"de","potentialAction":[{"@type":"ReadAction","target":["https:\/\/www.fanprojekt-muenster.de\/wordpress\/stellungnahme-der-ag-preussenstadion-zur-ueberarbeiteten-machbarkeitsstudie\/"]}]},{"@type":"ImageObject","inLanguage":"de","@id":"https:\/\/www.fanprojekt-muenster.de\/wordpress\/stellungnahme-der-ag-preussenstadion-zur-ueberarbeiteten-machbarkeitsstudie\/#primaryimage","url":"https:\/\/www.fanprojekt-muenster.de\/wordpress\/wp-content\/uploads\/2020\/12\/logo_ideenkonzept.png","contentUrl":"https:\/\/www.fanprojekt-muenster.de\/wordpress\/wp-content\/uploads\/2020\/12\/logo_ideenkonzept.png","width":600,"height":450,"caption":"Logo Ideenkonzept AG Preu\u00dfenstadion"},{"@type":"BreadcrumbList","@id":"https:\/\/www.fanprojekt-muenster.de\/wordpress\/stellungnahme-der-ag-preussenstadion-zur-ueberarbeiteten-machbarkeitsstudie\/#breadcrumb","itemListElement":[{"@type":"ListItem","position":1,"name":"Startseite","item":"https:\/\/www.fanprojekt-muenster.de\/wordpress\/"},{"@type":"ListItem","position":2,"name":"Stellungnahme der AG Preu\u00dfenstadion zur \u00fcberarbeiteten Machbarkeitsstudie"}]},{"@type":"WebSite","@id":"https:\/\/www.fanprojekt-muenster.de\/wordpress\/#website","url":"https:\/\/www.fanprojekt-muenster.de\/wordpress\/","name":"Fangemeinschaft Preu\u00dfen M\u00fcnster e. V.","description":"","publisher":{"@id":"https:\/\/www.fanprojekt-muenster.de\/wordpress\/#organization"},"potentialAction":[{"@type":"SearchAction","target":{"@type":"EntryPoint","urlTemplate":"https:\/\/www.fanprojekt-muenster.de\/wordpress\/?s={search_term_string}"},"query-input":{"@type":"PropertyValueSpecification","valueRequired":true,"valueName":"search_term_string"}}],"inLanguage":"de"},{"@type":"Organization","@id":"https:\/\/www.fanprojekt-muenster.de\/wordpress\/#organization","name":"Fangemeinschaft Preu\u00dfen M\u00fcnster e. V.","url":"https:\/\/www.fanprojekt-muenster.de\/wordpress\/","logo":{"@type":"ImageObject","inLanguage":"de","@id":"https:\/\/www.fanprojekt-muenster.de\/wordpress\/#\/schema\/logo\/image\/","url":"https:\/\/www.fanprojekt-muenster.de\/wordpress\/wp-content\/uploads\/2019\/07\/cropped-Website_Logo3-9.png","contentUrl":"https:\/\/www.fanprojekt-muenster.de\/wordpress\/wp-content\/uploads\/2019\/07\/cropped-Website_Logo3-9.png","width":224,"height":42,"caption":"Fangemeinschaft Preu\u00dfen M\u00fcnster e. V."},"image":{"@id":"https:\/\/www.fanprojekt-muenster.de\/wordpress\/#\/schema\/logo\/image\/"}},{"@type":"Person","@id":"https:\/\/www.fanprojekt-muenster.de\/wordpress\/#\/schema\/person\/744936f7caad5b07423673506682ba59","name":"CJO","url":"https:\/\/www.fanprojekt-muenster.de\/wordpress\/author\/jogy\/"}]}},"author_meta":{"display_name":"CJO","author_link":"https:\/\/www.fanprojekt-muenster.de\/wordpress\/author\/jogy\/"},"featured_img":"https:\/\/www.fanprojekt-muenster.de\/wordpress\/wp-content\/uploads\/2020\/12\/logo_ideenkonzept-300x225.png","coauthors":[],"tax_additional":{"categories":{"linked":["<a href=\"https:\/\/www.fanprojekt-muenster.de\/wordpress\/category\/ag-preussenstadion\/\" class=\"advgb-post-tax-term\">AG Preu\u00dfenstadion<\/a>"],"unlinked":["<span class=\"advgb-post-tax-term\">AG Preu\u00dfenstadion<\/span>"]}},"comment_count":"0","relative_dates":{"created":"Posted 4\u00a0Jahren ago","modified":"Updated 4\u00a0Jahren ago"},"absolute_dates":{"created":"Posted on 16. Januar 2022","modified":"Updated on 16. Januar 2022"},"absolute_dates_time":{"created":"Posted on 16. Januar 2022 15:49","modified":"Updated on 16. Januar 2022 15:49"},"featured_img_caption":"Logo Ideenkonzept AG Preu\u00dfenstadion","series_order":"","_links":{"self":[{"href":"https:\/\/www.fanprojekt-muenster.de\/wordpress\/wp-json\/wp\/v2\/posts\/8614","targetHints":{"allow":["GET"]}}],"collection":[{"href":"https:\/\/www.fanprojekt-muenster.de\/wordpress\/wp-json\/wp\/v2\/posts"}],"about":[{"href":"https:\/\/www.fanprojekt-muenster.de\/wordpress\/wp-json\/wp\/v2\/types\/post"}],"author":[{"embeddable":true,"href":"https:\/\/www.fanprojekt-muenster.de\/wordpress\/wp-json\/wp\/v2\/users\/7"}],"replies":[{"embeddable":true,"href":"https:\/\/www.fanprojekt-muenster.de\/wordpress\/wp-json\/wp\/v2\/comments?post=8614"}],"version-history":[{"count":22,"href":"https:\/\/www.fanprojekt-muenster.de\/wordpress\/wp-json\/wp\/v2\/posts\/8614\/revisions"}],"predecessor-version":[{"id":8637,"href":"https:\/\/www.fanprojekt-muenster.de\/wordpress\/wp-json\/wp\/v2\/posts\/8614\/revisions\/8637"}],"wp:featuredmedia":[{"embeddable":true,"href":"https:\/\/www.fanprojekt-muenster.de\/wordpress\/wp-json\/wp\/v2\/media\/8185"}],"wp:attachment":[{"href":"https:\/\/www.fanprojekt-muenster.de\/wordpress\/wp-json\/wp\/v2\/media?parent=8614"}],"wp:term":[{"taxonomy":"category","embeddable":true,"href":"https:\/\/www.fanprojekt-muenster.de\/wordpress\/wp-json\/wp\/v2\/categories?post=8614"},{"taxonomy":"post_tag","embeddable":true,"href":"https:\/\/www.fanprojekt-muenster.de\/wordpress\/wp-json\/wp\/v2\/tags?post=8614"}],"curies":[{"name":"wp","href":"https:\/\/api.w.org\/{rel}","templated":true}]}}