{"id":8532,"date":"2021-10-24T22:30:38","date_gmt":"2021-10-24T20:30:38","guid":{"rendered":"https:\/\/www.fanprojekt-muenster.de\/wordpress\/?p=8532"},"modified":"2021-10-24T22:32:08","modified_gmt":"2021-10-24T20:32:08","slug":"mitgliederversammlung-2021-22","status":"publish","type":"post","link":"https:\/\/www.fanprojekt-muenster.de\/wordpress\/mitgliederversammlung-2021-22\/","title":{"rendered":"Mitgliederversammlung 2021\/22"},"content":{"rendered":"<p>Liebe Mitglieder,<\/p>\n<p>mit dieser Ver\u00f6ffentlichung m\u00f6chten wir euch herzlichst zur ordentlichen Mitgliederversammlung im Gesch\u00e4ftsjahr 2021\/22 einladen.<\/p>\n<p>Am <strong>Mittwoch<\/strong>, den <strong>17.11.2021<\/strong>, stehen ab <strong>19:06\u2009Uhr<\/strong> in der <strong>Haupttrib\u00fcne<\/strong> Preu\u00dfenstadion (1.OG rechts) folgende Tagesordnungspunkte an:<\/p>\n<ul style=\"list-style-type: none;\">\n<li>TOP 01&nbsp;&nbsp;&nbsp;Begr\u00fc\u00dfung<\/li>\n<li>TOP 02&nbsp;&nbsp;&nbsp;Bericht des Vorstandes zum Gesch\u00e4ftsjahr 2019\/20<\/li>\n<li>TOP 03&nbsp;&nbsp;&nbsp;Kassenbericht zum Gesch\u00e4ftsjahr 2019\/20<\/li>\n<li>TOP 04&nbsp;&nbsp;&nbsp;Kassenpr\u00fcferbericht zum Gesch\u00e4ftsjahr 2019\/20<\/li>\n<li>TOP 05&nbsp;&nbsp;&nbsp;Bericht des Ehrenrates zum Gesch\u00e4ftsjahr 2019\/20<\/li>\n<li>TOP 06&nbsp;&nbsp;&nbsp;Entlastung des Vorstandes f\u00fcr das Gesch\u00e4ftsjahr 2019\/20<\/li>\n<li>TOP 07&nbsp;&nbsp;&nbsp;Bericht des Vorstandes zum Gesch\u00e4ftsjahr 2020\/21<\/li>\n<li>TOP 08&nbsp;&nbsp;&nbsp;Kassenbericht zum Gesch\u00e4ftsjahr 2020\/21<\/li>\n<li>TOP 09&nbsp;&nbsp;&nbsp;Kassenpr\u00fcferbericht zum Gesch\u00e4ftsjahr 2020\/21<\/li>\n<li>TOP 10&nbsp;&nbsp;&nbsp;Bericht des Ehrenrates zum Gesch\u00e4ftsjahr 2020\/21<\/li>\n<li>TOP 11&nbsp;&nbsp;&nbsp;Entlastung des Vorstandes f\u00fcr das Gesch\u00e4ftsjahr 2020\/21<\/li>\n<li>TOP 12&nbsp;&nbsp;&nbsp;Mitgliedsbeitr\u00e4ge<\/li>\n<li>TOP 13&nbsp;&nbsp;&nbsp;Wahl des Vorstandes<\/li>\n<li>TOP 14&nbsp;&nbsp;&nbsp;Wahl des Ehrenrates<\/li>\n<li>TOP 14&nbsp;&nbsp;&nbsp;Antr\u00e4ge<\/li>\n<li>TOP 16&nbsp;&nbsp;&nbsp;Verschiedenes<\/li>\n<\/ul>\n<p>Wir freuen uns auf euer Erscheinen und bitte beachtet, dass die Mitgliederversammlung unabh\u00e4ngig von der Anzahl anwesender Mitglieder beschlussf\u00e4hig ist.<\/p>\n<p>Euer Vorstand.<\/p>\n\n\n<div style=\"height:100px\" aria-hidden=\"true\" class=\"wp-block-spacer\"><\/div>\n\n\n\n<p><em><strong>P.S.: Organisatorischen Ma\u00dfnahmen zur JHV 2021\/22<\/strong><\/em><\/p>\n\n\n\n<p>Wie ihr in der Einladung lesen konntet, stehen f\u00fcr 2021\/22 nicht nur &#8211; wie sonst &#8211; Tagesordnungspunkte f\u00fcr das zur\u00fcckliegende Gesch\u00e4ftsjahr (2020\/21) auf der Agenda, sondern auch von 2019\/20, weil die entsprechende Mitgliederversammlung ja leider coronabedingt nicht stattfinden durfte.<\/p>\n\n\n\n<p>Aber auch jetzt gilt es diesbez\u00fcglich einige organisatorische Ma\u00dfnahmen hinsichtlich der Coronaschutzverordnung des Landes NRW zu beachten:<\/p>\n\n\n\n<p>Die Versammlung findet unter der sogenannten <strong>3G-Regelung<\/strong> statt. Gem\u00e4\u00df der CoronaSchVO vom 17. August 2021 in der ab dem 19. Oktober 2021 g\u00fcltigen Fassung erh\u00e4lt nur Zugang, wer entweder:<\/p>\n\n\n\n<p>&#8211; <strong>genesen<\/strong> (positiver PCR-Test mindestens 28 Tage und maximal 180 Tage alt) oder<\/p>\n\n\n\n<p>&#8211; vollst\u00e4ndig <strong>geimpft<\/strong> (mindestens 14 Tage nach der letzten notwendigen Impfung vergangen) oder<\/p>\n\n\n\n<p>&#8211; negativ auf das Virus <strong>getestet<\/strong> (Antigen-Schnell-Test nicht \u00e4lter als 24h bzw. PCR-Test nicht \u00e4lter als 48 Stunden) ist.<\/p>\n\n\n\n<p>-&gt; Einer dieser Nachweise ist bei der Anmeldung am Eingang der Haupttrib\u00fcne zu erbringen. Weiterhin besteht ab diesem Zeitpunkt bis zum Verlassen des Geb\u00e4udes die Pflicht zum Tragen einer medizinischen oder FFP2-Maske.<\/p>\n\n\n\n<p>Sollte sich an diesen Regularien aufgrund einer \u00fcberarbeiteten Coronaschutzverordnung noch etwas \u00e4ndern, werden wir euch rechtzeitig dar\u00fcber per eMail und auf unserer Homepage informieren.<\/p>\n\n\n\n<p>Wir hoffen auf zahlreiches Erscheinen und freuen uns, endlich mal wieder in den pers\u00f6nlichen Austausch mit euch treten zu k\u00f6nnen.<\/p>\n\n\n\n<div style=\"height:100px\" aria-hidden=\"true\" class=\"wp-block-spacer\"><\/div>\n\n\n\n<p><em><strong>P.P.S.:<\/strong><\/em> Die Einladung inkl. des Anhangs zu den organisatorischen Ma\u00dfnahmen als pdf zum Download findet ihr <a href=\"https:\/\/www.fanprojekt-muenster.de\/wordpress\/wp-content\/uploads\/2021\/10\/fppms_jhv2021-22_einladung-mit-anhang.pdf\">hier<\/a>.<\/p>\n","protected":false},"excerpt":{"rendered":"<p>Liebe Mitglieder, mit dieser Ver\u00f6ffentlichung m\u00f6chten wir euch herzlichst zur ordentlichen Mitgliederversammlung im Gesch\u00e4ftsjahr 2021\/22 einladen. Am Mittwoch, den 17.11.2021, stehen ab 19:06\u2009Uhr in der Haupttrib\u00fcne Preu\u00dfenstadion (1.OG rechts) folgende&#8230; <a class=\"read-more-link\" href=\"https:\/\/www.fanprojekt-muenster.de\/wordpress\/mitgliederversammlung-2021-22\/\">Read more &raquo;<\/a><\/p>\n","protected":false},"author":7,"featured_media":6859,"comment_status":"closed","ping_status":"open","sticky":false,"template":"","format":"standard","meta":{"advgb_blocks_editor_width":"","advgb_blocks_columns_visual_guide":"","footnotes":""},"categories":[1],"tags":[],"class_list":["post-8532","post","type-post","status-publish","format-standard","has-post-thumbnail","hentry","category-allgemein"],"featured_image_src":"https:\/\/www.fanprojekt-muenster.de\/wordpress\/wp-content\/uploads\/2019\/07\/Preussenadler_FP-1024x1024-400x300.png","author_info":{"display_name":"CJO","author_link":"https:\/\/www.fanprojekt-muenster.de\/wordpress\/author\/jogy\/"},"yoast_head":"<!-- This site is optimized with the Yoast SEO plugin v27.2 - https:\/\/yoast.com\/product\/yoast-seo-wordpress\/ -->\n<title>Mitgliederversammlung 2021\/22 - Fangemeinschaft Preu\u00dfen M\u00fcnster e. V.<\/title>\n<meta name=\"robots\" content=\"index, follow, max-snippet:-1, max-image-preview:large, max-video-preview:-1\" \/>\n<link rel=\"canonical\" href=\"https:\/\/www.fanprojekt-muenster.de\/wordpress\/mitgliederversammlung-2021-22\/\" \/>\n<meta property=\"og:locale\" content=\"de_DE\" \/>\n<meta property=\"og:type\" content=\"article\" \/>\n<meta property=\"og:title\" content=\"Mitgliederversammlung 2021\/22 - Fangemeinschaft Preu\u00dfen M\u00fcnster e. V.\" \/>\n<meta property=\"og:description\" content=\"Liebe Mitglieder, mit dieser Ver\u00f6ffentlichung m\u00f6chten wir euch herzlichst zur ordentlichen Mitgliederversammlung im Gesch\u00e4ftsjahr 2021\/22 einladen. Am Mittwoch, den 17.11.2021, stehen ab 19:06\u2009Uhr in der Haupttrib\u00fcne Preu\u00dfenstadion (1.OG rechts) folgende... Read more &raquo;\" \/>\n<meta property=\"og:url\" content=\"https:\/\/www.fanprojekt-muenster.de\/wordpress\/mitgliederversammlung-2021-22\/\" \/>\n<meta property=\"og:site_name\" content=\"Fangemeinschaft Preu\u00dfen M\u00fcnster e. V.\" \/>\n<meta property=\"article:published_time\" content=\"2021-10-24T20:30:38+00:00\" \/>\n<meta property=\"article:modified_time\" content=\"2021-10-24T20:32:08+00:00\" \/>\n<meta property=\"og:image\" content=\"https:\/\/www.fanprojekt-muenster.de\/wordpress\/wp-content\/uploads\/2019\/07\/Preussenadler_FP-1024x1024-400x300.png\" \/>\n\t<meta property=\"og:image:width\" content=\"400\" \/>\n\t<meta property=\"og:image:height\" content=\"300\" \/>\n\t<meta property=\"og:image:type\" content=\"image\/png\" \/>\n<meta name=\"author\" content=\"CJO\" \/>\n<meta name=\"twitter:card\" content=\"summary_large_image\" \/>\n<meta name=\"twitter:label1\" content=\"Verfasst von\" \/>\n\t<meta name=\"twitter:data1\" content=\"CJO\" \/>\n\t<meta name=\"twitter:label2\" content=\"Gesch\u00e4tzte Lesezeit\" \/>\n\t<meta name=\"twitter:data2\" content=\"2\u00a0Minuten\" \/>\n<script type=\"application\/ld+json\" class=\"yoast-schema-graph\">{\"@context\":\"https:\/\/schema.org\",\"@graph\":[{\"@type\":\"Article\",\"@id\":\"https:\/\/www.fanprojekt-muenster.de\/wordpress\/mitgliederversammlung-2021-22\/#article\",\"isPartOf\":{\"@id\":\"https:\/\/www.fanprojekt-muenster.de\/wordpress\/mitgliederversammlung-2021-22\/\"},\"author\":{\"name\":\"CJO\",\"@id\":\"https:\/\/www.fanprojekt-muenster.de\/wordpress\/#\/schema\/person\/744936f7caad5b07423673506682ba59\"},\"headline\":\"Mitgliederversammlung 2021\/22\",\"datePublished\":\"2021-10-24T20:30:38+00:00\",\"dateModified\":\"2021-10-24T20:32:08+00:00\",\"mainEntityOfPage\":{\"@id\":\"https:\/\/www.fanprojekt-muenster.de\/wordpress\/mitgliederversammlung-2021-22\/\"},\"wordCount\":433,\"publisher\":{\"@id\":\"https:\/\/www.fanprojekt-muenster.de\/wordpress\/#organization\"},\"image\":{\"@id\":\"https:\/\/www.fanprojekt-muenster.de\/wordpress\/mitgliederversammlung-2021-22\/#primaryimage\"},\"thumbnailUrl\":\"https:\/\/www.fanprojekt-muenster.de\/wordpress\/wp-content\/uploads\/2019\/07\/Preussenadler_FP-1024x1024-400x300.png\",\"inLanguage\":\"de\"},{\"@type\":\"WebPage\",\"@id\":\"https:\/\/www.fanprojekt-muenster.de\/wordpress\/mitgliederversammlung-2021-22\/\",\"url\":\"https:\/\/www.fanprojekt-muenster.de\/wordpress\/mitgliederversammlung-2021-22\/\",\"name\":\"Mitgliederversammlung 2021\/22 - Fangemeinschaft Preu\u00dfen M\u00fcnster e. V.\",\"isPartOf\":{\"@id\":\"https:\/\/www.fanprojekt-muenster.de\/wordpress\/#website\"},\"primaryImageOfPage\":{\"@id\":\"https:\/\/www.fanprojekt-muenster.de\/wordpress\/mitgliederversammlung-2021-22\/#primaryimage\"},\"image\":{\"@id\":\"https:\/\/www.fanprojekt-muenster.de\/wordpress\/mitgliederversammlung-2021-22\/#primaryimage\"},\"thumbnailUrl\":\"https:\/\/www.fanprojekt-muenster.de\/wordpress\/wp-content\/uploads\/2019\/07\/Preussenadler_FP-1024x1024-400x300.png\",\"datePublished\":\"2021-10-24T20:30:38+00:00\",\"dateModified\":\"2021-10-24T20:32:08+00:00\",\"breadcrumb\":{\"@id\":\"https:\/\/www.fanprojekt-muenster.de\/wordpress\/mitgliederversammlung-2021-22\/#breadcrumb\"},\"inLanguage\":\"de\",\"potentialAction\":[{\"@type\":\"ReadAction\",\"target\":[\"https:\/\/www.fanprojekt-muenster.de\/wordpress\/mitgliederversammlung-2021-22\/\"]}]},{\"@type\":\"ImageObject\",\"inLanguage\":\"de\",\"@id\":\"https:\/\/www.fanprojekt-muenster.de\/wordpress\/mitgliederversammlung-2021-22\/#primaryimage\",\"url\":\"https:\/\/www.fanprojekt-muenster.de\/wordpress\/wp-content\/uploads\/2019\/07\/Preussenadler_FP-1024x1024-400x300.png\",\"contentUrl\":\"https:\/\/www.fanprojekt-muenster.de\/wordpress\/wp-content\/uploads\/2019\/07\/Preussenadler_FP-1024x1024-400x300.png\",\"width\":400,\"height\":300},{\"@type\":\"BreadcrumbList\",\"@id\":\"https:\/\/www.fanprojekt-muenster.de\/wordpress\/mitgliederversammlung-2021-22\/#breadcrumb\",\"itemListElement\":[{\"@type\":\"ListItem\",\"position\":1,\"name\":\"Startseite\",\"item\":\"https:\/\/www.fanprojekt-muenster.de\/wordpress\/\"},{\"@type\":\"ListItem\",\"position\":2,\"name\":\"Mitgliederversammlung 2021\/22\"}]},{\"@type\":\"WebSite\",\"@id\":\"https:\/\/www.fanprojekt-muenster.de\/wordpress\/#website\",\"url\":\"https:\/\/www.fanprojekt-muenster.de\/wordpress\/\",\"name\":\"Fangemeinschaft Preu\u00dfen M\u00fcnster e. V.\",\"description\":\"\",\"publisher\":{\"@id\":\"https:\/\/www.fanprojekt-muenster.de\/wordpress\/#organization\"},\"potentialAction\":[{\"@type\":\"SearchAction\",\"target\":{\"@type\":\"EntryPoint\",\"urlTemplate\":\"https:\/\/www.fanprojekt-muenster.de\/wordpress\/?s={search_term_string}\"},\"query-input\":{\"@type\":\"PropertyValueSpecification\",\"valueRequired\":true,\"valueName\":\"search_term_string\"}}],\"inLanguage\":\"de\"},{\"@type\":\"Organization\",\"@id\":\"https:\/\/www.fanprojekt-muenster.de\/wordpress\/#organization\",\"name\":\"Fangemeinschaft Preu\u00dfen M\u00fcnster e. V.\",\"url\":\"https:\/\/www.fanprojekt-muenster.de\/wordpress\/\",\"logo\":{\"@type\":\"ImageObject\",\"inLanguage\":\"de\",\"@id\":\"https:\/\/www.fanprojekt-muenster.de\/wordpress\/#\/schema\/logo\/image\/\",\"url\":\"https:\/\/www.fanprojekt-muenster.de\/wordpress\/wp-content\/uploads\/2019\/07\/cropped-Website_Logo3-9.png\",\"contentUrl\":\"https:\/\/www.fanprojekt-muenster.de\/wordpress\/wp-content\/uploads\/2019\/07\/cropped-Website_Logo3-9.png\",\"width\":224,\"height\":42,\"caption\":\"Fangemeinschaft Preu\u00dfen M\u00fcnster e. V.\"},\"image\":{\"@id\":\"https:\/\/www.fanprojekt-muenster.de\/wordpress\/#\/schema\/logo\/image\/\"}},{\"@type\":\"Person\",\"@id\":\"https:\/\/www.fanprojekt-muenster.de\/wordpress\/#\/schema\/person\/744936f7caad5b07423673506682ba59\",\"name\":\"CJO\",\"url\":\"https:\/\/www.fanprojekt-muenster.de\/wordpress\/author\/jogy\/\"}]}<\/script>\n<!-- \/ Yoast SEO plugin. -->","yoast_head_json":{"title":"Mitgliederversammlung 2021\/22 - Fangemeinschaft Preu\u00dfen M\u00fcnster e. V.","robots":{"index":"index","follow":"follow","max-snippet":"max-snippet:-1","max-image-preview":"max-image-preview:large","max-video-preview":"max-video-preview:-1"},"canonical":"https:\/\/www.fanprojekt-muenster.de\/wordpress\/mitgliederversammlung-2021-22\/","og_locale":"de_DE","og_type":"article","og_title":"Mitgliederversammlung 2021\/22 - Fangemeinschaft Preu\u00dfen M\u00fcnster e. V.","og_description":"Liebe Mitglieder, mit dieser Ver\u00f6ffentlichung m\u00f6chten wir euch herzlichst zur ordentlichen Mitgliederversammlung im Gesch\u00e4ftsjahr 2021\/22 einladen. Am Mittwoch, den 17.11.2021, stehen ab 19:06\u2009Uhr in der Haupttrib\u00fcne Preu\u00dfenstadion (1.OG rechts) folgende... Read more &raquo;","og_url":"https:\/\/www.fanprojekt-muenster.de\/wordpress\/mitgliederversammlung-2021-22\/","og_site_name":"Fangemeinschaft Preu\u00dfen M\u00fcnster e. V.","article_published_time":"2021-10-24T20:30:38+00:00","article_modified_time":"2021-10-24T20:32:08+00:00","og_image":[{"width":400,"height":300,"url":"https:\/\/www.fanprojekt-muenster.de\/wordpress\/wp-content\/uploads\/2019\/07\/Preussenadler_FP-1024x1024-400x300.png","type":"image\/png"}],"author":"CJO","twitter_card":"summary_large_image","twitter_misc":{"Verfasst von":"CJO","Gesch\u00e4tzte Lesezeit":"2\u00a0Minuten"},"schema":{"@context":"https:\/\/schema.org","@graph":[{"@type":"Article","@id":"https:\/\/www.fanprojekt-muenster.de\/wordpress\/mitgliederversammlung-2021-22\/#article","isPartOf":{"@id":"https:\/\/www.fanprojekt-muenster.de\/wordpress\/mitgliederversammlung-2021-22\/"},"author":{"name":"CJO","@id":"https:\/\/www.fanprojekt-muenster.de\/wordpress\/#\/schema\/person\/744936f7caad5b07423673506682ba59"},"headline":"Mitgliederversammlung 2021\/22","datePublished":"2021-10-24T20:30:38+00:00","dateModified":"2021-10-24T20:32:08+00:00","mainEntityOfPage":{"@id":"https:\/\/www.fanprojekt-muenster.de\/wordpress\/mitgliederversammlung-2021-22\/"},"wordCount":433,"publisher":{"@id":"https:\/\/www.fanprojekt-muenster.de\/wordpress\/#organization"},"image":{"@id":"https:\/\/www.fanprojekt-muenster.de\/wordpress\/mitgliederversammlung-2021-22\/#primaryimage"},"thumbnailUrl":"https:\/\/www.fanprojekt-muenster.de\/wordpress\/wp-content\/uploads\/2019\/07\/Preussenadler_FP-1024x1024-400x300.png","inLanguage":"de"},{"@type":"WebPage","@id":"https:\/\/www.fanprojekt-muenster.de\/wordpress\/mitgliederversammlung-2021-22\/","url":"https:\/\/www.fanprojekt-muenster.de\/wordpress\/mitgliederversammlung-2021-22\/","name":"Mitgliederversammlung 2021\/22 - Fangemeinschaft Preu\u00dfen M\u00fcnster e. V.","isPartOf":{"@id":"https:\/\/www.fanprojekt-muenster.de\/wordpress\/#website"},"primaryImageOfPage":{"@id":"https:\/\/www.fanprojekt-muenster.de\/wordpress\/mitgliederversammlung-2021-22\/#primaryimage"},"image":{"@id":"https:\/\/www.fanprojekt-muenster.de\/wordpress\/mitgliederversammlung-2021-22\/#primaryimage"},"thumbnailUrl":"https:\/\/www.fanprojekt-muenster.de\/wordpress\/wp-content\/uploads\/2019\/07\/Preussenadler_FP-1024x1024-400x300.png","datePublished":"2021-10-24T20:30:38+00:00","dateModified":"2021-10-24T20:32:08+00:00","breadcrumb":{"@id":"https:\/\/www.fanprojekt-muenster.de\/wordpress\/mitgliederversammlung-2021-22\/#breadcrumb"},"inLanguage":"de","potentialAction":[{"@type":"ReadAction","target":["https:\/\/www.fanprojekt-muenster.de\/wordpress\/mitgliederversammlung-2021-22\/"]}]},{"@type":"ImageObject","inLanguage":"de","@id":"https:\/\/www.fanprojekt-muenster.de\/wordpress\/mitgliederversammlung-2021-22\/#primaryimage","url":"https:\/\/www.fanprojekt-muenster.de\/wordpress\/wp-content\/uploads\/2019\/07\/Preussenadler_FP-1024x1024-400x300.png","contentUrl":"https:\/\/www.fanprojekt-muenster.de\/wordpress\/wp-content\/uploads\/2019\/07\/Preussenadler_FP-1024x1024-400x300.png","width":400,"height":300},{"@type":"BreadcrumbList","@id":"https:\/\/www.fanprojekt-muenster.de\/wordpress\/mitgliederversammlung-2021-22\/#breadcrumb","itemListElement":[{"@type":"ListItem","position":1,"name":"Startseite","item":"https:\/\/www.fanprojekt-muenster.de\/wordpress\/"},{"@type":"ListItem","position":2,"name":"Mitgliederversammlung 2021\/22"}]},{"@type":"WebSite","@id":"https:\/\/www.fanprojekt-muenster.de\/wordpress\/#website","url":"https:\/\/www.fanprojekt-muenster.de\/wordpress\/","name":"Fangemeinschaft Preu\u00dfen M\u00fcnster e. V.","description":"","publisher":{"@id":"https:\/\/www.fanprojekt-muenster.de\/wordpress\/#organization"},"potentialAction":[{"@type":"SearchAction","target":{"@type":"EntryPoint","urlTemplate":"https:\/\/www.fanprojekt-muenster.de\/wordpress\/?s={search_term_string}"},"query-input":{"@type":"PropertyValueSpecification","valueRequired":true,"valueName":"search_term_string"}}],"inLanguage":"de"},{"@type":"Organization","@id":"https:\/\/www.fanprojekt-muenster.de\/wordpress\/#organization","name":"Fangemeinschaft Preu\u00dfen M\u00fcnster e. V.","url":"https:\/\/www.fanprojekt-muenster.de\/wordpress\/","logo":{"@type":"ImageObject","inLanguage":"de","@id":"https:\/\/www.fanprojekt-muenster.de\/wordpress\/#\/schema\/logo\/image\/","url":"https:\/\/www.fanprojekt-muenster.de\/wordpress\/wp-content\/uploads\/2019\/07\/cropped-Website_Logo3-9.png","contentUrl":"https:\/\/www.fanprojekt-muenster.de\/wordpress\/wp-content\/uploads\/2019\/07\/cropped-Website_Logo3-9.png","width":224,"height":42,"caption":"Fangemeinschaft Preu\u00dfen M\u00fcnster e. V."},"image":{"@id":"https:\/\/www.fanprojekt-muenster.de\/wordpress\/#\/schema\/logo\/image\/"}},{"@type":"Person","@id":"https:\/\/www.fanprojekt-muenster.de\/wordpress\/#\/schema\/person\/744936f7caad5b07423673506682ba59","name":"CJO","url":"https:\/\/www.fanprojekt-muenster.de\/wordpress\/author\/jogy\/"}]}},"author_meta":{"display_name":"CJO","author_link":"https:\/\/www.fanprojekt-muenster.de\/wordpress\/author\/jogy\/"},"featured_img":"https:\/\/www.fanprojekt-muenster.de\/wordpress\/wp-content\/uploads\/2019\/07\/Preussenadler_FP-1024x1024-400x300-300x225.png","coauthors":[],"tax_additional":{"categories":{"linked":["<a href=\"https:\/\/www.fanprojekt-muenster.de\/wordpress\/category\/allgemein\/\" class=\"advgb-post-tax-term\">Allgemein<\/a>"],"unlinked":["<span class=\"advgb-post-tax-term\">Allgemein<\/span>"]}},"comment_count":"0","relative_dates":{"created":"Posted 5\u00a0Jahren ago","modified":"Updated 5\u00a0Jahren ago"},"absolute_dates":{"created":"Posted on 24. Oktober 2021","modified":"Updated on 24. Oktober 2021"},"absolute_dates_time":{"created":"Posted on 24. Oktober 2021 22:30","modified":"Updated on 24. Oktober 2021 22:32"},"featured_img_caption":"","series_order":"","_links":{"self":[{"href":"https:\/\/www.fanprojekt-muenster.de\/wordpress\/wp-json\/wp\/v2\/posts\/8532","targetHints":{"allow":["GET"]}}],"collection":[{"href":"https:\/\/www.fanprojekt-muenster.de\/wordpress\/wp-json\/wp\/v2\/posts"}],"about":[{"href":"https:\/\/www.fanprojekt-muenster.de\/wordpress\/wp-json\/wp\/v2\/types\/post"}],"author":[{"embeddable":true,"href":"https:\/\/www.fanprojekt-muenster.de\/wordpress\/wp-json\/wp\/v2\/users\/7"}],"replies":[{"embeddable":true,"href":"https:\/\/www.fanprojekt-muenster.de\/wordpress\/wp-json\/wp\/v2\/comments?post=8532"}],"version-history":[{"count":31,"href":"https:\/\/www.fanprojekt-muenster.de\/wordpress\/wp-json\/wp\/v2\/posts\/8532\/revisions"}],"predecessor-version":[{"id":8563,"href":"https:\/\/www.fanprojekt-muenster.de\/wordpress\/wp-json\/wp\/v2\/posts\/8532\/revisions\/8563"}],"wp:featuredmedia":[{"embeddable":true,"href":"https:\/\/www.fanprojekt-muenster.de\/wordpress\/wp-json\/wp\/v2\/media\/6859"}],"wp:attachment":[{"href":"https:\/\/www.fanprojekt-muenster.de\/wordpress\/wp-json\/wp\/v2\/media?parent=8532"}],"wp:term":[{"taxonomy":"category","embeddable":true,"href":"https:\/\/www.fanprojekt-muenster.de\/wordpress\/wp-json\/wp\/v2\/categories?post=8532"},{"taxonomy":"post_tag","embeddable":true,"href":"https:\/\/www.fanprojekt-muenster.de\/wordpress\/wp-json\/wp\/v2\/tags?post=8532"}],"curies":[{"name":"wp","href":"https:\/\/api.w.org\/{rel}","templated":true}]}}