{"id":8525,"date":"2021-08-13T08:01:47","date_gmt":"2021-08-13T06:01:47","guid":{"rendered":"https:\/\/www.fanprojekt-muenster.de\/wordpress\/?p=8525"},"modified":"2021-08-13T08:01:49","modified_gmt":"2021-08-13T06:01:49","slug":"stellungnahme-zur-maskenpflicht-im-preussenstadion-stadion-oder-sofa-das-ist-hier-die-frage","status":"publish","type":"post","link":"https:\/\/www.fanprojekt-muenster.de\/wordpress\/stellungnahme-zur-maskenpflicht-im-preussenstadion-stadion-oder-sofa-das-ist-hier-die-frage\/","title":{"rendered":"Stellungnahme zur Maskenpflicht im Preu\u00dfenstadion (Stadion oder Sofa, das ist hier die Frage)"},"content":{"rendered":"\n<p>Nach dem furiosen Saisonauftakt unserer Preu\u00dfen am Wochenende steht mit Alemannia Aachen direkt der n\u00e4chste Kracher an. Allerdings wird die Stimmung rund um das Spiel bereits jetzt durch die um sich greifenden Auflagen der Stadt getr\u00fcbt:<br>\nAufgrund der stellenweise nicht beachteten Einhaltung der Maskenpflicht wurde das Ticketkontingent beschnitten und zur Verminderung des Kontrollaufwandes (\u201c3G\u201d) am Einlass gibt es nur noch personalisierte Tickets.\n<\/p>\n\n\n\n<p>Zwischen den Zeilen der <a href=\"https:\/\/scpreussen-muenster.de\/news\/behoerden-und-verein-stimmen-konzept-fuer-zukuenftige-heimspiele-ab\/\">Bekanntmachung<\/a> l\u00e4sst sich heraush\u00f6ren, dass es sich bei den Spielen gegen Aachen und Werl-Aspe sozusagen um die erste und letzte Chance handeln k\u00f6nnte, unseren geliebten SCP im Stadion zu verfolgen. Sollte es an den n\u00e4chsten Spieltagen weiterhin zu einer Nichteinhaltung kommen, so steht wohl ein Untersagen von Zuschauern durch die Stadt im Raum.<\/p>\n\n\n\n<p>Daher rufen wir die Fans ALLER Stadionbereiche auf, sich an die Verordnung zum Tragen einer medizinischen Mund-Nasen-Bedeckung zu halten. Weist ebenso alle Personen darauf hin und sprecht Personen, die zuwiderhandeln, an. Dabei geht es uns nicht um das Denunzieren besagter Personen, sondern um das reine Schaffen von Aufmerksamkeit.<br>\nUns ist bewusst, dass das Tragen einer Maske l\u00e4stig sein kann. Gerade in der Ausgelassenheit eines Fu\u00dfballspiels l\u00e4sst man sich schnell dazu hinrei\u00dfen, eben jene abzulegen, oder vergisst schlichtweg sie nach dem Trinken, Essen oder Rauchen wieder anzulegen. Auch wir haben das am Wochenende bei uns beobachtet, aber reine Bequemlichkeit kann und darf hier keine Ausrede sein.<br>\nAllen Fans sollte es in erster Linie darum gehen, ihren Club wieder dort zu sehen, wo die Musik spielt und das ist &#8211; unserer Meinung nach &#8211; im Stadion. Wenn das dauerhafte Tragen einer medizinischen Maske dabei ein notwendiges \u00dcbel ist, so nehmen wir es aus Selbstschutz und zum Schutze anderer auf uns.<\/p>\n\n\n\n<p>Gleichwohl rufen wir vor allem die Stadt dazu auf, bei der Bewertung der Einhaltung der Maskenpflicht gesunden Menschenverstand walten und sich nicht durch populistische Bilder lokaler Zeitungen leiten zu lassen. Au\u00dferdem sehen wir es als einen Affront an, die Stehplatzanzahl im Preu\u00dfenstadion zur Verhandlungsmasse kommender Spiele zu machen, denn eine neunzehnhundertsechsprozentige Einhaltung aller Auflagen zu jeder Zeit ist und wird nicht m\u00f6glich sein. Beh\u00f6rdlicher Willk\u00fcr muss auch in diesen Zeiten Einhalt geboten werden.<\/p>\n\n\n\n<p>Wir Preu\u00dfenfans haben es in den kommenden Wochen selber in der Hand, unseren SCP mit Maske im Stadion oder ohne Maske auf dem Sofa zu verfolgen. Ersteres sollte hoffentlich nicht nur uns auch in Zukunft eindeutig lieber sein &#8211; in diesem Sinne: bis Samstag, im Stadion, mit Maske und Abstand&#8230; f\u00fcr unseren SC Preu\u00dfen!<\/p>\n\n\n\n<p><\/p>\n","protected":false},"excerpt":{"rendered":"<p>Nach dem furiosen Saisonauftakt unserer Preu\u00dfen am Wochenende steht mit Alemannia Aachen direkt der n\u00e4chste Kracher an. Allerdings wird die Stimmung rund um das Spiel bereits jetzt durch die um&#8230; <a class=\"read-more-link\" href=\"https:\/\/www.fanprojekt-muenster.de\/wordpress\/stellungnahme-zur-maskenpflicht-im-preussenstadion-stadion-oder-sofa-das-ist-hier-die-frage\/\">Read more &raquo;<\/a><\/p>\n","protected":false},"author":7,"featured_media":8528,"comment_status":"closed","ping_status":"open","sticky":false,"template":"","format":"standard","meta":{"advgb_blocks_editor_width":"","advgb_blocks_columns_visual_guide":"","footnotes":""},"categories":[1],"tags":[],"class_list":["post-8525","post","type-post","status-publish","format-standard","has-post-thumbnail","hentry","category-allgemein"],"featured_image_src":"https:\/\/www.fanprojekt-muenster.de\/wordpress\/wp-content\/uploads\/2021\/08\/fp-masken.jpg","author_info":{"display_name":"CJO","author_link":"https:\/\/www.fanprojekt-muenster.de\/wordpress\/author\/jogy\/"},"yoast_head":"<!-- This site is optimized with the Yoast SEO plugin v27.2 - https:\/\/yoast.com\/product\/yoast-seo-wordpress\/ -->\n<title>Stellungnahme zur Maskenpflicht im Preu\u00dfenstadion (Stadion oder Sofa, das ist hier die Frage) - Fangemeinschaft Preu\u00dfen M\u00fcnster e. V.<\/title>\n<meta name=\"robots\" content=\"index, follow, max-snippet:-1, max-image-preview:large, max-video-preview:-1\" \/>\n<link rel=\"canonical\" href=\"https:\/\/www.fanprojekt-muenster.de\/wordpress\/stellungnahme-zur-maskenpflicht-im-preussenstadion-stadion-oder-sofa-das-ist-hier-die-frage\/\" \/>\n<meta property=\"og:locale\" content=\"de_DE\" \/>\n<meta property=\"og:type\" content=\"article\" \/>\n<meta property=\"og:title\" content=\"Stellungnahme zur Maskenpflicht im Preu\u00dfenstadion (Stadion oder Sofa, das ist hier die Frage)\" \/>\n<meta property=\"og:description\" content=\"Nach dem furiosen Saisonauftakt unserer Preu\u00dfen am Wochenende steht mit Alemannia Aachen direkt der n\u00e4chste Kracher an. Allerdings wird die Stimmung rund um das Spiel bereits jetzt durch die um sich greifenden Auflagen der Stadt getr\u00fcbt: Aufgrund der stellenweise nicht beachteten Einhaltung der Maskenpflicht wurde das Ticketkontingent beschnitten und zur Verminderung des Kontrollaufwandes (\u201c3G\u201d) am Einlass gibt es nur noch personalisierte Tickets.\" \/>\n<meta property=\"og:url\" content=\"https:\/\/www.fanprojekt-muenster.de\/wordpress\/stellungnahme-zur-maskenpflicht-im-preussenstadion-stadion-oder-sofa-das-ist-hier-die-frage\/\" \/>\n<meta property=\"og:site_name\" content=\"Fangemeinschaft Preu\u00dfen M\u00fcnster e. V.\" \/>\n<meta property=\"article:published_time\" content=\"2021-08-13T06:01:47+00:00\" \/>\n<meta property=\"article:modified_time\" content=\"2021-08-13T06:01:49+00:00\" \/>\n<meta property=\"og:image\" content=\"https:\/\/www.fanprojekt-muenster.de\/wordpress\/wp-content\/uploads\/2021\/08\/fp-masken.jpg\" \/>\n\t<meta property=\"og:image:width\" content=\"1006\" \/>\n\t<meta property=\"og:image:height\" content=\"1460\" \/>\n\t<meta property=\"og:image:type\" content=\"image\/jpeg\" \/>\n<meta name=\"author\" content=\"CJO\" \/>\n<meta name=\"twitter:card\" content=\"summary_large_image\" \/>\n<meta name=\"twitter:title\" content=\"Stellungnahme zur Maskenpflicht im Preu\u00dfenstadion (Stadion oder Sofa, das ist hier die Frage)\" \/>\n<meta name=\"twitter:description\" content=\"Nach dem furiosen Saisonauftakt unserer Preu\u00dfen am Wochenende steht mit Alemannia Aachen direkt der n\u00e4chste Kracher an. Allerdings wird die Stimmung rund um das Spiel bereits jetzt durch die um sich greifenden Auflagen der Stadt getr\u00fcbt: Aufgrund der stellenweise nicht beachteten Einhaltung der Maskenpflicht wurde das Ticketkontingent beschnitten und zur Verminderung des Kontrollaufwandes (\u201c3G\u201d) am Einlass gibt es nur noch personalisierte Tickets.\" \/>\n<meta name=\"twitter:image\" content=\"https:\/\/www.fanprojekt-muenster.de\/wordpress\/wp-content\/uploads\/2021\/08\/fp-masken.jpg\" \/>\n<meta name=\"twitter:label1\" content=\"Verfasst von\" \/>\n\t<meta name=\"twitter:data1\" content=\"CJO\" \/>\n\t<meta name=\"twitter:label2\" content=\"Gesch\u00e4tzte Lesezeit\" \/>\n\t<meta name=\"twitter:data2\" content=\"2\u00a0Minuten\" \/>\n<script type=\"application\/ld+json\" class=\"yoast-schema-graph\">{\"@context\":\"https:\/\/schema.org\",\"@graph\":[{\"@type\":\"Article\",\"@id\":\"https:\/\/www.fanprojekt-muenster.de\/wordpress\/stellungnahme-zur-maskenpflicht-im-preussenstadion-stadion-oder-sofa-das-ist-hier-die-frage\/#article\",\"isPartOf\":{\"@id\":\"https:\/\/www.fanprojekt-muenster.de\/wordpress\/stellungnahme-zur-maskenpflicht-im-preussenstadion-stadion-oder-sofa-das-ist-hier-die-frage\/\"},\"author\":{\"name\":\"CJO\",\"@id\":\"https:\/\/www.fanprojekt-muenster.de\/wordpress\/#\/schema\/person\/744936f7caad5b07423673506682ba59\"},\"headline\":\"Stellungnahme zur Maskenpflicht im Preu\u00dfenstadion (Stadion oder Sofa, das ist hier die Frage)\",\"datePublished\":\"2021-08-13T06:01:47+00:00\",\"dateModified\":\"2021-08-13T06:01:49+00:00\",\"mainEntityOfPage\":{\"@id\":\"https:\/\/www.fanprojekt-muenster.de\/wordpress\/stellungnahme-zur-maskenpflicht-im-preussenstadion-stadion-oder-sofa-das-ist-hier-die-frage\/\"},\"wordCount\":437,\"publisher\":{\"@id\":\"https:\/\/www.fanprojekt-muenster.de\/wordpress\/#organization\"},\"image\":{\"@id\":\"https:\/\/www.fanprojekt-muenster.de\/wordpress\/stellungnahme-zur-maskenpflicht-im-preussenstadion-stadion-oder-sofa-das-ist-hier-die-frage\/#primaryimage\"},\"thumbnailUrl\":\"https:\/\/www.fanprojekt-muenster.de\/wordpress\/wp-content\/uploads\/2021\/08\/fp-masken.jpg\",\"inLanguage\":\"de\"},{\"@type\":\"WebPage\",\"@id\":\"https:\/\/www.fanprojekt-muenster.de\/wordpress\/stellungnahme-zur-maskenpflicht-im-preussenstadion-stadion-oder-sofa-das-ist-hier-die-frage\/\",\"url\":\"https:\/\/www.fanprojekt-muenster.de\/wordpress\/stellungnahme-zur-maskenpflicht-im-preussenstadion-stadion-oder-sofa-das-ist-hier-die-frage\/\",\"name\":\"Stellungnahme zur Maskenpflicht im Preu\u00dfenstadion (Stadion oder Sofa, das ist hier die Frage) - Fangemeinschaft Preu\u00dfen M\u00fcnster e. V.\",\"isPartOf\":{\"@id\":\"https:\/\/www.fanprojekt-muenster.de\/wordpress\/#website\"},\"primaryImageOfPage\":{\"@id\":\"https:\/\/www.fanprojekt-muenster.de\/wordpress\/stellungnahme-zur-maskenpflicht-im-preussenstadion-stadion-oder-sofa-das-ist-hier-die-frage\/#primaryimage\"},\"image\":{\"@id\":\"https:\/\/www.fanprojekt-muenster.de\/wordpress\/stellungnahme-zur-maskenpflicht-im-preussenstadion-stadion-oder-sofa-das-ist-hier-die-frage\/#primaryimage\"},\"thumbnailUrl\":\"https:\/\/www.fanprojekt-muenster.de\/wordpress\/wp-content\/uploads\/2021\/08\/fp-masken.jpg\",\"datePublished\":\"2021-08-13T06:01:47+00:00\",\"dateModified\":\"2021-08-13T06:01:49+00:00\",\"breadcrumb\":{\"@id\":\"https:\/\/www.fanprojekt-muenster.de\/wordpress\/stellungnahme-zur-maskenpflicht-im-preussenstadion-stadion-oder-sofa-das-ist-hier-die-frage\/#breadcrumb\"},\"inLanguage\":\"de\",\"potentialAction\":[{\"@type\":\"ReadAction\",\"target\":[\"https:\/\/www.fanprojekt-muenster.de\/wordpress\/stellungnahme-zur-maskenpflicht-im-preussenstadion-stadion-oder-sofa-das-ist-hier-die-frage\/\"]}]},{\"@type\":\"ImageObject\",\"inLanguage\":\"de\",\"@id\":\"https:\/\/www.fanprojekt-muenster.de\/wordpress\/stellungnahme-zur-maskenpflicht-im-preussenstadion-stadion-oder-sofa-das-ist-hier-die-frage\/#primaryimage\",\"url\":\"https:\/\/www.fanprojekt-muenster.de\/wordpress\/wp-content\/uploads\/2021\/08\/fp-masken.jpg\",\"contentUrl\":\"https:\/\/www.fanprojekt-muenster.de\/wordpress\/wp-content\/uploads\/2021\/08\/fp-masken.jpg\",\"width\":1006,\"height\":1460},{\"@type\":\"BreadcrumbList\",\"@id\":\"https:\/\/www.fanprojekt-muenster.de\/wordpress\/stellungnahme-zur-maskenpflicht-im-preussenstadion-stadion-oder-sofa-das-ist-hier-die-frage\/#breadcrumb\",\"itemListElement\":[{\"@type\":\"ListItem\",\"position\":1,\"name\":\"Startseite\",\"item\":\"https:\/\/www.fanprojekt-muenster.de\/wordpress\/\"},{\"@type\":\"ListItem\",\"position\":2,\"name\":\"Stellungnahme zur Maskenpflicht im Preu\u00dfenstadion (Stadion oder Sofa, das ist hier die Frage)\"}]},{\"@type\":\"WebSite\",\"@id\":\"https:\/\/www.fanprojekt-muenster.de\/wordpress\/#website\",\"url\":\"https:\/\/www.fanprojekt-muenster.de\/wordpress\/\",\"name\":\"Fangemeinschaft Preu\u00dfen M\u00fcnster e. V.\",\"description\":\"\",\"publisher\":{\"@id\":\"https:\/\/www.fanprojekt-muenster.de\/wordpress\/#organization\"},\"potentialAction\":[{\"@type\":\"SearchAction\",\"target\":{\"@type\":\"EntryPoint\",\"urlTemplate\":\"https:\/\/www.fanprojekt-muenster.de\/wordpress\/?s={search_term_string}\"},\"query-input\":{\"@type\":\"PropertyValueSpecification\",\"valueRequired\":true,\"valueName\":\"search_term_string\"}}],\"inLanguage\":\"de\"},{\"@type\":\"Organization\",\"@id\":\"https:\/\/www.fanprojekt-muenster.de\/wordpress\/#organization\",\"name\":\"Fangemeinschaft Preu\u00dfen M\u00fcnster e. V.\",\"url\":\"https:\/\/www.fanprojekt-muenster.de\/wordpress\/\",\"logo\":{\"@type\":\"ImageObject\",\"inLanguage\":\"de\",\"@id\":\"https:\/\/www.fanprojekt-muenster.de\/wordpress\/#\/schema\/logo\/image\/\",\"url\":\"https:\/\/www.fanprojekt-muenster.de\/wordpress\/wp-content\/uploads\/2019\/07\/cropped-Website_Logo3-9.png\",\"contentUrl\":\"https:\/\/www.fanprojekt-muenster.de\/wordpress\/wp-content\/uploads\/2019\/07\/cropped-Website_Logo3-9.png\",\"width\":224,\"height\":42,\"caption\":\"Fangemeinschaft Preu\u00dfen M\u00fcnster e. V.\"},\"image\":{\"@id\":\"https:\/\/www.fanprojekt-muenster.de\/wordpress\/#\/schema\/logo\/image\/\"}},{\"@type\":\"Person\",\"@id\":\"https:\/\/www.fanprojekt-muenster.de\/wordpress\/#\/schema\/person\/744936f7caad5b07423673506682ba59\",\"name\":\"CJO\",\"url\":\"https:\/\/www.fanprojekt-muenster.de\/wordpress\/author\/jogy\/\"}]}<\/script>\n<!-- \/ Yoast SEO plugin. -->","yoast_head_json":{"title":"Stellungnahme zur Maskenpflicht im Preu\u00dfenstadion (Stadion oder Sofa, das ist hier die Frage) - Fangemeinschaft Preu\u00dfen M\u00fcnster e. V.","robots":{"index":"index","follow":"follow","max-snippet":"max-snippet:-1","max-image-preview":"max-image-preview:large","max-video-preview":"max-video-preview:-1"},"canonical":"https:\/\/www.fanprojekt-muenster.de\/wordpress\/stellungnahme-zur-maskenpflicht-im-preussenstadion-stadion-oder-sofa-das-ist-hier-die-frage\/","og_locale":"de_DE","og_type":"article","og_title":"Stellungnahme zur Maskenpflicht im Preu\u00dfenstadion (Stadion oder Sofa, das ist hier die Frage)","og_description":"Nach dem furiosen Saisonauftakt unserer Preu\u00dfen am Wochenende steht mit Alemannia Aachen direkt der n\u00e4chste Kracher an. Allerdings wird die Stimmung rund um das Spiel bereits jetzt durch die um sich greifenden Auflagen der Stadt getr\u00fcbt: Aufgrund der stellenweise nicht beachteten Einhaltung der Maskenpflicht wurde das Ticketkontingent beschnitten und zur Verminderung des Kontrollaufwandes (\u201c3G\u201d) am Einlass gibt es nur noch personalisierte Tickets.","og_url":"https:\/\/www.fanprojekt-muenster.de\/wordpress\/stellungnahme-zur-maskenpflicht-im-preussenstadion-stadion-oder-sofa-das-ist-hier-die-frage\/","og_site_name":"Fangemeinschaft Preu\u00dfen M\u00fcnster e. V.","article_published_time":"2021-08-13T06:01:47+00:00","article_modified_time":"2021-08-13T06:01:49+00:00","og_image":[{"width":1006,"height":1460,"url":"https:\/\/www.fanprojekt-muenster.de\/wordpress\/wp-content\/uploads\/2021\/08\/fp-masken.jpg","type":"image\/jpeg"}],"author":"CJO","twitter_card":"summary_large_image","twitter_title":"Stellungnahme zur Maskenpflicht im Preu\u00dfenstadion (Stadion oder Sofa, das ist hier die Frage)","twitter_description":"Nach dem furiosen Saisonauftakt unserer Preu\u00dfen am Wochenende steht mit Alemannia Aachen direkt der n\u00e4chste Kracher an. Allerdings wird die Stimmung rund um das Spiel bereits jetzt durch die um sich greifenden Auflagen der Stadt getr\u00fcbt: Aufgrund der stellenweise nicht beachteten Einhaltung der Maskenpflicht wurde das Ticketkontingent beschnitten und zur Verminderung des Kontrollaufwandes (\u201c3G\u201d) am Einlass gibt es nur noch personalisierte Tickets.","twitter_image":"https:\/\/www.fanprojekt-muenster.de\/wordpress\/wp-content\/uploads\/2021\/08\/fp-masken.jpg","twitter_misc":{"Verfasst von":"CJO","Gesch\u00e4tzte Lesezeit":"2\u00a0Minuten"},"schema":{"@context":"https:\/\/schema.org","@graph":[{"@type":"Article","@id":"https:\/\/www.fanprojekt-muenster.de\/wordpress\/stellungnahme-zur-maskenpflicht-im-preussenstadion-stadion-oder-sofa-das-ist-hier-die-frage\/#article","isPartOf":{"@id":"https:\/\/www.fanprojekt-muenster.de\/wordpress\/stellungnahme-zur-maskenpflicht-im-preussenstadion-stadion-oder-sofa-das-ist-hier-die-frage\/"},"author":{"name":"CJO","@id":"https:\/\/www.fanprojekt-muenster.de\/wordpress\/#\/schema\/person\/744936f7caad5b07423673506682ba59"},"headline":"Stellungnahme zur Maskenpflicht im Preu\u00dfenstadion (Stadion oder Sofa, das ist hier die Frage)","datePublished":"2021-08-13T06:01:47+00:00","dateModified":"2021-08-13T06:01:49+00:00","mainEntityOfPage":{"@id":"https:\/\/www.fanprojekt-muenster.de\/wordpress\/stellungnahme-zur-maskenpflicht-im-preussenstadion-stadion-oder-sofa-das-ist-hier-die-frage\/"},"wordCount":437,"publisher":{"@id":"https:\/\/www.fanprojekt-muenster.de\/wordpress\/#organization"},"image":{"@id":"https:\/\/www.fanprojekt-muenster.de\/wordpress\/stellungnahme-zur-maskenpflicht-im-preussenstadion-stadion-oder-sofa-das-ist-hier-die-frage\/#primaryimage"},"thumbnailUrl":"https:\/\/www.fanprojekt-muenster.de\/wordpress\/wp-content\/uploads\/2021\/08\/fp-masken.jpg","inLanguage":"de"},{"@type":"WebPage","@id":"https:\/\/www.fanprojekt-muenster.de\/wordpress\/stellungnahme-zur-maskenpflicht-im-preussenstadion-stadion-oder-sofa-das-ist-hier-die-frage\/","url":"https:\/\/www.fanprojekt-muenster.de\/wordpress\/stellungnahme-zur-maskenpflicht-im-preussenstadion-stadion-oder-sofa-das-ist-hier-die-frage\/","name":"Stellungnahme zur Maskenpflicht im Preu\u00dfenstadion (Stadion oder Sofa, das ist hier die Frage) - Fangemeinschaft Preu\u00dfen M\u00fcnster e. V.","isPartOf":{"@id":"https:\/\/www.fanprojekt-muenster.de\/wordpress\/#website"},"primaryImageOfPage":{"@id":"https:\/\/www.fanprojekt-muenster.de\/wordpress\/stellungnahme-zur-maskenpflicht-im-preussenstadion-stadion-oder-sofa-das-ist-hier-die-frage\/#primaryimage"},"image":{"@id":"https:\/\/www.fanprojekt-muenster.de\/wordpress\/stellungnahme-zur-maskenpflicht-im-preussenstadion-stadion-oder-sofa-das-ist-hier-die-frage\/#primaryimage"},"thumbnailUrl":"https:\/\/www.fanprojekt-muenster.de\/wordpress\/wp-content\/uploads\/2021\/08\/fp-masken.jpg","datePublished":"2021-08-13T06:01:47+00:00","dateModified":"2021-08-13T06:01:49+00:00","breadcrumb":{"@id":"https:\/\/www.fanprojekt-muenster.de\/wordpress\/stellungnahme-zur-maskenpflicht-im-preussenstadion-stadion-oder-sofa-das-ist-hier-die-frage\/#breadcrumb"},"inLanguage":"de","potentialAction":[{"@type":"ReadAction","target":["https:\/\/www.fanprojekt-muenster.de\/wordpress\/stellungnahme-zur-maskenpflicht-im-preussenstadion-stadion-oder-sofa-das-ist-hier-die-frage\/"]}]},{"@type":"ImageObject","inLanguage":"de","@id":"https:\/\/www.fanprojekt-muenster.de\/wordpress\/stellungnahme-zur-maskenpflicht-im-preussenstadion-stadion-oder-sofa-das-ist-hier-die-frage\/#primaryimage","url":"https:\/\/www.fanprojekt-muenster.de\/wordpress\/wp-content\/uploads\/2021\/08\/fp-masken.jpg","contentUrl":"https:\/\/www.fanprojekt-muenster.de\/wordpress\/wp-content\/uploads\/2021\/08\/fp-masken.jpg","width":1006,"height":1460},{"@type":"BreadcrumbList","@id":"https:\/\/www.fanprojekt-muenster.de\/wordpress\/stellungnahme-zur-maskenpflicht-im-preussenstadion-stadion-oder-sofa-das-ist-hier-die-frage\/#breadcrumb","itemListElement":[{"@type":"ListItem","position":1,"name":"Startseite","item":"https:\/\/www.fanprojekt-muenster.de\/wordpress\/"},{"@type":"ListItem","position":2,"name":"Stellungnahme zur Maskenpflicht im Preu\u00dfenstadion (Stadion oder Sofa, das ist hier die Frage)"}]},{"@type":"WebSite","@id":"https:\/\/www.fanprojekt-muenster.de\/wordpress\/#website","url":"https:\/\/www.fanprojekt-muenster.de\/wordpress\/","name":"Fangemeinschaft Preu\u00dfen M\u00fcnster e. V.","description":"","publisher":{"@id":"https:\/\/www.fanprojekt-muenster.de\/wordpress\/#organization"},"potentialAction":[{"@type":"SearchAction","target":{"@type":"EntryPoint","urlTemplate":"https:\/\/www.fanprojekt-muenster.de\/wordpress\/?s={search_term_string}"},"query-input":{"@type":"PropertyValueSpecification","valueRequired":true,"valueName":"search_term_string"}}],"inLanguage":"de"},{"@type":"Organization","@id":"https:\/\/www.fanprojekt-muenster.de\/wordpress\/#organization","name":"Fangemeinschaft Preu\u00dfen M\u00fcnster e. V.","url":"https:\/\/www.fanprojekt-muenster.de\/wordpress\/","logo":{"@type":"ImageObject","inLanguage":"de","@id":"https:\/\/www.fanprojekt-muenster.de\/wordpress\/#\/schema\/logo\/image\/","url":"https:\/\/www.fanprojekt-muenster.de\/wordpress\/wp-content\/uploads\/2019\/07\/cropped-Website_Logo3-9.png","contentUrl":"https:\/\/www.fanprojekt-muenster.de\/wordpress\/wp-content\/uploads\/2019\/07\/cropped-Website_Logo3-9.png","width":224,"height":42,"caption":"Fangemeinschaft Preu\u00dfen M\u00fcnster e. V."},"image":{"@id":"https:\/\/www.fanprojekt-muenster.de\/wordpress\/#\/schema\/logo\/image\/"}},{"@type":"Person","@id":"https:\/\/www.fanprojekt-muenster.de\/wordpress\/#\/schema\/person\/744936f7caad5b07423673506682ba59","name":"CJO","url":"https:\/\/www.fanprojekt-muenster.de\/wordpress\/author\/jogy\/"}]}},"author_meta":{"display_name":"CJO","author_link":"https:\/\/www.fanprojekt-muenster.de\/wordpress\/author\/jogy\/"},"featured_img":"https:\/\/www.fanprojekt-muenster.de\/wordpress\/wp-content\/uploads\/2021\/08\/fp-masken-207x300.jpg","coauthors":[],"tax_additional":{"categories":{"linked":["<a href=\"https:\/\/www.fanprojekt-muenster.de\/wordpress\/category\/allgemein\/\" class=\"advgb-post-tax-term\">Allgemein<\/a>"],"unlinked":["<span class=\"advgb-post-tax-term\">Allgemein<\/span>"]}},"comment_count":"1","relative_dates":{"created":"Posted 5\u00a0Jahren ago","modified":"Updated 5\u00a0Jahren ago"},"absolute_dates":{"created":"Posted on 13. August 2021","modified":"Updated on 13. August 2021"},"absolute_dates_time":{"created":"Posted on 13. August 2021 8:01","modified":"Updated on 13. August 2021 8:01"},"featured_img_caption":"","series_order":"","_links":{"self":[{"href":"https:\/\/www.fanprojekt-muenster.de\/wordpress\/wp-json\/wp\/v2\/posts\/8525","targetHints":{"allow":["GET"]}}],"collection":[{"href":"https:\/\/www.fanprojekt-muenster.de\/wordpress\/wp-json\/wp\/v2\/posts"}],"about":[{"href":"https:\/\/www.fanprojekt-muenster.de\/wordpress\/wp-json\/wp\/v2\/types\/post"}],"author":[{"embeddable":true,"href":"https:\/\/www.fanprojekt-muenster.de\/wordpress\/wp-json\/wp\/v2\/users\/7"}],"replies":[{"embeddable":true,"href":"https:\/\/www.fanprojekt-muenster.de\/wordpress\/wp-json\/wp\/v2\/comments?post=8525"}],"version-history":[{"count":2,"href":"https:\/\/www.fanprojekt-muenster.de\/wordpress\/wp-json\/wp\/v2\/posts\/8525\/revisions"}],"predecessor-version":[{"id":8527,"href":"https:\/\/www.fanprojekt-muenster.de\/wordpress\/wp-json\/wp\/v2\/posts\/8525\/revisions\/8527"}],"wp:featuredmedia":[{"embeddable":true,"href":"https:\/\/www.fanprojekt-muenster.de\/wordpress\/wp-json\/wp\/v2\/media\/8528"}],"wp:attachment":[{"href":"https:\/\/www.fanprojekt-muenster.de\/wordpress\/wp-json\/wp\/v2\/media?parent=8525"}],"wp:term":[{"taxonomy":"category","embeddable":true,"href":"https:\/\/www.fanprojekt-muenster.de\/wordpress\/wp-json\/wp\/v2\/categories?post=8525"},{"taxonomy":"post_tag","embeddable":true,"href":"https:\/\/www.fanprojekt-muenster.de\/wordpress\/wp-json\/wp\/v2\/tags?post=8525"}],"curies":[{"name":"wp","href":"https:\/\/api.w.org\/{rel}","templated":true}]}}