{"id":8520,"date":"2021-08-12T08:40:44","date_gmt":"2021-08-12T06:40:44","guid":{"rendered":"https:\/\/www.fanprojekt-muenster.de\/wordpress\/?p=8520"},"modified":"2021-08-12T21:26:42","modified_gmt":"2021-08-12T19:26:42","slug":"mitglieder-container-informationen","status":"publish","type":"post","link":"https:\/\/www.fanprojekt-muenster.de\/wordpress\/mitglieder-container-informationen\/","title":{"rendered":"Mitglieds- &#038; Container-Informationen"},"content":{"rendered":"\n<p><strong>Liebe Mitglieder,<\/strong><br>aufgrund der Pandemie hatten wir im vergangenen Jahr die Jahreshauptversammlung verschoben und die Mitgliedsbeitr\u00e4ge ausgesetzt. Jetzt, da Fans wieder in die Stadien k\u00f6nnen und auch Veranstaltungen m\u00f6glich erscheinen, wollen auch wir, soweit wie m\u00f6glich, versuchen zur Normalit\u00e4t zur\u00fcckzukehren.<\/p>\n\n\n\n<p><strong>JHV<\/strong><br>H\u00f6chste Priorit\u00e4t genie\u00dft dabei das Nachholen der im August 2020 verschobenen Jahreshauptversammlung inkl. der Vorstandswahlen. Aktuell arbeiten wir an der Umsetzung und werden euch informieren, sobald alles feststeht.<\/p>\n\n\n\n<p><strong>Mitgliedsbeitr\u00e4ge<\/strong><br>Dar\u00fcber hinaus steht auch wieder der Einzug der Mitgliedsbeitr\u00e4ge an. Sollten sich eure Bankverbindungen oder euer Mitgliedsstatus (Erm\u00e4\u00dfigt, Vollzahler, etc.) ge\u00e4ndert haben, meldet euch bitte bei uns (<a href=\"http:\/\/www.fanprojekt-muenster.de\/wordpress\/kontakt\/formulare\/mitgliedsdaten-aktualisieren\">Formular auf der Website<\/a> \/ E-Mail <a href=\"mailto:mitglieder@fanprojekt-muenster.de\">mitglieder@fanprojekt-muenster.de<\/a>). N\u00e4here Informationen hierzu bekommt Ihr noch per Mail.<\/p>\n\n\n\n<p><strong>Mitgliedsausweise<\/strong><br>Anschlie\u00dfend wird es wieder neue Mitgliedsausweise geben. Bis dahin bleiben die aktuellen Ausweise 2019\/20 g\u00fcltig.<\/p>\n\n\n\n<p><strong>Container<\/strong><br>Der Container bleibt im Moment noch geschlossen. \u00dcber die Rahmenbedingen, wann und unter welchen Umst\u00e4nden der Container ge\u00f6ffnet werden k\u00f6nnte, wird zurzeit noch diskutiert. Hier bitten wir euch noch um ein wenig mehr Geduld.<\/p>\n\n\n\n<p>Wir hoffen auf eine tolle Saison mit euch!<\/p>\n\n\n\n<p>Bleibt gesund,<br>Euer Fanprojekt<\/p>\n\n\n\n<p><\/p>\n","protected":false},"excerpt":{"rendered":"<p>Liebe Mitglieder,aufgrund der Pandemie hatten wir im vergangenen Jahr die Jahreshauptversammlung verschoben und die Mitgliedsbeitr\u00e4ge ausgesetzt. Jetzt, da Fans wieder in die Stadien k\u00f6nnen und auch Veranstaltungen m\u00f6glich erscheinen, wollen&#8230; <a class=\"read-more-link\" href=\"https:\/\/www.fanprojekt-muenster.de\/wordpress\/mitglieder-container-informationen\/\">Read more &raquo;<\/a><\/p>\n","protected":false},"author":1,"featured_media":6864,"comment_status":"closed","ping_status":"open","sticky":false,"template":"","format":"standard","meta":{"advgb_blocks_editor_width":"","advgb_blocks_columns_visual_guide":"","footnotes":""},"categories":[1],"tags":[],"class_list":["post-8520","post","type-post","status-publish","format-standard","has-post-thumbnail","hentry","category-allgemein"],"featured_image_src":"https:\/\/www.fanprojekt-muenster.de\/wordpress\/wp-content\/uploads\/2019\/05\/Logo_FP-400x300.jpg","author_info":{"display_name":"DST","author_link":"https:\/\/www.fanprojekt-muenster.de\/wordpress\/author\/dst\/"},"yoast_head":"<!-- This site is optimized with the Yoast SEO plugin v27.2 - https:\/\/yoast.com\/product\/yoast-seo-wordpress\/ -->\n<title>Mitglieds- &amp; Container-Informationen - Fangemeinschaft Preu\u00dfen M\u00fcnster e. V.<\/title>\n<meta name=\"robots\" content=\"index, follow, max-snippet:-1, max-image-preview:large, max-video-preview:-1\" \/>\n<link rel=\"canonical\" href=\"https:\/\/www.fanprojekt-muenster.de\/wordpress\/mitglieder-container-informationen\/\" \/>\n<meta property=\"og:locale\" content=\"de_DE\" \/>\n<meta property=\"og:type\" content=\"article\" \/>\n<meta property=\"og:title\" content=\"Mitglieds &amp; Container Informationen\" \/>\n<meta property=\"og:description\" content=\"Liebe Mitglieder, aufgrund der Pandemie hatten wir im vergangenen Jahr die Jahreshauptversammlung verschoben und die Mitgliedsbeitr\u00e4ge ausgesetzt. Jetzt, da Fans wieder in die Stadien k\u00f6nnen und auch Veranstaltungen m\u00f6glich erscheinen, wollen auch wir, soweit wie m\u00f6glich, versuchen zur Normalit\u00e4t zur\u00fcckzukehren.\" \/>\n<meta property=\"og:url\" content=\"https:\/\/www.fanprojekt-muenster.de\/wordpress\/mitglieder-container-informationen\/\" \/>\n<meta property=\"og:site_name\" content=\"Fangemeinschaft Preu\u00dfen M\u00fcnster e. V.\" \/>\n<meta property=\"article:published_time\" content=\"2021-08-12T06:40:44+00:00\" \/>\n<meta property=\"article:modified_time\" content=\"2021-08-12T19:26:42+00:00\" \/>\n<meta property=\"og:image\" content=\"https:\/\/www.fanprojekt-muenster.de\/wordpress\/wp-content\/uploads\/2019\/05\/Logo_FP-400x300.jpg\" \/>\n\t<meta property=\"og:image:width\" content=\"400\" \/>\n\t<meta property=\"og:image:height\" content=\"300\" \/>\n\t<meta property=\"og:image:type\" content=\"image\/jpeg\" \/>\n<meta name=\"author\" content=\"DST\" \/>\n<meta name=\"twitter:card\" content=\"summary_large_image\" \/>\n<meta name=\"twitter:title\" content=\"Mitglieds &amp; Container Informationen\" \/>\n<meta name=\"twitter:description\" content=\"Liebe Mitglieder, aufgrund der Pandemie hatten wir im vergangenen Jahr die Jahreshauptversammlung verschoben und die Mitgliedsbeitr\u00e4ge ausgesetzt. Jetzt, da Fans wieder in die Stadien k\u00f6nnen und auch Veranstaltungen m\u00f6glich erscheinen, wollen auch wir, soweit wie m\u00f6glich, versuchen zur Normalit\u00e4t zur\u00fcckzukehren.\" \/>\n<meta name=\"twitter:image\" content=\"https:\/\/www.fanprojekt-muenster.de\/wordpress\/wp-content\/uploads\/2019\/05\/Logo_FP-400x300.jpg\" \/>\n<meta name=\"twitter:label1\" content=\"Verfasst von\" \/>\n\t<meta name=\"twitter:data1\" content=\"DST\" \/>\n\t<meta name=\"twitter:label2\" content=\"Gesch\u00e4tzte Lesezeit\" \/>\n\t<meta name=\"twitter:data2\" content=\"1\u00a0Minute\" \/>\n<script type=\"application\/ld+json\" class=\"yoast-schema-graph\">{\"@context\":\"https:\/\/schema.org\",\"@graph\":[{\"@type\":\"Article\",\"@id\":\"https:\/\/www.fanprojekt-muenster.de\/wordpress\/mitglieder-container-informationen\/#article\",\"isPartOf\":{\"@id\":\"https:\/\/www.fanprojekt-muenster.de\/wordpress\/mitglieder-container-informationen\/\"},\"author\":{\"name\":\"DST\",\"@id\":\"https:\/\/www.fanprojekt-muenster.de\/wordpress\/#\/schema\/person\/eed51304a869b4de494727cd2e0c8203\"},\"headline\":\"Mitglieds- &#038; Container-Informationen\",\"datePublished\":\"2021-08-12T06:40:44+00:00\",\"dateModified\":\"2021-08-12T19:26:42+00:00\",\"mainEntityOfPage\":{\"@id\":\"https:\/\/www.fanprojekt-muenster.de\/wordpress\/mitglieder-container-informationen\/\"},\"wordCount\":196,\"publisher\":{\"@id\":\"https:\/\/www.fanprojekt-muenster.de\/wordpress\/#organization\"},\"image\":{\"@id\":\"https:\/\/www.fanprojekt-muenster.de\/wordpress\/mitglieder-container-informationen\/#primaryimage\"},\"thumbnailUrl\":\"https:\/\/www.fanprojekt-muenster.de\/wordpress\/wp-content\/uploads\/2019\/05\/Logo_FP-400x300.jpg\",\"inLanguage\":\"de\"},{\"@type\":\"WebPage\",\"@id\":\"https:\/\/www.fanprojekt-muenster.de\/wordpress\/mitglieder-container-informationen\/\",\"url\":\"https:\/\/www.fanprojekt-muenster.de\/wordpress\/mitglieder-container-informationen\/\",\"name\":\"Mitglieds- & Container-Informationen - Fangemeinschaft Preu\u00dfen M\u00fcnster e. V.\",\"isPartOf\":{\"@id\":\"https:\/\/www.fanprojekt-muenster.de\/wordpress\/#website\"},\"primaryImageOfPage\":{\"@id\":\"https:\/\/www.fanprojekt-muenster.de\/wordpress\/mitglieder-container-informationen\/#primaryimage\"},\"image\":{\"@id\":\"https:\/\/www.fanprojekt-muenster.de\/wordpress\/mitglieder-container-informationen\/#primaryimage\"},\"thumbnailUrl\":\"https:\/\/www.fanprojekt-muenster.de\/wordpress\/wp-content\/uploads\/2019\/05\/Logo_FP-400x300.jpg\",\"datePublished\":\"2021-08-12T06:40:44+00:00\",\"dateModified\":\"2021-08-12T19:26:42+00:00\",\"breadcrumb\":{\"@id\":\"https:\/\/www.fanprojekt-muenster.de\/wordpress\/mitglieder-container-informationen\/#breadcrumb\"},\"inLanguage\":\"de\",\"potentialAction\":[{\"@type\":\"ReadAction\",\"target\":[\"https:\/\/www.fanprojekt-muenster.de\/wordpress\/mitglieder-container-informationen\/\"]}]},{\"@type\":\"ImageObject\",\"inLanguage\":\"de\",\"@id\":\"https:\/\/www.fanprojekt-muenster.de\/wordpress\/mitglieder-container-informationen\/#primaryimage\",\"url\":\"https:\/\/www.fanprojekt-muenster.de\/wordpress\/wp-content\/uploads\/2019\/05\/Logo_FP-400x300.jpg\",\"contentUrl\":\"https:\/\/www.fanprojekt-muenster.de\/wordpress\/wp-content\/uploads\/2019\/05\/Logo_FP-400x300.jpg\",\"width\":400,\"height\":300},{\"@type\":\"BreadcrumbList\",\"@id\":\"https:\/\/www.fanprojekt-muenster.de\/wordpress\/mitglieder-container-informationen\/#breadcrumb\",\"itemListElement\":[{\"@type\":\"ListItem\",\"position\":1,\"name\":\"Startseite\",\"item\":\"https:\/\/www.fanprojekt-muenster.de\/wordpress\/\"},{\"@type\":\"ListItem\",\"position\":2,\"name\":\"Mitglieds- &#038; Container-Informationen\"}]},{\"@type\":\"WebSite\",\"@id\":\"https:\/\/www.fanprojekt-muenster.de\/wordpress\/#website\",\"url\":\"https:\/\/www.fanprojekt-muenster.de\/wordpress\/\",\"name\":\"Fangemeinschaft Preu\u00dfen M\u00fcnster e. V.\",\"description\":\"\",\"publisher\":{\"@id\":\"https:\/\/www.fanprojekt-muenster.de\/wordpress\/#organization\"},\"potentialAction\":[{\"@type\":\"SearchAction\",\"target\":{\"@type\":\"EntryPoint\",\"urlTemplate\":\"https:\/\/www.fanprojekt-muenster.de\/wordpress\/?s={search_term_string}\"},\"query-input\":{\"@type\":\"PropertyValueSpecification\",\"valueRequired\":true,\"valueName\":\"search_term_string\"}}],\"inLanguage\":\"de\"},{\"@type\":\"Organization\",\"@id\":\"https:\/\/www.fanprojekt-muenster.de\/wordpress\/#organization\",\"name\":\"Fangemeinschaft Preu\u00dfen M\u00fcnster e. V.\",\"url\":\"https:\/\/www.fanprojekt-muenster.de\/wordpress\/\",\"logo\":{\"@type\":\"ImageObject\",\"inLanguage\":\"de\",\"@id\":\"https:\/\/www.fanprojekt-muenster.de\/wordpress\/#\/schema\/logo\/image\/\",\"url\":\"https:\/\/www.fanprojekt-muenster.de\/wordpress\/wp-content\/uploads\/2019\/07\/cropped-Website_Logo3-9.png\",\"contentUrl\":\"https:\/\/www.fanprojekt-muenster.de\/wordpress\/wp-content\/uploads\/2019\/07\/cropped-Website_Logo3-9.png\",\"width\":224,\"height\":42,\"caption\":\"Fangemeinschaft Preu\u00dfen M\u00fcnster e. V.\"},\"image\":{\"@id\":\"https:\/\/www.fanprojekt-muenster.de\/wordpress\/#\/schema\/logo\/image\/\"}},{\"@type\":\"Person\",\"@id\":\"https:\/\/www.fanprojekt-muenster.de\/wordpress\/#\/schema\/person\/eed51304a869b4de494727cd2e0c8203\",\"name\":\"DST\",\"url\":\"https:\/\/www.fanprojekt-muenster.de\/wordpress\/author\/dst\/\"}]}<\/script>\n<!-- \/ Yoast SEO plugin. -->","yoast_head_json":{"title":"Mitglieds- & Container-Informationen - Fangemeinschaft Preu\u00dfen M\u00fcnster e. V.","robots":{"index":"index","follow":"follow","max-snippet":"max-snippet:-1","max-image-preview":"max-image-preview:large","max-video-preview":"max-video-preview:-1"},"canonical":"https:\/\/www.fanprojekt-muenster.de\/wordpress\/mitglieder-container-informationen\/","og_locale":"de_DE","og_type":"article","og_title":"Mitglieds & Container Informationen","og_description":"Liebe Mitglieder, aufgrund der Pandemie hatten wir im vergangenen Jahr die Jahreshauptversammlung verschoben und die Mitgliedsbeitr\u00e4ge ausgesetzt. Jetzt, da Fans wieder in die Stadien k\u00f6nnen und auch Veranstaltungen m\u00f6glich erscheinen, wollen auch wir, soweit wie m\u00f6glich, versuchen zur Normalit\u00e4t zur\u00fcckzukehren.","og_url":"https:\/\/www.fanprojekt-muenster.de\/wordpress\/mitglieder-container-informationen\/","og_site_name":"Fangemeinschaft Preu\u00dfen M\u00fcnster e. V.","article_published_time":"2021-08-12T06:40:44+00:00","article_modified_time":"2021-08-12T19:26:42+00:00","og_image":[{"width":400,"height":300,"url":"https:\/\/www.fanprojekt-muenster.de\/wordpress\/wp-content\/uploads\/2019\/05\/Logo_FP-400x300.jpg","type":"image\/jpeg"}],"author":"DST","twitter_card":"summary_large_image","twitter_title":"Mitglieds & Container Informationen","twitter_description":"Liebe Mitglieder, aufgrund der Pandemie hatten wir im vergangenen Jahr die Jahreshauptversammlung verschoben und die Mitgliedsbeitr\u00e4ge ausgesetzt. Jetzt, da Fans wieder in die Stadien k\u00f6nnen und auch Veranstaltungen m\u00f6glich erscheinen, wollen auch wir, soweit wie m\u00f6glich, versuchen zur Normalit\u00e4t zur\u00fcckzukehren.","twitter_image":"https:\/\/www.fanprojekt-muenster.de\/wordpress\/wp-content\/uploads\/2019\/05\/Logo_FP-400x300.jpg","twitter_misc":{"Verfasst von":"DST","Gesch\u00e4tzte Lesezeit":"1\u00a0Minute"},"schema":{"@context":"https:\/\/schema.org","@graph":[{"@type":"Article","@id":"https:\/\/www.fanprojekt-muenster.de\/wordpress\/mitglieder-container-informationen\/#article","isPartOf":{"@id":"https:\/\/www.fanprojekt-muenster.de\/wordpress\/mitglieder-container-informationen\/"},"author":{"name":"DST","@id":"https:\/\/www.fanprojekt-muenster.de\/wordpress\/#\/schema\/person\/eed51304a869b4de494727cd2e0c8203"},"headline":"Mitglieds- &#038; Container-Informationen","datePublished":"2021-08-12T06:40:44+00:00","dateModified":"2021-08-12T19:26:42+00:00","mainEntityOfPage":{"@id":"https:\/\/www.fanprojekt-muenster.de\/wordpress\/mitglieder-container-informationen\/"},"wordCount":196,"publisher":{"@id":"https:\/\/www.fanprojekt-muenster.de\/wordpress\/#organization"},"image":{"@id":"https:\/\/www.fanprojekt-muenster.de\/wordpress\/mitglieder-container-informationen\/#primaryimage"},"thumbnailUrl":"https:\/\/www.fanprojekt-muenster.de\/wordpress\/wp-content\/uploads\/2019\/05\/Logo_FP-400x300.jpg","inLanguage":"de"},{"@type":"WebPage","@id":"https:\/\/www.fanprojekt-muenster.de\/wordpress\/mitglieder-container-informationen\/","url":"https:\/\/www.fanprojekt-muenster.de\/wordpress\/mitglieder-container-informationen\/","name":"Mitglieds- & Container-Informationen - Fangemeinschaft Preu\u00dfen M\u00fcnster e. V.","isPartOf":{"@id":"https:\/\/www.fanprojekt-muenster.de\/wordpress\/#website"},"primaryImageOfPage":{"@id":"https:\/\/www.fanprojekt-muenster.de\/wordpress\/mitglieder-container-informationen\/#primaryimage"},"image":{"@id":"https:\/\/www.fanprojekt-muenster.de\/wordpress\/mitglieder-container-informationen\/#primaryimage"},"thumbnailUrl":"https:\/\/www.fanprojekt-muenster.de\/wordpress\/wp-content\/uploads\/2019\/05\/Logo_FP-400x300.jpg","datePublished":"2021-08-12T06:40:44+00:00","dateModified":"2021-08-12T19:26:42+00:00","breadcrumb":{"@id":"https:\/\/www.fanprojekt-muenster.de\/wordpress\/mitglieder-container-informationen\/#breadcrumb"},"inLanguage":"de","potentialAction":[{"@type":"ReadAction","target":["https:\/\/www.fanprojekt-muenster.de\/wordpress\/mitglieder-container-informationen\/"]}]},{"@type":"ImageObject","inLanguage":"de","@id":"https:\/\/www.fanprojekt-muenster.de\/wordpress\/mitglieder-container-informationen\/#primaryimage","url":"https:\/\/www.fanprojekt-muenster.de\/wordpress\/wp-content\/uploads\/2019\/05\/Logo_FP-400x300.jpg","contentUrl":"https:\/\/www.fanprojekt-muenster.de\/wordpress\/wp-content\/uploads\/2019\/05\/Logo_FP-400x300.jpg","width":400,"height":300},{"@type":"BreadcrumbList","@id":"https:\/\/www.fanprojekt-muenster.de\/wordpress\/mitglieder-container-informationen\/#breadcrumb","itemListElement":[{"@type":"ListItem","position":1,"name":"Startseite","item":"https:\/\/www.fanprojekt-muenster.de\/wordpress\/"},{"@type":"ListItem","position":2,"name":"Mitglieds- &#038; Container-Informationen"}]},{"@type":"WebSite","@id":"https:\/\/www.fanprojekt-muenster.de\/wordpress\/#website","url":"https:\/\/www.fanprojekt-muenster.de\/wordpress\/","name":"Fangemeinschaft Preu\u00dfen M\u00fcnster e. V.","description":"","publisher":{"@id":"https:\/\/www.fanprojekt-muenster.de\/wordpress\/#organization"},"potentialAction":[{"@type":"SearchAction","target":{"@type":"EntryPoint","urlTemplate":"https:\/\/www.fanprojekt-muenster.de\/wordpress\/?s={search_term_string}"},"query-input":{"@type":"PropertyValueSpecification","valueRequired":true,"valueName":"search_term_string"}}],"inLanguage":"de"},{"@type":"Organization","@id":"https:\/\/www.fanprojekt-muenster.de\/wordpress\/#organization","name":"Fangemeinschaft Preu\u00dfen M\u00fcnster e. V.","url":"https:\/\/www.fanprojekt-muenster.de\/wordpress\/","logo":{"@type":"ImageObject","inLanguage":"de","@id":"https:\/\/www.fanprojekt-muenster.de\/wordpress\/#\/schema\/logo\/image\/","url":"https:\/\/www.fanprojekt-muenster.de\/wordpress\/wp-content\/uploads\/2019\/07\/cropped-Website_Logo3-9.png","contentUrl":"https:\/\/www.fanprojekt-muenster.de\/wordpress\/wp-content\/uploads\/2019\/07\/cropped-Website_Logo3-9.png","width":224,"height":42,"caption":"Fangemeinschaft Preu\u00dfen M\u00fcnster e. V."},"image":{"@id":"https:\/\/www.fanprojekt-muenster.de\/wordpress\/#\/schema\/logo\/image\/"}},{"@type":"Person","@id":"https:\/\/www.fanprojekt-muenster.de\/wordpress\/#\/schema\/person\/eed51304a869b4de494727cd2e0c8203","name":"DST","url":"https:\/\/www.fanprojekt-muenster.de\/wordpress\/author\/dst\/"}]}},"author_meta":{"display_name":"DST","author_link":"https:\/\/www.fanprojekt-muenster.de\/wordpress\/author\/dst\/"},"featured_img":"https:\/\/www.fanprojekt-muenster.de\/wordpress\/wp-content\/uploads\/2019\/05\/Logo_FP-400x300-300x225.jpg","coauthors":[],"tax_additional":{"categories":{"linked":["<a href=\"https:\/\/www.fanprojekt-muenster.de\/wordpress\/category\/allgemein\/\" class=\"advgb-post-tax-term\">Allgemein<\/a>"],"unlinked":["<span class=\"advgb-post-tax-term\">Allgemein<\/span>"]}},"comment_count":"0","relative_dates":{"created":"Posted 5\u00a0Jahren ago","modified":"Updated 5\u00a0Jahren ago"},"absolute_dates":{"created":"Posted on 12. August 2021","modified":"Updated on 12. August 2021"},"absolute_dates_time":{"created":"Posted on 12. August 2021 8:40","modified":"Updated on 12. August 2021 21:26"},"featured_img_caption":"","series_order":"","_links":{"self":[{"href":"https:\/\/www.fanprojekt-muenster.de\/wordpress\/wp-json\/wp\/v2\/posts\/8520","targetHints":{"allow":["GET"]}}],"collection":[{"href":"https:\/\/www.fanprojekt-muenster.de\/wordpress\/wp-json\/wp\/v2\/posts"}],"about":[{"href":"https:\/\/www.fanprojekt-muenster.de\/wordpress\/wp-json\/wp\/v2\/types\/post"}],"author":[{"embeddable":true,"href":"https:\/\/www.fanprojekt-muenster.de\/wordpress\/wp-json\/wp\/v2\/users\/1"}],"replies":[{"embeddable":true,"href":"https:\/\/www.fanprojekt-muenster.de\/wordpress\/wp-json\/wp\/v2\/comments?post=8520"}],"version-history":[{"count":3,"href":"https:\/\/www.fanprojekt-muenster.de\/wordpress\/wp-json\/wp\/v2\/posts\/8520\/revisions"}],"predecessor-version":[{"id":8524,"href":"https:\/\/www.fanprojekt-muenster.de\/wordpress\/wp-json\/wp\/v2\/posts\/8520\/revisions\/8524"}],"wp:featuredmedia":[{"embeddable":true,"href":"https:\/\/www.fanprojekt-muenster.de\/wordpress\/wp-json\/wp\/v2\/media\/6864"}],"wp:attachment":[{"href":"https:\/\/www.fanprojekt-muenster.de\/wordpress\/wp-json\/wp\/v2\/media?parent=8520"}],"wp:term":[{"taxonomy":"category","embeddable":true,"href":"https:\/\/www.fanprojekt-muenster.de\/wordpress\/wp-json\/wp\/v2\/categories?post=8520"},{"taxonomy":"post_tag","embeddable":true,"href":"https:\/\/www.fanprojekt-muenster.de\/wordpress\/wp-json\/wp\/v2\/tags?post=8520"}],"curies":[{"name":"wp","href":"https:\/\/api.w.org\/{rel}","templated":true}]}}