{"id":8492,"date":"2021-05-18T19:43:08","date_gmt":"2021-05-18T17:43:08","guid":{"rendered":"https:\/\/www.fanprojekt-muenster.de\/wordpress\/?p=8492"},"modified":"2022-01-16T15:18:11","modified_gmt":"2022-01-16T14:18:11","slug":"ag-preussenstadion-zieht-positives-zwischenfazit","status":"publish","type":"post","link":"https:\/\/www.fanprojekt-muenster.de\/wordpress\/ag-preussenstadion-zieht-positives-zwischenfazit\/","title":{"rendered":"AG Preu\u00dfenstadion zieht positives Zwischenfazit"},"content":{"rendered":"\n<p>Im Sommer 2020 bildete sich eine Gruppe von Fans aus dem gesamten Stadionbereich von der Gegengerade bis zur Trib\u00fcne, die das Thema Stadionumbau begleiten und inhaltlich gestalten wollte. Einiges wurde schon erreicht, vieles bleibt noch zu tun.<\/p>\n\n\n\n<h4 class=\"wp-block-heading\">Ein Zwischenfazit der AG Preu\u00dfenstadion:<\/h4>\n\n\n\n<p>Wir merkten bereits in den ersten Gespr\u00e4chen schnell, dass wir in wesentlichen Themenbereichen sehr \u00e4hnliche W\u00fcnsche in Bezug auf die Umgestaltung des Stadions haben. Die Umfrage des Fanprojekts zum Thema Stadion-Sanierung griffen wir auf und entwarfen ein erstes eigenes Konzeptpapier.<br>Nach intensiven internen Beratungen und Austausch mit Vertretern von Preu\u00dfen M\u00fcnster ver\u00f6ffentlichten wir als Gruppe im Herbst unser \u201eIdeenkonzept AG Preu\u00dfenstadion\u201c.<\/p>\n\n\n\n<p>Die Resonanz war sehr gro\u00df und in den n\u00e4chsten Wochen gab es auf Grundlage dieses Konzeptes und seiner Weiterentwicklung (<a href=\"https:\/\/www.fanprojekt-muenster.de\/wordpress\/ideenkonzept-ag-preussenstadion\/\" target=\"_blank\" rel=\"noopener noreferrer\">\u00fcberarbeitetes Ideenkonzept AG Preu\u00dfenstadion &amp; Erg\u00e4nzung Nachhaltigkeit<\/a>) Gespr\u00e4che mit Vertretern von CDU, Gr\u00fcnen, SPD, Volt und der Verwaltung der Stadt M\u00fcnster. Diese waren gepr\u00e4gt von gegenseitigem Interesse und Respekt. Viele unserer Punkte wurden positiv aufgenommen und nahmen Einfluss auf die weiteren Planungen von Stadtpolitik und -verwaltung. F\u00fcr uns als Gruppe blieb der Eindruck, dass das Thema Stadionumbau ernsthaft angegangen werden soll und die Bed\u00fcrfnisse der Fans ein wichtiger Faktor im Entscheidungsprozess sein sollen.<\/p>\n\n\n\n<p>Einen Teil der Planungen f\u00fcr den Umbau des Preu\u00dfenstadions machten verschiedene Themenworkshops aus. Derjenige unter dem Titel \u201eFans\u201c fand mit den Planern, Vertretern der Stadtverwaltung, von Preu\u00dfen M\u00fcnster, des FANports sowie der AG Preu\u00dfenstadion statt. Es war ein sehr konstruktiver Austausch \u00fcber unser Ideenkonzept. \u201eWir haben gesehen, dass unsere Anliegen verstanden werden und wir viele Anregungen in den Prozess einbringen konnten. So soll z. B. der laut Umfrage des Fanprojektes von 90 Prozent der Teilnehmer gew\u00fcnschte Umlauf \u2013 also die komplette Erreichbarkeit der Heimbl\u00f6cke \u2013 in das Pflichtenheft f\u00fcr die Ausschreibung aufgenommen werden\u201c, so Christian Johanns vom Fanprojekt.<\/p>\n\n\n\n<p>Ein wichtiges Anliegen bleibt es weiterhin f\u00fcr die AG, R\u00e4ume f\u00fcr Fans am Stadion als Ort der Begegnung und des Austausches zu erhalten. Edo Schmidt vom FANport erkl\u00e4rt: \u201eWir haben die Stadioninitiative von Beginn an aktiv unterst\u00fctzt und sehen in ihrem Wirken die positive und kreative Kraft der Fans von Preu\u00dfen M\u00fcnster. Fans geh\u00f6ren ins Stadion, deshalb wollen wir gemeinsam mit Fanprojekt, Fanszene und Fanhilfe R\u00e4umlichkeiten im Stadionumfeld schaffen, beziehen und vielf\u00e4ltig nutzen\u201c.<\/p>\n\n\n\n<p>Aber es bleibt aus unserer Sicht noch viel zu tun: die Themen Stadionsicherheit \u2013 dazu geh\u00f6ren u. a. Blockzug\u00e4nge und Z\u00e4une \u2013 Nachhaltigkeit und Fanr\u00e4ume seien hier exemplarisch genannt. In den n\u00e4chsten Wochen wird die Machbarkeitsstudie \u00fcberarbeitet und viele unserer W\u00fcnsche sollen dabei ber\u00fccksichtigt werden.<\/p>\n\n\n\n<p>Wir vertrauen darauf, dass unsere Gespr\u00e4chspartner aus Verein, Stadt und Politik ihrer Verantwortung f\u00fcr ein fanfreundliches Preu\u00dfenstadion gerecht werden. Den Planungs- und Bauprozess werden wir weiterhin aufmerksam, konstruktiv und kritisch begleiten. Wir werden den Dialog mit den Verantwortungstr\u00e4gern fortsetzen und freuen uns auf weitere Gespr\u00e4che mit allen Beteiligten und Interessierten.<\/p>\n\n\n\n<p class=\"has-text-align-right\"><em>AG Preu\u00dfenstadion im Fr\u00fchjahr 2021<\/em><br> ( Mail: ag-preu<!-- fea@erwe.dfsa -->ssenstadion@sport<!-- gdfhdh@gfdsh.jlk -->club.online )<\/p>\n","protected":false},"excerpt":{"rendered":"<p>Im Sommer 2020 bildete sich eine Gruppe von Fans aus dem gesamten Stadionbereich von der Gegengerade bis zur Trib\u00fcne, die das Thema Stadionumbau begleiten und inhaltlich gestalten wollte. Einiges wurde&#8230; <a class=\"read-more-link\" href=\"https:\/\/www.fanprojekt-muenster.de\/wordpress\/ag-preussenstadion-zieht-positives-zwischenfazit\/\">Read more &raquo;<\/a><\/p>\n","protected":false},"author":7,"featured_media":8185,"comment_status":"closed","ping_status":"open","sticky":false,"template":"","format":"standard","meta":{"advgb_blocks_editor_width":"","advgb_blocks_columns_visual_guide":"","footnotes":""},"categories":[314],"tags":[],"class_list":["post-8492","post","type-post","status-publish","format-standard","has-post-thumbnail","hentry","category-ag-preussenstadion"],"featured_image_src":"https:\/\/www.fanprojekt-muenster.de\/wordpress\/wp-content\/uploads\/2020\/12\/logo_ideenkonzept.png","author_info":{"display_name":"CJO","author_link":"https:\/\/www.fanprojekt-muenster.de\/wordpress\/author\/jogy\/"},"yoast_head":"<!-- This site is optimized with the Yoast SEO plugin v27.2 - https:\/\/yoast.com\/product\/yoast-seo-wordpress\/ -->\n<title>AG Preu\u00dfenstadion zieht positives Zwischenfazit - Fangemeinschaft Preu\u00dfen M\u00fcnster e. V.<\/title>\n<meta name=\"robots\" content=\"index, follow, max-snippet:-1, max-image-preview:large, max-video-preview:-1\" \/>\n<link rel=\"canonical\" href=\"https:\/\/www.fanprojekt-muenster.de\/wordpress\/ag-preussenstadion-zieht-positives-zwischenfazit\/\" \/>\n<meta property=\"og:locale\" content=\"de_DE\" \/>\n<meta property=\"og:type\" content=\"article\" \/>\n<meta property=\"og:title\" content=\"AG Preu\u00dfenstadion zieht positives Zwischenfazit - Fangemeinschaft Preu\u00dfen M\u00fcnster e. V.\" \/>\n<meta property=\"og:description\" content=\"Im Sommer 2020 bildete sich eine Gruppe von Fans aus dem gesamten Stadionbereich von der Gegengerade bis zur Trib\u00fcne, die das Thema Stadionumbau begleiten und inhaltlich gestalten wollte. Einiges wurde... Read more &raquo;\" \/>\n<meta property=\"og:url\" content=\"https:\/\/www.fanprojekt-muenster.de\/wordpress\/ag-preussenstadion-zieht-positives-zwischenfazit\/\" \/>\n<meta property=\"og:site_name\" content=\"Fangemeinschaft Preu\u00dfen M\u00fcnster e. V.\" \/>\n<meta property=\"article:published_time\" content=\"2021-05-18T17:43:08+00:00\" \/>\n<meta property=\"article:modified_time\" content=\"2022-01-16T14:18:11+00:00\" \/>\n<meta property=\"og:image\" content=\"https:\/\/www.fanprojekt-muenster.de\/wordpress\/wp-content\/uploads\/2020\/12\/logo_ideenkonzept.png\" \/>\n\t<meta property=\"og:image:width\" content=\"600\" \/>\n\t<meta property=\"og:image:height\" content=\"450\" \/>\n\t<meta property=\"og:image:type\" content=\"image\/png\" \/>\n<meta name=\"author\" content=\"CJO\" \/>\n<meta name=\"twitter:card\" content=\"summary_large_image\" \/>\n<meta name=\"twitter:label1\" content=\"Verfasst von\" \/>\n\t<meta name=\"twitter:data1\" content=\"CJO\" \/>\n\t<meta name=\"twitter:label2\" content=\"Gesch\u00e4tzte Lesezeit\" \/>\n\t<meta name=\"twitter:data2\" content=\"3\u00a0Minuten\" \/>\n<script type=\"application\/ld+json\" class=\"yoast-schema-graph\">{\"@context\":\"https:\/\/schema.org\",\"@graph\":[{\"@type\":\"Article\",\"@id\":\"https:\/\/www.fanprojekt-muenster.de\/wordpress\/ag-preussenstadion-zieht-positives-zwischenfazit\/#article\",\"isPartOf\":{\"@id\":\"https:\/\/www.fanprojekt-muenster.de\/wordpress\/ag-preussenstadion-zieht-positives-zwischenfazit\/\"},\"author\":{\"name\":\"CJO\",\"@id\":\"https:\/\/www.fanprojekt-muenster.de\/wordpress\/#\/schema\/person\/744936f7caad5b07423673506682ba59\"},\"headline\":\"AG Preu\u00dfenstadion zieht positives Zwischenfazit\",\"datePublished\":\"2021-05-18T17:43:08+00:00\",\"dateModified\":\"2022-01-16T14:18:11+00:00\",\"mainEntityOfPage\":{\"@id\":\"https:\/\/www.fanprojekt-muenster.de\/wordpress\/ag-preussenstadion-zieht-positives-zwischenfazit\/\"},\"wordCount\":518,\"publisher\":{\"@id\":\"https:\/\/www.fanprojekt-muenster.de\/wordpress\/#organization\"},\"image\":{\"@id\":\"https:\/\/www.fanprojekt-muenster.de\/wordpress\/ag-preussenstadion-zieht-positives-zwischenfazit\/#primaryimage\"},\"thumbnailUrl\":\"https:\/\/www.fanprojekt-muenster.de\/wordpress\/wp-content\/uploads\/2020\/12\/logo_ideenkonzept.png\",\"articleSection\":[\"AG Preu\u00dfenstadion\"],\"inLanguage\":\"de\"},{\"@type\":\"WebPage\",\"@id\":\"https:\/\/www.fanprojekt-muenster.de\/wordpress\/ag-preussenstadion-zieht-positives-zwischenfazit\/\",\"url\":\"https:\/\/www.fanprojekt-muenster.de\/wordpress\/ag-preussenstadion-zieht-positives-zwischenfazit\/\",\"name\":\"AG Preu\u00dfenstadion zieht positives Zwischenfazit - Fangemeinschaft Preu\u00dfen M\u00fcnster e. V.\",\"isPartOf\":{\"@id\":\"https:\/\/www.fanprojekt-muenster.de\/wordpress\/#website\"},\"primaryImageOfPage\":{\"@id\":\"https:\/\/www.fanprojekt-muenster.de\/wordpress\/ag-preussenstadion-zieht-positives-zwischenfazit\/#primaryimage\"},\"image\":{\"@id\":\"https:\/\/www.fanprojekt-muenster.de\/wordpress\/ag-preussenstadion-zieht-positives-zwischenfazit\/#primaryimage\"},\"thumbnailUrl\":\"https:\/\/www.fanprojekt-muenster.de\/wordpress\/wp-content\/uploads\/2020\/12\/logo_ideenkonzept.png\",\"datePublished\":\"2021-05-18T17:43:08+00:00\",\"dateModified\":\"2022-01-16T14:18:11+00:00\",\"breadcrumb\":{\"@id\":\"https:\/\/www.fanprojekt-muenster.de\/wordpress\/ag-preussenstadion-zieht-positives-zwischenfazit\/#breadcrumb\"},\"inLanguage\":\"de\",\"potentialAction\":[{\"@type\":\"ReadAction\",\"target\":[\"https:\/\/www.fanprojekt-muenster.de\/wordpress\/ag-preussenstadion-zieht-positives-zwischenfazit\/\"]}]},{\"@type\":\"ImageObject\",\"inLanguage\":\"de\",\"@id\":\"https:\/\/www.fanprojekt-muenster.de\/wordpress\/ag-preussenstadion-zieht-positives-zwischenfazit\/#primaryimage\",\"url\":\"https:\/\/www.fanprojekt-muenster.de\/wordpress\/wp-content\/uploads\/2020\/12\/logo_ideenkonzept.png\",\"contentUrl\":\"https:\/\/www.fanprojekt-muenster.de\/wordpress\/wp-content\/uploads\/2020\/12\/logo_ideenkonzept.png\",\"width\":600,\"height\":450,\"caption\":\"Logo Ideenkonzept AG Preu\u00dfenstadion\"},{\"@type\":\"BreadcrumbList\",\"@id\":\"https:\/\/www.fanprojekt-muenster.de\/wordpress\/ag-preussenstadion-zieht-positives-zwischenfazit\/#breadcrumb\",\"itemListElement\":[{\"@type\":\"ListItem\",\"position\":1,\"name\":\"Startseite\",\"item\":\"https:\/\/www.fanprojekt-muenster.de\/wordpress\/\"},{\"@type\":\"ListItem\",\"position\":2,\"name\":\"AG Preu\u00dfenstadion zieht positives Zwischenfazit\"}]},{\"@type\":\"WebSite\",\"@id\":\"https:\/\/www.fanprojekt-muenster.de\/wordpress\/#website\",\"url\":\"https:\/\/www.fanprojekt-muenster.de\/wordpress\/\",\"name\":\"Fangemeinschaft Preu\u00dfen M\u00fcnster e. V.\",\"description\":\"\",\"publisher\":{\"@id\":\"https:\/\/www.fanprojekt-muenster.de\/wordpress\/#organization\"},\"potentialAction\":[{\"@type\":\"SearchAction\",\"target\":{\"@type\":\"EntryPoint\",\"urlTemplate\":\"https:\/\/www.fanprojekt-muenster.de\/wordpress\/?s={search_term_string}\"},\"query-input\":{\"@type\":\"PropertyValueSpecification\",\"valueRequired\":true,\"valueName\":\"search_term_string\"}}],\"inLanguage\":\"de\"},{\"@type\":\"Organization\",\"@id\":\"https:\/\/www.fanprojekt-muenster.de\/wordpress\/#organization\",\"name\":\"Fangemeinschaft Preu\u00dfen M\u00fcnster e. V.\",\"url\":\"https:\/\/www.fanprojekt-muenster.de\/wordpress\/\",\"logo\":{\"@type\":\"ImageObject\",\"inLanguage\":\"de\",\"@id\":\"https:\/\/www.fanprojekt-muenster.de\/wordpress\/#\/schema\/logo\/image\/\",\"url\":\"https:\/\/www.fanprojekt-muenster.de\/wordpress\/wp-content\/uploads\/2019\/07\/cropped-Website_Logo3-9.png\",\"contentUrl\":\"https:\/\/www.fanprojekt-muenster.de\/wordpress\/wp-content\/uploads\/2019\/07\/cropped-Website_Logo3-9.png\",\"width\":224,\"height\":42,\"caption\":\"Fangemeinschaft Preu\u00dfen M\u00fcnster e. V.\"},\"image\":{\"@id\":\"https:\/\/www.fanprojekt-muenster.de\/wordpress\/#\/schema\/logo\/image\/\"}},{\"@type\":\"Person\",\"@id\":\"https:\/\/www.fanprojekt-muenster.de\/wordpress\/#\/schema\/person\/744936f7caad5b07423673506682ba59\",\"name\":\"CJO\",\"url\":\"https:\/\/www.fanprojekt-muenster.de\/wordpress\/author\/jogy\/\"}]}<\/script>\n<!-- \/ Yoast SEO plugin. -->","yoast_head_json":{"title":"AG Preu\u00dfenstadion zieht positives Zwischenfazit - Fangemeinschaft Preu\u00dfen M\u00fcnster e. V.","robots":{"index":"index","follow":"follow","max-snippet":"max-snippet:-1","max-image-preview":"max-image-preview:large","max-video-preview":"max-video-preview:-1"},"canonical":"https:\/\/www.fanprojekt-muenster.de\/wordpress\/ag-preussenstadion-zieht-positives-zwischenfazit\/","og_locale":"de_DE","og_type":"article","og_title":"AG Preu\u00dfenstadion zieht positives Zwischenfazit - Fangemeinschaft Preu\u00dfen M\u00fcnster e. V.","og_description":"Im Sommer 2020 bildete sich eine Gruppe von Fans aus dem gesamten Stadionbereich von der Gegengerade bis zur Trib\u00fcne, die das Thema Stadionumbau begleiten und inhaltlich gestalten wollte. Einiges wurde... Read more &raquo;","og_url":"https:\/\/www.fanprojekt-muenster.de\/wordpress\/ag-preussenstadion-zieht-positives-zwischenfazit\/","og_site_name":"Fangemeinschaft Preu\u00dfen M\u00fcnster e. V.","article_published_time":"2021-05-18T17:43:08+00:00","article_modified_time":"2022-01-16T14:18:11+00:00","og_image":[{"width":600,"height":450,"url":"https:\/\/www.fanprojekt-muenster.de\/wordpress\/wp-content\/uploads\/2020\/12\/logo_ideenkonzept.png","type":"image\/png"}],"author":"CJO","twitter_card":"summary_large_image","twitter_misc":{"Verfasst von":"CJO","Gesch\u00e4tzte Lesezeit":"3\u00a0Minuten"},"schema":{"@context":"https:\/\/schema.org","@graph":[{"@type":"Article","@id":"https:\/\/www.fanprojekt-muenster.de\/wordpress\/ag-preussenstadion-zieht-positives-zwischenfazit\/#article","isPartOf":{"@id":"https:\/\/www.fanprojekt-muenster.de\/wordpress\/ag-preussenstadion-zieht-positives-zwischenfazit\/"},"author":{"name":"CJO","@id":"https:\/\/www.fanprojekt-muenster.de\/wordpress\/#\/schema\/person\/744936f7caad5b07423673506682ba59"},"headline":"AG Preu\u00dfenstadion zieht positives Zwischenfazit","datePublished":"2021-05-18T17:43:08+00:00","dateModified":"2022-01-16T14:18:11+00:00","mainEntityOfPage":{"@id":"https:\/\/www.fanprojekt-muenster.de\/wordpress\/ag-preussenstadion-zieht-positives-zwischenfazit\/"},"wordCount":518,"publisher":{"@id":"https:\/\/www.fanprojekt-muenster.de\/wordpress\/#organization"},"image":{"@id":"https:\/\/www.fanprojekt-muenster.de\/wordpress\/ag-preussenstadion-zieht-positives-zwischenfazit\/#primaryimage"},"thumbnailUrl":"https:\/\/www.fanprojekt-muenster.de\/wordpress\/wp-content\/uploads\/2020\/12\/logo_ideenkonzept.png","articleSection":["AG Preu\u00dfenstadion"],"inLanguage":"de"},{"@type":"WebPage","@id":"https:\/\/www.fanprojekt-muenster.de\/wordpress\/ag-preussenstadion-zieht-positives-zwischenfazit\/","url":"https:\/\/www.fanprojekt-muenster.de\/wordpress\/ag-preussenstadion-zieht-positives-zwischenfazit\/","name":"AG Preu\u00dfenstadion zieht positives Zwischenfazit - Fangemeinschaft Preu\u00dfen M\u00fcnster e. V.","isPartOf":{"@id":"https:\/\/www.fanprojekt-muenster.de\/wordpress\/#website"},"primaryImageOfPage":{"@id":"https:\/\/www.fanprojekt-muenster.de\/wordpress\/ag-preussenstadion-zieht-positives-zwischenfazit\/#primaryimage"},"image":{"@id":"https:\/\/www.fanprojekt-muenster.de\/wordpress\/ag-preussenstadion-zieht-positives-zwischenfazit\/#primaryimage"},"thumbnailUrl":"https:\/\/www.fanprojekt-muenster.de\/wordpress\/wp-content\/uploads\/2020\/12\/logo_ideenkonzept.png","datePublished":"2021-05-18T17:43:08+00:00","dateModified":"2022-01-16T14:18:11+00:00","breadcrumb":{"@id":"https:\/\/www.fanprojekt-muenster.de\/wordpress\/ag-preussenstadion-zieht-positives-zwischenfazit\/#breadcrumb"},"inLanguage":"de","potentialAction":[{"@type":"ReadAction","target":["https:\/\/www.fanprojekt-muenster.de\/wordpress\/ag-preussenstadion-zieht-positives-zwischenfazit\/"]}]},{"@type":"ImageObject","inLanguage":"de","@id":"https:\/\/www.fanprojekt-muenster.de\/wordpress\/ag-preussenstadion-zieht-positives-zwischenfazit\/#primaryimage","url":"https:\/\/www.fanprojekt-muenster.de\/wordpress\/wp-content\/uploads\/2020\/12\/logo_ideenkonzept.png","contentUrl":"https:\/\/www.fanprojekt-muenster.de\/wordpress\/wp-content\/uploads\/2020\/12\/logo_ideenkonzept.png","width":600,"height":450,"caption":"Logo Ideenkonzept AG Preu\u00dfenstadion"},{"@type":"BreadcrumbList","@id":"https:\/\/www.fanprojekt-muenster.de\/wordpress\/ag-preussenstadion-zieht-positives-zwischenfazit\/#breadcrumb","itemListElement":[{"@type":"ListItem","position":1,"name":"Startseite","item":"https:\/\/www.fanprojekt-muenster.de\/wordpress\/"},{"@type":"ListItem","position":2,"name":"AG Preu\u00dfenstadion zieht positives Zwischenfazit"}]},{"@type":"WebSite","@id":"https:\/\/www.fanprojekt-muenster.de\/wordpress\/#website","url":"https:\/\/www.fanprojekt-muenster.de\/wordpress\/","name":"Fangemeinschaft Preu\u00dfen M\u00fcnster e. V.","description":"","publisher":{"@id":"https:\/\/www.fanprojekt-muenster.de\/wordpress\/#organization"},"potentialAction":[{"@type":"SearchAction","target":{"@type":"EntryPoint","urlTemplate":"https:\/\/www.fanprojekt-muenster.de\/wordpress\/?s={search_term_string}"},"query-input":{"@type":"PropertyValueSpecification","valueRequired":true,"valueName":"search_term_string"}}],"inLanguage":"de"},{"@type":"Organization","@id":"https:\/\/www.fanprojekt-muenster.de\/wordpress\/#organization","name":"Fangemeinschaft Preu\u00dfen M\u00fcnster e. V.","url":"https:\/\/www.fanprojekt-muenster.de\/wordpress\/","logo":{"@type":"ImageObject","inLanguage":"de","@id":"https:\/\/www.fanprojekt-muenster.de\/wordpress\/#\/schema\/logo\/image\/","url":"https:\/\/www.fanprojekt-muenster.de\/wordpress\/wp-content\/uploads\/2019\/07\/cropped-Website_Logo3-9.png","contentUrl":"https:\/\/www.fanprojekt-muenster.de\/wordpress\/wp-content\/uploads\/2019\/07\/cropped-Website_Logo3-9.png","width":224,"height":42,"caption":"Fangemeinschaft Preu\u00dfen M\u00fcnster e. V."},"image":{"@id":"https:\/\/www.fanprojekt-muenster.de\/wordpress\/#\/schema\/logo\/image\/"}},{"@type":"Person","@id":"https:\/\/www.fanprojekt-muenster.de\/wordpress\/#\/schema\/person\/744936f7caad5b07423673506682ba59","name":"CJO","url":"https:\/\/www.fanprojekt-muenster.de\/wordpress\/author\/jogy\/"}]}},"author_meta":{"display_name":"CJO","author_link":"https:\/\/www.fanprojekt-muenster.de\/wordpress\/author\/jogy\/"},"featured_img":"https:\/\/www.fanprojekt-muenster.de\/wordpress\/wp-content\/uploads\/2020\/12\/logo_ideenkonzept-300x225.png","coauthors":[],"tax_additional":{"categories":{"linked":["<a href=\"https:\/\/www.fanprojekt-muenster.de\/wordpress\/category\/ag-preussenstadion\/\" class=\"advgb-post-tax-term\">AG Preu\u00dfenstadion<\/a>"],"unlinked":["<span class=\"advgb-post-tax-term\">AG Preu\u00dfenstadion<\/span>"]}},"comment_count":"0","relative_dates":{"created":"Posted 5\u00a0Jahren ago","modified":"Updated 4\u00a0Jahren ago"},"absolute_dates":{"created":"Posted on 18. Mai 2021","modified":"Updated on 16. Januar 2022"},"absolute_dates_time":{"created":"Posted on 18. Mai 2021 19:43","modified":"Updated on 16. Januar 2022 15:18"},"featured_img_caption":"Logo Ideenkonzept AG Preu\u00dfenstadion","series_order":"","_links":{"self":[{"href":"https:\/\/www.fanprojekt-muenster.de\/wordpress\/wp-json\/wp\/v2\/posts\/8492","targetHints":{"allow":["GET"]}}],"collection":[{"href":"https:\/\/www.fanprojekt-muenster.de\/wordpress\/wp-json\/wp\/v2\/posts"}],"about":[{"href":"https:\/\/www.fanprojekt-muenster.de\/wordpress\/wp-json\/wp\/v2\/types\/post"}],"author":[{"embeddable":true,"href":"https:\/\/www.fanprojekt-muenster.de\/wordpress\/wp-json\/wp\/v2\/users\/7"}],"replies":[{"embeddable":true,"href":"https:\/\/www.fanprojekt-muenster.de\/wordpress\/wp-json\/wp\/v2\/comments?post=8492"}],"version-history":[{"count":23,"href":"https:\/\/www.fanprojekt-muenster.de\/wordpress\/wp-json\/wp\/v2\/posts\/8492\/revisions"}],"predecessor-version":[{"id":8631,"href":"https:\/\/www.fanprojekt-muenster.de\/wordpress\/wp-json\/wp\/v2\/posts\/8492\/revisions\/8631"}],"wp:featuredmedia":[{"embeddable":true,"href":"https:\/\/www.fanprojekt-muenster.de\/wordpress\/wp-json\/wp\/v2\/media\/8185"}],"wp:attachment":[{"href":"https:\/\/www.fanprojekt-muenster.de\/wordpress\/wp-json\/wp\/v2\/media?parent=8492"}],"wp:term":[{"taxonomy":"category","embeddable":true,"href":"https:\/\/www.fanprojekt-muenster.de\/wordpress\/wp-json\/wp\/v2\/categories?post=8492"},{"taxonomy":"post_tag","embeddable":true,"href":"https:\/\/www.fanprojekt-muenster.de\/wordpress\/wp-json\/wp\/v2\/tags?post=8492"}],"curies":[{"name":"wp","href":"https:\/\/api.w.org\/{rel}","templated":true}]}}