{"id":8483,"date":"2021-02-20T16:03:06","date_gmt":"2021-02-20T15:03:06","guid":{"rendered":"https:\/\/www.fanprojekt-muenster.de\/wordpress\/?p=8483"},"modified":"2021-02-20T16:03:08","modified_gmt":"2021-02-20T15:03:08","slug":"ihr-koennt-auf-uns-zaehlen","status":"publish","type":"post","link":"https:\/\/www.fanprojekt-muenster.de\/wordpress\/ihr-koennt-auf-uns-zaehlen\/","title":{"rendered":"Ihr k\u00f6nnt auf uns z\u00e4hlen!"},"content":{"rendered":"\n<p>Hallo Fans und Freunde des SC Preu\u00dfen,<\/p>\n\n\n\n<p>wie einige von euch in den letzten Tagen bestimmt schon mitbekommen haben, hat das 11Freunde-Magazin in dieser Woche die Kampagne <strong>#IhrK\u00f6nntAufUnsZ\u00e4hlen<\/strong> ins Leben gerufen, um homosexuellen Fu\u00dfballern und Fu\u00dfballerinnen bei ihrem Coming-Out zur Seite zu stehen und ihnen den R\u00fccken zu st\u00e4rken.<\/p>\n\n\n\n<p>Leider gilt der Fu\u00dfball hierzulande gerade im Herrenbereich immer noch als Dom\u00e4ne eines heteronormativen M\u00e4nner- und Frauenbilds, was vielen Sportlern und Sportlerinnen einen offenen Umgang mit ihrer Sexualit\u00e4t w\u00e4hrend ihrer Karriere erschwert. Dazu geh\u00f6ren neben den Aktiven in den Clubs und den Funktion\u00e4ren der Verb\u00e4nde leider in vielen Teilen der Republik auch die Fans in den Kurven. Aus diesem Grund haben wir als Fanprojekt den Entschluss gefasst uns an eben dieser Kampagne zu beteiligen und rufen alle Mitglieder des Fanprojekts und Fans des Sportclubs dazu auf es uns gleich zu tun und ein Zeichen gegen Homophobie zu setzen. Zeigt allen, dass weder in M\u00fcnster noch im Rest der Republik Platz f\u00fcr Ausgrenzung und Diskriminierung im Stadion ist!<\/p>\n\n\n\n<p>Mitmachen k\u00f6nnt ihr ganz einfach: Postet einfach ein Foto von euch mit einem Schild, das die Aufschrift \u201eIhr k\u00f6nnt auf uns z\u00e4hlen!\u201c tr\u00e4gt auf Facebook, Instagram &amp; Co und nutzt dabei auch das entsprechende Hashtag (<strong>#IhrK\u00f6nntAufUnsZ\u00e4hlen<\/strong>).<\/p>\n\n\n\n<p>P.S. Gerne k\u00f6nnt Ihr daf\u00fcr auch die von uns erstellte Vorlage nutzen.<\/p>\n\n\n\n<p>-> <a href=\"https:\/\/www.fanprojekt-muenster.de\/wordpress\/wp-content\/uploads\/2021\/02\/fp_ihrkoenntaufunszaehlen.pdf\">Vorlage<\/a><\/p>\n\n\n\n<figure class=\"wp-block-image size-large is-resized\"><img loading=\"lazy\" decoding=\"async\" src=\"https:\/\/www.fanprojekt-muenster.de\/wordpress\/wp-content\/uploads\/2021\/02\/fp-ihrkoenntaufunszahlen-1024x916.png\" alt=\"\" class=\"wp-image-8485\" width=\"850\" height=\"760\" srcset=\"https:\/\/www.fanprojekt-muenster.de\/wordpress\/wp-content\/uploads\/2021\/02\/fp-ihrkoenntaufunszahlen-1024x916.png 1024w, https:\/\/www.fanprojekt-muenster.de\/wordpress\/wp-content\/uploads\/2021\/02\/fp-ihrkoenntaufunszahlen-300x269.png 300w, https:\/\/www.fanprojekt-muenster.de\/wordpress\/wp-content\/uploads\/2021\/02\/fp-ihrkoenntaufunszahlen-768x687.png 768w, https:\/\/www.fanprojekt-muenster.de\/wordpress\/wp-content\/uploads\/2021\/02\/fp-ihrkoenntaufunszahlen-160x143.png 160w, https:\/\/www.fanprojekt-muenster.de\/wordpress\/wp-content\/uploads\/2021\/02\/fp-ihrkoenntaufunszahlen.png 1200w\" sizes=\"auto, (max-width: 850px) 100vw, 850px\" \/><figcaption>#IhrK\u00f6nntAufUnsZ\u00e4hlen &#8211; Im Namen des Fanprojekt Vorstandes machen Dirk Stiller, Christian Johanns, Kerstin Averesch, Ralf Obermeyer und Julian Rosery mit.<\/figcaption><\/figure>\n\n\n\n<p><\/p>\n","protected":false},"excerpt":{"rendered":"<p>Hallo Fans und Freunde des SC Preu\u00dfen, wie einige von euch in den letzten Tagen bestimmt schon mitbekommen haben, hat das 11Freunde-Magazin in dieser Woche die Kampagne #IhrK\u00f6nntAufUnsZ\u00e4hlen ins Leben&#8230; <a class=\"read-more-link\" href=\"https:\/\/www.fanprojekt-muenster.de\/wordpress\/ihr-koennt-auf-uns-zaehlen\/\">Read more &raquo;<\/a><\/p>\n","protected":false},"author":1,"featured_media":8485,"comment_status":"closed","ping_status":"open","sticky":false,"template":"","format":"standard","meta":{"advgb_blocks_editor_width":"","advgb_blocks_columns_visual_guide":"","footnotes":""},"categories":[1],"tags":[],"class_list":["post-8483","post","type-post","status-publish","format-standard","has-post-thumbnail","hentry","category-allgemein"],"featured_image_src":"https:\/\/www.fanprojekt-muenster.de\/wordpress\/wp-content\/uploads\/2021\/02\/fp-ihrkoenntaufunszahlen.png","author_info":{"display_name":"DST","author_link":"https:\/\/www.fanprojekt-muenster.de\/wordpress\/author\/dst\/"},"yoast_head":"<!-- This site is optimized with the Yoast SEO plugin v27.2 - https:\/\/yoast.com\/product\/yoast-seo-wordpress\/ -->\n<title>Ihr k\u00f6nnt auf uns z\u00e4hlen! - Fangemeinschaft Preu\u00dfen M\u00fcnster e. V.<\/title>\n<meta name=\"robots\" content=\"index, follow, max-snippet:-1, max-image-preview:large, max-video-preview:-1\" \/>\n<link rel=\"canonical\" href=\"https:\/\/www.fanprojekt-muenster.de\/wordpress\/ihr-koennt-auf-uns-zaehlen\/\" \/>\n<meta property=\"og:locale\" content=\"de_DE\" \/>\n<meta property=\"og:type\" content=\"article\" \/>\n<meta property=\"og:title\" content=\"Ihr k\u00f6nnt auf uns z\u00e4hlen!\" \/>\n<meta property=\"og:description\" content=\"Wie einige von euch in den letzten Tagen bestimmt schon mitbekommen haben, hat das 11Freunde-Magazin in dieser Woche die Kampagne #IhrK\u00f6nntAufUnsZ\u00e4hlen ins Leben gerufen, um homosexuellen Fu\u00dfballern und Fu\u00dfballerinnen bei ihrem Coming-Out zur Seite zu stehen und ihnen den R\u00fccken zu st\u00e4rken.\" \/>\n<meta property=\"og:url\" content=\"https:\/\/www.fanprojekt-muenster.de\/wordpress\/ihr-koennt-auf-uns-zaehlen\/\" \/>\n<meta property=\"og:site_name\" content=\"Fangemeinschaft Preu\u00dfen M\u00fcnster e. V.\" \/>\n<meta property=\"article:published_time\" content=\"2021-02-20T15:03:06+00:00\" \/>\n<meta property=\"article:modified_time\" content=\"2021-02-20T15:03:08+00:00\" \/>\n<meta property=\"og:image\" content=\"https:\/\/www.fanprojekt-muenster.de\/wordpress\/wp-content\/uploads\/2021\/02\/fp-ihrkoenntaufunszahlen.png\" \/>\n\t<meta property=\"og:image:width\" content=\"1200\" \/>\n\t<meta property=\"og:image:height\" content=\"1074\" \/>\n\t<meta property=\"og:image:type\" content=\"image\/png\" \/>\n<meta name=\"author\" content=\"DST\" \/>\n<meta name=\"twitter:card\" content=\"summary_large_image\" \/>\n<meta name=\"twitter:title\" content=\"Ihr k\u00f6nnt auf uns z\u00e4hlen!\" \/>\n<meta name=\"twitter:description\" content=\"Wie einige von euch in den letzten Tagen bestimmt schon mitbekommen haben, hat das 11Freunde-Magazin in dieser Woche die Kampagne #IhrK\u00f6nntAufUnsZ\u00e4hlen ins Leben gerufen, um homosexuellen Fu\u00dfballern und Fu\u00dfballerinnen bei ihrem Coming-Out zur Seite zu stehen und ihnen den R\u00fccken zu st\u00e4rken.\" \/>\n<meta name=\"twitter:image\" content=\"https:\/\/www.fanprojekt-muenster.de\/wordpress\/wp-content\/uploads\/2021\/02\/fp-ihrkoenntaufunszahlen.png\" \/>\n<meta name=\"twitter:label1\" content=\"Verfasst von\" \/>\n\t<meta name=\"twitter:data1\" content=\"DST\" \/>\n\t<meta name=\"twitter:label2\" content=\"Gesch\u00e4tzte Lesezeit\" \/>\n\t<meta name=\"twitter:data2\" content=\"1\u00a0Minute\" \/>\n<script type=\"application\/ld+json\" class=\"yoast-schema-graph\">{\"@context\":\"https:\/\/schema.org\",\"@graph\":[{\"@type\":\"Article\",\"@id\":\"https:\/\/www.fanprojekt-muenster.de\/wordpress\/ihr-koennt-auf-uns-zaehlen\/#article\",\"isPartOf\":{\"@id\":\"https:\/\/www.fanprojekt-muenster.de\/wordpress\/ihr-koennt-auf-uns-zaehlen\/\"},\"author\":{\"name\":\"DST\",\"@id\":\"https:\/\/www.fanprojekt-muenster.de\/wordpress\/#\/schema\/person\/eed51304a869b4de494727cd2e0c8203\"},\"headline\":\"Ihr k\u00f6nnt auf uns z\u00e4hlen!\",\"datePublished\":\"2021-02-20T15:03:06+00:00\",\"dateModified\":\"2021-02-20T15:03:08+00:00\",\"mainEntityOfPage\":{\"@id\":\"https:\/\/www.fanprojekt-muenster.de\/wordpress\/ihr-koennt-auf-uns-zaehlen\/\"},\"wordCount\":271,\"publisher\":{\"@id\":\"https:\/\/www.fanprojekt-muenster.de\/wordpress\/#organization\"},\"image\":{\"@id\":\"https:\/\/www.fanprojekt-muenster.de\/wordpress\/ihr-koennt-auf-uns-zaehlen\/#primaryimage\"},\"thumbnailUrl\":\"https:\/\/www.fanprojekt-muenster.de\/wordpress\/wp-content\/uploads\/2021\/02\/fp-ihrkoenntaufunszahlen.png\",\"inLanguage\":\"de\"},{\"@type\":\"WebPage\",\"@id\":\"https:\/\/www.fanprojekt-muenster.de\/wordpress\/ihr-koennt-auf-uns-zaehlen\/\",\"url\":\"https:\/\/www.fanprojekt-muenster.de\/wordpress\/ihr-koennt-auf-uns-zaehlen\/\",\"name\":\"Ihr k\u00f6nnt auf uns z\u00e4hlen! - Fangemeinschaft Preu\u00dfen M\u00fcnster e. V.\",\"isPartOf\":{\"@id\":\"https:\/\/www.fanprojekt-muenster.de\/wordpress\/#website\"},\"primaryImageOfPage\":{\"@id\":\"https:\/\/www.fanprojekt-muenster.de\/wordpress\/ihr-koennt-auf-uns-zaehlen\/#primaryimage\"},\"image\":{\"@id\":\"https:\/\/www.fanprojekt-muenster.de\/wordpress\/ihr-koennt-auf-uns-zaehlen\/#primaryimage\"},\"thumbnailUrl\":\"https:\/\/www.fanprojekt-muenster.de\/wordpress\/wp-content\/uploads\/2021\/02\/fp-ihrkoenntaufunszahlen.png\",\"datePublished\":\"2021-02-20T15:03:06+00:00\",\"dateModified\":\"2021-02-20T15:03:08+00:00\",\"breadcrumb\":{\"@id\":\"https:\/\/www.fanprojekt-muenster.de\/wordpress\/ihr-koennt-auf-uns-zaehlen\/#breadcrumb\"},\"inLanguage\":\"de\",\"potentialAction\":[{\"@type\":\"ReadAction\",\"target\":[\"https:\/\/www.fanprojekt-muenster.de\/wordpress\/ihr-koennt-auf-uns-zaehlen\/\"]}]},{\"@type\":\"ImageObject\",\"inLanguage\":\"de\",\"@id\":\"https:\/\/www.fanprojekt-muenster.de\/wordpress\/ihr-koennt-auf-uns-zaehlen\/#primaryimage\",\"url\":\"https:\/\/www.fanprojekt-muenster.de\/wordpress\/wp-content\/uploads\/2021\/02\/fp-ihrkoenntaufunszahlen.png\",\"contentUrl\":\"https:\/\/www.fanprojekt-muenster.de\/wordpress\/wp-content\/uploads\/2021\/02\/fp-ihrkoenntaufunszahlen.png\",\"width\":1200,\"height\":1074},{\"@type\":\"BreadcrumbList\",\"@id\":\"https:\/\/www.fanprojekt-muenster.de\/wordpress\/ihr-koennt-auf-uns-zaehlen\/#breadcrumb\",\"itemListElement\":[{\"@type\":\"ListItem\",\"position\":1,\"name\":\"Startseite\",\"item\":\"https:\/\/www.fanprojekt-muenster.de\/wordpress\/\"},{\"@type\":\"ListItem\",\"position\":2,\"name\":\"Ihr k\u00f6nnt auf uns z\u00e4hlen!\"}]},{\"@type\":\"WebSite\",\"@id\":\"https:\/\/www.fanprojekt-muenster.de\/wordpress\/#website\",\"url\":\"https:\/\/www.fanprojekt-muenster.de\/wordpress\/\",\"name\":\"Fangemeinschaft Preu\u00dfen M\u00fcnster e. V.\",\"description\":\"\",\"publisher\":{\"@id\":\"https:\/\/www.fanprojekt-muenster.de\/wordpress\/#organization\"},\"potentialAction\":[{\"@type\":\"SearchAction\",\"target\":{\"@type\":\"EntryPoint\",\"urlTemplate\":\"https:\/\/www.fanprojekt-muenster.de\/wordpress\/?s={search_term_string}\"},\"query-input\":{\"@type\":\"PropertyValueSpecification\",\"valueRequired\":true,\"valueName\":\"search_term_string\"}}],\"inLanguage\":\"de\"},{\"@type\":\"Organization\",\"@id\":\"https:\/\/www.fanprojekt-muenster.de\/wordpress\/#organization\",\"name\":\"Fangemeinschaft Preu\u00dfen M\u00fcnster e. V.\",\"url\":\"https:\/\/www.fanprojekt-muenster.de\/wordpress\/\",\"logo\":{\"@type\":\"ImageObject\",\"inLanguage\":\"de\",\"@id\":\"https:\/\/www.fanprojekt-muenster.de\/wordpress\/#\/schema\/logo\/image\/\",\"url\":\"https:\/\/www.fanprojekt-muenster.de\/wordpress\/wp-content\/uploads\/2019\/07\/cropped-Website_Logo3-9.png\",\"contentUrl\":\"https:\/\/www.fanprojekt-muenster.de\/wordpress\/wp-content\/uploads\/2019\/07\/cropped-Website_Logo3-9.png\",\"width\":224,\"height\":42,\"caption\":\"Fangemeinschaft Preu\u00dfen M\u00fcnster e. V.\"},\"image\":{\"@id\":\"https:\/\/www.fanprojekt-muenster.de\/wordpress\/#\/schema\/logo\/image\/\"}},{\"@type\":\"Person\",\"@id\":\"https:\/\/www.fanprojekt-muenster.de\/wordpress\/#\/schema\/person\/eed51304a869b4de494727cd2e0c8203\",\"name\":\"DST\",\"url\":\"https:\/\/www.fanprojekt-muenster.de\/wordpress\/author\/dst\/\"}]}<\/script>\n<!-- \/ Yoast SEO plugin. -->","yoast_head_json":{"title":"Ihr k\u00f6nnt auf uns z\u00e4hlen! - Fangemeinschaft Preu\u00dfen M\u00fcnster e. V.","robots":{"index":"index","follow":"follow","max-snippet":"max-snippet:-1","max-image-preview":"max-image-preview:large","max-video-preview":"max-video-preview:-1"},"canonical":"https:\/\/www.fanprojekt-muenster.de\/wordpress\/ihr-koennt-auf-uns-zaehlen\/","og_locale":"de_DE","og_type":"article","og_title":"Ihr k\u00f6nnt auf uns z\u00e4hlen!","og_description":"Wie einige von euch in den letzten Tagen bestimmt schon mitbekommen haben, hat das 11Freunde-Magazin in dieser Woche die Kampagne #IhrK\u00f6nntAufUnsZ\u00e4hlen ins Leben gerufen, um homosexuellen Fu\u00dfballern und Fu\u00dfballerinnen bei ihrem Coming-Out zur Seite zu stehen und ihnen den R\u00fccken zu st\u00e4rken.","og_url":"https:\/\/www.fanprojekt-muenster.de\/wordpress\/ihr-koennt-auf-uns-zaehlen\/","og_site_name":"Fangemeinschaft Preu\u00dfen M\u00fcnster e. V.","article_published_time":"2021-02-20T15:03:06+00:00","article_modified_time":"2021-02-20T15:03:08+00:00","og_image":[{"width":1200,"height":1074,"url":"https:\/\/www.fanprojekt-muenster.de\/wordpress\/wp-content\/uploads\/2021\/02\/fp-ihrkoenntaufunszahlen.png","type":"image\/png"}],"author":"DST","twitter_card":"summary_large_image","twitter_title":"Ihr k\u00f6nnt auf uns z\u00e4hlen!","twitter_description":"Wie einige von euch in den letzten Tagen bestimmt schon mitbekommen haben, hat das 11Freunde-Magazin in dieser Woche die Kampagne #IhrK\u00f6nntAufUnsZ\u00e4hlen ins Leben gerufen, um homosexuellen Fu\u00dfballern und Fu\u00dfballerinnen bei ihrem Coming-Out zur Seite zu stehen und ihnen den R\u00fccken zu st\u00e4rken.","twitter_image":"https:\/\/www.fanprojekt-muenster.de\/wordpress\/wp-content\/uploads\/2021\/02\/fp-ihrkoenntaufunszahlen.png","twitter_misc":{"Verfasst von":"DST","Gesch\u00e4tzte Lesezeit":"1\u00a0Minute"},"schema":{"@context":"https:\/\/schema.org","@graph":[{"@type":"Article","@id":"https:\/\/www.fanprojekt-muenster.de\/wordpress\/ihr-koennt-auf-uns-zaehlen\/#article","isPartOf":{"@id":"https:\/\/www.fanprojekt-muenster.de\/wordpress\/ihr-koennt-auf-uns-zaehlen\/"},"author":{"name":"DST","@id":"https:\/\/www.fanprojekt-muenster.de\/wordpress\/#\/schema\/person\/eed51304a869b4de494727cd2e0c8203"},"headline":"Ihr k\u00f6nnt auf uns z\u00e4hlen!","datePublished":"2021-02-20T15:03:06+00:00","dateModified":"2021-02-20T15:03:08+00:00","mainEntityOfPage":{"@id":"https:\/\/www.fanprojekt-muenster.de\/wordpress\/ihr-koennt-auf-uns-zaehlen\/"},"wordCount":271,"publisher":{"@id":"https:\/\/www.fanprojekt-muenster.de\/wordpress\/#organization"},"image":{"@id":"https:\/\/www.fanprojekt-muenster.de\/wordpress\/ihr-koennt-auf-uns-zaehlen\/#primaryimage"},"thumbnailUrl":"https:\/\/www.fanprojekt-muenster.de\/wordpress\/wp-content\/uploads\/2021\/02\/fp-ihrkoenntaufunszahlen.png","inLanguage":"de"},{"@type":"WebPage","@id":"https:\/\/www.fanprojekt-muenster.de\/wordpress\/ihr-koennt-auf-uns-zaehlen\/","url":"https:\/\/www.fanprojekt-muenster.de\/wordpress\/ihr-koennt-auf-uns-zaehlen\/","name":"Ihr k\u00f6nnt auf uns z\u00e4hlen! - Fangemeinschaft Preu\u00dfen M\u00fcnster e. V.","isPartOf":{"@id":"https:\/\/www.fanprojekt-muenster.de\/wordpress\/#website"},"primaryImageOfPage":{"@id":"https:\/\/www.fanprojekt-muenster.de\/wordpress\/ihr-koennt-auf-uns-zaehlen\/#primaryimage"},"image":{"@id":"https:\/\/www.fanprojekt-muenster.de\/wordpress\/ihr-koennt-auf-uns-zaehlen\/#primaryimage"},"thumbnailUrl":"https:\/\/www.fanprojekt-muenster.de\/wordpress\/wp-content\/uploads\/2021\/02\/fp-ihrkoenntaufunszahlen.png","datePublished":"2021-02-20T15:03:06+00:00","dateModified":"2021-02-20T15:03:08+00:00","breadcrumb":{"@id":"https:\/\/www.fanprojekt-muenster.de\/wordpress\/ihr-koennt-auf-uns-zaehlen\/#breadcrumb"},"inLanguage":"de","potentialAction":[{"@type":"ReadAction","target":["https:\/\/www.fanprojekt-muenster.de\/wordpress\/ihr-koennt-auf-uns-zaehlen\/"]}]},{"@type":"ImageObject","inLanguage":"de","@id":"https:\/\/www.fanprojekt-muenster.de\/wordpress\/ihr-koennt-auf-uns-zaehlen\/#primaryimage","url":"https:\/\/www.fanprojekt-muenster.de\/wordpress\/wp-content\/uploads\/2021\/02\/fp-ihrkoenntaufunszahlen.png","contentUrl":"https:\/\/www.fanprojekt-muenster.de\/wordpress\/wp-content\/uploads\/2021\/02\/fp-ihrkoenntaufunszahlen.png","width":1200,"height":1074},{"@type":"BreadcrumbList","@id":"https:\/\/www.fanprojekt-muenster.de\/wordpress\/ihr-koennt-auf-uns-zaehlen\/#breadcrumb","itemListElement":[{"@type":"ListItem","position":1,"name":"Startseite","item":"https:\/\/www.fanprojekt-muenster.de\/wordpress\/"},{"@type":"ListItem","position":2,"name":"Ihr k\u00f6nnt auf uns z\u00e4hlen!"}]},{"@type":"WebSite","@id":"https:\/\/www.fanprojekt-muenster.de\/wordpress\/#website","url":"https:\/\/www.fanprojekt-muenster.de\/wordpress\/","name":"Fangemeinschaft Preu\u00dfen M\u00fcnster e. V.","description":"","publisher":{"@id":"https:\/\/www.fanprojekt-muenster.de\/wordpress\/#organization"},"potentialAction":[{"@type":"SearchAction","target":{"@type":"EntryPoint","urlTemplate":"https:\/\/www.fanprojekt-muenster.de\/wordpress\/?s={search_term_string}"},"query-input":{"@type":"PropertyValueSpecification","valueRequired":true,"valueName":"search_term_string"}}],"inLanguage":"de"},{"@type":"Organization","@id":"https:\/\/www.fanprojekt-muenster.de\/wordpress\/#organization","name":"Fangemeinschaft Preu\u00dfen M\u00fcnster e. V.","url":"https:\/\/www.fanprojekt-muenster.de\/wordpress\/","logo":{"@type":"ImageObject","inLanguage":"de","@id":"https:\/\/www.fanprojekt-muenster.de\/wordpress\/#\/schema\/logo\/image\/","url":"https:\/\/www.fanprojekt-muenster.de\/wordpress\/wp-content\/uploads\/2019\/07\/cropped-Website_Logo3-9.png","contentUrl":"https:\/\/www.fanprojekt-muenster.de\/wordpress\/wp-content\/uploads\/2019\/07\/cropped-Website_Logo3-9.png","width":224,"height":42,"caption":"Fangemeinschaft Preu\u00dfen M\u00fcnster e. V."},"image":{"@id":"https:\/\/www.fanprojekt-muenster.de\/wordpress\/#\/schema\/logo\/image\/"}},{"@type":"Person","@id":"https:\/\/www.fanprojekt-muenster.de\/wordpress\/#\/schema\/person\/eed51304a869b4de494727cd2e0c8203","name":"DST","url":"https:\/\/www.fanprojekt-muenster.de\/wordpress\/author\/dst\/"}]}},"author_meta":{"display_name":"DST","author_link":"https:\/\/www.fanprojekt-muenster.de\/wordpress\/author\/dst\/"},"featured_img":"https:\/\/www.fanprojekt-muenster.de\/wordpress\/wp-content\/uploads\/2021\/02\/fp-ihrkoenntaufunszahlen-300x269.png","coauthors":[],"tax_additional":{"categories":{"linked":["<a href=\"https:\/\/www.fanprojekt-muenster.de\/wordpress\/category\/allgemein\/\" class=\"advgb-post-tax-term\">Allgemein<\/a>"],"unlinked":["<span class=\"advgb-post-tax-term\">Allgemein<\/span>"]}},"comment_count":"0","relative_dates":{"created":"Posted 5\u00a0Jahren ago","modified":"Updated 5\u00a0Jahren ago"},"absolute_dates":{"created":"Posted on 20. Februar 2021","modified":"Updated on 20. Februar 2021"},"absolute_dates_time":{"created":"Posted on 20. Februar 2021 16:03","modified":"Updated on 20. Februar 2021 16:03"},"featured_img_caption":"","series_order":"","_links":{"self":[{"href":"https:\/\/www.fanprojekt-muenster.de\/wordpress\/wp-json\/wp\/v2\/posts\/8483","targetHints":{"allow":["GET"]}}],"collection":[{"href":"https:\/\/www.fanprojekt-muenster.de\/wordpress\/wp-json\/wp\/v2\/posts"}],"about":[{"href":"https:\/\/www.fanprojekt-muenster.de\/wordpress\/wp-json\/wp\/v2\/types\/post"}],"author":[{"embeddable":true,"href":"https:\/\/www.fanprojekt-muenster.de\/wordpress\/wp-json\/wp\/v2\/users\/1"}],"replies":[{"embeddable":true,"href":"https:\/\/www.fanprojekt-muenster.de\/wordpress\/wp-json\/wp\/v2\/comments?post=8483"}],"version-history":[{"count":4,"href":"https:\/\/www.fanprojekt-muenster.de\/wordpress\/wp-json\/wp\/v2\/posts\/8483\/revisions"}],"predecessor-version":[{"id":8489,"href":"https:\/\/www.fanprojekt-muenster.de\/wordpress\/wp-json\/wp\/v2\/posts\/8483\/revisions\/8489"}],"wp:featuredmedia":[{"embeddable":true,"href":"https:\/\/www.fanprojekt-muenster.de\/wordpress\/wp-json\/wp\/v2\/media\/8485"}],"wp:attachment":[{"href":"https:\/\/www.fanprojekt-muenster.de\/wordpress\/wp-json\/wp\/v2\/media?parent=8483"}],"wp:term":[{"taxonomy":"category","embeddable":true,"href":"https:\/\/www.fanprojekt-muenster.de\/wordpress\/wp-json\/wp\/v2\/categories?post=8483"},{"taxonomy":"post_tag","embeddable":true,"href":"https:\/\/www.fanprojekt-muenster.de\/wordpress\/wp-json\/wp\/v2\/tags?post=8483"}],"curies":[{"name":"wp","href":"https:\/\/api.w.org\/{rel}","templated":true}]}}