{"id":8237,"date":"2020-12-03T09:04:25","date_gmt":"2020-12-03T08:04:25","guid":{"rendered":"https:\/\/www.fanprojekt-muenster.de\/wordpress\/?p=8237"},"modified":"2020-12-03T11:20:02","modified_gmt":"2020-12-03T10:20:02","slug":"ag-preussenstadion-stellt-ideenkonzept-vor","status":"publish","type":"post","link":"https:\/\/www.fanprojekt-muenster.de\/wordpress\/ag-preussenstadion-stellt-ideenkonzept-vor\/","title":{"rendered":"AG Preu\u00dfenstadion stellt Ideenkonzept vor"},"content":{"rendered":"\n<p>Da die Preu\u00dfenkicker derzeit ja leider quasi unter Ausschluss der \u00d6ffentlichkeit (in der Regionalliga) oder auch vorerst gar nicht mehr (Youngstars) kicken und auch der sonstige Sportbetrieb wenn \u00fcberhaupt nur sehr eingeschr\u00e4nkt m\u00f6glich ist, sollte doch gen\u00fcgend Aufmerksamkeit f\u00fcr andere Themen rund um den SCP sein.<br>Auf der Agenda st\u00fcnden da zum einen ganz aktuell das Leitbild, dessen Entwicklung (endlich) konkret angegangen wird (<a rel=\"noreferrer noopener\" href=\"https:\/\/scpreussen-muenster.de\/news\/informationen-zur-kick-off-veranstaltung-am-3-dezember\/\" target=\"_blank\">Kick-Off<\/a> am Donnerstag, 03.12.2020). Zum anderen als Dauerthema unser geliebtes, vor sich hindarbendes und in der jetzigen Situation schmerzlich vermisstes Preu\u00dfenstadion.<\/p>\n\n\n\n<div class=\"wp-block-image\"><figure class=\"alignright size-large is-resized\"><img loading=\"lazy\" decoding=\"async\" src=\"https:\/\/www.fanprojekt-muenster.de\/wordpress\/wp-content\/uploads\/2020\/12\/logo_ideenkonzept.png\" alt=\"Logo Ideenkonzept AG Preu\u00dfenstadion\" class=\"wp-image-8185\" width=\"200\" height=\"150\" srcset=\"https:\/\/www.fanprojekt-muenster.de\/wordpress\/wp-content\/uploads\/2020\/12\/logo_ideenkonzept.png 600w, https:\/\/www.fanprojekt-muenster.de\/wordpress\/wp-content\/uploads\/2020\/12\/logo_ideenkonzept-300x225.png 300w, https:\/\/www.fanprojekt-muenster.de\/wordpress\/wp-content\/uploads\/2020\/12\/logo_ideenkonzept-160x120.png 160w, https:\/\/www.fanprojekt-muenster.de\/wordpress\/wp-content\/uploads\/2020\/12\/logo_ideenkonzept-576x432.png 576w\" sizes=\"auto, (max-width: 200px) 100vw, 200px\" \/><\/figure><\/div>\n\n\n\n<p>Hinsichtlich dessen Umbau hat sich eine Gruppe von Fans zusammengetan, verschiedenste Aspekte von der (Farb)Gestaltung bis hin zur Nachhaltigkeit beleuchtet und nun sich sowie die resultierenden Ideen in einem Konzept vorgestellt, welches <a rel=\"noreferrer noopener\" href=\"https:\/\/www.fanprojekt-muenster.de\/wordpress\/ideenkonzept-ag-preussenstadion\/\" target=\"_blank\">hier<\/a> nachzulesen oder <a href=\"https:\/\/www.fanprojekt-muenster.de\/wordpress\/wp-content\/uploads\/2020\/12\/Ideenkonzept_AG-Preu%C3%9Fenstadion.pdf\" target=\"_blank\" rel=\"noreferrer noopener\">hier<\/a> als pdf-Dokument herunterladbar ist.<br>Bei dieser Arbeitsgemeinschaft handelt es nicht um eine Aktion des Fanprojekts, es ist aber Teil des Ganzen und nutzt seine M\u00f6glichkeiten, z.B. diese hier um das Konzept einer breiten \u00d6ffentlichkeit zur Verf\u00fcgung zu stellen. Der Prozess der Mitgestaltung soll damit nat\u00fcrlich keinesfalls beendet sein, sondern der noch lange Weg bis zur Fertigstellung in Diskussionsrunden auf vielen Ebenen fortgesetzt werden.<\/p>\n\n\n\n<p>Eure Fragen und Anregungen sind unbedingt erw\u00fcnscht! Ihr k\u00f6nnt sie sehr gerne an die im Konzept erw\u00e4hnte Emailadresse loswerden.<\/p>\n\n\n\n<p><\/p>\n\n\n\n<div class=\"wp-block-advgb-button aligncenter\"><a class=\"wp-block-advgb-button_link advgbbtn-5c3468c4-cdd2-493b-9648-26d7d276e8c2\" href=\"https:\/\/www.fanprojekt-muenster.de\/wordpress\/ideenkonzept-ag-preussenstadion\/\" target=\"_blank\" rel=\"noopener noreferrer\">zum Konzept<\/a><\/div>\n\n\n\n<div class=\"wp-block-advgb-button aligncenter\"><a class=\"wp-block-advgb-button_link advgbbtn-fbb03a16-1053-471a-9bb0-41877cec5e08\" href=\"https:\/\/www.fanprojekt-muenster.de\/wordpress\/wp-content\/uploads\/2020\/12\/Ideenkonzept_AG-Preu%C3%9Fenstadion.pdf\" target=\"_blank\" rel=\"noopener noreferrer\">Konzept als pdf-Datei herunterladen<\/a><\/div>\n\n\n\n<p> <\/p>\n<style class=\"advgb-styles-renderer\">.advgbbtn-5c3468c4-cdd2-493b-9648-26d7d276e8c2{font-size:13px;color:#fff !important;background-color:#333 !important;margin:0px 0px 0px 0px !important;padding:5px 15px 5px 15px;border-width:1px !important;border-style:none;border-radius:50px !important;}.advgbbtn-5c3468c4-cdd2-493b-9648-26d7d276e8c2:hover{color:#333 !important;background-color:#77AD0A !important;box-shadow:1px 1px 12px 0px #999;opacity:1;transition:all 0.2s ease;}.advgbbtn-5c3468c4-cdd2-493b-9648-26d7d276e8c2 > i {display: none !important;}.advgbbtn-fbb03a16-1053-471a-9bb0-41877cec5e08{font-size:13px;color:#f2f2f2 !important;background-color:#333 !important;margin:0px 0px 0px 0px !important;padding:5px 15px 5px 15px;border-width:1px !important;border-style:none;border-radius:50px !important;}.advgbbtn-fbb03a16-1053-471a-9bb0-41877cec5e08:hover{color:#333 !important;background-color:#77AD0A !important;box-shadow:1px 1px 12px 0px #999;opacity:1;transition:all 0.2s ease;}.advgbbtn-fbb03a16-1053-471a-9bb0-41877cec5e08 > i {display: none !important;}<\/style>","protected":false},"excerpt":{"rendered":"<p>Da die Preu\u00dfenkicker derzeit ja leider quasi unter Ausschluss der \u00d6ffentlichkeit (in der Regionalliga) oder auch vorerst gar nicht mehr (Youngstars) kicken und auch der sonstige Sportbetrieb wenn \u00fcberhaupt nur&#8230; <a class=\"read-more-link\" href=\"https:\/\/www.fanprojekt-muenster.de\/wordpress\/ag-preussenstadion-stellt-ideenkonzept-vor\/\">Read more &raquo;<\/a><\/p>\n","protected":false},"author":7,"featured_media":8185,"comment_status":"closed","ping_status":"open","sticky":false,"template":"","format":"standard","meta":{"advgb_blocks_editor_width":"","advgb_blocks_columns_visual_guide":"","footnotes":""},"categories":[15],"tags":[],"class_list":["post-8237","post","type-post","status-publish","format-standard","has-post-thumbnail","hentry","category-stadion"],"featured_image_src":"https:\/\/www.fanprojekt-muenster.de\/wordpress\/wp-content\/uploads\/2020\/12\/logo_ideenkonzept.png","author_info":{"display_name":"CJO","author_link":"https:\/\/www.fanprojekt-muenster.de\/wordpress\/author\/jogy\/"},"yoast_head":"<!-- This site is optimized with the Yoast SEO plugin v27.2 - https:\/\/yoast.com\/product\/yoast-seo-wordpress\/ -->\n<title>AG Preu\u00dfenstadion stellt Ideenkonzept vor - Fangemeinschaft Preu\u00dfen M\u00fcnster e. V.<\/title>\n<meta name=\"robots\" content=\"index, follow, max-snippet:-1, max-image-preview:large, max-video-preview:-1\" \/>\n<link rel=\"canonical\" href=\"https:\/\/www.fanprojekt-muenster.de\/wordpress\/ag-preussenstadion-stellt-ideenkonzept-vor\/\" \/>\n<meta property=\"og:locale\" content=\"de_DE\" \/>\n<meta property=\"og:type\" content=\"article\" \/>\n<meta property=\"og:title\" content=\"AG Preu\u00dfenstadion stellt Ideenkonzept vor\" \/>\n<meta property=\"og:description\" content=\"Da die Preu\u00dfenkicker derzeit ja leider quasi unter Ausschluss der \u00d6ffentlichkeit (in der Regionalliga) oder auch vorerst gar nicht mehr (Youngstars) kicken und auch der sonstige Sportbetrieb wenn \u00fcberhaupt nur sehr eingeschr\u00e4nkt m\u00f6glich ist, sollte doch gen\u00fcgend Aufmerksamkeit f\u00fcr andere Themen rund um den SCP sein. Auf der Agenda st\u00fcnden da zum einen ganz aktuell das Leitbild, dessen Entwicklung (endlich) konkret angegangen wird (Kick-Off am Donnerstag, 03.12.2020). Zum anderen als Dauerthema unser geliebtes, vor sich hindarbendes und in der jetzigen Situation schmerzlich vermisstes Preu\u00dfenstadion. [...]\" \/>\n<meta property=\"og:url\" content=\"https:\/\/www.fanprojekt-muenster.de\/wordpress\/ag-preussenstadion-stellt-ideenkonzept-vor\/\" \/>\n<meta property=\"og:site_name\" content=\"Fangemeinschaft Preu\u00dfen M\u00fcnster e. V.\" \/>\n<meta property=\"article:published_time\" content=\"2020-12-03T08:04:25+00:00\" \/>\n<meta property=\"article:modified_time\" content=\"2020-12-03T10:20:02+00:00\" \/>\n<meta property=\"og:image\" content=\"https:\/\/www.fanprojekt-muenster.de\/wordpress\/wp-content\/uploads\/2020\/12\/logo_ideenkonzept.png\" \/>\n\t<meta property=\"og:image:width\" content=\"600\" \/>\n\t<meta property=\"og:image:height\" content=\"450\" \/>\n\t<meta property=\"og:image:type\" content=\"image\/png\" \/>\n<meta name=\"author\" content=\"CJO\" \/>\n<meta name=\"twitter:card\" content=\"summary_large_image\" \/>\n<meta name=\"twitter:title\" content=\"AG Preu\u00dfenstadion stellt Ideenkonzept vor\" \/>\n<meta name=\"twitter:description\" content=\"Da die Preu\u00dfenkicker derzeit ja leider quasi unter Ausschluss der \u00d6ffentlichkeit (in der Regionalliga) oder auch vorerst gar nicht mehr (Youngstars) kicken und auch der sonstige Sportbetrieb wenn \u00fcberhaupt nur sehr eingeschr\u00e4nkt m\u00f6glich ist, sollte doch gen\u00fcgend Aufmerksamkeit f\u00fcr andere Themen rund um den SCP sein. Auf der Agenda st\u00fcnden da zum einen ganz aktuell das Leitbild, dessen Entwicklung (endlich) konkret angegangen wird (Kick-Off am Donnerstag, 03.12.2020). Zum anderen als Dauerthema unser geliebtes, vor sich hindarbendes und in der jetzigen Situation schmerzlich vermisstes Preu\u00dfenstadion. [...]\" \/>\n<meta name=\"twitter:image\" content=\"https:\/\/www.fanprojekt-muenster.de\/wordpress\/wp-content\/uploads\/2020\/12\/logo_ideenkonzept.png\" \/>\n<meta name=\"twitter:label1\" content=\"Verfasst von\" \/>\n\t<meta name=\"twitter:data1\" content=\"CJO\" \/>\n\t<meta name=\"twitter:label2\" content=\"Gesch\u00e4tzte Lesezeit\" \/>\n\t<meta name=\"twitter:data2\" content=\"1\u00a0Minute\" \/>\n<script type=\"application\/ld+json\" class=\"yoast-schema-graph\">{\"@context\":\"https:\/\/schema.org\",\"@graph\":[{\"@type\":\"Article\",\"@id\":\"https:\/\/www.fanprojekt-muenster.de\/wordpress\/ag-preussenstadion-stellt-ideenkonzept-vor\/#article\",\"isPartOf\":{\"@id\":\"https:\/\/www.fanprojekt-muenster.de\/wordpress\/ag-preussenstadion-stellt-ideenkonzept-vor\/\"},\"author\":{\"name\":\"CJO\",\"@id\":\"https:\/\/www.fanprojekt-muenster.de\/wordpress\/#\/schema\/person\/744936f7caad5b07423673506682ba59\"},\"headline\":\"AG Preu\u00dfenstadion stellt Ideenkonzept vor\",\"datePublished\":\"2020-12-03T08:04:25+00:00\",\"dateModified\":\"2020-12-03T10:20:02+00:00\",\"mainEntityOfPage\":{\"@id\":\"https:\/\/www.fanprojekt-muenster.de\/wordpress\/ag-preussenstadion-stellt-ideenkonzept-vor\/\"},\"wordCount\":228,\"publisher\":{\"@id\":\"https:\/\/www.fanprojekt-muenster.de\/wordpress\/#organization\"},\"image\":{\"@id\":\"https:\/\/www.fanprojekt-muenster.de\/wordpress\/ag-preussenstadion-stellt-ideenkonzept-vor\/#primaryimage\"},\"thumbnailUrl\":\"https:\/\/www.fanprojekt-muenster.de\/wordpress\/wp-content\/uploads\/2020\/12\/logo_ideenkonzept.png\",\"articleSection\":[\"Stadion\"],\"inLanguage\":\"de\"},{\"@type\":\"WebPage\",\"@id\":\"https:\/\/www.fanprojekt-muenster.de\/wordpress\/ag-preussenstadion-stellt-ideenkonzept-vor\/\",\"url\":\"https:\/\/www.fanprojekt-muenster.de\/wordpress\/ag-preussenstadion-stellt-ideenkonzept-vor\/\",\"name\":\"AG Preu\u00dfenstadion stellt Ideenkonzept vor - Fangemeinschaft Preu\u00dfen M\u00fcnster e. V.\",\"isPartOf\":{\"@id\":\"https:\/\/www.fanprojekt-muenster.de\/wordpress\/#website\"},\"primaryImageOfPage\":{\"@id\":\"https:\/\/www.fanprojekt-muenster.de\/wordpress\/ag-preussenstadion-stellt-ideenkonzept-vor\/#primaryimage\"},\"image\":{\"@id\":\"https:\/\/www.fanprojekt-muenster.de\/wordpress\/ag-preussenstadion-stellt-ideenkonzept-vor\/#primaryimage\"},\"thumbnailUrl\":\"https:\/\/www.fanprojekt-muenster.de\/wordpress\/wp-content\/uploads\/2020\/12\/logo_ideenkonzept.png\",\"datePublished\":\"2020-12-03T08:04:25+00:00\",\"dateModified\":\"2020-12-03T10:20:02+00:00\",\"breadcrumb\":{\"@id\":\"https:\/\/www.fanprojekt-muenster.de\/wordpress\/ag-preussenstadion-stellt-ideenkonzept-vor\/#breadcrumb\"},\"inLanguage\":\"de\",\"potentialAction\":[{\"@type\":\"ReadAction\",\"target\":[\"https:\/\/www.fanprojekt-muenster.de\/wordpress\/ag-preussenstadion-stellt-ideenkonzept-vor\/\"]}]},{\"@type\":\"ImageObject\",\"inLanguage\":\"de\",\"@id\":\"https:\/\/www.fanprojekt-muenster.de\/wordpress\/ag-preussenstadion-stellt-ideenkonzept-vor\/#primaryimage\",\"url\":\"https:\/\/www.fanprojekt-muenster.de\/wordpress\/wp-content\/uploads\/2020\/12\/logo_ideenkonzept.png\",\"contentUrl\":\"https:\/\/www.fanprojekt-muenster.de\/wordpress\/wp-content\/uploads\/2020\/12\/logo_ideenkonzept.png\",\"width\":600,\"height\":450,\"caption\":\"Logo Ideenkonzept AG Preu\u00dfenstadion\"},{\"@type\":\"BreadcrumbList\",\"@id\":\"https:\/\/www.fanprojekt-muenster.de\/wordpress\/ag-preussenstadion-stellt-ideenkonzept-vor\/#breadcrumb\",\"itemListElement\":[{\"@type\":\"ListItem\",\"position\":1,\"name\":\"Startseite\",\"item\":\"https:\/\/www.fanprojekt-muenster.de\/wordpress\/\"},{\"@type\":\"ListItem\",\"position\":2,\"name\":\"AG Preu\u00dfenstadion stellt Ideenkonzept vor\"}]},{\"@type\":\"WebSite\",\"@id\":\"https:\/\/www.fanprojekt-muenster.de\/wordpress\/#website\",\"url\":\"https:\/\/www.fanprojekt-muenster.de\/wordpress\/\",\"name\":\"Fangemeinschaft Preu\u00dfen M\u00fcnster e. V.\",\"description\":\"\",\"publisher\":{\"@id\":\"https:\/\/www.fanprojekt-muenster.de\/wordpress\/#organization\"},\"potentialAction\":[{\"@type\":\"SearchAction\",\"target\":{\"@type\":\"EntryPoint\",\"urlTemplate\":\"https:\/\/www.fanprojekt-muenster.de\/wordpress\/?s={search_term_string}\"},\"query-input\":{\"@type\":\"PropertyValueSpecification\",\"valueRequired\":true,\"valueName\":\"search_term_string\"}}],\"inLanguage\":\"de\"},{\"@type\":\"Organization\",\"@id\":\"https:\/\/www.fanprojekt-muenster.de\/wordpress\/#organization\",\"name\":\"Fangemeinschaft Preu\u00dfen M\u00fcnster e. V.\",\"url\":\"https:\/\/www.fanprojekt-muenster.de\/wordpress\/\",\"logo\":{\"@type\":\"ImageObject\",\"inLanguage\":\"de\",\"@id\":\"https:\/\/www.fanprojekt-muenster.de\/wordpress\/#\/schema\/logo\/image\/\",\"url\":\"https:\/\/www.fanprojekt-muenster.de\/wordpress\/wp-content\/uploads\/2019\/07\/cropped-Website_Logo3-9.png\",\"contentUrl\":\"https:\/\/www.fanprojekt-muenster.de\/wordpress\/wp-content\/uploads\/2019\/07\/cropped-Website_Logo3-9.png\",\"width\":224,\"height\":42,\"caption\":\"Fangemeinschaft Preu\u00dfen M\u00fcnster e. V.\"},\"image\":{\"@id\":\"https:\/\/www.fanprojekt-muenster.de\/wordpress\/#\/schema\/logo\/image\/\"}},{\"@type\":\"Person\",\"@id\":\"https:\/\/www.fanprojekt-muenster.de\/wordpress\/#\/schema\/person\/744936f7caad5b07423673506682ba59\",\"name\":\"CJO\",\"url\":\"https:\/\/www.fanprojekt-muenster.de\/wordpress\/author\/jogy\/\"}]}<\/script>\n<!-- \/ Yoast SEO plugin. -->","yoast_head_json":{"title":"AG Preu\u00dfenstadion stellt Ideenkonzept vor - Fangemeinschaft Preu\u00dfen M\u00fcnster e. V.","robots":{"index":"index","follow":"follow","max-snippet":"max-snippet:-1","max-image-preview":"max-image-preview:large","max-video-preview":"max-video-preview:-1"},"canonical":"https:\/\/www.fanprojekt-muenster.de\/wordpress\/ag-preussenstadion-stellt-ideenkonzept-vor\/","og_locale":"de_DE","og_type":"article","og_title":"AG Preu\u00dfenstadion stellt Ideenkonzept vor","og_description":"Da die Preu\u00dfenkicker derzeit ja leider quasi unter Ausschluss der \u00d6ffentlichkeit (in der Regionalliga) oder auch vorerst gar nicht mehr (Youngstars) kicken und auch der sonstige Sportbetrieb wenn \u00fcberhaupt nur sehr eingeschr\u00e4nkt m\u00f6glich ist, sollte doch gen\u00fcgend Aufmerksamkeit f\u00fcr andere Themen rund um den SCP sein. Auf der Agenda st\u00fcnden da zum einen ganz aktuell das Leitbild, dessen Entwicklung (endlich) konkret angegangen wird (Kick-Off am Donnerstag, 03.12.2020). Zum anderen als Dauerthema unser geliebtes, vor sich hindarbendes und in der jetzigen Situation schmerzlich vermisstes Preu\u00dfenstadion. [...]","og_url":"https:\/\/www.fanprojekt-muenster.de\/wordpress\/ag-preussenstadion-stellt-ideenkonzept-vor\/","og_site_name":"Fangemeinschaft Preu\u00dfen M\u00fcnster e. V.","article_published_time":"2020-12-03T08:04:25+00:00","article_modified_time":"2020-12-03T10:20:02+00:00","og_image":[{"width":600,"height":450,"url":"https:\/\/www.fanprojekt-muenster.de\/wordpress\/wp-content\/uploads\/2020\/12\/logo_ideenkonzept.png","type":"image\/png"}],"author":"CJO","twitter_card":"summary_large_image","twitter_title":"AG Preu\u00dfenstadion stellt Ideenkonzept vor","twitter_description":"Da die Preu\u00dfenkicker derzeit ja leider quasi unter Ausschluss der \u00d6ffentlichkeit (in der Regionalliga) oder auch vorerst gar nicht mehr (Youngstars) kicken und auch der sonstige Sportbetrieb wenn \u00fcberhaupt nur sehr eingeschr\u00e4nkt m\u00f6glich ist, sollte doch gen\u00fcgend Aufmerksamkeit f\u00fcr andere Themen rund um den SCP sein. Auf der Agenda st\u00fcnden da zum einen ganz aktuell das Leitbild, dessen Entwicklung (endlich) konkret angegangen wird (Kick-Off am Donnerstag, 03.12.2020). Zum anderen als Dauerthema unser geliebtes, vor sich hindarbendes und in der jetzigen Situation schmerzlich vermisstes Preu\u00dfenstadion. [...]","twitter_image":"https:\/\/www.fanprojekt-muenster.de\/wordpress\/wp-content\/uploads\/2020\/12\/logo_ideenkonzept.png","twitter_misc":{"Verfasst von":"CJO","Gesch\u00e4tzte Lesezeit":"1\u00a0Minute"},"schema":{"@context":"https:\/\/schema.org","@graph":[{"@type":"Article","@id":"https:\/\/www.fanprojekt-muenster.de\/wordpress\/ag-preussenstadion-stellt-ideenkonzept-vor\/#article","isPartOf":{"@id":"https:\/\/www.fanprojekt-muenster.de\/wordpress\/ag-preussenstadion-stellt-ideenkonzept-vor\/"},"author":{"name":"CJO","@id":"https:\/\/www.fanprojekt-muenster.de\/wordpress\/#\/schema\/person\/744936f7caad5b07423673506682ba59"},"headline":"AG Preu\u00dfenstadion stellt Ideenkonzept vor","datePublished":"2020-12-03T08:04:25+00:00","dateModified":"2020-12-03T10:20:02+00:00","mainEntityOfPage":{"@id":"https:\/\/www.fanprojekt-muenster.de\/wordpress\/ag-preussenstadion-stellt-ideenkonzept-vor\/"},"wordCount":228,"publisher":{"@id":"https:\/\/www.fanprojekt-muenster.de\/wordpress\/#organization"},"image":{"@id":"https:\/\/www.fanprojekt-muenster.de\/wordpress\/ag-preussenstadion-stellt-ideenkonzept-vor\/#primaryimage"},"thumbnailUrl":"https:\/\/www.fanprojekt-muenster.de\/wordpress\/wp-content\/uploads\/2020\/12\/logo_ideenkonzept.png","articleSection":["Stadion"],"inLanguage":"de"},{"@type":"WebPage","@id":"https:\/\/www.fanprojekt-muenster.de\/wordpress\/ag-preussenstadion-stellt-ideenkonzept-vor\/","url":"https:\/\/www.fanprojekt-muenster.de\/wordpress\/ag-preussenstadion-stellt-ideenkonzept-vor\/","name":"AG Preu\u00dfenstadion stellt Ideenkonzept vor - Fangemeinschaft Preu\u00dfen M\u00fcnster e. V.","isPartOf":{"@id":"https:\/\/www.fanprojekt-muenster.de\/wordpress\/#website"},"primaryImageOfPage":{"@id":"https:\/\/www.fanprojekt-muenster.de\/wordpress\/ag-preussenstadion-stellt-ideenkonzept-vor\/#primaryimage"},"image":{"@id":"https:\/\/www.fanprojekt-muenster.de\/wordpress\/ag-preussenstadion-stellt-ideenkonzept-vor\/#primaryimage"},"thumbnailUrl":"https:\/\/www.fanprojekt-muenster.de\/wordpress\/wp-content\/uploads\/2020\/12\/logo_ideenkonzept.png","datePublished":"2020-12-03T08:04:25+00:00","dateModified":"2020-12-03T10:20:02+00:00","breadcrumb":{"@id":"https:\/\/www.fanprojekt-muenster.de\/wordpress\/ag-preussenstadion-stellt-ideenkonzept-vor\/#breadcrumb"},"inLanguage":"de","potentialAction":[{"@type":"ReadAction","target":["https:\/\/www.fanprojekt-muenster.de\/wordpress\/ag-preussenstadion-stellt-ideenkonzept-vor\/"]}]},{"@type":"ImageObject","inLanguage":"de","@id":"https:\/\/www.fanprojekt-muenster.de\/wordpress\/ag-preussenstadion-stellt-ideenkonzept-vor\/#primaryimage","url":"https:\/\/www.fanprojekt-muenster.de\/wordpress\/wp-content\/uploads\/2020\/12\/logo_ideenkonzept.png","contentUrl":"https:\/\/www.fanprojekt-muenster.de\/wordpress\/wp-content\/uploads\/2020\/12\/logo_ideenkonzept.png","width":600,"height":450,"caption":"Logo Ideenkonzept AG Preu\u00dfenstadion"},{"@type":"BreadcrumbList","@id":"https:\/\/www.fanprojekt-muenster.de\/wordpress\/ag-preussenstadion-stellt-ideenkonzept-vor\/#breadcrumb","itemListElement":[{"@type":"ListItem","position":1,"name":"Startseite","item":"https:\/\/www.fanprojekt-muenster.de\/wordpress\/"},{"@type":"ListItem","position":2,"name":"AG Preu\u00dfenstadion stellt Ideenkonzept vor"}]},{"@type":"WebSite","@id":"https:\/\/www.fanprojekt-muenster.de\/wordpress\/#website","url":"https:\/\/www.fanprojekt-muenster.de\/wordpress\/","name":"Fangemeinschaft Preu\u00dfen M\u00fcnster e. V.","description":"","publisher":{"@id":"https:\/\/www.fanprojekt-muenster.de\/wordpress\/#organization"},"potentialAction":[{"@type":"SearchAction","target":{"@type":"EntryPoint","urlTemplate":"https:\/\/www.fanprojekt-muenster.de\/wordpress\/?s={search_term_string}"},"query-input":{"@type":"PropertyValueSpecification","valueRequired":true,"valueName":"search_term_string"}}],"inLanguage":"de"},{"@type":"Organization","@id":"https:\/\/www.fanprojekt-muenster.de\/wordpress\/#organization","name":"Fangemeinschaft Preu\u00dfen M\u00fcnster e. V.","url":"https:\/\/www.fanprojekt-muenster.de\/wordpress\/","logo":{"@type":"ImageObject","inLanguage":"de","@id":"https:\/\/www.fanprojekt-muenster.de\/wordpress\/#\/schema\/logo\/image\/","url":"https:\/\/www.fanprojekt-muenster.de\/wordpress\/wp-content\/uploads\/2019\/07\/cropped-Website_Logo3-9.png","contentUrl":"https:\/\/www.fanprojekt-muenster.de\/wordpress\/wp-content\/uploads\/2019\/07\/cropped-Website_Logo3-9.png","width":224,"height":42,"caption":"Fangemeinschaft Preu\u00dfen M\u00fcnster e. V."},"image":{"@id":"https:\/\/www.fanprojekt-muenster.de\/wordpress\/#\/schema\/logo\/image\/"}},{"@type":"Person","@id":"https:\/\/www.fanprojekt-muenster.de\/wordpress\/#\/schema\/person\/744936f7caad5b07423673506682ba59","name":"CJO","url":"https:\/\/www.fanprojekt-muenster.de\/wordpress\/author\/jogy\/"}]}},"author_meta":{"display_name":"CJO","author_link":"https:\/\/www.fanprojekt-muenster.de\/wordpress\/author\/jogy\/"},"featured_img":"https:\/\/www.fanprojekt-muenster.de\/wordpress\/wp-content\/uploads\/2020\/12\/logo_ideenkonzept-300x225.png","coauthors":[],"tax_additional":{"categories":{"linked":["<a href=\"https:\/\/www.fanprojekt-muenster.de\/wordpress\/category\/stadion\/\" class=\"advgb-post-tax-term\">Stadion<\/a>"],"unlinked":["<span class=\"advgb-post-tax-term\">Stadion<\/span>"]}},"comment_count":"0","relative_dates":{"created":"Posted 5\u00a0Jahren ago","modified":"Updated 5\u00a0Jahren ago"},"absolute_dates":{"created":"Posted on 3. Dezember 2020","modified":"Updated on 3. Dezember 2020"},"absolute_dates_time":{"created":"Posted on 3. Dezember 2020 9:04","modified":"Updated on 3. Dezember 2020 11:20"},"featured_img_caption":"Logo Ideenkonzept AG Preu\u00dfenstadion","series_order":"","_links":{"self":[{"href":"https:\/\/www.fanprojekt-muenster.de\/wordpress\/wp-json\/wp\/v2\/posts\/8237","targetHints":{"allow":["GET"]}}],"collection":[{"href":"https:\/\/www.fanprojekt-muenster.de\/wordpress\/wp-json\/wp\/v2\/posts"}],"about":[{"href":"https:\/\/www.fanprojekt-muenster.de\/wordpress\/wp-json\/wp\/v2\/types\/post"}],"author":[{"embeddable":true,"href":"https:\/\/www.fanprojekt-muenster.de\/wordpress\/wp-json\/wp\/v2\/users\/7"}],"replies":[{"embeddable":true,"href":"https:\/\/www.fanprojekt-muenster.de\/wordpress\/wp-json\/wp\/v2\/comments?post=8237"}],"version-history":[{"count":26,"href":"https:\/\/www.fanprojekt-muenster.de\/wordpress\/wp-json\/wp\/v2\/posts\/8237\/revisions"}],"predecessor-version":[{"id":8284,"href":"https:\/\/www.fanprojekt-muenster.de\/wordpress\/wp-json\/wp\/v2\/posts\/8237\/revisions\/8284"}],"wp:featuredmedia":[{"embeddable":true,"href":"https:\/\/www.fanprojekt-muenster.de\/wordpress\/wp-json\/wp\/v2\/media\/8185"}],"wp:attachment":[{"href":"https:\/\/www.fanprojekt-muenster.de\/wordpress\/wp-json\/wp\/v2\/media?parent=8237"}],"wp:term":[{"taxonomy":"category","embeddable":true,"href":"https:\/\/www.fanprojekt-muenster.de\/wordpress\/wp-json\/wp\/v2\/categories?post=8237"},{"taxonomy":"post_tag","embeddable":true,"href":"https:\/\/www.fanprojekt-muenster.de\/wordpress\/wp-json\/wp\/v2\/tags?post=8237"}],"curies":[{"name":"wp","href":"https:\/\/api.w.org\/{rel}","templated":true}]}}