{"id":775,"date":"2012-12-10T01:12:21","date_gmt":"2012-12-09T23:12:21","guid":{"rendered":"http:\/\/www.fanprojekt-muenster.de\/fp\/?p=775"},"modified":"2012-12-10T01:12:21","modified_gmt":"2012-12-09T23:12:21","slug":"ubergriff-auf-das-fanradio","status":"publish","type":"post","link":"https:\/\/www.fanprojekt-muenster.de\/wordpress\/ubergriff-auf-das-fanradio\/","title":{"rendered":"\u00dcbergriff auf das Fanradio"},"content":{"rendered":"<p><a href=\"http:\/\/www.fanprojekt-muenster.de\/wp-content\/uploads\/2012\/11\/erster_test_gegen_dortmund2.jpg\"><img loading=\"lazy\" decoding=\"async\" class=\"alignnone size-full wp-image-674\" alt=\"erster_test_gegen_dortmund2\" src=\"http:\/\/www.fanprojekt-muenster.de\/wp-content\/uploads\/2012\/11\/erster_test_gegen_dortmund2.jpg\" width=\"1024\" height=\"768\" srcset=\"https:\/\/www.fanprojekt-muenster.de\/wordpress\/wp-content\/uploads\/2012\/11\/erster_test_gegen_dortmund2.jpg 1024w, https:\/\/www.fanprojekt-muenster.de\/wordpress\/wp-content\/uploads\/2012\/11\/erster_test_gegen_dortmund2-300x225.jpg 300w, https:\/\/www.fanprojekt-muenster.de\/wordpress\/wp-content\/uploads\/2012\/11\/erster_test_gegen_dortmund2-768x576.jpg 768w, https:\/\/www.fanprojekt-muenster.de\/wordpress\/wp-content\/uploads\/2012\/11\/erster_test_gegen_dortmund2-576x432.jpg 576w\" sizes=\"auto, (max-width: 1024px) 100vw, 1024px\" \/><\/a><\/p>\n<p>&nbsp;<\/p>\n<h5>In der Mitte im Bild Maurice Eschen, Moderator von Radio Mottekstrehle Foto:\u00a0<a title=\"Klein Muffi 06\" href=\"http:\/\/www.klein-muffi.de\" target=\"_blank\" rel=\"noopener noreferrer\">www.klein-muffi.de<\/a><\/h5>\n<p>Beim Spiel des SC Preu\u00dfen M\u00fcnster am Sonntag in Chemnitz kam es zu verbalen und k\u00f6rperlichen \u00dcbergriffen auf den Moderator des Fanradios &#8222;<a title=\"Radio Mottekstrehle\" href=\"radioms.fanprojekt-muenster.de\" target=\"_blank\" rel=\"noopener noreferrer\">Radio Mottekstrehle<\/a>&#8220; vom Fanprojekt des SC Preu\u00dfen M\u00fcnster.\u00a0Das Fanprojekt des SCP ist schockiert \u00fcber die Vorf\u00e4lle und unterst\u00fctzt Maurice Eschen voll bei seinem weiteren Vorgehen.<\/p>\n<p>Nachfolgend die Stellungnahme von unserem Moderator Maurice Eschen:<\/p>\n<p><em>Sehr geehrte Damen und Herren,<\/em><\/p>\n<p><em>bevor ich zu meinen Schilderungen vom Spiel Chemnitzer FC gegen SC Preu\u00dfen M\u00fcnster am 09.12.2012 zu sprechen komme, m\u00f6chte ich ein paar grundlegende Dinge darlegen.<\/em><\/p>\n<p><em><strong>\u201eFanradios sind nie objektiv oder neutral und leben von Emotionen!\u201c<\/strong><\/em><\/p>\n<p><em>Bei dem oben genannten Spiel sa\u00df ich, Maurice Eschen, auf der Pressetrib\u00fcne im Chemnitzer Stadion und habe f\u00fcr das Fanradio des SC Preu\u00dfen M\u00fcnster \u201eRadio Mottekstrehle\u201c kommentiert. Fans der Gastgeber, die hinter mir sa\u00dfen, beleidigten mich zun\u00e4chst, da ich aus Sicht des SC Preu\u00dfen M\u00fcnster kommentiert habe und einige Entscheidungen des Schiedsrichters gegen Preu\u00dfen lautstark anzweifelte. Kurz vor der Halbzeit versuchte einer dieser Fans mir mein Headset vom Kopf zu rei\u00dfen, damit ich nicht weiter kommentieren konnte. Das gelang ihm aber nicht. Die Beleidigungen waren: \u201eDu Preu\u00dfen-Kr\u00fcppel (ich bin im Alltag auf einen Rollstuhl angewiesen), man sollte dich vergasen, Hurensohn\u201c. Meine Kollegin Dominique Eisermann wurde auch als \u201eHure\u201c bezeichnet.<\/em><\/p>\n<p><em>Nach dem Ausgleich f\u00fcr den SC Preu\u00dfen M\u00fcnster sagte ich: \u201eDer Ausgleich geht vollkommen in Ordnung\u201c. Chemnitz spielt wie ein Absteiger, f\u00fcr mich ist das der erste Absteiger, wenn die so weiter machen.<\/em><\/p>\n<p><em>Daraufhin schlug mich einer der Fans zwei Mal mit der Faust von hinten auf den Kopf. Packte mich am Kragen und w\u00fcrgte mich kurz.<\/em><\/p>\n<p><em>Ich sagte ihm, dass das K\u00f6rperverletzung sei. Er antwortete: \u201eIch habe nichts gesehen, du bist ausgerutscht\u201c.<\/em><\/p>\n<p><em>Ich will es bei dieser Info belassen und keine weiteren Schritte einleiten. Der Chemnitzer FC kann anhand unserer Pressekarte sehen, auf welchem Platz wir gesessen haben und wer \u00fcber uns sa\u00df. Wenn der Mann eine Dauerkarte hat, kann der Verein ihn identifizieren und entsprechende Ma\u00dfnahmen veranlassen.<\/em><\/p>\n<p><em>Mit freundlichen Gr\u00fc\u00dfen<\/em><\/p>\n<p><em>Maurice Eschen<\/em><\/p>\n<p><em>Fanprojekt Preu\u00dfen M\u00fcnster<\/em><\/p>\n","protected":false},"excerpt":{"rendered":"<p>&nbsp; In der Mitte im Bild Maurice Eschen, Moderator von Radio Mottekstrehle Foto:\u00a0www.klein-muffi.de Beim Spiel des SC Preu\u00dfen M\u00fcnster am Sonntag in Chemnitz kam es zu verbalen und k\u00f6rperlichen \u00dcbergriffen&#8230; <a class=\"read-more-link\" href=\"https:\/\/www.fanprojekt-muenster.de\/wordpress\/ubergriff-auf-das-fanradio\/\">Read more &raquo;<\/a><\/p>\n","protected":false},"author":2,"featured_media":776,"comment_status":"open","ping_status":"open","sticky":false,"template":"","format":"standard","meta":{"advgb_blocks_editor_width":"","advgb_blocks_columns_visual_guide":"","footnotes":""},"categories":[3],"tags":[],"class_list":["post-775","post","type-post","status-publish","format-standard","has-post-thumbnail","hentry","category-aktuelles"],"featured_image_src":"https:\/\/www.fanprojekt-muenster.de\/wordpress\/wp-content\/uploads\/2013\/07\/Logo_Radio-Mottekstrehle_klein.jpg","author_info":{"display_name":"fp_superadmin","author_link":"https:\/\/www.fanprojekt-muenster.de\/wordpress\/author\/fp_superadmin\/"},"yoast_head":"<!-- This site is optimized with the Yoast SEO plugin v27.2 - https:\/\/yoast.com\/product\/yoast-seo-wordpress\/ -->\n<title>\u00dcbergriff auf das Fanradio - Fangemeinschaft Preu\u00dfen M\u00fcnster e. V.<\/title>\n<meta name=\"robots\" content=\"index, follow, max-snippet:-1, max-image-preview:large, max-video-preview:-1\" \/>\n<link rel=\"canonical\" href=\"https:\/\/www.fanprojekt-muenster.de\/wordpress\/ubergriff-auf-das-fanradio\/\" \/>\n<meta property=\"og:locale\" content=\"de_DE\" \/>\n<meta property=\"og:type\" content=\"article\" \/>\n<meta property=\"og:title\" content=\"\u00dcbergriff auf das Fanradio - Fangemeinschaft Preu\u00dfen M\u00fcnster e. V.\" \/>\n<meta property=\"og:description\" content=\"&nbsp; In der Mitte im Bild Maurice Eschen, Moderator von Radio Mottekstrehle Foto:\u00a0www.klein-muffi.de Beim Spiel des SC Preu\u00dfen M\u00fcnster am Sonntag in Chemnitz kam es zu verbalen und k\u00f6rperlichen \u00dcbergriffen... Read more &raquo;\" \/>\n<meta property=\"og:url\" content=\"https:\/\/www.fanprojekt-muenster.de\/wordpress\/ubergriff-auf-das-fanradio\/\" \/>\n<meta property=\"og:site_name\" content=\"Fangemeinschaft Preu\u00dfen M\u00fcnster e. V.\" \/>\n<meta property=\"article:published_time\" content=\"2012-12-09T23:12:21+00:00\" \/>\n<meta property=\"og:image\" content=\"https:\/\/www.fanprojekt-muenster.de\/wordpress\/wp-content\/uploads\/2013\/07\/Logo_Radio-Mottekstrehle_klein.jpg\" \/>\n\t<meta property=\"og:image:width\" content=\"260\" \/>\n\t<meta property=\"og:image:height\" content=\"130\" \/>\n\t<meta property=\"og:image:type\" content=\"image\/jpeg\" \/>\n<meta name=\"author\" content=\"fp_superadmin\" \/>\n<meta name=\"twitter:card\" content=\"summary_large_image\" \/>\n<meta name=\"twitter:label1\" content=\"Verfasst von\" \/>\n\t<meta name=\"twitter:data1\" content=\"fp_superadmin\" \/>\n\t<meta name=\"twitter:label2\" content=\"Gesch\u00e4tzte Lesezeit\" \/>\n\t<meta name=\"twitter:data2\" content=\"2\u00a0Minuten\" \/>\n<script type=\"application\/ld+json\" class=\"yoast-schema-graph\">{\"@context\":\"https:\/\/schema.org\",\"@graph\":[{\"@type\":\"Article\",\"@id\":\"https:\/\/www.fanprojekt-muenster.de\/wordpress\/ubergriff-auf-das-fanradio\/#article\",\"isPartOf\":{\"@id\":\"https:\/\/www.fanprojekt-muenster.de\/wordpress\/ubergriff-auf-das-fanradio\/\"},\"author\":{\"name\":\"fp_superadmin\",\"@id\":\"https:\/\/www.fanprojekt-muenster.de\/wordpress\/#\/schema\/person\/9126cc4d73d0d07c75b487075111186c\"},\"headline\":\"\u00dcbergriff auf das Fanradio\",\"datePublished\":\"2012-12-09T23:12:21+00:00\",\"mainEntityOfPage\":{\"@id\":\"https:\/\/www.fanprojekt-muenster.de\/wordpress\/ubergriff-auf-das-fanradio\/\"},\"wordCount\":383,\"commentCount\":0,\"publisher\":{\"@id\":\"https:\/\/www.fanprojekt-muenster.de\/wordpress\/#organization\"},\"image\":{\"@id\":\"https:\/\/www.fanprojekt-muenster.de\/wordpress\/ubergriff-auf-das-fanradio\/#primaryimage\"},\"thumbnailUrl\":\"https:\/\/www.fanprojekt-muenster.de\/wordpress\/wp-content\/uploads\/2013\/07\/Logo_Radio-Mottekstrehle_klein.jpg\",\"articleSection\":[\"Aktuelles\"],\"inLanguage\":\"de\",\"potentialAction\":[{\"@type\":\"CommentAction\",\"name\":\"Comment\",\"target\":[\"https:\/\/www.fanprojekt-muenster.de\/wordpress\/ubergriff-auf-das-fanradio\/#respond\"]}]},{\"@type\":\"WebPage\",\"@id\":\"https:\/\/www.fanprojekt-muenster.de\/wordpress\/ubergriff-auf-das-fanradio\/\",\"url\":\"https:\/\/www.fanprojekt-muenster.de\/wordpress\/ubergriff-auf-das-fanradio\/\",\"name\":\"\u00dcbergriff auf das Fanradio - Fangemeinschaft Preu\u00dfen M\u00fcnster e. V.\",\"isPartOf\":{\"@id\":\"https:\/\/www.fanprojekt-muenster.de\/wordpress\/#website\"},\"primaryImageOfPage\":{\"@id\":\"https:\/\/www.fanprojekt-muenster.de\/wordpress\/ubergriff-auf-das-fanradio\/#primaryimage\"},\"image\":{\"@id\":\"https:\/\/www.fanprojekt-muenster.de\/wordpress\/ubergriff-auf-das-fanradio\/#primaryimage\"},\"thumbnailUrl\":\"https:\/\/www.fanprojekt-muenster.de\/wordpress\/wp-content\/uploads\/2013\/07\/Logo_Radio-Mottekstrehle_klein.jpg\",\"datePublished\":\"2012-12-09T23:12:21+00:00\",\"breadcrumb\":{\"@id\":\"https:\/\/www.fanprojekt-muenster.de\/wordpress\/ubergriff-auf-das-fanradio\/#breadcrumb\"},\"inLanguage\":\"de\",\"potentialAction\":[{\"@type\":\"ReadAction\",\"target\":[\"https:\/\/www.fanprojekt-muenster.de\/wordpress\/ubergriff-auf-das-fanradio\/\"]}]},{\"@type\":\"ImageObject\",\"inLanguage\":\"de\",\"@id\":\"https:\/\/www.fanprojekt-muenster.de\/wordpress\/ubergriff-auf-das-fanradio\/#primaryimage\",\"url\":\"https:\/\/www.fanprojekt-muenster.de\/wordpress\/wp-content\/uploads\/2013\/07\/Logo_Radio-Mottekstrehle_klein.jpg\",\"contentUrl\":\"https:\/\/www.fanprojekt-muenster.de\/wordpress\/wp-content\/uploads\/2013\/07\/Logo_Radio-Mottekstrehle_klein.jpg\",\"width\":260,\"height\":130},{\"@type\":\"BreadcrumbList\",\"@id\":\"https:\/\/www.fanprojekt-muenster.de\/wordpress\/ubergriff-auf-das-fanradio\/#breadcrumb\",\"itemListElement\":[{\"@type\":\"ListItem\",\"position\":1,\"name\":\"Startseite\",\"item\":\"https:\/\/www.fanprojekt-muenster.de\/wordpress\/\"},{\"@type\":\"ListItem\",\"position\":2,\"name\":\"\u00dcbergriff auf das Fanradio\"}]},{\"@type\":\"WebSite\",\"@id\":\"https:\/\/www.fanprojekt-muenster.de\/wordpress\/#website\",\"url\":\"https:\/\/www.fanprojekt-muenster.de\/wordpress\/\",\"name\":\"Fangemeinschaft Preu\u00dfen M\u00fcnster e. V.\",\"description\":\"\",\"publisher\":{\"@id\":\"https:\/\/www.fanprojekt-muenster.de\/wordpress\/#organization\"},\"potentialAction\":[{\"@type\":\"SearchAction\",\"target\":{\"@type\":\"EntryPoint\",\"urlTemplate\":\"https:\/\/www.fanprojekt-muenster.de\/wordpress\/?s={search_term_string}\"},\"query-input\":{\"@type\":\"PropertyValueSpecification\",\"valueRequired\":true,\"valueName\":\"search_term_string\"}}],\"inLanguage\":\"de\"},{\"@type\":\"Organization\",\"@id\":\"https:\/\/www.fanprojekt-muenster.de\/wordpress\/#organization\",\"name\":\"Fangemeinschaft Preu\u00dfen M\u00fcnster e. V.\",\"url\":\"https:\/\/www.fanprojekt-muenster.de\/wordpress\/\",\"logo\":{\"@type\":\"ImageObject\",\"inLanguage\":\"de\",\"@id\":\"https:\/\/www.fanprojekt-muenster.de\/wordpress\/#\/schema\/logo\/image\/\",\"url\":\"https:\/\/www.fanprojekt-muenster.de\/wordpress\/wp-content\/uploads\/2019\/07\/cropped-Website_Logo3-9.png\",\"contentUrl\":\"https:\/\/www.fanprojekt-muenster.de\/wordpress\/wp-content\/uploads\/2019\/07\/cropped-Website_Logo3-9.png\",\"width\":224,\"height\":42,\"caption\":\"Fangemeinschaft Preu\u00dfen M\u00fcnster e. V.\"},\"image\":{\"@id\":\"https:\/\/www.fanprojekt-muenster.de\/wordpress\/#\/schema\/logo\/image\/\"}},{\"@type\":\"Person\",\"@id\":\"https:\/\/www.fanprojekt-muenster.de\/wordpress\/#\/schema\/person\/9126cc4d73d0d07c75b487075111186c\",\"name\":\"fp_superadmin\",\"url\":\"https:\/\/www.fanprojekt-muenster.de\/wordpress\/author\/fp_superadmin\/\"}]}<\/script>\n<!-- \/ Yoast SEO plugin. -->","yoast_head_json":{"title":"\u00dcbergriff auf das Fanradio - Fangemeinschaft Preu\u00dfen M\u00fcnster e. V.","robots":{"index":"index","follow":"follow","max-snippet":"max-snippet:-1","max-image-preview":"max-image-preview:large","max-video-preview":"max-video-preview:-1"},"canonical":"https:\/\/www.fanprojekt-muenster.de\/wordpress\/ubergriff-auf-das-fanradio\/","og_locale":"de_DE","og_type":"article","og_title":"\u00dcbergriff auf das Fanradio - Fangemeinschaft Preu\u00dfen M\u00fcnster e. V.","og_description":"&nbsp; In der Mitte im Bild Maurice Eschen, Moderator von Radio Mottekstrehle Foto:\u00a0www.klein-muffi.de Beim Spiel des SC Preu\u00dfen M\u00fcnster am Sonntag in Chemnitz kam es zu verbalen und k\u00f6rperlichen \u00dcbergriffen... Read more &raquo;","og_url":"https:\/\/www.fanprojekt-muenster.de\/wordpress\/ubergriff-auf-das-fanradio\/","og_site_name":"Fangemeinschaft Preu\u00dfen M\u00fcnster e. V.","article_published_time":"2012-12-09T23:12:21+00:00","og_image":[{"width":260,"height":130,"url":"https:\/\/www.fanprojekt-muenster.de\/wordpress\/wp-content\/uploads\/2013\/07\/Logo_Radio-Mottekstrehle_klein.jpg","type":"image\/jpeg"}],"author":"fp_superadmin","twitter_card":"summary_large_image","twitter_misc":{"Verfasst von":"fp_superadmin","Gesch\u00e4tzte Lesezeit":"2\u00a0Minuten"},"schema":{"@context":"https:\/\/schema.org","@graph":[{"@type":"Article","@id":"https:\/\/www.fanprojekt-muenster.de\/wordpress\/ubergriff-auf-das-fanradio\/#article","isPartOf":{"@id":"https:\/\/www.fanprojekt-muenster.de\/wordpress\/ubergriff-auf-das-fanradio\/"},"author":{"name":"fp_superadmin","@id":"https:\/\/www.fanprojekt-muenster.de\/wordpress\/#\/schema\/person\/9126cc4d73d0d07c75b487075111186c"},"headline":"\u00dcbergriff auf das Fanradio","datePublished":"2012-12-09T23:12:21+00:00","mainEntityOfPage":{"@id":"https:\/\/www.fanprojekt-muenster.de\/wordpress\/ubergriff-auf-das-fanradio\/"},"wordCount":383,"commentCount":0,"publisher":{"@id":"https:\/\/www.fanprojekt-muenster.de\/wordpress\/#organization"},"image":{"@id":"https:\/\/www.fanprojekt-muenster.de\/wordpress\/ubergriff-auf-das-fanradio\/#primaryimage"},"thumbnailUrl":"https:\/\/www.fanprojekt-muenster.de\/wordpress\/wp-content\/uploads\/2013\/07\/Logo_Radio-Mottekstrehle_klein.jpg","articleSection":["Aktuelles"],"inLanguage":"de","potentialAction":[{"@type":"CommentAction","name":"Comment","target":["https:\/\/www.fanprojekt-muenster.de\/wordpress\/ubergriff-auf-das-fanradio\/#respond"]}]},{"@type":"WebPage","@id":"https:\/\/www.fanprojekt-muenster.de\/wordpress\/ubergriff-auf-das-fanradio\/","url":"https:\/\/www.fanprojekt-muenster.de\/wordpress\/ubergriff-auf-das-fanradio\/","name":"\u00dcbergriff auf das Fanradio - Fangemeinschaft Preu\u00dfen M\u00fcnster e. V.","isPartOf":{"@id":"https:\/\/www.fanprojekt-muenster.de\/wordpress\/#website"},"primaryImageOfPage":{"@id":"https:\/\/www.fanprojekt-muenster.de\/wordpress\/ubergriff-auf-das-fanradio\/#primaryimage"},"image":{"@id":"https:\/\/www.fanprojekt-muenster.de\/wordpress\/ubergriff-auf-das-fanradio\/#primaryimage"},"thumbnailUrl":"https:\/\/www.fanprojekt-muenster.de\/wordpress\/wp-content\/uploads\/2013\/07\/Logo_Radio-Mottekstrehle_klein.jpg","datePublished":"2012-12-09T23:12:21+00:00","breadcrumb":{"@id":"https:\/\/www.fanprojekt-muenster.de\/wordpress\/ubergriff-auf-das-fanradio\/#breadcrumb"},"inLanguage":"de","potentialAction":[{"@type":"ReadAction","target":["https:\/\/www.fanprojekt-muenster.de\/wordpress\/ubergriff-auf-das-fanradio\/"]}]},{"@type":"ImageObject","inLanguage":"de","@id":"https:\/\/www.fanprojekt-muenster.de\/wordpress\/ubergriff-auf-das-fanradio\/#primaryimage","url":"https:\/\/www.fanprojekt-muenster.de\/wordpress\/wp-content\/uploads\/2013\/07\/Logo_Radio-Mottekstrehle_klein.jpg","contentUrl":"https:\/\/www.fanprojekt-muenster.de\/wordpress\/wp-content\/uploads\/2013\/07\/Logo_Radio-Mottekstrehle_klein.jpg","width":260,"height":130},{"@type":"BreadcrumbList","@id":"https:\/\/www.fanprojekt-muenster.de\/wordpress\/ubergriff-auf-das-fanradio\/#breadcrumb","itemListElement":[{"@type":"ListItem","position":1,"name":"Startseite","item":"https:\/\/www.fanprojekt-muenster.de\/wordpress\/"},{"@type":"ListItem","position":2,"name":"\u00dcbergriff auf das Fanradio"}]},{"@type":"WebSite","@id":"https:\/\/www.fanprojekt-muenster.de\/wordpress\/#website","url":"https:\/\/www.fanprojekt-muenster.de\/wordpress\/","name":"Fangemeinschaft Preu\u00dfen M\u00fcnster e. V.","description":"","publisher":{"@id":"https:\/\/www.fanprojekt-muenster.de\/wordpress\/#organization"},"potentialAction":[{"@type":"SearchAction","target":{"@type":"EntryPoint","urlTemplate":"https:\/\/www.fanprojekt-muenster.de\/wordpress\/?s={search_term_string}"},"query-input":{"@type":"PropertyValueSpecification","valueRequired":true,"valueName":"search_term_string"}}],"inLanguage":"de"},{"@type":"Organization","@id":"https:\/\/www.fanprojekt-muenster.de\/wordpress\/#organization","name":"Fangemeinschaft Preu\u00dfen M\u00fcnster e. V.","url":"https:\/\/www.fanprojekt-muenster.de\/wordpress\/","logo":{"@type":"ImageObject","inLanguage":"de","@id":"https:\/\/www.fanprojekt-muenster.de\/wordpress\/#\/schema\/logo\/image\/","url":"https:\/\/www.fanprojekt-muenster.de\/wordpress\/wp-content\/uploads\/2019\/07\/cropped-Website_Logo3-9.png","contentUrl":"https:\/\/www.fanprojekt-muenster.de\/wordpress\/wp-content\/uploads\/2019\/07\/cropped-Website_Logo3-9.png","width":224,"height":42,"caption":"Fangemeinschaft Preu\u00dfen M\u00fcnster e. V."},"image":{"@id":"https:\/\/www.fanprojekt-muenster.de\/wordpress\/#\/schema\/logo\/image\/"}},{"@type":"Person","@id":"https:\/\/www.fanprojekt-muenster.de\/wordpress\/#\/schema\/person\/9126cc4d73d0d07c75b487075111186c","name":"fp_superadmin","url":"https:\/\/www.fanprojekt-muenster.de\/wordpress\/author\/fp_superadmin\/"}]}},"author_meta":{"display_name":"fp_superadmin","author_link":"https:\/\/www.fanprojekt-muenster.de\/wordpress\/author\/fp_superadmin\/"},"featured_img":"https:\/\/www.fanprojekt-muenster.de\/wordpress\/wp-content\/uploads\/2013\/07\/Logo_Radio-Mottekstrehle_klein.jpg","coauthors":[],"tax_additional":{"categories":{"linked":["<a href=\"https:\/\/www.fanprojekt-muenster.de\/wordpress\/category\/aktuelles\/\" class=\"advgb-post-tax-term\">Aktuelles<\/a>"],"unlinked":["<span class=\"advgb-post-tax-term\">Aktuelles<\/span>"]}},"comment_count":"0","relative_dates":{"created":"Posted 13\u00a0Jahren ago","modified":"Updated 13\u00a0Jahren ago"},"absolute_dates":{"created":"Posted on 10. Dezember 2012","modified":"Updated on 10. Dezember 2012"},"absolute_dates_time":{"created":"Posted on 10. Dezember 2012 1:12","modified":"Updated on 10. Dezember 2012 1:12"},"featured_img_caption":"","series_order":"","_links":{"self":[{"href":"https:\/\/www.fanprojekt-muenster.de\/wordpress\/wp-json\/wp\/v2\/posts\/775","targetHints":{"allow":["GET"]}}],"collection":[{"href":"https:\/\/www.fanprojekt-muenster.de\/wordpress\/wp-json\/wp\/v2\/posts"}],"about":[{"href":"https:\/\/www.fanprojekt-muenster.de\/wordpress\/wp-json\/wp\/v2\/types\/post"}],"author":[{"embeddable":true,"href":"https:\/\/www.fanprojekt-muenster.de\/wordpress\/wp-json\/wp\/v2\/users\/2"}],"replies":[{"embeddable":true,"href":"https:\/\/www.fanprojekt-muenster.de\/wordpress\/wp-json\/wp\/v2\/comments?post=775"}],"version-history":[{"count":0,"href":"https:\/\/www.fanprojekt-muenster.de\/wordpress\/wp-json\/wp\/v2\/posts\/775\/revisions"}],"wp:featuredmedia":[{"embeddable":true,"href":"https:\/\/www.fanprojekt-muenster.de\/wordpress\/wp-json\/wp\/v2\/media\/776"}],"wp:attachment":[{"href":"https:\/\/www.fanprojekt-muenster.de\/wordpress\/wp-json\/wp\/v2\/media?parent=775"}],"wp:term":[{"taxonomy":"category","embeddable":true,"href":"https:\/\/www.fanprojekt-muenster.de\/wordpress\/wp-json\/wp\/v2\/categories?post=775"},{"taxonomy":"post_tag","embeddable":true,"href":"https:\/\/www.fanprojekt-muenster.de\/wordpress\/wp-json\/wp\/v2\/tags?post=775"}],"curies":[{"name":"wp","href":"https:\/\/api.w.org\/{rel}","templated":true}]}}