{"id":7211,"date":"2020-11-18T11:43:39","date_gmt":"2020-11-18T10:43:39","guid":{"rendered":"https:\/\/www.fanprojekt-muenster.de\/wordpress\/?p=7211"},"modified":"2020-12-05T13:01:37","modified_gmt":"2020-12-05T12:01:37","slug":"fanprojekt-uebergibt-schutzmasken-an-soziala-einrichtungen","status":"publish","type":"post","link":"https:\/\/www.fanprojekt-muenster.de\/wordpress\/fanprojekt-uebergibt-schutzmasken-an-soziala-einrichtungen\/","title":{"rendered":"Fanprojekt \u00fcbergibt Schutzmasken an Soziale Einrichtungen"},"content":{"rendered":"\n<p>Hallo Preu\u00dfenfans,<\/p>\n\n\n\n<p>die vergangenen Wochen und Monate waren uns und vielen anderen Menschen was das Thema Veranstaltungen angeht die H\u00e4nde gebunden. Da das Organisieren, Planen und Finanzieren von Veranstaltungen in normalen Zeiten eine unserer Besch\u00e4ftigungen ist, mussten auch wir zuletzt umdenken, um sinnvolle und umsetzbare Dinge auf die Beine zu stellen.<\/p>\n\n\n\n<p>Neben einigen Geldspenden wollten wir verschiedene soziale Einrichtungen unterst\u00fctzen. Daher haben wir \u00fcber 500 Schutzmasken vom SCP zu einem verg\u00fcnstigten Preis aufgekauft, um diese dann&nbsp; an ausgew\u00e4hlte Einrichtungen zu spenden. Gemeinsam mit Edo Schmidt vom <a href=\"https:\/\/www.fanport-muenster.de\">FANport<\/a>, der diese Aktion massiv unterst\u00fctzt hat, wurden an verschiedenen Tagen die Einrichtungen in M\u00fcnster angefahren und die Masken \u00fcbergeben.<\/p>\n\n\n\n<p>Neben der N\u00fctzlichkeit dieser Masken in der momentanen Situation wird so auch eine Verbindung von vielen verschiedenen Menschen zum SC Preu\u00dfen erzeugt und das Stadtbild ein wenig aufgeh\u00fcbscht. So freuen wir uns doch alle dar\u00fcber, wenn m\u00f6glichst viele Menschen den Adler in der Stadt tragen.<\/p>\n\n\n\n<p>Folgenden Organisationen haben wir Schutzmasken zukommen lassen:<\/p>\n\n\n\n<p>Berufswege e.V.<br>Drogenhilfe M\u00fcnster<br>Gertrudenhaus &#8211; Sozialdienst Katholischer Frauen e.V.<br>Haus der Wohnungslosenhilfe M\u00fcnster<br>Indro e.V.<br>Jugendhilfebereich der Diakonie M\u00fcnster<br>Lebenshilfe M\u00fcnster<br>Lumos<br>Mitmachkinder e.V.<br>NIMA&#8217;S e.V.<br>Seht e.V. M\u00fcnster<br>Suchtberatung Caritas<br>Tafel M\u00fcnster<\/p>\n\n\n<div id=\"envira-gallery-wrap-7221\" class=\"envira-gallery-wrap envira-gallery-theme-base envira-lightbox-theme-base\" itemscope itemtype=\"https:\/\/schema.org\/ImageGallery\"><div data-row-height=\"150\" data-gallery-theme=\"normal\" id=\"envira-gallery-7221\" class=\"envira-gallery-public envira-gallery-justified-public envira-gallery-0-columns envira-clear enviratope envira-gallery-css-animations\" data-envira-columns=\"0\"><div id=\"envira-gallery-item-7214\" class=\"envira-gallery-item enviratope-item envira-gallery-item-1 envira-lazy-load\" style=\"padding-left: 5px; padding-bottom: 10px; padding-right: 5px;\"  itemscope itemtype=\"https:\/\/schema.org\/ImageObject\"><div class=\"envira-gallery-item-inner\"><div class=\"envira-gallery-position-overlay  envira-gallery-top-left\"><\/div><div class=\"envira-gallery-position-overlay  envira-gallery-top-right\"><\/div><div class=\"envira-gallery-position-overlay  envira-gallery-bottom-left\"><\/div><div class=\"envira-gallery-position-overlay  envira-gallery-bottom-right\"><\/div><a href=\"https:\/\/www.fanprojekt-muenster.de\/wordpress\/wp-content\/uploads\/2020\/11\/masken_1.jpeg\" class=\"envira-gallery-7221 envira-gallery-link\" rel=\"enviragallery7221\" title=\"masken_1\" data-envira-caption=\"masken_1\" data-envira-retina=\"\" data-thumbnail=\"\"  itemprop=\"contentUrl\"><img decoding=\"async\" id=\"envira-gallery-image-7214\" class=\"envira-gallery-image envira-gallery-image-1 envira-normal envira-lazy\" data-envira-index=\"1\" src=\"https:\/\/www.fanprojekt-muenster.de\/wordpress\/wp-content\/uploads\/2020\/11\/masken_1-1024x768-640x480.jpeg\" data-envira-src=\"https:\/\/www.fanprojekt-muenster.de\/wordpress\/wp-content\/uploads\/2020\/11\/masken_1-1024x768-640x480.jpeg\" data-envira-gallery-id=\"7221\" data-envira-item-id=\"7214\" data-envira-caption=\"masken_1\" alt=\"\" title=\"masken_1\"  itemprop=\"thumbnailUrl\" data-envira-srcset=\"https:\/\/www.fanprojekt-muenster.de\/wordpress\/wp-content\/uploads\/2020\/11\/masken_1-1024x768-640x480.jpeg 400w,https:\/\/www.fanprojekt-muenster.de\/wordpress\/wp-content\/uploads\/2020\/11\/masken_1-1024x768-640x480.jpeg 2x\" data-envira-width=\"300\" data-envira-height=\"225\" srcset=\"data:image\/gif;base64,R0lGODlhAQABAIAAAP\/\/\/\/\/\/\/yH5BAEKAAEALAAAAAABAAEAAAICTAEAOw==\" data-safe-src=\"data:image\/gif;base64,R0lGODlhAQABAIAAAP\/\/\/\/\/\/\/yH5BAEKAAEALAAAAAABAAEAAAICTAEAOw==\" \/><\/a><\/div><\/div><div id=\"envira-gallery-item-7215\" class=\"envira-gallery-item enviratope-item envira-gallery-item-2 envira-lazy-load\" style=\"padding-left: 5px; padding-bottom: 10px; padding-right: 5px;\"  itemscope itemtype=\"https:\/\/schema.org\/ImageObject\"><div class=\"envira-gallery-item-inner\"><div class=\"envira-gallery-position-overlay  envira-gallery-top-left\"><\/div><div class=\"envira-gallery-position-overlay  envira-gallery-top-right\"><\/div><div class=\"envira-gallery-position-overlay  envira-gallery-bottom-left\"><\/div><div class=\"envira-gallery-position-overlay  envira-gallery-bottom-right\"><\/div><a href=\"https:\/\/www.fanprojekt-muenster.de\/wordpress\/wp-content\/uploads\/2020\/11\/masken_2.jpeg\" class=\"envira-gallery-7221 envira-gallery-link\" rel=\"enviragallery7221\" title=\"masken_2\" data-envira-caption=\"masken_2\" data-envira-retina=\"\" data-thumbnail=\"\"  itemprop=\"contentUrl\"><img decoding=\"async\" id=\"envira-gallery-image-7215\" class=\"envira-gallery-image envira-gallery-image-2 envira-normal envira-lazy\" data-envira-index=\"2\" src=\"https:\/\/www.fanprojekt-muenster.de\/wordpress\/wp-content\/uploads\/2020\/11\/masken_2-768x1024-640x480.jpeg\" data-envira-src=\"https:\/\/www.fanprojekt-muenster.de\/wordpress\/wp-content\/uploads\/2020\/11\/masken_2-768x1024-640x480.jpeg\" data-envira-gallery-id=\"7221\" data-envira-item-id=\"7215\" data-envira-caption=\"masken_2\" alt=\"\" title=\"masken_2\"  itemprop=\"thumbnailUrl\" data-envira-srcset=\"https:\/\/www.fanprojekt-muenster.de\/wordpress\/wp-content\/uploads\/2020\/11\/masken_2-768x1024-640x480.jpeg 400w,https:\/\/www.fanprojekt-muenster.de\/wordpress\/wp-content\/uploads\/2020\/11\/masken_2-768x1024-640x480.jpeg 2x\" data-envira-width=\"225\" data-envira-height=\"300\" srcset=\"data:image\/gif;base64,R0lGODlhAQABAIAAAP\/\/\/\/\/\/\/yH5BAEKAAEALAAAAAABAAEAAAICTAEAOw==\" data-safe-src=\"data:image\/gif;base64,R0lGODlhAQABAIAAAP\/\/\/\/\/\/\/yH5BAEKAAEALAAAAAABAAEAAAICTAEAOw==\" \/><\/a><\/div><\/div><div id=\"envira-gallery-item-7216\" class=\"envira-gallery-item enviratope-item envira-gallery-item-3 envira-lazy-load\" style=\"padding-left: 5px; padding-bottom: 10px; padding-right: 5px;\"  itemscope itemtype=\"https:\/\/schema.org\/ImageObject\"><div class=\"envira-gallery-item-inner\"><div class=\"envira-gallery-position-overlay  envira-gallery-top-left\"><\/div><div class=\"envira-gallery-position-overlay  envira-gallery-top-right\"><\/div><div class=\"envira-gallery-position-overlay  envira-gallery-bottom-left\"><\/div><div class=\"envira-gallery-position-overlay  envira-gallery-bottom-right\"><\/div><a href=\"https:\/\/www.fanprojekt-muenster.de\/wordpress\/wp-content\/uploads\/2020\/11\/masken_3.jpeg\" class=\"envira-gallery-7221 envira-gallery-link\" rel=\"enviragallery7221\" title=\"masken_3\" data-envira-caption=\"masken_3\" data-envira-retina=\"\" data-thumbnail=\"\"  itemprop=\"contentUrl\"><img decoding=\"async\" id=\"envira-gallery-image-7216\" class=\"envira-gallery-image envira-gallery-image-3 envira-normal envira-lazy\" data-envira-index=\"3\" src=\"https:\/\/www.fanprojekt-muenster.de\/wordpress\/wp-content\/uploads\/2020\/11\/masken_3-1024x768-640x480.jpeg\" data-envira-src=\"https:\/\/www.fanprojekt-muenster.de\/wordpress\/wp-content\/uploads\/2020\/11\/masken_3-1024x768-640x480.jpeg\" data-envira-gallery-id=\"7221\" data-envira-item-id=\"7216\" data-envira-caption=\"masken_3\" alt=\"\" title=\"masken_3\"  itemprop=\"thumbnailUrl\" data-envira-srcset=\"https:\/\/www.fanprojekt-muenster.de\/wordpress\/wp-content\/uploads\/2020\/11\/masken_3-1024x768-640x480.jpeg 400w,https:\/\/www.fanprojekt-muenster.de\/wordpress\/wp-content\/uploads\/2020\/11\/masken_3-1024x768-640x480.jpeg 2x\" data-envira-width=\"300\" data-envira-height=\"225\" srcset=\"data:image\/gif;base64,R0lGODlhAQABAIAAAP\/\/\/\/\/\/\/yH5BAEKAAEALAAAAAABAAEAAAICTAEAOw==\" data-safe-src=\"data:image\/gif;base64,R0lGODlhAQABAIAAAP\/\/\/\/\/\/\/yH5BAEKAAEALAAAAAABAAEAAAICTAEAOw==\" \/><\/a><\/div><\/div><div id=\"envira-gallery-item-7217\" class=\"envira-gallery-item enviratope-item envira-gallery-item-4 envira-lazy-load\" style=\"padding-left: 5px; padding-bottom: 10px; padding-right: 5px;\"  itemscope itemtype=\"https:\/\/schema.org\/ImageObject\"><div class=\"envira-gallery-item-inner\"><div class=\"envira-gallery-position-overlay  envira-gallery-top-left\"><\/div><div class=\"envira-gallery-position-overlay  envira-gallery-top-right\"><\/div><div class=\"envira-gallery-position-overlay  envira-gallery-bottom-left\"><\/div><div class=\"envira-gallery-position-overlay  envira-gallery-bottom-right\"><\/div><a href=\"https:\/\/www.fanprojekt-muenster.de\/wordpress\/wp-content\/uploads\/2020\/11\/masken_4.jpeg\" class=\"envira-gallery-7221 envira-gallery-link\" rel=\"enviragallery7221\" title=\"masken_4\" data-envira-caption=\"masken_4\" data-envira-retina=\"\" data-thumbnail=\"\"  itemprop=\"contentUrl\"><img decoding=\"async\" id=\"envira-gallery-image-7217\" class=\"envira-gallery-image envira-gallery-image-4 envira-normal envira-lazy\" data-envira-index=\"4\" src=\"https:\/\/www.fanprojekt-muenster.de\/wordpress\/wp-content\/uploads\/2020\/11\/masken_4-1024x768-640x480.jpeg\" data-envira-src=\"https:\/\/www.fanprojekt-muenster.de\/wordpress\/wp-content\/uploads\/2020\/11\/masken_4-1024x768-640x480.jpeg\" data-envira-gallery-id=\"7221\" data-envira-item-id=\"7217\" data-envira-caption=\"masken_4\" alt=\"\" title=\"masken_4\"  itemprop=\"thumbnailUrl\" data-envira-srcset=\"https:\/\/www.fanprojekt-muenster.de\/wordpress\/wp-content\/uploads\/2020\/11\/masken_4-1024x768-640x480.jpeg 400w,https:\/\/www.fanprojekt-muenster.de\/wordpress\/wp-content\/uploads\/2020\/11\/masken_4-1024x768-640x480.jpeg 2x\" data-envira-width=\"300\" data-envira-height=\"225\" srcset=\"data:image\/gif;base64,R0lGODlhAQABAIAAAP\/\/\/\/\/\/\/yH5BAEKAAEALAAAAAABAAEAAAICTAEAOw==\" data-safe-src=\"data:image\/gif;base64,R0lGODlhAQABAIAAAP\/\/\/\/\/\/\/yH5BAEKAAEALAAAAAABAAEAAAICTAEAOw==\" \/><\/a><\/div><\/div><div id=\"envira-gallery-item-7218\" class=\"envira-gallery-item enviratope-item envira-gallery-item-5 envira-lazy-load\" style=\"padding-left: 5px; padding-bottom: 10px; padding-right: 5px;\"  itemscope itemtype=\"https:\/\/schema.org\/ImageObject\"><div class=\"envira-gallery-item-inner\"><div class=\"envira-gallery-position-overlay  envira-gallery-top-left\"><\/div><div class=\"envira-gallery-position-overlay  envira-gallery-top-right\"><\/div><div class=\"envira-gallery-position-overlay  envira-gallery-bottom-left\"><\/div><div class=\"envira-gallery-position-overlay  envira-gallery-bottom-right\"><\/div><a href=\"https:\/\/www.fanprojekt-muenster.de\/wordpress\/wp-content\/uploads\/2020\/11\/masken_5.jpeg\" class=\"envira-gallery-7221 envira-gallery-link\" rel=\"enviragallery7221\" title=\"masken_5\" data-envira-caption=\"masken_5\" data-envira-retina=\"\" data-thumbnail=\"\"  itemprop=\"contentUrl\"><img decoding=\"async\" id=\"envira-gallery-image-7218\" class=\"envira-gallery-image envira-gallery-image-5 envira-normal envira-lazy\" data-envira-index=\"5\" src=\"https:\/\/www.fanprojekt-muenster.de\/wordpress\/wp-content\/uploads\/2020\/11\/masken_5-768x1024-640x480.jpeg\" data-envira-src=\"https:\/\/www.fanprojekt-muenster.de\/wordpress\/wp-content\/uploads\/2020\/11\/masken_5-768x1024-640x480.jpeg\" data-envira-gallery-id=\"7221\" data-envira-item-id=\"7218\" data-envira-caption=\"masken_5\" alt=\"\" title=\"masken_5\"  itemprop=\"thumbnailUrl\" data-envira-srcset=\"https:\/\/www.fanprojekt-muenster.de\/wordpress\/wp-content\/uploads\/2020\/11\/masken_5-768x1024-640x480.jpeg 400w,https:\/\/www.fanprojekt-muenster.de\/wordpress\/wp-content\/uploads\/2020\/11\/masken_5-768x1024-640x480.jpeg 2x\" data-envira-width=\"225\" data-envira-height=\"300\" srcset=\"data:image\/gif;base64,R0lGODlhAQABAIAAAP\/\/\/\/\/\/\/yH5BAEKAAEALAAAAAABAAEAAAICTAEAOw==\" data-safe-src=\"data:image\/gif;base64,R0lGODlhAQABAIAAAP\/\/\/\/\/\/\/yH5BAEKAAEALAAAAAABAAEAAAICTAEAOw==\" \/><\/a><\/div><\/div><div id=\"envira-gallery-item-7219\" class=\"envira-gallery-item enviratope-item envira-gallery-item-6 envira-lazy-load\" style=\"padding-left: 5px; padding-bottom: 10px; padding-right: 5px;\"  itemscope itemtype=\"https:\/\/schema.org\/ImageObject\"><div class=\"envira-gallery-item-inner\"><div class=\"envira-gallery-position-overlay  envira-gallery-top-left\"><\/div><div class=\"envira-gallery-position-overlay  envira-gallery-top-right\"><\/div><div class=\"envira-gallery-position-overlay  envira-gallery-bottom-left\"><\/div><div class=\"envira-gallery-position-overlay  envira-gallery-bottom-right\"><\/div><a href=\"https:\/\/www.fanprojekt-muenster.de\/wordpress\/wp-content\/uploads\/2020\/11\/masken_6.jpeg\" class=\"envira-gallery-7221 envira-gallery-link\" rel=\"enviragallery7221\" title=\"masken_6\" data-envira-caption=\"masken_6\" data-envira-retina=\"\" data-thumbnail=\"\"  itemprop=\"contentUrl\"><img decoding=\"async\" id=\"envira-gallery-image-7219\" class=\"envira-gallery-image envira-gallery-image-6 envira-normal envira-lazy\" data-envira-index=\"6\" src=\"https:\/\/www.fanprojekt-muenster.de\/wordpress\/wp-content\/uploads\/2020\/11\/masken_6-768x1024-640x480.jpeg\" data-envira-src=\"https:\/\/www.fanprojekt-muenster.de\/wordpress\/wp-content\/uploads\/2020\/11\/masken_6-768x1024-640x480.jpeg\" data-envira-gallery-id=\"7221\" data-envira-item-id=\"7219\" data-envira-caption=\"masken_6\" alt=\"\" title=\"masken_6\"  itemprop=\"thumbnailUrl\" data-envira-srcset=\"https:\/\/www.fanprojekt-muenster.de\/wordpress\/wp-content\/uploads\/2020\/11\/masken_6-768x1024-640x480.jpeg 400w,https:\/\/www.fanprojekt-muenster.de\/wordpress\/wp-content\/uploads\/2020\/11\/masken_6-768x1024-640x480.jpeg 2x\" data-envira-width=\"225\" data-envira-height=\"300\" srcset=\"data:image\/gif;base64,R0lGODlhAQABAIAAAP\/\/\/\/\/\/\/yH5BAEKAAEALAAAAAABAAEAAAICTAEAOw==\" data-safe-src=\"data:image\/gif;base64,R0lGODlhAQABAIAAAP\/\/\/\/\/\/\/yH5BAEKAAEALAAAAAABAAEAAAICTAEAOw==\" \/><\/a><\/div><\/div><div id=\"envira-gallery-item-7220\" class=\"envira-gallery-item enviratope-item envira-gallery-item-7 envira-lazy-load\" style=\"padding-left: 5px; padding-bottom: 10px; padding-right: 5px;\"  itemscope itemtype=\"https:\/\/schema.org\/ImageObject\"><div class=\"envira-gallery-item-inner\"><div class=\"envira-gallery-position-overlay  envira-gallery-top-left\"><\/div><div class=\"envira-gallery-position-overlay  envira-gallery-top-right\"><\/div><div class=\"envira-gallery-position-overlay  envira-gallery-bottom-left\"><\/div><div class=\"envira-gallery-position-overlay  envira-gallery-bottom-right\"><\/div><a href=\"https:\/\/www.fanprojekt-muenster.de\/wordpress\/wp-content\/uploads\/2020\/11\/masken_7.jpeg\" class=\"envira-gallery-7221 envira-gallery-link\" rel=\"enviragallery7221\" title=\"masken_7\" data-envira-caption=\"masken_7\" data-envira-retina=\"\" data-thumbnail=\"\"  itemprop=\"contentUrl\"><img decoding=\"async\" id=\"envira-gallery-image-7220\" class=\"envira-gallery-image envira-gallery-image-7 envira-normal envira-lazy\" data-envira-index=\"7\" src=\"https:\/\/www.fanprojekt-muenster.de\/wordpress\/wp-content\/uploads\/2020\/11\/masken_7-1024x768-640x480.jpeg\" data-envira-src=\"https:\/\/www.fanprojekt-muenster.de\/wordpress\/wp-content\/uploads\/2020\/11\/masken_7-1024x768-640x480.jpeg\" data-envira-gallery-id=\"7221\" data-envira-item-id=\"7220\" data-envira-caption=\"masken_7\" alt=\"\" title=\"masken_7\"  itemprop=\"thumbnailUrl\" data-envira-srcset=\"https:\/\/www.fanprojekt-muenster.de\/wordpress\/wp-content\/uploads\/2020\/11\/masken_7-1024x768-640x480.jpeg 400w,https:\/\/www.fanprojekt-muenster.de\/wordpress\/wp-content\/uploads\/2020\/11\/masken_7-1024x768-640x480.jpeg 2x\" data-envira-width=\"300\" data-envira-height=\"225\" srcset=\"data:image\/gif;base64,R0lGODlhAQABAIAAAP\/\/\/\/\/\/\/yH5BAEKAAEALAAAAAABAAEAAAICTAEAOw==\" data-safe-src=\"data:image\/gif;base64,R0lGODlhAQABAIAAAP\/\/\/\/\/\/\/yH5BAEKAAEALAAAAAABAAEAAAICTAEAOw==\" \/><\/a><\/div><\/div><div id=\"envira-gallery-item-7213\" class=\"envira-gallery-item enviratope-item envira-gallery-item-8 envira-lazy-load\" style=\"padding-left: 5px; padding-bottom: 10px; padding-right: 5px;\"  itemscope itemtype=\"https:\/\/schema.org\/ImageObject\"><div class=\"envira-gallery-item-inner\"><div class=\"envira-gallery-position-overlay  envira-gallery-top-left\"><\/div><div class=\"envira-gallery-position-overlay  envira-gallery-top-right\"><\/div><div class=\"envira-gallery-position-overlay  envira-gallery-bottom-left\"><\/div><div class=\"envira-gallery-position-overlay  envira-gallery-bottom-right\"><\/div><a href=\"https:\/\/www.fanprojekt-muenster.de\/wordpress\/wp-content\/uploads\/2020\/11\/masken_8.png\" class=\"envira-gallery-7221 envira-gallery-link\" rel=\"enviragallery7221\" title=\"masken_8\" data-envira-caption=\"masken_8\" data-envira-retina=\"\" data-thumbnail=\"\"  itemprop=\"contentUrl\"><img decoding=\"async\" id=\"envira-gallery-image-7213\" class=\"envira-gallery-image envira-gallery-image-8 envira-normal envira-lazy\" data-envira-index=\"8\" src=\"https:\/\/www.fanprojekt-muenster.de\/wordpress\/wp-content\/uploads\/2020\/11\/masken_8-1014x1024-640x480.png\" data-envira-src=\"https:\/\/www.fanprojekt-muenster.de\/wordpress\/wp-content\/uploads\/2020\/11\/masken_8-1014x1024-640x480.png\" data-envira-gallery-id=\"7221\" data-envira-item-id=\"7213\" data-envira-caption=\"masken_8\" alt=\"\" title=\"masken_8\"  itemprop=\"thumbnailUrl\" data-envira-srcset=\"https:\/\/www.fanprojekt-muenster.de\/wordpress\/wp-content\/uploads\/2020\/11\/masken_8-1014x1024-640x480.png 400w,https:\/\/www.fanprojekt-muenster.de\/wordpress\/wp-content\/uploads\/2020\/11\/masken_8-1014x1024-640x480.png 2x\" data-envira-width=\"297\" data-envira-height=\"300\" srcset=\"data:image\/gif;base64,R0lGODlhAQABAIAAAP\/\/\/\/\/\/\/yH5BAEKAAEALAAAAAABAAEAAAICTAEAOw==\" data-safe-src=\"data:image\/gif;base64,R0lGODlhAQABAIAAAP\/\/\/\/\/\/\/yH5BAEKAAEALAAAAAABAAEAAAICTAEAOw==\" \/><\/a><\/div><\/div><\/div><\/div><noscript><img decoding=\"async\" src=\"https:\/\/www.fanprojekt-muenster.de\/wordpress\/wp-content\/uploads\/2020\/11\/masken_1.jpeg\" alt=\"\" \/><img decoding=\"async\" src=\"https:\/\/www.fanprojekt-muenster.de\/wordpress\/wp-content\/uploads\/2020\/11\/masken_2.jpeg\" alt=\"\" \/><img decoding=\"async\" src=\"https:\/\/www.fanprojekt-muenster.de\/wordpress\/wp-content\/uploads\/2020\/11\/masken_3.jpeg\" alt=\"\" \/><img decoding=\"async\" src=\"https:\/\/www.fanprojekt-muenster.de\/wordpress\/wp-content\/uploads\/2020\/11\/masken_4.jpeg\" alt=\"\" \/><img decoding=\"async\" src=\"https:\/\/www.fanprojekt-muenster.de\/wordpress\/wp-content\/uploads\/2020\/11\/masken_5.jpeg\" alt=\"\" \/><img decoding=\"async\" src=\"https:\/\/www.fanprojekt-muenster.de\/wordpress\/wp-content\/uploads\/2020\/11\/masken_6.jpeg\" alt=\"\" \/><img decoding=\"async\" src=\"https:\/\/www.fanprojekt-muenster.de\/wordpress\/wp-content\/uploads\/2020\/11\/masken_7.jpeg\" alt=\"\" \/><img decoding=\"async\" src=\"https:\/\/www.fanprojekt-muenster.de\/wordpress\/wp-content\/uploads\/2020\/11\/masken_8.png\" alt=\"\" \/><\/noscript>\n\n\n\n<p><\/p>\n","protected":false},"excerpt":{"rendered":"<p>Hallo Preu\u00dfenfans, die vergangenen Wochen und Monate waren uns und vielen anderen Menschen was das Thema Veranstaltungen angeht die H\u00e4nde gebunden. Da das Organisieren, Planen und Finanzieren von Veranstaltungen in&#8230; <a class=\"read-more-link\" href=\"https:\/\/www.fanprojekt-muenster.de\/wordpress\/fanprojekt-uebergibt-schutzmasken-an-soziala-einrichtungen\/\">Read more &raquo;<\/a><\/p>\n","protected":false},"author":1,"featured_media":7215,"comment_status":"closed","ping_status":"open","sticky":false,"template":"","format":"standard","meta":{"advgb_blocks_editor_width":"","advgb_blocks_columns_visual_guide":"","footnotes":""},"categories":[1],"tags":[],"class_list":["post-7211","post","type-post","status-publish","format-standard","has-post-thumbnail","hentry","category-allgemein"],"featured_image_src":"https:\/\/www.fanprojekt-muenster.de\/wordpress\/wp-content\/uploads\/2020\/11\/masken_2.jpeg","author_info":{"display_name":"DST","author_link":"https:\/\/www.fanprojekt-muenster.de\/wordpress\/author\/dst\/"},"yoast_head":"<!-- This site is optimized with the Yoast SEO plugin v27.2 - https:\/\/yoast.com\/product\/yoast-seo-wordpress\/ -->\n<title>Fanprojekt \u00fcbergibt Schutzmasken an Soziale Einrichtungen - Fangemeinschaft Preu\u00dfen M\u00fcnster e. V.<\/title>\n<meta name=\"robots\" content=\"index, follow, max-snippet:-1, max-image-preview:large, max-video-preview:-1\" \/>\n<link rel=\"canonical\" href=\"https:\/\/www.fanprojekt-muenster.de\/wordpress\/fanprojekt-uebergibt-schutzmasken-an-soziala-einrichtungen\/\" \/>\n<meta property=\"og:locale\" content=\"de_DE\" \/>\n<meta property=\"og:type\" content=\"article\" \/>\n<meta property=\"og:title\" content=\"Fanprojekt \u00fcbergibt Schutzmasken an Soziala Einrichtungen\" \/>\n<meta property=\"og:description\" content=\"Hallo Preu\u00dfenfans, die vergangenen Wochen und Monate waren uns und vielen anderen Menschen was das Thema Veranstaltungen angeht die H\u00e4nde gebunden. Da das Organisieren, Planen und Finanzieren von Veranstaltungen in normalen Zeiten eine unserer Besch\u00e4ftigungen ist, mussten auch wir zuletzt umdenken, um sinnvolle und umsetzbare Dinge auf die Beine zu stellen.\" \/>\n<meta property=\"og:url\" content=\"https:\/\/www.fanprojekt-muenster.de\/wordpress\/fanprojekt-uebergibt-schutzmasken-an-soziala-einrichtungen\/\" \/>\n<meta property=\"og:site_name\" content=\"Fangemeinschaft Preu\u00dfen M\u00fcnster e. V.\" \/>\n<meta property=\"article:published_time\" content=\"2020-11-18T10:43:39+00:00\" \/>\n<meta property=\"article:modified_time\" content=\"2020-12-05T12:01:37+00:00\" \/>\n<meta property=\"og:image\" content=\"https:\/\/www.fanprojekt-muenster.de\/wordpress\/wp-content\/uploads\/2020\/11\/masken_2.jpeg\" \/>\n\t<meta property=\"og:image:width\" content=\"960\" \/>\n\t<meta property=\"og:image:height\" content=\"1280\" \/>\n\t<meta property=\"og:image:type\" content=\"image\/jpeg\" \/>\n<meta name=\"author\" content=\"DST\" \/>\n<meta name=\"twitter:card\" content=\"summary_large_image\" \/>\n<meta name=\"twitter:title\" content=\"Fanprojekt \u00fcbergibt Schutzmasken an Soziala Einrichtungen\" \/>\n<meta name=\"twitter:description\" content=\"Hallo Preu\u00dfenfans, die vergangenen Wochen und Monate waren uns und vielen anderen Menschen was das Thema Veranstaltungen angeht die H\u00e4nde gebunden. Da das Organisieren, Planen und Finanzieren von Veranstaltungen in normalen Zeiten eine unserer Besch\u00e4ftigungen ist, mussten auch wir zuletzt umdenken, um sinnvolle und umsetzbare Dinge auf die Beine zu stellen.\" \/>\n<meta name=\"twitter:image\" content=\"https:\/\/www.fanprojekt-muenster.de\/wordpress\/wp-content\/uploads\/2020\/11\/masken_2.jpeg\" \/>\n<meta name=\"twitter:label1\" content=\"Verfasst von\" \/>\n\t<meta name=\"twitter:data1\" content=\"DST\" \/>\n\t<meta name=\"twitter:label2\" content=\"Gesch\u00e4tzte Lesezeit\" \/>\n\t<meta name=\"twitter:data2\" content=\"1\u00a0Minute\" \/>\n<script type=\"application\/ld+json\" class=\"yoast-schema-graph\">{\"@context\":\"https:\/\/schema.org\",\"@graph\":[{\"@type\":\"Article\",\"@id\":\"https:\/\/www.fanprojekt-muenster.de\/wordpress\/fanprojekt-uebergibt-schutzmasken-an-soziala-einrichtungen\/#article\",\"isPartOf\":{\"@id\":\"https:\/\/www.fanprojekt-muenster.de\/wordpress\/fanprojekt-uebergibt-schutzmasken-an-soziala-einrichtungen\/\"},\"author\":{\"name\":\"DST\",\"@id\":\"https:\/\/www.fanprojekt-muenster.de\/wordpress\/#\/schema\/person\/eed51304a869b4de494727cd2e0c8203\"},\"headline\":\"Fanprojekt \u00fcbergibt Schutzmasken an Soziale Einrichtungen\",\"datePublished\":\"2020-11-18T10:43:39+00:00\",\"dateModified\":\"2020-12-05T12:01:37+00:00\",\"mainEntityOfPage\":{\"@id\":\"https:\/\/www.fanprojekt-muenster.de\/wordpress\/fanprojekt-uebergibt-schutzmasken-an-soziala-einrichtungen\/\"},\"wordCount\":219,\"publisher\":{\"@id\":\"https:\/\/www.fanprojekt-muenster.de\/wordpress\/#organization\"},\"image\":{\"@id\":\"https:\/\/www.fanprojekt-muenster.de\/wordpress\/fanprojekt-uebergibt-schutzmasken-an-soziala-einrichtungen\/#primaryimage\"},\"thumbnailUrl\":\"https:\/\/www.fanprojekt-muenster.de\/wordpress\/wp-content\/uploads\/2020\/11\/masken_2.jpeg\",\"inLanguage\":\"de\"},{\"@type\":\"WebPage\",\"@id\":\"https:\/\/www.fanprojekt-muenster.de\/wordpress\/fanprojekt-uebergibt-schutzmasken-an-soziala-einrichtungen\/\",\"url\":\"https:\/\/www.fanprojekt-muenster.de\/wordpress\/fanprojekt-uebergibt-schutzmasken-an-soziala-einrichtungen\/\",\"name\":\"Fanprojekt \u00fcbergibt Schutzmasken an Soziale Einrichtungen - Fangemeinschaft Preu\u00dfen M\u00fcnster e. V.\",\"isPartOf\":{\"@id\":\"https:\/\/www.fanprojekt-muenster.de\/wordpress\/#website\"},\"primaryImageOfPage\":{\"@id\":\"https:\/\/www.fanprojekt-muenster.de\/wordpress\/fanprojekt-uebergibt-schutzmasken-an-soziala-einrichtungen\/#primaryimage\"},\"image\":{\"@id\":\"https:\/\/www.fanprojekt-muenster.de\/wordpress\/fanprojekt-uebergibt-schutzmasken-an-soziala-einrichtungen\/#primaryimage\"},\"thumbnailUrl\":\"https:\/\/www.fanprojekt-muenster.de\/wordpress\/wp-content\/uploads\/2020\/11\/masken_2.jpeg\",\"datePublished\":\"2020-11-18T10:43:39+00:00\",\"dateModified\":\"2020-12-05T12:01:37+00:00\",\"breadcrumb\":{\"@id\":\"https:\/\/www.fanprojekt-muenster.de\/wordpress\/fanprojekt-uebergibt-schutzmasken-an-soziala-einrichtungen\/#breadcrumb\"},\"inLanguage\":\"de\",\"potentialAction\":[{\"@type\":\"ReadAction\",\"target\":[\"https:\/\/www.fanprojekt-muenster.de\/wordpress\/fanprojekt-uebergibt-schutzmasken-an-soziala-einrichtungen\/\"]}]},{\"@type\":\"ImageObject\",\"inLanguage\":\"de\",\"@id\":\"https:\/\/www.fanprojekt-muenster.de\/wordpress\/fanprojekt-uebergibt-schutzmasken-an-soziala-einrichtungen\/#primaryimage\",\"url\":\"https:\/\/www.fanprojekt-muenster.de\/wordpress\/wp-content\/uploads\/2020\/11\/masken_2.jpeg\",\"contentUrl\":\"https:\/\/www.fanprojekt-muenster.de\/wordpress\/wp-content\/uploads\/2020\/11\/masken_2.jpeg\",\"width\":960,\"height\":1280},{\"@type\":\"BreadcrumbList\",\"@id\":\"https:\/\/www.fanprojekt-muenster.de\/wordpress\/fanprojekt-uebergibt-schutzmasken-an-soziala-einrichtungen\/#breadcrumb\",\"itemListElement\":[{\"@type\":\"ListItem\",\"position\":1,\"name\":\"Startseite\",\"item\":\"https:\/\/www.fanprojekt-muenster.de\/wordpress\/\"},{\"@type\":\"ListItem\",\"position\":2,\"name\":\"Fanprojekt \u00fcbergibt Schutzmasken an Soziale Einrichtungen\"}]},{\"@type\":\"WebSite\",\"@id\":\"https:\/\/www.fanprojekt-muenster.de\/wordpress\/#website\",\"url\":\"https:\/\/www.fanprojekt-muenster.de\/wordpress\/\",\"name\":\"Fangemeinschaft Preu\u00dfen M\u00fcnster e. V.\",\"description\":\"\",\"publisher\":{\"@id\":\"https:\/\/www.fanprojekt-muenster.de\/wordpress\/#organization\"},\"potentialAction\":[{\"@type\":\"SearchAction\",\"target\":{\"@type\":\"EntryPoint\",\"urlTemplate\":\"https:\/\/www.fanprojekt-muenster.de\/wordpress\/?s={search_term_string}\"},\"query-input\":{\"@type\":\"PropertyValueSpecification\",\"valueRequired\":true,\"valueName\":\"search_term_string\"}}],\"inLanguage\":\"de\"},{\"@type\":\"Organization\",\"@id\":\"https:\/\/www.fanprojekt-muenster.de\/wordpress\/#organization\",\"name\":\"Fangemeinschaft Preu\u00dfen M\u00fcnster e. V.\",\"url\":\"https:\/\/www.fanprojekt-muenster.de\/wordpress\/\",\"logo\":{\"@type\":\"ImageObject\",\"inLanguage\":\"de\",\"@id\":\"https:\/\/www.fanprojekt-muenster.de\/wordpress\/#\/schema\/logo\/image\/\",\"url\":\"https:\/\/www.fanprojekt-muenster.de\/wordpress\/wp-content\/uploads\/2019\/07\/cropped-Website_Logo3-9.png\",\"contentUrl\":\"https:\/\/www.fanprojekt-muenster.de\/wordpress\/wp-content\/uploads\/2019\/07\/cropped-Website_Logo3-9.png\",\"width\":224,\"height\":42,\"caption\":\"Fangemeinschaft Preu\u00dfen M\u00fcnster e. V.\"},\"image\":{\"@id\":\"https:\/\/www.fanprojekt-muenster.de\/wordpress\/#\/schema\/logo\/image\/\"}},{\"@type\":\"Person\",\"@id\":\"https:\/\/www.fanprojekt-muenster.de\/wordpress\/#\/schema\/person\/eed51304a869b4de494727cd2e0c8203\",\"name\":\"DST\",\"url\":\"https:\/\/www.fanprojekt-muenster.de\/wordpress\/author\/dst\/\"}]}<\/script>\n<!-- \/ Yoast SEO plugin. -->","yoast_head_json":{"title":"Fanprojekt \u00fcbergibt Schutzmasken an Soziale Einrichtungen - Fangemeinschaft Preu\u00dfen M\u00fcnster e. V.","robots":{"index":"index","follow":"follow","max-snippet":"max-snippet:-1","max-image-preview":"max-image-preview:large","max-video-preview":"max-video-preview:-1"},"canonical":"https:\/\/www.fanprojekt-muenster.de\/wordpress\/fanprojekt-uebergibt-schutzmasken-an-soziala-einrichtungen\/","og_locale":"de_DE","og_type":"article","og_title":"Fanprojekt \u00fcbergibt Schutzmasken an Soziala Einrichtungen","og_description":"Hallo Preu\u00dfenfans, die vergangenen Wochen und Monate waren uns und vielen anderen Menschen was das Thema Veranstaltungen angeht die H\u00e4nde gebunden. Da das Organisieren, Planen und Finanzieren von Veranstaltungen in normalen Zeiten eine unserer Besch\u00e4ftigungen ist, mussten auch wir zuletzt umdenken, um sinnvolle und umsetzbare Dinge auf die Beine zu stellen.","og_url":"https:\/\/www.fanprojekt-muenster.de\/wordpress\/fanprojekt-uebergibt-schutzmasken-an-soziala-einrichtungen\/","og_site_name":"Fangemeinschaft Preu\u00dfen M\u00fcnster e. V.","article_published_time":"2020-11-18T10:43:39+00:00","article_modified_time":"2020-12-05T12:01:37+00:00","og_image":[{"width":960,"height":1280,"url":"https:\/\/www.fanprojekt-muenster.de\/wordpress\/wp-content\/uploads\/2020\/11\/masken_2.jpeg","type":"image\/jpeg"}],"author":"DST","twitter_card":"summary_large_image","twitter_title":"Fanprojekt \u00fcbergibt Schutzmasken an Soziala Einrichtungen","twitter_description":"Hallo Preu\u00dfenfans, die vergangenen Wochen und Monate waren uns und vielen anderen Menschen was das Thema Veranstaltungen angeht die H\u00e4nde gebunden. Da das Organisieren, Planen und Finanzieren von Veranstaltungen in normalen Zeiten eine unserer Besch\u00e4ftigungen ist, mussten auch wir zuletzt umdenken, um sinnvolle und umsetzbare Dinge auf die Beine zu stellen.","twitter_image":"https:\/\/www.fanprojekt-muenster.de\/wordpress\/wp-content\/uploads\/2020\/11\/masken_2.jpeg","twitter_misc":{"Verfasst von":"DST","Gesch\u00e4tzte Lesezeit":"1\u00a0Minute"},"schema":{"@context":"https:\/\/schema.org","@graph":[{"@type":"Article","@id":"https:\/\/www.fanprojekt-muenster.de\/wordpress\/fanprojekt-uebergibt-schutzmasken-an-soziala-einrichtungen\/#article","isPartOf":{"@id":"https:\/\/www.fanprojekt-muenster.de\/wordpress\/fanprojekt-uebergibt-schutzmasken-an-soziala-einrichtungen\/"},"author":{"name":"DST","@id":"https:\/\/www.fanprojekt-muenster.de\/wordpress\/#\/schema\/person\/eed51304a869b4de494727cd2e0c8203"},"headline":"Fanprojekt \u00fcbergibt Schutzmasken an Soziale Einrichtungen","datePublished":"2020-11-18T10:43:39+00:00","dateModified":"2020-12-05T12:01:37+00:00","mainEntityOfPage":{"@id":"https:\/\/www.fanprojekt-muenster.de\/wordpress\/fanprojekt-uebergibt-schutzmasken-an-soziala-einrichtungen\/"},"wordCount":219,"publisher":{"@id":"https:\/\/www.fanprojekt-muenster.de\/wordpress\/#organization"},"image":{"@id":"https:\/\/www.fanprojekt-muenster.de\/wordpress\/fanprojekt-uebergibt-schutzmasken-an-soziala-einrichtungen\/#primaryimage"},"thumbnailUrl":"https:\/\/www.fanprojekt-muenster.de\/wordpress\/wp-content\/uploads\/2020\/11\/masken_2.jpeg","inLanguage":"de"},{"@type":"WebPage","@id":"https:\/\/www.fanprojekt-muenster.de\/wordpress\/fanprojekt-uebergibt-schutzmasken-an-soziala-einrichtungen\/","url":"https:\/\/www.fanprojekt-muenster.de\/wordpress\/fanprojekt-uebergibt-schutzmasken-an-soziala-einrichtungen\/","name":"Fanprojekt \u00fcbergibt Schutzmasken an Soziale Einrichtungen - Fangemeinschaft Preu\u00dfen M\u00fcnster e. V.","isPartOf":{"@id":"https:\/\/www.fanprojekt-muenster.de\/wordpress\/#website"},"primaryImageOfPage":{"@id":"https:\/\/www.fanprojekt-muenster.de\/wordpress\/fanprojekt-uebergibt-schutzmasken-an-soziala-einrichtungen\/#primaryimage"},"image":{"@id":"https:\/\/www.fanprojekt-muenster.de\/wordpress\/fanprojekt-uebergibt-schutzmasken-an-soziala-einrichtungen\/#primaryimage"},"thumbnailUrl":"https:\/\/www.fanprojekt-muenster.de\/wordpress\/wp-content\/uploads\/2020\/11\/masken_2.jpeg","datePublished":"2020-11-18T10:43:39+00:00","dateModified":"2020-12-05T12:01:37+00:00","breadcrumb":{"@id":"https:\/\/www.fanprojekt-muenster.de\/wordpress\/fanprojekt-uebergibt-schutzmasken-an-soziala-einrichtungen\/#breadcrumb"},"inLanguage":"de","potentialAction":[{"@type":"ReadAction","target":["https:\/\/www.fanprojekt-muenster.de\/wordpress\/fanprojekt-uebergibt-schutzmasken-an-soziala-einrichtungen\/"]}]},{"@type":"ImageObject","inLanguage":"de","@id":"https:\/\/www.fanprojekt-muenster.de\/wordpress\/fanprojekt-uebergibt-schutzmasken-an-soziala-einrichtungen\/#primaryimage","url":"https:\/\/www.fanprojekt-muenster.de\/wordpress\/wp-content\/uploads\/2020\/11\/masken_2.jpeg","contentUrl":"https:\/\/www.fanprojekt-muenster.de\/wordpress\/wp-content\/uploads\/2020\/11\/masken_2.jpeg","width":960,"height":1280},{"@type":"BreadcrumbList","@id":"https:\/\/www.fanprojekt-muenster.de\/wordpress\/fanprojekt-uebergibt-schutzmasken-an-soziala-einrichtungen\/#breadcrumb","itemListElement":[{"@type":"ListItem","position":1,"name":"Startseite","item":"https:\/\/www.fanprojekt-muenster.de\/wordpress\/"},{"@type":"ListItem","position":2,"name":"Fanprojekt \u00fcbergibt Schutzmasken an Soziale Einrichtungen"}]},{"@type":"WebSite","@id":"https:\/\/www.fanprojekt-muenster.de\/wordpress\/#website","url":"https:\/\/www.fanprojekt-muenster.de\/wordpress\/","name":"Fangemeinschaft Preu\u00dfen M\u00fcnster e. V.","description":"","publisher":{"@id":"https:\/\/www.fanprojekt-muenster.de\/wordpress\/#organization"},"potentialAction":[{"@type":"SearchAction","target":{"@type":"EntryPoint","urlTemplate":"https:\/\/www.fanprojekt-muenster.de\/wordpress\/?s={search_term_string}"},"query-input":{"@type":"PropertyValueSpecification","valueRequired":true,"valueName":"search_term_string"}}],"inLanguage":"de"},{"@type":"Organization","@id":"https:\/\/www.fanprojekt-muenster.de\/wordpress\/#organization","name":"Fangemeinschaft Preu\u00dfen M\u00fcnster e. V.","url":"https:\/\/www.fanprojekt-muenster.de\/wordpress\/","logo":{"@type":"ImageObject","inLanguage":"de","@id":"https:\/\/www.fanprojekt-muenster.de\/wordpress\/#\/schema\/logo\/image\/","url":"https:\/\/www.fanprojekt-muenster.de\/wordpress\/wp-content\/uploads\/2019\/07\/cropped-Website_Logo3-9.png","contentUrl":"https:\/\/www.fanprojekt-muenster.de\/wordpress\/wp-content\/uploads\/2019\/07\/cropped-Website_Logo3-9.png","width":224,"height":42,"caption":"Fangemeinschaft Preu\u00dfen M\u00fcnster e. V."},"image":{"@id":"https:\/\/www.fanprojekt-muenster.de\/wordpress\/#\/schema\/logo\/image\/"}},{"@type":"Person","@id":"https:\/\/www.fanprojekt-muenster.de\/wordpress\/#\/schema\/person\/eed51304a869b4de494727cd2e0c8203","name":"DST","url":"https:\/\/www.fanprojekt-muenster.de\/wordpress\/author\/dst\/"}]}},"author_meta":{"display_name":"DST","author_link":"https:\/\/www.fanprojekt-muenster.de\/wordpress\/author\/dst\/"},"featured_img":"https:\/\/www.fanprojekt-muenster.de\/wordpress\/wp-content\/uploads\/2020\/11\/masken_2-225x300.jpeg","coauthors":[],"tax_additional":{"categories":{"linked":["<a href=\"https:\/\/www.fanprojekt-muenster.de\/wordpress\/category\/allgemein\/\" class=\"advgb-post-tax-term\">Allgemein<\/a>"],"unlinked":["<span class=\"advgb-post-tax-term\">Allgemein<\/span>"]}},"comment_count":"0","relative_dates":{"created":"Posted 5\u00a0Jahren ago","modified":"Updated 5\u00a0Jahren ago"},"absolute_dates":{"created":"Posted on 18. November 2020","modified":"Updated on 5. Dezember 2020"},"absolute_dates_time":{"created":"Posted on 18. November 2020 11:43","modified":"Updated on 5. Dezember 2020 13:01"},"featured_img_caption":"","series_order":"","_links":{"self":[{"href":"https:\/\/www.fanprojekt-muenster.de\/wordpress\/wp-json\/wp\/v2\/posts\/7211","targetHints":{"allow":["GET"]}}],"collection":[{"href":"https:\/\/www.fanprojekt-muenster.de\/wordpress\/wp-json\/wp\/v2\/posts"}],"about":[{"href":"https:\/\/www.fanprojekt-muenster.de\/wordpress\/wp-json\/wp\/v2\/types\/post"}],"author":[{"embeddable":true,"href":"https:\/\/www.fanprojekt-muenster.de\/wordpress\/wp-json\/wp\/v2\/users\/1"}],"replies":[{"embeddable":true,"href":"https:\/\/www.fanprojekt-muenster.de\/wordpress\/wp-json\/wp\/v2\/comments?post=7211"}],"version-history":[{"count":5,"href":"https:\/\/www.fanprojekt-muenster.de\/wordpress\/wp-json\/wp\/v2\/posts\/7211\/revisions"}],"predecessor-version":[{"id":8288,"href":"https:\/\/www.fanprojekt-muenster.de\/wordpress\/wp-json\/wp\/v2\/posts\/7211\/revisions\/8288"}],"wp:featuredmedia":[{"embeddable":true,"href":"https:\/\/www.fanprojekt-muenster.de\/wordpress\/wp-json\/wp\/v2\/media\/7215"}],"wp:attachment":[{"href":"https:\/\/www.fanprojekt-muenster.de\/wordpress\/wp-json\/wp\/v2\/media?parent=7211"}],"wp:term":[{"taxonomy":"category","embeddable":true,"href":"https:\/\/www.fanprojekt-muenster.de\/wordpress\/wp-json\/wp\/v2\/categories?post=7211"},{"taxonomy":"post_tag","embeddable":true,"href":"https:\/\/www.fanprojekt-muenster.de\/wordpress\/wp-json\/wp\/v2\/tags?post=7211"}],"curies":[{"name":"wp","href":"https:\/\/api.w.org\/{rel}","templated":true}]}}