{"id":7191,"date":"2020-08-16T20:25:58","date_gmt":"2020-08-16T18:25:58","guid":{"rendered":"https:\/\/www.fanprojekt-muenster.de\/wordpress\/?p=7191"},"modified":"2020-08-16T20:26:00","modified_gmt":"2020-08-16T18:26:00","slug":"in-eigener-sache-vorstand-jhv-und-jahresbeitrag","status":"publish","type":"post","link":"https:\/\/www.fanprojekt-muenster.de\/wordpress\/in-eigener-sache-vorstand-jhv-und-jahresbeitrag\/","title":{"rendered":"In eigener Sache: Vorstand, JHV und Jahresbeitrag"},"content":{"rendered":"\n<p>Liebe Mitglieder, Mitgliederinnen,<\/p>\n\n\n\n<p>da<s>s<\/s> Corona Virus (SARS-CoV-2) hat unseren Alltag seit einigen Monaten fest im Griff und dies wird wohl auch noch eine Weile so bleiben. Der Vorstand des Fanprojektes Preu\u00dfen M\u00fcnster e.V. hat daher w\u00e4hrend seiner letzten Sitzung \u2013 jeweils einstimmig &#8211; folgende Beschl\u00fcsse getroffen:<\/p>\n\n\n\n<p><strong>1. JHV<\/strong><\/p>\n\n\n\n<p>Die Jahreshauptversammlung 2019\/20 wird nicht wie in der Satzung gefordert binnen der ersten vier Monate des folgenden Gesch\u00e4ftsjahres (d.h. zwischen Juli und Oktober 2020) stattfinden, sondern zun\u00e4chst auf das erste Quartal des n\u00e4chsten Kalenderjahres verschoben. Anfang 2021 werden wir als Vorstand dann die Lage neu bewerten und ggf. eine neue Entscheidung treffen oder einen Termin bekannt geben.<\/p>\n\n\n\n<p>Bei mehr als 500 Mitgliedern im Fanprojekt, die zur Teilnahme an der JHV berechtigt w\u00e4ren, ist die Anzahl der derzeit erlaubten Teilnehmer einer Versammlung gem. <a href=\"https:\/\/www.land.nrw\/corona\">https:\/\/www.land.nrw\/corona<\/a> deutlich \u00fcberschritten.<\/p>\n\n\n\n<p>Die mittlerweile m\u00f6glichen Alternativen (siehe: \u00a75 des Bundesgesetzblatt Jahrgang 2020 Teil I Nr. 14) stellen f\u00fcr uns als Vorstand einen unverh\u00e4ltnism\u00e4\u00dfigen Aufwand dar. Nat\u00fcrlich m\u00f6chten wir euer satzungsm\u00e4\u00dfiges Recht auf eine Mitgliederversammlung wahren und werden es auch tun. Aber uns ist es viel wichtiger, euch jetzt zu sch\u00fctzen!<\/p>\n\n\n\n<p><strong>2. Mitgliedsbeitr\u00e4ge 2020\/2021<\/strong><\/p>\n\n\n\n<p>\u00c4hnliches gilt f\u00fcr den Mitgliedsbeitrag des Gesch\u00e4ftsjahres 2020\/2021. Dessen f\u00e4lliger Einzug wird ebenso wie die JHV zun\u00e4chst ausgesetzt und Anfang 2021 bzw. auf einer m\u00f6glichen JHV endg\u00fcltig dar\u00fcber entschieden.<\/p>\n\n\n\n<p>Niemand wei\u00df, wann wieder Fu\u00dfballspiele mit Zuschauern stattfinden d\u00fcrfen oder wir als Fanprojekt wieder einen Weihnachtsmarkt, organisierte Ausw\u00e4rtsfahrten o.\u00e4. durchf\u00fchren d\u00fcrfen, zu deren\u00a0 (Vor-)Finanzierung die Mitgliedsbeitr\u00e4ge haupts\u00e4chlich verwendet werden. Die laufenden Kosten sind durch R\u00fccklagen gedeckt und der Fortbestand des Fanprojekt Preu\u00dfen M\u00fcnster e.V. somit gesichert. Dar\u00fcber hinaus gibt es Mitglieder, die durch die Auswirkungen der Pandemie auch finanziell betroffen sind und diese m\u00f6chten wir keinesfalls zus\u00e4tzlich belasten.<br><br>Folglich behalten die Ausweise der Saison 2019\/2020 f\u00fcr 2020\/2021 ihre G\u00fcltigkeit.<br><br>Dieser Vorstandsbeschluss soll auch eine Antwort auf entsprechende Fragen von Mitgliedern sein.<\/p>\n\n\n\n<p><strong>3<\/strong>.<strong>Verst\u00e4rkung im Vorstand<\/strong><\/p>\n\n\n\n<p>Bereits kurz nach der letzten Jahreshauptversammlung wurde der mehrheitliche Antrag der Mitglieder befolgt und Ralf Obermeyer als \u201aBeisitzer Gesch\u00e4ftsstelle\u2018 einstimmig in den Vorstand des Fanprojekt Preu\u00dfen M\u00fcnster e.V. berufen.<\/p>\n\n\n\n<p>Gegen Ende des Gesch\u00e4ftsjahres 2019\/20 bekundeten dann sowohl Kerstin Averesch als auch Lars Dankbar ihr jeweiliges Interesse an der Mitarbeit im Vorstand. Daraufhin wurden beide gem\u00e4\u00df Satzung als \u201aBeisitzerin \u00d6ffentlichkeitsarbeit\u2018 bzw. \u201aBeisitzer Veranstaltungen\u2018 einstimmig in den Vorstand aufgenommen.<\/p>\n\n\n\n<p>Alle drei Kandidaten werden sich nat\u00fcrlich auf der n\u00e4chsten Jahreshauptversammlung dem Votum der Mitglieder stellen. Wir freuen uns, dass der Vorstand wieder komplett ist!<\/p>\n\n\n\n<p>Wir alle wissen nicht, wie sich die Corona-Lage weiterentwickeln wird, aber wir wissen, dass wir sie zusammen meistern werden!<\/p>\n\n\n\n<p>Nat\u00fcrlich stehen wir euch auch weiterhin bei Fragen und Anregungen jederzeit per Mail zur Verf\u00fcgung!<\/p>\n\n\n\n<p>Euer Vorstand des Fanprojekt Preu\u00dfen M\u00fcnster e.V.<\/p>\n","protected":false},"excerpt":{"rendered":"<p>Liebe Mitglieder, Mitgliederinnen, das Corona Virus (SARS-CoV-2) hat unseren Alltag seit einigen Monaten fest im Griff und dies wird wohl auch noch eine Weile so bleiben. Der Vorstand des Fanprojektes&#8230; <a class=\"read-more-link\" href=\"https:\/\/www.fanprojekt-muenster.de\/wordpress\/in-eigener-sache-vorstand-jhv-und-jahresbeitrag\/\">Read more &raquo;<\/a><\/p>\n","protected":false},"author":1,"featured_media":6864,"comment_status":"closed","ping_status":"open","sticky":false,"template":"","format":"standard","meta":{"advgb_blocks_editor_width":"","advgb_blocks_columns_visual_guide":"","footnotes":""},"categories":[1],"tags":[],"class_list":["post-7191","post","type-post","status-publish","format-standard","has-post-thumbnail","hentry","category-allgemein"],"featured_image_src":"https:\/\/www.fanprojekt-muenster.de\/wordpress\/wp-content\/uploads\/2019\/05\/Logo_FP-400x300.jpg","author_info":{"display_name":"DST","author_link":"https:\/\/www.fanprojekt-muenster.de\/wordpress\/author\/dst\/"},"yoast_head":"<!-- This site is optimized with the Yoast SEO plugin v27.2 - https:\/\/yoast.com\/product\/yoast-seo-wordpress\/ -->\n<title>In eigener Sache: Vorstand, JHV und Jahresbeitrag - Fangemeinschaft Preu\u00dfen M\u00fcnster e. V.<\/title>\n<meta name=\"robots\" content=\"index, follow, max-snippet:-1, max-image-preview:large, max-video-preview:-1\" \/>\n<link rel=\"canonical\" href=\"https:\/\/www.fanprojekt-muenster.de\/wordpress\/in-eigener-sache-vorstand-jhv-und-jahresbeitrag\/\" \/>\n<meta property=\"og:locale\" content=\"de_DE\" \/>\n<meta property=\"og:type\" content=\"article\" \/>\n<meta property=\"og:title\" content=\"In eigener Sache: Vorstand, JHV und Jahresbeitrag\" \/>\n<meta property=\"og:description\" content=\"Liebe Mitglieder, Mitgliederinnen, das Corona Virus (SARS-CoV-2) hat unseren Alltag seit einigen Monaten fest im Griff und dies wird wohl auch noch eine Weile so bleiben. Der Vorstand des Fanprojektes Preu\u00dfen M\u00fcnster e.V. hat daher w\u00e4hrend seiner letzten Sitzung \u2013 jeweils einstimmig - folgende Beschl\u00fcsse getroffen...\" \/>\n<meta property=\"og:url\" content=\"https:\/\/www.fanprojekt-muenster.de\/wordpress\/in-eigener-sache-vorstand-jhv-und-jahresbeitrag\/\" \/>\n<meta property=\"og:site_name\" content=\"Fangemeinschaft Preu\u00dfen M\u00fcnster e. V.\" \/>\n<meta property=\"article:published_time\" content=\"2020-08-16T18:25:58+00:00\" \/>\n<meta property=\"article:modified_time\" content=\"2020-08-16T18:26:00+00:00\" \/>\n<meta property=\"og:image\" content=\"https:\/\/www.fanprojekt-muenster.de\/wordpress\/wp-content\/uploads\/2019\/05\/Logo_FP-400x300.jpg\" \/>\n\t<meta property=\"og:image:width\" content=\"400\" \/>\n\t<meta property=\"og:image:height\" content=\"300\" \/>\n\t<meta property=\"og:image:type\" content=\"image\/jpeg\" \/>\n<meta name=\"author\" content=\"DST\" \/>\n<meta name=\"twitter:card\" content=\"summary_large_image\" \/>\n<meta name=\"twitter:title\" content=\"In eigener Sache: Vorstand, JHV und Jahresbeitrag\" \/>\n<meta name=\"twitter:description\" content=\"Liebe Mitglieder, Mitgliederinnen, das Corona Virus (SARS-CoV-2) hat unseren Alltag seit einigen Monaten fest im Griff und dies wird wohl auch noch eine Weile so bleiben. Der Vorstand des Fanprojektes Preu\u00dfen M\u00fcnster e.V. hat daher w\u00e4hrend seiner letzten Sitzung \u2013 jeweils einstimmig - folgende Beschl\u00fcsse getroffen...\" \/>\n<meta name=\"twitter:image\" content=\"https:\/\/www.fanprojekt-muenster.de\/wordpress\/wp-content\/uploads\/2019\/05\/Logo_FP-400x300.jpg\" \/>\n<meta name=\"twitter:label1\" content=\"Verfasst von\" \/>\n\t<meta name=\"twitter:data1\" content=\"DST\" \/>\n\t<meta name=\"twitter:label2\" content=\"Gesch\u00e4tzte Lesezeit\" \/>\n\t<meta name=\"twitter:data2\" content=\"2\u00a0Minuten\" \/>\n<script type=\"application\/ld+json\" class=\"yoast-schema-graph\">{\"@context\":\"https:\/\/schema.org\",\"@graph\":[{\"@type\":\"Article\",\"@id\":\"https:\/\/www.fanprojekt-muenster.de\/wordpress\/in-eigener-sache-vorstand-jhv-und-jahresbeitrag\/#article\",\"isPartOf\":{\"@id\":\"https:\/\/www.fanprojekt-muenster.de\/wordpress\/in-eigener-sache-vorstand-jhv-und-jahresbeitrag\/\"},\"author\":{\"name\":\"DST\",\"@id\":\"https:\/\/www.fanprojekt-muenster.de\/wordpress\/#\/schema\/person\/eed51304a869b4de494727cd2e0c8203\"},\"headline\":\"In eigener Sache: Vorstand, JHV und Jahresbeitrag\",\"datePublished\":\"2020-08-16T18:25:58+00:00\",\"dateModified\":\"2020-08-16T18:26:00+00:00\",\"mainEntityOfPage\":{\"@id\":\"https:\/\/www.fanprojekt-muenster.de\/wordpress\/in-eigener-sache-vorstand-jhv-und-jahresbeitrag\/\"},\"wordCount\":490,\"publisher\":{\"@id\":\"https:\/\/www.fanprojekt-muenster.de\/wordpress\/#organization\"},\"image\":{\"@id\":\"https:\/\/www.fanprojekt-muenster.de\/wordpress\/in-eigener-sache-vorstand-jhv-und-jahresbeitrag\/#primaryimage\"},\"thumbnailUrl\":\"https:\/\/www.fanprojekt-muenster.de\/wordpress\/wp-content\/uploads\/2019\/05\/Logo_FP-400x300.jpg\",\"inLanguage\":\"de\"},{\"@type\":\"WebPage\",\"@id\":\"https:\/\/www.fanprojekt-muenster.de\/wordpress\/in-eigener-sache-vorstand-jhv-und-jahresbeitrag\/\",\"url\":\"https:\/\/www.fanprojekt-muenster.de\/wordpress\/in-eigener-sache-vorstand-jhv-und-jahresbeitrag\/\",\"name\":\"In eigener Sache: Vorstand, JHV und Jahresbeitrag - Fangemeinschaft Preu\u00dfen M\u00fcnster e. V.\",\"isPartOf\":{\"@id\":\"https:\/\/www.fanprojekt-muenster.de\/wordpress\/#website\"},\"primaryImageOfPage\":{\"@id\":\"https:\/\/www.fanprojekt-muenster.de\/wordpress\/in-eigener-sache-vorstand-jhv-und-jahresbeitrag\/#primaryimage\"},\"image\":{\"@id\":\"https:\/\/www.fanprojekt-muenster.de\/wordpress\/in-eigener-sache-vorstand-jhv-und-jahresbeitrag\/#primaryimage\"},\"thumbnailUrl\":\"https:\/\/www.fanprojekt-muenster.de\/wordpress\/wp-content\/uploads\/2019\/05\/Logo_FP-400x300.jpg\",\"datePublished\":\"2020-08-16T18:25:58+00:00\",\"dateModified\":\"2020-08-16T18:26:00+00:00\",\"breadcrumb\":{\"@id\":\"https:\/\/www.fanprojekt-muenster.de\/wordpress\/in-eigener-sache-vorstand-jhv-und-jahresbeitrag\/#breadcrumb\"},\"inLanguage\":\"de\",\"potentialAction\":[{\"@type\":\"ReadAction\",\"target\":[\"https:\/\/www.fanprojekt-muenster.de\/wordpress\/in-eigener-sache-vorstand-jhv-und-jahresbeitrag\/\"]}]},{\"@type\":\"ImageObject\",\"inLanguage\":\"de\",\"@id\":\"https:\/\/www.fanprojekt-muenster.de\/wordpress\/in-eigener-sache-vorstand-jhv-und-jahresbeitrag\/#primaryimage\",\"url\":\"https:\/\/www.fanprojekt-muenster.de\/wordpress\/wp-content\/uploads\/2019\/05\/Logo_FP-400x300.jpg\",\"contentUrl\":\"https:\/\/www.fanprojekt-muenster.de\/wordpress\/wp-content\/uploads\/2019\/05\/Logo_FP-400x300.jpg\",\"width\":400,\"height\":300},{\"@type\":\"BreadcrumbList\",\"@id\":\"https:\/\/www.fanprojekt-muenster.de\/wordpress\/in-eigener-sache-vorstand-jhv-und-jahresbeitrag\/#breadcrumb\",\"itemListElement\":[{\"@type\":\"ListItem\",\"position\":1,\"name\":\"Startseite\",\"item\":\"https:\/\/www.fanprojekt-muenster.de\/wordpress\/\"},{\"@type\":\"ListItem\",\"position\":2,\"name\":\"In eigener Sache: Vorstand, JHV und Jahresbeitrag\"}]},{\"@type\":\"WebSite\",\"@id\":\"https:\/\/www.fanprojekt-muenster.de\/wordpress\/#website\",\"url\":\"https:\/\/www.fanprojekt-muenster.de\/wordpress\/\",\"name\":\"Fangemeinschaft Preu\u00dfen M\u00fcnster e. V.\",\"description\":\"\",\"publisher\":{\"@id\":\"https:\/\/www.fanprojekt-muenster.de\/wordpress\/#organization\"},\"potentialAction\":[{\"@type\":\"SearchAction\",\"target\":{\"@type\":\"EntryPoint\",\"urlTemplate\":\"https:\/\/www.fanprojekt-muenster.de\/wordpress\/?s={search_term_string}\"},\"query-input\":{\"@type\":\"PropertyValueSpecification\",\"valueRequired\":true,\"valueName\":\"search_term_string\"}}],\"inLanguage\":\"de\"},{\"@type\":\"Organization\",\"@id\":\"https:\/\/www.fanprojekt-muenster.de\/wordpress\/#organization\",\"name\":\"Fangemeinschaft Preu\u00dfen M\u00fcnster e. V.\",\"url\":\"https:\/\/www.fanprojekt-muenster.de\/wordpress\/\",\"logo\":{\"@type\":\"ImageObject\",\"inLanguage\":\"de\",\"@id\":\"https:\/\/www.fanprojekt-muenster.de\/wordpress\/#\/schema\/logo\/image\/\",\"url\":\"https:\/\/www.fanprojekt-muenster.de\/wordpress\/wp-content\/uploads\/2019\/07\/cropped-Website_Logo3-9.png\",\"contentUrl\":\"https:\/\/www.fanprojekt-muenster.de\/wordpress\/wp-content\/uploads\/2019\/07\/cropped-Website_Logo3-9.png\",\"width\":224,\"height\":42,\"caption\":\"Fangemeinschaft Preu\u00dfen M\u00fcnster e. V.\"},\"image\":{\"@id\":\"https:\/\/www.fanprojekt-muenster.de\/wordpress\/#\/schema\/logo\/image\/\"}},{\"@type\":\"Person\",\"@id\":\"https:\/\/www.fanprojekt-muenster.de\/wordpress\/#\/schema\/person\/eed51304a869b4de494727cd2e0c8203\",\"name\":\"DST\",\"url\":\"https:\/\/www.fanprojekt-muenster.de\/wordpress\/author\/dst\/\"}]}<\/script>\n<!-- \/ Yoast SEO plugin. -->","yoast_head_json":{"title":"In eigener Sache: Vorstand, JHV und Jahresbeitrag - Fangemeinschaft Preu\u00dfen M\u00fcnster e. V.","robots":{"index":"index","follow":"follow","max-snippet":"max-snippet:-1","max-image-preview":"max-image-preview:large","max-video-preview":"max-video-preview:-1"},"canonical":"https:\/\/www.fanprojekt-muenster.de\/wordpress\/in-eigener-sache-vorstand-jhv-und-jahresbeitrag\/","og_locale":"de_DE","og_type":"article","og_title":"In eigener Sache: Vorstand, JHV und Jahresbeitrag","og_description":"Liebe Mitglieder, Mitgliederinnen, das Corona Virus (SARS-CoV-2) hat unseren Alltag seit einigen Monaten fest im Griff und dies wird wohl auch noch eine Weile so bleiben. Der Vorstand des Fanprojektes Preu\u00dfen M\u00fcnster e.V. hat daher w\u00e4hrend seiner letzten Sitzung \u2013 jeweils einstimmig - folgende Beschl\u00fcsse getroffen...","og_url":"https:\/\/www.fanprojekt-muenster.de\/wordpress\/in-eigener-sache-vorstand-jhv-und-jahresbeitrag\/","og_site_name":"Fangemeinschaft Preu\u00dfen M\u00fcnster e. V.","article_published_time":"2020-08-16T18:25:58+00:00","article_modified_time":"2020-08-16T18:26:00+00:00","og_image":[{"width":400,"height":300,"url":"https:\/\/www.fanprojekt-muenster.de\/wordpress\/wp-content\/uploads\/2019\/05\/Logo_FP-400x300.jpg","type":"image\/jpeg"}],"author":"DST","twitter_card":"summary_large_image","twitter_title":"In eigener Sache: Vorstand, JHV und Jahresbeitrag","twitter_description":"Liebe Mitglieder, Mitgliederinnen, das Corona Virus (SARS-CoV-2) hat unseren Alltag seit einigen Monaten fest im Griff und dies wird wohl auch noch eine Weile so bleiben. Der Vorstand des Fanprojektes Preu\u00dfen M\u00fcnster e.V. hat daher w\u00e4hrend seiner letzten Sitzung \u2013 jeweils einstimmig - folgende Beschl\u00fcsse getroffen...","twitter_image":"https:\/\/www.fanprojekt-muenster.de\/wordpress\/wp-content\/uploads\/2019\/05\/Logo_FP-400x300.jpg","twitter_misc":{"Verfasst von":"DST","Gesch\u00e4tzte Lesezeit":"2\u00a0Minuten"},"schema":{"@context":"https:\/\/schema.org","@graph":[{"@type":"Article","@id":"https:\/\/www.fanprojekt-muenster.de\/wordpress\/in-eigener-sache-vorstand-jhv-und-jahresbeitrag\/#article","isPartOf":{"@id":"https:\/\/www.fanprojekt-muenster.de\/wordpress\/in-eigener-sache-vorstand-jhv-und-jahresbeitrag\/"},"author":{"name":"DST","@id":"https:\/\/www.fanprojekt-muenster.de\/wordpress\/#\/schema\/person\/eed51304a869b4de494727cd2e0c8203"},"headline":"In eigener Sache: Vorstand, JHV und Jahresbeitrag","datePublished":"2020-08-16T18:25:58+00:00","dateModified":"2020-08-16T18:26:00+00:00","mainEntityOfPage":{"@id":"https:\/\/www.fanprojekt-muenster.de\/wordpress\/in-eigener-sache-vorstand-jhv-und-jahresbeitrag\/"},"wordCount":490,"publisher":{"@id":"https:\/\/www.fanprojekt-muenster.de\/wordpress\/#organization"},"image":{"@id":"https:\/\/www.fanprojekt-muenster.de\/wordpress\/in-eigener-sache-vorstand-jhv-und-jahresbeitrag\/#primaryimage"},"thumbnailUrl":"https:\/\/www.fanprojekt-muenster.de\/wordpress\/wp-content\/uploads\/2019\/05\/Logo_FP-400x300.jpg","inLanguage":"de"},{"@type":"WebPage","@id":"https:\/\/www.fanprojekt-muenster.de\/wordpress\/in-eigener-sache-vorstand-jhv-und-jahresbeitrag\/","url":"https:\/\/www.fanprojekt-muenster.de\/wordpress\/in-eigener-sache-vorstand-jhv-und-jahresbeitrag\/","name":"In eigener Sache: Vorstand, JHV und Jahresbeitrag - Fangemeinschaft Preu\u00dfen M\u00fcnster e. V.","isPartOf":{"@id":"https:\/\/www.fanprojekt-muenster.de\/wordpress\/#website"},"primaryImageOfPage":{"@id":"https:\/\/www.fanprojekt-muenster.de\/wordpress\/in-eigener-sache-vorstand-jhv-und-jahresbeitrag\/#primaryimage"},"image":{"@id":"https:\/\/www.fanprojekt-muenster.de\/wordpress\/in-eigener-sache-vorstand-jhv-und-jahresbeitrag\/#primaryimage"},"thumbnailUrl":"https:\/\/www.fanprojekt-muenster.de\/wordpress\/wp-content\/uploads\/2019\/05\/Logo_FP-400x300.jpg","datePublished":"2020-08-16T18:25:58+00:00","dateModified":"2020-08-16T18:26:00+00:00","breadcrumb":{"@id":"https:\/\/www.fanprojekt-muenster.de\/wordpress\/in-eigener-sache-vorstand-jhv-und-jahresbeitrag\/#breadcrumb"},"inLanguage":"de","potentialAction":[{"@type":"ReadAction","target":["https:\/\/www.fanprojekt-muenster.de\/wordpress\/in-eigener-sache-vorstand-jhv-und-jahresbeitrag\/"]}]},{"@type":"ImageObject","inLanguage":"de","@id":"https:\/\/www.fanprojekt-muenster.de\/wordpress\/in-eigener-sache-vorstand-jhv-und-jahresbeitrag\/#primaryimage","url":"https:\/\/www.fanprojekt-muenster.de\/wordpress\/wp-content\/uploads\/2019\/05\/Logo_FP-400x300.jpg","contentUrl":"https:\/\/www.fanprojekt-muenster.de\/wordpress\/wp-content\/uploads\/2019\/05\/Logo_FP-400x300.jpg","width":400,"height":300},{"@type":"BreadcrumbList","@id":"https:\/\/www.fanprojekt-muenster.de\/wordpress\/in-eigener-sache-vorstand-jhv-und-jahresbeitrag\/#breadcrumb","itemListElement":[{"@type":"ListItem","position":1,"name":"Startseite","item":"https:\/\/www.fanprojekt-muenster.de\/wordpress\/"},{"@type":"ListItem","position":2,"name":"In eigener Sache: Vorstand, JHV und Jahresbeitrag"}]},{"@type":"WebSite","@id":"https:\/\/www.fanprojekt-muenster.de\/wordpress\/#website","url":"https:\/\/www.fanprojekt-muenster.de\/wordpress\/","name":"Fangemeinschaft Preu\u00dfen M\u00fcnster e. V.","description":"","publisher":{"@id":"https:\/\/www.fanprojekt-muenster.de\/wordpress\/#organization"},"potentialAction":[{"@type":"SearchAction","target":{"@type":"EntryPoint","urlTemplate":"https:\/\/www.fanprojekt-muenster.de\/wordpress\/?s={search_term_string}"},"query-input":{"@type":"PropertyValueSpecification","valueRequired":true,"valueName":"search_term_string"}}],"inLanguage":"de"},{"@type":"Organization","@id":"https:\/\/www.fanprojekt-muenster.de\/wordpress\/#organization","name":"Fangemeinschaft Preu\u00dfen M\u00fcnster e. V.","url":"https:\/\/www.fanprojekt-muenster.de\/wordpress\/","logo":{"@type":"ImageObject","inLanguage":"de","@id":"https:\/\/www.fanprojekt-muenster.de\/wordpress\/#\/schema\/logo\/image\/","url":"https:\/\/www.fanprojekt-muenster.de\/wordpress\/wp-content\/uploads\/2019\/07\/cropped-Website_Logo3-9.png","contentUrl":"https:\/\/www.fanprojekt-muenster.de\/wordpress\/wp-content\/uploads\/2019\/07\/cropped-Website_Logo3-9.png","width":224,"height":42,"caption":"Fangemeinschaft Preu\u00dfen M\u00fcnster e. V."},"image":{"@id":"https:\/\/www.fanprojekt-muenster.de\/wordpress\/#\/schema\/logo\/image\/"}},{"@type":"Person","@id":"https:\/\/www.fanprojekt-muenster.de\/wordpress\/#\/schema\/person\/eed51304a869b4de494727cd2e0c8203","name":"DST","url":"https:\/\/www.fanprojekt-muenster.de\/wordpress\/author\/dst\/"}]}},"author_meta":{"display_name":"DST","author_link":"https:\/\/www.fanprojekt-muenster.de\/wordpress\/author\/dst\/"},"featured_img":"https:\/\/www.fanprojekt-muenster.de\/wordpress\/wp-content\/uploads\/2019\/05\/Logo_FP-400x300-300x225.jpg","coauthors":[],"tax_additional":{"categories":{"linked":["<a href=\"https:\/\/www.fanprojekt-muenster.de\/wordpress\/category\/allgemein\/\" class=\"advgb-post-tax-term\">Allgemein<\/a>"],"unlinked":["<span class=\"advgb-post-tax-term\">Allgemein<\/span>"]}},"comment_count":"0","relative_dates":{"created":"Posted 6\u00a0Jahren ago","modified":"Updated 6\u00a0Jahren ago"},"absolute_dates":{"created":"Posted on 16. August 2020","modified":"Updated on 16. August 2020"},"absolute_dates_time":{"created":"Posted on 16. August 2020 20:25","modified":"Updated on 16. August 2020 20:26"},"featured_img_caption":"","series_order":"","_links":{"self":[{"href":"https:\/\/www.fanprojekt-muenster.de\/wordpress\/wp-json\/wp\/v2\/posts\/7191","targetHints":{"allow":["GET"]}}],"collection":[{"href":"https:\/\/www.fanprojekt-muenster.de\/wordpress\/wp-json\/wp\/v2\/posts"}],"about":[{"href":"https:\/\/www.fanprojekt-muenster.de\/wordpress\/wp-json\/wp\/v2\/types\/post"}],"author":[{"embeddable":true,"href":"https:\/\/www.fanprojekt-muenster.de\/wordpress\/wp-json\/wp\/v2\/users\/1"}],"replies":[{"embeddable":true,"href":"https:\/\/www.fanprojekt-muenster.de\/wordpress\/wp-json\/wp\/v2\/comments?post=7191"}],"version-history":[{"count":2,"href":"https:\/\/www.fanprojekt-muenster.de\/wordpress\/wp-json\/wp\/v2\/posts\/7191\/revisions"}],"predecessor-version":[{"id":7193,"href":"https:\/\/www.fanprojekt-muenster.de\/wordpress\/wp-json\/wp\/v2\/posts\/7191\/revisions\/7193"}],"wp:featuredmedia":[{"embeddable":true,"href":"https:\/\/www.fanprojekt-muenster.de\/wordpress\/wp-json\/wp\/v2\/media\/6864"}],"wp:attachment":[{"href":"https:\/\/www.fanprojekt-muenster.de\/wordpress\/wp-json\/wp\/v2\/media?parent=7191"}],"wp:term":[{"taxonomy":"category","embeddable":true,"href":"https:\/\/www.fanprojekt-muenster.de\/wordpress\/wp-json\/wp\/v2\/categories?post=7191"},{"taxonomy":"post_tag","embeddable":true,"href":"https:\/\/www.fanprojekt-muenster.de\/wordpress\/wp-json\/wp\/v2\/tags?post=7191"}],"curies":[{"name":"wp","href":"https:\/\/api.w.org\/{rel}","templated":true}]}}