{"id":7164,"date":"2020-05-29T16:08:59","date_gmt":"2020-05-29T14:08:59","guid":{"rendered":"https:\/\/www.fanprojekt-muenster.de\/wordpress\/?p=7164"},"modified":"2020-05-29T16:17:33","modified_gmt":"2020-05-29T14:17:33","slug":"geisterspiele","status":"publish","type":"post","link":"https:\/\/www.fanprojekt-muenster.de\/wordpress\/geisterspiele\/","title":{"rendered":"Geisterspiele"},"content":{"rendered":"\n<p>Hallo Preussenfans,<\/p>\n\n\n\n<p>seit dem au\u00dferordentlichen DFB-Bundestag am Montag ist klar: Die dritte Liga wird definitiv am kommenden Wochenende wieder den Spielbetrieb aufnehmen. Dies beschlossen die Delegierten mit einer deutlichen Mehrheit von 94,87 Prozent. Eine vorherige Abstimmung unter den 20 Vereinen in der dritten Liga brachte eine sehr knappe Mehrheit pro Wiederaufnahme des Spielbetriebs. Doch der DFB, der mit allen Mitteln versucht, die Saison noch zu Ende zu bringen, gab und gibt in der aktuellen Situation kein gutes Bild ab.<\/p>\n\n\n\n<p>Der DFB und fortsetzungsgewillte Vereine berufen sich gerne auf eine sportliche Vergleichbarkeit, die geschaffen werden oder gew\u00e4hrt werden soll. Allerdings wird dabei vollkommen vernachl\u00e4ssigt, dass diese schon l\u00e4ngst nicht mehr gegeben ist. Viel zu gro\u00df sind die dem deutschen F\u00f6deralismus geschuldeten Trainingsr\u00fcckst\u00e4nde: In manchen St\u00e4dten wird seit einem Monat schon im Mannschaftsverbund trainiert, andernorts ist es erst seit einigen Tagen in Kleingruppen genehmigt. Die in der Vergangenheit versprochenen mindestens zwei Wochen Mannschaftstraining f\u00fcr jeden Verein vor dem Restart wurden \u00fcber Bord geworfen \u2013 wie eigentlich alles momentan dem Ziel, die Saison in der dritten Liga irgendwie noch zu Ende zu bringen, untergeordnet wird. Denn auch die Regel, dass zwischen zwei Spielen einer Mannschaft mindestens 72 Stunden Pause liegen m\u00fcssen, wurde auf dem DFB-Bundestag mit einer unfassbaren Mehrheit von 96 Prozent der Delegierten bis zum Juni 2021 ausgesetzt.<\/p>\n\n\n\n<p>Die dritte Liga war auf diesem DFB-Bundestag \u00fcbrigens nur durch DFB-Vertreter repr\u00e4sentiert (Pr\u00e4sidium, Vorstand, Ehrenmitglieder, Mitglieder der Rechtsorgane, des Pr\u00fcfungsausschusses, der Ethik-Kommission und weiterer Aussch\u00fcsse). Zudem durften Vertreter der f\u00fcnf Regional- und 21 Landesverb\u00e4nde sowie der DFL mit abstimmen.<\/p>\n\n\n\n<p>Was uns fassungslos macht, ist die R\u00fccksichtslosigkeit, mit der der DFB mit aller Macht versucht, etwas zu retten, was in der aktuellen Situation einfach nicht zu retten ist:<\/p>\n\n\n\n<p>Der Wettbewerb ist nicht fair, sondern unfair, da die Mannschaften unterschiedlich lange unterschiedlich gut trainieren konnten.<\/p>\n\n\n\n<p>Die Bedingungen f\u00fcr die Spieler sind nicht gesund, sondern ungesund, da f\u00fcnf englische Wochen am St\u00fcck ohne richtige Vorbereitung ganz sicher nicht spurlos an allen Spielern vorbeigehen werden. Und da reden wir noch gar nicht davon, dass die M\u00f6glichkeit genutzt wird, die 72-Stunden-Regel zu brechen.<\/p>\n\n\n\n<p>Die finanzielle Situation der (meisten) Vereine bzw. Betreibergesellschaften\/Spielbetriebsgesellschaften d\u00fcrfte nicht besser, sondern schlechter werden, da die Spieler sowie die Angestellten wieder voll bezahlt werden m\u00fcssen und ein Hygiene-Konzept umgesetzt werden muss, welches auf die ersten beiden Ligen ausgelegt ist. Dort funktioniert es, da es die Etats dank der Fernsehgelder aus den Geisterspiele deutlich weniger belastet. In der dritten Liga hingegen stellt dessen Finanzierung f\u00fcr viele aufgrund fehlender Einnahmen ein gro\u00dfes Problem dar und am Ende helfen die Geisterspiele ganz genau nur &nbsp;zwei oder drei Vereinen: N\u00e4mlich den Aufsteigern, die dann in der n\u00e4chsten Saison an die Geldt\u00f6pfe aus der TV-Vermarktung der DFL gelangen. Wir w\u00fcnschen allen Teams, die aus diesem (egoistischen) Grund eine Fortf\u00fchrung des Spielbetriebs bef\u00fcrworten viel Gl\u00fcck, bei dieser Lotterie am Ende zu den Gewinnern zu geh\u00f6ren.<\/p>\n\n\n\n<p>In der aktuellen Krise sind besonders die Fans der Vereine ihrer gesellschaftlichen Verantwortung gerecht geworden, in dem sie durch Spendenaktionen in ihrer jeweiligen Region geholfen haben. Dem DFB kann man leider nicht attestieren, in dieser Krise feinf\u00fchlig und verantwortungsbewusst vorgegangen zu sein. Ganz im Gegenteil: Der Verband trat uneinsichtig auf, lie\u00df die Vereine bei wichtigen Themen im Stich und pr\u00e4sentierte sich einmal mehr als Institution, welche ihre eigene Linie um jeden Preis durchziehen will.<\/p>\n\n\n\n<p>Der Profifu\u00dfball insgesamt muss sich nachhaltiger aufstellen. Gelder m\u00fcssen gerechter verteilt werden. Eine deutlich gr\u00f6\u00dfere Umverteilung von ganz oben \u00fcber die dritte Liga bis tief in die Amateur-Spielklassen hinein w\u00e4re eine erste Ma\u00dfnahme, denn ohne seine Wurzeln kann auch der m\u00e4chtigste Baum nicht bestehen. Wir hoffen, dass sich DFB und DFL nach der Krise ernsthafte Gedanken machen, was sich im Profifu\u00dfball \u00e4ndern muss. Vorschl\u00e4ge der Fanszenen und Fanorganisationen gibt es gen\u00fcgend, zum Beispiel von der Interessengemeinschaft \u201eUnsere Kurve\u201c, in der auch wir als Fanprojekt Mitglied sind:<br><br><a href=\"https:\/\/www.unserekurve.de\/blog\/wir-wollen-die-krankheit-bekaempfen-nicht-die-symptome-fuer-einen-gesunden-fussball\/\">https:\/\/www.unserekurve.de\/blog\/wir-wollen-die-krankheit-bekaempfen-nicht-die-symptome-fuer-einen-gesunden-fussball\/<\/a><\/p>\n\n\n\n<p>Ideen gibt es au\u00dferdem auch zu der Frage, wie mit dieser und der n\u00e4chsten Saison verfahren werden sollte. Hier \u00e4u\u00dferten sich bereits einige Vereine aus der dritten Liga einzeln oder gemeinsam zu Wort. Doch der DFB hat mit seinem gesamten Auftreten gezeigt, dass er sich f\u00fcr Alternativen eigentlich nicht wirklich interessiert.<\/p>\n\n\n\n<p>Kritisieren m\u00fcssen wir auch, dass das \u201eRadio Mottekstrehle\u201c, nicht live aus dem Stadion \u00fcbertragen darf. Genehmigt ist lediglich eine \u00dcbertragung von vor dem Fernseher aus. Es w\u00e4re ein kleines, positives Zeichen gewesen, wenn bei der beschr\u00e4nkten Anzahl an Personen, die momentan im Stadion sein d\u00fcrfen, die Fanradios ber\u00fccksichtigt worden w\u00e4ren &#8211; handelt es sich dabei doch lediglich um zwei Personen pro Team.<\/p>\n\n\n\n<p>Vor der langen Pause ging ein unglaublicher Ruck durch unsere Fanszene. An der Hammer Stra\u00dfe herrschte ein Zusammenhalt zwischen Mannschaft und Fans, wie man ihn hier selten erlebt hat. Auch das sportlich in der R\u00fcckrunde deutlich verbesserte Team mit unserem neuen Trainer Sascha Hildmann entfachte eine Euphorie, mit der wir sicher waren, die Klasse noch zu halten. Nicht umsonst w\u00e4ren im April und Mai jeweils Sonderz\u00fcge zu den Ausw\u00e4rtsspielen gerollt. Nun haben wir eine v\u00f6llig neue Situation, wir Fans haben keinerlei Einfluss mehr auf den Ausgang der Spiele. Es liegt jetzt an der Mannschaft, in den letzten Spielen alles rauszuholen, um den Klassenerhalt noch zu schaffen.<\/p>\n\n\n\n<p>Wichtig f\u00fcr uns Fans ist, w\u00e4hrend der Spiele nicht im Umfeld des Stadions aufzutauchen, um auch weiter unsere gesellschaftliche Verantwortung wahren und zum Selbstschutz und zum Schutz anderer Menschenansammlungen zu vermeiden. Auch sollte es durch uns keinerlei Aufwertung der Geisterspiele geben. Denn Fu\u00dfball ohne Fans ist nichts. H\u00e4ngt also bitte auch keine Zaunfahnen oder \u00e4hnliches im Stadion auf und lasst euch nicht als Pappaufsteller instrumentalisieren. Lasst die Geisterspiele f\u00fcr den DFB zu dem werden, was sie sind: Unattraktive Spiele, ein Absurdum in einer v\u00f6llig verr\u00fcckten Zeit!<\/p>\n\n\n\n<p>Bleibt alle gesund und passt aufeinander auf. Das n\u00e4chste Spiel im Stadion kommt bestimmt!<\/p>\n","protected":false},"excerpt":{"rendered":"<p>Hallo Preussenfans, seit dem au\u00dferordentlichen DFB-Bundestag am Montag ist klar: Die dritte Liga wird definitiv am kommenden Wochenende wieder den Spielbetrieb aufnehmen. Dies beschlossen die Delegierten mit einer deutlichen Mehrheit&#8230; <a class=\"read-more-link\" href=\"https:\/\/www.fanprojekt-muenster.de\/wordpress\/geisterspiele\/\">Read more &raquo;<\/a><\/p>\n","protected":false},"author":1,"featured_media":6864,"comment_status":"closed","ping_status":"open","sticky":false,"template":"","format":"standard","meta":{"advgb_blocks_editor_width":"","advgb_blocks_columns_visual_guide":"","footnotes":""},"categories":[1],"tags":[],"class_list":["post-7164","post","type-post","status-publish","format-standard","has-post-thumbnail","hentry","category-allgemein"],"featured_image_src":"https:\/\/www.fanprojekt-muenster.de\/wordpress\/wp-content\/uploads\/2019\/05\/Logo_FP-400x300.jpg","author_info":{"display_name":"DST","author_link":"https:\/\/www.fanprojekt-muenster.de\/wordpress\/author\/dst\/"},"yoast_head":"<!-- This site is optimized with the Yoast SEO plugin v27.2 - https:\/\/yoast.com\/product\/yoast-seo-wordpress\/ -->\n<title>Geisterspiele - Fangemeinschaft Preu\u00dfen M\u00fcnster e. V.<\/title>\n<meta name=\"robots\" content=\"index, follow, max-snippet:-1, max-image-preview:large, max-video-preview:-1\" \/>\n<link rel=\"canonical\" href=\"https:\/\/www.fanprojekt-muenster.de\/wordpress\/geisterspiele\/\" \/>\n<meta property=\"og:locale\" content=\"de_DE\" \/>\n<meta property=\"og:type\" content=\"article\" \/>\n<meta property=\"og:title\" content=\"Geisterspiele\" \/>\n<meta property=\"og:description\" content=\"Hallo Preussenfans, seit dem au\u00dferordentlichen DFB-Bundestag am Montag ist klar: Die dritte Liga wird definitiv am kommenden Wochenende wieder den Spielbetrieb aufnehmen. Dies beschlossen die Delegierten mit einer deutlichen Mehrheit von 94,87 Prozent. Eine vorherige Abstimmung unter den 20 Vereinen in der dritten Liga brachte eine sehr knappe Mehrheit pro Wiederaufnahme des Spielbetriebs. Doch der DFB, der mit allen Mitteln versucht, die Saison noch zu Ende zu bringen, gab und gibt in der aktuellen Situation kein gutes Bild ab. [...]\" \/>\n<meta property=\"og:url\" content=\"https:\/\/www.fanprojekt-muenster.de\/wordpress\/geisterspiele\/\" \/>\n<meta property=\"og:site_name\" content=\"Fangemeinschaft Preu\u00dfen M\u00fcnster e. V.\" \/>\n<meta property=\"article:published_time\" content=\"2020-05-29T14:08:59+00:00\" \/>\n<meta property=\"article:modified_time\" content=\"2020-05-29T14:17:33+00:00\" \/>\n<meta property=\"og:image\" content=\"https:\/\/www.fanprojekt-muenster.de\/wordpress\/wp-content\/uploads\/2019\/05\/Logo_FP-400x300.jpg\" \/>\n\t<meta property=\"og:image:width\" content=\"400\" \/>\n\t<meta property=\"og:image:height\" content=\"300\" \/>\n\t<meta property=\"og:image:type\" content=\"image\/jpeg\" \/>\n<meta name=\"author\" content=\"DST\" \/>\n<meta name=\"twitter:card\" content=\"summary_large_image\" \/>\n<meta name=\"twitter:title\" content=\"Geisterspiele\" \/>\n<meta name=\"twitter:description\" content=\"Seit dem au\u00dferordentlichen DFB-Bundestag am Montag ist klar: Die dritte Liga wird definitiv am kommenden Wochenende wieder den Spielbetrieb aufnehmen. Dies beschlossen die Delegierten mit einer deutlichen Mehrheit von 94,87 Prozent. Eine Stellungnahme von uns.\" \/>\n<meta name=\"twitter:image\" content=\"https:\/\/www.fanprojekt-muenster.de\/wordpress\/wp-content\/uploads\/2019\/05\/Logo_FP-400x300.jpg\" \/>\n<meta name=\"twitter:label1\" content=\"Verfasst von\" \/>\n\t<meta name=\"twitter:data1\" content=\"DST\" \/>\n\t<meta name=\"twitter:label2\" content=\"Gesch\u00e4tzte Lesezeit\" \/>\n\t<meta name=\"twitter:data2\" content=\"5\u00a0Minuten\" \/>\n<script type=\"application\/ld+json\" class=\"yoast-schema-graph\">{\"@context\":\"https:\/\/schema.org\",\"@graph\":[{\"@type\":\"Article\",\"@id\":\"https:\/\/www.fanprojekt-muenster.de\/wordpress\/geisterspiele\/#article\",\"isPartOf\":{\"@id\":\"https:\/\/www.fanprojekt-muenster.de\/wordpress\/geisterspiele\/\"},\"author\":{\"name\":\"DST\",\"@id\":\"https:\/\/www.fanprojekt-muenster.de\/wordpress\/#\/schema\/person\/eed51304a869b4de494727cd2e0c8203\"},\"headline\":\"Geisterspiele\",\"datePublished\":\"2020-05-29T14:08:59+00:00\",\"dateModified\":\"2020-05-29T14:17:33+00:00\",\"mainEntityOfPage\":{\"@id\":\"https:\/\/www.fanprojekt-muenster.de\/wordpress\/geisterspiele\/\"},\"wordCount\":1022,\"publisher\":{\"@id\":\"https:\/\/www.fanprojekt-muenster.de\/wordpress\/#organization\"},\"image\":{\"@id\":\"https:\/\/www.fanprojekt-muenster.de\/wordpress\/geisterspiele\/#primaryimage\"},\"thumbnailUrl\":\"https:\/\/www.fanprojekt-muenster.de\/wordpress\/wp-content\/uploads\/2019\/05\/Logo_FP-400x300.jpg\",\"inLanguage\":\"de\"},{\"@type\":\"WebPage\",\"@id\":\"https:\/\/www.fanprojekt-muenster.de\/wordpress\/geisterspiele\/\",\"url\":\"https:\/\/www.fanprojekt-muenster.de\/wordpress\/geisterspiele\/\",\"name\":\"Geisterspiele - Fangemeinschaft Preu\u00dfen M\u00fcnster e. V.\",\"isPartOf\":{\"@id\":\"https:\/\/www.fanprojekt-muenster.de\/wordpress\/#website\"},\"primaryImageOfPage\":{\"@id\":\"https:\/\/www.fanprojekt-muenster.de\/wordpress\/geisterspiele\/#primaryimage\"},\"image\":{\"@id\":\"https:\/\/www.fanprojekt-muenster.de\/wordpress\/geisterspiele\/#primaryimage\"},\"thumbnailUrl\":\"https:\/\/www.fanprojekt-muenster.de\/wordpress\/wp-content\/uploads\/2019\/05\/Logo_FP-400x300.jpg\",\"datePublished\":\"2020-05-29T14:08:59+00:00\",\"dateModified\":\"2020-05-29T14:17:33+00:00\",\"breadcrumb\":{\"@id\":\"https:\/\/www.fanprojekt-muenster.de\/wordpress\/geisterspiele\/#breadcrumb\"},\"inLanguage\":\"de\",\"potentialAction\":[{\"@type\":\"ReadAction\",\"target\":[\"https:\/\/www.fanprojekt-muenster.de\/wordpress\/geisterspiele\/\"]}]},{\"@type\":\"ImageObject\",\"inLanguage\":\"de\",\"@id\":\"https:\/\/www.fanprojekt-muenster.de\/wordpress\/geisterspiele\/#primaryimage\",\"url\":\"https:\/\/www.fanprojekt-muenster.de\/wordpress\/wp-content\/uploads\/2019\/05\/Logo_FP-400x300.jpg\",\"contentUrl\":\"https:\/\/www.fanprojekt-muenster.de\/wordpress\/wp-content\/uploads\/2019\/05\/Logo_FP-400x300.jpg\",\"width\":400,\"height\":300},{\"@type\":\"BreadcrumbList\",\"@id\":\"https:\/\/www.fanprojekt-muenster.de\/wordpress\/geisterspiele\/#breadcrumb\",\"itemListElement\":[{\"@type\":\"ListItem\",\"position\":1,\"name\":\"Startseite\",\"item\":\"https:\/\/www.fanprojekt-muenster.de\/wordpress\/\"},{\"@type\":\"ListItem\",\"position\":2,\"name\":\"Geisterspiele\"}]},{\"@type\":\"WebSite\",\"@id\":\"https:\/\/www.fanprojekt-muenster.de\/wordpress\/#website\",\"url\":\"https:\/\/www.fanprojekt-muenster.de\/wordpress\/\",\"name\":\"Fangemeinschaft Preu\u00dfen M\u00fcnster e. V.\",\"description\":\"\",\"publisher\":{\"@id\":\"https:\/\/www.fanprojekt-muenster.de\/wordpress\/#organization\"},\"potentialAction\":[{\"@type\":\"SearchAction\",\"target\":{\"@type\":\"EntryPoint\",\"urlTemplate\":\"https:\/\/www.fanprojekt-muenster.de\/wordpress\/?s={search_term_string}\"},\"query-input\":{\"@type\":\"PropertyValueSpecification\",\"valueRequired\":true,\"valueName\":\"search_term_string\"}}],\"inLanguage\":\"de\"},{\"@type\":\"Organization\",\"@id\":\"https:\/\/www.fanprojekt-muenster.de\/wordpress\/#organization\",\"name\":\"Fangemeinschaft Preu\u00dfen M\u00fcnster e. V.\",\"url\":\"https:\/\/www.fanprojekt-muenster.de\/wordpress\/\",\"logo\":{\"@type\":\"ImageObject\",\"inLanguage\":\"de\",\"@id\":\"https:\/\/www.fanprojekt-muenster.de\/wordpress\/#\/schema\/logo\/image\/\",\"url\":\"https:\/\/www.fanprojekt-muenster.de\/wordpress\/wp-content\/uploads\/2019\/07\/cropped-Website_Logo3-9.png\",\"contentUrl\":\"https:\/\/www.fanprojekt-muenster.de\/wordpress\/wp-content\/uploads\/2019\/07\/cropped-Website_Logo3-9.png\",\"width\":224,\"height\":42,\"caption\":\"Fangemeinschaft Preu\u00dfen M\u00fcnster e. V.\"},\"image\":{\"@id\":\"https:\/\/www.fanprojekt-muenster.de\/wordpress\/#\/schema\/logo\/image\/\"}},{\"@type\":\"Person\",\"@id\":\"https:\/\/www.fanprojekt-muenster.de\/wordpress\/#\/schema\/person\/eed51304a869b4de494727cd2e0c8203\",\"name\":\"DST\",\"url\":\"https:\/\/www.fanprojekt-muenster.de\/wordpress\/author\/dst\/\"}]}<\/script>\n<!-- \/ Yoast SEO plugin. -->","yoast_head_json":{"title":"Geisterspiele - Fangemeinschaft Preu\u00dfen M\u00fcnster e. V.","robots":{"index":"index","follow":"follow","max-snippet":"max-snippet:-1","max-image-preview":"max-image-preview:large","max-video-preview":"max-video-preview:-1"},"canonical":"https:\/\/www.fanprojekt-muenster.de\/wordpress\/geisterspiele\/","og_locale":"de_DE","og_type":"article","og_title":"Geisterspiele","og_description":"Hallo Preussenfans, seit dem au\u00dferordentlichen DFB-Bundestag am Montag ist klar: Die dritte Liga wird definitiv am kommenden Wochenende wieder den Spielbetrieb aufnehmen. Dies beschlossen die Delegierten mit einer deutlichen Mehrheit von 94,87 Prozent. Eine vorherige Abstimmung unter den 20 Vereinen in der dritten Liga brachte eine sehr knappe Mehrheit pro Wiederaufnahme des Spielbetriebs. Doch der DFB, der mit allen Mitteln versucht, die Saison noch zu Ende zu bringen, gab und gibt in der aktuellen Situation kein gutes Bild ab. [...]","og_url":"https:\/\/www.fanprojekt-muenster.de\/wordpress\/geisterspiele\/","og_site_name":"Fangemeinschaft Preu\u00dfen M\u00fcnster e. V.","article_published_time":"2020-05-29T14:08:59+00:00","article_modified_time":"2020-05-29T14:17:33+00:00","og_image":[{"width":400,"height":300,"url":"https:\/\/www.fanprojekt-muenster.de\/wordpress\/wp-content\/uploads\/2019\/05\/Logo_FP-400x300.jpg","type":"image\/jpeg"}],"author":"DST","twitter_card":"summary_large_image","twitter_title":"Geisterspiele","twitter_description":"Seit dem au\u00dferordentlichen DFB-Bundestag am Montag ist klar: Die dritte Liga wird definitiv am kommenden Wochenende wieder den Spielbetrieb aufnehmen. Dies beschlossen die Delegierten mit einer deutlichen Mehrheit von 94,87 Prozent. Eine Stellungnahme von uns.","twitter_image":"https:\/\/www.fanprojekt-muenster.de\/wordpress\/wp-content\/uploads\/2019\/05\/Logo_FP-400x300.jpg","twitter_misc":{"Verfasst von":"DST","Gesch\u00e4tzte Lesezeit":"5\u00a0Minuten"},"schema":{"@context":"https:\/\/schema.org","@graph":[{"@type":"Article","@id":"https:\/\/www.fanprojekt-muenster.de\/wordpress\/geisterspiele\/#article","isPartOf":{"@id":"https:\/\/www.fanprojekt-muenster.de\/wordpress\/geisterspiele\/"},"author":{"name":"DST","@id":"https:\/\/www.fanprojekt-muenster.de\/wordpress\/#\/schema\/person\/eed51304a869b4de494727cd2e0c8203"},"headline":"Geisterspiele","datePublished":"2020-05-29T14:08:59+00:00","dateModified":"2020-05-29T14:17:33+00:00","mainEntityOfPage":{"@id":"https:\/\/www.fanprojekt-muenster.de\/wordpress\/geisterspiele\/"},"wordCount":1022,"publisher":{"@id":"https:\/\/www.fanprojekt-muenster.de\/wordpress\/#organization"},"image":{"@id":"https:\/\/www.fanprojekt-muenster.de\/wordpress\/geisterspiele\/#primaryimage"},"thumbnailUrl":"https:\/\/www.fanprojekt-muenster.de\/wordpress\/wp-content\/uploads\/2019\/05\/Logo_FP-400x300.jpg","inLanguage":"de"},{"@type":"WebPage","@id":"https:\/\/www.fanprojekt-muenster.de\/wordpress\/geisterspiele\/","url":"https:\/\/www.fanprojekt-muenster.de\/wordpress\/geisterspiele\/","name":"Geisterspiele - Fangemeinschaft Preu\u00dfen M\u00fcnster e. V.","isPartOf":{"@id":"https:\/\/www.fanprojekt-muenster.de\/wordpress\/#website"},"primaryImageOfPage":{"@id":"https:\/\/www.fanprojekt-muenster.de\/wordpress\/geisterspiele\/#primaryimage"},"image":{"@id":"https:\/\/www.fanprojekt-muenster.de\/wordpress\/geisterspiele\/#primaryimage"},"thumbnailUrl":"https:\/\/www.fanprojekt-muenster.de\/wordpress\/wp-content\/uploads\/2019\/05\/Logo_FP-400x300.jpg","datePublished":"2020-05-29T14:08:59+00:00","dateModified":"2020-05-29T14:17:33+00:00","breadcrumb":{"@id":"https:\/\/www.fanprojekt-muenster.de\/wordpress\/geisterspiele\/#breadcrumb"},"inLanguage":"de","potentialAction":[{"@type":"ReadAction","target":["https:\/\/www.fanprojekt-muenster.de\/wordpress\/geisterspiele\/"]}]},{"@type":"ImageObject","inLanguage":"de","@id":"https:\/\/www.fanprojekt-muenster.de\/wordpress\/geisterspiele\/#primaryimage","url":"https:\/\/www.fanprojekt-muenster.de\/wordpress\/wp-content\/uploads\/2019\/05\/Logo_FP-400x300.jpg","contentUrl":"https:\/\/www.fanprojekt-muenster.de\/wordpress\/wp-content\/uploads\/2019\/05\/Logo_FP-400x300.jpg","width":400,"height":300},{"@type":"BreadcrumbList","@id":"https:\/\/www.fanprojekt-muenster.de\/wordpress\/geisterspiele\/#breadcrumb","itemListElement":[{"@type":"ListItem","position":1,"name":"Startseite","item":"https:\/\/www.fanprojekt-muenster.de\/wordpress\/"},{"@type":"ListItem","position":2,"name":"Geisterspiele"}]},{"@type":"WebSite","@id":"https:\/\/www.fanprojekt-muenster.de\/wordpress\/#website","url":"https:\/\/www.fanprojekt-muenster.de\/wordpress\/","name":"Fangemeinschaft Preu\u00dfen M\u00fcnster e. V.","description":"","publisher":{"@id":"https:\/\/www.fanprojekt-muenster.de\/wordpress\/#organization"},"potentialAction":[{"@type":"SearchAction","target":{"@type":"EntryPoint","urlTemplate":"https:\/\/www.fanprojekt-muenster.de\/wordpress\/?s={search_term_string}"},"query-input":{"@type":"PropertyValueSpecification","valueRequired":true,"valueName":"search_term_string"}}],"inLanguage":"de"},{"@type":"Organization","@id":"https:\/\/www.fanprojekt-muenster.de\/wordpress\/#organization","name":"Fangemeinschaft Preu\u00dfen M\u00fcnster e. V.","url":"https:\/\/www.fanprojekt-muenster.de\/wordpress\/","logo":{"@type":"ImageObject","inLanguage":"de","@id":"https:\/\/www.fanprojekt-muenster.de\/wordpress\/#\/schema\/logo\/image\/","url":"https:\/\/www.fanprojekt-muenster.de\/wordpress\/wp-content\/uploads\/2019\/07\/cropped-Website_Logo3-9.png","contentUrl":"https:\/\/www.fanprojekt-muenster.de\/wordpress\/wp-content\/uploads\/2019\/07\/cropped-Website_Logo3-9.png","width":224,"height":42,"caption":"Fangemeinschaft Preu\u00dfen M\u00fcnster e. V."},"image":{"@id":"https:\/\/www.fanprojekt-muenster.de\/wordpress\/#\/schema\/logo\/image\/"}},{"@type":"Person","@id":"https:\/\/www.fanprojekt-muenster.de\/wordpress\/#\/schema\/person\/eed51304a869b4de494727cd2e0c8203","name":"DST","url":"https:\/\/www.fanprojekt-muenster.de\/wordpress\/author\/dst\/"}]}},"author_meta":{"display_name":"DST","author_link":"https:\/\/www.fanprojekt-muenster.de\/wordpress\/author\/dst\/"},"featured_img":"https:\/\/www.fanprojekt-muenster.de\/wordpress\/wp-content\/uploads\/2019\/05\/Logo_FP-400x300-300x225.jpg","coauthors":[],"tax_additional":{"categories":{"linked":["<a href=\"https:\/\/www.fanprojekt-muenster.de\/wordpress\/category\/allgemein\/\" class=\"advgb-post-tax-term\">Allgemein<\/a>"],"unlinked":["<span class=\"advgb-post-tax-term\">Allgemein<\/span>"]}},"comment_count":"0","relative_dates":{"created":"Posted 6\u00a0Jahren ago","modified":"Updated 6\u00a0Jahren ago"},"absolute_dates":{"created":"Posted on 29. Mai 2020","modified":"Updated on 29. Mai 2020"},"absolute_dates_time":{"created":"Posted on 29. Mai 2020 16:08","modified":"Updated on 29. Mai 2020 16:17"},"featured_img_caption":"","series_order":"","_links":{"self":[{"href":"https:\/\/www.fanprojekt-muenster.de\/wordpress\/wp-json\/wp\/v2\/posts\/7164","targetHints":{"allow":["GET"]}}],"collection":[{"href":"https:\/\/www.fanprojekt-muenster.de\/wordpress\/wp-json\/wp\/v2\/posts"}],"about":[{"href":"https:\/\/www.fanprojekt-muenster.de\/wordpress\/wp-json\/wp\/v2\/types\/post"}],"author":[{"embeddable":true,"href":"https:\/\/www.fanprojekt-muenster.de\/wordpress\/wp-json\/wp\/v2\/users\/1"}],"replies":[{"embeddable":true,"href":"https:\/\/www.fanprojekt-muenster.de\/wordpress\/wp-json\/wp\/v2\/comments?post=7164"}],"version-history":[{"count":3,"href":"https:\/\/www.fanprojekt-muenster.de\/wordpress\/wp-json\/wp\/v2\/posts\/7164\/revisions"}],"predecessor-version":[{"id":7167,"href":"https:\/\/www.fanprojekt-muenster.de\/wordpress\/wp-json\/wp\/v2\/posts\/7164\/revisions\/7167"}],"wp:featuredmedia":[{"embeddable":true,"href":"https:\/\/www.fanprojekt-muenster.de\/wordpress\/wp-json\/wp\/v2\/media\/6864"}],"wp:attachment":[{"href":"https:\/\/www.fanprojekt-muenster.de\/wordpress\/wp-json\/wp\/v2\/media?parent=7164"}],"wp:term":[{"taxonomy":"category","embeddable":true,"href":"https:\/\/www.fanprojekt-muenster.de\/wordpress\/wp-json\/wp\/v2\/categories?post=7164"},{"taxonomy":"post_tag","embeddable":true,"href":"https:\/\/www.fanprojekt-muenster.de\/wordpress\/wp-json\/wp\/v2\/tags?post=7164"}],"curies":[{"name":"wp","href":"https:\/\/api.w.org\/{rel}","templated":true}]}}