{"id":7125,"date":"2020-03-26T15:44:48","date_gmt":"2020-03-26T14:44:48","guid":{"rendered":"http:\/\/www.fanprojekt-muenster.de\/wordpress\/?p=7125"},"modified":"2020-03-26T16:02:26","modified_gmt":"2020-03-26T15:02:26","slug":"abgesagt-sonderzug-nach-mannheim","status":"publish","type":"post","link":"https:\/\/www.fanprojekt-muenster.de\/wordpress\/abgesagt-sonderzug-nach-mannheim\/","title":{"rendered":"Abgesagt: Sonderzug nach Mannheim"},"content":{"rendered":"\n<p>Liebe Preu\u00dfen-Fans,<br><br>schweren Herzens haben  wir uns nun dazu entschieden, den f\u00fcr das erste Maiwochende geplanten Sonderzug nach Mannheim abzusagen.<br>Da wir alle nicht wissen, wie sich die jetzige Situation rund um die Corona-Pandemie entwickeln und ob im Mai \u00fcberhaupt schon wieder an Fu\u00dfball-Spiele bzw. Gro\u00dfveranstaltungen an sich zu denken sein wird, erfolgt nun leider dieser Schritt. Mal abgesehen von erschwerten Vorbereitungen wollen wir einfach f\u00fcr uns, aber vor allem f\u00fcr euch Klarheit schaffen.<\/p>\n\n\n\n<p>Bisherige Anmeldungen sind dadurch nat\u00fcrlich obsolet und bereits get\u00e4tigte Bezahlungen werden nat\u00fcrlich schnellstm\u00f6glich zur\u00fcck erstattet.<\/p>\n\n\n\n<p>Dieser Schritt tut uns sehr leid aber zum jetzigen Zeitpunkt sehen wir keine andere M\u00f6glichkeit.<\/p>\n\n\n\n<p>Wir m\u00f6chten an dieser Stelle an die Spendenaktion der aktiven Fanszene erinnern. Solltet auch Ihr spenden wollen, so k\u00f6nnt Ihr das auf unser Konto machen. Die gesamte Spende geht an die Ortsgruppe der \u201eLichtBlick Seniorenhilfe e.V.<br><br>Bankverbindung:<br>Fanprojekt Preu\u00dfen M\u00fcnster e.V.<br>IBAN: DE37 4005 0150 0000 3931 16<br><br>Solltet Ihr anderweitig helfen wollen, hier h\u00e4tten wir ein paar Links f\u00fcr Euch:<br><a href=\"https:\/\/www.freiwilligenagentur-muenster.de\/\">https:\/\/www.freiwilligenagentur-muenster.de\/<\/a><br><a href=\"https:\/\/www.allesmuenster.de\/corona-in-muenster-helfen-wo-hilfe-noetig-ist\/\">https:\/\/www.allesmuenster.de\/corona-in-muenster-helfen-wo-hilfe-noetig-ist\/<\/a><br><a href=\"https:\/\/www.antennemuenster.de\/artikel\/corona-hotlines-nachbarschaftshilfe-notbetreuung-533050.html\">https:\/\/www.antennemuenster.de\/artikel\/corona-hotlines-nachbarschaftshilfe-notbetreuung-533050.html<\/a><\/p>\n\n\n\n<p><\/p>\n\n\n\n<p> Bleibt gesund!<\/p>\n\n\n\n<p> Euer<br> Fanprojekt<\/p>\n","protected":false},"excerpt":{"rendered":"<p>Liebe Preu\u00dfen-Fans, schweren Herzens haben wir uns nun dazu entschieden, den f\u00fcr das erste Maiwochende geplanten Sonderzug nach Mannheim abzusagen.Da wir alle nicht wissen, wie sich die jetzige Situation rund&#8230; <a class=\"read-more-link\" href=\"https:\/\/www.fanprojekt-muenster.de\/wordpress\/abgesagt-sonderzug-nach-mannheim\/\">Read more &raquo;<\/a><\/p>\n","protected":false},"author":1,"featured_media":7126,"comment_status":"closed","ping_status":"open","sticky":false,"template":"","format":"standard","meta":{"advgb_blocks_editor_width":"","advgb_blocks_columns_visual_guide":"","footnotes":""},"categories":[1],"tags":[],"class_list":["post-7125","post","type-post","status-publish","format-standard","has-post-thumbnail","hentry","category-allgemein"],"featured_image_src":"https:\/\/www.fanprojekt-muenster.de\/wordpress\/wp-content\/uploads\/2020\/03\/sonderzug-mannheim-2-1.png","author_info":{"display_name":"DST","author_link":"https:\/\/www.fanprojekt-muenster.de\/wordpress\/author\/dst\/"},"yoast_head":"<!-- This site is optimized with the Yoast SEO plugin v27.2 - https:\/\/yoast.com\/product\/yoast-seo-wordpress\/ -->\n<title>Abgesagt: Sonderzug nach Mannheim - Fangemeinschaft Preu\u00dfen M\u00fcnster e. V.<\/title>\n<meta name=\"robots\" content=\"index, follow, max-snippet:-1, max-image-preview:large, max-video-preview:-1\" \/>\n<link rel=\"canonical\" href=\"https:\/\/www.fanprojekt-muenster.de\/wordpress\/abgesagt-sonderzug-nach-mannheim\/\" \/>\n<meta property=\"og:locale\" content=\"de_DE\" \/>\n<meta property=\"og:type\" content=\"article\" \/>\n<meta property=\"og:title\" content=\"Abgesagt: Sonderzug nach Mannheim\" \/>\n<meta property=\"og:description\" content=\"Liebe Preu\u00dfen-Fans, schweren Herzens haben wir uns nun dazu entschieden, den f\u00fcr das erste Maiwochende geplanten Sonderzug nach Mannheim abzusagen.\" \/>\n<meta property=\"og:url\" content=\"https:\/\/www.fanprojekt-muenster.de\/wordpress\/abgesagt-sonderzug-nach-mannheim\/\" \/>\n<meta property=\"og:site_name\" content=\"Fangemeinschaft Preu\u00dfen M\u00fcnster e. V.\" \/>\n<meta property=\"article:published_time\" content=\"2020-03-26T14:44:48+00:00\" \/>\n<meta property=\"article:modified_time\" content=\"2020-03-26T15:02:26+00:00\" \/>\n<meta property=\"og:image\" content=\"https:\/\/www.fanprojekt-muenster.de\/wordpress\/wp-content\/uploads\/2020\/03\/sonderzug-mannheim-2-1.png\" \/>\n\t<meta property=\"og:image:width\" content=\"960\" \/>\n\t<meta property=\"og:image:height\" content=\"640\" \/>\n\t<meta property=\"og:image:type\" content=\"image\/png\" \/>\n<meta name=\"author\" content=\"DST\" \/>\n<meta name=\"twitter:card\" content=\"summary_large_image\" \/>\n<meta name=\"twitter:label1\" content=\"Verfasst von\" \/>\n\t<meta name=\"twitter:data1\" content=\"DST\" \/>\n\t<meta name=\"twitter:label2\" content=\"Gesch\u00e4tzte Lesezeit\" \/>\n\t<meta name=\"twitter:data2\" content=\"1\u00a0Minute\" \/>\n<script type=\"application\/ld+json\" class=\"yoast-schema-graph\">{\"@context\":\"https:\/\/schema.org\",\"@graph\":[{\"@type\":\"Article\",\"@id\":\"https:\/\/www.fanprojekt-muenster.de\/wordpress\/abgesagt-sonderzug-nach-mannheim\/#article\",\"isPartOf\":{\"@id\":\"https:\/\/www.fanprojekt-muenster.de\/wordpress\/abgesagt-sonderzug-nach-mannheim\/\"},\"author\":{\"name\":\"DST\",\"@id\":\"https:\/\/www.fanprojekt-muenster.de\/wordpress\/#\/schema\/person\/eed51304a869b4de494727cd2e0c8203\"},\"headline\":\"Abgesagt: Sonderzug nach Mannheim\",\"datePublished\":\"2020-03-26T14:44:48+00:00\",\"dateModified\":\"2020-03-26T15:02:26+00:00\",\"mainEntityOfPage\":{\"@id\":\"https:\/\/www.fanprojekt-muenster.de\/wordpress\/abgesagt-sonderzug-nach-mannheim\/\"},\"wordCount\":204,\"publisher\":{\"@id\":\"https:\/\/www.fanprojekt-muenster.de\/wordpress\/#organization\"},\"image\":{\"@id\":\"https:\/\/www.fanprojekt-muenster.de\/wordpress\/abgesagt-sonderzug-nach-mannheim\/#primaryimage\"},\"thumbnailUrl\":\"https:\/\/www.fanprojekt-muenster.de\/wordpress\/wp-content\/uploads\/2020\/03\/sonderzug-mannheim-2-1.png\",\"inLanguage\":\"de\"},{\"@type\":\"WebPage\",\"@id\":\"https:\/\/www.fanprojekt-muenster.de\/wordpress\/abgesagt-sonderzug-nach-mannheim\/\",\"url\":\"https:\/\/www.fanprojekt-muenster.de\/wordpress\/abgesagt-sonderzug-nach-mannheim\/\",\"name\":\"Abgesagt: Sonderzug nach Mannheim - Fangemeinschaft Preu\u00dfen M\u00fcnster e. V.\",\"isPartOf\":{\"@id\":\"https:\/\/www.fanprojekt-muenster.de\/wordpress\/#website\"},\"primaryImageOfPage\":{\"@id\":\"https:\/\/www.fanprojekt-muenster.de\/wordpress\/abgesagt-sonderzug-nach-mannheim\/#primaryimage\"},\"image\":{\"@id\":\"https:\/\/www.fanprojekt-muenster.de\/wordpress\/abgesagt-sonderzug-nach-mannheim\/#primaryimage\"},\"thumbnailUrl\":\"https:\/\/www.fanprojekt-muenster.de\/wordpress\/wp-content\/uploads\/2020\/03\/sonderzug-mannheim-2-1.png\",\"datePublished\":\"2020-03-26T14:44:48+00:00\",\"dateModified\":\"2020-03-26T15:02:26+00:00\",\"breadcrumb\":{\"@id\":\"https:\/\/www.fanprojekt-muenster.de\/wordpress\/abgesagt-sonderzug-nach-mannheim\/#breadcrumb\"},\"inLanguage\":\"de\",\"potentialAction\":[{\"@type\":\"ReadAction\",\"target\":[\"https:\/\/www.fanprojekt-muenster.de\/wordpress\/abgesagt-sonderzug-nach-mannheim\/\"]}]},{\"@type\":\"ImageObject\",\"inLanguage\":\"de\",\"@id\":\"https:\/\/www.fanprojekt-muenster.de\/wordpress\/abgesagt-sonderzug-nach-mannheim\/#primaryimage\",\"url\":\"https:\/\/www.fanprojekt-muenster.de\/wordpress\/wp-content\/uploads\/2020\/03\/sonderzug-mannheim-2-1.png\",\"contentUrl\":\"https:\/\/www.fanprojekt-muenster.de\/wordpress\/wp-content\/uploads\/2020\/03\/sonderzug-mannheim-2-1.png\",\"width\":960,\"height\":640},{\"@type\":\"BreadcrumbList\",\"@id\":\"https:\/\/www.fanprojekt-muenster.de\/wordpress\/abgesagt-sonderzug-nach-mannheim\/#breadcrumb\",\"itemListElement\":[{\"@type\":\"ListItem\",\"position\":1,\"name\":\"Startseite\",\"item\":\"https:\/\/www.fanprojekt-muenster.de\/wordpress\/\"},{\"@type\":\"ListItem\",\"position\":2,\"name\":\"Abgesagt: Sonderzug nach Mannheim\"}]},{\"@type\":\"WebSite\",\"@id\":\"https:\/\/www.fanprojekt-muenster.de\/wordpress\/#website\",\"url\":\"https:\/\/www.fanprojekt-muenster.de\/wordpress\/\",\"name\":\"Fangemeinschaft Preu\u00dfen M\u00fcnster e. V.\",\"description\":\"\",\"publisher\":{\"@id\":\"https:\/\/www.fanprojekt-muenster.de\/wordpress\/#organization\"},\"potentialAction\":[{\"@type\":\"SearchAction\",\"target\":{\"@type\":\"EntryPoint\",\"urlTemplate\":\"https:\/\/www.fanprojekt-muenster.de\/wordpress\/?s={search_term_string}\"},\"query-input\":{\"@type\":\"PropertyValueSpecification\",\"valueRequired\":true,\"valueName\":\"search_term_string\"}}],\"inLanguage\":\"de\"},{\"@type\":\"Organization\",\"@id\":\"https:\/\/www.fanprojekt-muenster.de\/wordpress\/#organization\",\"name\":\"Fangemeinschaft Preu\u00dfen M\u00fcnster e. V.\",\"url\":\"https:\/\/www.fanprojekt-muenster.de\/wordpress\/\",\"logo\":{\"@type\":\"ImageObject\",\"inLanguage\":\"de\",\"@id\":\"https:\/\/www.fanprojekt-muenster.de\/wordpress\/#\/schema\/logo\/image\/\",\"url\":\"https:\/\/www.fanprojekt-muenster.de\/wordpress\/wp-content\/uploads\/2019\/07\/cropped-Website_Logo3-9.png\",\"contentUrl\":\"https:\/\/www.fanprojekt-muenster.de\/wordpress\/wp-content\/uploads\/2019\/07\/cropped-Website_Logo3-9.png\",\"width\":224,\"height\":42,\"caption\":\"Fangemeinschaft Preu\u00dfen M\u00fcnster e. V.\"},\"image\":{\"@id\":\"https:\/\/www.fanprojekt-muenster.de\/wordpress\/#\/schema\/logo\/image\/\"}},{\"@type\":\"Person\",\"@id\":\"https:\/\/www.fanprojekt-muenster.de\/wordpress\/#\/schema\/person\/eed51304a869b4de494727cd2e0c8203\",\"name\":\"DST\",\"url\":\"https:\/\/www.fanprojekt-muenster.de\/wordpress\/author\/dst\/\"}]}<\/script>\n<!-- \/ Yoast SEO plugin. -->","yoast_head_json":{"title":"Abgesagt: Sonderzug nach Mannheim - Fangemeinschaft Preu\u00dfen M\u00fcnster e. V.","robots":{"index":"index","follow":"follow","max-snippet":"max-snippet:-1","max-image-preview":"max-image-preview:large","max-video-preview":"max-video-preview:-1"},"canonical":"https:\/\/www.fanprojekt-muenster.de\/wordpress\/abgesagt-sonderzug-nach-mannheim\/","og_locale":"de_DE","og_type":"article","og_title":"Abgesagt: Sonderzug nach Mannheim","og_description":"Liebe Preu\u00dfen-Fans, schweren Herzens haben wir uns nun dazu entschieden, den f\u00fcr das erste Maiwochende geplanten Sonderzug nach Mannheim abzusagen.","og_url":"https:\/\/www.fanprojekt-muenster.de\/wordpress\/abgesagt-sonderzug-nach-mannheim\/","og_site_name":"Fangemeinschaft Preu\u00dfen M\u00fcnster e. V.","article_published_time":"2020-03-26T14:44:48+00:00","article_modified_time":"2020-03-26T15:02:26+00:00","og_image":[{"width":960,"height":640,"url":"https:\/\/www.fanprojekt-muenster.de\/wordpress\/wp-content\/uploads\/2020\/03\/sonderzug-mannheim-2-1.png","type":"image\/png"}],"author":"DST","twitter_card":"summary_large_image","twitter_misc":{"Verfasst von":"DST","Gesch\u00e4tzte Lesezeit":"1\u00a0Minute"},"schema":{"@context":"https:\/\/schema.org","@graph":[{"@type":"Article","@id":"https:\/\/www.fanprojekt-muenster.de\/wordpress\/abgesagt-sonderzug-nach-mannheim\/#article","isPartOf":{"@id":"https:\/\/www.fanprojekt-muenster.de\/wordpress\/abgesagt-sonderzug-nach-mannheim\/"},"author":{"name":"DST","@id":"https:\/\/www.fanprojekt-muenster.de\/wordpress\/#\/schema\/person\/eed51304a869b4de494727cd2e0c8203"},"headline":"Abgesagt: Sonderzug nach Mannheim","datePublished":"2020-03-26T14:44:48+00:00","dateModified":"2020-03-26T15:02:26+00:00","mainEntityOfPage":{"@id":"https:\/\/www.fanprojekt-muenster.de\/wordpress\/abgesagt-sonderzug-nach-mannheim\/"},"wordCount":204,"publisher":{"@id":"https:\/\/www.fanprojekt-muenster.de\/wordpress\/#organization"},"image":{"@id":"https:\/\/www.fanprojekt-muenster.de\/wordpress\/abgesagt-sonderzug-nach-mannheim\/#primaryimage"},"thumbnailUrl":"https:\/\/www.fanprojekt-muenster.de\/wordpress\/wp-content\/uploads\/2020\/03\/sonderzug-mannheim-2-1.png","inLanguage":"de"},{"@type":"WebPage","@id":"https:\/\/www.fanprojekt-muenster.de\/wordpress\/abgesagt-sonderzug-nach-mannheim\/","url":"https:\/\/www.fanprojekt-muenster.de\/wordpress\/abgesagt-sonderzug-nach-mannheim\/","name":"Abgesagt: Sonderzug nach Mannheim - Fangemeinschaft Preu\u00dfen M\u00fcnster e. V.","isPartOf":{"@id":"https:\/\/www.fanprojekt-muenster.de\/wordpress\/#website"},"primaryImageOfPage":{"@id":"https:\/\/www.fanprojekt-muenster.de\/wordpress\/abgesagt-sonderzug-nach-mannheim\/#primaryimage"},"image":{"@id":"https:\/\/www.fanprojekt-muenster.de\/wordpress\/abgesagt-sonderzug-nach-mannheim\/#primaryimage"},"thumbnailUrl":"https:\/\/www.fanprojekt-muenster.de\/wordpress\/wp-content\/uploads\/2020\/03\/sonderzug-mannheim-2-1.png","datePublished":"2020-03-26T14:44:48+00:00","dateModified":"2020-03-26T15:02:26+00:00","breadcrumb":{"@id":"https:\/\/www.fanprojekt-muenster.de\/wordpress\/abgesagt-sonderzug-nach-mannheim\/#breadcrumb"},"inLanguage":"de","potentialAction":[{"@type":"ReadAction","target":["https:\/\/www.fanprojekt-muenster.de\/wordpress\/abgesagt-sonderzug-nach-mannheim\/"]}]},{"@type":"ImageObject","inLanguage":"de","@id":"https:\/\/www.fanprojekt-muenster.de\/wordpress\/abgesagt-sonderzug-nach-mannheim\/#primaryimage","url":"https:\/\/www.fanprojekt-muenster.de\/wordpress\/wp-content\/uploads\/2020\/03\/sonderzug-mannheim-2-1.png","contentUrl":"https:\/\/www.fanprojekt-muenster.de\/wordpress\/wp-content\/uploads\/2020\/03\/sonderzug-mannheim-2-1.png","width":960,"height":640},{"@type":"BreadcrumbList","@id":"https:\/\/www.fanprojekt-muenster.de\/wordpress\/abgesagt-sonderzug-nach-mannheim\/#breadcrumb","itemListElement":[{"@type":"ListItem","position":1,"name":"Startseite","item":"https:\/\/www.fanprojekt-muenster.de\/wordpress\/"},{"@type":"ListItem","position":2,"name":"Abgesagt: Sonderzug nach Mannheim"}]},{"@type":"WebSite","@id":"https:\/\/www.fanprojekt-muenster.de\/wordpress\/#website","url":"https:\/\/www.fanprojekt-muenster.de\/wordpress\/","name":"Fangemeinschaft Preu\u00dfen M\u00fcnster e. V.","description":"","publisher":{"@id":"https:\/\/www.fanprojekt-muenster.de\/wordpress\/#organization"},"potentialAction":[{"@type":"SearchAction","target":{"@type":"EntryPoint","urlTemplate":"https:\/\/www.fanprojekt-muenster.de\/wordpress\/?s={search_term_string}"},"query-input":{"@type":"PropertyValueSpecification","valueRequired":true,"valueName":"search_term_string"}}],"inLanguage":"de"},{"@type":"Organization","@id":"https:\/\/www.fanprojekt-muenster.de\/wordpress\/#organization","name":"Fangemeinschaft Preu\u00dfen M\u00fcnster e. V.","url":"https:\/\/www.fanprojekt-muenster.de\/wordpress\/","logo":{"@type":"ImageObject","inLanguage":"de","@id":"https:\/\/www.fanprojekt-muenster.de\/wordpress\/#\/schema\/logo\/image\/","url":"https:\/\/www.fanprojekt-muenster.de\/wordpress\/wp-content\/uploads\/2019\/07\/cropped-Website_Logo3-9.png","contentUrl":"https:\/\/www.fanprojekt-muenster.de\/wordpress\/wp-content\/uploads\/2019\/07\/cropped-Website_Logo3-9.png","width":224,"height":42,"caption":"Fangemeinschaft Preu\u00dfen M\u00fcnster e. V."},"image":{"@id":"https:\/\/www.fanprojekt-muenster.de\/wordpress\/#\/schema\/logo\/image\/"}},{"@type":"Person","@id":"https:\/\/www.fanprojekt-muenster.de\/wordpress\/#\/schema\/person\/eed51304a869b4de494727cd2e0c8203","name":"DST","url":"https:\/\/www.fanprojekt-muenster.de\/wordpress\/author\/dst\/"}]}},"author_meta":{"display_name":"DST","author_link":"https:\/\/www.fanprojekt-muenster.de\/wordpress\/author\/dst\/"},"featured_img":"https:\/\/www.fanprojekt-muenster.de\/wordpress\/wp-content\/uploads\/2020\/03\/sonderzug-mannheim-2-1-300x200.png","coauthors":[],"tax_additional":{"categories":{"linked":["<a href=\"https:\/\/www.fanprojekt-muenster.de\/wordpress\/category\/allgemein\/\" class=\"advgb-post-tax-term\">Allgemein<\/a>"],"unlinked":["<span class=\"advgb-post-tax-term\">Allgemein<\/span>"]}},"comment_count":"0","relative_dates":{"created":"Posted 6\u00a0Jahren ago","modified":"Updated 6\u00a0Jahren ago"},"absolute_dates":{"created":"Posted on 26. M\u00e4rz 2020","modified":"Updated on 26. M\u00e4rz 2020"},"absolute_dates_time":{"created":"Posted on 26. M\u00e4rz 2020 15:44","modified":"Updated on 26. M\u00e4rz 2020 16:02"},"featured_img_caption":"","series_order":"","_links":{"self":[{"href":"https:\/\/www.fanprojekt-muenster.de\/wordpress\/wp-json\/wp\/v2\/posts\/7125","targetHints":{"allow":["GET"]}}],"collection":[{"href":"https:\/\/www.fanprojekt-muenster.de\/wordpress\/wp-json\/wp\/v2\/posts"}],"about":[{"href":"https:\/\/www.fanprojekt-muenster.de\/wordpress\/wp-json\/wp\/v2\/types\/post"}],"author":[{"embeddable":true,"href":"https:\/\/www.fanprojekt-muenster.de\/wordpress\/wp-json\/wp\/v2\/users\/1"}],"replies":[{"embeddable":true,"href":"https:\/\/www.fanprojekt-muenster.de\/wordpress\/wp-json\/wp\/v2\/comments?post=7125"}],"version-history":[{"count":5,"href":"https:\/\/www.fanprojekt-muenster.de\/wordpress\/wp-json\/wp\/v2\/posts\/7125\/revisions"}],"predecessor-version":[{"id":7131,"href":"https:\/\/www.fanprojekt-muenster.de\/wordpress\/wp-json\/wp\/v2\/posts\/7125\/revisions\/7131"}],"wp:featuredmedia":[{"embeddable":true,"href":"https:\/\/www.fanprojekt-muenster.de\/wordpress\/wp-json\/wp\/v2\/media\/7126"}],"wp:attachment":[{"href":"https:\/\/www.fanprojekt-muenster.de\/wordpress\/wp-json\/wp\/v2\/media?parent=7125"}],"wp:term":[{"taxonomy":"category","embeddable":true,"href":"https:\/\/www.fanprojekt-muenster.de\/wordpress\/wp-json\/wp\/v2\/categories?post=7125"},{"taxonomy":"post_tag","embeddable":true,"href":"https:\/\/www.fanprojekt-muenster.de\/wordpress\/wp-json\/wp\/v2\/tags?post=7125"}],"curies":[{"name":"wp","href":"https:\/\/api.w.org\/{rel}","templated":true}]}}