{"id":7108,"date":"2020-03-01T12:13:10","date_gmt":"2020-03-01T11:13:10","guid":{"rendered":"http:\/\/www.fanprojekt-muenster.de\/wordpress\/?p=7108"},"modified":"2020-03-01T13:21:54","modified_gmt":"2020-03-01T12:21:54","slug":"fanprojekt-sonderzug-nach-mannheim","status":"publish","type":"post","link":"https:\/\/www.fanprojekt-muenster.de\/wordpress\/fanprojekt-sonderzug-nach-mannheim\/","title":{"rendered":"Fanprojekt Sonderzug nach Mannheim"},"content":{"rendered":"\n<figure class=\"wp-block-image size-large\"><img loading=\"lazy\" decoding=\"async\" width=\"960\" height=\"640\" src=\"http:\/\/www.fanprojekt-muenster.de\/wordpress\/wp-content\/uploads\/2020\/03\/sonderzug-mannheim-1.png\" alt=\"\" class=\"wp-image-7111\" srcset=\"https:\/\/www.fanprojekt-muenster.de\/wordpress\/wp-content\/uploads\/2020\/03\/sonderzug-mannheim-1.png 960w, https:\/\/www.fanprojekt-muenster.de\/wordpress\/wp-content\/uploads\/2020\/03\/sonderzug-mannheim-1-300x200.png 300w, https:\/\/www.fanprojekt-muenster.de\/wordpress\/wp-content\/uploads\/2020\/03\/sonderzug-mannheim-1-768x512.png 768w, https:\/\/www.fanprojekt-muenster.de\/wordpress\/wp-content\/uploads\/2020\/03\/sonderzug-mannheim-1-160x107.png 160w, https:\/\/www.fanprojekt-muenster.de\/wordpress\/wp-content\/uploads\/2020\/03\/sonderzug-mannheim-1-576x384.png 576w\" sizes=\"auto, (max-width: 960px) 100vw, 960px\" \/><\/figure>\n\n\n\n<p>Zum Ende der Saison wollen wir mit Euch noch einmal in die Ferne reisen. Wir fahren Anfang Mai (Spieltag ist noch nicht Terminiert) mit dem Sonderzug nach Mannheim, seid dabei!<br>Die Fahrt wird nur am 1., 2. oder 3. Mai stattfinden. Sollte das Spiel auf den Montag (4.5.2020) terminiert werden, dann w\u00fcrde der Zug nicht fahren und alle w\u00fcrden ihr Geld zur\u00fcckerhalten.<\/p>\n\n\n\n<p>Wie schon 2015 nach Halle und im letzten Jahr nach M\u00fcnchen sind die (geplanten acht) Sitzwagen in Sechserabteile unterteilt. F\u00fcr die gro\u00dfe Party wird im Sambawagen mit Musik gesorgt. Eine zweite, etwas kleinere Freifl\u00e4che gibt es im Bistrowagen. In diesen beiden k\u00f6nnt ihr euch auch mit Getr\u00e4nken und kleinen Snacks versorgen.<\/p>\n\n\n\n<p>Der Fahrpreis betr\u00e4gt 50\u20ac und Fanprojekt-Mitglieder zahlen 45\u20ac (jeweils ohne Stadionkarte). Zugtickets gibt es jeweils 90min vor und nach den n\u00e4chsten Heimspielen (Achtung: 02.03. gegen Hansa Rostock nur nach Abpfiff!) am Fancontainer und online \u00fcber unsere Website per Formular (<a href=\"http:\/\/sonderzug.fanprojekt-muenster.de\/\" target=\"_blank\" rel=\"noreferrer noopener\">sonderzug.fanprojekt-muenster.de<\/a>).<\/p>\n\n\n\n<p>Solltet Ihr mit Freunden zusammen sitzen wollen, empfehlen wir dringend, euch zusammen zu tun und gemeinsam eines der oben erw\u00e4hnten Sechserabteile zu buchen. Nur so ist sichergestellt, dass ihr mit Freunden und Bekannten zusammensitzen k\u00f6nnt. Es wird dieses Mal keine Aufteilung der Waggons in unterschiedliche Bereiche (entsprechend des Preu\u00dfenstadions) geben, sondern die Pl\u00e4tze\/Abteile nach Anmeldeszeitpunkt aufgef\u00fcllt.<\/p>\n\n\n\n<p>Wir freuen uns auf eine tolle Fahrt mit Euch!<\/p>\n\n\n\n<p>Euer Fanprojekt<\/p>\n","protected":false},"excerpt":{"rendered":"<p>Zum Ende der Saison wollen wir mit Euch noch einmal in die Ferne reisen. Wir fahren Anfang Mai (Spieltag ist noch nicht Terminiert) mit dem Sonderzug nach Mannheim, seid dabei!Die&#8230; <a class=\"read-more-link\" href=\"https:\/\/www.fanprojekt-muenster.de\/wordpress\/fanprojekt-sonderzug-nach-mannheim\/\">Read more &raquo;<\/a><\/p>\n","protected":false},"author":1,"featured_media":7111,"comment_status":"closed","ping_status":"open","sticky":false,"template":"","format":"standard","meta":{"advgb_blocks_editor_width":"","advgb_blocks_columns_visual_guide":"","footnotes":""},"categories":[1],"tags":[],"class_list":["post-7108","post","type-post","status-publish","format-standard","has-post-thumbnail","hentry","category-allgemein"],"featured_image_src":"https:\/\/www.fanprojekt-muenster.de\/wordpress\/wp-content\/uploads\/2020\/03\/sonderzug-mannheim-1.png","author_info":{"display_name":"DST","author_link":"https:\/\/www.fanprojekt-muenster.de\/wordpress\/author\/dst\/"},"yoast_head":"<!-- This site is optimized with the Yoast SEO plugin v27.2 - https:\/\/yoast.com\/product\/yoast-seo-wordpress\/ -->\n<title>Fanprojekt Sonderzug nach Mannheim - Fangemeinschaft Preu\u00dfen M\u00fcnster e. V.<\/title>\n<meta name=\"robots\" content=\"index, follow, max-snippet:-1, max-image-preview:large, max-video-preview:-1\" \/>\n<link rel=\"canonical\" href=\"https:\/\/www.fanprojekt-muenster.de\/wordpress\/fanprojekt-sonderzug-nach-mannheim\/\" \/>\n<meta property=\"og:locale\" content=\"de_DE\" \/>\n<meta property=\"og:type\" content=\"article\" \/>\n<meta property=\"og:title\" content=\"Fanprojekt Sonderzug nach Mannheim\" \/>\n<meta property=\"og:description\" content=\"Zum Ende der Saison wollen wir mit Euch noch einmal in die Ferne reisen. Wir fahren Anfang Mai (Spieltag ist noch nicht Terminiert) mit dem Sonderzug nach Mannheim, seid dabei!\" \/>\n<meta property=\"og:url\" content=\"https:\/\/www.fanprojekt-muenster.de\/wordpress\/fanprojekt-sonderzug-nach-mannheim\/\" \/>\n<meta property=\"og:site_name\" content=\"Fangemeinschaft Preu\u00dfen M\u00fcnster e. V.\" \/>\n<meta property=\"article:published_time\" content=\"2020-03-01T11:13:10+00:00\" \/>\n<meta property=\"article:modified_time\" content=\"2020-03-01T12:21:54+00:00\" \/>\n<meta property=\"og:image\" content=\"https:\/\/www.fanprojekt-muenster.de\/wordpress\/wp-content\/uploads\/2020\/03\/sonderzug-mannheim.png\" \/>\n\t<meta property=\"og:image:width\" content=\"960\" \/>\n\t<meta property=\"og:image:height\" content=\"640\" \/>\n\t<meta property=\"og:image:type\" content=\"image\/png\" \/>\n<meta name=\"author\" content=\"DST\" \/>\n<meta name=\"twitter:card\" content=\"summary_large_image\" \/>\n<meta name=\"twitter:title\" content=\"Fanprojekt Sonderzug nach Mannheim\" \/>\n<meta name=\"twitter:description\" content=\"Zum Ende der Saison wollen wir mit Euch noch einmal in die Ferne reisen. Wir fahren Anfang Mai (Spieltag ist noch nicht Terminiert) mit dem Sonderzug nach Mannheim, seid dabei!\" \/>\n<meta name=\"twitter:image\" content=\"https:\/\/www.fanprojekt-muenster.de\/wordpress\/wp-content\/uploads\/2020\/03\/sonderzug-mannheim-2.png\" \/>\n<meta name=\"twitter:label1\" content=\"Verfasst von\" \/>\n\t<meta name=\"twitter:data1\" content=\"DST\" \/>\n\t<meta name=\"twitter:label2\" content=\"Gesch\u00e4tzte Lesezeit\" \/>\n\t<meta name=\"twitter:data2\" content=\"1\u00a0Minute\" \/>\n<script type=\"application\/ld+json\" class=\"yoast-schema-graph\">{\"@context\":\"https:\/\/schema.org\",\"@graph\":[{\"@type\":\"Article\",\"@id\":\"https:\/\/www.fanprojekt-muenster.de\/wordpress\/fanprojekt-sonderzug-nach-mannheim\/#article\",\"isPartOf\":{\"@id\":\"https:\/\/www.fanprojekt-muenster.de\/wordpress\/fanprojekt-sonderzug-nach-mannheim\/\"},\"author\":{\"name\":\"DST\",\"@id\":\"https:\/\/www.fanprojekt-muenster.de\/wordpress\/#\/schema\/person\/eed51304a869b4de494727cd2e0c8203\"},\"headline\":\"Fanprojekt Sonderzug nach Mannheim\",\"datePublished\":\"2020-03-01T11:13:10+00:00\",\"dateModified\":\"2020-03-01T12:21:54+00:00\",\"mainEntityOfPage\":{\"@id\":\"https:\/\/www.fanprojekt-muenster.de\/wordpress\/fanprojekt-sonderzug-nach-mannheim\/\"},\"wordCount\":235,\"publisher\":{\"@id\":\"https:\/\/www.fanprojekt-muenster.de\/wordpress\/#organization\"},\"image\":{\"@id\":\"https:\/\/www.fanprojekt-muenster.de\/wordpress\/fanprojekt-sonderzug-nach-mannheim\/#primaryimage\"},\"thumbnailUrl\":\"https:\/\/www.fanprojekt-muenster.de\/wordpress\/wp-content\/uploads\/2020\/03\/sonderzug-mannheim-1.png\",\"inLanguage\":\"de\"},{\"@type\":\"WebPage\",\"@id\":\"https:\/\/www.fanprojekt-muenster.de\/wordpress\/fanprojekt-sonderzug-nach-mannheim\/\",\"url\":\"https:\/\/www.fanprojekt-muenster.de\/wordpress\/fanprojekt-sonderzug-nach-mannheim\/\",\"name\":\"Fanprojekt Sonderzug nach Mannheim - Fangemeinschaft Preu\u00dfen M\u00fcnster e. V.\",\"isPartOf\":{\"@id\":\"https:\/\/www.fanprojekt-muenster.de\/wordpress\/#website\"},\"primaryImageOfPage\":{\"@id\":\"https:\/\/www.fanprojekt-muenster.de\/wordpress\/fanprojekt-sonderzug-nach-mannheim\/#primaryimage\"},\"image\":{\"@id\":\"https:\/\/www.fanprojekt-muenster.de\/wordpress\/fanprojekt-sonderzug-nach-mannheim\/#primaryimage\"},\"thumbnailUrl\":\"https:\/\/www.fanprojekt-muenster.de\/wordpress\/wp-content\/uploads\/2020\/03\/sonderzug-mannheim-1.png\",\"datePublished\":\"2020-03-01T11:13:10+00:00\",\"dateModified\":\"2020-03-01T12:21:54+00:00\",\"breadcrumb\":{\"@id\":\"https:\/\/www.fanprojekt-muenster.de\/wordpress\/fanprojekt-sonderzug-nach-mannheim\/#breadcrumb\"},\"inLanguage\":\"de\",\"potentialAction\":[{\"@type\":\"ReadAction\",\"target\":[\"https:\/\/www.fanprojekt-muenster.de\/wordpress\/fanprojekt-sonderzug-nach-mannheim\/\"]}]},{\"@type\":\"ImageObject\",\"inLanguage\":\"de\",\"@id\":\"https:\/\/www.fanprojekt-muenster.de\/wordpress\/fanprojekt-sonderzug-nach-mannheim\/#primaryimage\",\"url\":\"https:\/\/www.fanprojekt-muenster.de\/wordpress\/wp-content\/uploads\/2020\/03\/sonderzug-mannheim-1.png\",\"contentUrl\":\"https:\/\/www.fanprojekt-muenster.de\/wordpress\/wp-content\/uploads\/2020\/03\/sonderzug-mannheim-1.png\",\"width\":960,\"height\":640},{\"@type\":\"BreadcrumbList\",\"@id\":\"https:\/\/www.fanprojekt-muenster.de\/wordpress\/fanprojekt-sonderzug-nach-mannheim\/#breadcrumb\",\"itemListElement\":[{\"@type\":\"ListItem\",\"position\":1,\"name\":\"Startseite\",\"item\":\"https:\/\/www.fanprojekt-muenster.de\/wordpress\/\"},{\"@type\":\"ListItem\",\"position\":2,\"name\":\"Fanprojekt Sonderzug nach Mannheim\"}]},{\"@type\":\"WebSite\",\"@id\":\"https:\/\/www.fanprojekt-muenster.de\/wordpress\/#website\",\"url\":\"https:\/\/www.fanprojekt-muenster.de\/wordpress\/\",\"name\":\"Fangemeinschaft Preu\u00dfen M\u00fcnster e. V.\",\"description\":\"\",\"publisher\":{\"@id\":\"https:\/\/www.fanprojekt-muenster.de\/wordpress\/#organization\"},\"potentialAction\":[{\"@type\":\"SearchAction\",\"target\":{\"@type\":\"EntryPoint\",\"urlTemplate\":\"https:\/\/www.fanprojekt-muenster.de\/wordpress\/?s={search_term_string}\"},\"query-input\":{\"@type\":\"PropertyValueSpecification\",\"valueRequired\":true,\"valueName\":\"search_term_string\"}}],\"inLanguage\":\"de\"},{\"@type\":\"Organization\",\"@id\":\"https:\/\/www.fanprojekt-muenster.de\/wordpress\/#organization\",\"name\":\"Fangemeinschaft Preu\u00dfen M\u00fcnster e. V.\",\"url\":\"https:\/\/www.fanprojekt-muenster.de\/wordpress\/\",\"logo\":{\"@type\":\"ImageObject\",\"inLanguage\":\"de\",\"@id\":\"https:\/\/www.fanprojekt-muenster.de\/wordpress\/#\/schema\/logo\/image\/\",\"url\":\"https:\/\/www.fanprojekt-muenster.de\/wordpress\/wp-content\/uploads\/2019\/07\/cropped-Website_Logo3-9.png\",\"contentUrl\":\"https:\/\/www.fanprojekt-muenster.de\/wordpress\/wp-content\/uploads\/2019\/07\/cropped-Website_Logo3-9.png\",\"width\":224,\"height\":42,\"caption\":\"Fangemeinschaft Preu\u00dfen M\u00fcnster e. V.\"},\"image\":{\"@id\":\"https:\/\/www.fanprojekt-muenster.de\/wordpress\/#\/schema\/logo\/image\/\"}},{\"@type\":\"Person\",\"@id\":\"https:\/\/www.fanprojekt-muenster.de\/wordpress\/#\/schema\/person\/eed51304a869b4de494727cd2e0c8203\",\"name\":\"DST\",\"url\":\"https:\/\/www.fanprojekt-muenster.de\/wordpress\/author\/dst\/\"}]}<\/script>\n<!-- \/ Yoast SEO plugin. -->","yoast_head_json":{"title":"Fanprojekt Sonderzug nach Mannheim - Fangemeinschaft Preu\u00dfen M\u00fcnster e. V.","robots":{"index":"index","follow":"follow","max-snippet":"max-snippet:-1","max-image-preview":"max-image-preview:large","max-video-preview":"max-video-preview:-1"},"canonical":"https:\/\/www.fanprojekt-muenster.de\/wordpress\/fanprojekt-sonderzug-nach-mannheim\/","og_locale":"de_DE","og_type":"article","og_title":"Fanprojekt Sonderzug nach Mannheim","og_description":"Zum Ende der Saison wollen wir mit Euch noch einmal in die Ferne reisen. Wir fahren Anfang Mai (Spieltag ist noch nicht Terminiert) mit dem Sonderzug nach Mannheim, seid dabei!","og_url":"https:\/\/www.fanprojekt-muenster.de\/wordpress\/fanprojekt-sonderzug-nach-mannheim\/","og_site_name":"Fangemeinschaft Preu\u00dfen M\u00fcnster e. V.","article_published_time":"2020-03-01T11:13:10+00:00","article_modified_time":"2020-03-01T12:21:54+00:00","og_image":[{"width":960,"height":640,"url":"https:\/\/www.fanprojekt-muenster.de\/wordpress\/wp-content\/uploads\/2020\/03\/sonderzug-mannheim.png","type":"image\/png"}],"author":"DST","twitter_card":"summary_large_image","twitter_title":"Fanprojekt Sonderzug nach Mannheim","twitter_description":"Zum Ende der Saison wollen wir mit Euch noch einmal in die Ferne reisen. Wir fahren Anfang Mai (Spieltag ist noch nicht Terminiert) mit dem Sonderzug nach Mannheim, seid dabei!","twitter_image":"https:\/\/www.fanprojekt-muenster.de\/wordpress\/wp-content\/uploads\/2020\/03\/sonderzug-mannheim-2.png","twitter_misc":{"Verfasst von":"DST","Gesch\u00e4tzte Lesezeit":"1\u00a0Minute"},"schema":{"@context":"https:\/\/schema.org","@graph":[{"@type":"Article","@id":"https:\/\/www.fanprojekt-muenster.de\/wordpress\/fanprojekt-sonderzug-nach-mannheim\/#article","isPartOf":{"@id":"https:\/\/www.fanprojekt-muenster.de\/wordpress\/fanprojekt-sonderzug-nach-mannheim\/"},"author":{"name":"DST","@id":"https:\/\/www.fanprojekt-muenster.de\/wordpress\/#\/schema\/person\/eed51304a869b4de494727cd2e0c8203"},"headline":"Fanprojekt Sonderzug nach Mannheim","datePublished":"2020-03-01T11:13:10+00:00","dateModified":"2020-03-01T12:21:54+00:00","mainEntityOfPage":{"@id":"https:\/\/www.fanprojekt-muenster.de\/wordpress\/fanprojekt-sonderzug-nach-mannheim\/"},"wordCount":235,"publisher":{"@id":"https:\/\/www.fanprojekt-muenster.de\/wordpress\/#organization"},"image":{"@id":"https:\/\/www.fanprojekt-muenster.de\/wordpress\/fanprojekt-sonderzug-nach-mannheim\/#primaryimage"},"thumbnailUrl":"https:\/\/www.fanprojekt-muenster.de\/wordpress\/wp-content\/uploads\/2020\/03\/sonderzug-mannheim-1.png","inLanguage":"de"},{"@type":"WebPage","@id":"https:\/\/www.fanprojekt-muenster.de\/wordpress\/fanprojekt-sonderzug-nach-mannheim\/","url":"https:\/\/www.fanprojekt-muenster.de\/wordpress\/fanprojekt-sonderzug-nach-mannheim\/","name":"Fanprojekt Sonderzug nach Mannheim - Fangemeinschaft Preu\u00dfen M\u00fcnster e. V.","isPartOf":{"@id":"https:\/\/www.fanprojekt-muenster.de\/wordpress\/#website"},"primaryImageOfPage":{"@id":"https:\/\/www.fanprojekt-muenster.de\/wordpress\/fanprojekt-sonderzug-nach-mannheim\/#primaryimage"},"image":{"@id":"https:\/\/www.fanprojekt-muenster.de\/wordpress\/fanprojekt-sonderzug-nach-mannheim\/#primaryimage"},"thumbnailUrl":"https:\/\/www.fanprojekt-muenster.de\/wordpress\/wp-content\/uploads\/2020\/03\/sonderzug-mannheim-1.png","datePublished":"2020-03-01T11:13:10+00:00","dateModified":"2020-03-01T12:21:54+00:00","breadcrumb":{"@id":"https:\/\/www.fanprojekt-muenster.de\/wordpress\/fanprojekt-sonderzug-nach-mannheim\/#breadcrumb"},"inLanguage":"de","potentialAction":[{"@type":"ReadAction","target":["https:\/\/www.fanprojekt-muenster.de\/wordpress\/fanprojekt-sonderzug-nach-mannheim\/"]}]},{"@type":"ImageObject","inLanguage":"de","@id":"https:\/\/www.fanprojekt-muenster.de\/wordpress\/fanprojekt-sonderzug-nach-mannheim\/#primaryimage","url":"https:\/\/www.fanprojekt-muenster.de\/wordpress\/wp-content\/uploads\/2020\/03\/sonderzug-mannheim-1.png","contentUrl":"https:\/\/www.fanprojekt-muenster.de\/wordpress\/wp-content\/uploads\/2020\/03\/sonderzug-mannheim-1.png","width":960,"height":640},{"@type":"BreadcrumbList","@id":"https:\/\/www.fanprojekt-muenster.de\/wordpress\/fanprojekt-sonderzug-nach-mannheim\/#breadcrumb","itemListElement":[{"@type":"ListItem","position":1,"name":"Startseite","item":"https:\/\/www.fanprojekt-muenster.de\/wordpress\/"},{"@type":"ListItem","position":2,"name":"Fanprojekt Sonderzug nach Mannheim"}]},{"@type":"WebSite","@id":"https:\/\/www.fanprojekt-muenster.de\/wordpress\/#website","url":"https:\/\/www.fanprojekt-muenster.de\/wordpress\/","name":"Fangemeinschaft Preu\u00dfen M\u00fcnster e. V.","description":"","publisher":{"@id":"https:\/\/www.fanprojekt-muenster.de\/wordpress\/#organization"},"potentialAction":[{"@type":"SearchAction","target":{"@type":"EntryPoint","urlTemplate":"https:\/\/www.fanprojekt-muenster.de\/wordpress\/?s={search_term_string}"},"query-input":{"@type":"PropertyValueSpecification","valueRequired":true,"valueName":"search_term_string"}}],"inLanguage":"de"},{"@type":"Organization","@id":"https:\/\/www.fanprojekt-muenster.de\/wordpress\/#organization","name":"Fangemeinschaft Preu\u00dfen M\u00fcnster e. V.","url":"https:\/\/www.fanprojekt-muenster.de\/wordpress\/","logo":{"@type":"ImageObject","inLanguage":"de","@id":"https:\/\/www.fanprojekt-muenster.de\/wordpress\/#\/schema\/logo\/image\/","url":"https:\/\/www.fanprojekt-muenster.de\/wordpress\/wp-content\/uploads\/2019\/07\/cropped-Website_Logo3-9.png","contentUrl":"https:\/\/www.fanprojekt-muenster.de\/wordpress\/wp-content\/uploads\/2019\/07\/cropped-Website_Logo3-9.png","width":224,"height":42,"caption":"Fangemeinschaft Preu\u00dfen M\u00fcnster e. V."},"image":{"@id":"https:\/\/www.fanprojekt-muenster.de\/wordpress\/#\/schema\/logo\/image\/"}},{"@type":"Person","@id":"https:\/\/www.fanprojekt-muenster.de\/wordpress\/#\/schema\/person\/eed51304a869b4de494727cd2e0c8203","name":"DST","url":"https:\/\/www.fanprojekt-muenster.de\/wordpress\/author\/dst\/"}]}},"author_meta":{"display_name":"DST","author_link":"https:\/\/www.fanprojekt-muenster.de\/wordpress\/author\/dst\/"},"featured_img":"https:\/\/www.fanprojekt-muenster.de\/wordpress\/wp-content\/uploads\/2020\/03\/sonderzug-mannheim-1-300x200.png","coauthors":[],"tax_additional":{"categories":{"linked":["<a href=\"https:\/\/www.fanprojekt-muenster.de\/wordpress\/category\/allgemein\/\" class=\"advgb-post-tax-term\">Allgemein<\/a>"],"unlinked":["<span class=\"advgb-post-tax-term\">Allgemein<\/span>"]}},"comment_count":"0","relative_dates":{"created":"Posted 6\u00a0Jahren ago","modified":"Updated 6\u00a0Jahren ago"},"absolute_dates":{"created":"Posted on 1. M\u00e4rz 2020","modified":"Updated on 1. M\u00e4rz 2020"},"absolute_dates_time":{"created":"Posted on 1. M\u00e4rz 2020 12:13","modified":"Updated on 1. M\u00e4rz 2020 13:21"},"featured_img_caption":"","series_order":"","_links":{"self":[{"href":"https:\/\/www.fanprojekt-muenster.de\/wordpress\/wp-json\/wp\/v2\/posts\/7108","targetHints":{"allow":["GET"]}}],"collection":[{"href":"https:\/\/www.fanprojekt-muenster.de\/wordpress\/wp-json\/wp\/v2\/posts"}],"about":[{"href":"https:\/\/www.fanprojekt-muenster.de\/wordpress\/wp-json\/wp\/v2\/types\/post"}],"author":[{"embeddable":true,"href":"https:\/\/www.fanprojekt-muenster.de\/wordpress\/wp-json\/wp\/v2\/users\/1"}],"replies":[{"embeddable":true,"href":"https:\/\/www.fanprojekt-muenster.de\/wordpress\/wp-json\/wp\/v2\/comments?post=7108"}],"version-history":[{"count":1,"href":"https:\/\/www.fanprojekt-muenster.de\/wordpress\/wp-json\/wp\/v2\/posts\/7108\/revisions"}],"predecessor-version":[{"id":7113,"href":"https:\/\/www.fanprojekt-muenster.de\/wordpress\/wp-json\/wp\/v2\/posts\/7108\/revisions\/7113"}],"wp:featuredmedia":[{"embeddable":true,"href":"https:\/\/www.fanprojekt-muenster.de\/wordpress\/wp-json\/wp\/v2\/media\/7111"}],"wp:attachment":[{"href":"https:\/\/www.fanprojekt-muenster.de\/wordpress\/wp-json\/wp\/v2\/media?parent=7108"}],"wp:term":[{"taxonomy":"category","embeddable":true,"href":"https:\/\/www.fanprojekt-muenster.de\/wordpress\/wp-json\/wp\/v2\/categories?post=7108"},{"taxonomy":"post_tag","embeddable":true,"href":"https:\/\/www.fanprojekt-muenster.de\/wordpress\/wp-json\/wp\/v2\/tags?post=7108"}],"curies":[{"name":"wp","href":"https:\/\/api.w.org\/{rel}","templated":true}]}}