{"id":7104,"date":"2020-02-26T10:58:25","date_gmt":"2020-02-26T09:58:25","guid":{"rendered":"http:\/\/www.fanprojekt-muenster.de\/wordpress\/?p=7104"},"modified":"2020-02-26T11:09:58","modified_gmt":"2020-02-26T10:09:58","slug":"spendenuebergabe-an-das-pelikanhaus","status":"publish","type":"post","link":"https:\/\/www.fanprojekt-muenster.de\/wordpress\/spendenuebergabe-an-das-pelikanhaus\/","title":{"rendered":"Spenden\u00fcbergabe an das Pelikanhaus"},"content":{"rendered":"\n<div class=\"wp-block-image\"><figure class=\"aligncenter size-large is-resized\"><img loading=\"lazy\" decoding=\"async\" src=\"http:\/\/www.fanprojekt-muenster.de\/wordpress\/wp-content\/uploads\/2020\/02\/CLE_Spende-Fanprojekt-1024x764.jpg\" alt=\"\" class=\"wp-image-7105\" width=\"604\" height=\"450\" srcset=\"https:\/\/www.fanprojekt-muenster.de\/wordpress\/wp-content\/uploads\/2020\/02\/CLE_Spende-Fanprojekt-1024x764.jpg 1024w, https:\/\/www.fanprojekt-muenster.de\/wordpress\/wp-content\/uploads\/2020\/02\/CLE_Spende-Fanprojekt-300x224.jpg 300w, https:\/\/www.fanprojekt-muenster.de\/wordpress\/wp-content\/uploads\/2020\/02\/CLE_Spende-Fanprojekt-768x573.jpg 768w, https:\/\/www.fanprojekt-muenster.de\/wordpress\/wp-content\/uploads\/2020\/02\/CLE_Spende-Fanprojekt-160x119.jpg 160w, https:\/\/www.fanprojekt-muenster.de\/wordpress\/wp-content\/uploads\/2020\/02\/CLE_Spende-Fanprojekt-1536x1146.jpg 1536w, https:\/\/www.fanprojekt-muenster.de\/wordpress\/wp-content\/uploads\/2020\/02\/CLE_Spende-Fanprojekt-2048x1528.jpg 2048w\" sizes=\"auto, (max-width: 604px) 100vw, 604px\" \/><figcaption>  Sabrina Schulz (l.) und Priv.-Doz. Dr. Otfried Debus (r.) vom  Clemenshospital freuen sich \u00fcber die Unterst\u00fctzung des Pelikanhaus durch  das Fanprojekt Preu\u00dfen M\u00fcnster e.V.. Dirk Stiller (2.v.l.) und  Christoph Nientiedt (2.v.r.) \u00fcberbrachten die Spendensumme. <\/figcaption><\/figure><\/div>\n\n\n\n<p><strong>Preu\u00dfen-Fanprojekt unterst\u00fctzt\ndas Pelikanhaus<\/strong><\/p>\n\n\n\n<p>Das Fanprojekt\nPreu\u00dfen M\u00fcnster e.V. hat 1906 Euro an das Clemenshospital zur Finanzierung des\nPelikanhauses \u00fcbergeben. Zum allj\u00e4hrlichen Neujahrsempfang kamen rund 130\nMitglieder und Fans, um gemeinsam das Jahr einzul\u00e4uten. \u201eWir haben nicht nur\nausgelassen gefeiert, sondern einmal mehr wurde auch in diesem Jahr der\nkaritative Gedanke mit Leben gef\u00fcllt\u201c, berichtet Dirk Stiller, erster\nVorsitzende des Fanprojekts. H\u00f6hepunkt war die traditionelle Tombola, die im\nVorfeld von zahlreichen Unternehmen mit attraktiven Preisen unterst\u00fctzt wurde.\nDen Erl\u00f6s hat das Fanprojekt um einige Euroaufgestockt, um 1906 Euro\n\u00fcbergeben zu k\u00f6nnen. Die Summe ist eine Anspielung auf das\nPreu\u00dfen-Gr\u00fcndungsjahr. Gemeinsam mit Christoph Nientiedt vom Fanprojekt\ninformierte sich Stiller vor Ort bei Chefarzt Priv.-Doz. Dr. Otfried Debus \u00fcber\ndas geplante Pelikanhaus, das zuk\u00fcnftig den Angeh\u00f6rigen schwer erkrankter\nKinder ein Zuhause bieten wird. \u201eWir freuen uns sehr \u00fcber die\nNachbarschaftshilfe der Preu\u00dfen, die Kinder werden es ihnen danken\u201c so Debus.<\/p>\n","protected":false},"excerpt":{"rendered":"<p>Preu\u00dfen-Fanprojekt unterst\u00fctzt das Pelikanhaus Das Fanprojekt Preu\u00dfen M\u00fcnster e.V. hat 1906 Euro an das Clemenshospital zur Finanzierung des Pelikanhauses \u00fcbergeben. Zum allj\u00e4hrlichen Neujahrsempfang kamen rund 130 Mitglieder und Fans, um&#8230; <a class=\"read-more-link\" href=\"https:\/\/www.fanprojekt-muenster.de\/wordpress\/spendenuebergabe-an-das-pelikanhaus\/\">Read more &raquo;<\/a><\/p>\n","protected":false},"author":1,"featured_media":7105,"comment_status":"closed","ping_status":"open","sticky":false,"template":"","format":"standard","meta":{"advgb_blocks_editor_width":"","advgb_blocks_columns_visual_guide":"","footnotes":""},"categories":[1],"tags":[],"class_list":["post-7104","post","type-post","status-publish","format-standard","has-post-thumbnail","hentry","category-allgemein"],"featured_image_src":"https:\/\/www.fanprojekt-muenster.de\/wordpress\/wp-content\/uploads\/2020\/02\/CLE_Spende-Fanprojekt-scaled.jpg","author_info":{"display_name":"DST","author_link":"https:\/\/www.fanprojekt-muenster.de\/wordpress\/author\/dst\/"},"yoast_head":"<!-- This site is optimized with the Yoast SEO plugin v27.2 - https:\/\/yoast.com\/product\/yoast-seo-wordpress\/ -->\n<title>Spenden\u00fcbergabe an das Pelikanhaus - Fangemeinschaft Preu\u00dfen M\u00fcnster e. V.<\/title>\n<meta name=\"robots\" content=\"index, follow, max-snippet:-1, max-image-preview:large, max-video-preview:-1\" \/>\n<link rel=\"canonical\" href=\"https:\/\/www.fanprojekt-muenster.de\/wordpress\/spendenuebergabe-an-das-pelikanhaus\/\" \/>\n<meta property=\"og:locale\" content=\"de_DE\" \/>\n<meta property=\"og:type\" content=\"article\" \/>\n<meta property=\"og:title\" content=\"Preu\u00dfen-Fanprojekt unterst\u00fctzt das Pelikanhaus\" \/>\n<meta property=\"og:description\" content=\"Das Fanprojekt Preu\u00dfen M\u00fcnster e.V. hat 1906 Euro an das Clemenshospital zur Finanzierung des Pelikanhauses \u00fcbergeben. [...]\" \/>\n<meta property=\"og:url\" content=\"https:\/\/www.fanprojekt-muenster.de\/wordpress\/spendenuebergabe-an-das-pelikanhaus\/\" \/>\n<meta property=\"og:site_name\" content=\"Fangemeinschaft Preu\u00dfen M\u00fcnster e. V.\" \/>\n<meta property=\"article:published_time\" content=\"2020-02-26T09:58:25+00:00\" \/>\n<meta property=\"article:modified_time\" content=\"2020-02-26T10:09:58+00:00\" \/>\n<meta property=\"og:image\" content=\"https:\/\/www.fanprojekt-muenster.de\/wordpress\/wp-content\/uploads\/2020\/02\/CLE_Spende-Fanprojekt-scaled.jpg\" \/>\n\t<meta property=\"og:image:width\" content=\"2560\" \/>\n\t<meta property=\"og:image:height\" content=\"1910\" \/>\n\t<meta property=\"og:image:type\" content=\"image\/jpeg\" \/>\n<meta name=\"author\" content=\"DST\" \/>\n<meta name=\"twitter:card\" content=\"summary_large_image\" \/>\n<meta name=\"twitter:title\" content=\"Preu\u00dfen-Fanprojekt unterst\u00fctzt das Pelikanhaus\" \/>\n<meta name=\"twitter:description\" content=\"Das Fanprojekt Preu\u00dfen M\u00fcnster e.V. hat 1906 Euro an das Clemenshospital zur Finanzierung des Pelikanhauses \u00fcbergeben. [...]\" \/>\n<meta name=\"twitter:image\" content=\"https:\/\/www.fanprojekt-muenster.de\/wordpress\/wp-content\/uploads\/2020\/02\/CLE_Spende-Fanprojekt-scaled.jpg\" \/>\n<meta name=\"twitter:label1\" content=\"Verfasst von\" \/>\n\t<meta name=\"twitter:data1\" content=\"DST\" \/>\n\t<meta name=\"twitter:label2\" content=\"Gesch\u00e4tzte Lesezeit\" \/>\n\t<meta name=\"twitter:data2\" content=\"1\u00a0Minute\" \/>\n<script type=\"application\/ld+json\" class=\"yoast-schema-graph\">{\"@context\":\"https:\/\/schema.org\",\"@graph\":[{\"@type\":\"Article\",\"@id\":\"https:\/\/www.fanprojekt-muenster.de\/wordpress\/spendenuebergabe-an-das-pelikanhaus\/#article\",\"isPartOf\":{\"@id\":\"https:\/\/www.fanprojekt-muenster.de\/wordpress\/spendenuebergabe-an-das-pelikanhaus\/\"},\"author\":{\"name\":\"DST\",\"@id\":\"https:\/\/www.fanprojekt-muenster.de\/wordpress\/#\/schema\/person\/eed51304a869b4de494727cd2e0c8203\"},\"headline\":\"Spenden\u00fcbergabe an das Pelikanhaus\",\"datePublished\":\"2020-02-26T09:58:25+00:00\",\"dateModified\":\"2020-02-26T10:09:58+00:00\",\"mainEntityOfPage\":{\"@id\":\"https:\/\/www.fanprojekt-muenster.de\/wordpress\/spendenuebergabe-an-das-pelikanhaus\/\"},\"wordCount\":209,\"publisher\":{\"@id\":\"https:\/\/www.fanprojekt-muenster.de\/wordpress\/#organization\"},\"image\":{\"@id\":\"https:\/\/www.fanprojekt-muenster.de\/wordpress\/spendenuebergabe-an-das-pelikanhaus\/#primaryimage\"},\"thumbnailUrl\":\"https:\/\/www.fanprojekt-muenster.de\/wordpress\/wp-content\/uploads\/2020\/02\/CLE_Spende-Fanprojekt-scaled.jpg\",\"inLanguage\":\"de\"},{\"@type\":\"WebPage\",\"@id\":\"https:\/\/www.fanprojekt-muenster.de\/wordpress\/spendenuebergabe-an-das-pelikanhaus\/\",\"url\":\"https:\/\/www.fanprojekt-muenster.de\/wordpress\/spendenuebergabe-an-das-pelikanhaus\/\",\"name\":\"Spenden\u00fcbergabe an das Pelikanhaus - Fangemeinschaft Preu\u00dfen M\u00fcnster e. V.\",\"isPartOf\":{\"@id\":\"https:\/\/www.fanprojekt-muenster.de\/wordpress\/#website\"},\"primaryImageOfPage\":{\"@id\":\"https:\/\/www.fanprojekt-muenster.de\/wordpress\/spendenuebergabe-an-das-pelikanhaus\/#primaryimage\"},\"image\":{\"@id\":\"https:\/\/www.fanprojekt-muenster.de\/wordpress\/spendenuebergabe-an-das-pelikanhaus\/#primaryimage\"},\"thumbnailUrl\":\"https:\/\/www.fanprojekt-muenster.de\/wordpress\/wp-content\/uploads\/2020\/02\/CLE_Spende-Fanprojekt-scaled.jpg\",\"datePublished\":\"2020-02-26T09:58:25+00:00\",\"dateModified\":\"2020-02-26T10:09:58+00:00\",\"breadcrumb\":{\"@id\":\"https:\/\/www.fanprojekt-muenster.de\/wordpress\/spendenuebergabe-an-das-pelikanhaus\/#breadcrumb\"},\"inLanguage\":\"de\",\"potentialAction\":[{\"@type\":\"ReadAction\",\"target\":[\"https:\/\/www.fanprojekt-muenster.de\/wordpress\/spendenuebergabe-an-das-pelikanhaus\/\"]}]},{\"@type\":\"ImageObject\",\"inLanguage\":\"de\",\"@id\":\"https:\/\/www.fanprojekt-muenster.de\/wordpress\/spendenuebergabe-an-das-pelikanhaus\/#primaryimage\",\"url\":\"https:\/\/www.fanprojekt-muenster.de\/wordpress\/wp-content\/uploads\/2020\/02\/CLE_Spende-Fanprojekt-scaled.jpg\",\"contentUrl\":\"https:\/\/www.fanprojekt-muenster.de\/wordpress\/wp-content\/uploads\/2020\/02\/CLE_Spende-Fanprojekt-scaled.jpg\",\"width\":2560,\"height\":1910},{\"@type\":\"BreadcrumbList\",\"@id\":\"https:\/\/www.fanprojekt-muenster.de\/wordpress\/spendenuebergabe-an-das-pelikanhaus\/#breadcrumb\",\"itemListElement\":[{\"@type\":\"ListItem\",\"position\":1,\"name\":\"Startseite\",\"item\":\"https:\/\/www.fanprojekt-muenster.de\/wordpress\/\"},{\"@type\":\"ListItem\",\"position\":2,\"name\":\"Spenden\u00fcbergabe an das Pelikanhaus\"}]},{\"@type\":\"WebSite\",\"@id\":\"https:\/\/www.fanprojekt-muenster.de\/wordpress\/#website\",\"url\":\"https:\/\/www.fanprojekt-muenster.de\/wordpress\/\",\"name\":\"Fangemeinschaft Preu\u00dfen M\u00fcnster e. V.\",\"description\":\"\",\"publisher\":{\"@id\":\"https:\/\/www.fanprojekt-muenster.de\/wordpress\/#organization\"},\"potentialAction\":[{\"@type\":\"SearchAction\",\"target\":{\"@type\":\"EntryPoint\",\"urlTemplate\":\"https:\/\/www.fanprojekt-muenster.de\/wordpress\/?s={search_term_string}\"},\"query-input\":{\"@type\":\"PropertyValueSpecification\",\"valueRequired\":true,\"valueName\":\"search_term_string\"}}],\"inLanguage\":\"de\"},{\"@type\":\"Organization\",\"@id\":\"https:\/\/www.fanprojekt-muenster.de\/wordpress\/#organization\",\"name\":\"Fangemeinschaft Preu\u00dfen M\u00fcnster e. V.\",\"url\":\"https:\/\/www.fanprojekt-muenster.de\/wordpress\/\",\"logo\":{\"@type\":\"ImageObject\",\"inLanguage\":\"de\",\"@id\":\"https:\/\/www.fanprojekt-muenster.de\/wordpress\/#\/schema\/logo\/image\/\",\"url\":\"https:\/\/www.fanprojekt-muenster.de\/wordpress\/wp-content\/uploads\/2019\/07\/cropped-Website_Logo3-9.png\",\"contentUrl\":\"https:\/\/www.fanprojekt-muenster.de\/wordpress\/wp-content\/uploads\/2019\/07\/cropped-Website_Logo3-9.png\",\"width\":224,\"height\":42,\"caption\":\"Fangemeinschaft Preu\u00dfen M\u00fcnster e. V.\"},\"image\":{\"@id\":\"https:\/\/www.fanprojekt-muenster.de\/wordpress\/#\/schema\/logo\/image\/\"}},{\"@type\":\"Person\",\"@id\":\"https:\/\/www.fanprojekt-muenster.de\/wordpress\/#\/schema\/person\/eed51304a869b4de494727cd2e0c8203\",\"name\":\"DST\",\"url\":\"https:\/\/www.fanprojekt-muenster.de\/wordpress\/author\/dst\/\"}]}<\/script>\n<!-- \/ Yoast SEO plugin. -->","yoast_head_json":{"title":"Spenden\u00fcbergabe an das Pelikanhaus - Fangemeinschaft Preu\u00dfen M\u00fcnster e. V.","robots":{"index":"index","follow":"follow","max-snippet":"max-snippet:-1","max-image-preview":"max-image-preview:large","max-video-preview":"max-video-preview:-1"},"canonical":"https:\/\/www.fanprojekt-muenster.de\/wordpress\/spendenuebergabe-an-das-pelikanhaus\/","og_locale":"de_DE","og_type":"article","og_title":"Preu\u00dfen-Fanprojekt unterst\u00fctzt das Pelikanhaus","og_description":"Das Fanprojekt Preu\u00dfen M\u00fcnster e.V. hat 1906 Euro an das Clemenshospital zur Finanzierung des Pelikanhauses \u00fcbergeben. [...]","og_url":"https:\/\/www.fanprojekt-muenster.de\/wordpress\/spendenuebergabe-an-das-pelikanhaus\/","og_site_name":"Fangemeinschaft Preu\u00dfen M\u00fcnster e. V.","article_published_time":"2020-02-26T09:58:25+00:00","article_modified_time":"2020-02-26T10:09:58+00:00","og_image":[{"width":2560,"height":1910,"url":"https:\/\/www.fanprojekt-muenster.de\/wordpress\/wp-content\/uploads\/2020\/02\/CLE_Spende-Fanprojekt-scaled.jpg","type":"image\/jpeg"}],"author":"DST","twitter_card":"summary_large_image","twitter_title":"Preu\u00dfen-Fanprojekt unterst\u00fctzt das Pelikanhaus","twitter_description":"Das Fanprojekt Preu\u00dfen M\u00fcnster e.V. hat 1906 Euro an das Clemenshospital zur Finanzierung des Pelikanhauses \u00fcbergeben. [...]","twitter_image":"https:\/\/www.fanprojekt-muenster.de\/wordpress\/wp-content\/uploads\/2020\/02\/CLE_Spende-Fanprojekt-scaled.jpg","twitter_misc":{"Verfasst von":"DST","Gesch\u00e4tzte Lesezeit":"1\u00a0Minute"},"schema":{"@context":"https:\/\/schema.org","@graph":[{"@type":"Article","@id":"https:\/\/www.fanprojekt-muenster.de\/wordpress\/spendenuebergabe-an-das-pelikanhaus\/#article","isPartOf":{"@id":"https:\/\/www.fanprojekt-muenster.de\/wordpress\/spendenuebergabe-an-das-pelikanhaus\/"},"author":{"name":"DST","@id":"https:\/\/www.fanprojekt-muenster.de\/wordpress\/#\/schema\/person\/eed51304a869b4de494727cd2e0c8203"},"headline":"Spenden\u00fcbergabe an das Pelikanhaus","datePublished":"2020-02-26T09:58:25+00:00","dateModified":"2020-02-26T10:09:58+00:00","mainEntityOfPage":{"@id":"https:\/\/www.fanprojekt-muenster.de\/wordpress\/spendenuebergabe-an-das-pelikanhaus\/"},"wordCount":209,"publisher":{"@id":"https:\/\/www.fanprojekt-muenster.de\/wordpress\/#organization"},"image":{"@id":"https:\/\/www.fanprojekt-muenster.de\/wordpress\/spendenuebergabe-an-das-pelikanhaus\/#primaryimage"},"thumbnailUrl":"https:\/\/www.fanprojekt-muenster.de\/wordpress\/wp-content\/uploads\/2020\/02\/CLE_Spende-Fanprojekt-scaled.jpg","inLanguage":"de"},{"@type":"WebPage","@id":"https:\/\/www.fanprojekt-muenster.de\/wordpress\/spendenuebergabe-an-das-pelikanhaus\/","url":"https:\/\/www.fanprojekt-muenster.de\/wordpress\/spendenuebergabe-an-das-pelikanhaus\/","name":"Spenden\u00fcbergabe an das Pelikanhaus - Fangemeinschaft Preu\u00dfen M\u00fcnster e. V.","isPartOf":{"@id":"https:\/\/www.fanprojekt-muenster.de\/wordpress\/#website"},"primaryImageOfPage":{"@id":"https:\/\/www.fanprojekt-muenster.de\/wordpress\/spendenuebergabe-an-das-pelikanhaus\/#primaryimage"},"image":{"@id":"https:\/\/www.fanprojekt-muenster.de\/wordpress\/spendenuebergabe-an-das-pelikanhaus\/#primaryimage"},"thumbnailUrl":"https:\/\/www.fanprojekt-muenster.de\/wordpress\/wp-content\/uploads\/2020\/02\/CLE_Spende-Fanprojekt-scaled.jpg","datePublished":"2020-02-26T09:58:25+00:00","dateModified":"2020-02-26T10:09:58+00:00","breadcrumb":{"@id":"https:\/\/www.fanprojekt-muenster.de\/wordpress\/spendenuebergabe-an-das-pelikanhaus\/#breadcrumb"},"inLanguage":"de","potentialAction":[{"@type":"ReadAction","target":["https:\/\/www.fanprojekt-muenster.de\/wordpress\/spendenuebergabe-an-das-pelikanhaus\/"]}]},{"@type":"ImageObject","inLanguage":"de","@id":"https:\/\/www.fanprojekt-muenster.de\/wordpress\/spendenuebergabe-an-das-pelikanhaus\/#primaryimage","url":"https:\/\/www.fanprojekt-muenster.de\/wordpress\/wp-content\/uploads\/2020\/02\/CLE_Spende-Fanprojekt-scaled.jpg","contentUrl":"https:\/\/www.fanprojekt-muenster.de\/wordpress\/wp-content\/uploads\/2020\/02\/CLE_Spende-Fanprojekt-scaled.jpg","width":2560,"height":1910},{"@type":"BreadcrumbList","@id":"https:\/\/www.fanprojekt-muenster.de\/wordpress\/spendenuebergabe-an-das-pelikanhaus\/#breadcrumb","itemListElement":[{"@type":"ListItem","position":1,"name":"Startseite","item":"https:\/\/www.fanprojekt-muenster.de\/wordpress\/"},{"@type":"ListItem","position":2,"name":"Spenden\u00fcbergabe an das Pelikanhaus"}]},{"@type":"WebSite","@id":"https:\/\/www.fanprojekt-muenster.de\/wordpress\/#website","url":"https:\/\/www.fanprojekt-muenster.de\/wordpress\/","name":"Fangemeinschaft Preu\u00dfen M\u00fcnster e. V.","description":"","publisher":{"@id":"https:\/\/www.fanprojekt-muenster.de\/wordpress\/#organization"},"potentialAction":[{"@type":"SearchAction","target":{"@type":"EntryPoint","urlTemplate":"https:\/\/www.fanprojekt-muenster.de\/wordpress\/?s={search_term_string}"},"query-input":{"@type":"PropertyValueSpecification","valueRequired":true,"valueName":"search_term_string"}}],"inLanguage":"de"},{"@type":"Organization","@id":"https:\/\/www.fanprojekt-muenster.de\/wordpress\/#organization","name":"Fangemeinschaft Preu\u00dfen M\u00fcnster e. V.","url":"https:\/\/www.fanprojekt-muenster.de\/wordpress\/","logo":{"@type":"ImageObject","inLanguage":"de","@id":"https:\/\/www.fanprojekt-muenster.de\/wordpress\/#\/schema\/logo\/image\/","url":"https:\/\/www.fanprojekt-muenster.de\/wordpress\/wp-content\/uploads\/2019\/07\/cropped-Website_Logo3-9.png","contentUrl":"https:\/\/www.fanprojekt-muenster.de\/wordpress\/wp-content\/uploads\/2019\/07\/cropped-Website_Logo3-9.png","width":224,"height":42,"caption":"Fangemeinschaft Preu\u00dfen M\u00fcnster e. V."},"image":{"@id":"https:\/\/www.fanprojekt-muenster.de\/wordpress\/#\/schema\/logo\/image\/"}},{"@type":"Person","@id":"https:\/\/www.fanprojekt-muenster.de\/wordpress\/#\/schema\/person\/eed51304a869b4de494727cd2e0c8203","name":"DST","url":"https:\/\/www.fanprojekt-muenster.de\/wordpress\/author\/dst\/"}]}},"author_meta":{"display_name":"DST","author_link":"https:\/\/www.fanprojekt-muenster.de\/wordpress\/author\/dst\/"},"featured_img":"https:\/\/www.fanprojekt-muenster.de\/wordpress\/wp-content\/uploads\/2020\/02\/CLE_Spende-Fanprojekt-300x224.jpg","coauthors":[],"tax_additional":{"categories":{"linked":["<a href=\"https:\/\/www.fanprojekt-muenster.de\/wordpress\/category\/allgemein\/\" class=\"advgb-post-tax-term\">Allgemein<\/a>"],"unlinked":["<span class=\"advgb-post-tax-term\">Allgemein<\/span>"]}},"comment_count":"0","relative_dates":{"created":"Posted 6\u00a0Jahren ago","modified":"Updated 6\u00a0Jahren ago"},"absolute_dates":{"created":"Posted on 26. Februar 2020","modified":"Updated on 26. Februar 2020"},"absolute_dates_time":{"created":"Posted on 26. Februar 2020 10:58","modified":"Updated on 26. Februar 2020 11:09"},"featured_img_caption":"","series_order":"","_links":{"self":[{"href":"https:\/\/www.fanprojekt-muenster.de\/wordpress\/wp-json\/wp\/v2\/posts\/7104","targetHints":{"allow":["GET"]}}],"collection":[{"href":"https:\/\/www.fanprojekt-muenster.de\/wordpress\/wp-json\/wp\/v2\/posts"}],"about":[{"href":"https:\/\/www.fanprojekt-muenster.de\/wordpress\/wp-json\/wp\/v2\/types\/post"}],"author":[{"embeddable":true,"href":"https:\/\/www.fanprojekt-muenster.de\/wordpress\/wp-json\/wp\/v2\/users\/1"}],"replies":[{"embeddable":true,"href":"https:\/\/www.fanprojekt-muenster.de\/wordpress\/wp-json\/wp\/v2\/comments?post=7104"}],"version-history":[{"count":1,"href":"https:\/\/www.fanprojekt-muenster.de\/wordpress\/wp-json\/wp\/v2\/posts\/7104\/revisions"}],"predecessor-version":[{"id":7106,"href":"https:\/\/www.fanprojekt-muenster.de\/wordpress\/wp-json\/wp\/v2\/posts\/7104\/revisions\/7106"}],"wp:featuredmedia":[{"embeddable":true,"href":"https:\/\/www.fanprojekt-muenster.de\/wordpress\/wp-json\/wp\/v2\/media\/7105"}],"wp:attachment":[{"href":"https:\/\/www.fanprojekt-muenster.de\/wordpress\/wp-json\/wp\/v2\/media?parent=7104"}],"wp:term":[{"taxonomy":"category","embeddable":true,"href":"https:\/\/www.fanprojekt-muenster.de\/wordpress\/wp-json\/wp\/v2\/categories?post=7104"},{"taxonomy":"post_tag","embeddable":true,"href":"https:\/\/www.fanprojekt-muenster.de\/wordpress\/wp-json\/wp\/v2\/tags?post=7104"}],"curies":[{"name":"wp","href":"https:\/\/api.w.org\/{rel}","templated":true}]}}